{"id":9355,"date":"2022-10-06T06:49:00","date_gmt":"2022-10-06T09:49:00","guid":{"rendered":"https:\/\/www.padreeustaquio.com.br\/?p=9355"},"modified":"2022-10-06T12:25:15","modified_gmt":"2022-10-06T15:25:15","slug":"historia-el-padre-eustaquio-y-la-vocacion-sacerdotal","status":"publish","type":"post","link":"https:\/\/www.padreeustaquio.com.br\/es\/historia-el-padre-eustaquio-y-la-vocacion-sacerdotal\/","title":{"rendered":"Historia: El Padre Eust\u00e1quio y la vocaci\u00f3n sacerdotal"},"content":{"rendered":"<p>Desde muy joven, el Padre Eust\u00e1quio mostr\u00f3 inclinaci\u00f3n por el sacerdocio. Se crio en una familia muy cat\u00f3lica. Hijo de Elisabeth van de Maulenhof (1859-1931) y Wilhelmus van Lieshout (1850-1924), creci\u00f3 siendo testigo de la devoci\u00f3n de su madre al Sagrado Coraz\u00f3n de Jes\u00fas y a Nuestra Se\u00f1ora.<\/p>\n\n\n<div class=\"wp-block-image\">\n<figure class=\"alignleft size-medium\"><img fetchpriority=\"high\" decoding=\"async\" width=\"200\" height=\"300\" src=\"https:\/\/www.padreeustaquio.com.br\/wp-content\/uploads\/2022\/10\/irma-faustina-200x300.jpeg\" alt=\"\" class=\"wp-image-9358\" srcset=\"https:\/\/www.padreeustaquio.com.br\/wp-content\/uploads\/2022\/10\/irma-faustina-200x300.jpeg 200w, https:\/\/www.padreeustaquio.com.br\/wp-content\/uploads\/2022\/10\/irma-faustina-682x1024.jpeg 682w, https:\/\/www.padreeustaquio.com.br\/wp-content\/uploads\/2022\/10\/irma-faustina-768x1152.jpeg 768w, https:\/\/www.padreeustaquio.com.br\/wp-content\/uploads\/2022\/10\/irma-faustina.jpeg 853w\" sizes=\"(max-width: 200px) 100vw, 200px\" \/><figcaption>Hermana Faustina<\/figcaption><\/figure>\n<\/div>\n\n\n<p>En un testimonio de una de las hermanas del Padre Eustaquio, ella habla de c\u00f3mo vivir en una familia cat\u00f3lica despert\u00f3 la vocaci\u00f3n sacerdotal del Beato desde muy peque\u00f1o:<\/p>\n\n\n\n<p><em>\u201cLe gustaba ir a la iglesia, y en el granero sol\u00eda jugar a celebrar la misa. A los ocho o nueve a\u00f1os, le cont\u00f3 a un seminarista su deseo de ser sacerdote tambi\u00e9n. El trabajo agr\u00edcola no le interesaba, pues solo pensaba en el sacerdocio.\u201d<\/em>. (Sor Faustina)<\/p>\n\n\n\n<p>El amor a Dios vivido en el hogar llev\u00f3 al Padre Eustaquio y a otras tres hermanas a seguir la vida religiosa, entre ellas Sor Faustina, quien dio este testimonio sobre la Beata.<\/p>\n\n\n\n<p><\/p>","protected":false},"excerpt":{"rendered":"<p>Desde muito pequeno, Padre Eust\u00e1quio mostrava inclina\u00e7\u00e3o pelo trabalho sacerdotal. Ele foi criado em uma fam\u00edlia muito cat\u00f3lica. Filho de Elisabeth van de Maulenhof (1859-1931) e Wilhelmus van Lieshout (1850-1924), cresceu vendo a devo\u00e7\u00e3o da m\u00e3e ao Sagrado Cora\u00e7\u00e3o de Jesus e \u00e0 Nossa Senhora. Em um testemunho de uma das irm\u00e3s de Padre Eust\u00e1quio, ela fala como a viv\u00eancia em uma fam\u00edlia cat\u00f3lica despertou a voca\u00e7\u00e3o sacerdotal no Beato desde cedo: \u201cEle gostava de ir \u00e0 Igreja, e no celeiro tinha costume de brincar de celebrar missa. Com idade de oito ou nove anos comunicou a um seminarista o [&hellip;]<\/p>\n","protected":false},"author":2,"featured_media":9356,"comment_status":"open","ping_status":"closed","sticky":false,"template":"","format":"standard","meta":{"_acf_changed":false,"footnotes":""},"categories":[611],"tags":[],"class_list":["post-9355","post","type-post","status-publish","format-standard","has-post-thumbnail","hentry","category-noticias"],"acf":[],"yoast_head":"<!-- This site is optimized with the Yoast SEO plugin v27.2 - https:\/\/yoast.com\/product\/yoast-seo-wordpress\/ -->\n<title>Hist\u00f3ria: Padre Eust\u00e1quio e a voca\u00e7\u00e3o sacerdotal<\/title>\n<meta name=\"description\" content=\"Desde muito pequeno, Padre Eust\u00e1quio mostrava inclina\u00e7\u00e3o pelo trabalho sacerdotal. Ele foi criado em uma fam\u00edlia muito cat\u00f3lica. Filho de Elisabeth van de Maulenhof (1859-1931) e Wilhelmus van Lieshout (1850-1924), cresceu vendo a devo\u00e7\u00e3o da m\u00e3e ao Sagrado Cora\u00e7\u00e3o de Jesus e \u00e0 Nossa Senhora.\" \/>\n<meta name=\"robots\" content=\"index, follow, max-snippet:-1, max-image-preview:large, max-video-preview:-1\" \/>\n<link rel=\"canonical\" href=\"https:\/\/www.padreeustaquio.com.br\/es\/historia-el-padre-eustaquio-y-la-vocacion-sacerdotal\/\" \/>\n<meta property=\"og:locale\" content=\"es_ES\" \/>\n<meta property=\"og:type\" content=\"article\" \/>\n<meta property=\"og:title\" content=\"Hist\u00f3ria: Padre Eust\u00e1quio e a voca\u00e7\u00e3o sacerdotal\" \/>\n<meta property=\"og:description\" content=\"Desde muito pequeno, Padre Eust\u00e1quio mostrava inclina\u00e7\u00e3o pelo trabalho sacerdotal. Ele foi criado em uma fam\u00edlia muito cat\u00f3lica. Filho de Elisabeth van de Maulenhof (1859-1931) e Wilhelmus van Lieshout (1850-1924), cresceu vendo a devo\u00e7\u00e3o da m\u00e3e ao Sagrado Cora\u00e7\u00e3o de Jesus e \u00e0 Nossa Senhora.\" \/>\n<meta property=\"og:url\" content=\"https:\/\/www.padreeustaquio.com.br\/es\/historia-el-padre-eustaquio-y-la-vocacion-sacerdotal\/\" \/>\n<meta property=\"og:site_name\" content=\"Padre Eust\u00e1quio\" \/>\n<meta property=\"article:publisher\" content=\"https:\/\/www.facebook.com\/beatopadreeustaquio\/\" \/>\n<meta property=\"article:published_time\" content=\"2022-10-06T09:49:00+00:00\" \/>\n<meta property=\"article:modified_time\" content=\"2022-10-06T15:25:15+00:00\" \/>\n<meta property=\"og:image\" content=\"https:\/\/www.padreeustaquio.com.br\/wp-content\/uploads\/2022\/10\/irmas-religiosas-de-PE-e1665069898132.jpeg\" \/>\n\t<meta property=\"og:image:width\" content=\"1280\" \/>\n\t<meta property=\"og:image:height\" content=\"745\" \/>\n\t<meta property=\"og:image:type\" content=\"image\/jpeg\" \/>\n<meta name=\"author\" content=\"@sscc\" \/>\n<meta name=\"twitter:card\" content=\"summary_large_image\" \/>\n<meta name=\"twitter:image\" content=\"https:\/\/www.padreeustaquio.com.br\/wp-content\/uploads\/2022\/10\/irmas-religiosas-de-PE-e1665069898132.jpeg\" \/>\n<meta name=\"twitter:creator\" content=\"@beatopeustaquio\" \/>\n<meta name=\"twitter:site\" content=\"@beatopeustaquio\" \/>\n<meta name=\"twitter:label1\" content=\"Escrito por\" \/>\n\t<meta name=\"twitter:data1\" content=\"@sscc\" \/>\n\t<meta name=\"twitter:label2\" content=\"Tiempo de lectura\" \/>\n\t<meta name=\"twitter:data2\" content=\"1 minuto\" \/>\n<script type=\"application\/ld+json\" class=\"yoast-schema-graph\">{\"@context\":\"https:\/\/schema.org\",\"@graph\":[{\"@type\":\"Article\",\"@id\":\"https:\/\/www.padreeustaquio.com.br\/historia-padre-eustaquio-e-a-vocacao-sacerdotal\/#article\",\"isPartOf\":{\"@id\":\"https:\/\/www.padreeustaquio.com.br\/historia-padre-eustaquio-e-a-vocacao-sacerdotal\/\"},\"author\":{\"name\":\"@sscc\",\"@id\":\"https:\/\/www.padreeustaquio.com.br\/#\/schema\/person\/a2a51db1d00f1a7af0204a0f1ddb1566\"},\"headline\":\"Hist\u00f3ria: Padre Eust\u00e1quio e a voca\u00e7\u00e3o sacerdotal\",\"datePublished\":\"2022-10-06T09:49:00+00:00\",\"dateModified\":\"2022-10-06T15:25:15+00:00\",\"mainEntityOfPage\":{\"@id\":\"https:\/\/www.padreeustaquio.com.br\/historia-padre-eustaquio-e-a-vocacao-sacerdotal\/\"},\"wordCount\":184,\"commentCount\":0,\"publisher\":{\"@id\":\"https:\/\/www.padreeustaquio.com.br\/#organization\"},\"image\":{\"@id\":\"https:\/\/www.padreeustaquio.com.br\/historia-padre-eustaquio-e-a-vocacao-sacerdotal\/#primaryimage\"},\"thumbnailUrl\":\"https:\/\/www.padreeustaquio.com.br\/wp-content\/uploads\/2022\/10\/irmas-religiosas-de-PE-e1665069898132.jpeg\",\"articleSection\":[\"Not\u00edcias\"],\"inLanguage\":\"es\",\"potentialAction\":[{\"@type\":\"CommentAction\",\"name\":\"Comment\",\"target\":[\"https:\/\/www.padreeustaquio.com.br\/historia-padre-eustaquio-e-a-vocacao-sacerdotal\/#respond\"]}]},{\"@type\":\"WebPage\",\"@id\":\"https:\/\/www.padreeustaquio.com.br\/historia-padre-eustaquio-e-a-vocacao-sacerdotal\/\",\"url\":\"https:\/\/www.padreeustaquio.com.br\/historia-padre-eustaquio-e-a-vocacao-sacerdotal\/\",\"name\":\"Hist\u00f3ria: Padre Eust\u00e1quio e a voca\u00e7\u00e3o sacerdotal\",\"isPartOf\":{\"@id\":\"https:\/\/www.padreeustaquio.com.br\/#website\"},\"primaryImageOfPage\":{\"@id\":\"https:\/\/www.padreeustaquio.com.br\/historia-padre-eustaquio-e-a-vocacao-sacerdotal\/#primaryimage\"},\"image\":{\"@id\":\"https:\/\/www.padreeustaquio.com.br\/historia-padre-eustaquio-e-a-vocacao-sacerdotal\/#primaryimage\"},\"thumbnailUrl\":\"https:\/\/www.padreeustaquio.com.br\/wp-content\/uploads\/2022\/10\/irmas-religiosas-de-PE-e1665069898132.jpeg\",\"datePublished\":\"2022-10-06T09:49:00+00:00\",\"dateModified\":\"2022-10-06T15:25:15+00:00\",\"description\":\"Desde muito pequeno, Padre Eust\u00e1quio mostrava inclina\u00e7\u00e3o pelo trabalho sacerdotal. Ele foi criado em uma fam\u00edlia muito cat\u00f3lica. Filho de Elisabeth van de Maulenhof (1859-1931) e Wilhelmus van Lieshout (1850-1924), cresceu vendo a devo\u00e7\u00e3o da m\u00e3e ao Sagrado Cora\u00e7\u00e3o de Jesus e \u00e0 Nossa Senhora.\",\"breadcrumb\":{\"@id\":\"https:\/\/www.padreeustaquio.com.br\/historia-padre-eustaquio-e-a-vocacao-sacerdotal\/#breadcrumb\"},\"inLanguage\":\"es\",\"potentialAction\":[{\"@type\":\"ReadAction\",\"target\":[\"https:\/\/www.padreeustaquio.com.br\/historia-padre-eustaquio-e-a-vocacao-sacerdotal\/\"]}]},{\"@type\":\"ImageObject\",\"inLanguage\":\"es\",\"@id\":\"https:\/\/www.padreeustaquio.com.br\/historia-padre-eustaquio-e-a-vocacao-sacerdotal\/#primaryimage\",\"url\":\"https:\/\/www.padreeustaquio.com.br\/wp-content\/uploads\/2022\/10\/irmas-religiosas-de-PE-e1665069898132.jpeg\",\"contentUrl\":\"https:\/\/www.padreeustaquio.com.br\/wp-content\/uploads\/2022\/10\/irmas-religiosas-de-PE-e1665069898132.jpeg\",\"width\":1280,\"height\":745},{\"@type\":\"BreadcrumbList\",\"@id\":\"https:\/\/www.padreeustaquio.com.br\/historia-padre-eustaquio-e-a-vocacao-sacerdotal\/#breadcrumb\",\"itemListElement\":[{\"@type\":\"ListItem\",\"position\":1,\"name\":\"In\u00edcio\",\"item\":\"https:\/\/www.padreeustaquio.com.br\/\"},{\"@type\":\"ListItem\",\"position\":2,\"name\":\"Hist\u00f3ria: Padre Eust\u00e1quio e a voca\u00e7\u00e3o sacerdotal\"}]},{\"@type\":\"WebSite\",\"@id\":\"https:\/\/www.padreeustaquio.com.br\/#website\",\"url\":\"https:\/\/www.padreeustaquio.com.br\/\",\"name\":\"Padre Eust\u00e1quio\",\"description\":\"Sa\u00fade e Paz\",\"publisher\":{\"@id\":\"https:\/\/www.padreeustaquio.com.br\/#organization\"},\"potentialAction\":[{\"@type\":\"SearchAction\",\"target\":{\"@type\":\"EntryPoint\",\"urlTemplate\":\"https:\/\/www.padreeustaquio.com.br\/?s={search_term_string}\"},\"query-input\":{\"@type\":\"PropertyValueSpecification\",\"valueRequired\":true,\"valueName\":\"search_term_string\"}}],\"inLanguage\":\"es\"},{\"@type\":\"Organization\",\"@id\":\"https:\/\/www.padreeustaquio.com.br\/#organization\",\"name\":\"Padre Eust\u00e1quio\",\"url\":\"https:\/\/www.padreeustaquio.com.br\/\",\"logo\":{\"@type\":\"ImageObject\",\"inLanguage\":\"es\",\"@id\":\"https:\/\/www.padreeustaquio.com.br\/#\/schema\/logo\/image\/\",\"url\":\"https:\/\/www.padreeustaquio.com.br\/wp-content\/uploads\/2019\/08\/marca.png\",\"contentUrl\":\"https:\/\/www.padreeustaquio.com.br\/wp-content\/uploads\/2019\/08\/marca.png\",\"width\":350,\"height\":400,\"caption\":\"Padre Eust\u00e1quio\"},\"image\":{\"@id\":\"https:\/\/www.padreeustaquio.com.br\/#\/schema\/logo\/image\/\"},\"sameAs\":[\"https:\/\/www.facebook.com\/beatopadreeustaquio\/\",\"https:\/\/x.com\/beatopeustaquio\",\"https:\/\/www.instagram.com\/beatopadreeustaquio\/\",\"https:\/\/www.youtube.com\/channel\/UCRhw7vfabnajwLxb1ZXMeIw\"]},{\"@type\":\"Person\",\"@id\":\"https:\/\/www.padreeustaquio.com.br\/#\/schema\/person\/a2a51db1d00f1a7af0204a0f1ddb1566\",\"name\":\"@sscc\",\"image\":{\"@type\":\"ImageObject\",\"inLanguage\":\"es\",\"@id\":\"https:\/\/secure.gravatar.com\/avatar\/68cfafa5f44617fea54071e215026e0ff06be366c3d54a8425f04fdcb86f8c5f?s=96&d=mm&r=g\",\"url\":\"https:\/\/secure.gravatar.com\/avatar\/68cfafa5f44617fea54071e215026e0ff06be366c3d54a8425f04fdcb86f8c5f?s=96&d=mm&r=g\",\"contentUrl\":\"https:\/\/secure.gravatar.com\/avatar\/68cfafa5f44617fea54071e215026e0ff06be366c3d54a8425f04fdcb86f8c5f?s=96&d=mm&r=g\",\"caption\":\"@sscc\"},\"url\":\"https:\/\/www.padreeustaquio.com.br\/es\/author\/sscc\/\"}]}<\/script>\n<!-- \/ Yoast SEO plugin. -->","yoast_head_json":{"title":"Historia: El Padre Eust\u00e1quio y la vocaci\u00f3n sacerdotal","description":"Desde muy joven, el Padre Eust\u00e1quio mostr\u00f3 inclinaci\u00f3n por el sacerdocio. Se crio en una familia muy cat\u00f3lica. Hijo de Elisabeth van de Maulenhof (1859-1931) y Wilhelmus van Lieshout (1850-1924), creci\u00f3 siendo testigo de la devoci\u00f3n de su madre al Sagrado Coraz\u00f3n de Jes\u00fas y a Nuestra Se\u00f1ora.","robots":{"index":"index","follow":"follow","max-snippet":"max-snippet:-1","max-image-preview":"max-image-preview:large","max-video-preview":"max-video-preview:-1"},"canonical":"https:\/\/www.padreeustaquio.com.br\/es\/historia-el-padre-eustaquio-y-la-vocacion-sacerdotal\/","og_locale":"es_ES","og_type":"article","og_title":"Hist\u00f3ria: Padre Eust\u00e1quio e a voca\u00e7\u00e3o sacerdotal","og_description":"Desde muito pequeno, Padre Eust\u00e1quio mostrava inclina\u00e7\u00e3o pelo trabalho sacerdotal. Ele foi criado em uma fam\u00edlia muito cat\u00f3lica. Filho de Elisabeth van de Maulenhof (1859-1931) e Wilhelmus van Lieshout (1850-1924), cresceu vendo a devo\u00e7\u00e3o da m\u00e3e ao Sagrado Cora\u00e7\u00e3o de Jesus e \u00e0 Nossa Senhora.","og_url":"https:\/\/www.padreeustaquio.com.br\/es\/historia-el-padre-eustaquio-y-la-vocacion-sacerdotal\/","og_site_name":"Padre Eust\u00e1quio","article_publisher":"https:\/\/www.facebook.com\/beatopadreeustaquio\/","article_published_time":"2022-10-06T09:49:00+00:00","article_modified_time":"2022-10-06T15:25:15+00:00","og_image":[{"width":1280,"height":745,"url":"https:\/\/www.padreeustaquio.com.br\/wp-content\/uploads\/2022\/10\/irmas-religiosas-de-PE-e1665069898132.jpeg","type":"image\/jpeg"}],"author":"@sscc","twitter_card":"summary_large_image","twitter_image":"https:\/\/www.padreeustaquio.com.br\/wp-content\/uploads\/2022\/10\/irmas-religiosas-de-PE-e1665069898132.jpeg","twitter_creator":"@beatopeustaquio","twitter_site":"@beatopeustaquio","twitter_misc":{"Escrito por":"@sscc","Tiempo de lectura":"1 minuto"},"schema":{"@context":"https:\/\/schema.org","@graph":[{"@type":"Article","@id":"https:\/\/www.padreeustaquio.com.br\/historia-padre-eustaquio-e-a-vocacao-sacerdotal\/#article","isPartOf":{"@id":"https:\/\/www.padreeustaquio.com.br\/historia-padre-eustaquio-e-a-vocacao-sacerdotal\/"},"author":{"name":"@sscc","@id":"https:\/\/www.padreeustaquio.com.br\/#\/schema\/person\/a2a51db1d00f1a7af0204a0f1ddb1566"},"headline":"Hist\u00f3ria: Padre Eust\u00e1quio e a voca\u00e7\u00e3o sacerdotal","datePublished":"2022-10-06T09:49:00+00:00","dateModified":"2022-10-06T15:25:15+00:00","mainEntityOfPage":{"@id":"https:\/\/www.padreeustaquio.com.br\/historia-padre-eustaquio-e-a-vocacao-sacerdotal\/"},"wordCount":184,"commentCount":0,"publisher":{"@id":"https:\/\/www.padreeustaquio.com.br\/#organization"},"image":{"@id":"https:\/\/www.padreeustaquio.com.br\/historia-padre-eustaquio-e-a-vocacao-sacerdotal\/#primaryimage"},"thumbnailUrl":"https:\/\/www.padreeustaquio.com.br\/wp-content\/uploads\/2022\/10\/irmas-religiosas-de-PE-e1665069898132.jpeg","articleSection":["Not\u00edcias"],"inLanguage":"es","potentialAction":[{"@type":"CommentAction","name":"Comment","target":["https:\/\/www.padreeustaquio.com.br\/historia-padre-eustaquio-e-a-vocacao-sacerdotal\/#respond"]}]},{"@type":"WebPage","@id":"https:\/\/www.padreeustaquio.com.br\/historia-padre-eustaquio-e-a-vocacao-sacerdotal\/","url":"https:\/\/www.padreeustaquio.com.br\/historia-padre-eustaquio-e-a-vocacao-sacerdotal\/","name":"Historia: El Padre Eust\u00e1quio y la vocaci\u00f3n sacerdotal","isPartOf":{"@id":"https:\/\/www.padreeustaquio.com.br\/#website"},"primaryImageOfPage":{"@id":"https:\/\/www.padreeustaquio.com.br\/historia-padre-eustaquio-e-a-vocacao-sacerdotal\/#primaryimage"},"image":{"@id":"https:\/\/www.padreeustaquio.com.br\/historia-padre-eustaquio-e-a-vocacao-sacerdotal\/#primaryimage"},"thumbnailUrl":"https:\/\/www.padreeustaquio.com.br\/wp-content\/uploads\/2022\/10\/irmas-religiosas-de-PE-e1665069898132.jpeg","datePublished":"2022-10-06T09:49:00+00:00","dateModified":"2022-10-06T15:25:15+00:00","description":"Desde muy joven, el Padre Eust\u00e1quio mostr\u00f3 inclinaci\u00f3n por el sacerdocio. Se crio en una familia muy cat\u00f3lica. Hijo de Elisabeth van de Maulenhof (1859-1931) y Wilhelmus van Lieshout (1850-1924), creci\u00f3 siendo testigo de la devoci\u00f3n de su madre al Sagrado Coraz\u00f3n de Jes\u00fas y a Nuestra Se\u00f1ora.","breadcrumb":{"@id":"https:\/\/www.padreeustaquio.com.br\/historia-padre-eustaquio-e-a-vocacao-sacerdotal\/#breadcrumb"},"inLanguage":"es","potentialAction":[{"@type":"ReadAction","target":["https:\/\/www.padreeustaquio.com.br\/historia-padre-eustaquio-e-a-vocacao-sacerdotal\/"]}]},{"@type":"ImageObject","inLanguage":"es","@id":"https:\/\/www.padreeustaquio.com.br\/historia-padre-eustaquio-e-a-vocacao-sacerdotal\/#primaryimage","url":"https:\/\/www.padreeustaquio.com.br\/wp-content\/uploads\/2022\/10\/irmas-religiosas-de-PE-e1665069898132.jpeg","contentUrl":"https:\/\/www.padreeustaquio.com.br\/wp-content\/uploads\/2022\/10\/irmas-religiosas-de-PE-e1665069898132.jpeg","width":1280,"height":745},{"@type":"BreadcrumbList","@id":"https:\/\/www.padreeustaquio.com.br\/historia-padre-eustaquio-e-a-vocacao-sacerdotal\/#breadcrumb","itemListElement":[{"@type":"ListItem","position":1,"name":"In\u00edcio","item":"https:\/\/www.padreeustaquio.com.br\/"},{"@type":"ListItem","position":2,"name":"Hist\u00f3ria: Padre Eust\u00e1quio e a voca\u00e7\u00e3o sacerdotal"}]},{"@type":"WebSite","@id":"https:\/\/www.padreeustaquio.com.br\/#website","url":"https:\/\/www.padreeustaquio.com.br\/","name":"Padre Eustace","description":"Salud y Paz","publisher":{"@id":"https:\/\/www.padreeustaquio.com.br\/#organization"},"potentialAction":[{"@type":"SearchAction","target":{"@type":"EntryPoint","urlTemplate":"https:\/\/www.padreeustaquio.com.br\/?s={search_term_string}"},"query-input":{"@type":"PropertyValueSpecification","valueRequired":true,"valueName":"search_term_string"}}],"inLanguage":"es"},{"@type":"Organization","@id":"https:\/\/www.padreeustaquio.com.br\/#organization","name":"Padre Eustace","url":"https:\/\/www.padreeustaquio.com.br\/","logo":{"@type":"ImageObject","inLanguage":"es","@id":"https:\/\/www.padreeustaquio.com.br\/#\/schema\/logo\/image\/","url":"https:\/\/www.padreeustaquio.com.br\/wp-content\/uploads\/2019\/08\/marca.png","contentUrl":"https:\/\/www.padreeustaquio.com.br\/wp-content\/uploads\/2019\/08\/marca.png","width":350,"height":400,"caption":"Padre Eust\u00e1quio"},"image":{"@id":"https:\/\/www.padreeustaquio.com.br\/#\/schema\/logo\/image\/"},"sameAs":["https:\/\/www.facebook.com\/beatopadreeustaquio\/","https:\/\/x.com\/beatopeustaquio","https:\/\/www.instagram.com\/beatopadreeustaquio\/","https:\/\/www.youtube.com\/channel\/UCRhw7vfabnajwLxb1ZXMeIw"]},{"@type":"Person","@id":"https:\/\/www.padreeustaquio.com.br\/#\/schema\/person\/a2a51db1d00f1a7af0204a0f1ddb1566","name":"@sscc","image":{"@type":"ImageObject","inLanguage":"es","@id":"https:\/\/secure.gravatar.com\/avatar\/68cfafa5f44617fea54071e215026e0ff06be366c3d54a8425f04fdcb86f8c5f?s=96&d=mm&r=g","url":"https:\/\/secure.gravatar.com\/avatar\/68cfafa5f44617fea54071e215026e0ff06be366c3d54a8425f04fdcb86f8c5f?s=96&d=mm&r=g","contentUrl":"https:\/\/secure.gravatar.com\/avatar\/68cfafa5f44617fea54071e215026e0ff06be366c3d54a8425f04fdcb86f8c5f?s=96&d=mm&r=g","caption":"@sscc"},"url":"https:\/\/www.padreeustaquio.com.br\/es\/author\/sscc\/"}]}},"_links":{"self":[{"href":"https:\/\/www.padreeustaquio.com.br\/es\/wp-json\/wp\/v2\/posts\/9355","targetHints":{"allow":["GET"]}}],"collection":[{"href":"https:\/\/www.padreeustaquio.com.br\/es\/wp-json\/wp\/v2\/posts"}],"about":[{"href":"https:\/\/www.padreeustaquio.com.br\/es\/wp-json\/wp\/v2\/types\/post"}],"author":[{"embeddable":true,"href":"https:\/\/www.padreeustaquio.com.br\/es\/wp-json\/wp\/v2\/users\/2"}],"replies":[{"embeddable":true,"href":"https:\/\/www.padreeustaquio.com.br\/es\/wp-json\/wp\/v2\/comments?post=9355"}],"version-history":[{"count":0,"href":"https:\/\/www.padreeustaquio.com.br\/es\/wp-json\/wp\/v2\/posts\/9355\/revisions"}],"wp:featuredmedia":[{"embeddable":true,"href":"https:\/\/www.padreeustaquio.com.br\/es\/wp-json\/wp\/v2\/media\/9356"}],"wp:attachment":[{"href":"https:\/\/www.padreeustaquio.com.br\/es\/wp-json\/wp\/v2\/media?parent=9355"}],"wp:term":[{"taxonomy":"category","embeddable":true,"href":"https:\/\/www.padreeustaquio.com.br\/es\/wp-json\/wp\/v2\/categories?post=9355"},{"taxonomy":"post_tag","embeddable":true,"href":"https:\/\/www.padreeustaquio.com.br\/es\/wp-json\/wp\/v2\/tags?post=9355"}],"curies":[{"name":"wp","href":"https:\/\/api.w.org\/{rel}","templated":true}]}}