{"id":9348,"date":"2022-10-05T08:26:16","date_gmt":"2022-10-05T11:26:16","guid":{"rendered":"https:\/\/www.padreeustaquio.com.br\/?p=9348"},"modified":"2022-10-05T08:34:47","modified_gmt":"2022-10-05T11:34:47","slug":"el-responsable-de-la-causa-de-canonizacion-celebra-la-misa-el-dia-30-en-caete-mg","status":"publish","type":"post","link":"https:\/\/www.padreeustaquio.com.br\/es\/el-responsable-de-la-causa-de-canonizacion-celebra-la-misa-el-dia-30-en-caete-mg\/","title":{"rendered":"El responsable de la Causa de Canonizaci\u00f3n celebra Misa el d\u00eda 30 en Caet\u00e9-MG."},"content":{"rendered":"<p>El sacerdote responsable de la Causa de Canonizaci\u00f3n del Beato Padre Eust\u00e1quio, Padre Vin\u00edcius Maciel, SSCC, celebr\u00f3 la Misa votiva por el Beato en la capilla, a\u00fan en construcci\u00f3n, de la ciudad de Caet\u00e9, en la regi\u00f3n metropolitana de Belo Horizonte. La invitaci\u00f3n fue extendida por los devotos del Padre Eust\u00e1quio de la ciudad, responsables de la peque\u00f1a iglesia.<\/p>\n\n\n<div class=\"wp-block-image\">\n<figure class=\"alignleft size-medium is-resized\"><img fetchpriority=\"high\" decoding=\"async\" src=\"https:\/\/www.padreeustaquio.com.br\/wp-content\/uploads\/2022\/10\/IMG_6207-1-300x200.jpg\" alt=\"\" class=\"wp-image-9353\" width=\"321\" height=\"214\" srcset=\"https:\/\/www.padreeustaquio.com.br\/wp-content\/uploads\/2022\/10\/IMG_6207-1-300x200.jpg 300w, https:\/\/www.padreeustaquio.com.br\/wp-content\/uploads\/2022\/10\/IMG_6207-1-1024x683.jpg 1024w, https:\/\/www.padreeustaquio.com.br\/wp-content\/uploads\/2022\/10\/IMG_6207-1-768x512.jpg 768w, https:\/\/www.padreeustaquio.com.br\/wp-content\/uploads\/2022\/10\/IMG_6207-1-1536x1024.jpg 1536w, https:\/\/www.padreeustaquio.com.br\/wp-content\/uploads\/2022\/10\/IMG_6207-1-2048x1365.jpg 2048w\" sizes=\"(max-width: 321px) 100vw, 321px\" \/><\/figure>\n<\/div>\n\n\n<p>La Santa Misa se celebr\u00f3 a las 19:00 h y cont\u00f3 con la presencia de los vecinos del barrio Quintas da Serra, a los pies de la Serra da Piedade. El Sr. Joel Matias, propietario del terreno donde se ubica el oratorio, dio la bienvenida al padre Vin\u00edcius Maciel, al postulante Vanildo Lima Sena y a los administradores Denise Dellaretti y Marcelo Silveira.<\/p>\n\n\n\n<p>Durante la celebraci\u00f3n, el padre Vin\u00edcius habl\u00f3 sobre el per\u00edodo de exilio vivido por el padre Eust\u00e1quio, cuando el religioso se dedic\u00f3 a\u00fan m\u00e1s a la oraci\u00f3n y al estudio de la Palabra de Dios; haciendo referencia al d\u00eda de San Jer\u00f3nimo, el responsable de la traducci\u00f3n de la Biblia, celebrado el 30 de septiembre.<\/p>\n\n\n\n<p>Cada mes, el d\u00eda 30, los devotos del Padre Eustaquio celebran la memoria del Beato e invitan a un sacerdote a celebrar con los fieles.<\/p>\n\n\n\n<p><strong>El resultado de una gracia recibida.<\/strong><\/p>\n\n\n\n<p>Al pie del Santuario del Santo Patr\u00f3n de Minas Gerais, se est\u00e1 construyendo un templo en una propiedad privada. El sitio alberga la residencia y el taller del artesano sacro Joel Matias, conocido en toda la regi\u00f3n por la belleza de sus obras esculpidas en diversos materiales. El lugar servir\u00e1 como punto de peregrinaci\u00f3n para los fieles en honor al Beato Padre Eust\u00e1quio.<\/p>\n\n\n\n<p>Todo comenz\u00f3 despu\u00e9s de una promesa hecha por el abogado y ex alcalde de Caet\u00e9, Ademir Carvalho, quien recibi\u00f3 una bendici\u00f3n por intercesi\u00f3n del padre Eust\u00e1quio. <em>\u201cMi hijo Jair contrajo fiebre maculosa tras participar en una carrera h\u00edpica en Caet\u00e9. Entr\u00f3 en coma profundo y fue dif\u00edcil diagnosticar la enfermedad. Entonces, alguien me dijo que rezara al Padre Eust\u00e1quio, quien falleci\u00f3 a causa de esta enfermedad, transmitida por garrapatas. Fui a la iglesia donde est\u00e1 su tumba en Belo Horizonte y rec\u00e9 por mi hijo. Al llegar al hospital, vi a mi hijo salir del coma y mejorar progresivamente hasta recuperarse. En ese momento, promet\u00ed construir un santuario en honor al Padre Eust\u00e1quio.\u201d<\/em>, dijo Ademir.<\/p>\n\n\n\n<p>Partiendo de ese hecho, Ademir busc\u00f3 a Joel, quien desde hac\u00eda tiempo albergaba devoci\u00f3n por el sacerdote holand\u00e9s fallecido en Belo Horizonte con fama de santidad, y juntos encabezaron el audaz proyecto que ya est\u00e1 en marcha desde hace unos tres a\u00f1os. <em>\u201cEl oratorio llevar\u00e1 el nombre de Nuestra Se\u00f1ora de la Anunciaci\u00f3n y del Beato Padre Eustaquio. El t\u00edtulo de Nuestra Se\u00f1ora se eligi\u00f3 por la reliquia de la casa de la Virgen Mar\u00eda que el lugar recibi\u00f3 hace tiempo. En cuanto al Beato Padre Eustaquio, se eligi\u00f3 por mi devoci\u00f3n y tambi\u00e9n por la de Ademir, quien fue uno de los inspiradores de la obra., <\/em>dijo Joel.<\/p>\n\n\n\n<p>El oratorio, con capacidad para 80 personas, es de estilo g\u00f3tico y est\u00e1 fuertemente inspirado en aspectos de la teolog\u00eda cat\u00f3lica, desde las dimensiones y formas de los altares hasta el dise\u00f1o de los acabados. Una imagen de la Beata, donada por un devoto, se coloc\u00f3 sobre la entrada del oratorio.<\/p>\n\n\n\n<p><\/p>\n\n\n\n<p><strong><em>**con informaci\u00f3n del diario Opini\u00e3o de Caet\u00e9 (periodista Jo\u00e3o Eduardo Santana)<\/em><\/strong><\/p>","protected":false},"excerpt":{"rendered":"<p>O respons\u00e1vel pela Causa de Canoniza\u00e7\u00e3o do Bem-Aventruado Padre Eust\u00e1quio, o padre Vin\u00edcius Maciel, SSCC, celebrou a missa votiva ao Beato na capela, ainda em constru\u00e7\u00e3o, na cidade de Caet\u00e9, regi\u00e3o metropolitana de Belo Horizonte. O convite foi feito por devotos de Padre Eust\u00e1quio na cidade, que s\u00e3o respons\u00e1veis pela pequena igreja. A Santa Missa foi realizada \u00e0s 19h e contou com a presen\u00e7a dos moradores do bairro Quintas da Serra, bem aos p\u00e9s da Serra da Piedade. Sr. Joel Matias, propriet\u00e1rio do terreno onde fica o orat\u00f3rio foi quem recebeu o padre Vin\u00edcius Maciel, o postulante Vanildo Lima Sena, [&hellip;]<\/p>\n","protected":false},"author":2,"featured_media":9349,"comment_status":"open","ping_status":"closed","sticky":false,"template":"","format":"standard","meta":{"_acf_changed":false,"footnotes":""},"categories":[611],"tags":[],"class_list":["post-9348","post","type-post","status-publish","format-standard","has-post-thumbnail","hentry","category-noticias"],"acf":[],"yoast_head":"<!-- This site is optimized with the Yoast SEO plugin v27.2 - https:\/\/yoast.com\/product\/yoast-seo-wordpress\/ -->\n<title>Respons\u00e1vel pela Causa de Canoniza\u00e7\u00e3o celebra missa do dia 30 em Caet\u00e9-MG<\/title>\n<meta name=\"description\" content=\"O respons\u00e1vel pela Causa de Canoniza\u00e7\u00e3o do Bem-Aventruado Padre Eust\u00e1quio, o padre Vin\u00edcius Maciel, SSCC, celebrou a missa votiva ao Beato na capela, ainda em constru\u00e7\u00e3o, na cidade de Caet\u00e9, regi\u00e3o metropolitana de Belo Horizonte. O convite foi feito por devotos de Padre Eust\u00e1quio na cidade, que s\u00e3o respons\u00e1veis pela pequena igreja.\" \/>\n<meta name=\"robots\" content=\"index, follow, max-snippet:-1, max-image-preview:large, max-video-preview:-1\" \/>\n<link rel=\"canonical\" href=\"https:\/\/www.padreeustaquio.com.br\/es\/el-responsable-de-la-causa-de-canonizacion-celebra-la-misa-el-dia-30-en-caete-mg\/\" \/>\n<meta property=\"og:locale\" content=\"es_ES\" \/>\n<meta property=\"og:type\" content=\"article\" \/>\n<meta property=\"og:title\" content=\"Respons\u00e1vel pela Causa de Canoniza\u00e7\u00e3o celebra missa do dia 30 em Caet\u00e9-MG\" \/>\n<meta property=\"og:description\" content=\"O respons\u00e1vel pela Causa de Canoniza\u00e7\u00e3o do Bem-Aventruado Padre Eust\u00e1quio, o padre Vin\u00edcius Maciel, SSCC, celebrou a missa votiva ao Beato na capela, ainda em constru\u00e7\u00e3o, na cidade de Caet\u00e9, regi\u00e3o metropolitana de Belo Horizonte. O convite foi feito por devotos de Padre Eust\u00e1quio na cidade, que s\u00e3o respons\u00e1veis pela pequena igreja.\" \/>\n<meta property=\"og:url\" content=\"https:\/\/www.padreeustaquio.com.br\/es\/el-responsable-de-la-causa-de-canonizacion-celebra-la-misa-el-dia-30-en-caete-mg\/\" \/>\n<meta property=\"og:site_name\" content=\"Padre Eust\u00e1quio\" \/>\n<meta property=\"article:publisher\" content=\"https:\/\/www.facebook.com\/beatopadreeustaquio\/\" \/>\n<meta property=\"article:published_time\" content=\"2022-10-05T11:26:16+00:00\" \/>\n<meta property=\"article:modified_time\" content=\"2022-10-05T11:34:47+00:00\" \/>\n<meta property=\"og:image\" content=\"https:\/\/www.padreeustaquio.com.br\/wp-content\/uploads\/2022\/10\/MG_6217-scaled-e1664968927102.jpg\" \/>\n\t<meta property=\"og:image:width\" content=\"2438\" \/>\n\t<meta property=\"og:image:height\" content=\"1363\" \/>\n\t<meta property=\"og:image:type\" content=\"image\/jpeg\" \/>\n<meta name=\"author\" content=\"@sscc\" \/>\n<meta name=\"twitter:card\" content=\"summary_large_image\" \/>\n<meta name=\"twitter:image\" content=\"https:\/\/www.padreeustaquio.com.br\/wp-content\/uploads\/2022\/10\/MG_6217-scaled-e1664968927102.jpg\" \/>\n<meta name=\"twitter:creator\" content=\"@beatopeustaquio\" \/>\n<meta name=\"twitter:site\" content=\"@beatopeustaquio\" \/>\n<meta name=\"twitter:label1\" content=\"Escrito por\" \/>\n\t<meta name=\"twitter:data1\" content=\"@sscc\" \/>\n\t<meta name=\"twitter:label2\" content=\"Tiempo de lectura\" \/>\n\t<meta name=\"twitter:data2\" content=\"3 minutos\" \/>\n<script type=\"application\/ld+json\" class=\"yoast-schema-graph\">{\"@context\":\"https:\/\/schema.org\",\"@graph\":[{\"@type\":\"Article\",\"@id\":\"https:\/\/www.padreeustaquio.com.br\/responsavel-pela-causa-de-canonizacao-celebra-missa-do-dia-30-em-caete-mg\/#article\",\"isPartOf\":{\"@id\":\"https:\/\/www.padreeustaquio.com.br\/responsavel-pela-causa-de-canonizacao-celebra-missa-do-dia-30-em-caete-mg\/\"},\"author\":{\"name\":\"@sscc\",\"@id\":\"https:\/\/www.padreeustaquio.com.br\/#\/schema\/person\/a2a51db1d00f1a7af0204a0f1ddb1566\"},\"headline\":\"Respons\u00e1vel pela Causa de Canoniza\u00e7\u00e3o celebra missa do dia 30 em Caet\u00e9-MG\",\"datePublished\":\"2022-10-05T11:26:16+00:00\",\"dateModified\":\"2022-10-05T11:34:47+00:00\",\"mainEntityOfPage\":{\"@id\":\"https:\/\/www.padreeustaquio.com.br\/responsavel-pela-causa-de-canonizacao-celebra-missa-do-dia-30-em-caete-mg\/\"},\"wordCount\":613,\"commentCount\":0,\"publisher\":{\"@id\":\"https:\/\/www.padreeustaquio.com.br\/#organization\"},\"image\":{\"@id\":\"https:\/\/www.padreeustaquio.com.br\/responsavel-pela-causa-de-canonizacao-celebra-missa-do-dia-30-em-caete-mg\/#primaryimage\"},\"thumbnailUrl\":\"https:\/\/www.padreeustaquio.com.br\/wp-content\/uploads\/2022\/10\/MG_6217-scaled-e1664968927102.jpg\",\"articleSection\":[\"Not\u00edcias\"],\"inLanguage\":\"es\",\"potentialAction\":[{\"@type\":\"CommentAction\",\"name\":\"Comment\",\"target\":[\"https:\/\/www.padreeustaquio.com.br\/responsavel-pela-causa-de-canonizacao-celebra-missa-do-dia-30-em-caete-mg\/#respond\"]}]},{\"@type\":\"WebPage\",\"@id\":\"https:\/\/www.padreeustaquio.com.br\/responsavel-pela-causa-de-canonizacao-celebra-missa-do-dia-30-em-caete-mg\/\",\"url\":\"https:\/\/www.padreeustaquio.com.br\/responsavel-pela-causa-de-canonizacao-celebra-missa-do-dia-30-em-caete-mg\/\",\"name\":\"Respons\u00e1vel pela Causa de Canoniza\u00e7\u00e3o celebra missa do dia 30 em Caet\u00e9-MG\",\"isPartOf\":{\"@id\":\"https:\/\/www.padreeustaquio.com.br\/#website\"},\"primaryImageOfPage\":{\"@id\":\"https:\/\/www.padreeustaquio.com.br\/responsavel-pela-causa-de-canonizacao-celebra-missa-do-dia-30-em-caete-mg\/#primaryimage\"},\"image\":{\"@id\":\"https:\/\/www.padreeustaquio.com.br\/responsavel-pela-causa-de-canonizacao-celebra-missa-do-dia-30-em-caete-mg\/#primaryimage\"},\"thumbnailUrl\":\"https:\/\/www.padreeustaquio.com.br\/wp-content\/uploads\/2022\/10\/MG_6217-scaled-e1664968927102.jpg\",\"datePublished\":\"2022-10-05T11:26:16+00:00\",\"dateModified\":\"2022-10-05T11:34:47+00:00\",\"description\":\"O respons\u00e1vel pela Causa de Canoniza\u00e7\u00e3o do Bem-Aventruado Padre Eust\u00e1quio, o padre Vin\u00edcius Maciel, SSCC, celebrou a missa votiva ao Beato na capela, ainda em constru\u00e7\u00e3o, na cidade de Caet\u00e9, regi\u00e3o metropolitana de Belo Horizonte. O convite foi feito por devotos de Padre Eust\u00e1quio na cidade, que s\u00e3o respons\u00e1veis pela pequena igreja.\",\"breadcrumb\":{\"@id\":\"https:\/\/www.padreeustaquio.com.br\/responsavel-pela-causa-de-canonizacao-celebra-missa-do-dia-30-em-caete-mg\/#breadcrumb\"},\"inLanguage\":\"es\",\"potentialAction\":[{\"@type\":\"ReadAction\",\"target\":[\"https:\/\/www.padreeustaquio.com.br\/responsavel-pela-causa-de-canonizacao-celebra-missa-do-dia-30-em-caete-mg\/\"]}]},{\"@type\":\"ImageObject\",\"inLanguage\":\"es\",\"@id\":\"https:\/\/www.padreeustaquio.com.br\/responsavel-pela-causa-de-canonizacao-celebra-missa-do-dia-30-em-caete-mg\/#primaryimage\",\"url\":\"https:\/\/www.padreeustaquio.com.br\/wp-content\/uploads\/2022\/10\/MG_6217-scaled-e1664968927102.jpg\",\"contentUrl\":\"https:\/\/www.padreeustaquio.com.br\/wp-content\/uploads\/2022\/10\/MG_6217-scaled-e1664968927102.jpg\",\"width\":2438,\"height\":1363},{\"@type\":\"BreadcrumbList\",\"@id\":\"https:\/\/www.padreeustaquio.com.br\/responsavel-pela-causa-de-canonizacao-celebra-missa-do-dia-30-em-caete-mg\/#breadcrumb\",\"itemListElement\":[{\"@type\":\"ListItem\",\"position\":1,\"name\":\"In\u00edcio\",\"item\":\"https:\/\/www.padreeustaquio.com.br\/\"},{\"@type\":\"ListItem\",\"position\":2,\"name\":\"Respons\u00e1vel pela Causa de Canoniza\u00e7\u00e3o celebra missa do dia 30 em Caet\u00e9-MG\"}]},{\"@type\":\"WebSite\",\"@id\":\"https:\/\/www.padreeustaquio.com.br\/#website\",\"url\":\"https:\/\/www.padreeustaquio.com.br\/\",\"name\":\"Padre Eust\u00e1quio\",\"description\":\"Sa\u00fade e Paz\",\"publisher\":{\"@id\":\"https:\/\/www.padreeustaquio.com.br\/#organization\"},\"potentialAction\":[{\"@type\":\"SearchAction\",\"target\":{\"@type\":\"EntryPoint\",\"urlTemplate\":\"https:\/\/www.padreeustaquio.com.br\/?s={search_term_string}\"},\"query-input\":{\"@type\":\"PropertyValueSpecification\",\"valueRequired\":true,\"valueName\":\"search_term_string\"}}],\"inLanguage\":\"es\"},{\"@type\":\"Organization\",\"@id\":\"https:\/\/www.padreeustaquio.com.br\/#organization\",\"name\":\"Padre Eust\u00e1quio\",\"url\":\"https:\/\/www.padreeustaquio.com.br\/\",\"logo\":{\"@type\":\"ImageObject\",\"inLanguage\":\"es\",\"@id\":\"https:\/\/www.padreeustaquio.com.br\/#\/schema\/logo\/image\/\",\"url\":\"https:\/\/www.padreeustaquio.com.br\/wp-content\/uploads\/2019\/08\/marca.png\",\"contentUrl\":\"https:\/\/www.padreeustaquio.com.br\/wp-content\/uploads\/2019\/08\/marca.png\",\"width\":350,\"height\":400,\"caption\":\"Padre Eust\u00e1quio\"},\"image\":{\"@id\":\"https:\/\/www.padreeustaquio.com.br\/#\/schema\/logo\/image\/\"},\"sameAs\":[\"https:\/\/www.facebook.com\/beatopadreeustaquio\/\",\"https:\/\/x.com\/beatopeustaquio\",\"https:\/\/www.instagram.com\/beatopadreeustaquio\/\",\"https:\/\/www.youtube.com\/channel\/UCRhw7vfabnajwLxb1ZXMeIw\"]},{\"@type\":\"Person\",\"@id\":\"https:\/\/www.padreeustaquio.com.br\/#\/schema\/person\/a2a51db1d00f1a7af0204a0f1ddb1566\",\"name\":\"@sscc\",\"image\":{\"@type\":\"ImageObject\",\"inLanguage\":\"es\",\"@id\":\"https:\/\/secure.gravatar.com\/avatar\/68cfafa5f44617fea54071e215026e0ff06be366c3d54a8425f04fdcb86f8c5f?s=96&d=mm&r=g\",\"url\":\"https:\/\/secure.gravatar.com\/avatar\/68cfafa5f44617fea54071e215026e0ff06be366c3d54a8425f04fdcb86f8c5f?s=96&d=mm&r=g\",\"contentUrl\":\"https:\/\/secure.gravatar.com\/avatar\/68cfafa5f44617fea54071e215026e0ff06be366c3d54a8425f04fdcb86f8c5f?s=96&d=mm&r=g\",\"caption\":\"@sscc\"},\"url\":\"https:\/\/www.padreeustaquio.com.br\/es\/author\/sscc\/\"}]}<\/script>\n<!-- \/ Yoast SEO plugin. -->","yoast_head_json":{"title":"El responsable de la Causa de Canonizaci\u00f3n celebra Misa el d\u00eda 30 en Caet\u00e9-MG.","description":"El sacerdote responsable de la Causa de Canonizaci\u00f3n del Beato Padre Eust\u00e1quio, Padre Vin\u00edcius Maciel, SSCC, celebr\u00f3 la Misa votiva por el Beato en la capilla, a\u00fan en construcci\u00f3n, de la ciudad de Caet\u00e9, en la regi\u00f3n metropolitana de Belo Horizonte. La invitaci\u00f3n fue extendida por los devotos del Padre Eust\u00e1quio de la ciudad, responsables de la peque\u00f1a iglesia.","robots":{"index":"index","follow":"follow","max-snippet":"max-snippet:-1","max-image-preview":"max-image-preview:large","max-video-preview":"max-video-preview:-1"},"canonical":"https:\/\/www.padreeustaquio.com.br\/es\/el-responsable-de-la-causa-de-canonizacion-celebra-la-misa-el-dia-30-en-caete-mg\/","og_locale":"es_ES","og_type":"article","og_title":"Respons\u00e1vel pela Causa de Canoniza\u00e7\u00e3o celebra missa do dia 30 em Caet\u00e9-MG","og_description":"O respons\u00e1vel pela Causa de Canoniza\u00e7\u00e3o do Bem-Aventruado Padre Eust\u00e1quio, o padre Vin\u00edcius Maciel, SSCC, celebrou a missa votiva ao Beato na capela, ainda em constru\u00e7\u00e3o, na cidade de Caet\u00e9, regi\u00e3o metropolitana de Belo Horizonte. O convite foi feito por devotos de Padre Eust\u00e1quio na cidade, que s\u00e3o respons\u00e1veis pela pequena igreja.","og_url":"https:\/\/www.padreeustaquio.com.br\/es\/el-responsable-de-la-causa-de-canonizacion-celebra-la-misa-el-dia-30-en-caete-mg\/","og_site_name":"Padre Eust\u00e1quio","article_publisher":"https:\/\/www.facebook.com\/beatopadreeustaquio\/","article_published_time":"2022-10-05T11:26:16+00:00","article_modified_time":"2022-10-05T11:34:47+00:00","og_image":[{"width":2438,"height":1363,"url":"https:\/\/www.padreeustaquio.com.br\/wp-content\/uploads\/2022\/10\/MG_6217-scaled-e1664968927102.jpg","type":"image\/jpeg"}],"author":"@sscc","twitter_card":"summary_large_image","twitter_image":"https:\/\/www.padreeustaquio.com.br\/wp-content\/uploads\/2022\/10\/MG_6217-scaled-e1664968927102.jpg","twitter_creator":"@beatopeustaquio","twitter_site":"@beatopeustaquio","twitter_misc":{"Escrito por":"@sscc","Tiempo de lectura":"3 minutos"},"schema":{"@context":"https:\/\/schema.org","@graph":[{"@type":"Article","@id":"https:\/\/www.padreeustaquio.com.br\/responsavel-pela-causa-de-canonizacao-celebra-missa-do-dia-30-em-caete-mg\/#article","isPartOf":{"@id":"https:\/\/www.padreeustaquio.com.br\/responsavel-pela-causa-de-canonizacao-celebra-missa-do-dia-30-em-caete-mg\/"},"author":{"name":"@sscc","@id":"https:\/\/www.padreeustaquio.com.br\/#\/schema\/person\/a2a51db1d00f1a7af0204a0f1ddb1566"},"headline":"Respons\u00e1vel pela Causa de Canoniza\u00e7\u00e3o celebra missa do dia 30 em Caet\u00e9-MG","datePublished":"2022-10-05T11:26:16+00:00","dateModified":"2022-10-05T11:34:47+00:00","mainEntityOfPage":{"@id":"https:\/\/www.padreeustaquio.com.br\/responsavel-pela-causa-de-canonizacao-celebra-missa-do-dia-30-em-caete-mg\/"},"wordCount":613,"commentCount":0,"publisher":{"@id":"https:\/\/www.padreeustaquio.com.br\/#organization"},"image":{"@id":"https:\/\/www.padreeustaquio.com.br\/responsavel-pela-causa-de-canonizacao-celebra-missa-do-dia-30-em-caete-mg\/#primaryimage"},"thumbnailUrl":"https:\/\/www.padreeustaquio.com.br\/wp-content\/uploads\/2022\/10\/MG_6217-scaled-e1664968927102.jpg","articleSection":["Not\u00edcias"],"inLanguage":"es","potentialAction":[{"@type":"CommentAction","name":"Comment","target":["https:\/\/www.padreeustaquio.com.br\/responsavel-pela-causa-de-canonizacao-celebra-missa-do-dia-30-em-caete-mg\/#respond"]}]},{"@type":"WebPage","@id":"https:\/\/www.padreeustaquio.com.br\/responsavel-pela-causa-de-canonizacao-celebra-missa-do-dia-30-em-caete-mg\/","url":"https:\/\/www.padreeustaquio.com.br\/responsavel-pela-causa-de-canonizacao-celebra-missa-do-dia-30-em-caete-mg\/","name":"El responsable de la Causa de Canonizaci\u00f3n celebra Misa el d\u00eda 30 en Caet\u00e9-MG.","isPartOf":{"@id":"https:\/\/www.padreeustaquio.com.br\/#website"},"primaryImageOfPage":{"@id":"https:\/\/www.padreeustaquio.com.br\/responsavel-pela-causa-de-canonizacao-celebra-missa-do-dia-30-em-caete-mg\/#primaryimage"},"image":{"@id":"https:\/\/www.padreeustaquio.com.br\/responsavel-pela-causa-de-canonizacao-celebra-missa-do-dia-30-em-caete-mg\/#primaryimage"},"thumbnailUrl":"https:\/\/www.padreeustaquio.com.br\/wp-content\/uploads\/2022\/10\/MG_6217-scaled-e1664968927102.jpg","datePublished":"2022-10-05T11:26:16+00:00","dateModified":"2022-10-05T11:34:47+00:00","description":"El sacerdote responsable de la Causa de Canonizaci\u00f3n del Beato Padre Eust\u00e1quio, Padre Vin\u00edcius Maciel, SSCC, celebr\u00f3 la Misa votiva por el Beato en la capilla, a\u00fan en construcci\u00f3n, de la ciudad de Caet\u00e9, en la regi\u00f3n metropolitana de Belo Horizonte. La invitaci\u00f3n fue extendida por los devotos del Padre Eust\u00e1quio de la ciudad, responsables de la peque\u00f1a iglesia.","breadcrumb":{"@id":"https:\/\/www.padreeustaquio.com.br\/responsavel-pela-causa-de-canonizacao-celebra-missa-do-dia-30-em-caete-mg\/#breadcrumb"},"inLanguage":"es","potentialAction":[{"@type":"ReadAction","target":["https:\/\/www.padreeustaquio.com.br\/responsavel-pela-causa-de-canonizacao-celebra-missa-do-dia-30-em-caete-mg\/"]}]},{"@type":"ImageObject","inLanguage":"es","@id":"https:\/\/www.padreeustaquio.com.br\/responsavel-pela-causa-de-canonizacao-celebra-missa-do-dia-30-em-caete-mg\/#primaryimage","url":"https:\/\/www.padreeustaquio.com.br\/wp-content\/uploads\/2022\/10\/MG_6217-scaled-e1664968927102.jpg","contentUrl":"https:\/\/www.padreeustaquio.com.br\/wp-content\/uploads\/2022\/10\/MG_6217-scaled-e1664968927102.jpg","width":2438,"height":1363},{"@type":"BreadcrumbList","@id":"https:\/\/www.padreeustaquio.com.br\/responsavel-pela-causa-de-canonizacao-celebra-missa-do-dia-30-em-caete-mg\/#breadcrumb","itemListElement":[{"@type":"ListItem","position":1,"name":"In\u00edcio","item":"https:\/\/www.padreeustaquio.com.br\/"},{"@type":"ListItem","position":2,"name":"Respons\u00e1vel pela Causa de Canoniza\u00e7\u00e3o celebra missa do dia 30 em Caet\u00e9-MG"}]},{"@type":"WebSite","@id":"https:\/\/www.padreeustaquio.com.br\/#website","url":"https:\/\/www.padreeustaquio.com.br\/","name":"Padre Eustace","description":"Salud y Paz","publisher":{"@id":"https:\/\/www.padreeustaquio.com.br\/#organization"},"potentialAction":[{"@type":"SearchAction","target":{"@type":"EntryPoint","urlTemplate":"https:\/\/www.padreeustaquio.com.br\/?s={search_term_string}"},"query-input":{"@type":"PropertyValueSpecification","valueRequired":true,"valueName":"search_term_string"}}],"inLanguage":"es"},{"@type":"Organization","@id":"https:\/\/www.padreeustaquio.com.br\/#organization","name":"Padre Eustace","url":"https:\/\/www.padreeustaquio.com.br\/","logo":{"@type":"ImageObject","inLanguage":"es","@id":"https:\/\/www.padreeustaquio.com.br\/#\/schema\/logo\/image\/","url":"https:\/\/www.padreeustaquio.com.br\/wp-content\/uploads\/2019\/08\/marca.png","contentUrl":"https:\/\/www.padreeustaquio.com.br\/wp-content\/uploads\/2019\/08\/marca.png","width":350,"height":400,"caption":"Padre Eust\u00e1quio"},"image":{"@id":"https:\/\/www.padreeustaquio.com.br\/#\/schema\/logo\/image\/"},"sameAs":["https:\/\/www.facebook.com\/beatopadreeustaquio\/","https:\/\/x.com\/beatopeustaquio","https:\/\/www.instagram.com\/beatopadreeustaquio\/","https:\/\/www.youtube.com\/channel\/UCRhw7vfabnajwLxb1ZXMeIw"]},{"@type":"Person","@id":"https:\/\/www.padreeustaquio.com.br\/#\/schema\/person\/a2a51db1d00f1a7af0204a0f1ddb1566","name":"@sscc","image":{"@type":"ImageObject","inLanguage":"es","@id":"https:\/\/secure.gravatar.com\/avatar\/68cfafa5f44617fea54071e215026e0ff06be366c3d54a8425f04fdcb86f8c5f?s=96&d=mm&r=g","url":"https:\/\/secure.gravatar.com\/avatar\/68cfafa5f44617fea54071e215026e0ff06be366c3d54a8425f04fdcb86f8c5f?s=96&d=mm&r=g","contentUrl":"https:\/\/secure.gravatar.com\/avatar\/68cfafa5f44617fea54071e215026e0ff06be366c3d54a8425f04fdcb86f8c5f?s=96&d=mm&r=g","caption":"@sscc"},"url":"https:\/\/www.padreeustaquio.com.br\/es\/author\/sscc\/"}]}},"_links":{"self":[{"href":"https:\/\/www.padreeustaquio.com.br\/es\/wp-json\/wp\/v2\/posts\/9348","targetHints":{"allow":["GET"]}}],"collection":[{"href":"https:\/\/www.padreeustaquio.com.br\/es\/wp-json\/wp\/v2\/posts"}],"about":[{"href":"https:\/\/www.padreeustaquio.com.br\/es\/wp-json\/wp\/v2\/types\/post"}],"author":[{"embeddable":true,"href":"https:\/\/www.padreeustaquio.com.br\/es\/wp-json\/wp\/v2\/users\/2"}],"replies":[{"embeddable":true,"href":"https:\/\/www.padreeustaquio.com.br\/es\/wp-json\/wp\/v2\/comments?post=9348"}],"version-history":[{"count":0,"href":"https:\/\/www.padreeustaquio.com.br\/es\/wp-json\/wp\/v2\/posts\/9348\/revisions"}],"wp:featuredmedia":[{"embeddable":true,"href":"https:\/\/www.padreeustaquio.com.br\/es\/wp-json\/wp\/v2\/media\/9349"}],"wp:attachment":[{"href":"https:\/\/www.padreeustaquio.com.br\/es\/wp-json\/wp\/v2\/media?parent=9348"}],"wp:term":[{"taxonomy":"category","embeddable":true,"href":"https:\/\/www.padreeustaquio.com.br\/es\/wp-json\/wp\/v2\/categories?post=9348"},{"taxonomy":"post_tag","embeddable":true,"href":"https:\/\/www.padreeustaquio.com.br\/es\/wp-json\/wp\/v2\/tags?post=9348"}],"curies":[{"name":"wp","href":"https:\/\/api.w.org\/{rel}","templated":true}]}}