{"id":9337,"date":"2022-09-29T17:53:40","date_gmt":"2022-09-29T20:53:40","guid":{"rendered":"https:\/\/www.padreeustaquio.com.br\/?p=9337"},"modified":"2022-09-29T17:53:42","modified_gmt":"2022-09-29T20:53:42","slug":"rector-habla-sobre-incidente-con-imagenes-sagradas-en-el-santuario-de-la-salud-y-la-paz","status":"publish","type":"post","link":"https:\/\/www.padreeustaquio.com.br\/es\/rector-habla-sobre-incidente-con-imagenes-sagradas-en-el-santuario-de-la-salud-y-la-paz\/","title":{"rendered":"Rector habla sobre incidente con im\u00e1genes sagradas en el Santuario de la Salud y la Paz."},"content":{"rendered":"<p>El Padre Vin\u00edcius Maciel, SSCC, rector del Santuario Arquidiocesano de Salud y Paz, habl\u00f3 a primera hora de la tarde sobre el ataque a las im\u00e1genes de la iglesia ocurrido la ma\u00f1ana de este jueves (29). El p\u00e1rroco tranquiliz\u00f3 a los devotos que se encontraban en el templo y pidi\u00f3 que no hubiera ira ni venganza.<\/p>\n\n\n\n<p><em>\u201cEs importante enfatizar que no debe haber sentimientos de ira, venganza ni violencia entre los devotos. Los sentimientos deben ser de paz y armon\u00eda. Las im\u00e1genes tienen valor simb\u00f3lico y religioso, pero ser\u00e1n restauradas. Debe ser tratado como un hermano, con amor.\u201d<\/em>, &quot;dijo el padre Vinicius.&quot;.<\/p>\n\n\n\n<p>Alrededor de las 11:00 a. m., un hombre de 47 a\u00f1os, que aparentemente estaba rezando en la Iglesia del Padre Eustaquio, se levant\u00f3, se acerc\u00f3 a la imagen del Sagrado Coraz\u00f3n de Jes\u00fas, la agarr\u00f3 y la arroj\u00f3 al suelo. Luego, se dirigi\u00f3 al lado opuesto e hizo lo mismo con la imagen del Sagrado Coraz\u00f3n de Mar\u00eda. Unas 15 personas que se encontraban en la iglesia lo sujetaron hasta que lleg\u00f3 la polic\u00eda.<\/p>\n\n\n\n<p>Inicialmente, no se cree que la intolerancia religiosa sea la causa; m\u00e1s bien, es posible que el hombre haya sufrido un episodio psic\u00f3tico. Fue arrestado por la polic\u00eda y llevado a comisar\u00eda para declarar. Las im\u00e1genes fueron recopiladas y se someter\u00e1n a un proceso de restauraci\u00f3n.<\/p>\n\n\n\n<p><\/p>","protected":false},"excerpt":{"rendered":"<p>O padre Vin\u00edcius Maciel, SSCC, reitor do Santu\u00e1rio Arquidiocesano da Sa\u00fade e da Paz, falou, no in\u00edcio da tarde sobre o ataque \u00e0s imagens da igreja na manh\u00e3 desta quinta-feira (29). O p\u00e1roco acalmou os devotos que estavam no templo e pediu que n\u00e3o haja raiva nem vingan\u00e7a. &#8220;\u00c9 importante destacar que n\u00e3o haja, entre os devotos, nenhum sentimento de raiva, de vingan\u00e7a, de viol\u00eancia. Os sentimentos devem ser de paz, de harmonia. As imagens tem um valor simb\u00f3lico e religioso, mas v\u00e3o ser recuperadas. Ele deve ser tratado como um irm\u00e3o, com amor\u201d, disse Padre Vin\u00edcius. Por volta das [&hellip;]<\/p>\n","protected":false},"author":2,"featured_media":9339,"comment_status":"open","ping_status":"closed","sticky":false,"template":"","format":"standard","meta":{"_acf_changed":false,"footnotes":""},"categories":[611],"tags":[],"class_list":["post-9337","post","type-post","status-publish","format-standard","has-post-thumbnail","hentry","category-noticias"],"acf":[],"yoast_head":"<!-- This site is optimized with the Yoast SEO plugin v27.2 - https:\/\/yoast.com\/product\/yoast-seo-wordpress\/ -->\n<title>Reitor fala sobre incidente envolvendo imagens sacras do Santu\u00e1rio da Sa\u00fade e da Paz<\/title>\n<meta name=\"description\" content=\"O padre Vin\u00edcius Maciel, SSCC, reitor do Santu\u00e1rio Arquidiocesano da Sa\u00fade e da Paz, falou, no in\u00edcio da tarde sobre o ataque \u00e0s imagens da igreja na manh\u00e3 desta quinta-feira (29). O p\u00e1roco acalmou os devotos que estavam no templo e pediu que n\u00e3o haja raiva nem vingan\u00e7a.\" \/>\n<meta name=\"robots\" content=\"index, follow, max-snippet:-1, max-image-preview:large, max-video-preview:-1\" \/>\n<link rel=\"canonical\" href=\"https:\/\/www.padreeustaquio.com.br\/es\/rector-habla-sobre-incidente-con-imagenes-sagradas-en-el-santuario-de-la-salud-y-la-paz\/\" \/>\n<meta property=\"og:locale\" content=\"es_ES\" \/>\n<meta property=\"og:type\" content=\"article\" \/>\n<meta property=\"og:title\" content=\"Reitor fala sobre incidente envolvendo imagens sacras do Santu\u00e1rio da Sa\u00fade e da Paz\" \/>\n<meta property=\"og:description\" content=\"O padre Vin\u00edcius Maciel, SSCC, reitor do Santu\u00e1rio Arquidiocesano da Sa\u00fade e da Paz, falou, no in\u00edcio da tarde sobre o ataque \u00e0s imagens da igreja na manh\u00e3 desta quinta-feira (29). O p\u00e1roco acalmou os devotos que estavam no templo e pediu que n\u00e3o haja raiva nem vingan\u00e7a.\" \/>\n<meta property=\"og:url\" content=\"https:\/\/www.padreeustaquio.com.br\/es\/rector-habla-sobre-incidente-con-imagenes-sagradas-en-el-santuario-de-la-salud-y-la-paz\/\" \/>\n<meta property=\"og:site_name\" content=\"Padre Eust\u00e1quio\" \/>\n<meta property=\"article:publisher\" content=\"https:\/\/www.facebook.com\/beatopadreeustaquio\/\" \/>\n<meta property=\"article:published_time\" content=\"2022-09-29T20:53:40+00:00\" \/>\n<meta property=\"article:modified_time\" content=\"2022-09-29T20:53:42+00:00\" \/>\n<meta property=\"og:image\" content=\"https:\/\/www.padreeustaquio.com.br\/wp-content\/uploads\/2022\/09\/Imagem-SCJ-quebrada.jpeg\" \/>\n\t<meta property=\"og:image:width\" content=\"1280\" \/>\n\t<meta property=\"og:image:height\" content=\"720\" \/>\n\t<meta property=\"og:image:type\" content=\"image\/jpeg\" \/>\n<meta name=\"author\" content=\"@sscc\" \/>\n<meta name=\"twitter:card\" content=\"summary_large_image\" \/>\n<meta name=\"twitter:image\" content=\"https:\/\/www.padreeustaquio.com.br\/wp-content\/uploads\/2022\/09\/Imagem-SCJ-quebrada.jpeg\" \/>\n<meta name=\"twitter:creator\" content=\"@beatopeustaquio\" \/>\n<meta name=\"twitter:site\" content=\"@beatopeustaquio\" \/>\n<meta name=\"twitter:label1\" content=\"Escrito por\" \/>\n\t<meta name=\"twitter:data1\" content=\"@sscc\" \/>\n\t<meta name=\"twitter:label2\" content=\"Tiempo de lectura\" \/>\n\t<meta name=\"twitter:data2\" content=\"1 minuto\" \/>\n<script type=\"application\/ld+json\" class=\"yoast-schema-graph\">{\"@context\":\"https:\/\/schema.org\",\"@graph\":[{\"@type\":\"Article\",\"@id\":\"https:\/\/www.padreeustaquio.com.br\/reitor-fala-sobre-incidente-envolvendo-imagens-sacras-do-santuario-da-saude-e-da-paz\/#article\",\"isPartOf\":{\"@id\":\"https:\/\/www.padreeustaquio.com.br\/reitor-fala-sobre-incidente-envolvendo-imagens-sacras-do-santuario-da-saude-e-da-paz\/\"},\"author\":{\"name\":\"@sscc\",\"@id\":\"https:\/\/www.padreeustaquio.com.br\/#\/schema\/person\/a2a51db1d00f1a7af0204a0f1ddb1566\"},\"headline\":\"Reitor fala sobre incidente envolvendo imagens sacras do Santu\u00e1rio da Sa\u00fade e da Paz\",\"datePublished\":\"2022-09-29T20:53:40+00:00\",\"dateModified\":\"2022-09-29T20:53:42+00:00\",\"mainEntityOfPage\":{\"@id\":\"https:\/\/www.padreeustaquio.com.br\/reitor-fala-sobre-incidente-envolvendo-imagens-sacras-do-santuario-da-saude-e-da-paz\/\"},\"wordCount\":249,\"commentCount\":0,\"publisher\":{\"@id\":\"https:\/\/www.padreeustaquio.com.br\/#organization\"},\"image\":{\"@id\":\"https:\/\/www.padreeustaquio.com.br\/reitor-fala-sobre-incidente-envolvendo-imagens-sacras-do-santuario-da-saude-e-da-paz\/#primaryimage\"},\"thumbnailUrl\":\"https:\/\/www.padreeustaquio.com.br\/wp-content\/uploads\/2022\/09\/Imagem-SCJ-quebrada.jpeg\",\"articleSection\":[\"Not\u00edcias\"],\"inLanguage\":\"es\",\"potentialAction\":[{\"@type\":\"CommentAction\",\"name\":\"Comment\",\"target\":[\"https:\/\/www.padreeustaquio.com.br\/reitor-fala-sobre-incidente-envolvendo-imagens-sacras-do-santuario-da-saude-e-da-paz\/#respond\"]}]},{\"@type\":\"WebPage\",\"@id\":\"https:\/\/www.padreeustaquio.com.br\/reitor-fala-sobre-incidente-envolvendo-imagens-sacras-do-santuario-da-saude-e-da-paz\/\",\"url\":\"https:\/\/www.padreeustaquio.com.br\/reitor-fala-sobre-incidente-envolvendo-imagens-sacras-do-santuario-da-saude-e-da-paz\/\",\"name\":\"Reitor fala sobre incidente envolvendo imagens sacras do Santu\u00e1rio da Sa\u00fade e da Paz\",\"isPartOf\":{\"@id\":\"https:\/\/www.padreeustaquio.com.br\/#website\"},\"primaryImageOfPage\":{\"@id\":\"https:\/\/www.padreeustaquio.com.br\/reitor-fala-sobre-incidente-envolvendo-imagens-sacras-do-santuario-da-saude-e-da-paz\/#primaryimage\"},\"image\":{\"@id\":\"https:\/\/www.padreeustaquio.com.br\/reitor-fala-sobre-incidente-envolvendo-imagens-sacras-do-santuario-da-saude-e-da-paz\/#primaryimage\"},\"thumbnailUrl\":\"https:\/\/www.padreeustaquio.com.br\/wp-content\/uploads\/2022\/09\/Imagem-SCJ-quebrada.jpeg\",\"datePublished\":\"2022-09-29T20:53:40+00:00\",\"dateModified\":\"2022-09-29T20:53:42+00:00\",\"description\":\"O padre Vin\u00edcius Maciel, SSCC, reitor do Santu\u00e1rio Arquidiocesano da Sa\u00fade e da Paz, falou, no in\u00edcio da tarde sobre o ataque \u00e0s imagens da igreja na manh\u00e3 desta quinta-feira (29). O p\u00e1roco acalmou os devotos que estavam no templo e pediu que n\u00e3o haja raiva nem vingan\u00e7a.\",\"breadcrumb\":{\"@id\":\"https:\/\/www.padreeustaquio.com.br\/reitor-fala-sobre-incidente-envolvendo-imagens-sacras-do-santuario-da-saude-e-da-paz\/#breadcrumb\"},\"inLanguage\":\"es\",\"potentialAction\":[{\"@type\":\"ReadAction\",\"target\":[\"https:\/\/www.padreeustaquio.com.br\/reitor-fala-sobre-incidente-envolvendo-imagens-sacras-do-santuario-da-saude-e-da-paz\/\"]}]},{\"@type\":\"ImageObject\",\"inLanguage\":\"es\",\"@id\":\"https:\/\/www.padreeustaquio.com.br\/reitor-fala-sobre-incidente-envolvendo-imagens-sacras-do-santuario-da-saude-e-da-paz\/#primaryimage\",\"url\":\"https:\/\/www.padreeustaquio.com.br\/wp-content\/uploads\/2022\/09\/Imagem-SCJ-quebrada.jpeg\",\"contentUrl\":\"https:\/\/www.padreeustaquio.com.br\/wp-content\/uploads\/2022\/09\/Imagem-SCJ-quebrada.jpeg\",\"width\":1280,\"height\":720},{\"@type\":\"BreadcrumbList\",\"@id\":\"https:\/\/www.padreeustaquio.com.br\/reitor-fala-sobre-incidente-envolvendo-imagens-sacras-do-santuario-da-saude-e-da-paz\/#breadcrumb\",\"itemListElement\":[{\"@type\":\"ListItem\",\"position\":1,\"name\":\"In\u00edcio\",\"item\":\"https:\/\/www.padreeustaquio.com.br\/\"},{\"@type\":\"ListItem\",\"position\":2,\"name\":\"Reitor fala sobre incidente envolvendo imagens sacras do Santu\u00e1rio da Sa\u00fade e da Paz\"}]},{\"@type\":\"WebSite\",\"@id\":\"https:\/\/www.padreeustaquio.com.br\/#website\",\"url\":\"https:\/\/www.padreeustaquio.com.br\/\",\"name\":\"Padre Eust\u00e1quio\",\"description\":\"Sa\u00fade e Paz\",\"publisher\":{\"@id\":\"https:\/\/www.padreeustaquio.com.br\/#organization\"},\"potentialAction\":[{\"@type\":\"SearchAction\",\"target\":{\"@type\":\"EntryPoint\",\"urlTemplate\":\"https:\/\/www.padreeustaquio.com.br\/?s={search_term_string}\"},\"query-input\":{\"@type\":\"PropertyValueSpecification\",\"valueRequired\":true,\"valueName\":\"search_term_string\"}}],\"inLanguage\":\"es\"},{\"@type\":\"Organization\",\"@id\":\"https:\/\/www.padreeustaquio.com.br\/#organization\",\"name\":\"Padre Eust\u00e1quio\",\"url\":\"https:\/\/www.padreeustaquio.com.br\/\",\"logo\":{\"@type\":\"ImageObject\",\"inLanguage\":\"es\",\"@id\":\"https:\/\/www.padreeustaquio.com.br\/#\/schema\/logo\/image\/\",\"url\":\"https:\/\/www.padreeustaquio.com.br\/wp-content\/uploads\/2019\/08\/marca.png\",\"contentUrl\":\"https:\/\/www.padreeustaquio.com.br\/wp-content\/uploads\/2019\/08\/marca.png\",\"width\":350,\"height\":400,\"caption\":\"Padre Eust\u00e1quio\"},\"image\":{\"@id\":\"https:\/\/www.padreeustaquio.com.br\/#\/schema\/logo\/image\/\"},\"sameAs\":[\"https:\/\/www.facebook.com\/beatopadreeustaquio\/\",\"https:\/\/x.com\/beatopeustaquio\",\"https:\/\/www.instagram.com\/beatopadreeustaquio\/\",\"https:\/\/www.youtube.com\/channel\/UCRhw7vfabnajwLxb1ZXMeIw\"]},{\"@type\":\"Person\",\"@id\":\"https:\/\/www.padreeustaquio.com.br\/#\/schema\/person\/a2a51db1d00f1a7af0204a0f1ddb1566\",\"name\":\"@sscc\",\"image\":{\"@type\":\"ImageObject\",\"inLanguage\":\"es\",\"@id\":\"https:\/\/secure.gravatar.com\/avatar\/68cfafa5f44617fea54071e215026e0ff06be366c3d54a8425f04fdcb86f8c5f?s=96&d=mm&r=g\",\"url\":\"https:\/\/secure.gravatar.com\/avatar\/68cfafa5f44617fea54071e215026e0ff06be366c3d54a8425f04fdcb86f8c5f?s=96&d=mm&r=g\",\"contentUrl\":\"https:\/\/secure.gravatar.com\/avatar\/68cfafa5f44617fea54071e215026e0ff06be366c3d54a8425f04fdcb86f8c5f?s=96&d=mm&r=g\",\"caption\":\"@sscc\"},\"url\":\"https:\/\/www.padreeustaquio.com.br\/es\/author\/sscc\/\"}]}<\/script>\n<!-- \/ Yoast SEO plugin. -->","yoast_head_json":{"title":"Rector habla sobre incidente con im\u00e1genes sagradas en el Santuario de la Salud y la Paz.","description":"El Padre Vin\u00edcius Maciel, SSCC, rector del Santuario Arquidiocesano de Salud y Paz, habl\u00f3 a primera hora de la tarde sobre el ataque a las im\u00e1genes de la iglesia ocurrido la ma\u00f1ana de este jueves (29). El p\u00e1rroco tranquiliz\u00f3 a los devotos que se encontraban en el templo y pidi\u00f3 que no hubiera ira ni venganza.","robots":{"index":"index","follow":"follow","max-snippet":"max-snippet:-1","max-image-preview":"max-image-preview:large","max-video-preview":"max-video-preview:-1"},"canonical":"https:\/\/www.padreeustaquio.com.br\/es\/rector-habla-sobre-incidente-con-imagenes-sagradas-en-el-santuario-de-la-salud-y-la-paz\/","og_locale":"es_ES","og_type":"article","og_title":"Reitor fala sobre incidente envolvendo imagens sacras do Santu\u00e1rio da Sa\u00fade e da Paz","og_description":"O padre Vin\u00edcius Maciel, SSCC, reitor do Santu\u00e1rio Arquidiocesano da Sa\u00fade e da Paz, falou, no in\u00edcio da tarde sobre o ataque \u00e0s imagens da igreja na manh\u00e3 desta quinta-feira (29). O p\u00e1roco acalmou os devotos que estavam no templo e pediu que n\u00e3o haja raiva nem vingan\u00e7a.","og_url":"https:\/\/www.padreeustaquio.com.br\/es\/rector-habla-sobre-incidente-con-imagenes-sagradas-en-el-santuario-de-la-salud-y-la-paz\/","og_site_name":"Padre Eust\u00e1quio","article_publisher":"https:\/\/www.facebook.com\/beatopadreeustaquio\/","article_published_time":"2022-09-29T20:53:40+00:00","article_modified_time":"2022-09-29T20:53:42+00:00","og_image":[{"width":1280,"height":720,"url":"https:\/\/www.padreeustaquio.com.br\/wp-content\/uploads\/2022\/09\/Imagem-SCJ-quebrada.jpeg","type":"image\/jpeg"}],"author":"@sscc","twitter_card":"summary_large_image","twitter_image":"https:\/\/www.padreeustaquio.com.br\/wp-content\/uploads\/2022\/09\/Imagem-SCJ-quebrada.jpeg","twitter_creator":"@beatopeustaquio","twitter_site":"@beatopeustaquio","twitter_misc":{"Escrito por":"@sscc","Tiempo de lectura":"1 minuto"},"schema":{"@context":"https:\/\/schema.org","@graph":[{"@type":"Article","@id":"https:\/\/www.padreeustaquio.com.br\/reitor-fala-sobre-incidente-envolvendo-imagens-sacras-do-santuario-da-saude-e-da-paz\/#article","isPartOf":{"@id":"https:\/\/www.padreeustaquio.com.br\/reitor-fala-sobre-incidente-envolvendo-imagens-sacras-do-santuario-da-saude-e-da-paz\/"},"author":{"name":"@sscc","@id":"https:\/\/www.padreeustaquio.com.br\/#\/schema\/person\/a2a51db1d00f1a7af0204a0f1ddb1566"},"headline":"Reitor fala sobre incidente envolvendo imagens sacras do Santu\u00e1rio da Sa\u00fade e da Paz","datePublished":"2022-09-29T20:53:40+00:00","dateModified":"2022-09-29T20:53:42+00:00","mainEntityOfPage":{"@id":"https:\/\/www.padreeustaquio.com.br\/reitor-fala-sobre-incidente-envolvendo-imagens-sacras-do-santuario-da-saude-e-da-paz\/"},"wordCount":249,"commentCount":0,"publisher":{"@id":"https:\/\/www.padreeustaquio.com.br\/#organization"},"image":{"@id":"https:\/\/www.padreeustaquio.com.br\/reitor-fala-sobre-incidente-envolvendo-imagens-sacras-do-santuario-da-saude-e-da-paz\/#primaryimage"},"thumbnailUrl":"https:\/\/www.padreeustaquio.com.br\/wp-content\/uploads\/2022\/09\/Imagem-SCJ-quebrada.jpeg","articleSection":["Not\u00edcias"],"inLanguage":"es","potentialAction":[{"@type":"CommentAction","name":"Comment","target":["https:\/\/www.padreeustaquio.com.br\/reitor-fala-sobre-incidente-envolvendo-imagens-sacras-do-santuario-da-saude-e-da-paz\/#respond"]}]},{"@type":"WebPage","@id":"https:\/\/www.padreeustaquio.com.br\/reitor-fala-sobre-incidente-envolvendo-imagens-sacras-do-santuario-da-saude-e-da-paz\/","url":"https:\/\/www.padreeustaquio.com.br\/reitor-fala-sobre-incidente-envolvendo-imagens-sacras-do-santuario-da-saude-e-da-paz\/","name":"Rector habla sobre incidente con im\u00e1genes sagradas en el Santuario de la Salud y la Paz.","isPartOf":{"@id":"https:\/\/www.padreeustaquio.com.br\/#website"},"primaryImageOfPage":{"@id":"https:\/\/www.padreeustaquio.com.br\/reitor-fala-sobre-incidente-envolvendo-imagens-sacras-do-santuario-da-saude-e-da-paz\/#primaryimage"},"image":{"@id":"https:\/\/www.padreeustaquio.com.br\/reitor-fala-sobre-incidente-envolvendo-imagens-sacras-do-santuario-da-saude-e-da-paz\/#primaryimage"},"thumbnailUrl":"https:\/\/www.padreeustaquio.com.br\/wp-content\/uploads\/2022\/09\/Imagem-SCJ-quebrada.jpeg","datePublished":"2022-09-29T20:53:40+00:00","dateModified":"2022-09-29T20:53:42+00:00","description":"El Padre Vin\u00edcius Maciel, SSCC, rector del Santuario Arquidiocesano de Salud y Paz, habl\u00f3 a primera hora de la tarde sobre el ataque a las im\u00e1genes de la iglesia ocurrido la ma\u00f1ana de este jueves (29). El p\u00e1rroco tranquiliz\u00f3 a los devotos que se encontraban en el templo y pidi\u00f3 que no hubiera ira ni venganza.","breadcrumb":{"@id":"https:\/\/www.padreeustaquio.com.br\/reitor-fala-sobre-incidente-envolvendo-imagens-sacras-do-santuario-da-saude-e-da-paz\/#breadcrumb"},"inLanguage":"es","potentialAction":[{"@type":"ReadAction","target":["https:\/\/www.padreeustaquio.com.br\/reitor-fala-sobre-incidente-envolvendo-imagens-sacras-do-santuario-da-saude-e-da-paz\/"]}]},{"@type":"ImageObject","inLanguage":"es","@id":"https:\/\/www.padreeustaquio.com.br\/reitor-fala-sobre-incidente-envolvendo-imagens-sacras-do-santuario-da-saude-e-da-paz\/#primaryimage","url":"https:\/\/www.padreeustaquio.com.br\/wp-content\/uploads\/2022\/09\/Imagem-SCJ-quebrada.jpeg","contentUrl":"https:\/\/www.padreeustaquio.com.br\/wp-content\/uploads\/2022\/09\/Imagem-SCJ-quebrada.jpeg","width":1280,"height":720},{"@type":"BreadcrumbList","@id":"https:\/\/www.padreeustaquio.com.br\/reitor-fala-sobre-incidente-envolvendo-imagens-sacras-do-santuario-da-saude-e-da-paz\/#breadcrumb","itemListElement":[{"@type":"ListItem","position":1,"name":"In\u00edcio","item":"https:\/\/www.padreeustaquio.com.br\/"},{"@type":"ListItem","position":2,"name":"Reitor fala sobre incidente envolvendo imagens sacras do Santu\u00e1rio da Sa\u00fade e da Paz"}]},{"@type":"WebSite","@id":"https:\/\/www.padreeustaquio.com.br\/#website","url":"https:\/\/www.padreeustaquio.com.br\/","name":"Padre Eustace","description":"Salud y Paz","publisher":{"@id":"https:\/\/www.padreeustaquio.com.br\/#organization"},"potentialAction":[{"@type":"SearchAction","target":{"@type":"EntryPoint","urlTemplate":"https:\/\/www.padreeustaquio.com.br\/?s={search_term_string}"},"query-input":{"@type":"PropertyValueSpecification","valueRequired":true,"valueName":"search_term_string"}}],"inLanguage":"es"},{"@type":"Organization","@id":"https:\/\/www.padreeustaquio.com.br\/#organization","name":"Padre Eustace","url":"https:\/\/www.padreeustaquio.com.br\/","logo":{"@type":"ImageObject","inLanguage":"es","@id":"https:\/\/www.padreeustaquio.com.br\/#\/schema\/logo\/image\/","url":"https:\/\/www.padreeustaquio.com.br\/wp-content\/uploads\/2019\/08\/marca.png","contentUrl":"https:\/\/www.padreeustaquio.com.br\/wp-content\/uploads\/2019\/08\/marca.png","width":350,"height":400,"caption":"Padre Eust\u00e1quio"},"image":{"@id":"https:\/\/www.padreeustaquio.com.br\/#\/schema\/logo\/image\/"},"sameAs":["https:\/\/www.facebook.com\/beatopadreeustaquio\/","https:\/\/x.com\/beatopeustaquio","https:\/\/www.instagram.com\/beatopadreeustaquio\/","https:\/\/www.youtube.com\/channel\/UCRhw7vfabnajwLxb1ZXMeIw"]},{"@type":"Person","@id":"https:\/\/www.padreeustaquio.com.br\/#\/schema\/person\/a2a51db1d00f1a7af0204a0f1ddb1566","name":"@sscc","image":{"@type":"ImageObject","inLanguage":"es","@id":"https:\/\/secure.gravatar.com\/avatar\/68cfafa5f44617fea54071e215026e0ff06be366c3d54a8425f04fdcb86f8c5f?s=96&d=mm&r=g","url":"https:\/\/secure.gravatar.com\/avatar\/68cfafa5f44617fea54071e215026e0ff06be366c3d54a8425f04fdcb86f8c5f?s=96&d=mm&r=g","contentUrl":"https:\/\/secure.gravatar.com\/avatar\/68cfafa5f44617fea54071e215026e0ff06be366c3d54a8425f04fdcb86f8c5f?s=96&d=mm&r=g","caption":"@sscc"},"url":"https:\/\/www.padreeustaquio.com.br\/es\/author\/sscc\/"}]}},"_links":{"self":[{"href":"https:\/\/www.padreeustaquio.com.br\/es\/wp-json\/wp\/v2\/posts\/9337","targetHints":{"allow":["GET"]}}],"collection":[{"href":"https:\/\/www.padreeustaquio.com.br\/es\/wp-json\/wp\/v2\/posts"}],"about":[{"href":"https:\/\/www.padreeustaquio.com.br\/es\/wp-json\/wp\/v2\/types\/post"}],"author":[{"embeddable":true,"href":"https:\/\/www.padreeustaquio.com.br\/es\/wp-json\/wp\/v2\/users\/2"}],"replies":[{"embeddable":true,"href":"https:\/\/www.padreeustaquio.com.br\/es\/wp-json\/wp\/v2\/comments?post=9337"}],"version-history":[{"count":0,"href":"https:\/\/www.padreeustaquio.com.br\/es\/wp-json\/wp\/v2\/posts\/9337\/revisions"}],"wp:featuredmedia":[{"embeddable":true,"href":"https:\/\/www.padreeustaquio.com.br\/es\/wp-json\/wp\/v2\/media\/9339"}],"wp:attachment":[{"href":"https:\/\/www.padreeustaquio.com.br\/es\/wp-json\/wp\/v2\/media?parent=9337"}],"wp:term":[{"taxonomy":"category","embeddable":true,"href":"https:\/\/www.padreeustaquio.com.br\/es\/wp-json\/wp\/v2\/categories?post=9337"},{"taxonomy":"post_tag","embeddable":true,"href":"https:\/\/www.padreeustaquio.com.br\/es\/wp-json\/wp\/v2\/tags?post=9337"}],"curies":[{"name":"wp","href":"https:\/\/api.w.org\/{rel}","templated":true}]}}