{"id":9324,"date":"2022-09-27T08:59:30","date_gmt":"2022-09-27T11:59:30","guid":{"rendered":"https:\/\/www.padreeustaquio.com.br\/?p=9324"},"modified":"2022-09-27T08:59:31","modified_gmt":"2022-09-27T11:59:31","slug":"la-devocion-al-padre-eustaquio-llega-a-ninos-y-adolescentes-fuera-de-brasil","status":"publish","type":"post","link":"https:\/\/www.padreeustaquio.com.br\/es\/la-devocion-al-padre-eustaquio-llega-a-ninos-y-adolescentes-fuera-de-brasil\/","title":{"rendered":"La devoci\u00f3n al Padre Eustaquio llega a ni\u00f1os y adolescentes fuera de Brasil."},"content":{"rendered":"<p>La devoci\u00f3n al Beato Padre Eustaquio ha llegado a los ni\u00f1os de Venezuela. Esto se debe a que los catec\u00famenos de la Parroquia &quot;Santa Luc\u00eda en Rubio&quot; de la ciudad de T\u00e1chira, Venezuela, recibieron una l\u00e1mina con la oraci\u00f3n del Beato Padre.<\/p>\n\n\n\n<p>La estampa del Bendito tambi\u00e9n se distribuy\u00f3 a los j\u00f3venes participantes del VI Congreso Latinoamericano y del Caribe de Comunicaci\u00f3n en Panam\u00e1. Representantes de diversos pa\u00edses, incluyendo adolescentes de Panam\u00e1, Ecuador y Paraguay, recibieron la estampa. La distribuci\u00f3n estuvo a cargo de la devota Erika Rodrigues, de Belo Horizonte.<\/p>\n\n\n\n<p>\u00bfLe gustar\u00eda tambi\u00e9n llevar la devoci\u00f3n al Beato Padre Eustaquio a su parroquia? Cont\u00e1ctenos por correo electr\u00f3nico a contato@padreeustaquio.com.br y descubra c\u00f3mo recibir el material promocional del Misionero de la Salud y la Paz.<\/p>\n\n\n\n<p><\/p>","protected":false},"excerpt":{"rendered":"<p>A devo\u00e7\u00e3o ao Beato Padre Eust\u00e1quio chegou at\u00e9 crian\u00e7as da Venezuela. Isso porque os catequizandos da Par\u00f3quia \u201cSanta Luc\u00eda en Rubio\u201d, da cidade de T\u00e1chira, na Venezuela, receberam a estampa com a ora\u00e7\u00e3o do bem-aventurado. O santinho do Beato foi distribu\u00eddo tamb\u00e9m para os jovens que participam do 6\u00b0 Congresso de Comunica\u00e7\u00e3o da Am\u00e9rica Latina e Caribe no Panam\u00e1. Representantes de diversos pa\u00edses receberam a estampa, entre eles, adolescentes do Panam\u00e1, Equador e Paraguai. A distribui\u00e7\u00e3o foi feita pela devota Erika Rodrigues, de Belo Horizonte. Voc\u00ea tamb\u00e9m quer levar a devo\u00e7\u00e3o ao Bem-aventurado Padre Eust\u00e1quio para sua par\u00f3quia? Entre em [&hellip;]<\/p>\n","protected":false},"author":2,"featured_media":9325,"comment_status":"open","ping_status":"closed","sticky":false,"template":"","format":"standard","meta":{"_acf_changed":false,"footnotes":""},"categories":[611],"tags":[],"class_list":["post-9324","post","type-post","status-publish","format-standard","has-post-thumbnail","hentry","category-noticias"],"acf":[],"yoast_head":"<!-- This site is optimized with the Yoast SEO plugin v27.2 - https:\/\/yoast.com\/product\/yoast-seo-wordpress\/ -->\n<title>Devo\u00e7\u00e3o a Padre Eust\u00e1quio chega a crian\u00e7as e adolescentes fora do Brasil<\/title>\n<meta name=\"description\" content=\"A devo\u00e7\u00e3o ao Beato Padre Eust\u00e1quio chegou at\u00e9 crian\u00e7as da Venezuela. Isso porque os catequizandos da Par\u00f3quia \u201cSanta Luc\u00eda en Rubio\u201d, da cidade de T\u00e1chira, na Venezuela, receberam a estampa com a ora\u00e7\u00e3o do bem-aventurado.\" \/>\n<meta name=\"robots\" content=\"index, follow, max-snippet:-1, max-image-preview:large, max-video-preview:-1\" \/>\n<link rel=\"canonical\" href=\"https:\/\/www.padreeustaquio.com.br\/es\/la-devocion-al-padre-eustaquio-llega-a-ninos-y-adolescentes-fuera-de-brasil\/\" \/>\n<meta property=\"og:locale\" content=\"es_ES\" \/>\n<meta property=\"og:type\" content=\"article\" \/>\n<meta property=\"og:title\" content=\"Devo\u00e7\u00e3o a Padre Eust\u00e1quio chega a crian\u00e7as e adolescentes fora do Brasil\" \/>\n<meta property=\"og:description\" content=\"A devo\u00e7\u00e3o ao Beato Padre Eust\u00e1quio chegou at\u00e9 crian\u00e7as da Venezuela. Isso porque os catequizandos da Par\u00f3quia \u201cSanta Luc\u00eda en Rubio\u201d, da cidade de T\u00e1chira, na Venezuela, receberam a estampa com a ora\u00e7\u00e3o do bem-aventurado.\" \/>\n<meta property=\"og:url\" content=\"https:\/\/www.padreeustaquio.com.br\/es\/la-devocion-al-padre-eustaquio-llega-a-ninos-y-adolescentes-fuera-de-brasil\/\" \/>\n<meta property=\"og:site_name\" content=\"Padre Eust\u00e1quio\" \/>\n<meta property=\"article:publisher\" content=\"https:\/\/www.facebook.com\/beatopadreeustaquio\/\" \/>\n<meta property=\"article:published_time\" content=\"2022-09-27T11:59:30+00:00\" \/>\n<meta property=\"article:modified_time\" content=\"2022-09-27T11:59:31+00:00\" \/>\n<meta property=\"og:image\" content=\"https:\/\/www.padreeustaquio.com.br\/wp-content\/uploads\/2022\/09\/Devocao-a-Padre-Eustaquio-fora-do-pais.jpeg\" \/>\n\t<meta property=\"og:image:width\" content=\"1080\" \/>\n\t<meta property=\"og:image:height\" content=\"810\" \/>\n\t<meta property=\"og:image:type\" content=\"image\/jpeg\" \/>\n<meta name=\"author\" content=\"@sscc\" \/>\n<meta name=\"twitter:card\" content=\"summary_large_image\" \/>\n<meta name=\"twitter:image\" content=\"https:\/\/www.padreeustaquio.com.br\/wp-content\/uploads\/2022\/09\/Devocao-a-Padre-Eustaquio-fora-do-pais.jpeg\" \/>\n<meta name=\"twitter:creator\" content=\"@beatopeustaquio\" \/>\n<meta name=\"twitter:site\" content=\"@beatopeustaquio\" \/>\n<meta name=\"twitter:label1\" content=\"Escrito por\" \/>\n\t<meta name=\"twitter:data1\" content=\"@sscc\" \/>\n\t<meta name=\"twitter:label2\" content=\"Tiempo de lectura\" \/>\n\t<meta name=\"twitter:data2\" content=\"1 minuto\" \/>\n<script type=\"application\/ld+json\" class=\"yoast-schema-graph\">{\"@context\":\"https:\/\/schema.org\",\"@graph\":[{\"@type\":\"Article\",\"@id\":\"https:\/\/www.padreeustaquio.com.br\/devocao-a-padre-eustaquio-chega-a-criancas-e-adolescentes-fora-do-brasil\/#article\",\"isPartOf\":{\"@id\":\"https:\/\/www.padreeustaquio.com.br\/devocao-a-padre-eustaquio-chega-a-criancas-e-adolescentes-fora-do-brasil\/\"},\"author\":{\"name\":\"@sscc\",\"@id\":\"https:\/\/www.padreeustaquio.com.br\/#\/schema\/person\/a2a51db1d00f1a7af0204a0f1ddb1566\"},\"headline\":\"Devo\u00e7\u00e3o a Padre Eust\u00e1quio chega a crian\u00e7as e adolescentes fora do Brasil\",\"datePublished\":\"2022-09-27T11:59:30+00:00\",\"dateModified\":\"2022-09-27T11:59:31+00:00\",\"mainEntityOfPage\":{\"@id\":\"https:\/\/www.padreeustaquio.com.br\/devocao-a-padre-eustaquio-chega-a-criancas-e-adolescentes-fora-do-brasil\/\"},\"wordCount\":159,\"commentCount\":0,\"publisher\":{\"@id\":\"https:\/\/www.padreeustaquio.com.br\/#organization\"},\"image\":{\"@id\":\"https:\/\/www.padreeustaquio.com.br\/devocao-a-padre-eustaquio-chega-a-criancas-e-adolescentes-fora-do-brasil\/#primaryimage\"},\"thumbnailUrl\":\"https:\/\/www.padreeustaquio.com.br\/wp-content\/uploads\/2022\/09\/Devocao-a-Padre-Eustaquio-fora-do-pais.jpeg\",\"articleSection\":[\"Not\u00edcias\"],\"inLanguage\":\"es\",\"potentialAction\":[{\"@type\":\"CommentAction\",\"name\":\"Comment\",\"target\":[\"https:\/\/www.padreeustaquio.com.br\/devocao-a-padre-eustaquio-chega-a-criancas-e-adolescentes-fora-do-brasil\/#respond\"]}]},{\"@type\":\"WebPage\",\"@id\":\"https:\/\/www.padreeustaquio.com.br\/devocao-a-padre-eustaquio-chega-a-criancas-e-adolescentes-fora-do-brasil\/\",\"url\":\"https:\/\/www.padreeustaquio.com.br\/devocao-a-padre-eustaquio-chega-a-criancas-e-adolescentes-fora-do-brasil\/\",\"name\":\"Devo\u00e7\u00e3o a Padre Eust\u00e1quio chega a crian\u00e7as e adolescentes fora do Brasil\",\"isPartOf\":{\"@id\":\"https:\/\/www.padreeustaquio.com.br\/#website\"},\"primaryImageOfPage\":{\"@id\":\"https:\/\/www.padreeustaquio.com.br\/devocao-a-padre-eustaquio-chega-a-criancas-e-adolescentes-fora-do-brasil\/#primaryimage\"},\"image\":{\"@id\":\"https:\/\/www.padreeustaquio.com.br\/devocao-a-padre-eustaquio-chega-a-criancas-e-adolescentes-fora-do-brasil\/#primaryimage\"},\"thumbnailUrl\":\"https:\/\/www.padreeustaquio.com.br\/wp-content\/uploads\/2022\/09\/Devocao-a-Padre-Eustaquio-fora-do-pais.jpeg\",\"datePublished\":\"2022-09-27T11:59:30+00:00\",\"dateModified\":\"2022-09-27T11:59:31+00:00\",\"description\":\"A devo\u00e7\u00e3o ao Beato Padre Eust\u00e1quio chegou at\u00e9 crian\u00e7as da Venezuela. Isso porque os catequizandos da Par\u00f3quia \u201cSanta Luc\u00eda en Rubio\u201d, da cidade de T\u00e1chira, na Venezuela, receberam a estampa com a ora\u00e7\u00e3o do bem-aventurado.\",\"breadcrumb\":{\"@id\":\"https:\/\/www.padreeustaquio.com.br\/devocao-a-padre-eustaquio-chega-a-criancas-e-adolescentes-fora-do-brasil\/#breadcrumb\"},\"inLanguage\":\"es\",\"potentialAction\":[{\"@type\":\"ReadAction\",\"target\":[\"https:\/\/www.padreeustaquio.com.br\/devocao-a-padre-eustaquio-chega-a-criancas-e-adolescentes-fora-do-brasil\/\"]}]},{\"@type\":\"ImageObject\",\"inLanguage\":\"es\",\"@id\":\"https:\/\/www.padreeustaquio.com.br\/devocao-a-padre-eustaquio-chega-a-criancas-e-adolescentes-fora-do-brasil\/#primaryimage\",\"url\":\"https:\/\/www.padreeustaquio.com.br\/wp-content\/uploads\/2022\/09\/Devocao-a-Padre-Eustaquio-fora-do-pais.jpeg\",\"contentUrl\":\"https:\/\/www.padreeustaquio.com.br\/wp-content\/uploads\/2022\/09\/Devocao-a-Padre-Eustaquio-fora-do-pais.jpeg\",\"width\":1080,\"height\":810},{\"@type\":\"BreadcrumbList\",\"@id\":\"https:\/\/www.padreeustaquio.com.br\/devocao-a-padre-eustaquio-chega-a-criancas-e-adolescentes-fora-do-brasil\/#breadcrumb\",\"itemListElement\":[{\"@type\":\"ListItem\",\"position\":1,\"name\":\"In\u00edcio\",\"item\":\"https:\/\/www.padreeustaquio.com.br\/\"},{\"@type\":\"ListItem\",\"position\":2,\"name\":\"Devo\u00e7\u00e3o a Padre Eust\u00e1quio chega a crian\u00e7as e adolescentes fora do Brasil\"}]},{\"@type\":\"WebSite\",\"@id\":\"https:\/\/www.padreeustaquio.com.br\/#website\",\"url\":\"https:\/\/www.padreeustaquio.com.br\/\",\"name\":\"Padre Eust\u00e1quio\",\"description\":\"Sa\u00fade e Paz\",\"publisher\":{\"@id\":\"https:\/\/www.padreeustaquio.com.br\/#organization\"},\"potentialAction\":[{\"@type\":\"SearchAction\",\"target\":{\"@type\":\"EntryPoint\",\"urlTemplate\":\"https:\/\/www.padreeustaquio.com.br\/?s={search_term_string}\"},\"query-input\":{\"@type\":\"PropertyValueSpecification\",\"valueRequired\":true,\"valueName\":\"search_term_string\"}}],\"inLanguage\":\"es\"},{\"@type\":\"Organization\",\"@id\":\"https:\/\/www.padreeustaquio.com.br\/#organization\",\"name\":\"Padre Eust\u00e1quio\",\"url\":\"https:\/\/www.padreeustaquio.com.br\/\",\"logo\":{\"@type\":\"ImageObject\",\"inLanguage\":\"es\",\"@id\":\"https:\/\/www.padreeustaquio.com.br\/#\/schema\/logo\/image\/\",\"url\":\"https:\/\/www.padreeustaquio.com.br\/wp-content\/uploads\/2019\/08\/marca.png\",\"contentUrl\":\"https:\/\/www.padreeustaquio.com.br\/wp-content\/uploads\/2019\/08\/marca.png\",\"width\":350,\"height\":400,\"caption\":\"Padre Eust\u00e1quio\"},\"image\":{\"@id\":\"https:\/\/www.padreeustaquio.com.br\/#\/schema\/logo\/image\/\"},\"sameAs\":[\"https:\/\/www.facebook.com\/beatopadreeustaquio\/\",\"https:\/\/x.com\/beatopeustaquio\",\"https:\/\/www.instagram.com\/beatopadreeustaquio\/\",\"https:\/\/www.youtube.com\/channel\/UCRhw7vfabnajwLxb1ZXMeIw\"]},{\"@type\":\"Person\",\"@id\":\"https:\/\/www.padreeustaquio.com.br\/#\/schema\/person\/a2a51db1d00f1a7af0204a0f1ddb1566\",\"name\":\"@sscc\",\"image\":{\"@type\":\"ImageObject\",\"inLanguage\":\"es\",\"@id\":\"https:\/\/secure.gravatar.com\/avatar\/68cfafa5f44617fea54071e215026e0ff06be366c3d54a8425f04fdcb86f8c5f?s=96&d=mm&r=g\",\"url\":\"https:\/\/secure.gravatar.com\/avatar\/68cfafa5f44617fea54071e215026e0ff06be366c3d54a8425f04fdcb86f8c5f?s=96&d=mm&r=g\",\"contentUrl\":\"https:\/\/secure.gravatar.com\/avatar\/68cfafa5f44617fea54071e215026e0ff06be366c3d54a8425f04fdcb86f8c5f?s=96&d=mm&r=g\",\"caption\":\"@sscc\"},\"url\":\"https:\/\/www.padreeustaquio.com.br\/es\/author\/sscc\/\"}]}<\/script>\n<!-- \/ Yoast SEO plugin. -->","yoast_head_json":{"title":"La devoci\u00f3n al Padre Eustaquio llega a ni\u00f1os y adolescentes fuera de Brasil.","description":"La devoci\u00f3n al Beato Padre Eustaquio ha llegado a los ni\u00f1os de Venezuela. Esto se debe a que los catec\u00famenos de la Parroquia &quot;Santa Luc\u00eda en Rubio&quot; de la ciudad de T\u00e1chira, Venezuela, recibieron una l\u00e1mina con la oraci\u00f3n del Beato Padre.","robots":{"index":"index","follow":"follow","max-snippet":"max-snippet:-1","max-image-preview":"max-image-preview:large","max-video-preview":"max-video-preview:-1"},"canonical":"https:\/\/www.padreeustaquio.com.br\/es\/la-devocion-al-padre-eustaquio-llega-a-ninos-y-adolescentes-fuera-de-brasil\/","og_locale":"es_ES","og_type":"article","og_title":"Devo\u00e7\u00e3o a Padre Eust\u00e1quio chega a crian\u00e7as e adolescentes fora do Brasil","og_description":"A devo\u00e7\u00e3o ao Beato Padre Eust\u00e1quio chegou at\u00e9 crian\u00e7as da Venezuela. Isso porque os catequizandos da Par\u00f3quia \u201cSanta Luc\u00eda en Rubio\u201d, da cidade de T\u00e1chira, na Venezuela, receberam a estampa com a ora\u00e7\u00e3o do bem-aventurado.","og_url":"https:\/\/www.padreeustaquio.com.br\/es\/la-devocion-al-padre-eustaquio-llega-a-ninos-y-adolescentes-fuera-de-brasil\/","og_site_name":"Padre Eust\u00e1quio","article_publisher":"https:\/\/www.facebook.com\/beatopadreeustaquio\/","article_published_time":"2022-09-27T11:59:30+00:00","article_modified_time":"2022-09-27T11:59:31+00:00","og_image":[{"width":1080,"height":810,"url":"https:\/\/www.padreeustaquio.com.br\/wp-content\/uploads\/2022\/09\/Devocao-a-Padre-Eustaquio-fora-do-pais.jpeg","type":"image\/jpeg"}],"author":"@sscc","twitter_card":"summary_large_image","twitter_image":"https:\/\/www.padreeustaquio.com.br\/wp-content\/uploads\/2022\/09\/Devocao-a-Padre-Eustaquio-fora-do-pais.jpeg","twitter_creator":"@beatopeustaquio","twitter_site":"@beatopeustaquio","twitter_misc":{"Escrito por":"@sscc","Tiempo de lectura":"1 minuto"},"schema":{"@context":"https:\/\/schema.org","@graph":[{"@type":"Article","@id":"https:\/\/www.padreeustaquio.com.br\/devocao-a-padre-eustaquio-chega-a-criancas-e-adolescentes-fora-do-brasil\/#article","isPartOf":{"@id":"https:\/\/www.padreeustaquio.com.br\/devocao-a-padre-eustaquio-chega-a-criancas-e-adolescentes-fora-do-brasil\/"},"author":{"name":"@sscc","@id":"https:\/\/www.padreeustaquio.com.br\/#\/schema\/person\/a2a51db1d00f1a7af0204a0f1ddb1566"},"headline":"Devo\u00e7\u00e3o a Padre Eust\u00e1quio chega a crian\u00e7as e adolescentes fora do Brasil","datePublished":"2022-09-27T11:59:30+00:00","dateModified":"2022-09-27T11:59:31+00:00","mainEntityOfPage":{"@id":"https:\/\/www.padreeustaquio.com.br\/devocao-a-padre-eustaquio-chega-a-criancas-e-adolescentes-fora-do-brasil\/"},"wordCount":159,"commentCount":0,"publisher":{"@id":"https:\/\/www.padreeustaquio.com.br\/#organization"},"image":{"@id":"https:\/\/www.padreeustaquio.com.br\/devocao-a-padre-eustaquio-chega-a-criancas-e-adolescentes-fora-do-brasil\/#primaryimage"},"thumbnailUrl":"https:\/\/www.padreeustaquio.com.br\/wp-content\/uploads\/2022\/09\/Devocao-a-Padre-Eustaquio-fora-do-pais.jpeg","articleSection":["Not\u00edcias"],"inLanguage":"es","potentialAction":[{"@type":"CommentAction","name":"Comment","target":["https:\/\/www.padreeustaquio.com.br\/devocao-a-padre-eustaquio-chega-a-criancas-e-adolescentes-fora-do-brasil\/#respond"]}]},{"@type":"WebPage","@id":"https:\/\/www.padreeustaquio.com.br\/devocao-a-padre-eustaquio-chega-a-criancas-e-adolescentes-fora-do-brasil\/","url":"https:\/\/www.padreeustaquio.com.br\/devocao-a-padre-eustaquio-chega-a-criancas-e-adolescentes-fora-do-brasil\/","name":"La devoci\u00f3n al Padre Eustaquio llega a ni\u00f1os y adolescentes fuera de Brasil.","isPartOf":{"@id":"https:\/\/www.padreeustaquio.com.br\/#website"},"primaryImageOfPage":{"@id":"https:\/\/www.padreeustaquio.com.br\/devocao-a-padre-eustaquio-chega-a-criancas-e-adolescentes-fora-do-brasil\/#primaryimage"},"image":{"@id":"https:\/\/www.padreeustaquio.com.br\/devocao-a-padre-eustaquio-chega-a-criancas-e-adolescentes-fora-do-brasil\/#primaryimage"},"thumbnailUrl":"https:\/\/www.padreeustaquio.com.br\/wp-content\/uploads\/2022\/09\/Devocao-a-Padre-Eustaquio-fora-do-pais.jpeg","datePublished":"2022-09-27T11:59:30+00:00","dateModified":"2022-09-27T11:59:31+00:00","description":"La devoci\u00f3n al Beato Padre Eustaquio ha llegado a los ni\u00f1os de Venezuela. Esto se debe a que los catec\u00famenos de la Parroquia &quot;Santa Luc\u00eda en Rubio&quot; de la ciudad de T\u00e1chira, Venezuela, recibieron una l\u00e1mina con la oraci\u00f3n del Beato Padre.","breadcrumb":{"@id":"https:\/\/www.padreeustaquio.com.br\/devocao-a-padre-eustaquio-chega-a-criancas-e-adolescentes-fora-do-brasil\/#breadcrumb"},"inLanguage":"es","potentialAction":[{"@type":"ReadAction","target":["https:\/\/www.padreeustaquio.com.br\/devocao-a-padre-eustaquio-chega-a-criancas-e-adolescentes-fora-do-brasil\/"]}]},{"@type":"ImageObject","inLanguage":"es","@id":"https:\/\/www.padreeustaquio.com.br\/devocao-a-padre-eustaquio-chega-a-criancas-e-adolescentes-fora-do-brasil\/#primaryimage","url":"https:\/\/www.padreeustaquio.com.br\/wp-content\/uploads\/2022\/09\/Devocao-a-Padre-Eustaquio-fora-do-pais.jpeg","contentUrl":"https:\/\/www.padreeustaquio.com.br\/wp-content\/uploads\/2022\/09\/Devocao-a-Padre-Eustaquio-fora-do-pais.jpeg","width":1080,"height":810},{"@type":"BreadcrumbList","@id":"https:\/\/www.padreeustaquio.com.br\/devocao-a-padre-eustaquio-chega-a-criancas-e-adolescentes-fora-do-brasil\/#breadcrumb","itemListElement":[{"@type":"ListItem","position":1,"name":"In\u00edcio","item":"https:\/\/www.padreeustaquio.com.br\/"},{"@type":"ListItem","position":2,"name":"Devo\u00e7\u00e3o a Padre Eust\u00e1quio chega a crian\u00e7as e adolescentes fora do Brasil"}]},{"@type":"WebSite","@id":"https:\/\/www.padreeustaquio.com.br\/#website","url":"https:\/\/www.padreeustaquio.com.br\/","name":"Padre Eustace","description":"Salud y Paz","publisher":{"@id":"https:\/\/www.padreeustaquio.com.br\/#organization"},"potentialAction":[{"@type":"SearchAction","target":{"@type":"EntryPoint","urlTemplate":"https:\/\/www.padreeustaquio.com.br\/?s={search_term_string}"},"query-input":{"@type":"PropertyValueSpecification","valueRequired":true,"valueName":"search_term_string"}}],"inLanguage":"es"},{"@type":"Organization","@id":"https:\/\/www.padreeustaquio.com.br\/#organization","name":"Padre Eustace","url":"https:\/\/www.padreeustaquio.com.br\/","logo":{"@type":"ImageObject","inLanguage":"es","@id":"https:\/\/www.padreeustaquio.com.br\/#\/schema\/logo\/image\/","url":"https:\/\/www.padreeustaquio.com.br\/wp-content\/uploads\/2019\/08\/marca.png","contentUrl":"https:\/\/www.padreeustaquio.com.br\/wp-content\/uploads\/2019\/08\/marca.png","width":350,"height":400,"caption":"Padre Eust\u00e1quio"},"image":{"@id":"https:\/\/www.padreeustaquio.com.br\/#\/schema\/logo\/image\/"},"sameAs":["https:\/\/www.facebook.com\/beatopadreeustaquio\/","https:\/\/x.com\/beatopeustaquio","https:\/\/www.instagram.com\/beatopadreeustaquio\/","https:\/\/www.youtube.com\/channel\/UCRhw7vfabnajwLxb1ZXMeIw"]},{"@type":"Person","@id":"https:\/\/www.padreeustaquio.com.br\/#\/schema\/person\/a2a51db1d00f1a7af0204a0f1ddb1566","name":"@sscc","image":{"@type":"ImageObject","inLanguage":"es","@id":"https:\/\/secure.gravatar.com\/avatar\/68cfafa5f44617fea54071e215026e0ff06be366c3d54a8425f04fdcb86f8c5f?s=96&d=mm&r=g","url":"https:\/\/secure.gravatar.com\/avatar\/68cfafa5f44617fea54071e215026e0ff06be366c3d54a8425f04fdcb86f8c5f?s=96&d=mm&r=g","contentUrl":"https:\/\/secure.gravatar.com\/avatar\/68cfafa5f44617fea54071e215026e0ff06be366c3d54a8425f04fdcb86f8c5f?s=96&d=mm&r=g","caption":"@sscc"},"url":"https:\/\/www.padreeustaquio.com.br\/es\/author\/sscc\/"}]}},"_links":{"self":[{"href":"https:\/\/www.padreeustaquio.com.br\/es\/wp-json\/wp\/v2\/posts\/9324","targetHints":{"allow":["GET"]}}],"collection":[{"href":"https:\/\/www.padreeustaquio.com.br\/es\/wp-json\/wp\/v2\/posts"}],"about":[{"href":"https:\/\/www.padreeustaquio.com.br\/es\/wp-json\/wp\/v2\/types\/post"}],"author":[{"embeddable":true,"href":"https:\/\/www.padreeustaquio.com.br\/es\/wp-json\/wp\/v2\/users\/2"}],"replies":[{"embeddable":true,"href":"https:\/\/www.padreeustaquio.com.br\/es\/wp-json\/wp\/v2\/comments?post=9324"}],"version-history":[{"count":0,"href":"https:\/\/www.padreeustaquio.com.br\/es\/wp-json\/wp\/v2\/posts\/9324\/revisions"}],"wp:featuredmedia":[{"embeddable":true,"href":"https:\/\/www.padreeustaquio.com.br\/es\/wp-json\/wp\/v2\/media\/9325"}],"wp:attachment":[{"href":"https:\/\/www.padreeustaquio.com.br\/es\/wp-json\/wp\/v2\/media?parent=9324"}],"wp:term":[{"taxonomy":"category","embeddable":true,"href":"https:\/\/www.padreeustaquio.com.br\/es\/wp-json\/wp\/v2\/categories?post=9324"},{"taxonomy":"post_tag","embeddable":true,"href":"https:\/\/www.padreeustaquio.com.br\/es\/wp-json\/wp\/v2\/tags?post=9324"}],"curies":[{"name":"wp","href":"https:\/\/api.w.org\/{rel}","templated":true}]}}