{"id":9312,"date":"2022-09-26T06:42:00","date_gmt":"2022-09-26T09:42:00","guid":{"rendered":"https:\/\/www.padreeustaquio.com.br\/?p=9312"},"modified":"2022-09-20T07:32:30","modified_gmt":"2022-09-20T10:32:30","slug":"el-canal-del-padre-eustaquio-alcanza-el-hito-de-mas-de-medio-millon-de-visualizaciones","status":"publish","type":"post","link":"https:\/\/www.padreeustaquio.com.br\/es\/el-canal-del-padre-eustaquio-alcanza-el-hito-de-mas-de-medio-millon-de-visualizaciones\/","title":{"rendered":"Canal Padre Eust\u00e1quio alcanza el hito de m\u00e1s de medio mill\u00f3n de visualizaciones."},"content":{"rendered":"<p>Con m\u00e1s de 1800 videos publicados, el Canal Padre Eust\u00e1quio alcanz\u00f3 las 630\u00a0000 visualizaciones en agosto. Mediante transmisiones en vivo y grabaciones, el canal permite a los usuarios seguir las misas diarias celebradas en el Santuario de la Salud y la Paz, as\u00ed como su propia programaci\u00f3n, que ofrece oraci\u00f3n y devoci\u00f3n a todos los suscriptores.<\/p>\n\n\n\n<p>El canal fue creado por la Secretar\u00eda Nacional para la Causa de Canonizaci\u00f3n del Padre Eust\u00e1quio y actualmente cuenta con m\u00e1s de 12.400 suscriptores. La p\u00e1gina se cre\u00f3 en 2017, pero cobr\u00f3 impulso con la pandemia de COVID-19, en marzo de 2020, cuando los fieles comenzaron a seguir las misas desde la Iglesia del Beato Padre Eust\u00e1quio. Actualmente, el canal cuenta con suscriptores en todo Brasil y en algunos lugares del extranjero.<\/p>\n\n\n\n<p>Hoy en d\u00eda, el Canal Padre Eust\u00e1quio se distingue por su contenido exclusivo, destacando su labor de acercar la devoci\u00f3n al Beato Padre Eust\u00e1quio a cada vez m\u00e1s personas. Entre las producciones del canal se encuentran... <a href=\"https:\/\/www.youtube.com\/watch?v=tUMuob-9Dmg&amp;list=PL7SBzddW7Uzk1IqSF0ZcVXkFjlzGEw5TL\" target=\"_blank\" rel=\"noreferrer noopener\">Novena a los Beatos<\/a>, <a href=\"https:\/\/www.youtube.com\/watch?v=4Osiz0a2VYI&amp;list=PL7SBzddW7UznsZi_vvOubD4MtIdOF6aLj\" target=\"_blank\" rel=\"noreferrer noopener\">Retiro de Cuaresma 2022<\/a>, <a href=\"https:\/\/www.youtube.com\/watch?v=x6bhq8mODDk&amp;list=PL7SBzddW7UzlmeaXR61f-gnc_phCBwaK-\" target=\"_blank\" rel=\"noreferrer noopener\">Novena a San Jos\u00e9<\/a> e <a href=\"https:\/\/www.youtube.com\/watch?v=dQixkybM_kM&amp;list=PL7SBzddW7UznJ0FuMEzp-pkKeQZNj0JhO\" target=\"_blank\" rel=\"noreferrer noopener\">Novena a San Dami\u00e1n de Molokai<\/a>. Adem\u00e1s, se realizaron dos grandes producciones musicales:\u201c<a href=\"https:\/\/www.youtube.com\/watch?v=LzD5wiSqe_U&amp;list=PL7SBzddW7Uzl0oioQ7sjYTdBCAD8PxigE&amp;index=1\" target=\"_blank\" rel=\"noreferrer noopener\">M\u00fasica y oraci\u00f3n: He aqu\u00ed el misterio de la fe.<\/a>\u201d&quot; y &quot;\u201c<a href=\"https:\/\/www.youtube.com\/watch?v=4KE4r77H7q0&amp;list=PL7SBzddW7UzkSK6m8DLeceUdC1A-QMrrv\" target=\"_blank\" rel=\"noreferrer noopener\">M\u00fasica y oraci\u00f3n: nace un misionero.<\/a>\u201d.<\/p>\n\n\n\n<p>Actualmente, dos programas semanales tambi\u00e9n forman parte de la programaci\u00f3n. Todos los jueves a las 20:30 h, <a href=\"https:\/\/www.youtube.com\/watch?v=-FqhbaOYkN8&amp;list=PL7SBzddW7UznkO3CvbeSEd4hagKCRI6XR&amp;index=6\" target=\"_blank\" rel=\"noreferrer noopener\">Un adorador eterno<\/a>, donde tenemos la oportunidad de escuchar los sermones del Padre L\u00facio Dumont Prado, cuarto vicepostulador de la Causa. Y, los domingos, a las 8:30 h, <a href=\"https:\/\/www.youtube.com\/watch?v=AWu5soHJxqw&amp;list=PL7SBzddW7Uzk8teUBjvw7M_lgqjzyAaA_\" target=\"_blank\" rel=\"noreferrer noopener\">Palavra del Se\u00f1or<\/a>, con meditaciones sobre el Evangelio de cada domingo, a cargo del padre Vin\u00edcius Maciel, actual vicepostulador.<\/p>\n\n\n\n<p>El Canal Padre Eust\u00e1quio se mantiene gracias a la ayuda de los fieles, quienes realizan donaciones para la transmisi\u00f3n. Dado que los gastos de las transmisiones son mensuales, su ayuda siempre es bienvenida. Haga su donaci\u00f3n a trav\u00e9s del Pix (31) 99545-1943 e indique que es para continuar la labor de transmisi\u00f3n del Santuario. Su donaci\u00f3n tambi\u00e9n puede hacerse a la cuenta:<\/p>\n\n\n\n<p><strong>Padre Eust\u00e1quio Acci\u00f3n Social CNPJ: 17.193.756\/0001-05<br>Banco Federal de Ahorros<br>Sucursal: 0089 | Operaci\u00f3n: 013 | Cuenta de ahorros: 48.086-7<\/strong><\/p>\n\n\n\n<p>Si a\u00fan no te has suscrito a nuestro canal de YouTube... <a href=\"https:\/\/www.youtube.com\/c\/CanalPadreEust%C3%A1quio\" target=\"_blank\" rel=\"noreferrer noopener\">Canal Padre Eust\u00e1quio, suscr\u00edbete!<\/a> Y haz clic en el \u00edcono de la campana para activar las notificaciones, as\u00ed siempre sabr\u00e1s cuando se publique contenido nuevo.<\/p>\n\n\n\n<p><\/p>","protected":false},"excerpt":{"rendered":"<p>Com mais de 1.800 v\u00eddeos publicados o Canal Padre Eust\u00e1quio atingiu, nesse m\u00eas de agosto, a marca de 630 mil visualiza\u00e7\u00f5es. Com transmiss\u00f5es ao vivo e v\u00eddeos gravados, por meio do Canal \u00e9 poss\u00edvel acompanhar diariamente as missas celebradas no Santu\u00e1rio da Sa\u00fade e da Paz e uma programa\u00e7\u00e3o pr\u00f3pria que leva ora\u00e7\u00e3o e devo\u00e7\u00e3o a todos os inscritos. O canal foi criado pelo Secretariado Nacional para a Causa de Canoniza\u00e7\u00e3o do Padre Eust\u00e1quio e conta hoje com mais de 12.400 inscritos. A p\u00e1gina foi criada em 2017 mas ganhou for\u00e7a com a pandemia de Covid-19, em mar\u00e7o de 2020, [&hellip;]<\/p>\n","protected":false},"author":2,"featured_media":9313,"comment_status":"open","ping_status":"closed","sticky":false,"template":"","format":"standard","meta":{"_acf_changed":false,"footnotes":""},"categories":[611],"tags":[],"class_list":["post-9312","post","type-post","status-publish","format-standard","has-post-thumbnail","hentry","category-noticias"],"acf":[],"yoast_head":"<!-- This site is optimized with the Yoast SEO plugin v27.2 - https:\/\/yoast.com\/product\/yoast-seo-wordpress\/ -->\n<title>Canal Padre Eust\u00e1quio atinge a marca de mais de meio milh\u00e3o de visualiza\u00e7\u00f5es<\/title>\n<meta name=\"description\" content=\"Com mais de 1.800 v\u00eddeos publicados o Canal Padre Eust\u00e1quio atingiu, nesse m\u00eas de agosto, a marca de 630 mil visualiza\u00e7\u00f5es. Com transmiss\u00f5es ao vivo e v\u00eddeos gravados, por meio do Canal \u00e9 poss\u00edvel acompanhar diariamente as missas celebradas no Santu\u00e1rio da Sa\u00fade e da Paz e uma programa\u00e7\u00e3o pr\u00f3pria que leva ora\u00e7\u00e3o e devo\u00e7\u00e3o a todos os inscritos.\" \/>\n<meta name=\"robots\" content=\"index, follow, max-snippet:-1, max-image-preview:large, max-video-preview:-1\" \/>\n<link rel=\"canonical\" href=\"https:\/\/www.padreeustaquio.com.br\/es\/el-canal-del-padre-eustaquio-alcanza-el-hito-de-mas-de-medio-millon-de-visualizaciones\/\" \/>\n<meta property=\"og:locale\" content=\"es_ES\" \/>\n<meta property=\"og:type\" content=\"article\" \/>\n<meta property=\"og:title\" content=\"Canal Padre Eust\u00e1quio atinge a marca de mais de meio milh\u00e3o de visualiza\u00e7\u00f5es\" \/>\n<meta property=\"og:description\" content=\"Com mais de 1.800 v\u00eddeos publicados o Canal Padre Eust\u00e1quio atingiu, nesse m\u00eas de agosto, a marca de 630 mil visualiza\u00e7\u00f5es. Com transmiss\u00f5es ao vivo e v\u00eddeos gravados, por meio do Canal \u00e9 poss\u00edvel acompanhar diariamente as missas celebradas no Santu\u00e1rio da Sa\u00fade e da Paz e uma programa\u00e7\u00e3o pr\u00f3pria que leva ora\u00e7\u00e3o e devo\u00e7\u00e3o a todos os inscritos.\" \/>\n<meta property=\"og:url\" content=\"https:\/\/www.padreeustaquio.com.br\/es\/el-canal-del-padre-eustaquio-alcanza-el-hito-de-mas-de-medio-millon-de-visualizaciones\/\" \/>\n<meta property=\"og:site_name\" content=\"Padre Eust\u00e1quio\" \/>\n<meta property=\"article:publisher\" content=\"https:\/\/www.facebook.com\/beatopadreeustaquio\/\" \/>\n<meta property=\"article:published_time\" content=\"2022-09-26T09:42:00+00:00\" \/>\n<meta property=\"og:image\" content=\"https:\/\/www.padreeustaquio.com.br\/wp-content\/uploads\/2022\/09\/Canal-Padre-Eustquio.jpeg\" \/>\n\t<meta property=\"og:image:width\" content=\"1280\" \/>\n\t<meta property=\"og:image:height\" content=\"960\" \/>\n\t<meta property=\"og:image:type\" content=\"image\/jpeg\" \/>\n<meta name=\"author\" content=\"@sscc\" \/>\n<meta name=\"twitter:card\" content=\"summary_large_image\" \/>\n<meta name=\"twitter:image\" content=\"https:\/\/www.padreeustaquio.com.br\/wp-content\/uploads\/2022\/09\/Canal-Padre-Eustquio.jpeg\" \/>\n<meta name=\"twitter:creator\" content=\"@beatopeustaquio\" \/>\n<meta name=\"twitter:site\" content=\"@beatopeustaquio\" \/>\n<meta name=\"twitter:label1\" content=\"Escrito por\" \/>\n\t<meta name=\"twitter:data1\" content=\"@sscc\" \/>\n\t<meta name=\"twitter:label2\" content=\"Tiempo de lectura\" \/>\n\t<meta name=\"twitter:data2\" content=\"2 minutos\" \/>\n<script type=\"application\/ld+json\" class=\"yoast-schema-graph\">{\"@context\":\"https:\/\/schema.org\",\"@graph\":[{\"@type\":\"Article\",\"@id\":\"https:\/\/www.padreeustaquio.com.br\/canal-padre-eustaquio-atinge-a-marca-de-mais-de-meio-milhao-de-visualizacoes\/#article\",\"isPartOf\":{\"@id\":\"https:\/\/www.padreeustaquio.com.br\/canal-padre-eustaquio-atinge-a-marca-de-mais-de-meio-milhao-de-visualizacoes\/\"},\"author\":{\"name\":\"@sscc\",\"@id\":\"https:\/\/www.padreeustaquio.com.br\/#\/schema\/person\/a2a51db1d00f1a7af0204a0f1ddb1566\"},\"headline\":\"Canal Padre Eust\u00e1quio atinge a marca de mais de meio milh\u00e3o de visualiza\u00e7\u00f5es\",\"datePublished\":\"2022-09-26T09:42:00+00:00\",\"mainEntityOfPage\":{\"@id\":\"https:\/\/www.padreeustaquio.com.br\/canal-padre-eustaquio-atinge-a-marca-de-mais-de-meio-milhao-de-visualizacoes\/\"},\"wordCount\":431,\"commentCount\":0,\"publisher\":{\"@id\":\"https:\/\/www.padreeustaquio.com.br\/#organization\"},\"image\":{\"@id\":\"https:\/\/www.padreeustaquio.com.br\/canal-padre-eustaquio-atinge-a-marca-de-mais-de-meio-milhao-de-visualizacoes\/#primaryimage\"},\"thumbnailUrl\":\"https:\/\/www.padreeustaquio.com.br\/wp-content\/uploads\/2022\/09\/Canal-Padre-Eustquio.jpeg\",\"articleSection\":[\"Not\u00edcias\"],\"inLanguage\":\"es\",\"potentialAction\":[{\"@type\":\"CommentAction\",\"name\":\"Comment\",\"target\":[\"https:\/\/www.padreeustaquio.com.br\/canal-padre-eustaquio-atinge-a-marca-de-mais-de-meio-milhao-de-visualizacoes\/#respond\"]}]},{\"@type\":\"WebPage\",\"@id\":\"https:\/\/www.padreeustaquio.com.br\/canal-padre-eustaquio-atinge-a-marca-de-mais-de-meio-milhao-de-visualizacoes\/\",\"url\":\"https:\/\/www.padreeustaquio.com.br\/canal-padre-eustaquio-atinge-a-marca-de-mais-de-meio-milhao-de-visualizacoes\/\",\"name\":\"Canal Padre Eust\u00e1quio atinge a marca de mais de meio milh\u00e3o de visualiza\u00e7\u00f5es\",\"isPartOf\":{\"@id\":\"https:\/\/www.padreeustaquio.com.br\/#website\"},\"primaryImageOfPage\":{\"@id\":\"https:\/\/www.padreeustaquio.com.br\/canal-padre-eustaquio-atinge-a-marca-de-mais-de-meio-milhao-de-visualizacoes\/#primaryimage\"},\"image\":{\"@id\":\"https:\/\/www.padreeustaquio.com.br\/canal-padre-eustaquio-atinge-a-marca-de-mais-de-meio-milhao-de-visualizacoes\/#primaryimage\"},\"thumbnailUrl\":\"https:\/\/www.padreeustaquio.com.br\/wp-content\/uploads\/2022\/09\/Canal-Padre-Eustquio.jpeg\",\"datePublished\":\"2022-09-26T09:42:00+00:00\",\"description\":\"Com mais de 1.800 v\u00eddeos publicados o Canal Padre Eust\u00e1quio atingiu, nesse m\u00eas de agosto, a marca de 630 mil visualiza\u00e7\u00f5es. Com transmiss\u00f5es ao vivo e v\u00eddeos gravados, por meio do Canal \u00e9 poss\u00edvel acompanhar diariamente as missas celebradas no Santu\u00e1rio da Sa\u00fade e da Paz e uma programa\u00e7\u00e3o pr\u00f3pria que leva ora\u00e7\u00e3o e devo\u00e7\u00e3o a todos os inscritos.\",\"breadcrumb\":{\"@id\":\"https:\/\/www.padreeustaquio.com.br\/canal-padre-eustaquio-atinge-a-marca-de-mais-de-meio-milhao-de-visualizacoes\/#breadcrumb\"},\"inLanguage\":\"es\",\"potentialAction\":[{\"@type\":\"ReadAction\",\"target\":[\"https:\/\/www.padreeustaquio.com.br\/canal-padre-eustaquio-atinge-a-marca-de-mais-de-meio-milhao-de-visualizacoes\/\"]}]},{\"@type\":\"ImageObject\",\"inLanguage\":\"es\",\"@id\":\"https:\/\/www.padreeustaquio.com.br\/canal-padre-eustaquio-atinge-a-marca-de-mais-de-meio-milhao-de-visualizacoes\/#primaryimage\",\"url\":\"https:\/\/www.padreeustaquio.com.br\/wp-content\/uploads\/2022\/09\/Canal-Padre-Eustquio.jpeg\",\"contentUrl\":\"https:\/\/www.padreeustaquio.com.br\/wp-content\/uploads\/2022\/09\/Canal-Padre-Eustquio.jpeg\",\"width\":1280,\"height\":960},{\"@type\":\"BreadcrumbList\",\"@id\":\"https:\/\/www.padreeustaquio.com.br\/canal-padre-eustaquio-atinge-a-marca-de-mais-de-meio-milhao-de-visualizacoes\/#breadcrumb\",\"itemListElement\":[{\"@type\":\"ListItem\",\"position\":1,\"name\":\"In\u00edcio\",\"item\":\"https:\/\/www.padreeustaquio.com.br\/\"},{\"@type\":\"ListItem\",\"position\":2,\"name\":\"Canal Padre Eust\u00e1quio atinge a marca de mais de meio milh\u00e3o de visualiza\u00e7\u00f5es\"}]},{\"@type\":\"WebSite\",\"@id\":\"https:\/\/www.padreeustaquio.com.br\/#website\",\"url\":\"https:\/\/www.padreeustaquio.com.br\/\",\"name\":\"Padre Eust\u00e1quio\",\"description\":\"Sa\u00fade e Paz\",\"publisher\":{\"@id\":\"https:\/\/www.padreeustaquio.com.br\/#organization\"},\"potentialAction\":[{\"@type\":\"SearchAction\",\"target\":{\"@type\":\"EntryPoint\",\"urlTemplate\":\"https:\/\/www.padreeustaquio.com.br\/?s={search_term_string}\"},\"query-input\":{\"@type\":\"PropertyValueSpecification\",\"valueRequired\":true,\"valueName\":\"search_term_string\"}}],\"inLanguage\":\"es\"},{\"@type\":\"Organization\",\"@id\":\"https:\/\/www.padreeustaquio.com.br\/#organization\",\"name\":\"Padre Eust\u00e1quio\",\"url\":\"https:\/\/www.padreeustaquio.com.br\/\",\"logo\":{\"@type\":\"ImageObject\",\"inLanguage\":\"es\",\"@id\":\"https:\/\/www.padreeustaquio.com.br\/#\/schema\/logo\/image\/\",\"url\":\"https:\/\/www.padreeustaquio.com.br\/wp-content\/uploads\/2019\/08\/marca.png\",\"contentUrl\":\"https:\/\/www.padreeustaquio.com.br\/wp-content\/uploads\/2019\/08\/marca.png\",\"width\":350,\"height\":400,\"caption\":\"Padre Eust\u00e1quio\"},\"image\":{\"@id\":\"https:\/\/www.padreeustaquio.com.br\/#\/schema\/logo\/image\/\"},\"sameAs\":[\"https:\/\/www.facebook.com\/beatopadreeustaquio\/\",\"https:\/\/x.com\/beatopeustaquio\",\"https:\/\/www.instagram.com\/beatopadreeustaquio\/\",\"https:\/\/www.youtube.com\/channel\/UCRhw7vfabnajwLxb1ZXMeIw\"]},{\"@type\":\"Person\",\"@id\":\"https:\/\/www.padreeustaquio.com.br\/#\/schema\/person\/a2a51db1d00f1a7af0204a0f1ddb1566\",\"name\":\"@sscc\",\"image\":{\"@type\":\"ImageObject\",\"inLanguage\":\"es\",\"@id\":\"https:\/\/secure.gravatar.com\/avatar\/68cfafa5f44617fea54071e215026e0ff06be366c3d54a8425f04fdcb86f8c5f?s=96&d=mm&r=g\",\"url\":\"https:\/\/secure.gravatar.com\/avatar\/68cfafa5f44617fea54071e215026e0ff06be366c3d54a8425f04fdcb86f8c5f?s=96&d=mm&r=g\",\"contentUrl\":\"https:\/\/secure.gravatar.com\/avatar\/68cfafa5f44617fea54071e215026e0ff06be366c3d54a8425f04fdcb86f8c5f?s=96&d=mm&r=g\",\"caption\":\"@sscc\"},\"url\":\"https:\/\/www.padreeustaquio.com.br\/es\/author\/sscc\/\"}]}<\/script>\n<!-- \/ Yoast SEO plugin. -->","yoast_head_json":{"title":"Canal Padre Eust\u00e1quio alcanza el hito de m\u00e1s de medio mill\u00f3n de visualizaciones.","description":"Con m\u00e1s de 1800 videos publicados, el Canal Padre Eust\u00e1quio alcanz\u00f3 las 630\u00a0000 visualizaciones en agosto. Mediante transmisiones en vivo y grabaciones, el canal permite a los usuarios seguir las misas diarias celebradas en el Santuario de la Salud y la Paz, as\u00ed como su propia programaci\u00f3n, que ofrece oraci\u00f3n y devoci\u00f3n a todos los suscriptores.","robots":{"index":"index","follow":"follow","max-snippet":"max-snippet:-1","max-image-preview":"max-image-preview:large","max-video-preview":"max-video-preview:-1"},"canonical":"https:\/\/www.padreeustaquio.com.br\/es\/el-canal-del-padre-eustaquio-alcanza-el-hito-de-mas-de-medio-millon-de-visualizaciones\/","og_locale":"es_ES","og_type":"article","og_title":"Canal Padre Eust\u00e1quio atinge a marca de mais de meio milh\u00e3o de visualiza\u00e7\u00f5es","og_description":"Com mais de 1.800 v\u00eddeos publicados o Canal Padre Eust\u00e1quio atingiu, nesse m\u00eas de agosto, a marca de 630 mil visualiza\u00e7\u00f5es. Com transmiss\u00f5es ao vivo e v\u00eddeos gravados, por meio do Canal \u00e9 poss\u00edvel acompanhar diariamente as missas celebradas no Santu\u00e1rio da Sa\u00fade e da Paz e uma programa\u00e7\u00e3o pr\u00f3pria que leva ora\u00e7\u00e3o e devo\u00e7\u00e3o a todos os inscritos.","og_url":"https:\/\/www.padreeustaquio.com.br\/es\/el-canal-del-padre-eustaquio-alcanza-el-hito-de-mas-de-medio-millon-de-visualizaciones\/","og_site_name":"Padre Eust\u00e1quio","article_publisher":"https:\/\/www.facebook.com\/beatopadreeustaquio\/","article_published_time":"2022-09-26T09:42:00+00:00","og_image":[{"width":1280,"height":960,"url":"https:\/\/www.padreeustaquio.com.br\/wp-content\/uploads\/2022\/09\/Canal-Padre-Eustquio.jpeg","type":"image\/jpeg"}],"author":"@sscc","twitter_card":"summary_large_image","twitter_image":"https:\/\/www.padreeustaquio.com.br\/wp-content\/uploads\/2022\/09\/Canal-Padre-Eustquio.jpeg","twitter_creator":"@beatopeustaquio","twitter_site":"@beatopeustaquio","twitter_misc":{"Escrito por":"@sscc","Tiempo de lectura":"2 minutos"},"schema":{"@context":"https:\/\/schema.org","@graph":[{"@type":"Article","@id":"https:\/\/www.padreeustaquio.com.br\/canal-padre-eustaquio-atinge-a-marca-de-mais-de-meio-milhao-de-visualizacoes\/#article","isPartOf":{"@id":"https:\/\/www.padreeustaquio.com.br\/canal-padre-eustaquio-atinge-a-marca-de-mais-de-meio-milhao-de-visualizacoes\/"},"author":{"name":"@sscc","@id":"https:\/\/www.padreeustaquio.com.br\/#\/schema\/person\/a2a51db1d00f1a7af0204a0f1ddb1566"},"headline":"Canal Padre Eust\u00e1quio atinge a marca de mais de meio milh\u00e3o de visualiza\u00e7\u00f5es","datePublished":"2022-09-26T09:42:00+00:00","mainEntityOfPage":{"@id":"https:\/\/www.padreeustaquio.com.br\/canal-padre-eustaquio-atinge-a-marca-de-mais-de-meio-milhao-de-visualizacoes\/"},"wordCount":431,"commentCount":0,"publisher":{"@id":"https:\/\/www.padreeustaquio.com.br\/#organization"},"image":{"@id":"https:\/\/www.padreeustaquio.com.br\/canal-padre-eustaquio-atinge-a-marca-de-mais-de-meio-milhao-de-visualizacoes\/#primaryimage"},"thumbnailUrl":"https:\/\/www.padreeustaquio.com.br\/wp-content\/uploads\/2022\/09\/Canal-Padre-Eustquio.jpeg","articleSection":["Not\u00edcias"],"inLanguage":"es","potentialAction":[{"@type":"CommentAction","name":"Comment","target":["https:\/\/www.padreeustaquio.com.br\/canal-padre-eustaquio-atinge-a-marca-de-mais-de-meio-milhao-de-visualizacoes\/#respond"]}]},{"@type":"WebPage","@id":"https:\/\/www.padreeustaquio.com.br\/canal-padre-eustaquio-atinge-a-marca-de-mais-de-meio-milhao-de-visualizacoes\/","url":"https:\/\/www.padreeustaquio.com.br\/canal-padre-eustaquio-atinge-a-marca-de-mais-de-meio-milhao-de-visualizacoes\/","name":"Canal Padre Eust\u00e1quio alcanza el hito de m\u00e1s de medio mill\u00f3n de visualizaciones.","isPartOf":{"@id":"https:\/\/www.padreeustaquio.com.br\/#website"},"primaryImageOfPage":{"@id":"https:\/\/www.padreeustaquio.com.br\/canal-padre-eustaquio-atinge-a-marca-de-mais-de-meio-milhao-de-visualizacoes\/#primaryimage"},"image":{"@id":"https:\/\/www.padreeustaquio.com.br\/canal-padre-eustaquio-atinge-a-marca-de-mais-de-meio-milhao-de-visualizacoes\/#primaryimage"},"thumbnailUrl":"https:\/\/www.padreeustaquio.com.br\/wp-content\/uploads\/2022\/09\/Canal-Padre-Eustquio.jpeg","datePublished":"2022-09-26T09:42:00+00:00","description":"Con m\u00e1s de 1800 videos publicados, el Canal Padre Eust\u00e1quio alcanz\u00f3 las 630\u00a0000 visualizaciones en agosto. Mediante transmisiones en vivo y grabaciones, el canal permite a los usuarios seguir las misas diarias celebradas en el Santuario de la Salud y la Paz, as\u00ed como su propia programaci\u00f3n, que ofrece oraci\u00f3n y devoci\u00f3n a todos los suscriptores.","breadcrumb":{"@id":"https:\/\/www.padreeustaquio.com.br\/canal-padre-eustaquio-atinge-a-marca-de-mais-de-meio-milhao-de-visualizacoes\/#breadcrumb"},"inLanguage":"es","potentialAction":[{"@type":"ReadAction","target":["https:\/\/www.padreeustaquio.com.br\/canal-padre-eustaquio-atinge-a-marca-de-mais-de-meio-milhao-de-visualizacoes\/"]}]},{"@type":"ImageObject","inLanguage":"es","@id":"https:\/\/www.padreeustaquio.com.br\/canal-padre-eustaquio-atinge-a-marca-de-mais-de-meio-milhao-de-visualizacoes\/#primaryimage","url":"https:\/\/www.padreeustaquio.com.br\/wp-content\/uploads\/2022\/09\/Canal-Padre-Eustquio.jpeg","contentUrl":"https:\/\/www.padreeustaquio.com.br\/wp-content\/uploads\/2022\/09\/Canal-Padre-Eustquio.jpeg","width":1280,"height":960},{"@type":"BreadcrumbList","@id":"https:\/\/www.padreeustaquio.com.br\/canal-padre-eustaquio-atinge-a-marca-de-mais-de-meio-milhao-de-visualizacoes\/#breadcrumb","itemListElement":[{"@type":"ListItem","position":1,"name":"In\u00edcio","item":"https:\/\/www.padreeustaquio.com.br\/"},{"@type":"ListItem","position":2,"name":"Canal Padre Eust\u00e1quio atinge a marca de mais de meio milh\u00e3o de visualiza\u00e7\u00f5es"}]},{"@type":"WebSite","@id":"https:\/\/www.padreeustaquio.com.br\/#website","url":"https:\/\/www.padreeustaquio.com.br\/","name":"Padre Eustace","description":"Salud y Paz","publisher":{"@id":"https:\/\/www.padreeustaquio.com.br\/#organization"},"potentialAction":[{"@type":"SearchAction","target":{"@type":"EntryPoint","urlTemplate":"https:\/\/www.padreeustaquio.com.br\/?s={search_term_string}"},"query-input":{"@type":"PropertyValueSpecification","valueRequired":true,"valueName":"search_term_string"}}],"inLanguage":"es"},{"@type":"Organization","@id":"https:\/\/www.padreeustaquio.com.br\/#organization","name":"Padre Eustace","url":"https:\/\/www.padreeustaquio.com.br\/","logo":{"@type":"ImageObject","inLanguage":"es","@id":"https:\/\/www.padreeustaquio.com.br\/#\/schema\/logo\/image\/","url":"https:\/\/www.padreeustaquio.com.br\/wp-content\/uploads\/2019\/08\/marca.png","contentUrl":"https:\/\/www.padreeustaquio.com.br\/wp-content\/uploads\/2019\/08\/marca.png","width":350,"height":400,"caption":"Padre Eust\u00e1quio"},"image":{"@id":"https:\/\/www.padreeustaquio.com.br\/#\/schema\/logo\/image\/"},"sameAs":["https:\/\/www.facebook.com\/beatopadreeustaquio\/","https:\/\/x.com\/beatopeustaquio","https:\/\/www.instagram.com\/beatopadreeustaquio\/","https:\/\/www.youtube.com\/channel\/UCRhw7vfabnajwLxb1ZXMeIw"]},{"@type":"Person","@id":"https:\/\/www.padreeustaquio.com.br\/#\/schema\/person\/a2a51db1d00f1a7af0204a0f1ddb1566","name":"@sscc","image":{"@type":"ImageObject","inLanguage":"es","@id":"https:\/\/secure.gravatar.com\/avatar\/68cfafa5f44617fea54071e215026e0ff06be366c3d54a8425f04fdcb86f8c5f?s=96&d=mm&r=g","url":"https:\/\/secure.gravatar.com\/avatar\/68cfafa5f44617fea54071e215026e0ff06be366c3d54a8425f04fdcb86f8c5f?s=96&d=mm&r=g","contentUrl":"https:\/\/secure.gravatar.com\/avatar\/68cfafa5f44617fea54071e215026e0ff06be366c3d54a8425f04fdcb86f8c5f?s=96&d=mm&r=g","caption":"@sscc"},"url":"https:\/\/www.padreeustaquio.com.br\/es\/author\/sscc\/"}]}},"_links":{"self":[{"href":"https:\/\/www.padreeustaquio.com.br\/es\/wp-json\/wp\/v2\/posts\/9312","targetHints":{"allow":["GET"]}}],"collection":[{"href":"https:\/\/www.padreeustaquio.com.br\/es\/wp-json\/wp\/v2\/posts"}],"about":[{"href":"https:\/\/www.padreeustaquio.com.br\/es\/wp-json\/wp\/v2\/types\/post"}],"author":[{"embeddable":true,"href":"https:\/\/www.padreeustaquio.com.br\/es\/wp-json\/wp\/v2\/users\/2"}],"replies":[{"embeddable":true,"href":"https:\/\/www.padreeustaquio.com.br\/es\/wp-json\/wp\/v2\/comments?post=9312"}],"version-history":[{"count":0,"href":"https:\/\/www.padreeustaquio.com.br\/es\/wp-json\/wp\/v2\/posts\/9312\/revisions"}],"wp:featuredmedia":[{"embeddable":true,"href":"https:\/\/www.padreeustaquio.com.br\/es\/wp-json\/wp\/v2\/media\/9313"}],"wp:attachment":[{"href":"https:\/\/www.padreeustaquio.com.br\/es\/wp-json\/wp\/v2\/media?parent=9312"}],"wp:term":[{"taxonomy":"category","embeddable":true,"href":"https:\/\/www.padreeustaquio.com.br\/es\/wp-json\/wp\/v2\/categories?post=9312"},{"taxonomy":"post_tag","embeddable":true,"href":"https:\/\/www.padreeustaquio.com.br\/es\/wp-json\/wp\/v2\/tags?post=9312"}],"curies":[{"name":"wp","href":"https:\/\/api.w.org\/{rel}","templated":true}]}}