{"id":9309,"date":"2022-09-22T06:25:00","date_gmt":"2022-09-22T09:25:00","guid":{"rendered":"https:\/\/www.padreeustaquio.com.br\/?p=9309"},"modified":"2022-09-19T12:33:41","modified_gmt":"2022-09-19T15:33:41","slug":"una-carta-del-padre-eustaquio-sobre-su-periodo-de-exilio-catalogada-en-belo-horizonte","status":"publish","type":"post","link":"https:\/\/www.padreeustaquio.com.br\/es\/una-carta-del-padre-eustaquio-sobre-su-periodo-de-exilio-catalogada-en-belo-horizonte\/","title":{"rendered":"Una carta del padre Eust\u00e1quio sobre su per\u00edodo de exilio fue catalogada en Belo Horizonte."},"content":{"rendered":"<p>Desde que el Padre Eust\u00e1quio lleg\u00f3 a Brasil, su fama como misionero de la salud y la paz creci\u00f3. Dondequiera que iba, miles de personas lo buscaban para pedirle oraciones por la curaci\u00f3n de sus enfermedades. Con el testimonio de cientos de gracias recibidas, el nombre del beato lleg\u00f3 a cada vez m\u00e1s personas.<\/p>\n\n\n\n<p>Cuando se encontraba en Po\u00e1, S\u00e3o Paulo, el peque\u00f1o pueblo no daba cabida a la cantidad de personas que buscaban al sacerdote holand\u00e9s. Ante el aumento diario de personas, en mayo de 1941, las autoridades civiles y religiosas decidieron que el Padre Eust\u00e1quio deb\u00eda ser exiliado para evitar la aglomeraci\u00f3n de quienes lo buscaban. Fue enviado a una hacienda en la ciudad de Rio Claro\/SP, y su nombre fue cambiado a Padre Jos\u00e9.<\/p>\n\n\n\n<p>El Padre Eustaquio acept\u00f3 el cambio, demostrando obediencia y humildad. En una carta escrita por el Beato a su superior, relata:<\/p>\n\n\n\n<p><em>\u201cEn cuanto al escondite, \u00a1creo que no se podr\u00eda encontrar uno mejor! Aqu\u00ed no veo ni oigo nada. Me escondo lo m\u00e1s que puedo del mundo exterior, pero si, aun as\u00ed, Su Reverencia prev\u00e9 dificultades o considera necesario que me vaya, no dude en enviarme. No temo morir ni en tierra ni en el mar, pero deseo morir como sacerdote. No tengo apego a nada, ni siquiera a mis pacientes, pues siempre puedo rezar por ellos. Sin embargo, me someto de antemano a lo que las autoridades decidan sobre m\u00ed.\u201d<\/em><\/p>\n\n\n\n<p>Pero el exilio dur\u00f3 poco; una vez m\u00e1s, el Padre Eust\u00e1quio fue descubierto, la hacienda fue invadida por cientos de personas y la situaci\u00f3n se volvi\u00f3 cada vez m\u00e1s dif\u00edcil. A partir de entonces, el Bendito vivi\u00f3 una verdadera peregrinaci\u00f3n, pasando por Campinas, S.A., R\u00edo de Janeiro, R.J., y S\u00e3o Paulo, S.A., hasta que fue trasladado a Patroc\u00ednio, MG, donde lleg\u00f3 en octubre de 1941.<\/p>\n\n\n\n<p><\/p>","protected":false},"excerpt":{"rendered":"<p>Desde que Padre Eust\u00e1quio chegou ao Brasil, a fama de mission\u00e1rio da sa\u00fade e da paz foi crescendo. Por onde passava ele era procurado por milhares de pessoas que buscavam suas ora\u00e7\u00f5es para cura de enfermidades. Com o testemunho de centenas de gra\u00e7as alcan\u00e7adas, o nome do bem-aventurado chegava, cada vez mais, \u00e0s pessoas. Quando esteve em Po\u00e1, S\u00e3o Paulo, a pequena cidade n\u00e3o comportava o n\u00famero de pessoas que procuravam o padre holand\u00eas. E diante do aumento di\u00e1rio de pessoas, em maio de 1941, as autoridades civis e religiosas decidiram que Padre Eust\u00e1quio precisava ser exilado, com o objetivo [&hellip;]<\/p>\n","protected":false},"author":2,"featured_media":9310,"comment_status":"open","ping_status":"closed","sticky":false,"template":"","format":"standard","meta":{"_acf_changed":false,"footnotes":""},"categories":[611],"tags":[],"class_list":["post-9309","post","type-post","status-publish","format-standard","has-post-thumbnail","hentry","category-noticias"],"acf":[],"yoast_head":"<!-- This site is optimized with the Yoast SEO plugin v27.2 - https:\/\/yoast.com\/product\/yoast-seo-wordpress\/ -->\n<title>Carta de Padre Eust\u00e1quio sobre per\u00edodo de ex\u00edlio \u00e9 catalogada em BH<\/title>\n<meta name=\"description\" content=\"Desde que Padre Eust\u00e1quio chegou ao Brasil, a fama de mission\u00e1rio da sa\u00fade e da paz foi crescendo. Por onde passava ele era procurado por milhares de pessoas que buscavam suas ora\u00e7\u00f5es para cura de enfermidades. Com o testemunho de centenas de gra\u00e7as alcan\u00e7adas, o nome do bem-aventurado chegava, cada vez mais, \u00e0s pessoas.\" \/>\n<meta name=\"robots\" content=\"index, follow, max-snippet:-1, max-image-preview:large, max-video-preview:-1\" \/>\n<link rel=\"canonical\" href=\"https:\/\/www.padreeustaquio.com.br\/es\/una-carta-del-padre-eustaquio-sobre-su-periodo-de-exilio-catalogada-en-belo-horizonte\/\" \/>\n<meta property=\"og:locale\" content=\"es_ES\" \/>\n<meta property=\"og:type\" content=\"article\" \/>\n<meta property=\"og:title\" content=\"Carta de Padre Eust\u00e1quio sobre per\u00edodo de ex\u00edlio \u00e9 catalogada em BH\" \/>\n<meta property=\"og:description\" content=\"Desde que Padre Eust\u00e1quio chegou ao Brasil, a fama de mission\u00e1rio da sa\u00fade e da paz foi crescendo. Por onde passava ele era procurado por milhares de pessoas que buscavam suas ora\u00e7\u00f5es para cura de enfermidades. Com o testemunho de centenas de gra\u00e7as alcan\u00e7adas, o nome do bem-aventurado chegava, cada vez mais, \u00e0s pessoas.\" \/>\n<meta property=\"og:url\" content=\"https:\/\/www.padreeustaquio.com.br\/es\/una-carta-del-padre-eustaquio-sobre-su-periodo-de-exilio-catalogada-en-belo-horizonte\/\" \/>\n<meta property=\"og:site_name\" content=\"Padre Eust\u00e1quio\" \/>\n<meta property=\"article:publisher\" content=\"https:\/\/www.facebook.com\/beatopadreeustaquio\/\" \/>\n<meta property=\"article:published_time\" content=\"2022-09-22T09:25:00+00:00\" \/>\n<meta property=\"og:image\" content=\"https:\/\/www.padreeustaquio.com.br\/wp-content\/uploads\/2022\/09\/Padre-Eustaquio-apos-o-exilio-em-Patrocinio.jpeg\" \/>\n\t<meta property=\"og:image:width\" content=\"1280\" \/>\n\t<meta property=\"og:image:height\" content=\"863\" \/>\n\t<meta property=\"og:image:type\" content=\"image\/jpeg\" \/>\n<meta name=\"author\" content=\"@sscc\" \/>\n<meta name=\"twitter:card\" content=\"summary_large_image\" \/>\n<meta name=\"twitter:image\" content=\"https:\/\/www.padreeustaquio.com.br\/wp-content\/uploads\/2022\/09\/Padre-Eustaquio-apos-o-exilio-em-Patrocinio.jpeg\" \/>\n<meta name=\"twitter:creator\" content=\"@beatopeustaquio\" \/>\n<meta name=\"twitter:site\" content=\"@beatopeustaquio\" \/>\n<meta name=\"twitter:label1\" content=\"Escrito por\" \/>\n\t<meta name=\"twitter:data1\" content=\"@sscc\" \/>\n\t<meta name=\"twitter:label2\" content=\"Tiempo de lectura\" \/>\n\t<meta name=\"twitter:data2\" content=\"2 minutos\" \/>\n<script type=\"application\/ld+json\" class=\"yoast-schema-graph\">{\"@context\":\"https:\/\/schema.org\",\"@graph\":[{\"@type\":[\"Article\",\"SocialMediaPosting\"],\"@id\":\"https:\/\/www.padreeustaquio.com.br\/carta-de-padre-eustaquio-sobre-periodo-de-exilio-e-catalogada-em-bh\/#article\",\"isPartOf\":{\"@id\":\"https:\/\/www.padreeustaquio.com.br\/carta-de-padre-eustaquio-sobre-periodo-de-exilio-e-catalogada-em-bh\/\"},\"author\":{\"name\":\"@sscc\",\"@id\":\"https:\/\/www.padreeustaquio.com.br\/#\/schema\/person\/a2a51db1d00f1a7af0204a0f1ddb1566\"},\"headline\":\"Carta de Padre Eust\u00e1quio sobre per\u00edodo de ex\u00edlio \u00e9 catalogada em BH\",\"datePublished\":\"2022-09-22T09:25:00+00:00\",\"mainEntityOfPage\":{\"@id\":\"https:\/\/www.padreeustaquio.com.br\/carta-de-padre-eustaquio-sobre-periodo-de-exilio-e-catalogada-em-bh\/\"},\"wordCount\":343,\"commentCount\":0,\"publisher\":{\"@id\":\"https:\/\/www.padreeustaquio.com.br\/#organization\"},\"image\":{\"@id\":\"https:\/\/www.padreeustaquio.com.br\/carta-de-padre-eustaquio-sobre-periodo-de-exilio-e-catalogada-em-bh\/#primaryimage\"},\"thumbnailUrl\":\"https:\/\/www.padreeustaquio.com.br\/wp-content\/uploads\/2022\/09\/Padre-Eustaquio-apos-o-exilio-em-Patrocinio.jpeg\",\"articleSection\":[\"Not\u00edcias\"],\"inLanguage\":\"es\",\"potentialAction\":[{\"@type\":\"CommentAction\",\"name\":\"Comment\",\"target\":[\"https:\/\/www.padreeustaquio.com.br\/carta-de-padre-eustaquio-sobre-periodo-de-exilio-e-catalogada-em-bh\/#respond\"]}]},{\"@type\":\"WebPage\",\"@id\":\"https:\/\/www.padreeustaquio.com.br\/carta-de-padre-eustaquio-sobre-periodo-de-exilio-e-catalogada-em-bh\/\",\"url\":\"https:\/\/www.padreeustaquio.com.br\/carta-de-padre-eustaquio-sobre-periodo-de-exilio-e-catalogada-em-bh\/\",\"name\":\"Carta de Padre Eust\u00e1quio sobre per\u00edodo de ex\u00edlio \u00e9 catalogada em BH\",\"isPartOf\":{\"@id\":\"https:\/\/www.padreeustaquio.com.br\/#website\"},\"primaryImageOfPage\":{\"@id\":\"https:\/\/www.padreeustaquio.com.br\/carta-de-padre-eustaquio-sobre-periodo-de-exilio-e-catalogada-em-bh\/#primaryimage\"},\"image\":{\"@id\":\"https:\/\/www.padreeustaquio.com.br\/carta-de-padre-eustaquio-sobre-periodo-de-exilio-e-catalogada-em-bh\/#primaryimage\"},\"thumbnailUrl\":\"https:\/\/www.padreeustaquio.com.br\/wp-content\/uploads\/2022\/09\/Padre-Eustaquio-apos-o-exilio-em-Patrocinio.jpeg\",\"datePublished\":\"2022-09-22T09:25:00+00:00\",\"description\":\"Desde que Padre Eust\u00e1quio chegou ao Brasil, a fama de mission\u00e1rio da sa\u00fade e da paz foi crescendo. Por onde passava ele era procurado por milhares de pessoas que buscavam suas ora\u00e7\u00f5es para cura de enfermidades. Com o testemunho de centenas de gra\u00e7as alcan\u00e7adas, o nome do bem-aventurado chegava, cada vez mais, \u00e0s pessoas.\",\"breadcrumb\":{\"@id\":\"https:\/\/www.padreeustaquio.com.br\/carta-de-padre-eustaquio-sobre-periodo-de-exilio-e-catalogada-em-bh\/#breadcrumb\"},\"inLanguage\":\"es\",\"potentialAction\":[{\"@type\":\"ReadAction\",\"target\":[\"https:\/\/www.padreeustaquio.com.br\/carta-de-padre-eustaquio-sobre-periodo-de-exilio-e-catalogada-em-bh\/\"]}]},{\"@type\":\"ImageObject\",\"inLanguage\":\"es\",\"@id\":\"https:\/\/www.padreeustaquio.com.br\/carta-de-padre-eustaquio-sobre-periodo-de-exilio-e-catalogada-em-bh\/#primaryimage\",\"url\":\"https:\/\/www.padreeustaquio.com.br\/wp-content\/uploads\/2022\/09\/Padre-Eustaquio-apos-o-exilio-em-Patrocinio.jpeg\",\"contentUrl\":\"https:\/\/www.padreeustaquio.com.br\/wp-content\/uploads\/2022\/09\/Padre-Eustaquio-apos-o-exilio-em-Patrocinio.jpeg\",\"width\":1280,\"height\":863},{\"@type\":\"BreadcrumbList\",\"@id\":\"https:\/\/www.padreeustaquio.com.br\/carta-de-padre-eustaquio-sobre-periodo-de-exilio-e-catalogada-em-bh\/#breadcrumb\",\"itemListElement\":[{\"@type\":\"ListItem\",\"position\":1,\"name\":\"In\u00edcio\",\"item\":\"https:\/\/www.padreeustaquio.com.br\/\"},{\"@type\":\"ListItem\",\"position\":2,\"name\":\"Carta de Padre Eust\u00e1quio sobre per\u00edodo de ex\u00edlio \u00e9 catalogada em BH\"}]},{\"@type\":\"WebSite\",\"@id\":\"https:\/\/www.padreeustaquio.com.br\/#website\",\"url\":\"https:\/\/www.padreeustaquio.com.br\/\",\"name\":\"Padre Eust\u00e1quio\",\"description\":\"Sa\u00fade e Paz\",\"publisher\":{\"@id\":\"https:\/\/www.padreeustaquio.com.br\/#organization\"},\"potentialAction\":[{\"@type\":\"SearchAction\",\"target\":{\"@type\":\"EntryPoint\",\"urlTemplate\":\"https:\/\/www.padreeustaquio.com.br\/?s={search_term_string}\"},\"query-input\":{\"@type\":\"PropertyValueSpecification\",\"valueRequired\":true,\"valueName\":\"search_term_string\"}}],\"inLanguage\":\"es\"},{\"@type\":\"Organization\",\"@id\":\"https:\/\/www.padreeustaquio.com.br\/#organization\",\"name\":\"Padre Eust\u00e1quio\",\"url\":\"https:\/\/www.padreeustaquio.com.br\/\",\"logo\":{\"@type\":\"ImageObject\",\"inLanguage\":\"es\",\"@id\":\"https:\/\/www.padreeustaquio.com.br\/#\/schema\/logo\/image\/\",\"url\":\"https:\/\/www.padreeustaquio.com.br\/wp-content\/uploads\/2019\/08\/marca.png\",\"contentUrl\":\"https:\/\/www.padreeustaquio.com.br\/wp-content\/uploads\/2019\/08\/marca.png\",\"width\":350,\"height\":400,\"caption\":\"Padre Eust\u00e1quio\"},\"image\":{\"@id\":\"https:\/\/www.padreeustaquio.com.br\/#\/schema\/logo\/image\/\"},\"sameAs\":[\"https:\/\/www.facebook.com\/beatopadreeustaquio\/\",\"https:\/\/x.com\/beatopeustaquio\",\"https:\/\/www.instagram.com\/beatopadreeustaquio\/\",\"https:\/\/www.youtube.com\/channel\/UCRhw7vfabnajwLxb1ZXMeIw\"]},{\"@type\":\"Person\",\"@id\":\"https:\/\/www.padreeustaquio.com.br\/#\/schema\/person\/a2a51db1d00f1a7af0204a0f1ddb1566\",\"name\":\"@sscc\",\"image\":{\"@type\":\"ImageObject\",\"inLanguage\":\"es\",\"@id\":\"https:\/\/secure.gravatar.com\/avatar\/68cfafa5f44617fea54071e215026e0ff06be366c3d54a8425f04fdcb86f8c5f?s=96&d=mm&r=g\",\"url\":\"https:\/\/secure.gravatar.com\/avatar\/68cfafa5f44617fea54071e215026e0ff06be366c3d54a8425f04fdcb86f8c5f?s=96&d=mm&r=g\",\"contentUrl\":\"https:\/\/secure.gravatar.com\/avatar\/68cfafa5f44617fea54071e215026e0ff06be366c3d54a8425f04fdcb86f8c5f?s=96&d=mm&r=g\",\"caption\":\"@sscc\"},\"url\":\"https:\/\/www.padreeustaquio.com.br\/es\/author\/sscc\/\"}]}<\/script>\n<!-- \/ Yoast SEO plugin. -->","yoast_head_json":{"title":"Una carta del padre Eust\u00e1quio sobre su per\u00edodo de exilio fue catalogada en Belo Horizonte.","description":"Desde que el Padre Eust\u00e1quio lleg\u00f3 a Brasil, su fama como misionero de la salud y la paz creci\u00f3. Dondequiera que iba, miles de personas lo buscaban para pedirle oraciones por la curaci\u00f3n de sus enfermedades. Con el testimonio de cientos de gracias recibidas, el nombre del beato lleg\u00f3 a cada vez m\u00e1s personas.","robots":{"index":"index","follow":"follow","max-snippet":"max-snippet:-1","max-image-preview":"max-image-preview:large","max-video-preview":"max-video-preview:-1"},"canonical":"https:\/\/www.padreeustaquio.com.br\/es\/una-carta-del-padre-eustaquio-sobre-su-periodo-de-exilio-catalogada-en-belo-horizonte\/","og_locale":"es_ES","og_type":"article","og_title":"Carta de Padre Eust\u00e1quio sobre per\u00edodo de ex\u00edlio \u00e9 catalogada em BH","og_description":"Desde que Padre Eust\u00e1quio chegou ao Brasil, a fama de mission\u00e1rio da sa\u00fade e da paz foi crescendo. Por onde passava ele era procurado por milhares de pessoas que buscavam suas ora\u00e7\u00f5es para cura de enfermidades. Com o testemunho de centenas de gra\u00e7as alcan\u00e7adas, o nome do bem-aventurado chegava, cada vez mais, \u00e0s pessoas.","og_url":"https:\/\/www.padreeustaquio.com.br\/es\/una-carta-del-padre-eustaquio-sobre-su-periodo-de-exilio-catalogada-en-belo-horizonte\/","og_site_name":"Padre Eust\u00e1quio","article_publisher":"https:\/\/www.facebook.com\/beatopadreeustaquio\/","article_published_time":"2022-09-22T09:25:00+00:00","og_image":[{"width":1280,"height":863,"url":"https:\/\/www.padreeustaquio.com.br\/wp-content\/uploads\/2022\/09\/Padre-Eustaquio-apos-o-exilio-em-Patrocinio.jpeg","type":"image\/jpeg"}],"author":"@sscc","twitter_card":"summary_large_image","twitter_image":"https:\/\/www.padreeustaquio.com.br\/wp-content\/uploads\/2022\/09\/Padre-Eustaquio-apos-o-exilio-em-Patrocinio.jpeg","twitter_creator":"@beatopeustaquio","twitter_site":"@beatopeustaquio","twitter_misc":{"Escrito por":"@sscc","Tiempo de lectura":"2 minutos"},"schema":{"@context":"https:\/\/schema.org","@graph":[{"@type":["Article","SocialMediaPosting"],"@id":"https:\/\/www.padreeustaquio.com.br\/carta-de-padre-eustaquio-sobre-periodo-de-exilio-e-catalogada-em-bh\/#article","isPartOf":{"@id":"https:\/\/www.padreeustaquio.com.br\/carta-de-padre-eustaquio-sobre-periodo-de-exilio-e-catalogada-em-bh\/"},"author":{"name":"@sscc","@id":"https:\/\/www.padreeustaquio.com.br\/#\/schema\/person\/a2a51db1d00f1a7af0204a0f1ddb1566"},"headline":"Carta de Padre Eust\u00e1quio sobre per\u00edodo de ex\u00edlio \u00e9 catalogada em BH","datePublished":"2022-09-22T09:25:00+00:00","mainEntityOfPage":{"@id":"https:\/\/www.padreeustaquio.com.br\/carta-de-padre-eustaquio-sobre-periodo-de-exilio-e-catalogada-em-bh\/"},"wordCount":343,"commentCount":0,"publisher":{"@id":"https:\/\/www.padreeustaquio.com.br\/#organization"},"image":{"@id":"https:\/\/www.padreeustaquio.com.br\/carta-de-padre-eustaquio-sobre-periodo-de-exilio-e-catalogada-em-bh\/#primaryimage"},"thumbnailUrl":"https:\/\/www.padreeustaquio.com.br\/wp-content\/uploads\/2022\/09\/Padre-Eustaquio-apos-o-exilio-em-Patrocinio.jpeg","articleSection":["Not\u00edcias"],"inLanguage":"es","potentialAction":[{"@type":"CommentAction","name":"Comment","target":["https:\/\/www.padreeustaquio.com.br\/carta-de-padre-eustaquio-sobre-periodo-de-exilio-e-catalogada-em-bh\/#respond"]}]},{"@type":"WebPage","@id":"https:\/\/www.padreeustaquio.com.br\/carta-de-padre-eustaquio-sobre-periodo-de-exilio-e-catalogada-em-bh\/","url":"https:\/\/www.padreeustaquio.com.br\/carta-de-padre-eustaquio-sobre-periodo-de-exilio-e-catalogada-em-bh\/","name":"Una carta del padre Eust\u00e1quio sobre su per\u00edodo de exilio fue catalogada en Belo Horizonte.","isPartOf":{"@id":"https:\/\/www.padreeustaquio.com.br\/#website"},"primaryImageOfPage":{"@id":"https:\/\/www.padreeustaquio.com.br\/carta-de-padre-eustaquio-sobre-periodo-de-exilio-e-catalogada-em-bh\/#primaryimage"},"image":{"@id":"https:\/\/www.padreeustaquio.com.br\/carta-de-padre-eustaquio-sobre-periodo-de-exilio-e-catalogada-em-bh\/#primaryimage"},"thumbnailUrl":"https:\/\/www.padreeustaquio.com.br\/wp-content\/uploads\/2022\/09\/Padre-Eustaquio-apos-o-exilio-em-Patrocinio.jpeg","datePublished":"2022-09-22T09:25:00+00:00","description":"Desde que el Padre Eust\u00e1quio lleg\u00f3 a Brasil, su fama como misionero de la salud y la paz creci\u00f3. Dondequiera que iba, miles de personas lo buscaban para pedirle oraciones por la curaci\u00f3n de sus enfermedades. Con el testimonio de cientos de gracias recibidas, el nombre del beato lleg\u00f3 a cada vez m\u00e1s personas.","breadcrumb":{"@id":"https:\/\/www.padreeustaquio.com.br\/carta-de-padre-eustaquio-sobre-periodo-de-exilio-e-catalogada-em-bh\/#breadcrumb"},"inLanguage":"es","potentialAction":[{"@type":"ReadAction","target":["https:\/\/www.padreeustaquio.com.br\/carta-de-padre-eustaquio-sobre-periodo-de-exilio-e-catalogada-em-bh\/"]}]},{"@type":"ImageObject","inLanguage":"es","@id":"https:\/\/www.padreeustaquio.com.br\/carta-de-padre-eustaquio-sobre-periodo-de-exilio-e-catalogada-em-bh\/#primaryimage","url":"https:\/\/www.padreeustaquio.com.br\/wp-content\/uploads\/2022\/09\/Padre-Eustaquio-apos-o-exilio-em-Patrocinio.jpeg","contentUrl":"https:\/\/www.padreeustaquio.com.br\/wp-content\/uploads\/2022\/09\/Padre-Eustaquio-apos-o-exilio-em-Patrocinio.jpeg","width":1280,"height":863},{"@type":"BreadcrumbList","@id":"https:\/\/www.padreeustaquio.com.br\/carta-de-padre-eustaquio-sobre-periodo-de-exilio-e-catalogada-em-bh\/#breadcrumb","itemListElement":[{"@type":"ListItem","position":1,"name":"In\u00edcio","item":"https:\/\/www.padreeustaquio.com.br\/"},{"@type":"ListItem","position":2,"name":"Carta de Padre Eust\u00e1quio sobre per\u00edodo de ex\u00edlio \u00e9 catalogada em BH"}]},{"@type":"WebSite","@id":"https:\/\/www.padreeustaquio.com.br\/#website","url":"https:\/\/www.padreeustaquio.com.br\/","name":"Padre Eustace","description":"Salud y Paz","publisher":{"@id":"https:\/\/www.padreeustaquio.com.br\/#organization"},"potentialAction":[{"@type":"SearchAction","target":{"@type":"EntryPoint","urlTemplate":"https:\/\/www.padreeustaquio.com.br\/?s={search_term_string}"},"query-input":{"@type":"PropertyValueSpecification","valueRequired":true,"valueName":"search_term_string"}}],"inLanguage":"es"},{"@type":"Organization","@id":"https:\/\/www.padreeustaquio.com.br\/#organization","name":"Padre Eustace","url":"https:\/\/www.padreeustaquio.com.br\/","logo":{"@type":"ImageObject","inLanguage":"es","@id":"https:\/\/www.padreeustaquio.com.br\/#\/schema\/logo\/image\/","url":"https:\/\/www.padreeustaquio.com.br\/wp-content\/uploads\/2019\/08\/marca.png","contentUrl":"https:\/\/www.padreeustaquio.com.br\/wp-content\/uploads\/2019\/08\/marca.png","width":350,"height":400,"caption":"Padre Eust\u00e1quio"},"image":{"@id":"https:\/\/www.padreeustaquio.com.br\/#\/schema\/logo\/image\/"},"sameAs":["https:\/\/www.facebook.com\/beatopadreeustaquio\/","https:\/\/x.com\/beatopeustaquio","https:\/\/www.instagram.com\/beatopadreeustaquio\/","https:\/\/www.youtube.com\/channel\/UCRhw7vfabnajwLxb1ZXMeIw"]},{"@type":"Person","@id":"https:\/\/www.padreeustaquio.com.br\/#\/schema\/person\/a2a51db1d00f1a7af0204a0f1ddb1566","name":"@sscc","image":{"@type":"ImageObject","inLanguage":"es","@id":"https:\/\/secure.gravatar.com\/avatar\/68cfafa5f44617fea54071e215026e0ff06be366c3d54a8425f04fdcb86f8c5f?s=96&d=mm&r=g","url":"https:\/\/secure.gravatar.com\/avatar\/68cfafa5f44617fea54071e215026e0ff06be366c3d54a8425f04fdcb86f8c5f?s=96&d=mm&r=g","contentUrl":"https:\/\/secure.gravatar.com\/avatar\/68cfafa5f44617fea54071e215026e0ff06be366c3d54a8425f04fdcb86f8c5f?s=96&d=mm&r=g","caption":"@sscc"},"url":"https:\/\/www.padreeustaquio.com.br\/es\/author\/sscc\/"}]}},"_links":{"self":[{"href":"https:\/\/www.padreeustaquio.com.br\/es\/wp-json\/wp\/v2\/posts\/9309","targetHints":{"allow":["GET"]}}],"collection":[{"href":"https:\/\/www.padreeustaquio.com.br\/es\/wp-json\/wp\/v2\/posts"}],"about":[{"href":"https:\/\/www.padreeustaquio.com.br\/es\/wp-json\/wp\/v2\/types\/post"}],"author":[{"embeddable":true,"href":"https:\/\/www.padreeustaquio.com.br\/es\/wp-json\/wp\/v2\/users\/2"}],"replies":[{"embeddable":true,"href":"https:\/\/www.padreeustaquio.com.br\/es\/wp-json\/wp\/v2\/comments?post=9309"}],"version-history":[{"count":0,"href":"https:\/\/www.padreeustaquio.com.br\/es\/wp-json\/wp\/v2\/posts\/9309\/revisions"}],"wp:featuredmedia":[{"embeddable":true,"href":"https:\/\/www.padreeustaquio.com.br\/es\/wp-json\/wp\/v2\/media\/9310"}],"wp:attachment":[{"href":"https:\/\/www.padreeustaquio.com.br\/es\/wp-json\/wp\/v2\/media?parent=9309"}],"wp:term":[{"taxonomy":"category","embeddable":true,"href":"https:\/\/www.padreeustaquio.com.br\/es\/wp-json\/wp\/v2\/categories?post=9309"},{"taxonomy":"post_tag","embeddable":true,"href":"https:\/\/www.padreeustaquio.com.br\/es\/wp-json\/wp\/v2\/tags?post=9309"}],"curies":[{"name":"wp","href":"https:\/\/api.w.org\/{rel}","templated":true}]}}