{"id":9302,"date":"2022-09-20T06:39:00","date_gmt":"2022-09-20T09:39:00","guid":{"rendered":"https:\/\/www.padreeustaquio.com.br\/?p=9302"},"modified":"2022-09-19T12:21:57","modified_gmt":"2022-09-19T15:21:57","slug":"se-inauguro-el-colegio-padre-eustaquio-en-la-capital-del-congo-en-africa","status":"publish","type":"post","link":"https:\/\/www.padreeustaquio.com.br\/es\/se-inauguro-el-colegio-padre-eustaquio-en-la-capital-del-congo-en-africa\/","title":{"rendered":"Se inaugura el Colegio Padre Eust\u00e1quio en la capital del Congo, \u00c1frica."},"content":{"rendered":"<p>El nuevo colegio Padre Eust\u00e1quio se inaugur\u00f3 oficialmente este mes en Kinshasa, capital de la Rep\u00fablica Democr\u00e1tica del Congo, en \u00c1frica. Aunque la construcci\u00f3n a\u00fan no ha finalizado, la provincia decidi\u00f3 dar la bienvenida a los primeros alumnos.<\/p>\n\n\n\n<p>El proyecto cuenta con el apoyo financiero de la Congregaci\u00f3n de los Sagrados Corazones y la Conferencia Episcopal Italiana y ya alberga algunas clases. Para completar la construcci\u00f3n, a\u00fan falta terminar una planta de la instituci\u00f3n. Ver m\u00e1s fotos. <a href=\"https:\/\/bit.ly\/3eGB1Sq\" target=\"_blank\" rel=\"noreferrer noopener\">AQU\u00cd<\/a>.<\/p>\n\n\n\n<p>Seg\u00fan el sitio de noticias del Vaticano, a principios del a\u00f1o pasado, durante una conferencia de prensa celebrada en el Centro Interdiocesano de Kinshasa, el Secretario General de la Conferencia Episcopal de la Rep\u00fablica Democr\u00e1tica del Congo, padre Donatien Nshole, destac\u00f3 las dificultades y los problemas relacionados con la educaci\u00f3n b\u00e1sica gratuita en el pa\u00eds.<\/p>\n\n\n\n<p>La nueva unidad educativa del pa\u00eds debe ayudar a mejorar la disponibilidad de plazas para que los ni\u00f1os tengan acceso a la educaci\u00f3n primaria gratuita.<\/p>\n\n\n\n<p><\/p>\n\n\n\n<p>**con informaci\u00f3n de <a href=\"https:\/\/www.vaticannews.va\/pt\/africa\/news\/2021-01\/problematicas-da-educacao-basica-gratuita-na-rdc.html\" target=\"_blank\" rel=\"noreferrer noopener\">Noticias del Vaticano<\/a> e <a href=\"https:\/\/www.ssccpicpus.com\/en\/news\/new-school-father-eustaquio-in-kinshasa-africa\" target=\"_blank\" rel=\"noreferrer noopener\">SSCC Picpus<\/a> <\/p>","protected":false},"excerpt":{"rendered":"<p>Foi inaugurada oficialmente este m\u00eas, a nova escola Padre Eust\u00e1quio, em Kinshasa, capital da Rep\u00fablica Democr\u00e1tica do Congo, na \u00c1frica. Apesar de a obra n\u00e3o estar completamente conclu\u00edda, a prov\u00edncia decidiu acolher os primeiros alunos no col\u00e9gio. A obra tem o apoio financeiro da Congrega\u00e7\u00e3o dos Sagrados Cora\u00e7\u00f5es e da Confer\u00eancia Episcopal Italiana e j\u00e1 abriga algumas turmas. Para que a constru\u00e7\u00e3o seja finalizada, falta concluir um dos andares da institui\u00e7\u00e3o. Veja mais fotos AQUI. De acordo com o site de not\u00edcias do Vaticano, no in\u00edcio do ano passado, durante uma coletiva de imprensa realizada no Centro Interdiocesano de Kinshasa, [&hellip;]<\/p>\n","protected":false},"author":2,"featured_media":9303,"comment_status":"open","ping_status":"closed","sticky":false,"template":"","format":"standard","meta":{"_acf_changed":false,"footnotes":""},"categories":[611],"tags":[],"class_list":["post-9302","post","type-post","status-publish","format-standard","has-post-thumbnail","hentry","category-noticias"],"acf":[],"yoast_head":"<!-- This site is optimized with the Yoast SEO plugin v27.2 - https:\/\/yoast.com\/product\/yoast-seo-wordpress\/ -->\n<title>Escola Padre Eust\u00e1quio \u00e9 inaugurada na capital do Congo, na \u00c1frica<\/title>\n<meta name=\"description\" content=\"Foi inaugurada oficialmente este m\u00eas, a nova escola Padre Eust\u00e1quio, em Kinshasa, capital da Rep\u00fablica Democr\u00e1tica do Congo, na \u00c1frica. Apesar de a obra n\u00e3o estar completamente conclu\u00edda, a prov\u00edncia decidiu acolher os primeiros alunos no col\u00e9gio.\" \/>\n<meta name=\"robots\" content=\"index, follow, max-snippet:-1, max-image-preview:large, max-video-preview:-1\" \/>\n<link rel=\"canonical\" href=\"https:\/\/www.padreeustaquio.com.br\/es\/se-inauguro-el-colegio-padre-eustaquio-en-la-capital-del-congo-en-africa\/\" \/>\n<meta property=\"og:locale\" content=\"es_ES\" \/>\n<meta property=\"og:type\" content=\"article\" \/>\n<meta property=\"og:title\" content=\"Escola Padre Eust\u00e1quio \u00e9 inaugurada na capital do Congo, na \u00c1frica\" \/>\n<meta property=\"og:description\" content=\"Foi inaugurada oficialmente este m\u00eas, a nova escola Padre Eust\u00e1quio, em Kinshasa, capital da Rep\u00fablica Democr\u00e1tica do Congo, na \u00c1frica. Apesar de a obra n\u00e3o estar completamente conclu\u00edda, a prov\u00edncia decidiu acolher os primeiros alunos no col\u00e9gio.\" \/>\n<meta property=\"og:url\" content=\"https:\/\/www.padreeustaquio.com.br\/es\/se-inauguro-el-colegio-padre-eustaquio-en-la-capital-del-congo-en-africa\/\" \/>\n<meta property=\"og:site_name\" content=\"Padre Eust\u00e1quio\" \/>\n<meta property=\"article:publisher\" content=\"https:\/\/www.facebook.com\/beatopadreeustaquio\/\" \/>\n<meta property=\"article:published_time\" content=\"2022-09-20T09:39:00+00:00\" \/>\n<meta property=\"og:image\" content=\"https:\/\/www.padreeustaquio.com.br\/wp-content\/uploads\/2022\/09\/escola-padre-eustaquio.jpeg\" \/>\n\t<meta property=\"og:image:width\" content=\"670\" \/>\n\t<meta property=\"og:image:height\" content=\"480\" \/>\n\t<meta property=\"og:image:type\" content=\"image\/jpeg\" \/>\n<meta name=\"author\" content=\"@sscc\" \/>\n<meta name=\"twitter:card\" content=\"summary_large_image\" \/>\n<meta name=\"twitter:image\" content=\"https:\/\/www.padreeustaquio.com.br\/wp-content\/uploads\/2022\/09\/escola-padre-eustaquio.jpeg\" \/>\n<meta name=\"twitter:creator\" content=\"@beatopeustaquio\" \/>\n<meta name=\"twitter:site\" content=\"@beatopeustaquio\" \/>\n<meta name=\"twitter:label1\" content=\"Escrito por\" \/>\n\t<meta name=\"twitter:data1\" content=\"@sscc\" \/>\n\t<meta name=\"twitter:label2\" content=\"Tiempo de lectura\" \/>\n\t<meta name=\"twitter:data2\" content=\"1 minuto\" \/>\n<script type=\"application\/ld+json\" class=\"yoast-schema-graph\">{\"@context\":\"https:\/\/schema.org\",\"@graph\":[{\"@type\":\"Article\",\"@id\":\"https:\/\/www.padreeustaquio.com.br\/escola-padre-eustaquio-e-inaugurada-na-capital-do-congo-na-africa\/#article\",\"isPartOf\":{\"@id\":\"https:\/\/www.padreeustaquio.com.br\/escola-padre-eustaquio-e-inaugurada-na-capital-do-congo-na-africa\/\"},\"author\":{\"name\":\"@sscc\",\"@id\":\"https:\/\/www.padreeustaquio.com.br\/#\/schema\/person\/a2a51db1d00f1a7af0204a0f1ddb1566\"},\"headline\":\"Escola Padre Eust\u00e1quio \u00e9 inaugurada na capital do Congo, na \u00c1frica\",\"datePublished\":\"2022-09-20T09:39:00+00:00\",\"mainEntityOfPage\":{\"@id\":\"https:\/\/www.padreeustaquio.com.br\/escola-padre-eustaquio-e-inaugurada-na-capital-do-congo-na-africa\/\"},\"wordCount\":203,\"commentCount\":0,\"publisher\":{\"@id\":\"https:\/\/www.padreeustaquio.com.br\/#organization\"},\"image\":{\"@id\":\"https:\/\/www.padreeustaquio.com.br\/escola-padre-eustaquio-e-inaugurada-na-capital-do-congo-na-africa\/#primaryimage\"},\"thumbnailUrl\":\"https:\/\/www.padreeustaquio.com.br\/wp-content\/uploads\/2022\/09\/escola-padre-eustaquio.jpeg\",\"articleSection\":[\"Not\u00edcias\"],\"inLanguage\":\"es\",\"potentialAction\":[{\"@type\":\"CommentAction\",\"name\":\"Comment\",\"target\":[\"https:\/\/www.padreeustaquio.com.br\/escola-padre-eustaquio-e-inaugurada-na-capital-do-congo-na-africa\/#respond\"]}]},{\"@type\":\"WebPage\",\"@id\":\"https:\/\/www.padreeustaquio.com.br\/escola-padre-eustaquio-e-inaugurada-na-capital-do-congo-na-africa\/\",\"url\":\"https:\/\/www.padreeustaquio.com.br\/escola-padre-eustaquio-e-inaugurada-na-capital-do-congo-na-africa\/\",\"name\":\"Escola Padre Eust\u00e1quio \u00e9 inaugurada na capital do Congo, na \u00c1frica\",\"isPartOf\":{\"@id\":\"https:\/\/www.padreeustaquio.com.br\/#website\"},\"primaryImageOfPage\":{\"@id\":\"https:\/\/www.padreeustaquio.com.br\/escola-padre-eustaquio-e-inaugurada-na-capital-do-congo-na-africa\/#primaryimage\"},\"image\":{\"@id\":\"https:\/\/www.padreeustaquio.com.br\/escola-padre-eustaquio-e-inaugurada-na-capital-do-congo-na-africa\/#primaryimage\"},\"thumbnailUrl\":\"https:\/\/www.padreeustaquio.com.br\/wp-content\/uploads\/2022\/09\/escola-padre-eustaquio.jpeg\",\"datePublished\":\"2022-09-20T09:39:00+00:00\",\"description\":\"Foi inaugurada oficialmente este m\u00eas, a nova escola Padre Eust\u00e1quio, em Kinshasa, capital da Rep\u00fablica Democr\u00e1tica do Congo, na \u00c1frica. Apesar de a obra n\u00e3o estar completamente conclu\u00edda, a prov\u00edncia decidiu acolher os primeiros alunos no col\u00e9gio.\",\"breadcrumb\":{\"@id\":\"https:\/\/www.padreeustaquio.com.br\/escola-padre-eustaquio-e-inaugurada-na-capital-do-congo-na-africa\/#breadcrumb\"},\"inLanguage\":\"es\",\"potentialAction\":[{\"@type\":\"ReadAction\",\"target\":[\"https:\/\/www.padreeustaquio.com.br\/escola-padre-eustaquio-e-inaugurada-na-capital-do-congo-na-africa\/\"]}]},{\"@type\":\"ImageObject\",\"inLanguage\":\"es\",\"@id\":\"https:\/\/www.padreeustaquio.com.br\/escola-padre-eustaquio-e-inaugurada-na-capital-do-congo-na-africa\/#primaryimage\",\"url\":\"https:\/\/www.padreeustaquio.com.br\/wp-content\/uploads\/2022\/09\/escola-padre-eustaquio.jpeg\",\"contentUrl\":\"https:\/\/www.padreeustaquio.com.br\/wp-content\/uploads\/2022\/09\/escola-padre-eustaquio.jpeg\",\"width\":670,\"height\":480},{\"@type\":\"BreadcrumbList\",\"@id\":\"https:\/\/www.padreeustaquio.com.br\/escola-padre-eustaquio-e-inaugurada-na-capital-do-congo-na-africa\/#breadcrumb\",\"itemListElement\":[{\"@type\":\"ListItem\",\"position\":1,\"name\":\"In\u00edcio\",\"item\":\"https:\/\/www.padreeustaquio.com.br\/\"},{\"@type\":\"ListItem\",\"position\":2,\"name\":\"Escola Padre Eust\u00e1quio \u00e9 inaugurada na capital do Congo, na \u00c1frica\"}]},{\"@type\":\"WebSite\",\"@id\":\"https:\/\/www.padreeustaquio.com.br\/#website\",\"url\":\"https:\/\/www.padreeustaquio.com.br\/\",\"name\":\"Padre Eust\u00e1quio\",\"description\":\"Sa\u00fade e Paz\",\"publisher\":{\"@id\":\"https:\/\/www.padreeustaquio.com.br\/#organization\"},\"potentialAction\":[{\"@type\":\"SearchAction\",\"target\":{\"@type\":\"EntryPoint\",\"urlTemplate\":\"https:\/\/www.padreeustaquio.com.br\/?s={search_term_string}\"},\"query-input\":{\"@type\":\"PropertyValueSpecification\",\"valueRequired\":true,\"valueName\":\"search_term_string\"}}],\"inLanguage\":\"es\"},{\"@type\":\"Organization\",\"@id\":\"https:\/\/www.padreeustaquio.com.br\/#organization\",\"name\":\"Padre Eust\u00e1quio\",\"url\":\"https:\/\/www.padreeustaquio.com.br\/\",\"logo\":{\"@type\":\"ImageObject\",\"inLanguage\":\"es\",\"@id\":\"https:\/\/www.padreeustaquio.com.br\/#\/schema\/logo\/image\/\",\"url\":\"https:\/\/www.padreeustaquio.com.br\/wp-content\/uploads\/2019\/08\/marca.png\",\"contentUrl\":\"https:\/\/www.padreeustaquio.com.br\/wp-content\/uploads\/2019\/08\/marca.png\",\"width\":350,\"height\":400,\"caption\":\"Padre Eust\u00e1quio\"},\"image\":{\"@id\":\"https:\/\/www.padreeustaquio.com.br\/#\/schema\/logo\/image\/\"},\"sameAs\":[\"https:\/\/www.facebook.com\/beatopadreeustaquio\/\",\"https:\/\/x.com\/beatopeustaquio\",\"https:\/\/www.instagram.com\/beatopadreeustaquio\/\",\"https:\/\/www.youtube.com\/channel\/UCRhw7vfabnajwLxb1ZXMeIw\"]},{\"@type\":\"Person\",\"@id\":\"https:\/\/www.padreeustaquio.com.br\/#\/schema\/person\/a2a51db1d00f1a7af0204a0f1ddb1566\",\"name\":\"@sscc\",\"image\":{\"@type\":\"ImageObject\",\"inLanguage\":\"es\",\"@id\":\"https:\/\/secure.gravatar.com\/avatar\/68cfafa5f44617fea54071e215026e0ff06be366c3d54a8425f04fdcb86f8c5f?s=96&d=mm&r=g\",\"url\":\"https:\/\/secure.gravatar.com\/avatar\/68cfafa5f44617fea54071e215026e0ff06be366c3d54a8425f04fdcb86f8c5f?s=96&d=mm&r=g\",\"contentUrl\":\"https:\/\/secure.gravatar.com\/avatar\/68cfafa5f44617fea54071e215026e0ff06be366c3d54a8425f04fdcb86f8c5f?s=96&d=mm&r=g\",\"caption\":\"@sscc\"},\"url\":\"https:\/\/www.padreeustaquio.com.br\/es\/author\/sscc\/\"}]}<\/script>\n<!-- \/ Yoast SEO plugin. -->","yoast_head_json":{"title":"Se inaugura el Colegio Padre Eust\u00e1quio en la capital del Congo, \u00c1frica.","description":"El nuevo colegio Padre Eust\u00e1quio se inaugur\u00f3 oficialmente este mes en Kinshasa, capital de la Rep\u00fablica Democr\u00e1tica del Congo, en \u00c1frica. Aunque la construcci\u00f3n a\u00fan no ha finalizado, la provincia decidi\u00f3 dar la bienvenida a los primeros alumnos.","robots":{"index":"index","follow":"follow","max-snippet":"max-snippet:-1","max-image-preview":"max-image-preview:large","max-video-preview":"max-video-preview:-1"},"canonical":"https:\/\/www.padreeustaquio.com.br\/es\/se-inauguro-el-colegio-padre-eustaquio-en-la-capital-del-congo-en-africa\/","og_locale":"es_ES","og_type":"article","og_title":"Escola Padre Eust\u00e1quio \u00e9 inaugurada na capital do Congo, na \u00c1frica","og_description":"Foi inaugurada oficialmente este m\u00eas, a nova escola Padre Eust\u00e1quio, em Kinshasa, capital da Rep\u00fablica Democr\u00e1tica do Congo, na \u00c1frica. Apesar de a obra n\u00e3o estar completamente conclu\u00edda, a prov\u00edncia decidiu acolher os primeiros alunos no col\u00e9gio.","og_url":"https:\/\/www.padreeustaquio.com.br\/es\/se-inauguro-el-colegio-padre-eustaquio-en-la-capital-del-congo-en-africa\/","og_site_name":"Padre Eust\u00e1quio","article_publisher":"https:\/\/www.facebook.com\/beatopadreeustaquio\/","article_published_time":"2022-09-20T09:39:00+00:00","og_image":[{"width":670,"height":480,"url":"https:\/\/www.padreeustaquio.com.br\/wp-content\/uploads\/2022\/09\/escola-padre-eustaquio.jpeg","type":"image\/jpeg"}],"author":"@sscc","twitter_card":"summary_large_image","twitter_image":"https:\/\/www.padreeustaquio.com.br\/wp-content\/uploads\/2022\/09\/escola-padre-eustaquio.jpeg","twitter_creator":"@beatopeustaquio","twitter_site":"@beatopeustaquio","twitter_misc":{"Escrito por":"@sscc","Tiempo de lectura":"1 minuto"},"schema":{"@context":"https:\/\/schema.org","@graph":[{"@type":"Article","@id":"https:\/\/www.padreeustaquio.com.br\/escola-padre-eustaquio-e-inaugurada-na-capital-do-congo-na-africa\/#article","isPartOf":{"@id":"https:\/\/www.padreeustaquio.com.br\/escola-padre-eustaquio-e-inaugurada-na-capital-do-congo-na-africa\/"},"author":{"name":"@sscc","@id":"https:\/\/www.padreeustaquio.com.br\/#\/schema\/person\/a2a51db1d00f1a7af0204a0f1ddb1566"},"headline":"Escola Padre Eust\u00e1quio \u00e9 inaugurada na capital do Congo, na \u00c1frica","datePublished":"2022-09-20T09:39:00+00:00","mainEntityOfPage":{"@id":"https:\/\/www.padreeustaquio.com.br\/escola-padre-eustaquio-e-inaugurada-na-capital-do-congo-na-africa\/"},"wordCount":203,"commentCount":0,"publisher":{"@id":"https:\/\/www.padreeustaquio.com.br\/#organization"},"image":{"@id":"https:\/\/www.padreeustaquio.com.br\/escola-padre-eustaquio-e-inaugurada-na-capital-do-congo-na-africa\/#primaryimage"},"thumbnailUrl":"https:\/\/www.padreeustaquio.com.br\/wp-content\/uploads\/2022\/09\/escola-padre-eustaquio.jpeg","articleSection":["Not\u00edcias"],"inLanguage":"es","potentialAction":[{"@type":"CommentAction","name":"Comment","target":["https:\/\/www.padreeustaquio.com.br\/escola-padre-eustaquio-e-inaugurada-na-capital-do-congo-na-africa\/#respond"]}]},{"@type":"WebPage","@id":"https:\/\/www.padreeustaquio.com.br\/escola-padre-eustaquio-e-inaugurada-na-capital-do-congo-na-africa\/","url":"https:\/\/www.padreeustaquio.com.br\/escola-padre-eustaquio-e-inaugurada-na-capital-do-congo-na-africa\/","name":"Se inaugura el Colegio Padre Eust\u00e1quio en la capital del Congo, \u00c1frica.","isPartOf":{"@id":"https:\/\/www.padreeustaquio.com.br\/#website"},"primaryImageOfPage":{"@id":"https:\/\/www.padreeustaquio.com.br\/escola-padre-eustaquio-e-inaugurada-na-capital-do-congo-na-africa\/#primaryimage"},"image":{"@id":"https:\/\/www.padreeustaquio.com.br\/escola-padre-eustaquio-e-inaugurada-na-capital-do-congo-na-africa\/#primaryimage"},"thumbnailUrl":"https:\/\/www.padreeustaquio.com.br\/wp-content\/uploads\/2022\/09\/escola-padre-eustaquio.jpeg","datePublished":"2022-09-20T09:39:00+00:00","description":"El nuevo colegio Padre Eust\u00e1quio se inaugur\u00f3 oficialmente este mes en Kinshasa, capital de la Rep\u00fablica Democr\u00e1tica del Congo, en \u00c1frica. Aunque la construcci\u00f3n a\u00fan no ha finalizado, la provincia decidi\u00f3 dar la bienvenida a los primeros alumnos.","breadcrumb":{"@id":"https:\/\/www.padreeustaquio.com.br\/escola-padre-eustaquio-e-inaugurada-na-capital-do-congo-na-africa\/#breadcrumb"},"inLanguage":"es","potentialAction":[{"@type":"ReadAction","target":["https:\/\/www.padreeustaquio.com.br\/escola-padre-eustaquio-e-inaugurada-na-capital-do-congo-na-africa\/"]}]},{"@type":"ImageObject","inLanguage":"es","@id":"https:\/\/www.padreeustaquio.com.br\/escola-padre-eustaquio-e-inaugurada-na-capital-do-congo-na-africa\/#primaryimage","url":"https:\/\/www.padreeustaquio.com.br\/wp-content\/uploads\/2022\/09\/escola-padre-eustaquio.jpeg","contentUrl":"https:\/\/www.padreeustaquio.com.br\/wp-content\/uploads\/2022\/09\/escola-padre-eustaquio.jpeg","width":670,"height":480},{"@type":"BreadcrumbList","@id":"https:\/\/www.padreeustaquio.com.br\/escola-padre-eustaquio-e-inaugurada-na-capital-do-congo-na-africa\/#breadcrumb","itemListElement":[{"@type":"ListItem","position":1,"name":"In\u00edcio","item":"https:\/\/www.padreeustaquio.com.br\/"},{"@type":"ListItem","position":2,"name":"Escola Padre Eust\u00e1quio \u00e9 inaugurada na capital do Congo, na \u00c1frica"}]},{"@type":"WebSite","@id":"https:\/\/www.padreeustaquio.com.br\/#website","url":"https:\/\/www.padreeustaquio.com.br\/","name":"Padre Eustace","description":"Salud y Paz","publisher":{"@id":"https:\/\/www.padreeustaquio.com.br\/#organization"},"potentialAction":[{"@type":"SearchAction","target":{"@type":"EntryPoint","urlTemplate":"https:\/\/www.padreeustaquio.com.br\/?s={search_term_string}"},"query-input":{"@type":"PropertyValueSpecification","valueRequired":true,"valueName":"search_term_string"}}],"inLanguage":"es"},{"@type":"Organization","@id":"https:\/\/www.padreeustaquio.com.br\/#organization","name":"Padre Eustace","url":"https:\/\/www.padreeustaquio.com.br\/","logo":{"@type":"ImageObject","inLanguage":"es","@id":"https:\/\/www.padreeustaquio.com.br\/#\/schema\/logo\/image\/","url":"https:\/\/www.padreeustaquio.com.br\/wp-content\/uploads\/2019\/08\/marca.png","contentUrl":"https:\/\/www.padreeustaquio.com.br\/wp-content\/uploads\/2019\/08\/marca.png","width":350,"height":400,"caption":"Padre Eust\u00e1quio"},"image":{"@id":"https:\/\/www.padreeustaquio.com.br\/#\/schema\/logo\/image\/"},"sameAs":["https:\/\/www.facebook.com\/beatopadreeustaquio\/","https:\/\/x.com\/beatopeustaquio","https:\/\/www.instagram.com\/beatopadreeustaquio\/","https:\/\/www.youtube.com\/channel\/UCRhw7vfabnajwLxb1ZXMeIw"]},{"@type":"Person","@id":"https:\/\/www.padreeustaquio.com.br\/#\/schema\/person\/a2a51db1d00f1a7af0204a0f1ddb1566","name":"@sscc","image":{"@type":"ImageObject","inLanguage":"es","@id":"https:\/\/secure.gravatar.com\/avatar\/68cfafa5f44617fea54071e215026e0ff06be366c3d54a8425f04fdcb86f8c5f?s=96&d=mm&r=g","url":"https:\/\/secure.gravatar.com\/avatar\/68cfafa5f44617fea54071e215026e0ff06be366c3d54a8425f04fdcb86f8c5f?s=96&d=mm&r=g","contentUrl":"https:\/\/secure.gravatar.com\/avatar\/68cfafa5f44617fea54071e215026e0ff06be366c3d54a8425f04fdcb86f8c5f?s=96&d=mm&r=g","caption":"@sscc"},"url":"https:\/\/www.padreeustaquio.com.br\/es\/author\/sscc\/"}]}},"_links":{"self":[{"href":"https:\/\/www.padreeustaquio.com.br\/es\/wp-json\/wp\/v2\/posts\/9302","targetHints":{"allow":["GET"]}}],"collection":[{"href":"https:\/\/www.padreeustaquio.com.br\/es\/wp-json\/wp\/v2\/posts"}],"about":[{"href":"https:\/\/www.padreeustaquio.com.br\/es\/wp-json\/wp\/v2\/types\/post"}],"author":[{"embeddable":true,"href":"https:\/\/www.padreeustaquio.com.br\/es\/wp-json\/wp\/v2\/users\/2"}],"replies":[{"embeddable":true,"href":"https:\/\/www.padreeustaquio.com.br\/es\/wp-json\/wp\/v2\/comments?post=9302"}],"version-history":[{"count":0,"href":"https:\/\/www.padreeustaquio.com.br\/es\/wp-json\/wp\/v2\/posts\/9302\/revisions"}],"wp:featuredmedia":[{"embeddable":true,"href":"https:\/\/www.padreeustaquio.com.br\/es\/wp-json\/wp\/v2\/media\/9303"}],"wp:attachment":[{"href":"https:\/\/www.padreeustaquio.com.br\/es\/wp-json\/wp\/v2\/media?parent=9302"}],"wp:term":[{"taxonomy":"category","embeddable":true,"href":"https:\/\/www.padreeustaquio.com.br\/es\/wp-json\/wp\/v2\/categories?post=9302"},{"taxonomy":"post_tag","embeddable":true,"href":"https:\/\/www.padreeustaquio.com.br\/es\/wp-json\/wp\/v2\/tags?post=9302"}],"curies":[{"name":"wp","href":"https:\/\/api.w.org\/{rel}","templated":true}]}}