{"id":9295,"date":"2022-09-19T06:31:00","date_gmt":"2022-09-19T09:31:00","guid":{"rendered":"https:\/\/www.padreeustaquio.com.br\/?p=9295"},"modified":"2022-09-16T12:38:32","modified_gmt":"2022-09-16T15:38:32","slug":"iglesia-en-santa-juliana-mg-recibe-reliquia-del-beato-padre-eustaquio","status":"publish","type":"post","link":"https:\/\/www.padreeustaquio.com.br\/es\/iglesia-en-santa-juliana-mg-recibe-reliquia-del-beato-padre-eustaquio\/","title":{"rendered":"Iglesia de Santa Juliana-MG recibe reliquia del Beato Padre Eust\u00e1quio"},"content":{"rendered":"<p>La Iglesia de Nuestra Se\u00f1ora de los Dolores, en la ciudad de Santa Juliana, MG, recibi\u00f3 una reliquia del Beato Padre Eustaquio. La iglesia fue restaurada y la obra fue entregada a la comunidad la semana pasada. En el altar se coloc\u00f3 un trozo del hueso del Padre Eustaquio y, posteriormente, se consagr\u00f3 la Mesa Eucar\u00edstica.<\/p>\n\n\n\n<p>La costumbre de colocar una reliquia en el altar se remonta a la antig\u00fcedad, cuando se colocaba algo relacionado con un m\u00e1rtir sobre la mesa eucar\u00edstica. Este acto recuerda el sacrificio solicitado por Jes\u00fas (de pan y vino), que antiguamente se celebraba en las catacumbas de los m\u00e1rtires. Por lo tanto, por tradici\u00f3n, los altares de las iglesias cat\u00f3licas suelen albergar la reliquia de un santo o beato reconocido por la Sede Apost\u00f3lica.<\/p>\n\n\n\n<p>Una reliquia son los restos del cuerpo de un beato o santo, objetos que le pertenecieron o material que estuvo en contacto con sus restos. Un peque\u00f1o fragmento de hueso fue enviado a la Iglesia de Nuestra Se\u00f1ora de los Dolores.<\/p>\n\n\n\n<p><\/p>","protected":false},"excerpt":{"rendered":"<p>A Igreja Nossa Senhora das Dores, na cidade de Santa Juliana-MG, recebeu uma rel\u00edquia do Beato Padre Eust\u00e1quio. A igreja foi restaurada e a obra entregue \u00e0 comunidade na semana passada. No altar, um peda\u00e7o do osso de Padre Eust\u00e1quio foi colocado e, em seguida a Mesa Eucar\u00edstica foi consagrada. O costume de colocar uma rel\u00edquia no altar remonta aos tempos antigos, quando se colocava algo relacionado a um m\u00e1rtir nas mesas da Eucaristia. O ato lembra o sacrif\u00edcio pedido por Jesus (do p\u00e3o e do vinho), que antigamente era celebrado nas catacumbas dos m\u00e1rtires. Por isso, por tradi\u00e7\u00e3o os [&hellip;]<\/p>\n","protected":false},"author":2,"featured_media":9296,"comment_status":"open","ping_status":"closed","sticky":false,"template":"","format":"standard","meta":{"_acf_changed":false,"footnotes":""},"categories":[611],"tags":[],"class_list":["post-9295","post","type-post","status-publish","format-standard","has-post-thumbnail","hentry","category-noticias"],"acf":[],"yoast_head":"<!-- This site is optimized with the Yoast SEO plugin v27.2 - https:\/\/yoast.com\/product\/yoast-seo-wordpress\/ -->\n<title>Igreja em Santa Juliana-MG recebe rel\u00edquia do Beato Padre Eust\u00e1quio<\/title>\n<meta name=\"description\" content=\"A Igreja Nossa Senhora das Dores, na cidade de Santa Juliana-MG, recebeu uma rel\u00edquia do Beato Padre Eust\u00e1quio. A igreja foi restaurada e entregue \u00e0 comunidade na semana passada. No altar, um peda\u00e7o do osso de Padre Eust\u00e1quio foi colocado e, em seguida a Mesa Eucar\u00edstica foi consagrada.\" \/>\n<meta name=\"robots\" content=\"index, follow, max-snippet:-1, max-image-preview:large, max-video-preview:-1\" \/>\n<link rel=\"canonical\" href=\"https:\/\/www.padreeustaquio.com.br\/es\/iglesia-en-santa-juliana-mg-recibe-reliquia-del-beato-padre-eustaquio\/\" \/>\n<meta property=\"og:locale\" content=\"es_ES\" \/>\n<meta property=\"og:type\" content=\"article\" \/>\n<meta property=\"og:title\" content=\"Igreja em Santa Juliana-MG recebe rel\u00edquia do Beato Padre Eust\u00e1quio\" \/>\n<meta property=\"og:description\" content=\"A Igreja Nossa Senhora das Dores, na cidade de Santa Juliana-MG, recebeu uma rel\u00edquia do Beato Padre Eust\u00e1quio. A igreja foi restaurada e entregue \u00e0 comunidade na semana passada. No altar, um peda\u00e7o do osso de Padre Eust\u00e1quio foi colocado e, em seguida a Mesa Eucar\u00edstica foi consagrada.\" \/>\n<meta property=\"og:url\" content=\"https:\/\/www.padreeustaquio.com.br\/es\/iglesia-en-santa-juliana-mg-recibe-reliquia-del-beato-padre-eustaquio\/\" \/>\n<meta property=\"og:site_name\" content=\"Padre Eust\u00e1quio\" \/>\n<meta property=\"article:publisher\" content=\"https:\/\/www.facebook.com\/beatopadreeustaquio\/\" \/>\n<meta property=\"article:published_time\" content=\"2022-09-19T09:31:00+00:00\" \/>\n<meta property=\"og:image\" content=\"https:\/\/www.padreeustaquio.com.br\/wp-content\/uploads\/2022\/09\/Igreja-NS-Dores-Santa-Juliana-MG-e1663341770636.jpeg\" \/>\n\t<meta property=\"og:image:width\" content=\"960\" \/>\n\t<meta property=\"og:image:height\" content=\"513\" \/>\n\t<meta property=\"og:image:type\" content=\"image\/jpeg\" \/>\n<meta name=\"author\" content=\"@sscc\" \/>\n<meta name=\"twitter:card\" content=\"summary_large_image\" \/>\n<meta name=\"twitter:creator\" content=\"@beatopeustaquio\" \/>\n<meta name=\"twitter:site\" content=\"@beatopeustaquio\" \/>\n<meta name=\"twitter:label1\" content=\"Escrito por\" \/>\n\t<meta name=\"twitter:data1\" content=\"@sscc\" \/>\n\t<meta name=\"twitter:label2\" content=\"Tiempo de lectura\" \/>\n\t<meta name=\"twitter:data2\" content=\"1 minuto\" \/>\n<script type=\"application\/ld+json\" class=\"yoast-schema-graph\">{\"@context\":\"https:\/\/schema.org\",\"@graph\":[{\"@type\":\"Article\",\"@id\":\"https:\/\/www.padreeustaquio.com.br\/igreja-em-santa-juliana-mg-recebe-reliquia-do-beato-padre-eustaquio\/#article\",\"isPartOf\":{\"@id\":\"https:\/\/www.padreeustaquio.com.br\/igreja-em-santa-juliana-mg-recebe-reliquia-do-beato-padre-eustaquio\/\"},\"author\":{\"name\":\"@sscc\",\"@id\":\"https:\/\/www.padreeustaquio.com.br\/#\/schema\/person\/a2a51db1d00f1a7af0204a0f1ddb1566\"},\"headline\":\"Igreja em Santa Juliana-MG recebe rel\u00edquia do Beato Padre Eust\u00e1quio\",\"datePublished\":\"2022-09-19T09:31:00+00:00\",\"mainEntityOfPage\":{\"@id\":\"https:\/\/www.padreeustaquio.com.br\/igreja-em-santa-juliana-mg-recebe-reliquia-do-beato-padre-eustaquio\/\"},\"wordCount\":180,\"commentCount\":0,\"publisher\":{\"@id\":\"https:\/\/www.padreeustaquio.com.br\/#organization\"},\"image\":{\"@id\":\"https:\/\/www.padreeustaquio.com.br\/igreja-em-santa-juliana-mg-recebe-reliquia-do-beato-padre-eustaquio\/#primaryimage\"},\"thumbnailUrl\":\"https:\/\/www.padreeustaquio.com.br\/wp-content\/uploads\/2022\/09\/Igreja-NS-Dores-Santa-Juliana-MG-e1663341770636.jpeg\",\"articleSection\":[\"Not\u00edcias\"],\"inLanguage\":\"es\",\"potentialAction\":[{\"@type\":\"CommentAction\",\"name\":\"Comment\",\"target\":[\"https:\/\/www.padreeustaquio.com.br\/igreja-em-santa-juliana-mg-recebe-reliquia-do-beato-padre-eustaquio\/#respond\"]}]},{\"@type\":\"WebPage\",\"@id\":\"https:\/\/www.padreeustaquio.com.br\/igreja-em-santa-juliana-mg-recebe-reliquia-do-beato-padre-eustaquio\/\",\"url\":\"https:\/\/www.padreeustaquio.com.br\/igreja-em-santa-juliana-mg-recebe-reliquia-do-beato-padre-eustaquio\/\",\"name\":\"Igreja em Santa Juliana-MG recebe rel\u00edquia do Beato Padre Eust\u00e1quio\",\"isPartOf\":{\"@id\":\"https:\/\/www.padreeustaquio.com.br\/#website\"},\"primaryImageOfPage\":{\"@id\":\"https:\/\/www.padreeustaquio.com.br\/igreja-em-santa-juliana-mg-recebe-reliquia-do-beato-padre-eustaquio\/#primaryimage\"},\"image\":{\"@id\":\"https:\/\/www.padreeustaquio.com.br\/igreja-em-santa-juliana-mg-recebe-reliquia-do-beato-padre-eustaquio\/#primaryimage\"},\"thumbnailUrl\":\"https:\/\/www.padreeustaquio.com.br\/wp-content\/uploads\/2022\/09\/Igreja-NS-Dores-Santa-Juliana-MG-e1663341770636.jpeg\",\"datePublished\":\"2022-09-19T09:31:00+00:00\",\"description\":\"A Igreja Nossa Senhora das Dores, na cidade de Santa Juliana-MG, recebeu uma rel\u00edquia do Beato Padre Eust\u00e1quio. A igreja foi restaurada e entregue \u00e0 comunidade na semana passada. No altar, um peda\u00e7o do osso de Padre Eust\u00e1quio foi colocado e, em seguida a Mesa Eucar\u00edstica foi consagrada.\",\"breadcrumb\":{\"@id\":\"https:\/\/www.padreeustaquio.com.br\/igreja-em-santa-juliana-mg-recebe-reliquia-do-beato-padre-eustaquio\/#breadcrumb\"},\"inLanguage\":\"es\",\"potentialAction\":[{\"@type\":\"ReadAction\",\"target\":[\"https:\/\/www.padreeustaquio.com.br\/igreja-em-santa-juliana-mg-recebe-reliquia-do-beato-padre-eustaquio\/\"]}]},{\"@type\":\"ImageObject\",\"inLanguage\":\"es\",\"@id\":\"https:\/\/www.padreeustaquio.com.br\/igreja-em-santa-juliana-mg-recebe-reliquia-do-beato-padre-eustaquio\/#primaryimage\",\"url\":\"https:\/\/www.padreeustaquio.com.br\/wp-content\/uploads\/2022\/09\/Igreja-NS-Dores-Santa-Juliana-MG-e1663341770636.jpeg\",\"contentUrl\":\"https:\/\/www.padreeustaquio.com.br\/wp-content\/uploads\/2022\/09\/Igreja-NS-Dores-Santa-Juliana-MG-e1663341770636.jpeg\",\"width\":960,\"height\":513},{\"@type\":\"BreadcrumbList\",\"@id\":\"https:\/\/www.padreeustaquio.com.br\/igreja-em-santa-juliana-mg-recebe-reliquia-do-beato-padre-eustaquio\/#breadcrumb\",\"itemListElement\":[{\"@type\":\"ListItem\",\"position\":1,\"name\":\"In\u00edcio\",\"item\":\"https:\/\/www.padreeustaquio.com.br\/\"},{\"@type\":\"ListItem\",\"position\":2,\"name\":\"Igreja em Santa Juliana-MG recebe rel\u00edquia do Beato Padre Eust\u00e1quio\"}]},{\"@type\":\"WebSite\",\"@id\":\"https:\/\/www.padreeustaquio.com.br\/#website\",\"url\":\"https:\/\/www.padreeustaquio.com.br\/\",\"name\":\"Padre Eust\u00e1quio\",\"description\":\"Sa\u00fade e Paz\",\"publisher\":{\"@id\":\"https:\/\/www.padreeustaquio.com.br\/#organization\"},\"potentialAction\":[{\"@type\":\"SearchAction\",\"target\":{\"@type\":\"EntryPoint\",\"urlTemplate\":\"https:\/\/www.padreeustaquio.com.br\/?s={search_term_string}\"},\"query-input\":{\"@type\":\"PropertyValueSpecification\",\"valueRequired\":true,\"valueName\":\"search_term_string\"}}],\"inLanguage\":\"es\"},{\"@type\":\"Organization\",\"@id\":\"https:\/\/www.padreeustaquio.com.br\/#organization\",\"name\":\"Padre Eust\u00e1quio\",\"url\":\"https:\/\/www.padreeustaquio.com.br\/\",\"logo\":{\"@type\":\"ImageObject\",\"inLanguage\":\"es\",\"@id\":\"https:\/\/www.padreeustaquio.com.br\/#\/schema\/logo\/image\/\",\"url\":\"https:\/\/www.padreeustaquio.com.br\/wp-content\/uploads\/2019\/08\/marca.png\",\"contentUrl\":\"https:\/\/www.padreeustaquio.com.br\/wp-content\/uploads\/2019\/08\/marca.png\",\"width\":350,\"height\":400,\"caption\":\"Padre Eust\u00e1quio\"},\"image\":{\"@id\":\"https:\/\/www.padreeustaquio.com.br\/#\/schema\/logo\/image\/\"},\"sameAs\":[\"https:\/\/www.facebook.com\/beatopadreeustaquio\/\",\"https:\/\/x.com\/beatopeustaquio\",\"https:\/\/www.instagram.com\/beatopadreeustaquio\/\",\"https:\/\/www.youtube.com\/channel\/UCRhw7vfabnajwLxb1ZXMeIw\"]},{\"@type\":\"Person\",\"@id\":\"https:\/\/www.padreeustaquio.com.br\/#\/schema\/person\/a2a51db1d00f1a7af0204a0f1ddb1566\",\"name\":\"@sscc\",\"image\":{\"@type\":\"ImageObject\",\"inLanguage\":\"es\",\"@id\":\"https:\/\/secure.gravatar.com\/avatar\/68cfafa5f44617fea54071e215026e0ff06be366c3d54a8425f04fdcb86f8c5f?s=96&d=mm&r=g\",\"url\":\"https:\/\/secure.gravatar.com\/avatar\/68cfafa5f44617fea54071e215026e0ff06be366c3d54a8425f04fdcb86f8c5f?s=96&d=mm&r=g\",\"contentUrl\":\"https:\/\/secure.gravatar.com\/avatar\/68cfafa5f44617fea54071e215026e0ff06be366c3d54a8425f04fdcb86f8c5f?s=96&d=mm&r=g\",\"caption\":\"@sscc\"},\"url\":\"https:\/\/www.padreeustaquio.com.br\/es\/author\/sscc\/\"}]}<\/script>\n<!-- \/ Yoast SEO plugin. -->","yoast_head_json":{"title":"Iglesia de Santa Juliana-MG recibe reliquia del Beato Padre Eust\u00e1quio","description":"La Iglesia de Nuestra Se\u00f1ora de los Dolores, en la ciudad de Santa Juliana, MG, recibi\u00f3 una reliquia del Beato Padre Eustaquio. La iglesia fue restaurada y devuelta a la comunidad la semana pasada. Un fragmento del hueso del Padre Eustaquio fue colocado en el altar y luego se consagr\u00f3 la Mesa Eucar\u00edstica.","robots":{"index":"index","follow":"follow","max-snippet":"max-snippet:-1","max-image-preview":"max-image-preview:large","max-video-preview":"max-video-preview:-1"},"canonical":"https:\/\/www.padreeustaquio.com.br\/es\/iglesia-en-santa-juliana-mg-recibe-reliquia-del-beato-padre-eustaquio\/","og_locale":"es_ES","og_type":"article","og_title":"Igreja em Santa Juliana-MG recebe rel\u00edquia do Beato Padre Eust\u00e1quio","og_description":"A Igreja Nossa Senhora das Dores, na cidade de Santa Juliana-MG, recebeu uma rel\u00edquia do Beato Padre Eust\u00e1quio. A igreja foi restaurada e entregue \u00e0 comunidade na semana passada. No altar, um peda\u00e7o do osso de Padre Eust\u00e1quio foi colocado e, em seguida a Mesa Eucar\u00edstica foi consagrada.","og_url":"https:\/\/www.padreeustaquio.com.br\/es\/iglesia-en-santa-juliana-mg-recibe-reliquia-del-beato-padre-eustaquio\/","og_site_name":"Padre Eust\u00e1quio","article_publisher":"https:\/\/www.facebook.com\/beatopadreeustaquio\/","article_published_time":"2022-09-19T09:31:00+00:00","og_image":[{"width":960,"height":513,"url":"https:\/\/www.padreeustaquio.com.br\/wp-content\/uploads\/2022\/09\/Igreja-NS-Dores-Santa-Juliana-MG-e1663341770636.jpeg","type":"image\/jpeg"}],"author":"@sscc","twitter_card":"summary_large_image","twitter_creator":"@beatopeustaquio","twitter_site":"@beatopeustaquio","twitter_misc":{"Escrito por":"@sscc","Tiempo de lectura":"1 minuto"},"schema":{"@context":"https:\/\/schema.org","@graph":[{"@type":"Article","@id":"https:\/\/www.padreeustaquio.com.br\/igreja-em-santa-juliana-mg-recebe-reliquia-do-beato-padre-eustaquio\/#article","isPartOf":{"@id":"https:\/\/www.padreeustaquio.com.br\/igreja-em-santa-juliana-mg-recebe-reliquia-do-beato-padre-eustaquio\/"},"author":{"name":"@sscc","@id":"https:\/\/www.padreeustaquio.com.br\/#\/schema\/person\/a2a51db1d00f1a7af0204a0f1ddb1566"},"headline":"Igreja em Santa Juliana-MG recebe rel\u00edquia do Beato Padre Eust\u00e1quio","datePublished":"2022-09-19T09:31:00+00:00","mainEntityOfPage":{"@id":"https:\/\/www.padreeustaquio.com.br\/igreja-em-santa-juliana-mg-recebe-reliquia-do-beato-padre-eustaquio\/"},"wordCount":180,"commentCount":0,"publisher":{"@id":"https:\/\/www.padreeustaquio.com.br\/#organization"},"image":{"@id":"https:\/\/www.padreeustaquio.com.br\/igreja-em-santa-juliana-mg-recebe-reliquia-do-beato-padre-eustaquio\/#primaryimage"},"thumbnailUrl":"https:\/\/www.padreeustaquio.com.br\/wp-content\/uploads\/2022\/09\/Igreja-NS-Dores-Santa-Juliana-MG-e1663341770636.jpeg","articleSection":["Not\u00edcias"],"inLanguage":"es","potentialAction":[{"@type":"CommentAction","name":"Comment","target":["https:\/\/www.padreeustaquio.com.br\/igreja-em-santa-juliana-mg-recebe-reliquia-do-beato-padre-eustaquio\/#respond"]}]},{"@type":"WebPage","@id":"https:\/\/www.padreeustaquio.com.br\/igreja-em-santa-juliana-mg-recebe-reliquia-do-beato-padre-eustaquio\/","url":"https:\/\/www.padreeustaquio.com.br\/igreja-em-santa-juliana-mg-recebe-reliquia-do-beato-padre-eustaquio\/","name":"Iglesia de Santa Juliana-MG recibe reliquia del Beato Padre Eust\u00e1quio","isPartOf":{"@id":"https:\/\/www.padreeustaquio.com.br\/#website"},"primaryImageOfPage":{"@id":"https:\/\/www.padreeustaquio.com.br\/igreja-em-santa-juliana-mg-recebe-reliquia-do-beato-padre-eustaquio\/#primaryimage"},"image":{"@id":"https:\/\/www.padreeustaquio.com.br\/igreja-em-santa-juliana-mg-recebe-reliquia-do-beato-padre-eustaquio\/#primaryimage"},"thumbnailUrl":"https:\/\/www.padreeustaquio.com.br\/wp-content\/uploads\/2022\/09\/Igreja-NS-Dores-Santa-Juliana-MG-e1663341770636.jpeg","datePublished":"2022-09-19T09:31:00+00:00","description":"La Iglesia de Nuestra Se\u00f1ora de los Dolores, en la ciudad de Santa Juliana, MG, recibi\u00f3 una reliquia del Beato Padre Eustaquio. La iglesia fue restaurada y devuelta a la comunidad la semana pasada. Un fragmento del hueso del Padre Eustaquio fue colocado en el altar y luego se consagr\u00f3 la Mesa Eucar\u00edstica.","breadcrumb":{"@id":"https:\/\/www.padreeustaquio.com.br\/igreja-em-santa-juliana-mg-recebe-reliquia-do-beato-padre-eustaquio\/#breadcrumb"},"inLanguage":"es","potentialAction":[{"@type":"ReadAction","target":["https:\/\/www.padreeustaquio.com.br\/igreja-em-santa-juliana-mg-recebe-reliquia-do-beato-padre-eustaquio\/"]}]},{"@type":"ImageObject","inLanguage":"es","@id":"https:\/\/www.padreeustaquio.com.br\/igreja-em-santa-juliana-mg-recebe-reliquia-do-beato-padre-eustaquio\/#primaryimage","url":"https:\/\/www.padreeustaquio.com.br\/wp-content\/uploads\/2022\/09\/Igreja-NS-Dores-Santa-Juliana-MG-e1663341770636.jpeg","contentUrl":"https:\/\/www.padreeustaquio.com.br\/wp-content\/uploads\/2022\/09\/Igreja-NS-Dores-Santa-Juliana-MG-e1663341770636.jpeg","width":960,"height":513},{"@type":"BreadcrumbList","@id":"https:\/\/www.padreeustaquio.com.br\/igreja-em-santa-juliana-mg-recebe-reliquia-do-beato-padre-eustaquio\/#breadcrumb","itemListElement":[{"@type":"ListItem","position":1,"name":"In\u00edcio","item":"https:\/\/www.padreeustaquio.com.br\/"},{"@type":"ListItem","position":2,"name":"Igreja em Santa Juliana-MG recebe rel\u00edquia do Beato Padre Eust\u00e1quio"}]},{"@type":"WebSite","@id":"https:\/\/www.padreeustaquio.com.br\/#website","url":"https:\/\/www.padreeustaquio.com.br\/","name":"Padre Eustace","description":"Salud y Paz","publisher":{"@id":"https:\/\/www.padreeustaquio.com.br\/#organization"},"potentialAction":[{"@type":"SearchAction","target":{"@type":"EntryPoint","urlTemplate":"https:\/\/www.padreeustaquio.com.br\/?s={search_term_string}"},"query-input":{"@type":"PropertyValueSpecification","valueRequired":true,"valueName":"search_term_string"}}],"inLanguage":"es"},{"@type":"Organization","@id":"https:\/\/www.padreeustaquio.com.br\/#organization","name":"Padre Eustace","url":"https:\/\/www.padreeustaquio.com.br\/","logo":{"@type":"ImageObject","inLanguage":"es","@id":"https:\/\/www.padreeustaquio.com.br\/#\/schema\/logo\/image\/","url":"https:\/\/www.padreeustaquio.com.br\/wp-content\/uploads\/2019\/08\/marca.png","contentUrl":"https:\/\/www.padreeustaquio.com.br\/wp-content\/uploads\/2019\/08\/marca.png","width":350,"height":400,"caption":"Padre Eust\u00e1quio"},"image":{"@id":"https:\/\/www.padreeustaquio.com.br\/#\/schema\/logo\/image\/"},"sameAs":["https:\/\/www.facebook.com\/beatopadreeustaquio\/","https:\/\/x.com\/beatopeustaquio","https:\/\/www.instagram.com\/beatopadreeustaquio\/","https:\/\/www.youtube.com\/channel\/UCRhw7vfabnajwLxb1ZXMeIw"]},{"@type":"Person","@id":"https:\/\/www.padreeustaquio.com.br\/#\/schema\/person\/a2a51db1d00f1a7af0204a0f1ddb1566","name":"@sscc","image":{"@type":"ImageObject","inLanguage":"es","@id":"https:\/\/secure.gravatar.com\/avatar\/68cfafa5f44617fea54071e215026e0ff06be366c3d54a8425f04fdcb86f8c5f?s=96&d=mm&r=g","url":"https:\/\/secure.gravatar.com\/avatar\/68cfafa5f44617fea54071e215026e0ff06be366c3d54a8425f04fdcb86f8c5f?s=96&d=mm&r=g","contentUrl":"https:\/\/secure.gravatar.com\/avatar\/68cfafa5f44617fea54071e215026e0ff06be366c3d54a8425f04fdcb86f8c5f?s=96&d=mm&r=g","caption":"@sscc"},"url":"https:\/\/www.padreeustaquio.com.br\/es\/author\/sscc\/"}]}},"_links":{"self":[{"href":"https:\/\/www.padreeustaquio.com.br\/es\/wp-json\/wp\/v2\/posts\/9295","targetHints":{"allow":["GET"]}}],"collection":[{"href":"https:\/\/www.padreeustaquio.com.br\/es\/wp-json\/wp\/v2\/posts"}],"about":[{"href":"https:\/\/www.padreeustaquio.com.br\/es\/wp-json\/wp\/v2\/types\/post"}],"author":[{"embeddable":true,"href":"https:\/\/www.padreeustaquio.com.br\/es\/wp-json\/wp\/v2\/users\/2"}],"replies":[{"embeddable":true,"href":"https:\/\/www.padreeustaquio.com.br\/es\/wp-json\/wp\/v2\/comments?post=9295"}],"version-history":[{"count":0,"href":"https:\/\/www.padreeustaquio.com.br\/es\/wp-json\/wp\/v2\/posts\/9295\/revisions"}],"wp:featuredmedia":[{"embeddable":true,"href":"https:\/\/www.padreeustaquio.com.br\/es\/wp-json\/wp\/v2\/media\/9296"}],"wp:attachment":[{"href":"https:\/\/www.padreeustaquio.com.br\/es\/wp-json\/wp\/v2\/media?parent=9295"}],"wp:term":[{"taxonomy":"category","embeddable":true,"href":"https:\/\/www.padreeustaquio.com.br\/es\/wp-json\/wp\/v2\/categories?post=9295"},{"taxonomy":"post_tag","embeddable":true,"href":"https:\/\/www.padreeustaquio.com.br\/es\/wp-json\/wp\/v2\/tags?post=9295"}],"curies":[{"name":"wp","href":"https:\/\/api.w.org\/{rel}","templated":true}]}}