{"id":9286,"date":"2022-09-23T06:48:00","date_gmt":"2022-09-23T09:48:00","guid":{"rendered":"https:\/\/www.padreeustaquio.com.br\/?p=9286"},"modified":"2022-09-16T12:39:47","modified_gmt":"2022-09-16T15:39:47","slug":"se-ha-instalado-un-nuevo-candelabro-votivo-en-la-iglesia-del-padre-eustace","status":"publish","type":"post","link":"https:\/\/www.padreeustaquio.com.br\/es\/se-ha-instalado-un-nuevo-candelabro-votivo-en-la-iglesia-del-padre-eustace\/","title":{"rendered":"En la Iglesia del Padre Eust\u00e1quio se ha instalado un nuevo candelero votivo."},"content":{"rendered":"<p>Se ha instalado un candelabro electr\u00f3nico cerca de la antigua tumba del Padre Eust\u00e1quio, en el Santuario de la Salud y la Paz. La idea es que los fieles puedan encender velas y rezar por el Sant\u00edsimo Padre tambi\u00e9n dentro del templo.<\/p>\n\n\n\n<p>El candelabro votivo es una base con velas virtuales que reemplazan las velas de cera encendidas con fuego real. Es la mejor opci\u00f3n para usar dentro de la iglesia, ya que no requiere fuego, por lo que se puede colocar de forma m\u00e1s segura cerca de los bancos y muebles de madera. Adem\u00e1s, la vela virtual es ecol\u00f3gica y no contamina el medio ambiente.<\/p>\n\n\n<div class=\"wp-block-image\">\n<figure class=\"alignleft size-large is-resized\"><img fetchpriority=\"high\" decoding=\"async\" src=\"https:\/\/www.padreeustaquio.com.br\/wp-content\/uploads\/2022\/09\/velario-eletronico-2-768x1024.jpeg\" alt=\"\" class=\"wp-image-9288\" width=\"270\" height=\"360\" srcset=\"https:\/\/www.padreeustaquio.com.br\/wp-content\/uploads\/2022\/09\/velario-eletronico-2-768x1024.jpeg 768w, https:\/\/www.padreeustaquio.com.br\/wp-content\/uploads\/2022\/09\/velario-eletronico-2-225x300.jpeg 225w, https:\/\/www.padreeustaquio.com.br\/wp-content\/uploads\/2022\/09\/velario-eletronico-2-1152x1536.jpeg 1152w, https:\/\/www.padreeustaquio.com.br\/wp-content\/uploads\/2022\/09\/velario-eletronico-2.jpeg 1200w\" sizes=\"(max-width: 270px) 100vw, 270px\" \/><\/figure>\n<\/div>\n\n\n<p>Encender una vela y rezar es muy f\u00e1cil; simplemente se inserta una moneda de cualquier valor en el espacio designado. Por lo tanto, en lugar de comprar una vela, el devoto coloca la moneda en el candelero, lo que enciende una de las velas. Si los fieles desean encender m\u00e1s de una vela, simplemente deben colocar m\u00e1s de una moneda.<\/p>\n\n\n\n<p>Las velas virtuales tienen el mismo valor devocional que las velas reales, ya que ambas son para Dios y, por lo tanto, tienen la misma importancia. En la Iglesia Cat\u00f3lica, las velas simbolizan el llamado de Jes\u00fas a ser la luz del mundo. Por lo tanto, simbolizan nuestra fe viva, que ayuda a iluminar la oscuridad del mundo.<\/p>\n\n\n\n<p><strong>Oraci\u00f3n de la vela<\/strong><\/p>\n\n\n\n<p>El Padre Eust\u00e1quio escribi\u00f3 una breve oraci\u00f3n sobre las velas en uno de sus cuadernos. La idea es que cada devoto, al encender una vela, dondequiera que est\u00e9, rece esta oraci\u00f3n con fe y confianza.<\/p>\n\n\n\n<p><em>\u201cLas velas son como una oraci\u00f3n simb\u00f3lica. Con ellas pedimos a Dios que ilumine nuestros corazones con las ense\u00f1anzas de Jesucristo y la gracia del Esp\u00edritu Santo. Se\u00f1or, que esta vela encienda el amor divino en nuestros corazones, nos purifique de toda mancha y nos conceda participar de la bendita luz del cielo que nunca se apaga. Pide y recibir\u00e1s. Am\u00e9n.\u201d<\/em><\/p>\n\n\n\n<p><\/p>","protected":false},"excerpt":{"rendered":"<p>Um vel\u00e1rio eletr\u00f4nico foi instalado pr\u00f3ximo ao antigo t\u00famulo do Padre Eust\u00e1quio, no Santu\u00e1rio da Sa\u00fade e da Paz. A ideia \u00e9 que os fi\u00e9is possam acender velas e rezar pelo Bem-aventurado tamb\u00e9m dentro do templo. O vel\u00e1rio \u00e9 uma base com velas virtuais, que substituem as de cera acesas com fogo real. Esta \u00e9 a melhor op\u00e7\u00e3o para ser usada dentro da igreja por n\u00e3o conter fogo, sendo assim, ela pode ser colocada, de forma mais segura, perto de bancos e m\u00f3veis de madeira. Al\u00e9m disso, a vela virtual \u00e9 ecol\u00f3gica e n\u00e3o polui o meio ambiente. Para acender [&hellip;]<\/p>\n","protected":false},"author":2,"featured_media":9287,"comment_status":"open","ping_status":"closed","sticky":false,"template":"","format":"standard","meta":{"_acf_changed":false,"footnotes":""},"categories":[611],"tags":[],"class_list":["post-9286","post","type-post","status-publish","format-standard","has-post-thumbnail","hentry","category-noticias"],"acf":[],"yoast_head":"<!-- This site is optimized with the Yoast SEO plugin v27.2 - https:\/\/yoast.com\/product\/yoast-seo-wordpress\/ -->\n<title>Novo vel\u00e1rio \u00e9 instalado na Igreja do Padre Eust\u00e1quio - Padre Eust\u00e1quio<\/title>\n<meta name=\"robots\" content=\"index, follow, max-snippet:-1, max-image-preview:large, max-video-preview:-1\" \/>\n<link rel=\"canonical\" href=\"https:\/\/www.padreeustaquio.com.br\/es\/se-ha-instalado-un-nuevo-candelabro-votivo-en-la-iglesia-del-padre-eustace\/\" \/>\n<meta property=\"og:locale\" content=\"es_ES\" \/>\n<meta property=\"og:type\" content=\"article\" \/>\n<meta property=\"og:title\" content=\"Novo vel\u00e1rio \u00e9 instalado na Igreja do Padre Eust\u00e1quio - Padre Eust\u00e1quio\" \/>\n<meta property=\"og:description\" content=\"Um vel\u00e1rio eletr\u00f4nico foi instalado pr\u00f3ximo ao antigo t\u00famulo do Padre Eust\u00e1quio, no Santu\u00e1rio da Sa\u00fade e da Paz. A ideia \u00e9 que os fi\u00e9is possam acender velas e rezar pelo Bem-aventurado tamb\u00e9m dentro do templo. O vel\u00e1rio \u00e9 uma base com velas virtuais, que substituem as de cera acesas com fogo real. Esta \u00e9 a melhor op\u00e7\u00e3o para ser usada dentro da igreja por n\u00e3o conter fogo, sendo assim, ela pode ser colocada, de forma mais segura, perto de bancos e m\u00f3veis de madeira. Al\u00e9m disso, a vela virtual \u00e9 ecol\u00f3gica e n\u00e3o polui o meio ambiente. Para acender [&hellip;]\" \/>\n<meta property=\"og:url\" content=\"https:\/\/www.padreeustaquio.com.br\/es\/se-ha-instalado-un-nuevo-candelabro-votivo-en-la-iglesia-del-padre-eustace\/\" \/>\n<meta property=\"og:site_name\" content=\"Padre Eust\u00e1quio\" \/>\n<meta property=\"article:publisher\" content=\"https:\/\/www.facebook.com\/beatopadreeustaquio\/\" \/>\n<meta property=\"article:published_time\" content=\"2022-09-23T09:48:00+00:00\" \/>\n<meta property=\"og:image\" content=\"https:\/\/www.padreeustaquio.com.br\/wp-content\/uploads\/2022\/09\/velario-eletronico-e1663091784699.jpeg\" \/>\n\t<meta property=\"og:image:width\" content=\"1448\" \/>\n\t<meta property=\"og:image:height\" content=\"848\" \/>\n\t<meta property=\"og:image:type\" content=\"image\/jpeg\" \/>\n<meta name=\"author\" content=\"@sscc\" \/>\n<meta name=\"twitter:card\" content=\"summary_large_image\" \/>\n<meta name=\"twitter:image\" content=\"https:\/\/www.padreeustaquio.com.br\/wp-content\/uploads\/2022\/09\/velario-eletronico-e1663091784699.jpeg\" \/>\n<meta name=\"twitter:creator\" content=\"@beatopeustaquio\" \/>\n<meta name=\"twitter:site\" content=\"@beatopeustaquio\" \/>\n<meta name=\"twitter:label1\" content=\"Escrito por\" \/>\n\t<meta name=\"twitter:data1\" content=\"@sscc\" \/>\n\t<meta name=\"twitter:label2\" content=\"Tiempo de lectura\" \/>\n\t<meta name=\"twitter:data2\" content=\"2 minutos\" \/>\n<script type=\"application\/ld+json\" class=\"yoast-schema-graph\">{\"@context\":\"https:\/\/schema.org\",\"@graph\":[{\"@type\":\"Article\",\"@id\":\"https:\/\/www.padreeustaquio.com.br\/novo-velario-e-instalado-na-igreja-do-padre-eustaquio\/#article\",\"isPartOf\":{\"@id\":\"https:\/\/www.padreeustaquio.com.br\/novo-velario-e-instalado-na-igreja-do-padre-eustaquio\/\"},\"author\":{\"name\":\"@sscc\",\"@id\":\"https:\/\/www.padreeustaquio.com.br\/#\/schema\/person\/a2a51db1d00f1a7af0204a0f1ddb1566\"},\"headline\":\"Novo vel\u00e1rio \u00e9 instalado na Igreja do Padre Eust\u00e1quio\",\"datePublished\":\"2022-09-23T09:48:00+00:00\",\"mainEntityOfPage\":{\"@id\":\"https:\/\/www.padreeustaquio.com.br\/novo-velario-e-instalado-na-igreja-do-padre-eustaquio\/\"},\"wordCount\":358,\"commentCount\":0,\"publisher\":{\"@id\":\"https:\/\/www.padreeustaquio.com.br\/#organization\"},\"image\":{\"@id\":\"https:\/\/www.padreeustaquio.com.br\/novo-velario-e-instalado-na-igreja-do-padre-eustaquio\/#primaryimage\"},\"thumbnailUrl\":\"https:\/\/www.padreeustaquio.com.br\/wp-content\/uploads\/2022\/09\/velario-eletronico-e1663091784699.jpeg\",\"articleSection\":[\"Not\u00edcias\"],\"inLanguage\":\"es\",\"potentialAction\":[{\"@type\":\"CommentAction\",\"name\":\"Comment\",\"target\":[\"https:\/\/www.padreeustaquio.com.br\/novo-velario-e-instalado-na-igreja-do-padre-eustaquio\/#respond\"]}]},{\"@type\":\"WebPage\",\"@id\":\"https:\/\/www.padreeustaquio.com.br\/novo-velario-e-instalado-na-igreja-do-padre-eustaquio\/\",\"url\":\"https:\/\/www.padreeustaquio.com.br\/novo-velario-e-instalado-na-igreja-do-padre-eustaquio\/\",\"name\":\"Novo vel\u00e1rio \u00e9 instalado na Igreja do Padre Eust\u00e1quio - Padre Eust\u00e1quio\",\"isPartOf\":{\"@id\":\"https:\/\/www.padreeustaquio.com.br\/#website\"},\"primaryImageOfPage\":{\"@id\":\"https:\/\/www.padreeustaquio.com.br\/novo-velario-e-instalado-na-igreja-do-padre-eustaquio\/#primaryimage\"},\"image\":{\"@id\":\"https:\/\/www.padreeustaquio.com.br\/novo-velario-e-instalado-na-igreja-do-padre-eustaquio\/#primaryimage\"},\"thumbnailUrl\":\"https:\/\/www.padreeustaquio.com.br\/wp-content\/uploads\/2022\/09\/velario-eletronico-e1663091784699.jpeg\",\"datePublished\":\"2022-09-23T09:48:00+00:00\",\"breadcrumb\":{\"@id\":\"https:\/\/www.padreeustaquio.com.br\/novo-velario-e-instalado-na-igreja-do-padre-eustaquio\/#breadcrumb\"},\"inLanguage\":\"es\",\"potentialAction\":[{\"@type\":\"ReadAction\",\"target\":[\"https:\/\/www.padreeustaquio.com.br\/novo-velario-e-instalado-na-igreja-do-padre-eustaquio\/\"]}]},{\"@type\":\"ImageObject\",\"inLanguage\":\"es\",\"@id\":\"https:\/\/www.padreeustaquio.com.br\/novo-velario-e-instalado-na-igreja-do-padre-eustaquio\/#primaryimage\",\"url\":\"https:\/\/www.padreeustaquio.com.br\/wp-content\/uploads\/2022\/09\/velario-eletronico-e1663091784699.jpeg\",\"contentUrl\":\"https:\/\/www.padreeustaquio.com.br\/wp-content\/uploads\/2022\/09\/velario-eletronico-e1663091784699.jpeg\",\"width\":1448,\"height\":848},{\"@type\":\"BreadcrumbList\",\"@id\":\"https:\/\/www.padreeustaquio.com.br\/novo-velario-e-instalado-na-igreja-do-padre-eustaquio\/#breadcrumb\",\"itemListElement\":[{\"@type\":\"ListItem\",\"position\":1,\"name\":\"In\u00edcio\",\"item\":\"https:\/\/www.padreeustaquio.com.br\/\"},{\"@type\":\"ListItem\",\"position\":2,\"name\":\"Novo vel\u00e1rio \u00e9 instalado na Igreja do Padre Eust\u00e1quio\"}]},{\"@type\":\"WebSite\",\"@id\":\"https:\/\/www.padreeustaquio.com.br\/#website\",\"url\":\"https:\/\/www.padreeustaquio.com.br\/\",\"name\":\"Padre Eust\u00e1quio\",\"description\":\"Sa\u00fade e Paz\",\"publisher\":{\"@id\":\"https:\/\/www.padreeustaquio.com.br\/#organization\"},\"potentialAction\":[{\"@type\":\"SearchAction\",\"target\":{\"@type\":\"EntryPoint\",\"urlTemplate\":\"https:\/\/www.padreeustaquio.com.br\/?s={search_term_string}\"},\"query-input\":{\"@type\":\"PropertyValueSpecification\",\"valueRequired\":true,\"valueName\":\"search_term_string\"}}],\"inLanguage\":\"es\"},{\"@type\":\"Organization\",\"@id\":\"https:\/\/www.padreeustaquio.com.br\/#organization\",\"name\":\"Padre Eust\u00e1quio\",\"url\":\"https:\/\/www.padreeustaquio.com.br\/\",\"logo\":{\"@type\":\"ImageObject\",\"inLanguage\":\"es\",\"@id\":\"https:\/\/www.padreeustaquio.com.br\/#\/schema\/logo\/image\/\",\"url\":\"https:\/\/www.padreeustaquio.com.br\/wp-content\/uploads\/2019\/08\/marca.png\",\"contentUrl\":\"https:\/\/www.padreeustaquio.com.br\/wp-content\/uploads\/2019\/08\/marca.png\",\"width\":350,\"height\":400,\"caption\":\"Padre Eust\u00e1quio\"},\"image\":{\"@id\":\"https:\/\/www.padreeustaquio.com.br\/#\/schema\/logo\/image\/\"},\"sameAs\":[\"https:\/\/www.facebook.com\/beatopadreeustaquio\/\",\"https:\/\/x.com\/beatopeustaquio\",\"https:\/\/www.instagram.com\/beatopadreeustaquio\/\",\"https:\/\/www.youtube.com\/channel\/UCRhw7vfabnajwLxb1ZXMeIw\"]},{\"@type\":\"Person\",\"@id\":\"https:\/\/www.padreeustaquio.com.br\/#\/schema\/person\/a2a51db1d00f1a7af0204a0f1ddb1566\",\"name\":\"@sscc\",\"image\":{\"@type\":\"ImageObject\",\"inLanguage\":\"es\",\"@id\":\"https:\/\/secure.gravatar.com\/avatar\/68cfafa5f44617fea54071e215026e0ff06be366c3d54a8425f04fdcb86f8c5f?s=96&d=mm&r=g\",\"url\":\"https:\/\/secure.gravatar.com\/avatar\/68cfafa5f44617fea54071e215026e0ff06be366c3d54a8425f04fdcb86f8c5f?s=96&d=mm&r=g\",\"contentUrl\":\"https:\/\/secure.gravatar.com\/avatar\/68cfafa5f44617fea54071e215026e0ff06be366c3d54a8425f04fdcb86f8c5f?s=96&d=mm&r=g\",\"caption\":\"@sscc\"},\"url\":\"https:\/\/www.padreeustaquio.com.br\/es\/author\/sscc\/\"}]}<\/script>\n<!-- \/ Yoast SEO plugin. -->","yoast_head_json":{"title":"Instalan nuevo candelabro votivo en la Iglesia Padre Eust\u00e1quio - Padre Eust\u00e1quio","robots":{"index":"index","follow":"follow","max-snippet":"max-snippet:-1","max-image-preview":"max-image-preview:large","max-video-preview":"max-video-preview:-1"},"canonical":"https:\/\/www.padreeustaquio.com.br\/es\/se-ha-instalado-un-nuevo-candelabro-votivo-en-la-iglesia-del-padre-eustace\/","og_locale":"es_ES","og_type":"article","og_title":"Novo vel\u00e1rio \u00e9 instalado na Igreja do Padre Eust\u00e1quio - Padre Eust\u00e1quio","og_description":"Um vel\u00e1rio eletr\u00f4nico foi instalado pr\u00f3ximo ao antigo t\u00famulo do Padre Eust\u00e1quio, no Santu\u00e1rio da Sa\u00fade e da Paz. A ideia \u00e9 que os fi\u00e9is possam acender velas e rezar pelo Bem-aventurado tamb\u00e9m dentro do templo. O vel\u00e1rio \u00e9 uma base com velas virtuais, que substituem as de cera acesas com fogo real. Esta \u00e9 a melhor op\u00e7\u00e3o para ser usada dentro da igreja por n\u00e3o conter fogo, sendo assim, ela pode ser colocada, de forma mais segura, perto de bancos e m\u00f3veis de madeira. Al\u00e9m disso, a vela virtual \u00e9 ecol\u00f3gica e n\u00e3o polui o meio ambiente. Para acender [&hellip;]","og_url":"https:\/\/www.padreeustaquio.com.br\/es\/se-ha-instalado-un-nuevo-candelabro-votivo-en-la-iglesia-del-padre-eustace\/","og_site_name":"Padre Eust\u00e1quio","article_publisher":"https:\/\/www.facebook.com\/beatopadreeustaquio\/","article_published_time":"2022-09-23T09:48:00+00:00","og_image":[{"width":1448,"height":848,"url":"https:\/\/www.padreeustaquio.com.br\/wp-content\/uploads\/2022\/09\/velario-eletronico-e1663091784699.jpeg","type":"image\/jpeg"}],"author":"@sscc","twitter_card":"summary_large_image","twitter_image":"https:\/\/www.padreeustaquio.com.br\/wp-content\/uploads\/2022\/09\/velario-eletronico-e1663091784699.jpeg","twitter_creator":"@beatopeustaquio","twitter_site":"@beatopeustaquio","twitter_misc":{"Escrito por":"@sscc","Tiempo de lectura":"2 minutos"},"schema":{"@context":"https:\/\/schema.org","@graph":[{"@type":"Article","@id":"https:\/\/www.padreeustaquio.com.br\/novo-velario-e-instalado-na-igreja-do-padre-eustaquio\/#article","isPartOf":{"@id":"https:\/\/www.padreeustaquio.com.br\/novo-velario-e-instalado-na-igreja-do-padre-eustaquio\/"},"author":{"name":"@sscc","@id":"https:\/\/www.padreeustaquio.com.br\/#\/schema\/person\/a2a51db1d00f1a7af0204a0f1ddb1566"},"headline":"Novo vel\u00e1rio \u00e9 instalado na Igreja do Padre Eust\u00e1quio","datePublished":"2022-09-23T09:48:00+00:00","mainEntityOfPage":{"@id":"https:\/\/www.padreeustaquio.com.br\/novo-velario-e-instalado-na-igreja-do-padre-eustaquio\/"},"wordCount":358,"commentCount":0,"publisher":{"@id":"https:\/\/www.padreeustaquio.com.br\/#organization"},"image":{"@id":"https:\/\/www.padreeustaquio.com.br\/novo-velario-e-instalado-na-igreja-do-padre-eustaquio\/#primaryimage"},"thumbnailUrl":"https:\/\/www.padreeustaquio.com.br\/wp-content\/uploads\/2022\/09\/velario-eletronico-e1663091784699.jpeg","articleSection":["Not\u00edcias"],"inLanguage":"es","potentialAction":[{"@type":"CommentAction","name":"Comment","target":["https:\/\/www.padreeustaquio.com.br\/novo-velario-e-instalado-na-igreja-do-padre-eustaquio\/#respond"]}]},{"@type":"WebPage","@id":"https:\/\/www.padreeustaquio.com.br\/novo-velario-e-instalado-na-igreja-do-padre-eustaquio\/","url":"https:\/\/www.padreeustaquio.com.br\/novo-velario-e-instalado-na-igreja-do-padre-eustaquio\/","name":"Instalan nuevo candelabro votivo en la Iglesia Padre Eust\u00e1quio - Padre Eust\u00e1quio","isPartOf":{"@id":"https:\/\/www.padreeustaquio.com.br\/#website"},"primaryImageOfPage":{"@id":"https:\/\/www.padreeustaquio.com.br\/novo-velario-e-instalado-na-igreja-do-padre-eustaquio\/#primaryimage"},"image":{"@id":"https:\/\/www.padreeustaquio.com.br\/novo-velario-e-instalado-na-igreja-do-padre-eustaquio\/#primaryimage"},"thumbnailUrl":"https:\/\/www.padreeustaquio.com.br\/wp-content\/uploads\/2022\/09\/velario-eletronico-e1663091784699.jpeg","datePublished":"2022-09-23T09:48:00+00:00","breadcrumb":{"@id":"https:\/\/www.padreeustaquio.com.br\/novo-velario-e-instalado-na-igreja-do-padre-eustaquio\/#breadcrumb"},"inLanguage":"es","potentialAction":[{"@type":"ReadAction","target":["https:\/\/www.padreeustaquio.com.br\/novo-velario-e-instalado-na-igreja-do-padre-eustaquio\/"]}]},{"@type":"ImageObject","inLanguage":"es","@id":"https:\/\/www.padreeustaquio.com.br\/novo-velario-e-instalado-na-igreja-do-padre-eustaquio\/#primaryimage","url":"https:\/\/www.padreeustaquio.com.br\/wp-content\/uploads\/2022\/09\/velario-eletronico-e1663091784699.jpeg","contentUrl":"https:\/\/www.padreeustaquio.com.br\/wp-content\/uploads\/2022\/09\/velario-eletronico-e1663091784699.jpeg","width":1448,"height":848},{"@type":"BreadcrumbList","@id":"https:\/\/www.padreeustaquio.com.br\/novo-velario-e-instalado-na-igreja-do-padre-eustaquio\/#breadcrumb","itemListElement":[{"@type":"ListItem","position":1,"name":"In\u00edcio","item":"https:\/\/www.padreeustaquio.com.br\/"},{"@type":"ListItem","position":2,"name":"Novo vel\u00e1rio \u00e9 instalado na Igreja do Padre Eust\u00e1quio"}]},{"@type":"WebSite","@id":"https:\/\/www.padreeustaquio.com.br\/#website","url":"https:\/\/www.padreeustaquio.com.br\/","name":"Padre Eustace","description":"Salud y Paz","publisher":{"@id":"https:\/\/www.padreeustaquio.com.br\/#organization"},"potentialAction":[{"@type":"SearchAction","target":{"@type":"EntryPoint","urlTemplate":"https:\/\/www.padreeustaquio.com.br\/?s={search_term_string}"},"query-input":{"@type":"PropertyValueSpecification","valueRequired":true,"valueName":"search_term_string"}}],"inLanguage":"es"},{"@type":"Organization","@id":"https:\/\/www.padreeustaquio.com.br\/#organization","name":"Padre Eustace","url":"https:\/\/www.padreeustaquio.com.br\/","logo":{"@type":"ImageObject","inLanguage":"es","@id":"https:\/\/www.padreeustaquio.com.br\/#\/schema\/logo\/image\/","url":"https:\/\/www.padreeustaquio.com.br\/wp-content\/uploads\/2019\/08\/marca.png","contentUrl":"https:\/\/www.padreeustaquio.com.br\/wp-content\/uploads\/2019\/08\/marca.png","width":350,"height":400,"caption":"Padre Eust\u00e1quio"},"image":{"@id":"https:\/\/www.padreeustaquio.com.br\/#\/schema\/logo\/image\/"},"sameAs":["https:\/\/www.facebook.com\/beatopadreeustaquio\/","https:\/\/x.com\/beatopeustaquio","https:\/\/www.instagram.com\/beatopadreeustaquio\/","https:\/\/www.youtube.com\/channel\/UCRhw7vfabnajwLxb1ZXMeIw"]},{"@type":"Person","@id":"https:\/\/www.padreeustaquio.com.br\/#\/schema\/person\/a2a51db1d00f1a7af0204a0f1ddb1566","name":"@sscc","image":{"@type":"ImageObject","inLanguage":"es","@id":"https:\/\/secure.gravatar.com\/avatar\/68cfafa5f44617fea54071e215026e0ff06be366c3d54a8425f04fdcb86f8c5f?s=96&d=mm&r=g","url":"https:\/\/secure.gravatar.com\/avatar\/68cfafa5f44617fea54071e215026e0ff06be366c3d54a8425f04fdcb86f8c5f?s=96&d=mm&r=g","contentUrl":"https:\/\/secure.gravatar.com\/avatar\/68cfafa5f44617fea54071e215026e0ff06be366c3d54a8425f04fdcb86f8c5f?s=96&d=mm&r=g","caption":"@sscc"},"url":"https:\/\/www.padreeustaquio.com.br\/es\/author\/sscc\/"}]}},"_links":{"self":[{"href":"https:\/\/www.padreeustaquio.com.br\/es\/wp-json\/wp\/v2\/posts\/9286","targetHints":{"allow":["GET"]}}],"collection":[{"href":"https:\/\/www.padreeustaquio.com.br\/es\/wp-json\/wp\/v2\/posts"}],"about":[{"href":"https:\/\/www.padreeustaquio.com.br\/es\/wp-json\/wp\/v2\/types\/post"}],"author":[{"embeddable":true,"href":"https:\/\/www.padreeustaquio.com.br\/es\/wp-json\/wp\/v2\/users\/2"}],"replies":[{"embeddable":true,"href":"https:\/\/www.padreeustaquio.com.br\/es\/wp-json\/wp\/v2\/comments?post=9286"}],"version-history":[{"count":0,"href":"https:\/\/www.padreeustaquio.com.br\/es\/wp-json\/wp\/v2\/posts\/9286\/revisions"}],"wp:featuredmedia":[{"embeddable":true,"href":"https:\/\/www.padreeustaquio.com.br\/es\/wp-json\/wp\/v2\/media\/9287"}],"wp:attachment":[{"href":"https:\/\/www.padreeustaquio.com.br\/es\/wp-json\/wp\/v2\/media?parent=9286"}],"wp:term":[{"taxonomy":"category","embeddable":true,"href":"https:\/\/www.padreeustaquio.com.br\/es\/wp-json\/wp\/v2\/categories?post=9286"},{"taxonomy":"post_tag","embeddable":true,"href":"https:\/\/www.padreeustaquio.com.br\/es\/wp-json\/wp\/v2\/tags?post=9286"}],"curies":[{"name":"wp","href":"https:\/\/api.w.org\/{rel}","templated":true}]}}