{"id":9282,"date":"2022-09-21T06:37:00","date_gmt":"2022-09-21T09:37:00","guid":{"rendered":"https:\/\/www.padreeustaquio.com.br\/?p=9282"},"modified":"2022-09-16T11:31:38","modified_gmt":"2022-09-16T14:31:38","slug":"iglesia-del-padre-eustaquio-apoya-campana-para-ayudar-a-santa-casa-de-bh","status":"publish","type":"post","link":"https:\/\/www.padreeustaquio.com.br\/es\/iglesia-del-padre-eustaquio-apoya-campana-para-ayudar-a-santa-casa-de-bh\/","title":{"rendered":"Iglesia Padre Eust\u00e1quio apoya campa\u00f1a de ayuda a la Santa Casa de BH."},"content":{"rendered":"<p>El Santuario de Salud y Paz, Iglesia del Beato Padre Eustaquio, uni\u00f3 fuerzas con la Santa Casa de Caridade de Belo Horizonte en una campa\u00f1a para reabrir la UCI del hospital. Adem\u00e1s de distribuir folletos de la campa\u00f1a en la iglesia y la oficina parroquial, se ofreci\u00f3 un espacio durante la festividad del Beato Padre Eustaquio para que el personal del hospital promoviera la campa\u00f1a.<\/p>\n\n\n\n<p>El hospital Santa Casa sufri\u00f3 un incendio el 27 de julio, lo que provoc\u00f3 el cierre de sus 50 camas de UCI en el d\u00e9cimo piso. La campa\u00f1a &quot;Santa Causa&quot; busca recaudar los fondos necesarios para reabrir estas camas. Actualmente, el hospital es el m\u00e1s grande de Minas Gerais, atendiendo a 100.000 pacientes a trav\u00e9s del SUS (Sistema \u00danico de Salud).<\/p>\n\n\n\n<p>El objetivo para reconstruir toda el ala afectada por el incendio es de poco m\u00e1s de R1,4 millones de T5. Para obtener m\u00e1s informaci\u00f3n sobre la campa\u00f1a y ayudar a reconstruir el d\u00e9cimo piso, visite el sitio web del hospital: <a href=\"https:\/\/santacasabh.org.br\/\" target=\"_blank\" rel=\"noreferrer noopener\">santacasabh.org.br<\/a><\/p>\n\n\n\n<p><\/p>","protected":false},"excerpt":{"rendered":"<p>O Santu\u00e1rio da Sa\u00fade e da Paz, Igreja do Beato Padre Eust\u00e1quio, se uniu com a Santa Casa de Caridade de Belo Horizonte em uma campanha para a reabertura do CTI do hospital. Al\u00e9m de disponibilizar folhetos da campanha na igreja e na secretaria paroquial, foi disponibilizado um espa\u00e7o na Festa do Beato Padre Eust\u00e1quio, para que funcion\u00e1rios do hospital divulgassem a campanha. A Santa Casa foi atingida por um inc\u00eandio no dia 27 de julho, que fez com que os 50 leitos de CTI fossem fechados no 10\u00ba andar da Institui\u00e7\u00e3o. A campanha, que foi intitulada de &#8220;Santa Causa&#8221; [&hellip;]<\/p>\n","protected":false},"author":2,"featured_media":9283,"comment_status":"open","ping_status":"closed","sticky":false,"template":"","format":"standard","meta":{"_acf_changed":false,"footnotes":""},"categories":[611],"tags":[],"class_list":["post-9282","post","type-post","status-publish","format-standard","has-post-thumbnail","hentry","category-noticias"],"acf":[],"yoast_head":"<!-- This site is optimized with the Yoast SEO plugin v27.2 - https:\/\/yoast.com\/product\/yoast-seo-wordpress\/ -->\n<title>Igreja do Padre Eust\u00e1quio apoia campanha para ajudar Santa Casa de BH<\/title>\n<meta name=\"description\" content=\"O Santu\u00e1rio da Sa\u00fade e da Paz, Igreja do Beato Padre Eust\u00e1quio, se uniu com a Santa Casa de Caridade de Belo Horizonte em uma campanha para a reabertura do CTI do hospital. Al\u00e9m de disponibilizar folhetos da campanha na igreja e na secretaria paroquial, foi disponibilizado um espa\u00e7o na Festa do Beato Padre Eust\u00e1quio, para que funcion\u00e1rios do hospital divulgassem a campanha.\" \/>\n<meta name=\"robots\" content=\"index, follow, max-snippet:-1, max-image-preview:large, max-video-preview:-1\" \/>\n<link rel=\"canonical\" href=\"https:\/\/www.padreeustaquio.com.br\/es\/iglesia-del-padre-eustaquio-apoya-campana-para-ayudar-a-santa-casa-de-bh\/\" \/>\n<meta property=\"og:locale\" content=\"es_ES\" \/>\n<meta property=\"og:type\" content=\"article\" \/>\n<meta property=\"og:title\" content=\"Igreja do Padre Eust\u00e1quio apoia campanha para ajudar Santa Casa de BH\" \/>\n<meta property=\"og:description\" content=\"O Santu\u00e1rio da Sa\u00fade e da Paz, Igreja do Beato Padre Eust\u00e1quio, se uniu com a Santa Casa de Caridade de Belo Horizonte em uma campanha para a reabertura do CTI do hospital. Al\u00e9m de disponibilizar folhetos da campanha na igreja e na secretaria paroquial, foi disponibilizado um espa\u00e7o na Festa do Beato Padre Eust\u00e1quio, para que funcion\u00e1rios do hospital divulgassem a campanha.\" \/>\n<meta property=\"og:url\" content=\"https:\/\/www.padreeustaquio.com.br\/es\/iglesia-del-padre-eustaquio-apoya-campana-para-ayudar-a-santa-casa-de-bh\/\" \/>\n<meta property=\"og:site_name\" content=\"Padre Eust\u00e1quio\" \/>\n<meta property=\"article:publisher\" content=\"https:\/\/www.facebook.com\/beatopadreeustaquio\/\" \/>\n<meta property=\"article:published_time\" content=\"2022-09-21T09:37:00+00:00\" \/>\n<meta property=\"og:image\" content=\"https:\/\/www.padreeustaquio.com.br\/wp-content\/uploads\/2022\/09\/santa-causa.jpg\" \/>\n\t<meta property=\"og:image:width\" content=\"1280\" \/>\n\t<meta property=\"og:image:height\" content=\"720\" \/>\n\t<meta property=\"og:image:type\" content=\"image\/jpeg\" \/>\n<meta name=\"author\" content=\"@sscc\" \/>\n<meta name=\"twitter:card\" content=\"summary_large_image\" \/>\n<meta name=\"twitter:image\" content=\"https:\/\/www.padreeustaquio.com.br\/wp-content\/uploads\/2022\/09\/santa-causa.jpg\" \/>\n<meta name=\"twitter:creator\" content=\"@beatopeustaquio\" \/>\n<meta name=\"twitter:site\" content=\"@beatopeustaquio\" \/>\n<meta name=\"twitter:label1\" content=\"Escrito por\" \/>\n\t<meta name=\"twitter:data1\" content=\"@sscc\" \/>\n\t<meta name=\"twitter:label2\" content=\"Tiempo de lectura\" \/>\n\t<meta name=\"twitter:data2\" content=\"1 minuto\" \/>\n<script type=\"application\/ld+json\" class=\"yoast-schema-graph\">{\"@context\":\"https:\/\/schema.org\",\"@graph\":[{\"@type\":\"Article\",\"@id\":\"https:\/\/www.padreeustaquio.com.br\/igreja-do-padre-eustaquio-apoia-campanha-para-ajudar-santa-casa-de-bh\/#article\",\"isPartOf\":{\"@id\":\"https:\/\/www.padreeustaquio.com.br\/igreja-do-padre-eustaquio-apoia-campanha-para-ajudar-santa-casa-de-bh\/\"},\"author\":{\"name\":\"@sscc\",\"@id\":\"https:\/\/www.padreeustaquio.com.br\/#\/schema\/person\/a2a51db1d00f1a7af0204a0f1ddb1566\"},\"headline\":\"Igreja do Padre Eust\u00e1quio apoia campanha para ajudar Santa Casa de BH\",\"datePublished\":\"2022-09-21T09:37:00+00:00\",\"mainEntityOfPage\":{\"@id\":\"https:\/\/www.padreeustaquio.com.br\/igreja-do-padre-eustaquio-apoia-campanha-para-ajudar-santa-casa-de-bh\/\"},\"wordCount\":187,\"commentCount\":0,\"publisher\":{\"@id\":\"https:\/\/www.padreeustaquio.com.br\/#organization\"},\"image\":{\"@id\":\"https:\/\/www.padreeustaquio.com.br\/igreja-do-padre-eustaquio-apoia-campanha-para-ajudar-santa-casa-de-bh\/#primaryimage\"},\"thumbnailUrl\":\"https:\/\/www.padreeustaquio.com.br\/wp-content\/uploads\/2022\/09\/santa-causa.jpg\",\"articleSection\":[\"Not\u00edcias\"],\"inLanguage\":\"es\",\"potentialAction\":[{\"@type\":\"CommentAction\",\"name\":\"Comment\",\"target\":[\"https:\/\/www.padreeustaquio.com.br\/igreja-do-padre-eustaquio-apoia-campanha-para-ajudar-santa-casa-de-bh\/#respond\"]}]},{\"@type\":\"WebPage\",\"@id\":\"https:\/\/www.padreeustaquio.com.br\/igreja-do-padre-eustaquio-apoia-campanha-para-ajudar-santa-casa-de-bh\/\",\"url\":\"https:\/\/www.padreeustaquio.com.br\/igreja-do-padre-eustaquio-apoia-campanha-para-ajudar-santa-casa-de-bh\/\",\"name\":\"Igreja do Padre Eust\u00e1quio apoia campanha para ajudar Santa Casa de BH\",\"isPartOf\":{\"@id\":\"https:\/\/www.padreeustaquio.com.br\/#website\"},\"primaryImageOfPage\":{\"@id\":\"https:\/\/www.padreeustaquio.com.br\/igreja-do-padre-eustaquio-apoia-campanha-para-ajudar-santa-casa-de-bh\/#primaryimage\"},\"image\":{\"@id\":\"https:\/\/www.padreeustaquio.com.br\/igreja-do-padre-eustaquio-apoia-campanha-para-ajudar-santa-casa-de-bh\/#primaryimage\"},\"thumbnailUrl\":\"https:\/\/www.padreeustaquio.com.br\/wp-content\/uploads\/2022\/09\/santa-causa.jpg\",\"datePublished\":\"2022-09-21T09:37:00+00:00\",\"description\":\"O Santu\u00e1rio da Sa\u00fade e da Paz, Igreja do Beato Padre Eust\u00e1quio, se uniu com a Santa Casa de Caridade de Belo Horizonte em uma campanha para a reabertura do CTI do hospital. Al\u00e9m de disponibilizar folhetos da campanha na igreja e na secretaria paroquial, foi disponibilizado um espa\u00e7o na Festa do Beato Padre Eust\u00e1quio, para que funcion\u00e1rios do hospital divulgassem a campanha.\",\"breadcrumb\":{\"@id\":\"https:\/\/www.padreeustaquio.com.br\/igreja-do-padre-eustaquio-apoia-campanha-para-ajudar-santa-casa-de-bh\/#breadcrumb\"},\"inLanguage\":\"es\",\"potentialAction\":[{\"@type\":\"ReadAction\",\"target\":[\"https:\/\/www.padreeustaquio.com.br\/igreja-do-padre-eustaquio-apoia-campanha-para-ajudar-santa-casa-de-bh\/\"]}]},{\"@type\":\"ImageObject\",\"inLanguage\":\"es\",\"@id\":\"https:\/\/www.padreeustaquio.com.br\/igreja-do-padre-eustaquio-apoia-campanha-para-ajudar-santa-casa-de-bh\/#primaryimage\",\"url\":\"https:\/\/www.padreeustaquio.com.br\/wp-content\/uploads\/2022\/09\/santa-causa.jpg\",\"contentUrl\":\"https:\/\/www.padreeustaquio.com.br\/wp-content\/uploads\/2022\/09\/santa-causa.jpg\",\"width\":1280,\"height\":720},{\"@type\":\"BreadcrumbList\",\"@id\":\"https:\/\/www.padreeustaquio.com.br\/igreja-do-padre-eustaquio-apoia-campanha-para-ajudar-santa-casa-de-bh\/#breadcrumb\",\"itemListElement\":[{\"@type\":\"ListItem\",\"position\":1,\"name\":\"In\u00edcio\",\"item\":\"https:\/\/www.padreeustaquio.com.br\/\"},{\"@type\":\"ListItem\",\"position\":2,\"name\":\"Igreja do Padre Eust\u00e1quio apoia campanha para ajudar Santa Casa de BH\"}]},{\"@type\":\"WebSite\",\"@id\":\"https:\/\/www.padreeustaquio.com.br\/#website\",\"url\":\"https:\/\/www.padreeustaquio.com.br\/\",\"name\":\"Padre Eust\u00e1quio\",\"description\":\"Sa\u00fade e Paz\",\"publisher\":{\"@id\":\"https:\/\/www.padreeustaquio.com.br\/#organization\"},\"potentialAction\":[{\"@type\":\"SearchAction\",\"target\":{\"@type\":\"EntryPoint\",\"urlTemplate\":\"https:\/\/www.padreeustaquio.com.br\/?s={search_term_string}\"},\"query-input\":{\"@type\":\"PropertyValueSpecification\",\"valueRequired\":true,\"valueName\":\"search_term_string\"}}],\"inLanguage\":\"es\"},{\"@type\":\"Organization\",\"@id\":\"https:\/\/www.padreeustaquio.com.br\/#organization\",\"name\":\"Padre Eust\u00e1quio\",\"url\":\"https:\/\/www.padreeustaquio.com.br\/\",\"logo\":{\"@type\":\"ImageObject\",\"inLanguage\":\"es\",\"@id\":\"https:\/\/www.padreeustaquio.com.br\/#\/schema\/logo\/image\/\",\"url\":\"https:\/\/www.padreeustaquio.com.br\/wp-content\/uploads\/2019\/08\/marca.png\",\"contentUrl\":\"https:\/\/www.padreeustaquio.com.br\/wp-content\/uploads\/2019\/08\/marca.png\",\"width\":350,\"height\":400,\"caption\":\"Padre Eust\u00e1quio\"},\"image\":{\"@id\":\"https:\/\/www.padreeustaquio.com.br\/#\/schema\/logo\/image\/\"},\"sameAs\":[\"https:\/\/www.facebook.com\/beatopadreeustaquio\/\",\"https:\/\/x.com\/beatopeustaquio\",\"https:\/\/www.instagram.com\/beatopadreeustaquio\/\",\"https:\/\/www.youtube.com\/channel\/UCRhw7vfabnajwLxb1ZXMeIw\"]},{\"@type\":\"Person\",\"@id\":\"https:\/\/www.padreeustaquio.com.br\/#\/schema\/person\/a2a51db1d00f1a7af0204a0f1ddb1566\",\"name\":\"@sscc\",\"image\":{\"@type\":\"ImageObject\",\"inLanguage\":\"es\",\"@id\":\"https:\/\/secure.gravatar.com\/avatar\/68cfafa5f44617fea54071e215026e0ff06be366c3d54a8425f04fdcb86f8c5f?s=96&d=mm&r=g\",\"url\":\"https:\/\/secure.gravatar.com\/avatar\/68cfafa5f44617fea54071e215026e0ff06be366c3d54a8425f04fdcb86f8c5f?s=96&d=mm&r=g\",\"contentUrl\":\"https:\/\/secure.gravatar.com\/avatar\/68cfafa5f44617fea54071e215026e0ff06be366c3d54a8425f04fdcb86f8c5f?s=96&d=mm&r=g\",\"caption\":\"@sscc\"},\"url\":\"https:\/\/www.padreeustaquio.com.br\/es\/author\/sscc\/\"}]}<\/script>\n<!-- \/ Yoast SEO plugin. -->","yoast_head_json":{"title":"Iglesia Padre Eust\u00e1quio apoya campa\u00f1a de ayuda a la Santa Casa de BH.","description":"El Santuario de Salud y Paz, Iglesia del Beato Padre Eustaquio, uni\u00f3 fuerzas con la Santa Casa de Caridade de Belo Horizonte en una campa\u00f1a para reabrir la UCI del hospital. Adem\u00e1s de distribuir folletos de la campa\u00f1a en la iglesia y la oficina parroquial, se ofreci\u00f3 un espacio durante la festividad del Beato Padre Eustaquio para que el personal del hospital promoviera la campa\u00f1a.","robots":{"index":"index","follow":"follow","max-snippet":"max-snippet:-1","max-image-preview":"max-image-preview:large","max-video-preview":"max-video-preview:-1"},"canonical":"https:\/\/www.padreeustaquio.com.br\/es\/iglesia-del-padre-eustaquio-apoya-campana-para-ayudar-a-santa-casa-de-bh\/","og_locale":"es_ES","og_type":"article","og_title":"Igreja do Padre Eust\u00e1quio apoia campanha para ajudar Santa Casa de BH","og_description":"O Santu\u00e1rio da Sa\u00fade e da Paz, Igreja do Beato Padre Eust\u00e1quio, se uniu com a Santa Casa de Caridade de Belo Horizonte em uma campanha para a reabertura do CTI do hospital. Al\u00e9m de disponibilizar folhetos da campanha na igreja e na secretaria paroquial, foi disponibilizado um espa\u00e7o na Festa do Beato Padre Eust\u00e1quio, para que funcion\u00e1rios do hospital divulgassem a campanha.","og_url":"https:\/\/www.padreeustaquio.com.br\/es\/iglesia-del-padre-eustaquio-apoya-campana-para-ayudar-a-santa-casa-de-bh\/","og_site_name":"Padre Eust\u00e1quio","article_publisher":"https:\/\/www.facebook.com\/beatopadreeustaquio\/","article_published_time":"2022-09-21T09:37:00+00:00","og_image":[{"width":1280,"height":720,"url":"https:\/\/www.padreeustaquio.com.br\/wp-content\/uploads\/2022\/09\/santa-causa.jpg","type":"image\/jpeg"}],"author":"@sscc","twitter_card":"summary_large_image","twitter_image":"https:\/\/www.padreeustaquio.com.br\/wp-content\/uploads\/2022\/09\/santa-causa.jpg","twitter_creator":"@beatopeustaquio","twitter_site":"@beatopeustaquio","twitter_misc":{"Escrito por":"@sscc","Tiempo de lectura":"1 minuto"},"schema":{"@context":"https:\/\/schema.org","@graph":[{"@type":"Article","@id":"https:\/\/www.padreeustaquio.com.br\/igreja-do-padre-eustaquio-apoia-campanha-para-ajudar-santa-casa-de-bh\/#article","isPartOf":{"@id":"https:\/\/www.padreeustaquio.com.br\/igreja-do-padre-eustaquio-apoia-campanha-para-ajudar-santa-casa-de-bh\/"},"author":{"name":"@sscc","@id":"https:\/\/www.padreeustaquio.com.br\/#\/schema\/person\/a2a51db1d00f1a7af0204a0f1ddb1566"},"headline":"Igreja do Padre Eust\u00e1quio apoia campanha para ajudar Santa Casa de BH","datePublished":"2022-09-21T09:37:00+00:00","mainEntityOfPage":{"@id":"https:\/\/www.padreeustaquio.com.br\/igreja-do-padre-eustaquio-apoia-campanha-para-ajudar-santa-casa-de-bh\/"},"wordCount":187,"commentCount":0,"publisher":{"@id":"https:\/\/www.padreeustaquio.com.br\/#organization"},"image":{"@id":"https:\/\/www.padreeustaquio.com.br\/igreja-do-padre-eustaquio-apoia-campanha-para-ajudar-santa-casa-de-bh\/#primaryimage"},"thumbnailUrl":"https:\/\/www.padreeustaquio.com.br\/wp-content\/uploads\/2022\/09\/santa-causa.jpg","articleSection":["Not\u00edcias"],"inLanguage":"es","potentialAction":[{"@type":"CommentAction","name":"Comment","target":["https:\/\/www.padreeustaquio.com.br\/igreja-do-padre-eustaquio-apoia-campanha-para-ajudar-santa-casa-de-bh\/#respond"]}]},{"@type":"WebPage","@id":"https:\/\/www.padreeustaquio.com.br\/igreja-do-padre-eustaquio-apoia-campanha-para-ajudar-santa-casa-de-bh\/","url":"https:\/\/www.padreeustaquio.com.br\/igreja-do-padre-eustaquio-apoia-campanha-para-ajudar-santa-casa-de-bh\/","name":"Iglesia Padre Eust\u00e1quio apoya campa\u00f1a de ayuda a la Santa Casa de BH.","isPartOf":{"@id":"https:\/\/www.padreeustaquio.com.br\/#website"},"primaryImageOfPage":{"@id":"https:\/\/www.padreeustaquio.com.br\/igreja-do-padre-eustaquio-apoia-campanha-para-ajudar-santa-casa-de-bh\/#primaryimage"},"image":{"@id":"https:\/\/www.padreeustaquio.com.br\/igreja-do-padre-eustaquio-apoia-campanha-para-ajudar-santa-casa-de-bh\/#primaryimage"},"thumbnailUrl":"https:\/\/www.padreeustaquio.com.br\/wp-content\/uploads\/2022\/09\/santa-causa.jpg","datePublished":"2022-09-21T09:37:00+00:00","description":"El Santuario de Salud y Paz, Iglesia del Beato Padre Eustaquio, uni\u00f3 fuerzas con la Santa Casa de Caridade de Belo Horizonte en una campa\u00f1a para reabrir la UCI del hospital. Adem\u00e1s de distribuir folletos de la campa\u00f1a en la iglesia y la oficina parroquial, se ofreci\u00f3 un espacio durante la festividad del Beato Padre Eustaquio para que el personal del hospital promoviera la campa\u00f1a.","breadcrumb":{"@id":"https:\/\/www.padreeustaquio.com.br\/igreja-do-padre-eustaquio-apoia-campanha-para-ajudar-santa-casa-de-bh\/#breadcrumb"},"inLanguage":"es","potentialAction":[{"@type":"ReadAction","target":["https:\/\/www.padreeustaquio.com.br\/igreja-do-padre-eustaquio-apoia-campanha-para-ajudar-santa-casa-de-bh\/"]}]},{"@type":"ImageObject","inLanguage":"es","@id":"https:\/\/www.padreeustaquio.com.br\/igreja-do-padre-eustaquio-apoia-campanha-para-ajudar-santa-casa-de-bh\/#primaryimage","url":"https:\/\/www.padreeustaquio.com.br\/wp-content\/uploads\/2022\/09\/santa-causa.jpg","contentUrl":"https:\/\/www.padreeustaquio.com.br\/wp-content\/uploads\/2022\/09\/santa-causa.jpg","width":1280,"height":720},{"@type":"BreadcrumbList","@id":"https:\/\/www.padreeustaquio.com.br\/igreja-do-padre-eustaquio-apoia-campanha-para-ajudar-santa-casa-de-bh\/#breadcrumb","itemListElement":[{"@type":"ListItem","position":1,"name":"In\u00edcio","item":"https:\/\/www.padreeustaquio.com.br\/"},{"@type":"ListItem","position":2,"name":"Igreja do Padre Eust\u00e1quio apoia campanha para ajudar Santa Casa de BH"}]},{"@type":"WebSite","@id":"https:\/\/www.padreeustaquio.com.br\/#website","url":"https:\/\/www.padreeustaquio.com.br\/","name":"Padre Eustace","description":"Salud y Paz","publisher":{"@id":"https:\/\/www.padreeustaquio.com.br\/#organization"},"potentialAction":[{"@type":"SearchAction","target":{"@type":"EntryPoint","urlTemplate":"https:\/\/www.padreeustaquio.com.br\/?s={search_term_string}"},"query-input":{"@type":"PropertyValueSpecification","valueRequired":true,"valueName":"search_term_string"}}],"inLanguage":"es"},{"@type":"Organization","@id":"https:\/\/www.padreeustaquio.com.br\/#organization","name":"Padre Eustace","url":"https:\/\/www.padreeustaquio.com.br\/","logo":{"@type":"ImageObject","inLanguage":"es","@id":"https:\/\/www.padreeustaquio.com.br\/#\/schema\/logo\/image\/","url":"https:\/\/www.padreeustaquio.com.br\/wp-content\/uploads\/2019\/08\/marca.png","contentUrl":"https:\/\/www.padreeustaquio.com.br\/wp-content\/uploads\/2019\/08\/marca.png","width":350,"height":400,"caption":"Padre Eust\u00e1quio"},"image":{"@id":"https:\/\/www.padreeustaquio.com.br\/#\/schema\/logo\/image\/"},"sameAs":["https:\/\/www.facebook.com\/beatopadreeustaquio\/","https:\/\/x.com\/beatopeustaquio","https:\/\/www.instagram.com\/beatopadreeustaquio\/","https:\/\/www.youtube.com\/channel\/UCRhw7vfabnajwLxb1ZXMeIw"]},{"@type":"Person","@id":"https:\/\/www.padreeustaquio.com.br\/#\/schema\/person\/a2a51db1d00f1a7af0204a0f1ddb1566","name":"@sscc","image":{"@type":"ImageObject","inLanguage":"es","@id":"https:\/\/secure.gravatar.com\/avatar\/68cfafa5f44617fea54071e215026e0ff06be366c3d54a8425f04fdcb86f8c5f?s=96&d=mm&r=g","url":"https:\/\/secure.gravatar.com\/avatar\/68cfafa5f44617fea54071e215026e0ff06be366c3d54a8425f04fdcb86f8c5f?s=96&d=mm&r=g","contentUrl":"https:\/\/secure.gravatar.com\/avatar\/68cfafa5f44617fea54071e215026e0ff06be366c3d54a8425f04fdcb86f8c5f?s=96&d=mm&r=g","caption":"@sscc"},"url":"https:\/\/www.padreeustaquio.com.br\/es\/author\/sscc\/"}]}},"_links":{"self":[{"href":"https:\/\/www.padreeustaquio.com.br\/es\/wp-json\/wp\/v2\/posts\/9282","targetHints":{"allow":["GET"]}}],"collection":[{"href":"https:\/\/www.padreeustaquio.com.br\/es\/wp-json\/wp\/v2\/posts"}],"about":[{"href":"https:\/\/www.padreeustaquio.com.br\/es\/wp-json\/wp\/v2\/types\/post"}],"author":[{"embeddable":true,"href":"https:\/\/www.padreeustaquio.com.br\/es\/wp-json\/wp\/v2\/users\/2"}],"replies":[{"embeddable":true,"href":"https:\/\/www.padreeustaquio.com.br\/es\/wp-json\/wp\/v2\/comments?post=9282"}],"version-history":[{"count":0,"href":"https:\/\/www.padreeustaquio.com.br\/es\/wp-json\/wp\/v2\/posts\/9282\/revisions"}],"wp:featuredmedia":[{"embeddable":true,"href":"https:\/\/www.padreeustaquio.com.br\/es\/wp-json\/wp\/v2\/media\/9283"}],"wp:attachment":[{"href":"https:\/\/www.padreeustaquio.com.br\/es\/wp-json\/wp\/v2\/media?parent=9282"}],"wp:term":[{"taxonomy":"category","embeddable":true,"href":"https:\/\/www.padreeustaquio.com.br\/es\/wp-json\/wp\/v2\/categories?post=9282"},{"taxonomy":"post_tag","embeddable":true,"href":"https:\/\/www.padreeustaquio.com.br\/es\/wp-json\/wp\/v2\/tags?post=9282"}],"curies":[{"name":"wp","href":"https:\/\/api.w.org\/{rel}","templated":true}]}}