{"id":9279,"date":"2022-09-16T07:28:00","date_gmt":"2022-09-16T10:28:00","guid":{"rendered":"https:\/\/www.padreeustaquio.com.br\/?p=9279"},"modified":"2022-09-13T14:34:53","modified_gmt":"2022-09-13T17:34:53","slug":"lanzan-en-belo-horizonte-libro-sobre-el-beato-padre-eustaquio","status":"publish","type":"post","link":"https:\/\/www.padreeustaquio.com.br\/es\/lanzan-en-belo-horizonte-libro-sobre-el-beato-padre-eustaquio\/","title":{"rendered":"Se lanza en Belo Horizonte libro sobre el Beato Padre Eust\u00e1quio."},"content":{"rendered":"<p>Durante la fiesta del Beato Padre Eustaquio, se lanz\u00f3 un nuevo libro que cuenta un poco sobre la vida del Beato Padre y su labor misionera.<\/p>\n\n\n\n<p>La obra, titulada &quot;Padre Eustaquio: Vida y Espiritualidad&quot;, fue publicada por el Secretariado Nacional para la Causa de Canonizaci\u00f3n del Beato y combina el libro &quot;Espiritualidad del Beato Eustaquio van Lieshout&quot;, escrito por el Padre \u00c1ngel Lucas, ss.cc., con una cronolog\u00eda de la vida del Beato, elaborada por el investigador Leandro Castro. El libro contiene abundantes fotograf\u00edas que retratan la trayectoria completa del sacerdote holand\u00e9s, as\u00ed como cartas y recortes de peri\u00f3dico de la \u00e9poca, que ayudan a reconstruir la historia del Beato.<\/p>\n\n\n\n<p>Si a\u00fan no tiene el libro, puede comprarlo en la Tienda del Padre Eust\u00e1quio, junto al Santuario de la Salud y la Paz. El precio es de solo R$15 y, si no se encuentra en Belo Horizonte, la tienda puede enviarlo por correo a su domicilio en cualquier parte del pa\u00eds.<\/p>\n\n\n\n<p>Para mayor informaci\u00f3n el n\u00famero de tel\u00e9fono es (31) 3567-0314.<\/p>\n\n\n\n<p><\/p>","protected":false},"excerpt":{"rendered":"<p>Foi lan\u00e7ado, durante a festa do Beato Padre Eust\u00e1quio, o novo livro que traz um pouco sobre a vida do Bem-aventurado e o trabalho mission\u00e1rio dele. A obra, intitulado &#8220;Padre Eust\u00e1quio: vida e espiritualidade&#8221; foi editada pelo Secretariado Nacional da Causa de Canoniza\u00e7\u00e3o do Beato, e junta o livro &#8220;Espiritualidade do Beato Eust\u00e1quio van Lieshout&#8221;, escrito por Padre Angel Lucas, ss.cc, com uma cronologia da vida do Beato, desenvolvida pelo pesquisador Leandro Castro. O livro \u00e9 rico em fotos que retratam toda a trajet\u00f3ria do padre holand\u00eas, al\u00e9m de cartas e recortes de jornais da \u00e9poca, que ajudam a recontar [&hellip;]<\/p>\n","protected":false},"author":2,"featured_media":9280,"comment_status":"open","ping_status":"closed","sticky":false,"template":"","format":"standard","meta":{"_acf_changed":false,"footnotes":""},"categories":[611],"tags":[],"class_list":["post-9279","post","type-post","status-publish","format-standard","has-post-thumbnail","hentry","category-noticias"],"acf":[],"yoast_head":"<!-- This site is optimized with the Yoast SEO plugin v27.2 - https:\/\/yoast.com\/product\/yoast-seo-wordpress\/ -->\n<title>Livro sobre o Beato Padre Eust\u00e1quio \u00e9 lan\u00e7ado em BH - Padre Eust\u00e1quio<\/title>\n<meta name=\"description\" content=\"A obra, intitulado &quot;Padre Eust\u00e1quio: vida e espiritualidade&quot; foi editada pelo Secretariado Nacional da Causa de Canoniza\u00e7\u00e3o do Beato, e junta o livro &quot;Espiritualidade do Beato Eust\u00e1quio van Lieshout&quot;, escrito por Padre Angel Lucas, ss.cc, com uma cronologia da vida do Beato, desenvolvida pelo pesquisador Leandro Castro.\" \/>\n<meta name=\"robots\" content=\"index, follow, max-snippet:-1, max-image-preview:large, max-video-preview:-1\" \/>\n<link rel=\"canonical\" href=\"https:\/\/www.padreeustaquio.com.br\/es\/lanzan-en-belo-horizonte-libro-sobre-el-beato-padre-eustaquio\/\" \/>\n<meta property=\"og:locale\" content=\"es_ES\" \/>\n<meta property=\"og:type\" content=\"article\" \/>\n<meta property=\"og:title\" content=\"Livro sobre o Beato Padre Eust\u00e1quio \u00e9 lan\u00e7ado em BH - Padre Eust\u00e1quio\" \/>\n<meta property=\"og:description\" content=\"A obra, intitulado &quot;Padre Eust\u00e1quio: vida e espiritualidade&quot; foi editada pelo Secretariado Nacional da Causa de Canoniza\u00e7\u00e3o do Beato, e junta o livro &quot;Espiritualidade do Beato Eust\u00e1quio van Lieshout&quot;, escrito por Padre Angel Lucas, ss.cc, com uma cronologia da vida do Beato, desenvolvida pelo pesquisador Leandro Castro.\" \/>\n<meta property=\"og:url\" content=\"https:\/\/www.padreeustaquio.com.br\/es\/lanzan-en-belo-horizonte-libro-sobre-el-beato-padre-eustaquio\/\" \/>\n<meta property=\"og:site_name\" content=\"Padre Eust\u00e1quio\" \/>\n<meta property=\"article:publisher\" content=\"https:\/\/www.facebook.com\/beatopadreeustaquio\/\" \/>\n<meta property=\"article:published_time\" content=\"2022-09-16T10:28:00+00:00\" \/>\n<meta property=\"og:image\" content=\"https:\/\/www.padreeustaquio.com.br\/wp-content\/uploads\/2022\/09\/Livro-do-Padre-Eustaquio.jpeg\" \/>\n\t<meta property=\"og:image:width\" content=\"1600\" \/>\n\t<meta property=\"og:image:height\" content=\"1200\" \/>\n\t<meta property=\"og:image:type\" content=\"image\/jpeg\" \/>\n<meta name=\"author\" content=\"@sscc\" \/>\n<meta name=\"twitter:card\" content=\"summary_large_image\" \/>\n<meta name=\"twitter:image\" content=\"https:\/\/www.padreeustaquio.com.br\/wp-content\/uploads\/2022\/09\/Livro-do-Padre-Eustaquio.jpeg\" \/>\n<meta name=\"twitter:creator\" content=\"@beatopeustaquio\" \/>\n<meta name=\"twitter:site\" content=\"@beatopeustaquio\" \/>\n<meta name=\"twitter:label1\" content=\"Escrito por\" \/>\n\t<meta name=\"twitter:data1\" content=\"@sscc\" \/>\n\t<meta name=\"twitter:label2\" content=\"Tiempo de lectura\" \/>\n\t<meta name=\"twitter:data2\" content=\"1 minuto\" \/>\n<script type=\"application\/ld+json\" class=\"yoast-schema-graph\">{\"@context\":\"https:\/\/schema.org\",\"@graph\":[{\"@type\":\"Article\",\"@id\":\"https:\/\/www.padreeustaquio.com.br\/livro-sobre-o-beato-padre-eustaquio-e-lancado-em-bh\/#article\",\"isPartOf\":{\"@id\":\"https:\/\/www.padreeustaquio.com.br\/livro-sobre-o-beato-padre-eustaquio-e-lancado-em-bh\/\"},\"author\":{\"name\":\"@sscc\",\"@id\":\"https:\/\/www.padreeustaquio.com.br\/#\/schema\/person\/a2a51db1d00f1a7af0204a0f1ddb1566\"},\"headline\":\"Livro sobre o Beato Padre Eust\u00e1quio \u00e9 lan\u00e7ado em BH\",\"datePublished\":\"2022-09-16T10:28:00+00:00\",\"mainEntityOfPage\":{\"@id\":\"https:\/\/www.padreeustaquio.com.br\/livro-sobre-o-beato-padre-eustaquio-e-lancado-em-bh\/\"},\"wordCount\":191,\"commentCount\":0,\"publisher\":{\"@id\":\"https:\/\/www.padreeustaquio.com.br\/#organization\"},\"image\":{\"@id\":\"https:\/\/www.padreeustaquio.com.br\/livro-sobre-o-beato-padre-eustaquio-e-lancado-em-bh\/#primaryimage\"},\"thumbnailUrl\":\"https:\/\/www.padreeustaquio.com.br\/wp-content\/uploads\/2022\/09\/Livro-do-Padre-Eustaquio.jpeg\",\"articleSection\":[\"Not\u00edcias\"],\"inLanguage\":\"es\",\"potentialAction\":[{\"@type\":\"CommentAction\",\"name\":\"Comment\",\"target\":[\"https:\/\/www.padreeustaquio.com.br\/livro-sobre-o-beato-padre-eustaquio-e-lancado-em-bh\/#respond\"]}]},{\"@type\":\"WebPage\",\"@id\":\"https:\/\/www.padreeustaquio.com.br\/livro-sobre-o-beato-padre-eustaquio-e-lancado-em-bh\/\",\"url\":\"https:\/\/www.padreeustaquio.com.br\/livro-sobre-o-beato-padre-eustaquio-e-lancado-em-bh\/\",\"name\":\"Livro sobre o Beato Padre Eust\u00e1quio \u00e9 lan\u00e7ado em BH - Padre Eust\u00e1quio\",\"isPartOf\":{\"@id\":\"https:\/\/www.padreeustaquio.com.br\/#website\"},\"primaryImageOfPage\":{\"@id\":\"https:\/\/www.padreeustaquio.com.br\/livro-sobre-o-beato-padre-eustaquio-e-lancado-em-bh\/#primaryimage\"},\"image\":{\"@id\":\"https:\/\/www.padreeustaquio.com.br\/livro-sobre-o-beato-padre-eustaquio-e-lancado-em-bh\/#primaryimage\"},\"thumbnailUrl\":\"https:\/\/www.padreeustaquio.com.br\/wp-content\/uploads\/2022\/09\/Livro-do-Padre-Eustaquio.jpeg\",\"datePublished\":\"2022-09-16T10:28:00+00:00\",\"description\":\"A obra, intitulado \\\"Padre Eust\u00e1quio: vida e espiritualidade\\\" foi editada pelo Secretariado Nacional da Causa de Canoniza\u00e7\u00e3o do Beato, e junta o livro \\\"Espiritualidade do Beato Eust\u00e1quio van Lieshout\\\", escrito por Padre Angel Lucas, ss.cc, com uma cronologia da vida do Beato, desenvolvida pelo pesquisador Leandro Castro.\",\"breadcrumb\":{\"@id\":\"https:\/\/www.padreeustaquio.com.br\/livro-sobre-o-beato-padre-eustaquio-e-lancado-em-bh\/#breadcrumb\"},\"inLanguage\":\"es\",\"potentialAction\":[{\"@type\":\"ReadAction\",\"target\":[\"https:\/\/www.padreeustaquio.com.br\/livro-sobre-o-beato-padre-eustaquio-e-lancado-em-bh\/\"]}]},{\"@type\":\"ImageObject\",\"inLanguage\":\"es\",\"@id\":\"https:\/\/www.padreeustaquio.com.br\/livro-sobre-o-beato-padre-eustaquio-e-lancado-em-bh\/#primaryimage\",\"url\":\"https:\/\/www.padreeustaquio.com.br\/wp-content\/uploads\/2022\/09\/Livro-do-Padre-Eustaquio.jpeg\",\"contentUrl\":\"https:\/\/www.padreeustaquio.com.br\/wp-content\/uploads\/2022\/09\/Livro-do-Padre-Eustaquio.jpeg\",\"width\":1600,\"height\":1200},{\"@type\":\"BreadcrumbList\",\"@id\":\"https:\/\/www.padreeustaquio.com.br\/livro-sobre-o-beato-padre-eustaquio-e-lancado-em-bh\/#breadcrumb\",\"itemListElement\":[{\"@type\":\"ListItem\",\"position\":1,\"name\":\"In\u00edcio\",\"item\":\"https:\/\/www.padreeustaquio.com.br\/\"},{\"@type\":\"ListItem\",\"position\":2,\"name\":\"Livro sobre o Beato Padre Eust\u00e1quio \u00e9 lan\u00e7ado em BH\"}]},{\"@type\":\"WebSite\",\"@id\":\"https:\/\/www.padreeustaquio.com.br\/#website\",\"url\":\"https:\/\/www.padreeustaquio.com.br\/\",\"name\":\"Padre Eust\u00e1quio\",\"description\":\"Sa\u00fade e Paz\",\"publisher\":{\"@id\":\"https:\/\/www.padreeustaquio.com.br\/#organization\"},\"potentialAction\":[{\"@type\":\"SearchAction\",\"target\":{\"@type\":\"EntryPoint\",\"urlTemplate\":\"https:\/\/www.padreeustaquio.com.br\/?s={search_term_string}\"},\"query-input\":{\"@type\":\"PropertyValueSpecification\",\"valueRequired\":true,\"valueName\":\"search_term_string\"}}],\"inLanguage\":\"es\"},{\"@type\":\"Organization\",\"@id\":\"https:\/\/www.padreeustaquio.com.br\/#organization\",\"name\":\"Padre Eust\u00e1quio\",\"url\":\"https:\/\/www.padreeustaquio.com.br\/\",\"logo\":{\"@type\":\"ImageObject\",\"inLanguage\":\"es\",\"@id\":\"https:\/\/www.padreeustaquio.com.br\/#\/schema\/logo\/image\/\",\"url\":\"https:\/\/www.padreeustaquio.com.br\/wp-content\/uploads\/2019\/08\/marca.png\",\"contentUrl\":\"https:\/\/www.padreeustaquio.com.br\/wp-content\/uploads\/2019\/08\/marca.png\",\"width\":350,\"height\":400,\"caption\":\"Padre Eust\u00e1quio\"},\"image\":{\"@id\":\"https:\/\/www.padreeustaquio.com.br\/#\/schema\/logo\/image\/\"},\"sameAs\":[\"https:\/\/www.facebook.com\/beatopadreeustaquio\/\",\"https:\/\/x.com\/beatopeustaquio\",\"https:\/\/www.instagram.com\/beatopadreeustaquio\/\",\"https:\/\/www.youtube.com\/channel\/UCRhw7vfabnajwLxb1ZXMeIw\"]},{\"@type\":\"Person\",\"@id\":\"https:\/\/www.padreeustaquio.com.br\/#\/schema\/person\/a2a51db1d00f1a7af0204a0f1ddb1566\",\"name\":\"@sscc\",\"image\":{\"@type\":\"ImageObject\",\"inLanguage\":\"es\",\"@id\":\"https:\/\/secure.gravatar.com\/avatar\/68cfafa5f44617fea54071e215026e0ff06be366c3d54a8425f04fdcb86f8c5f?s=96&d=mm&r=g\",\"url\":\"https:\/\/secure.gravatar.com\/avatar\/68cfafa5f44617fea54071e215026e0ff06be366c3d54a8425f04fdcb86f8c5f?s=96&d=mm&r=g\",\"contentUrl\":\"https:\/\/secure.gravatar.com\/avatar\/68cfafa5f44617fea54071e215026e0ff06be366c3d54a8425f04fdcb86f8c5f?s=96&d=mm&r=g\",\"caption\":\"@sscc\"},\"url\":\"https:\/\/www.padreeustaquio.com.br\/es\/author\/sscc\/\"}]}<\/script>\n<!-- \/ Yoast SEO plugin. -->","yoast_head_json":{"title":"Lanzan en Belo Horizonte libro sobre el Beato Padre Eust\u00e1quio - Padre Eust\u00e1quio","description":"La obra, titulada \"Padre Eustaquio: Vida y Espiritualidad\", fue publicada por el Secretariado Nacional para la Causa de Canonizaci\u00f3n del Beato, y combina el libro \"Espiritualidad del Beato Eustaquio van Lieshout\", escrito por el Padre \u00c1ngel Lucas, ss.cc, con una cronolog\u00eda de la vida del Beato, elaborada por el investigador Leandro Castro.","robots":{"index":"index","follow":"follow","max-snippet":"max-snippet:-1","max-image-preview":"max-image-preview:large","max-video-preview":"max-video-preview:-1"},"canonical":"https:\/\/www.padreeustaquio.com.br\/es\/lanzan-en-belo-horizonte-libro-sobre-el-beato-padre-eustaquio\/","og_locale":"es_ES","og_type":"article","og_title":"Livro sobre o Beato Padre Eust\u00e1quio \u00e9 lan\u00e7ado em BH - Padre Eust\u00e1quio","og_description":"A obra, intitulado \"Padre Eust\u00e1quio: vida e espiritualidade\" foi editada pelo Secretariado Nacional da Causa de Canoniza\u00e7\u00e3o do Beato, e junta o livro \"Espiritualidade do Beato Eust\u00e1quio van Lieshout\", escrito por Padre Angel Lucas, ss.cc, com uma cronologia da vida do Beato, desenvolvida pelo pesquisador Leandro Castro.","og_url":"https:\/\/www.padreeustaquio.com.br\/es\/lanzan-en-belo-horizonte-libro-sobre-el-beato-padre-eustaquio\/","og_site_name":"Padre Eust\u00e1quio","article_publisher":"https:\/\/www.facebook.com\/beatopadreeustaquio\/","article_published_time":"2022-09-16T10:28:00+00:00","og_image":[{"width":1600,"height":1200,"url":"https:\/\/www.padreeustaquio.com.br\/wp-content\/uploads\/2022\/09\/Livro-do-Padre-Eustaquio.jpeg","type":"image\/jpeg"}],"author":"@sscc","twitter_card":"summary_large_image","twitter_image":"https:\/\/www.padreeustaquio.com.br\/wp-content\/uploads\/2022\/09\/Livro-do-Padre-Eustaquio.jpeg","twitter_creator":"@beatopeustaquio","twitter_site":"@beatopeustaquio","twitter_misc":{"Escrito por":"@sscc","Tiempo de lectura":"1 minuto"},"schema":{"@context":"https:\/\/schema.org","@graph":[{"@type":"Article","@id":"https:\/\/www.padreeustaquio.com.br\/livro-sobre-o-beato-padre-eustaquio-e-lancado-em-bh\/#article","isPartOf":{"@id":"https:\/\/www.padreeustaquio.com.br\/livro-sobre-o-beato-padre-eustaquio-e-lancado-em-bh\/"},"author":{"name":"@sscc","@id":"https:\/\/www.padreeustaquio.com.br\/#\/schema\/person\/a2a51db1d00f1a7af0204a0f1ddb1566"},"headline":"Livro sobre o Beato Padre Eust\u00e1quio \u00e9 lan\u00e7ado em BH","datePublished":"2022-09-16T10:28:00+00:00","mainEntityOfPage":{"@id":"https:\/\/www.padreeustaquio.com.br\/livro-sobre-o-beato-padre-eustaquio-e-lancado-em-bh\/"},"wordCount":191,"commentCount":0,"publisher":{"@id":"https:\/\/www.padreeustaquio.com.br\/#organization"},"image":{"@id":"https:\/\/www.padreeustaquio.com.br\/livro-sobre-o-beato-padre-eustaquio-e-lancado-em-bh\/#primaryimage"},"thumbnailUrl":"https:\/\/www.padreeustaquio.com.br\/wp-content\/uploads\/2022\/09\/Livro-do-Padre-Eustaquio.jpeg","articleSection":["Not\u00edcias"],"inLanguage":"es","potentialAction":[{"@type":"CommentAction","name":"Comment","target":["https:\/\/www.padreeustaquio.com.br\/livro-sobre-o-beato-padre-eustaquio-e-lancado-em-bh\/#respond"]}]},{"@type":"WebPage","@id":"https:\/\/www.padreeustaquio.com.br\/livro-sobre-o-beato-padre-eustaquio-e-lancado-em-bh\/","url":"https:\/\/www.padreeustaquio.com.br\/livro-sobre-o-beato-padre-eustaquio-e-lancado-em-bh\/","name":"Lanzan en Belo Horizonte libro sobre el Beato Padre Eust\u00e1quio - Padre Eust\u00e1quio","isPartOf":{"@id":"https:\/\/www.padreeustaquio.com.br\/#website"},"primaryImageOfPage":{"@id":"https:\/\/www.padreeustaquio.com.br\/livro-sobre-o-beato-padre-eustaquio-e-lancado-em-bh\/#primaryimage"},"image":{"@id":"https:\/\/www.padreeustaquio.com.br\/livro-sobre-o-beato-padre-eustaquio-e-lancado-em-bh\/#primaryimage"},"thumbnailUrl":"https:\/\/www.padreeustaquio.com.br\/wp-content\/uploads\/2022\/09\/Livro-do-Padre-Eustaquio.jpeg","datePublished":"2022-09-16T10:28:00+00:00","description":"La obra, titulada \"Padre Eustaquio: Vida y Espiritualidad\", fue publicada por el Secretariado Nacional para la Causa de Canonizaci\u00f3n del Beato, y combina el libro \"Espiritualidad del Beato Eustaquio van Lieshout\", escrito por el Padre \u00c1ngel Lucas, ss.cc, con una cronolog\u00eda de la vida del Beato, elaborada por el investigador Leandro Castro.","breadcrumb":{"@id":"https:\/\/www.padreeustaquio.com.br\/livro-sobre-o-beato-padre-eustaquio-e-lancado-em-bh\/#breadcrumb"},"inLanguage":"es","potentialAction":[{"@type":"ReadAction","target":["https:\/\/www.padreeustaquio.com.br\/livro-sobre-o-beato-padre-eustaquio-e-lancado-em-bh\/"]}]},{"@type":"ImageObject","inLanguage":"es","@id":"https:\/\/www.padreeustaquio.com.br\/livro-sobre-o-beato-padre-eustaquio-e-lancado-em-bh\/#primaryimage","url":"https:\/\/www.padreeustaquio.com.br\/wp-content\/uploads\/2022\/09\/Livro-do-Padre-Eustaquio.jpeg","contentUrl":"https:\/\/www.padreeustaquio.com.br\/wp-content\/uploads\/2022\/09\/Livro-do-Padre-Eustaquio.jpeg","width":1600,"height":1200},{"@type":"BreadcrumbList","@id":"https:\/\/www.padreeustaquio.com.br\/livro-sobre-o-beato-padre-eustaquio-e-lancado-em-bh\/#breadcrumb","itemListElement":[{"@type":"ListItem","position":1,"name":"In\u00edcio","item":"https:\/\/www.padreeustaquio.com.br\/"},{"@type":"ListItem","position":2,"name":"Livro sobre o Beato Padre Eust\u00e1quio \u00e9 lan\u00e7ado em BH"}]},{"@type":"WebSite","@id":"https:\/\/www.padreeustaquio.com.br\/#website","url":"https:\/\/www.padreeustaquio.com.br\/","name":"Padre Eustace","description":"Salud y Paz","publisher":{"@id":"https:\/\/www.padreeustaquio.com.br\/#organization"},"potentialAction":[{"@type":"SearchAction","target":{"@type":"EntryPoint","urlTemplate":"https:\/\/www.padreeustaquio.com.br\/?s={search_term_string}"},"query-input":{"@type":"PropertyValueSpecification","valueRequired":true,"valueName":"search_term_string"}}],"inLanguage":"es"},{"@type":"Organization","@id":"https:\/\/www.padreeustaquio.com.br\/#organization","name":"Padre Eustace","url":"https:\/\/www.padreeustaquio.com.br\/","logo":{"@type":"ImageObject","inLanguage":"es","@id":"https:\/\/www.padreeustaquio.com.br\/#\/schema\/logo\/image\/","url":"https:\/\/www.padreeustaquio.com.br\/wp-content\/uploads\/2019\/08\/marca.png","contentUrl":"https:\/\/www.padreeustaquio.com.br\/wp-content\/uploads\/2019\/08\/marca.png","width":350,"height":400,"caption":"Padre Eust\u00e1quio"},"image":{"@id":"https:\/\/www.padreeustaquio.com.br\/#\/schema\/logo\/image\/"},"sameAs":["https:\/\/www.facebook.com\/beatopadreeustaquio\/","https:\/\/x.com\/beatopeustaquio","https:\/\/www.instagram.com\/beatopadreeustaquio\/","https:\/\/www.youtube.com\/channel\/UCRhw7vfabnajwLxb1ZXMeIw"]},{"@type":"Person","@id":"https:\/\/www.padreeustaquio.com.br\/#\/schema\/person\/a2a51db1d00f1a7af0204a0f1ddb1566","name":"@sscc","image":{"@type":"ImageObject","inLanguage":"es","@id":"https:\/\/secure.gravatar.com\/avatar\/68cfafa5f44617fea54071e215026e0ff06be366c3d54a8425f04fdcb86f8c5f?s=96&d=mm&r=g","url":"https:\/\/secure.gravatar.com\/avatar\/68cfafa5f44617fea54071e215026e0ff06be366c3d54a8425f04fdcb86f8c5f?s=96&d=mm&r=g","contentUrl":"https:\/\/secure.gravatar.com\/avatar\/68cfafa5f44617fea54071e215026e0ff06be366c3d54a8425f04fdcb86f8c5f?s=96&d=mm&r=g","caption":"@sscc"},"url":"https:\/\/www.padreeustaquio.com.br\/es\/author\/sscc\/"}]}},"_links":{"self":[{"href":"https:\/\/www.padreeustaquio.com.br\/es\/wp-json\/wp\/v2\/posts\/9279","targetHints":{"allow":["GET"]}}],"collection":[{"href":"https:\/\/www.padreeustaquio.com.br\/es\/wp-json\/wp\/v2\/posts"}],"about":[{"href":"https:\/\/www.padreeustaquio.com.br\/es\/wp-json\/wp\/v2\/types\/post"}],"author":[{"embeddable":true,"href":"https:\/\/www.padreeustaquio.com.br\/es\/wp-json\/wp\/v2\/users\/2"}],"replies":[{"embeddable":true,"href":"https:\/\/www.padreeustaquio.com.br\/es\/wp-json\/wp\/v2\/comments?post=9279"}],"version-history":[{"count":0,"href":"https:\/\/www.padreeustaquio.com.br\/es\/wp-json\/wp\/v2\/posts\/9279\/revisions"}],"wp:featuredmedia":[{"embeddable":true,"href":"https:\/\/www.padreeustaquio.com.br\/es\/wp-json\/wp\/v2\/media\/9280"}],"wp:attachment":[{"href":"https:\/\/www.padreeustaquio.com.br\/es\/wp-json\/wp\/v2\/media?parent=9279"}],"wp:term":[{"taxonomy":"category","embeddable":true,"href":"https:\/\/www.padreeustaquio.com.br\/es\/wp-json\/wp\/v2\/categories?post=9279"},{"taxonomy":"post_tag","embeddable":true,"href":"https:\/\/www.padreeustaquio.com.br\/es\/wp-json\/wp\/v2\/tags?post=9279"}],"curies":[{"name":"wp","href":"https:\/\/api.w.org\/{rel}","templated":true}]}}