{"id":9269,"date":"2022-09-13T07:40:41","date_gmt":"2022-09-13T10:40:41","guid":{"rendered":"https:\/\/www.padreeustaquio.com.br\/?p=9269"},"modified":"2022-09-13T07:40:42","modified_gmt":"2022-09-13T10:40:42","slug":"el-rector-del-santuario-celebra-el-8o-dia-de-la-novena-a-la-patrona-de-minas-gerais","status":"publish","type":"post","link":"https:\/\/www.padreeustaquio.com.br\/es\/el-rector-del-santuario-celebra-el-8o-dia-de-la-novena-a-la-patrona-de-minas-gerais\/","title":{"rendered":"Rector del Santuario celebra el 8\u00ba d\u00eda de la Novena al Santo Patrono de Minas Gerais."},"content":{"rendered":"<p>El Padre Marcus Vin\u00edcius Maciel, sscc, rector del Santuario Arquidiocesano de Salud y Paz, es el sacerdote invitado que preside el octavo d\u00eda de la Novena Jubilar a Nuestra Se\u00f1ora de la Piedad, patrona de Minas Gerais. La Santa Misa se celebrar\u00e1 en la Bas\u00edlica, en la cima de la Serra da Piedade en Caet\u00e9, y se transmitir\u00e1 por el Canal Padre Eust\u00e1quio en YouTube., <a href=\"https:\/\/www.youtube.com\/watch?v=F1JNO1ByPyg\" target=\"_blank\" rel=\"noreferrer noopener\">MIRA AQU\u00cd<\/a>.<\/p>\n\n\n\n<p>La Fiesta de Nuestra Se\u00f1ora de la Piedad comenz\u00f3 el 4 de septiembre y continuar\u00e1 hasta el pr\u00f3ximo jueves 15. El programa incluye misas, adoraciones, rezo del Santo Rosario y peregrinaciones al Santuario Bas\u00edlica de Caet\u00e9, MG. <\/p>\n\n\n\n<p>Este a\u00f1o, el tema del festival es &quot;\u00a1En el regazo de Nuestra Se\u00f1ora de la Piedad, el mundo encuentra la verdadera paz!&quot; y el programa especial se llevar\u00e1 a cabo en el Santuario de Nuestra Se\u00f1ora de la Piedad en Caet\u00e9 y en la Catedral de Cristo Rey, Iglesia Matriz de la Arquidi\u00f3cesis de Belo Horizonte. El 15 de septiembre, en la Catedral de Belo Horizonte, Nuestra Se\u00f1ora de la Piedad ser\u00e1 proclamada Patrona de la Arquidi\u00f3cesis. La celebraci\u00f3n ser\u00e1 presidida por el Arzobispo Metropolitano, Dom Walmor Oliveira de Azevedo, quien leer\u00e1 un documento enviado por el Papa Francisco.<\/p>\n\n\n\n<p><a href=\"https:\/\/arquidiocesebh.org.br\/noticias\/fieis-celebram-a-festa-de-nossa-senhora-da-piedade-padroeira-de-minas-gerais-de-4-a-15-de-setembro\/\" target=\"_blank\" rel=\"noreferrer noopener\">Compru\u00e9balo aqu\u00ed<\/a> La programaci\u00f3n completa de las celebraciones del D\u00eda de la Patrona en Minas Gerais.<\/p>\n\n\n\n<p><\/p>","protected":false},"excerpt":{"rendered":"<p>O padre Marcus Vin\u00edcius Maciel, sscc, reitor do Santu\u00e1rio Arquidiocesano da Sa\u00fade e da Paz \u00e9 o convidado a presidir o 8\u00ba dia da Novena Jubilar \u00e0 Nossa Senhora da Piedade, padroeira de Minas Gerais. A Santa Missa ser\u00e1 celebrada na Bas\u00edlica, no alto da Serra da Piedade, em Caet\u00e9, e ser\u00e1 retransmitida pelo Canal Padre Eust\u00e1quio, no YouTube, ASSISTA AQUI. A Festa de Nossa Senhora da Piedade come\u00e7ou no dia 4 de setembro e vai at\u00e9 a pr\u00f3xima quinta-feira, dia 15. A programa\u00e7\u00e3o conta com missas, adora\u00e7\u00f5es, reza do Santo Ter\u00e7o e peregrina\u00e7\u00f5es ao Santu\u00e1rio Bas\u00edlica em Caet\u00e9-MG. Este [&hellip;]<\/p>\n","protected":false},"author":2,"featured_media":9270,"comment_status":"open","ping_status":"closed","sticky":false,"template":"","format":"standard","meta":{"_acf_changed":false,"footnotes":""},"categories":[611],"tags":[],"class_list":["post-9269","post","type-post","status-publish","format-standard","has-post-thumbnail","hentry","category-noticias"],"acf":[],"yoast_head":"<!-- This site is optimized with the Yoast SEO plugin v27.2 - https:\/\/yoast.com\/product\/yoast-seo-wordpress\/ -->\n<title>Reitor do Santu\u00e1rio celebra 8\u00ba Dia da Novena \u00e0 Padroeira de Minas Gerais<\/title>\n<meta name=\"description\" content=\"O padre Marcus Vin\u00edcius Maciel, sscc, reitor do Santu\u00e1rio Arquidiocesano da Sa\u00fade e da Paz \u00e9 o convidado a presidir o 8\u00ba dia da Novena Jubilar \u00e0 Nossa Senhora da Piedade, padroeira de Minas Gerais. A Santa Missa ser\u00e1 celebrada na Bas\u00edlica, no alto da Serra da Piedade, em Caet\u00e9, e ser\u00e1 retransmitida pelo Canal Padre Eust\u00e1quio, no YouTube.\" \/>\n<meta name=\"robots\" content=\"index, follow, max-snippet:-1, max-image-preview:large, max-video-preview:-1\" \/>\n<link rel=\"canonical\" href=\"https:\/\/www.padreeustaquio.com.br\/es\/el-rector-del-santuario-celebra-el-8o-dia-de-la-novena-a-la-patrona-de-minas-gerais\/\" \/>\n<meta property=\"og:locale\" content=\"es_ES\" \/>\n<meta property=\"og:type\" content=\"article\" \/>\n<meta property=\"og:title\" content=\"Reitor do Santu\u00e1rio celebra 8\u00ba Dia da Novena \u00e0 Padroeira de Minas Gerais\" \/>\n<meta property=\"og:description\" content=\"O padre Marcus Vin\u00edcius Maciel, sscc, reitor do Santu\u00e1rio Arquidiocesano da Sa\u00fade e da Paz \u00e9 o convidado a presidir o 8\u00ba dia da Novena Jubilar \u00e0 Nossa Senhora da Piedade, padroeira de Minas Gerais. A Santa Missa ser\u00e1 celebrada na Bas\u00edlica, no alto da Serra da Piedade, em Caet\u00e9, e ser\u00e1 retransmitida pelo Canal Padre Eust\u00e1quio, no YouTube.\" \/>\n<meta property=\"og:url\" content=\"https:\/\/www.padreeustaquio.com.br\/es\/el-rector-del-santuario-celebra-el-8o-dia-de-la-novena-a-la-patrona-de-minas-gerais\/\" \/>\n<meta property=\"og:site_name\" content=\"Padre Eust\u00e1quio\" \/>\n<meta property=\"article:publisher\" content=\"https:\/\/www.facebook.com\/beatopadreeustaquio\/\" \/>\n<meta property=\"article:published_time\" content=\"2022-09-13T10:40:41+00:00\" \/>\n<meta property=\"article:modified_time\" content=\"2022-09-13T10:40:42+00:00\" \/>\n<meta property=\"og:image\" content=\"https:\/\/www.padreeustaquio.com.br\/wp-content\/uploads\/2022\/09\/serra-da-piedade.png\" \/>\n\t<meta property=\"og:image:width\" content=\"567\" \/>\n\t<meta property=\"og:image:height\" content=\"309\" \/>\n\t<meta property=\"og:image:type\" content=\"image\/png\" \/>\n<meta name=\"author\" content=\"@sscc\" \/>\n<meta name=\"twitter:card\" content=\"summary_large_image\" \/>\n<meta name=\"twitter:creator\" content=\"@beatopeustaquio\" \/>\n<meta name=\"twitter:site\" content=\"@beatopeustaquio\" \/>\n<meta name=\"twitter:label1\" content=\"Escrito por\" \/>\n\t<meta name=\"twitter:data1\" content=\"@sscc\" \/>\n\t<meta name=\"twitter:label2\" content=\"Tiempo de lectura\" \/>\n\t<meta name=\"twitter:data2\" content=\"1 minuto\" \/>\n<script type=\"application\/ld+json\" class=\"yoast-schema-graph\">{\"@context\":\"https:\/\/schema.org\",\"@graph\":[{\"@type\":\"Article\",\"@id\":\"https:\/\/www.padreeustaquio.com.br\/reitor-do-santuario-celebra-8o-dia-da-novena-a-padroeira-de-minas-gerais\/#article\",\"isPartOf\":{\"@id\":\"https:\/\/www.padreeustaquio.com.br\/reitor-do-santuario-celebra-8o-dia-da-novena-a-padroeira-de-minas-gerais\/\"},\"author\":{\"name\":\"@sscc\",\"@id\":\"https:\/\/www.padreeustaquio.com.br\/#\/schema\/person\/a2a51db1d00f1a7af0204a0f1ddb1566\"},\"headline\":\"Reitor do Santu\u00e1rio celebra 8\u00ba Dia da Novena \u00e0 Padroeira de Minas Gerais\",\"datePublished\":\"2022-09-13T10:40:41+00:00\",\"dateModified\":\"2022-09-13T10:40:42+00:00\",\"mainEntityOfPage\":{\"@id\":\"https:\/\/www.padreeustaquio.com.br\/reitor-do-santuario-celebra-8o-dia-da-novena-a-padroeira-de-minas-gerais\/\"},\"wordCount\":221,\"commentCount\":0,\"publisher\":{\"@id\":\"https:\/\/www.padreeustaquio.com.br\/#organization\"},\"image\":{\"@id\":\"https:\/\/www.padreeustaquio.com.br\/reitor-do-santuario-celebra-8o-dia-da-novena-a-padroeira-de-minas-gerais\/#primaryimage\"},\"thumbnailUrl\":\"https:\/\/www.padreeustaquio.com.br\/wp-content\/uploads\/2022\/09\/serra-da-piedade.png\",\"articleSection\":[\"Not\u00edcias\"],\"inLanguage\":\"es\",\"potentialAction\":[{\"@type\":\"CommentAction\",\"name\":\"Comment\",\"target\":[\"https:\/\/www.padreeustaquio.com.br\/reitor-do-santuario-celebra-8o-dia-da-novena-a-padroeira-de-minas-gerais\/#respond\"]}]},{\"@type\":\"WebPage\",\"@id\":\"https:\/\/www.padreeustaquio.com.br\/reitor-do-santuario-celebra-8o-dia-da-novena-a-padroeira-de-minas-gerais\/\",\"url\":\"https:\/\/www.padreeustaquio.com.br\/reitor-do-santuario-celebra-8o-dia-da-novena-a-padroeira-de-minas-gerais\/\",\"name\":\"Reitor do Santu\u00e1rio celebra 8\u00ba Dia da Novena \u00e0 Padroeira de Minas Gerais\",\"isPartOf\":{\"@id\":\"https:\/\/www.padreeustaquio.com.br\/#website\"},\"primaryImageOfPage\":{\"@id\":\"https:\/\/www.padreeustaquio.com.br\/reitor-do-santuario-celebra-8o-dia-da-novena-a-padroeira-de-minas-gerais\/#primaryimage\"},\"image\":{\"@id\":\"https:\/\/www.padreeustaquio.com.br\/reitor-do-santuario-celebra-8o-dia-da-novena-a-padroeira-de-minas-gerais\/#primaryimage\"},\"thumbnailUrl\":\"https:\/\/www.padreeustaquio.com.br\/wp-content\/uploads\/2022\/09\/serra-da-piedade.png\",\"datePublished\":\"2022-09-13T10:40:41+00:00\",\"dateModified\":\"2022-09-13T10:40:42+00:00\",\"description\":\"O padre Marcus Vin\u00edcius Maciel, sscc, reitor do Santu\u00e1rio Arquidiocesano da Sa\u00fade e da Paz \u00e9 o convidado a presidir o 8\u00ba dia da Novena Jubilar \u00e0 Nossa Senhora da Piedade, padroeira de Minas Gerais. A Santa Missa ser\u00e1 celebrada na Bas\u00edlica, no alto da Serra da Piedade, em Caet\u00e9, e ser\u00e1 retransmitida pelo Canal Padre Eust\u00e1quio, no YouTube.\",\"breadcrumb\":{\"@id\":\"https:\/\/www.padreeustaquio.com.br\/reitor-do-santuario-celebra-8o-dia-da-novena-a-padroeira-de-minas-gerais\/#breadcrumb\"},\"inLanguage\":\"es\",\"potentialAction\":[{\"@type\":\"ReadAction\",\"target\":[\"https:\/\/www.padreeustaquio.com.br\/reitor-do-santuario-celebra-8o-dia-da-novena-a-padroeira-de-minas-gerais\/\"]}]},{\"@type\":\"ImageObject\",\"inLanguage\":\"es\",\"@id\":\"https:\/\/www.padreeustaquio.com.br\/reitor-do-santuario-celebra-8o-dia-da-novena-a-padroeira-de-minas-gerais\/#primaryimage\",\"url\":\"https:\/\/www.padreeustaquio.com.br\/wp-content\/uploads\/2022\/09\/serra-da-piedade.png\",\"contentUrl\":\"https:\/\/www.padreeustaquio.com.br\/wp-content\/uploads\/2022\/09\/serra-da-piedade.png\",\"width\":567,\"height\":309},{\"@type\":\"BreadcrumbList\",\"@id\":\"https:\/\/www.padreeustaquio.com.br\/reitor-do-santuario-celebra-8o-dia-da-novena-a-padroeira-de-minas-gerais\/#breadcrumb\",\"itemListElement\":[{\"@type\":\"ListItem\",\"position\":1,\"name\":\"In\u00edcio\",\"item\":\"https:\/\/www.padreeustaquio.com.br\/\"},{\"@type\":\"ListItem\",\"position\":2,\"name\":\"Reitor do Santu\u00e1rio celebra 8\u00ba Dia da Novena \u00e0 Padroeira de Minas Gerais\"}]},{\"@type\":\"WebSite\",\"@id\":\"https:\/\/www.padreeustaquio.com.br\/#website\",\"url\":\"https:\/\/www.padreeustaquio.com.br\/\",\"name\":\"Padre Eust\u00e1quio\",\"description\":\"Sa\u00fade e Paz\",\"publisher\":{\"@id\":\"https:\/\/www.padreeustaquio.com.br\/#organization\"},\"potentialAction\":[{\"@type\":\"SearchAction\",\"target\":{\"@type\":\"EntryPoint\",\"urlTemplate\":\"https:\/\/www.padreeustaquio.com.br\/?s={search_term_string}\"},\"query-input\":{\"@type\":\"PropertyValueSpecification\",\"valueRequired\":true,\"valueName\":\"search_term_string\"}}],\"inLanguage\":\"es\"},{\"@type\":\"Organization\",\"@id\":\"https:\/\/www.padreeustaquio.com.br\/#organization\",\"name\":\"Padre Eust\u00e1quio\",\"url\":\"https:\/\/www.padreeustaquio.com.br\/\",\"logo\":{\"@type\":\"ImageObject\",\"inLanguage\":\"es\",\"@id\":\"https:\/\/www.padreeustaquio.com.br\/#\/schema\/logo\/image\/\",\"url\":\"https:\/\/www.padreeustaquio.com.br\/wp-content\/uploads\/2019\/08\/marca.png\",\"contentUrl\":\"https:\/\/www.padreeustaquio.com.br\/wp-content\/uploads\/2019\/08\/marca.png\",\"width\":350,\"height\":400,\"caption\":\"Padre Eust\u00e1quio\"},\"image\":{\"@id\":\"https:\/\/www.padreeustaquio.com.br\/#\/schema\/logo\/image\/\"},\"sameAs\":[\"https:\/\/www.facebook.com\/beatopadreeustaquio\/\",\"https:\/\/x.com\/beatopeustaquio\",\"https:\/\/www.instagram.com\/beatopadreeustaquio\/\",\"https:\/\/www.youtube.com\/channel\/UCRhw7vfabnajwLxb1ZXMeIw\"]},{\"@type\":\"Person\",\"@id\":\"https:\/\/www.padreeustaquio.com.br\/#\/schema\/person\/a2a51db1d00f1a7af0204a0f1ddb1566\",\"name\":\"@sscc\",\"image\":{\"@type\":\"ImageObject\",\"inLanguage\":\"es\",\"@id\":\"https:\/\/secure.gravatar.com\/avatar\/68cfafa5f44617fea54071e215026e0ff06be366c3d54a8425f04fdcb86f8c5f?s=96&d=mm&r=g\",\"url\":\"https:\/\/secure.gravatar.com\/avatar\/68cfafa5f44617fea54071e215026e0ff06be366c3d54a8425f04fdcb86f8c5f?s=96&d=mm&r=g\",\"contentUrl\":\"https:\/\/secure.gravatar.com\/avatar\/68cfafa5f44617fea54071e215026e0ff06be366c3d54a8425f04fdcb86f8c5f?s=96&d=mm&r=g\",\"caption\":\"@sscc\"},\"url\":\"https:\/\/www.padreeustaquio.com.br\/es\/author\/sscc\/\"}]}<\/script>\n<!-- \/ Yoast SEO plugin. -->","yoast_head_json":{"title":"Rector del Santuario celebra el 8\u00ba d\u00eda de la Novena al Santo Patrono de Minas Gerais.","description":"El Padre Marcus Vin\u00edcius Maciel, sscc, rector del Santuario Arquidiocesano de Salud y Paz, ser\u00e1 el invitado para presidir el octavo d\u00eda de la Novena Jubilar a Nuestra Se\u00f1ora de la Piedad, patrona de Minas Gerais. La Santa Misa se celebrar\u00e1 en la Bas\u00edlica, en la cima de la Serra da Piedade en Caet\u00e9, y se transmitir\u00e1 por el Canal Padre Eust\u00e1quio en YouTube.","robots":{"index":"index","follow":"follow","max-snippet":"max-snippet:-1","max-image-preview":"max-image-preview:large","max-video-preview":"max-video-preview:-1"},"canonical":"https:\/\/www.padreeustaquio.com.br\/es\/el-rector-del-santuario-celebra-el-8o-dia-de-la-novena-a-la-patrona-de-minas-gerais\/","og_locale":"es_ES","og_type":"article","og_title":"Reitor do Santu\u00e1rio celebra 8\u00ba Dia da Novena \u00e0 Padroeira de Minas Gerais","og_description":"O padre Marcus Vin\u00edcius Maciel, sscc, reitor do Santu\u00e1rio Arquidiocesano da Sa\u00fade e da Paz \u00e9 o convidado a presidir o 8\u00ba dia da Novena Jubilar \u00e0 Nossa Senhora da Piedade, padroeira de Minas Gerais. A Santa Missa ser\u00e1 celebrada na Bas\u00edlica, no alto da Serra da Piedade, em Caet\u00e9, e ser\u00e1 retransmitida pelo Canal Padre Eust\u00e1quio, no YouTube.","og_url":"https:\/\/www.padreeustaquio.com.br\/es\/el-rector-del-santuario-celebra-el-8o-dia-de-la-novena-a-la-patrona-de-minas-gerais\/","og_site_name":"Padre Eust\u00e1quio","article_publisher":"https:\/\/www.facebook.com\/beatopadreeustaquio\/","article_published_time":"2022-09-13T10:40:41+00:00","article_modified_time":"2022-09-13T10:40:42+00:00","og_image":[{"width":567,"height":309,"url":"https:\/\/www.padreeustaquio.com.br\/wp-content\/uploads\/2022\/09\/serra-da-piedade.png","type":"image\/png"}],"author":"@sscc","twitter_card":"summary_large_image","twitter_creator":"@beatopeustaquio","twitter_site":"@beatopeustaquio","twitter_misc":{"Escrito por":"@sscc","Tiempo de lectura":"1 minuto"},"schema":{"@context":"https:\/\/schema.org","@graph":[{"@type":"Article","@id":"https:\/\/www.padreeustaquio.com.br\/reitor-do-santuario-celebra-8o-dia-da-novena-a-padroeira-de-minas-gerais\/#article","isPartOf":{"@id":"https:\/\/www.padreeustaquio.com.br\/reitor-do-santuario-celebra-8o-dia-da-novena-a-padroeira-de-minas-gerais\/"},"author":{"name":"@sscc","@id":"https:\/\/www.padreeustaquio.com.br\/#\/schema\/person\/a2a51db1d00f1a7af0204a0f1ddb1566"},"headline":"Reitor do Santu\u00e1rio celebra 8\u00ba Dia da Novena \u00e0 Padroeira de Minas Gerais","datePublished":"2022-09-13T10:40:41+00:00","dateModified":"2022-09-13T10:40:42+00:00","mainEntityOfPage":{"@id":"https:\/\/www.padreeustaquio.com.br\/reitor-do-santuario-celebra-8o-dia-da-novena-a-padroeira-de-minas-gerais\/"},"wordCount":221,"commentCount":0,"publisher":{"@id":"https:\/\/www.padreeustaquio.com.br\/#organization"},"image":{"@id":"https:\/\/www.padreeustaquio.com.br\/reitor-do-santuario-celebra-8o-dia-da-novena-a-padroeira-de-minas-gerais\/#primaryimage"},"thumbnailUrl":"https:\/\/www.padreeustaquio.com.br\/wp-content\/uploads\/2022\/09\/serra-da-piedade.png","articleSection":["Not\u00edcias"],"inLanguage":"es","potentialAction":[{"@type":"CommentAction","name":"Comment","target":["https:\/\/www.padreeustaquio.com.br\/reitor-do-santuario-celebra-8o-dia-da-novena-a-padroeira-de-minas-gerais\/#respond"]}]},{"@type":"WebPage","@id":"https:\/\/www.padreeustaquio.com.br\/reitor-do-santuario-celebra-8o-dia-da-novena-a-padroeira-de-minas-gerais\/","url":"https:\/\/www.padreeustaquio.com.br\/reitor-do-santuario-celebra-8o-dia-da-novena-a-padroeira-de-minas-gerais\/","name":"Rector del Santuario celebra el 8\u00ba d\u00eda de la Novena al Santo Patrono de Minas Gerais.","isPartOf":{"@id":"https:\/\/www.padreeustaquio.com.br\/#website"},"primaryImageOfPage":{"@id":"https:\/\/www.padreeustaquio.com.br\/reitor-do-santuario-celebra-8o-dia-da-novena-a-padroeira-de-minas-gerais\/#primaryimage"},"image":{"@id":"https:\/\/www.padreeustaquio.com.br\/reitor-do-santuario-celebra-8o-dia-da-novena-a-padroeira-de-minas-gerais\/#primaryimage"},"thumbnailUrl":"https:\/\/www.padreeustaquio.com.br\/wp-content\/uploads\/2022\/09\/serra-da-piedade.png","datePublished":"2022-09-13T10:40:41+00:00","dateModified":"2022-09-13T10:40:42+00:00","description":"El Padre Marcus Vin\u00edcius Maciel, sscc, rector del Santuario Arquidiocesano de Salud y Paz, ser\u00e1 el invitado para presidir el octavo d\u00eda de la Novena Jubilar a Nuestra Se\u00f1ora de la Piedad, patrona de Minas Gerais. La Santa Misa se celebrar\u00e1 en la Bas\u00edlica, en la cima de la Serra da Piedade en Caet\u00e9, y se transmitir\u00e1 por el Canal Padre Eust\u00e1quio en YouTube.","breadcrumb":{"@id":"https:\/\/www.padreeustaquio.com.br\/reitor-do-santuario-celebra-8o-dia-da-novena-a-padroeira-de-minas-gerais\/#breadcrumb"},"inLanguage":"es","potentialAction":[{"@type":"ReadAction","target":["https:\/\/www.padreeustaquio.com.br\/reitor-do-santuario-celebra-8o-dia-da-novena-a-padroeira-de-minas-gerais\/"]}]},{"@type":"ImageObject","inLanguage":"es","@id":"https:\/\/www.padreeustaquio.com.br\/reitor-do-santuario-celebra-8o-dia-da-novena-a-padroeira-de-minas-gerais\/#primaryimage","url":"https:\/\/www.padreeustaquio.com.br\/wp-content\/uploads\/2022\/09\/serra-da-piedade.png","contentUrl":"https:\/\/www.padreeustaquio.com.br\/wp-content\/uploads\/2022\/09\/serra-da-piedade.png","width":567,"height":309},{"@type":"BreadcrumbList","@id":"https:\/\/www.padreeustaquio.com.br\/reitor-do-santuario-celebra-8o-dia-da-novena-a-padroeira-de-minas-gerais\/#breadcrumb","itemListElement":[{"@type":"ListItem","position":1,"name":"In\u00edcio","item":"https:\/\/www.padreeustaquio.com.br\/"},{"@type":"ListItem","position":2,"name":"Reitor do Santu\u00e1rio celebra 8\u00ba Dia da Novena \u00e0 Padroeira de Minas Gerais"}]},{"@type":"WebSite","@id":"https:\/\/www.padreeustaquio.com.br\/#website","url":"https:\/\/www.padreeustaquio.com.br\/","name":"Padre Eustace","description":"Salud y Paz","publisher":{"@id":"https:\/\/www.padreeustaquio.com.br\/#organization"},"potentialAction":[{"@type":"SearchAction","target":{"@type":"EntryPoint","urlTemplate":"https:\/\/www.padreeustaquio.com.br\/?s={search_term_string}"},"query-input":{"@type":"PropertyValueSpecification","valueRequired":true,"valueName":"search_term_string"}}],"inLanguage":"es"},{"@type":"Organization","@id":"https:\/\/www.padreeustaquio.com.br\/#organization","name":"Padre Eustace","url":"https:\/\/www.padreeustaquio.com.br\/","logo":{"@type":"ImageObject","inLanguage":"es","@id":"https:\/\/www.padreeustaquio.com.br\/#\/schema\/logo\/image\/","url":"https:\/\/www.padreeustaquio.com.br\/wp-content\/uploads\/2019\/08\/marca.png","contentUrl":"https:\/\/www.padreeustaquio.com.br\/wp-content\/uploads\/2019\/08\/marca.png","width":350,"height":400,"caption":"Padre Eust\u00e1quio"},"image":{"@id":"https:\/\/www.padreeustaquio.com.br\/#\/schema\/logo\/image\/"},"sameAs":["https:\/\/www.facebook.com\/beatopadreeustaquio\/","https:\/\/x.com\/beatopeustaquio","https:\/\/www.instagram.com\/beatopadreeustaquio\/","https:\/\/www.youtube.com\/channel\/UCRhw7vfabnajwLxb1ZXMeIw"]},{"@type":"Person","@id":"https:\/\/www.padreeustaquio.com.br\/#\/schema\/person\/a2a51db1d00f1a7af0204a0f1ddb1566","name":"@sscc","image":{"@type":"ImageObject","inLanguage":"es","@id":"https:\/\/secure.gravatar.com\/avatar\/68cfafa5f44617fea54071e215026e0ff06be366c3d54a8425f04fdcb86f8c5f?s=96&d=mm&r=g","url":"https:\/\/secure.gravatar.com\/avatar\/68cfafa5f44617fea54071e215026e0ff06be366c3d54a8425f04fdcb86f8c5f?s=96&d=mm&r=g","contentUrl":"https:\/\/secure.gravatar.com\/avatar\/68cfafa5f44617fea54071e215026e0ff06be366c3d54a8425f04fdcb86f8c5f?s=96&d=mm&r=g","caption":"@sscc"},"url":"https:\/\/www.padreeustaquio.com.br\/es\/author\/sscc\/"}]}},"_links":{"self":[{"href":"https:\/\/www.padreeustaquio.com.br\/es\/wp-json\/wp\/v2\/posts\/9269","targetHints":{"allow":["GET"]}}],"collection":[{"href":"https:\/\/www.padreeustaquio.com.br\/es\/wp-json\/wp\/v2\/posts"}],"about":[{"href":"https:\/\/www.padreeustaquio.com.br\/es\/wp-json\/wp\/v2\/types\/post"}],"author":[{"embeddable":true,"href":"https:\/\/www.padreeustaquio.com.br\/es\/wp-json\/wp\/v2\/users\/2"}],"replies":[{"embeddable":true,"href":"https:\/\/www.padreeustaquio.com.br\/es\/wp-json\/wp\/v2\/comments?post=9269"}],"version-history":[{"count":0,"href":"https:\/\/www.padreeustaquio.com.br\/es\/wp-json\/wp\/v2\/posts\/9269\/revisions"}],"wp:featuredmedia":[{"embeddable":true,"href":"https:\/\/www.padreeustaquio.com.br\/es\/wp-json\/wp\/v2\/media\/9270"}],"wp:attachment":[{"href":"https:\/\/www.padreeustaquio.com.br\/es\/wp-json\/wp\/v2\/media?parent=9269"}],"wp:term":[{"taxonomy":"category","embeddable":true,"href":"https:\/\/www.padreeustaquio.com.br\/es\/wp-json\/wp\/v2\/categories?post=9269"},{"taxonomy":"post_tag","embeddable":true,"href":"https:\/\/www.padreeustaquio.com.br\/es\/wp-json\/wp\/v2\/tags?post=9269"}],"curies":[{"name":"wp","href":"https:\/\/api.w.org\/{rel}","templated":true}]}}