{"id":9249,"date":"2022-09-08T07:02:00","date_gmt":"2022-09-08T10:02:00","guid":{"rendered":"https:\/\/www.padreeustaquio.com.br\/?p=9249"},"modified":"2022-09-05T11:20:38","modified_gmt":"2022-09-05T14:20:38","slug":"el-padre-eustaquio-y-la-obra-misionera-en-romaria-minas-gerais","status":"publish","type":"post","link":"https:\/\/www.padreeustaquio.com.br\/es\/el-padre-eustaquio-y-la-obra-misionera-en-romaria-minas-gerais\/","title":{"rendered":"El padre Eust\u00e1quio y la obra misionera en Romaria, Minas Gerais"},"content":{"rendered":"<p>Al llegar a Brasil en 1925, el Padre Eust\u00e1quio se instal\u00f3 en \u00c1gua Suja, actual ciudad de Romaria, en la regi\u00f3n del Tri\u00e1ngulo Minero. All\u00ed realiz\u00f3 una extensa labor misionera, construyendo el Santuario de Nuestra Se\u00f1ora de la Abad\u00eda.<\/p>\n\n\n\n<p>En declaraci\u00f3n al Tribunal de la Causa de Beatificaci\u00f3n y Canonizaci\u00f3n del Padre Eust\u00e1quio, fechada en agosto de 1964, el feligr\u00e9s Nair Fernandes de Oliveira afirma:<\/p>\n\n\n\n<p><em>\u201cFue el Padre Eust\u00e1quio quien inici\u00f3 la construcci\u00f3n de la nueva iglesia, utilizando los ingresos obtenidos de las peregrinaciones y, apelando a la generosidad de la poblaci\u00f3n, dispuso que las piedras se obtuvieran gratuitamente, para quienes trabajaran en su extracci\u00f3n, para el transporte en carretas de bueyes y para que los agricultores proporcionaran alimento a los hombres que trabajaban. Esta obra, llamada &#039;mutir\u00e3o&#039; (trabajo comunitario), dur\u00f3 tres d\u00edas y se ofreci\u00f3 en honor a Nuestra Se\u00f1ora; todo esto por iniciativa del Padre Eust\u00e1quio. Continu\u00f3 con esta tarea hasta el punto de que, cuando parti\u00f3 de \u00c1gua Suja, la nueva iglesia ya estaba parcialmente cubierta.\u201d<\/em><\/p>\n\n\n\n<p>El Padre Eust\u00e1quio transform\u00f3 la comunidad y se hizo muy querido, principalmente por su labor con los pobres y enfermos. En un testimonio de mayo de 1965 ante el Tribunal de la Causa del Padre Eust\u00e1quio, Diva Fernandes Hackbarth, otra feligresa, destac\u00f3:<\/p>\n\n\n\n<p><em>\u201cMi madre sol\u00eda acudir al Padre Eust\u00e1quio ante cualquier enfermedad que aparec\u00eda en nuestra casa, ya que no hab\u00eda recursos m\u00e9dicos en la zona. El Padre Eust\u00e1quio demostr\u00f3 conocimiento al atender esos casos, y de hecho, a menudo lo llamaban para atender enfermedades en nuestro hogar. Una vez, me mordi\u00f3 un perro, y el Padre Eust\u00e1quio vino a curarme la herida; como ten\u00eda fiebre, vino a curarme, d\u00e1ndome su bendici\u00f3n en ese momento. El hecho es que la enfermedad pas\u00f3\u2026 Incluso entonces, se le atribu\u00edan gracias y curas de enfermedades al Padre Eust\u00e1quio.\u201d<\/em><\/p>\n\n\n\n<p><em>\u201cSiempre que alguien estaba enfermo, se lo avis\u00e1bamos y \u00e9l nos visitaba, trayendo vendas y medicinas, y preguntando si quer\u00edan comulgar al d\u00eda siguiente, lo cual \u00e9l entend\u00eda, y tambi\u00e9n bendec\u00eda a los enfermos. Lo acompa\u00f1\u00e1bamos cuando la visita era a una se\u00f1ora o a una joven. No le tem\u00eda a ninguna enfermedad y nunca dejaba de atender a nadie enfermo, a cualquier hora del d\u00eda o de la noche. De hecho, ten\u00eda preferencia por los pobres y los enfermos.\u201d <\/em>dijo ante la Corte Nair Fernandes de Oliveira.<\/p>\n\n\n\n<p><em>\u201dLo que m\u00e1s me impresion\u00f3 fue su dedicaci\u00f3n al cuidado de los enfermos sin recursos, a veces recorriendo largas distancias. Esta caridad suya me impresion\u00f3 incluso de ni\u00f1o. Un acontecimiento notable fue la curaci\u00f3n de un hermano llamado Oswaldo, ya fallecido. El Padre Eust\u00e1quio lo visit\u00f3, le dio su bendici\u00f3n y le administr\u00f3 medicamentos. Ten\u00eda heridas en la piel que ni cinco m\u00e9dicos pudieron curar, y gracias a la intervenci\u00f3n del Padre Eust\u00e1quio, se cur\u00f3.\u201d <\/em>&quot;As\u00ed lo afirm\u00f3 la fiel Anita Fernandes Guimar\u00e3es ante el Tribunal en mayo de 1965.&quot;.<\/p>\n\n\n\n<p>El aprecio por el sacerdote holand\u00e9s era tan grande que, tras su traslado desde \u00c1gua Suja, los fieles sitiaron la rector\u00eda y retiraron las rejas para ganado en un intento de impedir la partida del Padre Eust\u00e1quio. El Padre Gil, quien acompa\u00f1\u00f3 al Beato en su viaje por la ciudad, tambi\u00e9n prest\u00f3 su testimonio ante el Tribunal de la Causa de Beatificaci\u00f3n y Canonizaci\u00f3n del Padre Eust\u00e1quio en noviembre de 1962:<\/p>\n\n\n\n<p><em>\u201cEl padre Eust\u00e1quio, que serv\u00eda en la parroquia de San Miguel y San Sebasti\u00e1n los domingos, regresaba y pasaba la semana en \u00c1gua Suja, donde impart\u00eda catecismo a ni\u00f1os y mostraba predilecci\u00f3n por los pobres y enfermos, a quienes visitaba. A este respecto, puedo relatar un suceso: el padre Eust\u00e1quio comenz\u00f3 a atender a un ni\u00f1o cubierto de llagas; \u00e9l mismo, seg\u00fan me cont\u00f3, limpi\u00f3 las heridas, llev\u00e1ndose al ni\u00f1o consigo y administr\u00e1ndole remedios; lo cierto es que el ni\u00f1o se cur\u00f3; su padre, que era uno de esos matones que mataban para beneficio de contratistas que contrataban a sus enemigos, vino a agradecerle la curaci\u00f3n de su hijo y a ofrecer sus servicios gratuitamente contra cualquier adversario que el padre Eust\u00e1quio pudiera tener.\u201d<\/em><\/p>\n\n\n\n<p><\/p>","protected":false},"excerpt":{"rendered":"<p>Quando chegou ao Brasil, em 1925, Padre Eust\u00e1quio passou a viver em \u00c1gua Suja, hoje cidade de Romaria, na regi\u00e3o do Tri\u00e2ngulo Mineiro. No local ele exerceu um grande trabalho mission\u00e1rio, construindo o Santu\u00e1rio de Nossa Senhora da Abadia. Em um depoimento ao Tribunal da Causa de Beatifica\u00e7\u00e3o e Canoniza\u00e7\u00e3o do Padre Eust\u00e1quio, datado de agosto de 1964, a paroquiana Nair Fernandes de Oliveira afirma: \u201cFoi o Padre Eust\u00e1quio que come\u00e7ou a constru\u00e7\u00e3o da nova matriz, utilizando para isso as rendas obtidas nas romarias e, convocando a generosidade da popula\u00e7\u00e3o, fazia que se obtivesse de gra\u00e7a as pedras, quem trabalhasse [&hellip;]<\/p>\n","protected":false},"author":2,"featured_media":9250,"comment_status":"open","ping_status":"closed","sticky":false,"template":"","format":"standard","meta":{"_acf_changed":false,"footnotes":""},"categories":[611],"tags":[],"class_list":["post-9249","post","type-post","status-publish","format-standard","has-post-thumbnail","hentry","category-noticias"],"acf":[],"yoast_head":"<!-- This site is optimized with the Yoast SEO plugin v27.2 - https:\/\/yoast.com\/product\/yoast-seo-wordpress\/ -->\n<title>Padre Eust\u00e1quio e o trabalho mission\u00e1rio em Romaria, Minas Gerais<\/title>\n<meta name=\"description\" content=\"Quando chegou ao Brasil, em 1925, Padre Eust\u00e1quio passou a viver em \u00c1gua Suja, hoje cidade de Romaria, na regi\u00e3o do Tri\u00e2ngulo Mineiro. No local ele exerceu um grande trabalho mission\u00e1rio, construindo o Santu\u00e1rio de Nossa Senhora da Abadia.\" \/>\n<meta name=\"robots\" content=\"index, follow, max-snippet:-1, max-image-preview:large, max-video-preview:-1\" \/>\n<link rel=\"canonical\" href=\"https:\/\/www.padreeustaquio.com.br\/es\/el-padre-eustaquio-y-la-obra-misionera-en-romaria-minas-gerais\/\" \/>\n<meta property=\"og:locale\" content=\"es_ES\" \/>\n<meta property=\"og:type\" content=\"article\" \/>\n<meta property=\"og:title\" content=\"Padre Eust\u00e1quio e o trabalho mission\u00e1rio em Romaria, Minas Gerais\" \/>\n<meta property=\"og:description\" content=\"Quando chegou ao Brasil, em 1925, Padre Eust\u00e1quio passou a viver em \u00c1gua Suja, hoje cidade de Romaria, na regi\u00e3o do Tri\u00e2ngulo Mineiro. No local ele exerceu um grande trabalho mission\u00e1rio, construindo o Santu\u00e1rio de Nossa Senhora da Abadia.\" \/>\n<meta property=\"og:url\" content=\"https:\/\/www.padreeustaquio.com.br\/es\/el-padre-eustaquio-y-la-obra-misionera-en-romaria-minas-gerais\/\" \/>\n<meta property=\"og:site_name\" content=\"Padre Eust\u00e1quio\" \/>\n<meta property=\"article:publisher\" content=\"https:\/\/www.facebook.com\/beatopadreeustaquio\/\" \/>\n<meta property=\"article:published_time\" content=\"2022-09-08T10:02:00+00:00\" \/>\n<meta property=\"og:image\" content=\"https:\/\/www.padreeustaquio.com.br\/wp-content\/uploads\/2022\/09\/PE-em-Romaria-MG.jpeg\" \/>\n\t<meta property=\"og:image:width\" content=\"1280\" \/>\n\t<meta property=\"og:image:height\" content=\"902\" \/>\n\t<meta property=\"og:image:type\" content=\"image\/jpeg\" \/>\n<meta name=\"author\" content=\"@sscc\" \/>\n<meta name=\"twitter:card\" content=\"summary_large_image\" \/>\n<meta name=\"twitter:creator\" content=\"@beatopeustaquio\" \/>\n<meta name=\"twitter:site\" content=\"@beatopeustaquio\" \/>\n<meta name=\"twitter:label1\" content=\"Escrito por\" \/>\n\t<meta name=\"twitter:data1\" content=\"@sscc\" \/>\n\t<meta name=\"twitter:label2\" content=\"Tiempo de lectura\" \/>\n\t<meta name=\"twitter:data2\" content=\"3 minutos\" \/>\n<script type=\"application\/ld+json\" class=\"yoast-schema-graph\">{\"@context\":\"https:\/\/schema.org\",\"@graph\":[{\"@type\":\"Article\",\"@id\":\"https:\/\/www.padreeustaquio.com.br\/padre-eustaquio-e-o-trabalho-missionario-em-romaria-minas-gerais\/#article\",\"isPartOf\":{\"@id\":\"https:\/\/www.padreeustaquio.com.br\/padre-eustaquio-e-o-trabalho-missionario-em-romaria-minas-gerais\/\"},\"author\":{\"name\":\"@sscc\",\"@id\":\"https:\/\/www.padreeustaquio.com.br\/#\/schema\/person\/a2a51db1d00f1a7af0204a0f1ddb1566\"},\"headline\":\"Padre Eust\u00e1quio e o trabalho mission\u00e1rio em Romaria, Minas Gerais\",\"datePublished\":\"2022-09-08T10:02:00+00:00\",\"mainEntityOfPage\":{\"@id\":\"https:\/\/www.padreeustaquio.com.br\/padre-eustaquio-e-o-trabalho-missionario-em-romaria-minas-gerais\/\"},\"wordCount\":761,\"commentCount\":0,\"publisher\":{\"@id\":\"https:\/\/www.padreeustaquio.com.br\/#organization\"},\"image\":{\"@id\":\"https:\/\/www.padreeustaquio.com.br\/padre-eustaquio-e-o-trabalho-missionario-em-romaria-minas-gerais\/#primaryimage\"},\"thumbnailUrl\":\"https:\/\/www.padreeustaquio.com.br\/wp-content\/uploads\/2022\/09\/PE-em-Romaria-MG.jpeg\",\"articleSection\":[\"Not\u00edcias\"],\"inLanguage\":\"es\",\"potentialAction\":[{\"@type\":\"CommentAction\",\"name\":\"Comment\",\"target\":[\"https:\/\/www.padreeustaquio.com.br\/padre-eustaquio-e-o-trabalho-missionario-em-romaria-minas-gerais\/#respond\"]}]},{\"@type\":\"WebPage\",\"@id\":\"https:\/\/www.padreeustaquio.com.br\/padre-eustaquio-e-o-trabalho-missionario-em-romaria-minas-gerais\/\",\"url\":\"https:\/\/www.padreeustaquio.com.br\/padre-eustaquio-e-o-trabalho-missionario-em-romaria-minas-gerais\/\",\"name\":\"Padre Eust\u00e1quio e o trabalho mission\u00e1rio em Romaria, Minas Gerais\",\"isPartOf\":{\"@id\":\"https:\/\/www.padreeustaquio.com.br\/#website\"},\"primaryImageOfPage\":{\"@id\":\"https:\/\/www.padreeustaquio.com.br\/padre-eustaquio-e-o-trabalho-missionario-em-romaria-minas-gerais\/#primaryimage\"},\"image\":{\"@id\":\"https:\/\/www.padreeustaquio.com.br\/padre-eustaquio-e-o-trabalho-missionario-em-romaria-minas-gerais\/#primaryimage\"},\"thumbnailUrl\":\"https:\/\/www.padreeustaquio.com.br\/wp-content\/uploads\/2022\/09\/PE-em-Romaria-MG.jpeg\",\"datePublished\":\"2022-09-08T10:02:00+00:00\",\"description\":\"Quando chegou ao Brasil, em 1925, Padre Eust\u00e1quio passou a viver em \u00c1gua Suja, hoje cidade de Romaria, na regi\u00e3o do Tri\u00e2ngulo Mineiro. No local ele exerceu um grande trabalho mission\u00e1rio, construindo o Santu\u00e1rio de Nossa Senhora da Abadia.\",\"breadcrumb\":{\"@id\":\"https:\/\/www.padreeustaquio.com.br\/padre-eustaquio-e-o-trabalho-missionario-em-romaria-minas-gerais\/#breadcrumb\"},\"inLanguage\":\"es\",\"potentialAction\":[{\"@type\":\"ReadAction\",\"target\":[\"https:\/\/www.padreeustaquio.com.br\/padre-eustaquio-e-o-trabalho-missionario-em-romaria-minas-gerais\/\"]}]},{\"@type\":\"ImageObject\",\"inLanguage\":\"es\",\"@id\":\"https:\/\/www.padreeustaquio.com.br\/padre-eustaquio-e-o-trabalho-missionario-em-romaria-minas-gerais\/#primaryimage\",\"url\":\"https:\/\/www.padreeustaquio.com.br\/wp-content\/uploads\/2022\/09\/PE-em-Romaria-MG.jpeg\",\"contentUrl\":\"https:\/\/www.padreeustaquio.com.br\/wp-content\/uploads\/2022\/09\/PE-em-Romaria-MG.jpeg\",\"width\":1280,\"height\":902,\"caption\":\"Padre Eust\u00e1quio em Romaria-MG (ao centro, no fundo da foto - 10\u00ba da esquerda para a direita)\"},{\"@type\":\"BreadcrumbList\",\"@id\":\"https:\/\/www.padreeustaquio.com.br\/padre-eustaquio-e-o-trabalho-missionario-em-romaria-minas-gerais\/#breadcrumb\",\"itemListElement\":[{\"@type\":\"ListItem\",\"position\":1,\"name\":\"In\u00edcio\",\"item\":\"https:\/\/www.padreeustaquio.com.br\/\"},{\"@type\":\"ListItem\",\"position\":2,\"name\":\"Padre Eust\u00e1quio e o trabalho mission\u00e1rio em Romaria, Minas Gerais\"}]},{\"@type\":\"WebSite\",\"@id\":\"https:\/\/www.padreeustaquio.com.br\/#website\",\"url\":\"https:\/\/www.padreeustaquio.com.br\/\",\"name\":\"Padre Eust\u00e1quio\",\"description\":\"Sa\u00fade e Paz\",\"publisher\":{\"@id\":\"https:\/\/www.padreeustaquio.com.br\/#organization\"},\"potentialAction\":[{\"@type\":\"SearchAction\",\"target\":{\"@type\":\"EntryPoint\",\"urlTemplate\":\"https:\/\/www.padreeustaquio.com.br\/?s={search_term_string}\"},\"query-input\":{\"@type\":\"PropertyValueSpecification\",\"valueRequired\":true,\"valueName\":\"search_term_string\"}}],\"inLanguage\":\"es\"},{\"@type\":\"Organization\",\"@id\":\"https:\/\/www.padreeustaquio.com.br\/#organization\",\"name\":\"Padre Eust\u00e1quio\",\"url\":\"https:\/\/www.padreeustaquio.com.br\/\",\"logo\":{\"@type\":\"ImageObject\",\"inLanguage\":\"es\",\"@id\":\"https:\/\/www.padreeustaquio.com.br\/#\/schema\/logo\/image\/\",\"url\":\"https:\/\/www.padreeustaquio.com.br\/wp-content\/uploads\/2019\/08\/marca.png\",\"contentUrl\":\"https:\/\/www.padreeustaquio.com.br\/wp-content\/uploads\/2019\/08\/marca.png\",\"width\":350,\"height\":400,\"caption\":\"Padre Eust\u00e1quio\"},\"image\":{\"@id\":\"https:\/\/www.padreeustaquio.com.br\/#\/schema\/logo\/image\/\"},\"sameAs\":[\"https:\/\/www.facebook.com\/beatopadreeustaquio\/\",\"https:\/\/x.com\/beatopeustaquio\",\"https:\/\/www.instagram.com\/beatopadreeustaquio\/\",\"https:\/\/www.youtube.com\/channel\/UCRhw7vfabnajwLxb1ZXMeIw\"]},{\"@type\":\"Person\",\"@id\":\"https:\/\/www.padreeustaquio.com.br\/#\/schema\/person\/a2a51db1d00f1a7af0204a0f1ddb1566\",\"name\":\"@sscc\",\"image\":{\"@type\":\"ImageObject\",\"inLanguage\":\"es\",\"@id\":\"https:\/\/secure.gravatar.com\/avatar\/68cfafa5f44617fea54071e215026e0ff06be366c3d54a8425f04fdcb86f8c5f?s=96&d=mm&r=g\",\"url\":\"https:\/\/secure.gravatar.com\/avatar\/68cfafa5f44617fea54071e215026e0ff06be366c3d54a8425f04fdcb86f8c5f?s=96&d=mm&r=g\",\"contentUrl\":\"https:\/\/secure.gravatar.com\/avatar\/68cfafa5f44617fea54071e215026e0ff06be366c3d54a8425f04fdcb86f8c5f?s=96&d=mm&r=g\",\"caption\":\"@sscc\"},\"url\":\"https:\/\/www.padreeustaquio.com.br\/es\/author\/sscc\/\"}]}<\/script>\n<!-- \/ Yoast SEO plugin. -->","yoast_head_json":{"title":"El padre Eust\u00e1quio y la obra misionera en Romaria, Minas Gerais","description":"Al llegar a Brasil en 1925, el Padre Eust\u00e1quio se instal\u00f3 en \u00c1gua Suja, actual ciudad de Romaria, en la regi\u00f3n del Tri\u00e1ngulo Minero. All\u00ed realiz\u00f3 una extensa labor misionera, construyendo el Santuario de Nuestra Se\u00f1ora de la Abad\u00eda.","robots":{"index":"index","follow":"follow","max-snippet":"max-snippet:-1","max-image-preview":"max-image-preview:large","max-video-preview":"max-video-preview:-1"},"canonical":"https:\/\/www.padreeustaquio.com.br\/es\/el-padre-eustaquio-y-la-obra-misionera-en-romaria-minas-gerais\/","og_locale":"es_ES","og_type":"article","og_title":"Padre Eust\u00e1quio e o trabalho mission\u00e1rio em Romaria, Minas Gerais","og_description":"Quando chegou ao Brasil, em 1925, Padre Eust\u00e1quio passou a viver em \u00c1gua Suja, hoje cidade de Romaria, na regi\u00e3o do Tri\u00e2ngulo Mineiro. No local ele exerceu um grande trabalho mission\u00e1rio, construindo o Santu\u00e1rio de Nossa Senhora da Abadia.","og_url":"https:\/\/www.padreeustaquio.com.br\/es\/el-padre-eustaquio-y-la-obra-misionera-en-romaria-minas-gerais\/","og_site_name":"Padre Eust\u00e1quio","article_publisher":"https:\/\/www.facebook.com\/beatopadreeustaquio\/","article_published_time":"2022-09-08T10:02:00+00:00","og_image":[{"width":1280,"height":902,"url":"https:\/\/www.padreeustaquio.com.br\/wp-content\/uploads\/2022\/09\/PE-em-Romaria-MG.jpeg","type":"image\/jpeg"}],"author":"@sscc","twitter_card":"summary_large_image","twitter_creator":"@beatopeustaquio","twitter_site":"@beatopeustaquio","twitter_misc":{"Escrito por":"@sscc","Tiempo de lectura":"3 minutos"},"schema":{"@context":"https:\/\/schema.org","@graph":[{"@type":"Article","@id":"https:\/\/www.padreeustaquio.com.br\/padre-eustaquio-e-o-trabalho-missionario-em-romaria-minas-gerais\/#article","isPartOf":{"@id":"https:\/\/www.padreeustaquio.com.br\/padre-eustaquio-e-o-trabalho-missionario-em-romaria-minas-gerais\/"},"author":{"name":"@sscc","@id":"https:\/\/www.padreeustaquio.com.br\/#\/schema\/person\/a2a51db1d00f1a7af0204a0f1ddb1566"},"headline":"Padre Eust\u00e1quio e o trabalho mission\u00e1rio em Romaria, Minas Gerais","datePublished":"2022-09-08T10:02:00+00:00","mainEntityOfPage":{"@id":"https:\/\/www.padreeustaquio.com.br\/padre-eustaquio-e-o-trabalho-missionario-em-romaria-minas-gerais\/"},"wordCount":761,"commentCount":0,"publisher":{"@id":"https:\/\/www.padreeustaquio.com.br\/#organization"},"image":{"@id":"https:\/\/www.padreeustaquio.com.br\/padre-eustaquio-e-o-trabalho-missionario-em-romaria-minas-gerais\/#primaryimage"},"thumbnailUrl":"https:\/\/www.padreeustaquio.com.br\/wp-content\/uploads\/2022\/09\/PE-em-Romaria-MG.jpeg","articleSection":["Not\u00edcias"],"inLanguage":"es","potentialAction":[{"@type":"CommentAction","name":"Comment","target":["https:\/\/www.padreeustaquio.com.br\/padre-eustaquio-e-o-trabalho-missionario-em-romaria-minas-gerais\/#respond"]}]},{"@type":"WebPage","@id":"https:\/\/www.padreeustaquio.com.br\/padre-eustaquio-e-o-trabalho-missionario-em-romaria-minas-gerais\/","url":"https:\/\/www.padreeustaquio.com.br\/padre-eustaquio-e-o-trabalho-missionario-em-romaria-minas-gerais\/","name":"El padre Eust\u00e1quio y la obra misionera en Romaria, Minas Gerais","isPartOf":{"@id":"https:\/\/www.padreeustaquio.com.br\/#website"},"primaryImageOfPage":{"@id":"https:\/\/www.padreeustaquio.com.br\/padre-eustaquio-e-o-trabalho-missionario-em-romaria-minas-gerais\/#primaryimage"},"image":{"@id":"https:\/\/www.padreeustaquio.com.br\/padre-eustaquio-e-o-trabalho-missionario-em-romaria-minas-gerais\/#primaryimage"},"thumbnailUrl":"https:\/\/www.padreeustaquio.com.br\/wp-content\/uploads\/2022\/09\/PE-em-Romaria-MG.jpeg","datePublished":"2022-09-08T10:02:00+00:00","description":"Al llegar a Brasil en 1925, el Padre Eust\u00e1quio se instal\u00f3 en \u00c1gua Suja, actual ciudad de Romaria, en la regi\u00f3n del Tri\u00e1ngulo Minero. All\u00ed realiz\u00f3 una extensa labor misionera, construyendo el Santuario de Nuestra Se\u00f1ora de la Abad\u00eda.","breadcrumb":{"@id":"https:\/\/www.padreeustaquio.com.br\/padre-eustaquio-e-o-trabalho-missionario-em-romaria-minas-gerais\/#breadcrumb"},"inLanguage":"es","potentialAction":[{"@type":"ReadAction","target":["https:\/\/www.padreeustaquio.com.br\/padre-eustaquio-e-o-trabalho-missionario-em-romaria-minas-gerais\/"]}]},{"@type":"ImageObject","inLanguage":"es","@id":"https:\/\/www.padreeustaquio.com.br\/padre-eustaquio-e-o-trabalho-missionario-em-romaria-minas-gerais\/#primaryimage","url":"https:\/\/www.padreeustaquio.com.br\/wp-content\/uploads\/2022\/09\/PE-em-Romaria-MG.jpeg","contentUrl":"https:\/\/www.padreeustaquio.com.br\/wp-content\/uploads\/2022\/09\/PE-em-Romaria-MG.jpeg","width":1280,"height":902,"caption":"Padre Eust\u00e1quio em Romaria-MG (ao centro, no fundo da foto - 10\u00ba da esquerda para a direita)"},{"@type":"BreadcrumbList","@id":"https:\/\/www.padreeustaquio.com.br\/padre-eustaquio-e-o-trabalho-missionario-em-romaria-minas-gerais\/#breadcrumb","itemListElement":[{"@type":"ListItem","position":1,"name":"In\u00edcio","item":"https:\/\/www.padreeustaquio.com.br\/"},{"@type":"ListItem","position":2,"name":"Padre Eust\u00e1quio e o trabalho mission\u00e1rio em Romaria, Minas Gerais"}]},{"@type":"WebSite","@id":"https:\/\/www.padreeustaquio.com.br\/#website","url":"https:\/\/www.padreeustaquio.com.br\/","name":"Padre Eustace","description":"Salud y Paz","publisher":{"@id":"https:\/\/www.padreeustaquio.com.br\/#organization"},"potentialAction":[{"@type":"SearchAction","target":{"@type":"EntryPoint","urlTemplate":"https:\/\/www.padreeustaquio.com.br\/?s={search_term_string}"},"query-input":{"@type":"PropertyValueSpecification","valueRequired":true,"valueName":"search_term_string"}}],"inLanguage":"es"},{"@type":"Organization","@id":"https:\/\/www.padreeustaquio.com.br\/#organization","name":"Padre Eustace","url":"https:\/\/www.padreeustaquio.com.br\/","logo":{"@type":"ImageObject","inLanguage":"es","@id":"https:\/\/www.padreeustaquio.com.br\/#\/schema\/logo\/image\/","url":"https:\/\/www.padreeustaquio.com.br\/wp-content\/uploads\/2019\/08\/marca.png","contentUrl":"https:\/\/www.padreeustaquio.com.br\/wp-content\/uploads\/2019\/08\/marca.png","width":350,"height":400,"caption":"Padre Eust\u00e1quio"},"image":{"@id":"https:\/\/www.padreeustaquio.com.br\/#\/schema\/logo\/image\/"},"sameAs":["https:\/\/www.facebook.com\/beatopadreeustaquio\/","https:\/\/x.com\/beatopeustaquio","https:\/\/www.instagram.com\/beatopadreeustaquio\/","https:\/\/www.youtube.com\/channel\/UCRhw7vfabnajwLxb1ZXMeIw"]},{"@type":"Person","@id":"https:\/\/www.padreeustaquio.com.br\/#\/schema\/person\/a2a51db1d00f1a7af0204a0f1ddb1566","name":"@sscc","image":{"@type":"ImageObject","inLanguage":"es","@id":"https:\/\/secure.gravatar.com\/avatar\/68cfafa5f44617fea54071e215026e0ff06be366c3d54a8425f04fdcb86f8c5f?s=96&d=mm&r=g","url":"https:\/\/secure.gravatar.com\/avatar\/68cfafa5f44617fea54071e215026e0ff06be366c3d54a8425f04fdcb86f8c5f?s=96&d=mm&r=g","contentUrl":"https:\/\/secure.gravatar.com\/avatar\/68cfafa5f44617fea54071e215026e0ff06be366c3d54a8425f04fdcb86f8c5f?s=96&d=mm&r=g","caption":"@sscc"},"url":"https:\/\/www.padreeustaquio.com.br\/es\/author\/sscc\/"}]}},"_links":{"self":[{"href":"https:\/\/www.padreeustaquio.com.br\/es\/wp-json\/wp\/v2\/posts\/9249","targetHints":{"allow":["GET"]}}],"collection":[{"href":"https:\/\/www.padreeustaquio.com.br\/es\/wp-json\/wp\/v2\/posts"}],"about":[{"href":"https:\/\/www.padreeustaquio.com.br\/es\/wp-json\/wp\/v2\/types\/post"}],"author":[{"embeddable":true,"href":"https:\/\/www.padreeustaquio.com.br\/es\/wp-json\/wp\/v2\/users\/2"}],"replies":[{"embeddable":true,"href":"https:\/\/www.padreeustaquio.com.br\/es\/wp-json\/wp\/v2\/comments?post=9249"}],"version-history":[{"count":0,"href":"https:\/\/www.padreeustaquio.com.br\/es\/wp-json\/wp\/v2\/posts\/9249\/revisions"}],"wp:featuredmedia":[{"embeddable":true,"href":"https:\/\/www.padreeustaquio.com.br\/es\/wp-json\/wp\/v2\/media\/9250"}],"wp:attachment":[{"href":"https:\/\/www.padreeustaquio.com.br\/es\/wp-json\/wp\/v2\/media?parent=9249"}],"wp:term":[{"taxonomy":"category","embeddable":true,"href":"https:\/\/www.padreeustaquio.com.br\/es\/wp-json\/wp\/v2\/categories?post=9249"},{"taxonomy":"post_tag","embeddable":true,"href":"https:\/\/www.padreeustaquio.com.br\/es\/wp-json\/wp\/v2\/tags?post=9249"}],"curies":[{"name":"wp","href":"https:\/\/api.w.org\/{rel}","templated":true}]}}