{"id":9233,"date":"2022-09-05T09:37:56","date_gmt":"2022-09-05T12:37:56","guid":{"rendered":"https:\/\/www.padreeustaquio.com.br\/?p=9233"},"modified":"2022-09-05T10:05:39","modified_gmt":"2022-09-05T13:05:39","slug":"la-secretaria-nacional-puso-a-disposicion-fotografias-de-la-fiesta-del-padre-eustaquio-de-2022","status":"publish","type":"post","link":"https:\/\/www.padreeustaquio.com.br\/es\/la-secretaria-nacional-puso-a-disposicion-fotografias-de-la-fiesta-del-padre-eustaquio-de-2022\/","title":{"rendered":"La Secretar\u00eda Nacional puso a disposici\u00f3n fotograf\u00edas del Festival Padre Eust\u00e1quio 2022."},"content":{"rendered":"<p>La Fiesta del Beato Padre Eustaquio de 2022, celebrada el 30 de agosto, recibi\u00f3 a m\u00e1s de 20.000 personas que visitaron el Santuario durante todo el d\u00eda. El equipo del Secretariado Nacional para la Causa de Canonizaci\u00f3n registr\u00f3 misas, homenajes, puestos, bendiciones y mucha actividad. Para que lo revisen y conserven como recuerdo, hemos publicado un enlace a continuaci\u00f3n para que puedan acceder a todo el material.<\/p>\n\n\n\n<p>En total se pusieron a disposici\u00f3n m\u00e1s de 400 fotograf\u00edas y v\u00eddeos. <a href=\"https:\/\/drive.google.com\/drive\/folders\/1VUy8ODjuV2QfHnoAZZt5YMZ0yqphTnzi\" target=\"_blank\" rel=\"noreferrer noopener\">ESTE ENLACE <\/a>Para descargar. Adem\u00e1s del material, se public\u00f3 mucho m\u00e1s en... <a href=\"https:\/\/www.facebook.com\/beatopadreeustaquio\" target=\"_blank\" rel=\"noreferrer noopener\">Facebook<\/a> y en <a href=\"https:\/\/www.instagram.com\/beatopadreeustaquio\/\" target=\"_blank\" rel=\"noreferrer noopener\">Instagram<\/a> del Beato Padre Eustaquio durante todo el festival. Accede y con\u00f3celo.<\/p>\n\n\n\n<p>Otro medio de comunicaci\u00f3n utilizado para dar a conocer la festividad y reunir a los devotos que se encontraban lejos y no pudieron participar en las celebraciones, el Canal Padre Eust\u00e1quio, continu\u00f3 transmitiendo las misas durante todo el d\u00eda y, en los intermedios, promoviendo el evento, como material sobre la devoci\u00f3n al Sant\u00edsimo, im\u00e1genes en vivo desde el Santuario mostrando a los fieles, los puestos y toda la actividad en los espacios festivos. En el estudio, instalado en el templo, tambi\u00e9n fue posible seguir una charla vocacional con postulantes, un di\u00e1cono y un sacerdote de la Congregaci\u00f3n de los Sagrados Corazones, adem\u00e1s del Rosario por la Canonizaci\u00f3n dirigido por el Padre Edmar Oliveira, ss.cc., con la ayuda del cantante voluntario Rhaime Ferreira. <a href=\"https:\/\/www.youtube.com\/watch?v=j_eQdGD4AvU\" target=\"_blank\" rel=\"noreferrer noopener\">HAGA CLIC AQU\u00cd<\/a> y repasar todos los momentos.<\/p>\n\n\n\n<p><\/p>","protected":false},"excerpt":{"rendered":"<p>A festa do Bem-Aventurado Padre Eust\u00e1quio 2022, realizada no \u00faltimo dia 30 de agosto, recebeu mais de 20 mil pessoas, passando pelo Santu\u00e1rio ao longo do dia. Missas, homenagens, barraquinhas, b\u00ean\u00e7\u00e3os e muita movimenta\u00e7\u00e3o foram registados pela equipe do Secretariado Nacional para a Causa de Canoniza\u00e7\u00e3o. Para rever e guardar como lembran\u00e7a, publicamos abaixo um link para voc\u00ea ter acesso a todo o material. Ao todo foram mais de 400 fotos e v\u00eddeos disponibilizados NESTE LINK para voc\u00ea baixar. Al\u00e9m do material, muita coisa foi postada no Facebook e no Instagram do Beato Padre Eust\u00e1quio ao longo da festa. Acesse [&hellip;]<\/p>\n","protected":false},"author":2,"featured_media":9241,"comment_status":"open","ping_status":"closed","sticky":false,"template":"","format":"standard","meta":{"_acf_changed":false,"footnotes":""},"categories":[611],"tags":[],"class_list":["post-9233","post","type-post","status-publish","format-standard","has-post-thumbnail","hentry","category-noticias"],"acf":[],"yoast_head":"<!-- This site is optimized with the Yoast SEO plugin v27.2 - https:\/\/yoast.com\/product\/yoast-seo-wordpress\/ -->\n<title>Secretariado Nacional disponibiliza fotos da Festa de Padre Eust\u00e1quio 2022<\/title>\n<meta name=\"description\" content=\"A festa do Bem-Aventurado Padre Eust\u00e1quio 2022, realizada no \u00faltimo dia 30 de agosto, recebeu mais de 20 mil pessoas, passando pelo Santu\u00e1rio ao longo do dia. Missas, homenagens, barraquinhas, b\u00ean\u00e7\u00e3os e muita movimenta\u00e7\u00e3o foram registados pela equipe do Secretariado Nacional para a Causa de Canoniza\u00e7\u00e3o. Para rever e guardar como lembran\u00e7a, publicamos abaixo um link para voc\u00ea ter acesso a todo o material.\" \/>\n<meta name=\"robots\" content=\"index, follow, max-snippet:-1, max-image-preview:large, max-video-preview:-1\" \/>\n<link rel=\"canonical\" href=\"https:\/\/www.padreeustaquio.com.br\/es\/la-secretaria-nacional-puso-a-disposicion-fotografias-de-la-fiesta-del-padre-eustaquio-de-2022\/\" \/>\n<meta property=\"og:locale\" content=\"es_ES\" \/>\n<meta property=\"og:type\" content=\"article\" \/>\n<meta property=\"og:title\" content=\"Secretariado Nacional disponibiliza fotos da Festa de Padre Eust\u00e1quio 2022\" \/>\n<meta property=\"og:description\" content=\"A festa do Bem-Aventurado Padre Eust\u00e1quio 2022, realizada no \u00faltimo dia 30 de agosto, recebeu mais de 20 mil pessoas, passando pelo Santu\u00e1rio ao longo do dia. Missas, homenagens, barraquinhas, b\u00ean\u00e7\u00e3os e muita movimenta\u00e7\u00e3o foram registados pela equipe do Secretariado Nacional para a Causa de Canoniza\u00e7\u00e3o. Para rever e guardar como lembran\u00e7a, publicamos abaixo um link para voc\u00ea ter acesso a todo o material.\" \/>\n<meta property=\"og:url\" content=\"https:\/\/www.padreeustaquio.com.br\/es\/la-secretaria-nacional-puso-a-disposicion-fotografias-de-la-fiesta-del-padre-eustaquio-de-2022\/\" \/>\n<meta property=\"og:site_name\" content=\"Padre Eust\u00e1quio\" \/>\n<meta property=\"article:publisher\" content=\"https:\/\/www.facebook.com\/beatopadreeustaquio\/\" \/>\n<meta property=\"article:published_time\" content=\"2022-09-05T12:37:56+00:00\" \/>\n<meta property=\"article:modified_time\" content=\"2022-09-05T13:05:39+00:00\" \/>\n<meta property=\"og:image\" content=\"https:\/\/www.padreeustaquio.com.br\/wp-content\/uploads\/2022\/09\/Festa-dia-30-scaled.jpg\" \/>\n\t<meta property=\"og:image:width\" content=\"2560\" \/>\n\t<meta property=\"og:image:height\" content=\"1331\" \/>\n\t<meta property=\"og:image:type\" content=\"image\/jpeg\" \/>\n<meta name=\"author\" content=\"@sscc\" \/>\n<meta name=\"twitter:card\" content=\"summary_large_image\" \/>\n<meta name=\"twitter:creator\" content=\"@beatopeustaquio\" \/>\n<meta name=\"twitter:site\" content=\"@beatopeustaquio\" \/>\n<meta name=\"twitter:label1\" content=\"Escrito por\" \/>\n\t<meta name=\"twitter:data1\" content=\"@sscc\" \/>\n\t<meta name=\"twitter:label2\" content=\"Tiempo de lectura\" \/>\n\t<meta name=\"twitter:data2\" content=\"1 minuto\" \/>\n<script type=\"application\/ld+json\" class=\"yoast-schema-graph\">{\"@context\":\"https:\/\/schema.org\",\"@graph\":[{\"@type\":\"Article\",\"@id\":\"https:\/\/www.padreeustaquio.com.br\/secretariado-nacional-disponibiliza-fotos-da-festa-de-padre-eustaquio-2022\/#article\",\"isPartOf\":{\"@id\":\"https:\/\/www.padreeustaquio.com.br\/secretariado-nacional-disponibiliza-fotos-da-festa-de-padre-eustaquio-2022\/\"},\"author\":{\"name\":\"@sscc\",\"@id\":\"https:\/\/www.padreeustaquio.com.br\/#\/schema\/person\/a2a51db1d00f1a7af0204a0f1ddb1566\"},\"headline\":\"Secretariado Nacional disponibiliza fotos da Festa de Padre Eust\u00e1quio 2022\",\"datePublished\":\"2022-09-05T12:37:56+00:00\",\"dateModified\":\"2022-09-05T13:05:39+00:00\",\"mainEntityOfPage\":{\"@id\":\"https:\/\/www.padreeustaquio.com.br\/secretariado-nacional-disponibiliza-fotos-da-festa-de-padre-eustaquio-2022\/\"},\"wordCount\":253,\"commentCount\":0,\"publisher\":{\"@id\":\"https:\/\/www.padreeustaquio.com.br\/#organization\"},\"image\":{\"@id\":\"https:\/\/www.padreeustaquio.com.br\/secretariado-nacional-disponibiliza-fotos-da-festa-de-padre-eustaquio-2022\/#primaryimage\"},\"thumbnailUrl\":\"https:\/\/www.padreeustaquio.com.br\/wp-content\/uploads\/2022\/09\/Festa-dia-30-scaled.jpg\",\"articleSection\":[\"Not\u00edcias\"],\"inLanguage\":\"es\",\"potentialAction\":[{\"@type\":\"CommentAction\",\"name\":\"Comment\",\"target\":[\"https:\/\/www.padreeustaquio.com.br\/secretariado-nacional-disponibiliza-fotos-da-festa-de-padre-eustaquio-2022\/#respond\"]}]},{\"@type\":\"WebPage\",\"@id\":\"https:\/\/www.padreeustaquio.com.br\/secretariado-nacional-disponibiliza-fotos-da-festa-de-padre-eustaquio-2022\/\",\"url\":\"https:\/\/www.padreeustaquio.com.br\/secretariado-nacional-disponibiliza-fotos-da-festa-de-padre-eustaquio-2022\/\",\"name\":\"Secretariado Nacional disponibiliza fotos da Festa de Padre Eust\u00e1quio 2022\",\"isPartOf\":{\"@id\":\"https:\/\/www.padreeustaquio.com.br\/#website\"},\"primaryImageOfPage\":{\"@id\":\"https:\/\/www.padreeustaquio.com.br\/secretariado-nacional-disponibiliza-fotos-da-festa-de-padre-eustaquio-2022\/#primaryimage\"},\"image\":{\"@id\":\"https:\/\/www.padreeustaquio.com.br\/secretariado-nacional-disponibiliza-fotos-da-festa-de-padre-eustaquio-2022\/#primaryimage\"},\"thumbnailUrl\":\"https:\/\/www.padreeustaquio.com.br\/wp-content\/uploads\/2022\/09\/Festa-dia-30-scaled.jpg\",\"datePublished\":\"2022-09-05T12:37:56+00:00\",\"dateModified\":\"2022-09-05T13:05:39+00:00\",\"description\":\"A festa do Bem-Aventurado Padre Eust\u00e1quio 2022, realizada no \u00faltimo dia 30 de agosto, recebeu mais de 20 mil pessoas, passando pelo Santu\u00e1rio ao longo do dia. Missas, homenagens, barraquinhas, b\u00ean\u00e7\u00e3os e muita movimenta\u00e7\u00e3o foram registados pela equipe do Secretariado Nacional para a Causa de Canoniza\u00e7\u00e3o. Para rever e guardar como lembran\u00e7a, publicamos abaixo um link para voc\u00ea ter acesso a todo o material.\",\"breadcrumb\":{\"@id\":\"https:\/\/www.padreeustaquio.com.br\/secretariado-nacional-disponibiliza-fotos-da-festa-de-padre-eustaquio-2022\/#breadcrumb\"},\"inLanguage\":\"es\",\"potentialAction\":[{\"@type\":\"ReadAction\",\"target\":[\"https:\/\/www.padreeustaquio.com.br\/secretariado-nacional-disponibiliza-fotos-da-festa-de-padre-eustaquio-2022\/\"]}]},{\"@type\":\"ImageObject\",\"inLanguage\":\"es\",\"@id\":\"https:\/\/www.padreeustaquio.com.br\/secretariado-nacional-disponibiliza-fotos-da-festa-de-padre-eustaquio-2022\/#primaryimage\",\"url\":\"https:\/\/www.padreeustaquio.com.br\/wp-content\/uploads\/2022\/09\/Festa-dia-30-scaled.jpg\",\"contentUrl\":\"https:\/\/www.padreeustaquio.com.br\/wp-content\/uploads\/2022\/09\/Festa-dia-30-scaled.jpg\",\"width\":2560,\"height\":1331},{\"@type\":\"BreadcrumbList\",\"@id\":\"https:\/\/www.padreeustaquio.com.br\/secretariado-nacional-disponibiliza-fotos-da-festa-de-padre-eustaquio-2022\/#breadcrumb\",\"itemListElement\":[{\"@type\":\"ListItem\",\"position\":1,\"name\":\"In\u00edcio\",\"item\":\"https:\/\/www.padreeustaquio.com.br\/\"},{\"@type\":\"ListItem\",\"position\":2,\"name\":\"Secretariado Nacional disponibiliza fotos da Festa de Padre Eust\u00e1quio 2022\"}]},{\"@type\":\"WebSite\",\"@id\":\"https:\/\/www.padreeustaquio.com.br\/#website\",\"url\":\"https:\/\/www.padreeustaquio.com.br\/\",\"name\":\"Padre Eust\u00e1quio\",\"description\":\"Sa\u00fade e Paz\",\"publisher\":{\"@id\":\"https:\/\/www.padreeustaquio.com.br\/#organization\"},\"potentialAction\":[{\"@type\":\"SearchAction\",\"target\":{\"@type\":\"EntryPoint\",\"urlTemplate\":\"https:\/\/www.padreeustaquio.com.br\/?s={search_term_string}\"},\"query-input\":{\"@type\":\"PropertyValueSpecification\",\"valueRequired\":true,\"valueName\":\"search_term_string\"}}],\"inLanguage\":\"es\"},{\"@type\":\"Organization\",\"@id\":\"https:\/\/www.padreeustaquio.com.br\/#organization\",\"name\":\"Padre Eust\u00e1quio\",\"url\":\"https:\/\/www.padreeustaquio.com.br\/\",\"logo\":{\"@type\":\"ImageObject\",\"inLanguage\":\"es\",\"@id\":\"https:\/\/www.padreeustaquio.com.br\/#\/schema\/logo\/image\/\",\"url\":\"https:\/\/www.padreeustaquio.com.br\/wp-content\/uploads\/2019\/08\/marca.png\",\"contentUrl\":\"https:\/\/www.padreeustaquio.com.br\/wp-content\/uploads\/2019\/08\/marca.png\",\"width\":350,\"height\":400,\"caption\":\"Padre Eust\u00e1quio\"},\"image\":{\"@id\":\"https:\/\/www.padreeustaquio.com.br\/#\/schema\/logo\/image\/\"},\"sameAs\":[\"https:\/\/www.facebook.com\/beatopadreeustaquio\/\",\"https:\/\/x.com\/beatopeustaquio\",\"https:\/\/www.instagram.com\/beatopadreeustaquio\/\",\"https:\/\/www.youtube.com\/channel\/UCRhw7vfabnajwLxb1ZXMeIw\"]},{\"@type\":\"Person\",\"@id\":\"https:\/\/www.padreeustaquio.com.br\/#\/schema\/person\/a2a51db1d00f1a7af0204a0f1ddb1566\",\"name\":\"@sscc\",\"image\":{\"@type\":\"ImageObject\",\"inLanguage\":\"es\",\"@id\":\"https:\/\/secure.gravatar.com\/avatar\/68cfafa5f44617fea54071e215026e0ff06be366c3d54a8425f04fdcb86f8c5f?s=96&d=mm&r=g\",\"url\":\"https:\/\/secure.gravatar.com\/avatar\/68cfafa5f44617fea54071e215026e0ff06be366c3d54a8425f04fdcb86f8c5f?s=96&d=mm&r=g\",\"contentUrl\":\"https:\/\/secure.gravatar.com\/avatar\/68cfafa5f44617fea54071e215026e0ff06be366c3d54a8425f04fdcb86f8c5f?s=96&d=mm&r=g\",\"caption\":\"@sscc\"},\"url\":\"https:\/\/www.padreeustaquio.com.br\/es\/author\/sscc\/\"}]}<\/script>\n<!-- \/ Yoast SEO plugin. -->","yoast_head_json":{"title":"La Secretar\u00eda Nacional puso a disposici\u00f3n fotograf\u00edas del Festival Padre Eust\u00e1quio 2022.","description":"La Fiesta del Beato Padre Eustaquio de 2022, celebrada el 30 de agosto, recibi\u00f3 a m\u00e1s de 20.000 personas que visitaron el Santuario durante todo el d\u00eda. El equipo del Secretariado Nacional para la Causa de Canonizaci\u00f3n registr\u00f3 misas, homenajes, puestos, bendiciones y mucha actividad. Para que lo revisen y conserven como recuerdo, hemos publicado un enlace a continuaci\u00f3n para que puedan acceder a todo el material.","robots":{"index":"index","follow":"follow","max-snippet":"max-snippet:-1","max-image-preview":"max-image-preview:large","max-video-preview":"max-video-preview:-1"},"canonical":"https:\/\/www.padreeustaquio.com.br\/es\/la-secretaria-nacional-puso-a-disposicion-fotografias-de-la-fiesta-del-padre-eustaquio-de-2022\/","og_locale":"es_ES","og_type":"article","og_title":"Secretariado Nacional disponibiliza fotos da Festa de Padre Eust\u00e1quio 2022","og_description":"A festa do Bem-Aventurado Padre Eust\u00e1quio 2022, realizada no \u00faltimo dia 30 de agosto, recebeu mais de 20 mil pessoas, passando pelo Santu\u00e1rio ao longo do dia. Missas, homenagens, barraquinhas, b\u00ean\u00e7\u00e3os e muita movimenta\u00e7\u00e3o foram registados pela equipe do Secretariado Nacional para a Causa de Canoniza\u00e7\u00e3o. Para rever e guardar como lembran\u00e7a, publicamos abaixo um link para voc\u00ea ter acesso a todo o material.","og_url":"https:\/\/www.padreeustaquio.com.br\/es\/la-secretaria-nacional-puso-a-disposicion-fotografias-de-la-fiesta-del-padre-eustaquio-de-2022\/","og_site_name":"Padre Eust\u00e1quio","article_publisher":"https:\/\/www.facebook.com\/beatopadreeustaquio\/","article_published_time":"2022-09-05T12:37:56+00:00","article_modified_time":"2022-09-05T13:05:39+00:00","og_image":[{"width":2560,"height":1331,"url":"https:\/\/www.padreeustaquio.com.br\/wp-content\/uploads\/2022\/09\/Festa-dia-30-scaled.jpg","type":"image\/jpeg"}],"author":"@sscc","twitter_card":"summary_large_image","twitter_creator":"@beatopeustaquio","twitter_site":"@beatopeustaquio","twitter_misc":{"Escrito por":"@sscc","Tiempo de lectura":"1 minuto"},"schema":{"@context":"https:\/\/schema.org","@graph":[{"@type":"Article","@id":"https:\/\/www.padreeustaquio.com.br\/secretariado-nacional-disponibiliza-fotos-da-festa-de-padre-eustaquio-2022\/#article","isPartOf":{"@id":"https:\/\/www.padreeustaquio.com.br\/secretariado-nacional-disponibiliza-fotos-da-festa-de-padre-eustaquio-2022\/"},"author":{"name":"@sscc","@id":"https:\/\/www.padreeustaquio.com.br\/#\/schema\/person\/a2a51db1d00f1a7af0204a0f1ddb1566"},"headline":"Secretariado Nacional disponibiliza fotos da Festa de Padre Eust\u00e1quio 2022","datePublished":"2022-09-05T12:37:56+00:00","dateModified":"2022-09-05T13:05:39+00:00","mainEntityOfPage":{"@id":"https:\/\/www.padreeustaquio.com.br\/secretariado-nacional-disponibiliza-fotos-da-festa-de-padre-eustaquio-2022\/"},"wordCount":253,"commentCount":0,"publisher":{"@id":"https:\/\/www.padreeustaquio.com.br\/#organization"},"image":{"@id":"https:\/\/www.padreeustaquio.com.br\/secretariado-nacional-disponibiliza-fotos-da-festa-de-padre-eustaquio-2022\/#primaryimage"},"thumbnailUrl":"https:\/\/www.padreeustaquio.com.br\/wp-content\/uploads\/2022\/09\/Festa-dia-30-scaled.jpg","articleSection":["Not\u00edcias"],"inLanguage":"es","potentialAction":[{"@type":"CommentAction","name":"Comment","target":["https:\/\/www.padreeustaquio.com.br\/secretariado-nacional-disponibiliza-fotos-da-festa-de-padre-eustaquio-2022\/#respond"]}]},{"@type":"WebPage","@id":"https:\/\/www.padreeustaquio.com.br\/secretariado-nacional-disponibiliza-fotos-da-festa-de-padre-eustaquio-2022\/","url":"https:\/\/www.padreeustaquio.com.br\/secretariado-nacional-disponibiliza-fotos-da-festa-de-padre-eustaquio-2022\/","name":"La Secretar\u00eda Nacional puso a disposici\u00f3n fotograf\u00edas del Festival Padre Eust\u00e1quio 2022.","isPartOf":{"@id":"https:\/\/www.padreeustaquio.com.br\/#website"},"primaryImageOfPage":{"@id":"https:\/\/www.padreeustaquio.com.br\/secretariado-nacional-disponibiliza-fotos-da-festa-de-padre-eustaquio-2022\/#primaryimage"},"image":{"@id":"https:\/\/www.padreeustaquio.com.br\/secretariado-nacional-disponibiliza-fotos-da-festa-de-padre-eustaquio-2022\/#primaryimage"},"thumbnailUrl":"https:\/\/www.padreeustaquio.com.br\/wp-content\/uploads\/2022\/09\/Festa-dia-30-scaled.jpg","datePublished":"2022-09-05T12:37:56+00:00","dateModified":"2022-09-05T13:05:39+00:00","description":"La Fiesta del Beato Padre Eustaquio de 2022, celebrada el 30 de agosto, recibi\u00f3 a m\u00e1s de 20.000 personas que visitaron el Santuario durante todo el d\u00eda. El equipo del Secretariado Nacional para la Causa de Canonizaci\u00f3n registr\u00f3 misas, homenajes, puestos, bendiciones y mucha actividad. Para que lo revisen y conserven como recuerdo, hemos publicado un enlace a continuaci\u00f3n para que puedan acceder a todo el material.","breadcrumb":{"@id":"https:\/\/www.padreeustaquio.com.br\/secretariado-nacional-disponibiliza-fotos-da-festa-de-padre-eustaquio-2022\/#breadcrumb"},"inLanguage":"es","potentialAction":[{"@type":"ReadAction","target":["https:\/\/www.padreeustaquio.com.br\/secretariado-nacional-disponibiliza-fotos-da-festa-de-padre-eustaquio-2022\/"]}]},{"@type":"ImageObject","inLanguage":"es","@id":"https:\/\/www.padreeustaquio.com.br\/secretariado-nacional-disponibiliza-fotos-da-festa-de-padre-eustaquio-2022\/#primaryimage","url":"https:\/\/www.padreeustaquio.com.br\/wp-content\/uploads\/2022\/09\/Festa-dia-30-scaled.jpg","contentUrl":"https:\/\/www.padreeustaquio.com.br\/wp-content\/uploads\/2022\/09\/Festa-dia-30-scaled.jpg","width":2560,"height":1331},{"@type":"BreadcrumbList","@id":"https:\/\/www.padreeustaquio.com.br\/secretariado-nacional-disponibiliza-fotos-da-festa-de-padre-eustaquio-2022\/#breadcrumb","itemListElement":[{"@type":"ListItem","position":1,"name":"In\u00edcio","item":"https:\/\/www.padreeustaquio.com.br\/"},{"@type":"ListItem","position":2,"name":"Secretariado Nacional disponibiliza fotos da Festa de Padre Eust\u00e1quio 2022"}]},{"@type":"WebSite","@id":"https:\/\/www.padreeustaquio.com.br\/#website","url":"https:\/\/www.padreeustaquio.com.br\/","name":"Padre Eustace","description":"Salud y Paz","publisher":{"@id":"https:\/\/www.padreeustaquio.com.br\/#organization"},"potentialAction":[{"@type":"SearchAction","target":{"@type":"EntryPoint","urlTemplate":"https:\/\/www.padreeustaquio.com.br\/?s={search_term_string}"},"query-input":{"@type":"PropertyValueSpecification","valueRequired":true,"valueName":"search_term_string"}}],"inLanguage":"es"},{"@type":"Organization","@id":"https:\/\/www.padreeustaquio.com.br\/#organization","name":"Padre Eustace","url":"https:\/\/www.padreeustaquio.com.br\/","logo":{"@type":"ImageObject","inLanguage":"es","@id":"https:\/\/www.padreeustaquio.com.br\/#\/schema\/logo\/image\/","url":"https:\/\/www.padreeustaquio.com.br\/wp-content\/uploads\/2019\/08\/marca.png","contentUrl":"https:\/\/www.padreeustaquio.com.br\/wp-content\/uploads\/2019\/08\/marca.png","width":350,"height":400,"caption":"Padre Eust\u00e1quio"},"image":{"@id":"https:\/\/www.padreeustaquio.com.br\/#\/schema\/logo\/image\/"},"sameAs":["https:\/\/www.facebook.com\/beatopadreeustaquio\/","https:\/\/x.com\/beatopeustaquio","https:\/\/www.instagram.com\/beatopadreeustaquio\/","https:\/\/www.youtube.com\/channel\/UCRhw7vfabnajwLxb1ZXMeIw"]},{"@type":"Person","@id":"https:\/\/www.padreeustaquio.com.br\/#\/schema\/person\/a2a51db1d00f1a7af0204a0f1ddb1566","name":"@sscc","image":{"@type":"ImageObject","inLanguage":"es","@id":"https:\/\/secure.gravatar.com\/avatar\/68cfafa5f44617fea54071e215026e0ff06be366c3d54a8425f04fdcb86f8c5f?s=96&d=mm&r=g","url":"https:\/\/secure.gravatar.com\/avatar\/68cfafa5f44617fea54071e215026e0ff06be366c3d54a8425f04fdcb86f8c5f?s=96&d=mm&r=g","contentUrl":"https:\/\/secure.gravatar.com\/avatar\/68cfafa5f44617fea54071e215026e0ff06be366c3d54a8425f04fdcb86f8c5f?s=96&d=mm&r=g","caption":"@sscc"},"url":"https:\/\/www.padreeustaquio.com.br\/es\/author\/sscc\/"}]}},"_links":{"self":[{"href":"https:\/\/www.padreeustaquio.com.br\/es\/wp-json\/wp\/v2\/posts\/9233","targetHints":{"allow":["GET"]}}],"collection":[{"href":"https:\/\/www.padreeustaquio.com.br\/es\/wp-json\/wp\/v2\/posts"}],"about":[{"href":"https:\/\/www.padreeustaquio.com.br\/es\/wp-json\/wp\/v2\/types\/post"}],"author":[{"embeddable":true,"href":"https:\/\/www.padreeustaquio.com.br\/es\/wp-json\/wp\/v2\/users\/2"}],"replies":[{"embeddable":true,"href":"https:\/\/www.padreeustaquio.com.br\/es\/wp-json\/wp\/v2\/comments?post=9233"}],"version-history":[{"count":0,"href":"https:\/\/www.padreeustaquio.com.br\/es\/wp-json\/wp\/v2\/posts\/9233\/revisions"}],"wp:featuredmedia":[{"embeddable":true,"href":"https:\/\/www.padreeustaquio.com.br\/es\/wp-json\/wp\/v2\/media\/9241"}],"wp:attachment":[{"href":"https:\/\/www.padreeustaquio.com.br\/es\/wp-json\/wp\/v2\/media?parent=9233"}],"wp:term":[{"taxonomy":"category","embeddable":true,"href":"https:\/\/www.padreeustaquio.com.br\/es\/wp-json\/wp\/v2\/categories?post=9233"},{"taxonomy":"post_tag","embeddable":true,"href":"https:\/\/www.padreeustaquio.com.br\/es\/wp-json\/wp\/v2\/tags?post=9233"}],"curies":[{"name":"wp","href":"https:\/\/api.w.org\/{rel}","templated":true}]}}