{"id":9221,"date":"2022-08-31T10:07:00","date_gmt":"2022-08-31T13:07:00","guid":{"rendered":"https:\/\/www.padreeustaquio.com.br\/?p=9221"},"modified":"2022-09-05T10:07:29","modified_gmt":"2022-09-05T13:07:29","slug":"fe-y-emocion-en-el-festival-del-beato-padre-eustaquio-2022","status":"publish","type":"post","link":"https:\/\/www.padreeustaquio.com.br\/es\/fe-y-emocion-en-el-festival-del-beato-padre-eustaquio-2022\/","title":{"rendered":"Fe y emoci\u00f3n en la Fiesta del Beato Padre Eustaquio 2022"},"content":{"rendered":"<p>La Fiesta del Padre Eust\u00e1quio de 2022 estuvo marcada por la fe y la emoci\u00f3n. Tras dos a\u00f1os sin poder participar en las celebraciones presenciales, los devotos del Sant\u00edsimo acudieron en masa al Santuario.<\/p>\n\n\n<div class=\"wp-block-image\">\n<figure class=\"alignleft size-medium\"><img fetchpriority=\"high\" decoding=\"async\" width=\"225\" height=\"300\" src=\"https:\/\/www.padreeustaquio.com.br\/wp-content\/uploads\/2022\/09\/Enzo-homenagem-PE-225x300.jpeg\" alt=\"\" class=\"wp-image-9222\" srcset=\"https:\/\/www.padreeustaquio.com.br\/wp-content\/uploads\/2022\/09\/Enzo-homenagem-PE-225x300.jpeg 225w, https:\/\/www.padreeustaquio.com.br\/wp-content\/uploads\/2022\/09\/Enzo-homenagem-PE-768x1024.jpeg 768w, https:\/\/www.padreeustaquio.com.br\/wp-content\/uploads\/2022\/09\/Enzo-homenagem-PE-1152x1536.jpeg 1152w, https:\/\/www.padreeustaquio.com.br\/wp-content\/uploads\/2022\/09\/Enzo-homenagem-PE.jpeg 1200w\" sizes=\"(max-width: 225px) 100vw, 225px\" \/><\/figure>\n<\/div>\n\n\n<p>El d\u00eda 30 se celebraron varias misas para complacer a todos los asistentes. En total, se oficiaron ocho misas presididas por sacerdotes de la Congregaci\u00f3n de los Sagrados Corazones; la \u00faltima, a las 19:00 h, fue la Celebraci\u00f3n Solemne que culmin\u00f3 con una procesi\u00f3n luminosa por las calles del barrio. Al regresar al Santuario, la imagen del Padre Eust\u00e1quio fue recibida por un coro formado por catec\u00famenos de la Iglesia que lleva el nombre del Beato.<\/p>\n\n\n\n<p>A lo largo del d\u00eda, aproximadamente 20.000 personas visitaron el Santuario. La emoci\u00f3n entre los fieles era palpable. Jana\u00edna Assis acudi\u00f3 con toda su familia para agradecer las bendiciones recibidas por intercesi\u00f3n del Beato. Trajo a su hijo, el peque\u00f1o Enzo, vestido como el Padre Eust\u00e1quio en se\u00f1al de agradecimiento. <em>\u201cHemos sido devotos del Beato Padre Eustace incluso antes de quedar embarazada. \u00c9l me ayud\u00f3 a concebir a Enzo, y ahora hemos recibido una bendici\u00f3n y venimos a honrarlo.\u201d<\/em>, &quot;Jana\u00edna se\u00f1al\u00f3.&quot;.<\/p>\n\n\n\n<p>Este a\u00f1o la celebraci\u00f3n cont\u00f3 con la presencia del Padre Andrzej Lukawski, ss.cc, Postulador General de la Congregaci\u00f3n, quien vino desde Roma para conocer la celebraci\u00f3n y revisar documentos relacionados con la marcha del proceso. <em>\u201cDoy gracias a Dios por permitirme participar en este proceso de canonizaci\u00f3n del Padre Eust\u00e1quio. Estoy muy feliz de estar aqu\u00ed. Agradezco al Padre Vin\u00edcius por esta oportunidad.\u201d <\/em>Andrzej habl\u00f3 al inicio de su discurso durante la solemne celebraci\u00f3n de las 19:00. El postulador tambi\u00e9n afirm\u00f3 que cree que el proceso est\u00e1 pr\u00f3ximo a la canonizaci\u00f3n y que, en particular, cree que no tardar\u00e1 mucho m\u00e1s.<\/p>\n\n\n\n<p>Despu\u00e9s de algunos a\u00f1os fuera de Belo Horizonte, tambi\u00e9n estuvo presente en la celebraci\u00f3n Will van den Boomen, sobrino del Beato Padre Eustaquio, venido de Holanda. <em>\u201cMe siento muy feliz de estar aqu\u00ed de nuevo, cerca de mi querido t\u00edo, el Padre Eust\u00e1quio. Me conmueven profundamente los actos y la presencia de un pueblo tan religioso y espiritual gracias al Padre Eust\u00e1quio.\u201d<\/em>.<\/p>\n\n\n<div class=\"wp-block-image\">\n<figure class=\"alignright size-medium is-resized\"><img decoding=\"async\" src=\"https:\/\/www.padreeustaquio.com.br\/wp-content\/uploads\/2022\/09\/Fieis-velas-memorial-2022-300x225.jpeg\" alt=\"\" class=\"wp-image-9223\" width=\"317\" height=\"238\" srcset=\"https:\/\/www.padreeustaquio.com.br\/wp-content\/uploads\/2022\/09\/Fieis-velas-memorial-2022-300x225.jpeg 300w, https:\/\/www.padreeustaquio.com.br\/wp-content\/uploads\/2022\/09\/Fieis-velas-memorial-2022-1024x768.jpeg 1024w, https:\/\/www.padreeustaquio.com.br\/wp-content\/uploads\/2022\/09\/Fieis-velas-memorial-2022-768x576.jpeg 768w, https:\/\/www.padreeustaquio.com.br\/wp-content\/uploads\/2022\/09\/Fieis-velas-memorial-2022-1536x1152.jpeg 1536w, https:\/\/www.padreeustaquio.com.br\/wp-content\/uploads\/2022\/09\/Fieis-velas-memorial-2022-180x135.jpeg 180w, https:\/\/www.padreeustaquio.com.br\/wp-content\/uploads\/2022\/09\/Fieis-velas-memorial-2022-400x300.jpeg 400w, https:\/\/www.padreeustaquio.com.br\/wp-content\/uploads\/2022\/09\/Fieis-velas-memorial-2022-600x450.jpeg 600w, https:\/\/www.padreeustaquio.com.br\/wp-content\/uploads\/2022\/09\/Fieis-velas-memorial-2022-800x600.jpeg 800w, https:\/\/www.padreeustaquio.com.br\/wp-content\/uploads\/2022\/09\/Fieis-velas-memorial-2022-1200x900.jpeg 1200w, https:\/\/www.padreeustaquio.com.br\/wp-content\/uploads\/2022\/09\/Fieis-velas-memorial-2022.jpeg 1600w\" sizes=\"(max-width: 317px) 100vw, 317px\" \/><\/figure>\n<\/div>\n\n\n<p>Para el Padre Vin\u00edcius Maciel, ss.cc, vicepostulador de la Causa de Canonizaci\u00f3n del Beato Padre Eustaquio y rector del Santuario de la Salud y la Paz, fue una alegr\u00eda recibir nuevamente a los devotos del Beato durante esta celebraci\u00f3n tan importante. <em>\u201cEstamos todos encantados de poder celebrar esta festividad despu\u00e9s de dos a\u00f1os. En esta misa, queremos recordar con gran cari\u00f1o a todos y cada uno de ustedes, quienes durante meses han cuidado cada detalle para que este d\u00eda se desarrollara con tanta belleza, orden y cuidado en todos los aspectos.<\/em><\/p>\n\n\n\n<p>Este a\u00f1o, la Fiesta del Padre Eustaquio incluy\u00f3 una nueva incorporaci\u00f3n: la Sala de los Milagros, donde se pudieron apreciar algunas de las gracias obtenidas por intercesi\u00f3n del Beato. Los voluntarios tambi\u00e9n recibieron testimonios de personas que hab\u00edan sido bendecidas por la intercesi\u00f3n del Padre Eustaquio.<\/p>\n\n\n\n<p>El festival tambi\u00e9n cont\u00f3 con los puestos de comida tradicionales, esta vez solo en el estacionamiento de la iglesia. Los asistentes pudieron disfrutar de platillos que ya son un \u00e9xito en los festivales del Santuario de la Salud y la Paz, adem\u00e1s de visitar el bazar de las Damas de la Caridad, tambi\u00e9n una tradici\u00f3n del evento.<\/p>\n\n\n\n<p>Todo el dinero recaudado en la fiesta del Padre Eustaquio se divide en tres partes: para los pobres, a trav\u00e9s del trabajo de las Damas de la Caridad; para la Parroquia Sagrados Corazones, que se encarga del mantenimiento del Santuario; y para la Causa de Canonizaci\u00f3n, que supervisa el proceso del Beato Padre Eustaquio.<\/p>\n\n\n\n<p><\/p>","protected":false},"excerpt":{"rendered":"<p>Muita f\u00e9 e emo\u00e7\u00e3o marcam a Festa do Padre Eust\u00e1quio 2022. Depois de dois anos sem poder participar das celebra\u00e7\u00f5es de modo presencial, os devotos do Beato compareceram em grande n\u00famero ao Santu\u00e1rio. O dia 30 foi marcado por v\u00e1rias celebra\u00e7\u00f5es para atender todas as pessoas que compareceram ao local. Ao todo foram oito missas presididas por padres da Congrega\u00e7\u00e3o dos Sagrados Cora\u00e7\u00f5es, sendo a \u00faltima, \u00e0s 19h, a Celebra\u00e7\u00e3o Solene que terminou com uma prociss\u00e3o luminosa pelas ruas do bairro. No retorno para o Santu\u00e1rio, a imagem do Padre Eust\u00e1quio foi recebida por um coral formado por catequizandos da [&hellip;]<\/p>\n","protected":false},"author":2,"featured_media":9224,"comment_status":"open","ping_status":"closed","sticky":false,"template":"","format":"standard","meta":{"_acf_changed":false,"footnotes":""},"categories":[611],"tags":[],"class_list":["post-9221","post","type-post","status-publish","format-standard","has-post-thumbnail","hentry","category-noticias"],"acf":[],"yoast_head":"<!-- This site is optimized with the Yoast SEO plugin v27.2 - https:\/\/yoast.com\/product\/yoast-seo-wordpress\/ -->\n<title>F\u00e9 e emo\u00e7\u00e3o na Festa do Beato Padre Eust\u00e1quio 2022<\/title>\n<meta name=\"description\" content=\"Muita f\u00e9 e emo\u00e7\u00e3o marcam a Festa do Padre Eust\u00e1quio 2022. Depois de dois anos sem poder participar das celebra\u00e7\u00f5es de modo presencial, os devotos do Beato compareceram em grande n\u00famero ao Santu\u00e1rio.\" \/>\n<meta name=\"robots\" content=\"index, follow, max-snippet:-1, max-image-preview:large, max-video-preview:-1\" \/>\n<link rel=\"canonical\" href=\"https:\/\/www.padreeustaquio.com.br\/es\/fe-y-emocion-en-el-festival-del-beato-padre-eustaquio-2022\/\" \/>\n<meta property=\"og:locale\" content=\"es_ES\" \/>\n<meta property=\"og:type\" content=\"article\" \/>\n<meta property=\"og:title\" content=\"F\u00e9 e emo\u00e7\u00e3o na Festa do Beato Padre Eust\u00e1quio 2022\" \/>\n<meta property=\"og:description\" content=\"Muita f\u00e9 e emo\u00e7\u00e3o marcam a Festa do Padre Eust\u00e1quio 2022. Depois de dois anos sem poder participar das celebra\u00e7\u00f5es de modo presencial, os devotos do Beato compareceram em grande n\u00famero ao Santu\u00e1rio.\" \/>\n<meta property=\"og:url\" content=\"https:\/\/www.padreeustaquio.com.br\/es\/fe-y-emocion-en-el-festival-del-beato-padre-eustaquio-2022\/\" \/>\n<meta property=\"og:site_name\" content=\"Padre Eust\u00e1quio\" \/>\n<meta property=\"article:publisher\" content=\"https:\/\/www.facebook.com\/beatopadreeustaquio\/\" \/>\n<meta property=\"article:published_time\" content=\"2022-08-31T13:07:00+00:00\" \/>\n<meta property=\"article:modified_time\" content=\"2022-09-05T13:07:29+00:00\" \/>\n<meta property=\"og:image\" content=\"https:\/\/www.padreeustaquio.com.br\/wp-content\/uploads\/2022\/09\/Festa-de-PE-2022.jpeg\" \/>\n\t<meta property=\"og:image:width\" content=\"1600\" \/>\n\t<meta property=\"og:image:height\" content=\"1200\" \/>\n\t<meta property=\"og:image:type\" content=\"image\/jpeg\" \/>\n<meta name=\"author\" content=\"@sscc\" \/>\n<meta name=\"twitter:card\" content=\"summary_large_image\" \/>\n<meta name=\"twitter:creator\" content=\"@beatopeustaquio\" \/>\n<meta name=\"twitter:site\" content=\"@beatopeustaquio\" \/>\n<meta name=\"twitter:label1\" content=\"Escrito por\" \/>\n\t<meta name=\"twitter:data1\" content=\"@sscc\" \/>\n\t<meta name=\"twitter:label2\" content=\"Tiempo de lectura\" \/>\n\t<meta name=\"twitter:data2\" content=\"3 minutos\" \/>\n<script type=\"application\/ld+json\" class=\"yoast-schema-graph\">{\"@context\":\"https:\/\/schema.org\",\"@graph\":[{\"@type\":\"Article\",\"@id\":\"https:\/\/www.padreeustaquio.com.br\/fe-e-emocao-na-festa-do-beato-padre-eustaquio-2022\/#article\",\"isPartOf\":{\"@id\":\"https:\/\/www.padreeustaquio.com.br\/fe-e-emocao-na-festa-do-beato-padre-eustaquio-2022\/\"},\"author\":{\"name\":\"@sscc\",\"@id\":\"https:\/\/www.padreeustaquio.com.br\/#\/schema\/person\/a2a51db1d00f1a7af0204a0f1ddb1566\"},\"headline\":\"F\u00e9 e emo\u00e7\u00e3o na Festa do Beato Padre Eust\u00e1quio 2022\",\"datePublished\":\"2022-08-31T13:07:00+00:00\",\"dateModified\":\"2022-09-05T13:07:29+00:00\",\"mainEntityOfPage\":{\"@id\":\"https:\/\/www.padreeustaquio.com.br\/fe-e-emocao-na-festa-do-beato-padre-eustaquio-2022\/\"},\"wordCount\":652,\"commentCount\":0,\"publisher\":{\"@id\":\"https:\/\/www.padreeustaquio.com.br\/#organization\"},\"image\":{\"@id\":\"https:\/\/www.padreeustaquio.com.br\/fe-e-emocao-na-festa-do-beato-padre-eustaquio-2022\/#primaryimage\"},\"thumbnailUrl\":\"https:\/\/www.padreeustaquio.com.br\/wp-content\/uploads\/2022\/09\/Festa-de-PE-2022.jpeg\",\"articleSection\":[\"Not\u00edcias\"],\"inLanguage\":\"es\",\"potentialAction\":[{\"@type\":\"CommentAction\",\"name\":\"Comment\",\"target\":[\"https:\/\/www.padreeustaquio.com.br\/fe-e-emocao-na-festa-do-beato-padre-eustaquio-2022\/#respond\"]}]},{\"@type\":\"WebPage\",\"@id\":\"https:\/\/www.padreeustaquio.com.br\/fe-e-emocao-na-festa-do-beato-padre-eustaquio-2022\/\",\"url\":\"https:\/\/www.padreeustaquio.com.br\/fe-e-emocao-na-festa-do-beato-padre-eustaquio-2022\/\",\"name\":\"F\u00e9 e emo\u00e7\u00e3o na Festa do Beato Padre Eust\u00e1quio 2022\",\"isPartOf\":{\"@id\":\"https:\/\/www.padreeustaquio.com.br\/#website\"},\"primaryImageOfPage\":{\"@id\":\"https:\/\/www.padreeustaquio.com.br\/fe-e-emocao-na-festa-do-beato-padre-eustaquio-2022\/#primaryimage\"},\"image\":{\"@id\":\"https:\/\/www.padreeustaquio.com.br\/fe-e-emocao-na-festa-do-beato-padre-eustaquio-2022\/#primaryimage\"},\"thumbnailUrl\":\"https:\/\/www.padreeustaquio.com.br\/wp-content\/uploads\/2022\/09\/Festa-de-PE-2022.jpeg\",\"datePublished\":\"2022-08-31T13:07:00+00:00\",\"dateModified\":\"2022-09-05T13:07:29+00:00\",\"description\":\"Muita f\u00e9 e emo\u00e7\u00e3o marcam a Festa do Padre Eust\u00e1quio 2022. Depois de dois anos sem poder participar das celebra\u00e7\u00f5es de modo presencial, os devotos do Beato compareceram em grande n\u00famero ao Santu\u00e1rio.\",\"breadcrumb\":{\"@id\":\"https:\/\/www.padreeustaquio.com.br\/fe-e-emocao-na-festa-do-beato-padre-eustaquio-2022\/#breadcrumb\"},\"inLanguage\":\"es\",\"potentialAction\":[{\"@type\":\"ReadAction\",\"target\":[\"https:\/\/www.padreeustaquio.com.br\/fe-e-emocao-na-festa-do-beato-padre-eustaquio-2022\/\"]}]},{\"@type\":\"ImageObject\",\"inLanguage\":\"es\",\"@id\":\"https:\/\/www.padreeustaquio.com.br\/fe-e-emocao-na-festa-do-beato-padre-eustaquio-2022\/#primaryimage\",\"url\":\"https:\/\/www.padreeustaquio.com.br\/wp-content\/uploads\/2022\/09\/Festa-de-PE-2022.jpeg\",\"contentUrl\":\"https:\/\/www.padreeustaquio.com.br\/wp-content\/uploads\/2022\/09\/Festa-de-PE-2022.jpeg\",\"width\":1600,\"height\":1200},{\"@type\":\"BreadcrumbList\",\"@id\":\"https:\/\/www.padreeustaquio.com.br\/fe-e-emocao-na-festa-do-beato-padre-eustaquio-2022\/#breadcrumb\",\"itemListElement\":[{\"@type\":\"ListItem\",\"position\":1,\"name\":\"In\u00edcio\",\"item\":\"https:\/\/www.padreeustaquio.com.br\/\"},{\"@type\":\"ListItem\",\"position\":2,\"name\":\"F\u00e9 e emo\u00e7\u00e3o na Festa do Beato Padre Eust\u00e1quio 2022\"}]},{\"@type\":\"WebSite\",\"@id\":\"https:\/\/www.padreeustaquio.com.br\/#website\",\"url\":\"https:\/\/www.padreeustaquio.com.br\/\",\"name\":\"Padre Eust\u00e1quio\",\"description\":\"Sa\u00fade e Paz\",\"publisher\":{\"@id\":\"https:\/\/www.padreeustaquio.com.br\/#organization\"},\"potentialAction\":[{\"@type\":\"SearchAction\",\"target\":{\"@type\":\"EntryPoint\",\"urlTemplate\":\"https:\/\/www.padreeustaquio.com.br\/?s={search_term_string}\"},\"query-input\":{\"@type\":\"PropertyValueSpecification\",\"valueRequired\":true,\"valueName\":\"search_term_string\"}}],\"inLanguage\":\"es\"},{\"@type\":\"Organization\",\"@id\":\"https:\/\/www.padreeustaquio.com.br\/#organization\",\"name\":\"Padre Eust\u00e1quio\",\"url\":\"https:\/\/www.padreeustaquio.com.br\/\",\"logo\":{\"@type\":\"ImageObject\",\"inLanguage\":\"es\",\"@id\":\"https:\/\/www.padreeustaquio.com.br\/#\/schema\/logo\/image\/\",\"url\":\"https:\/\/www.padreeustaquio.com.br\/wp-content\/uploads\/2019\/08\/marca.png\",\"contentUrl\":\"https:\/\/www.padreeustaquio.com.br\/wp-content\/uploads\/2019\/08\/marca.png\",\"width\":350,\"height\":400,\"caption\":\"Padre Eust\u00e1quio\"},\"image\":{\"@id\":\"https:\/\/www.padreeustaquio.com.br\/#\/schema\/logo\/image\/\"},\"sameAs\":[\"https:\/\/www.facebook.com\/beatopadreeustaquio\/\",\"https:\/\/x.com\/beatopeustaquio\",\"https:\/\/www.instagram.com\/beatopadreeustaquio\/\",\"https:\/\/www.youtube.com\/channel\/UCRhw7vfabnajwLxb1ZXMeIw\"]},{\"@type\":\"Person\",\"@id\":\"https:\/\/www.padreeustaquio.com.br\/#\/schema\/person\/a2a51db1d00f1a7af0204a0f1ddb1566\",\"name\":\"@sscc\",\"image\":{\"@type\":\"ImageObject\",\"inLanguage\":\"es\",\"@id\":\"https:\/\/secure.gravatar.com\/avatar\/68cfafa5f44617fea54071e215026e0ff06be366c3d54a8425f04fdcb86f8c5f?s=96&d=mm&r=g\",\"url\":\"https:\/\/secure.gravatar.com\/avatar\/68cfafa5f44617fea54071e215026e0ff06be366c3d54a8425f04fdcb86f8c5f?s=96&d=mm&r=g\",\"contentUrl\":\"https:\/\/secure.gravatar.com\/avatar\/68cfafa5f44617fea54071e215026e0ff06be366c3d54a8425f04fdcb86f8c5f?s=96&d=mm&r=g\",\"caption\":\"@sscc\"},\"url\":\"https:\/\/www.padreeustaquio.com.br\/es\/author\/sscc\/\"}]}<\/script>\n<!-- \/ Yoast SEO plugin. -->","yoast_head_json":{"title":"Fe y emoci\u00f3n en la Fiesta del Beato Padre Eustaquio 2022","description":"La Fiesta del Padre Eust\u00e1quio de 2022 estuvo marcada por la fe y la emoci\u00f3n. Tras dos a\u00f1os sin poder participar en las celebraciones presenciales, los devotos del Sant\u00edsimo acudieron en masa al Santuario.","robots":{"index":"index","follow":"follow","max-snippet":"max-snippet:-1","max-image-preview":"max-image-preview:large","max-video-preview":"max-video-preview:-1"},"canonical":"https:\/\/www.padreeustaquio.com.br\/es\/fe-y-emocion-en-el-festival-del-beato-padre-eustaquio-2022\/","og_locale":"es_ES","og_type":"article","og_title":"F\u00e9 e emo\u00e7\u00e3o na Festa do Beato Padre Eust\u00e1quio 2022","og_description":"Muita f\u00e9 e emo\u00e7\u00e3o marcam a Festa do Padre Eust\u00e1quio 2022. Depois de dois anos sem poder participar das celebra\u00e7\u00f5es de modo presencial, os devotos do Beato compareceram em grande n\u00famero ao Santu\u00e1rio.","og_url":"https:\/\/www.padreeustaquio.com.br\/es\/fe-y-emocion-en-el-festival-del-beato-padre-eustaquio-2022\/","og_site_name":"Padre Eust\u00e1quio","article_publisher":"https:\/\/www.facebook.com\/beatopadreeustaquio\/","article_published_time":"2022-08-31T13:07:00+00:00","article_modified_time":"2022-09-05T13:07:29+00:00","og_image":[{"width":1600,"height":1200,"url":"https:\/\/www.padreeustaquio.com.br\/wp-content\/uploads\/2022\/09\/Festa-de-PE-2022.jpeg","type":"image\/jpeg"}],"author":"@sscc","twitter_card":"summary_large_image","twitter_creator":"@beatopeustaquio","twitter_site":"@beatopeustaquio","twitter_misc":{"Escrito por":"@sscc","Tiempo de lectura":"3 minutos"},"schema":{"@context":"https:\/\/schema.org","@graph":[{"@type":"Article","@id":"https:\/\/www.padreeustaquio.com.br\/fe-e-emocao-na-festa-do-beato-padre-eustaquio-2022\/#article","isPartOf":{"@id":"https:\/\/www.padreeustaquio.com.br\/fe-e-emocao-na-festa-do-beato-padre-eustaquio-2022\/"},"author":{"name":"@sscc","@id":"https:\/\/www.padreeustaquio.com.br\/#\/schema\/person\/a2a51db1d00f1a7af0204a0f1ddb1566"},"headline":"F\u00e9 e emo\u00e7\u00e3o na Festa do Beato Padre Eust\u00e1quio 2022","datePublished":"2022-08-31T13:07:00+00:00","dateModified":"2022-09-05T13:07:29+00:00","mainEntityOfPage":{"@id":"https:\/\/www.padreeustaquio.com.br\/fe-e-emocao-na-festa-do-beato-padre-eustaquio-2022\/"},"wordCount":652,"commentCount":0,"publisher":{"@id":"https:\/\/www.padreeustaquio.com.br\/#organization"},"image":{"@id":"https:\/\/www.padreeustaquio.com.br\/fe-e-emocao-na-festa-do-beato-padre-eustaquio-2022\/#primaryimage"},"thumbnailUrl":"https:\/\/www.padreeustaquio.com.br\/wp-content\/uploads\/2022\/09\/Festa-de-PE-2022.jpeg","articleSection":["Not\u00edcias"],"inLanguage":"es","potentialAction":[{"@type":"CommentAction","name":"Comment","target":["https:\/\/www.padreeustaquio.com.br\/fe-e-emocao-na-festa-do-beato-padre-eustaquio-2022\/#respond"]}]},{"@type":"WebPage","@id":"https:\/\/www.padreeustaquio.com.br\/fe-e-emocao-na-festa-do-beato-padre-eustaquio-2022\/","url":"https:\/\/www.padreeustaquio.com.br\/fe-e-emocao-na-festa-do-beato-padre-eustaquio-2022\/","name":"Fe y emoci\u00f3n en la Fiesta del Beato Padre Eustaquio 2022","isPartOf":{"@id":"https:\/\/www.padreeustaquio.com.br\/#website"},"primaryImageOfPage":{"@id":"https:\/\/www.padreeustaquio.com.br\/fe-e-emocao-na-festa-do-beato-padre-eustaquio-2022\/#primaryimage"},"image":{"@id":"https:\/\/www.padreeustaquio.com.br\/fe-e-emocao-na-festa-do-beato-padre-eustaquio-2022\/#primaryimage"},"thumbnailUrl":"https:\/\/www.padreeustaquio.com.br\/wp-content\/uploads\/2022\/09\/Festa-de-PE-2022.jpeg","datePublished":"2022-08-31T13:07:00+00:00","dateModified":"2022-09-05T13:07:29+00:00","description":"La Fiesta del Padre Eust\u00e1quio de 2022 estuvo marcada por la fe y la emoci\u00f3n. Tras dos a\u00f1os sin poder participar en las celebraciones presenciales, los devotos del Sant\u00edsimo acudieron en masa al Santuario.","breadcrumb":{"@id":"https:\/\/www.padreeustaquio.com.br\/fe-e-emocao-na-festa-do-beato-padre-eustaquio-2022\/#breadcrumb"},"inLanguage":"es","potentialAction":[{"@type":"ReadAction","target":["https:\/\/www.padreeustaquio.com.br\/fe-e-emocao-na-festa-do-beato-padre-eustaquio-2022\/"]}]},{"@type":"ImageObject","inLanguage":"es","@id":"https:\/\/www.padreeustaquio.com.br\/fe-e-emocao-na-festa-do-beato-padre-eustaquio-2022\/#primaryimage","url":"https:\/\/www.padreeustaquio.com.br\/wp-content\/uploads\/2022\/09\/Festa-de-PE-2022.jpeg","contentUrl":"https:\/\/www.padreeustaquio.com.br\/wp-content\/uploads\/2022\/09\/Festa-de-PE-2022.jpeg","width":1600,"height":1200},{"@type":"BreadcrumbList","@id":"https:\/\/www.padreeustaquio.com.br\/fe-e-emocao-na-festa-do-beato-padre-eustaquio-2022\/#breadcrumb","itemListElement":[{"@type":"ListItem","position":1,"name":"In\u00edcio","item":"https:\/\/www.padreeustaquio.com.br\/"},{"@type":"ListItem","position":2,"name":"F\u00e9 e emo\u00e7\u00e3o na Festa do Beato Padre Eust\u00e1quio 2022"}]},{"@type":"WebSite","@id":"https:\/\/www.padreeustaquio.com.br\/#website","url":"https:\/\/www.padreeustaquio.com.br\/","name":"Padre Eustace","description":"Salud y Paz","publisher":{"@id":"https:\/\/www.padreeustaquio.com.br\/#organization"},"potentialAction":[{"@type":"SearchAction","target":{"@type":"EntryPoint","urlTemplate":"https:\/\/www.padreeustaquio.com.br\/?s={search_term_string}"},"query-input":{"@type":"PropertyValueSpecification","valueRequired":true,"valueName":"search_term_string"}}],"inLanguage":"es"},{"@type":"Organization","@id":"https:\/\/www.padreeustaquio.com.br\/#organization","name":"Padre Eustace","url":"https:\/\/www.padreeustaquio.com.br\/","logo":{"@type":"ImageObject","inLanguage":"es","@id":"https:\/\/www.padreeustaquio.com.br\/#\/schema\/logo\/image\/","url":"https:\/\/www.padreeustaquio.com.br\/wp-content\/uploads\/2019\/08\/marca.png","contentUrl":"https:\/\/www.padreeustaquio.com.br\/wp-content\/uploads\/2019\/08\/marca.png","width":350,"height":400,"caption":"Padre Eust\u00e1quio"},"image":{"@id":"https:\/\/www.padreeustaquio.com.br\/#\/schema\/logo\/image\/"},"sameAs":["https:\/\/www.facebook.com\/beatopadreeustaquio\/","https:\/\/x.com\/beatopeustaquio","https:\/\/www.instagram.com\/beatopadreeustaquio\/","https:\/\/www.youtube.com\/channel\/UCRhw7vfabnajwLxb1ZXMeIw"]},{"@type":"Person","@id":"https:\/\/www.padreeustaquio.com.br\/#\/schema\/person\/a2a51db1d00f1a7af0204a0f1ddb1566","name":"@sscc","image":{"@type":"ImageObject","inLanguage":"es","@id":"https:\/\/secure.gravatar.com\/avatar\/68cfafa5f44617fea54071e215026e0ff06be366c3d54a8425f04fdcb86f8c5f?s=96&d=mm&r=g","url":"https:\/\/secure.gravatar.com\/avatar\/68cfafa5f44617fea54071e215026e0ff06be366c3d54a8425f04fdcb86f8c5f?s=96&d=mm&r=g","contentUrl":"https:\/\/secure.gravatar.com\/avatar\/68cfafa5f44617fea54071e215026e0ff06be366c3d54a8425f04fdcb86f8c5f?s=96&d=mm&r=g","caption":"@sscc"},"url":"https:\/\/www.padreeustaquio.com.br\/es\/author\/sscc\/"}]}},"_links":{"self":[{"href":"https:\/\/www.padreeustaquio.com.br\/es\/wp-json\/wp\/v2\/posts\/9221","targetHints":{"allow":["GET"]}}],"collection":[{"href":"https:\/\/www.padreeustaquio.com.br\/es\/wp-json\/wp\/v2\/posts"}],"about":[{"href":"https:\/\/www.padreeustaquio.com.br\/es\/wp-json\/wp\/v2\/types\/post"}],"author":[{"embeddable":true,"href":"https:\/\/www.padreeustaquio.com.br\/es\/wp-json\/wp\/v2\/users\/2"}],"replies":[{"embeddable":true,"href":"https:\/\/www.padreeustaquio.com.br\/es\/wp-json\/wp\/v2\/comments?post=9221"}],"version-history":[{"count":0,"href":"https:\/\/www.padreeustaquio.com.br\/es\/wp-json\/wp\/v2\/posts\/9221\/revisions"}],"wp:featuredmedia":[{"embeddable":true,"href":"https:\/\/www.padreeustaquio.com.br\/es\/wp-json\/wp\/v2\/media\/9224"}],"wp:attachment":[{"href":"https:\/\/www.padreeustaquio.com.br\/es\/wp-json\/wp\/v2\/media?parent=9221"}],"wp:term":[{"taxonomy":"category","embeddable":true,"href":"https:\/\/www.padreeustaquio.com.br\/es\/wp-json\/wp\/v2\/categories?post=9221"},{"taxonomy":"post_tag","embeddable":true,"href":"https:\/\/www.padreeustaquio.com.br\/es\/wp-json\/wp\/v2\/tags?post=9221"}],"curies":[{"name":"wp","href":"https:\/\/api.w.org\/{rel}","templated":true}]}}