{"id":9202,"date":"2022-08-29T08:48:37","date_gmt":"2022-08-29T11:48:37","guid":{"rendered":"https:\/\/www.padreeustaquio.com.br\/?p=9202"},"modified":"2022-08-29T08:55:05","modified_gmt":"2022-08-29T11:55:05","slug":"el-hermano-wanderson-ss-cc-sera-ordenado-diacono-en-belo-horizonte","status":"publish","type":"post","link":"https:\/\/www.padreeustaquio.com.br\/es\/el-hermano-wanderson-ss-cc-sera-ordenado-diacono-en-belo-horizonte\/","title":{"rendered":"El hermano Wanderson, SS.CC., ser\u00e1 ordenado di\u00e1cono en Belo Horizonte."},"content":{"rendered":"<p>El Hermano Wanderson de Souza Alves, ss.cc., ser\u00e1 ordenado di\u00e1cono este lunes 29 de agosto por la tarde. La ceremonia tendr\u00e1 lugar durante la Santa Misa a las 19:00 h, coincidiendo con el 9.\u00ba d\u00eda de la Novena al Beato Padre Eustaquio, en el Santuario Arquidiocesano de Salud y Paz en Belo Horizonte, Minas Gerais.<\/p>\n\n\n\n<p>La Eucarist\u00eda ser\u00e1 presidida por Dom Alo\u00edsio Jorge Pena Vitral, Obispo Em\u00e9rito de la Di\u00f3cesis de Sete Lagoas-MG. Se espera que hermanos y hermanas de la Congregaci\u00f3n, provenientes de diversas partes del pa\u00eds, participen en la ordenaci\u00f3n en la capital de Minas Gerais, adem\u00e1s de la comunidad parroquial. La ceremonia completa tambi\u00e9n podr\u00e1 seguirse a distancia a trav\u00e9s del Canal Padre Eust\u00e1quio en YouTube.<a href=\"https:\/\/www.youtube.com\/watch?v=7NmYqJtWd5M\" target=\"_blank\" rel=\"noreferrer noopener\">SIGUE AQU\u00cd<\/a>). <\/p>\n\n\n\n<p>Despu\u00e9s de su ordenaci\u00f3n, el hermano Wanderson participar\u00e1 de las celebraciones del D\u00eda del Padre Eust\u00e1quio en Belo Horizonte y, al d\u00eda siguiente, ser\u00e1 enviado a su nueva misi\u00f3n en la ciudad de Patroc\u00ednio, en la regi\u00f3n del Alto Parana\u00edba, Minas Gerais.<\/p>\n\n\n\n<p><strong>Hermano Wanderson, SSCC<\/strong><\/p>\n\n\n\n<p>Wanderson de Souza Alves naci\u00f3 en la ciudad de R\u00edo de Janeiro el 14 de abril de 1993. Hijo de<br>Francisco Carlos Alves y Sheila Gama de Souza Alves (In memoriam). Se uni\u00f3 a la Congregaci\u00f3n en 2012. Complet\u00f3 su noviciado en 2015 en Cerrillos de Curacav\u00ed, Chile, e hizo sus primeros votos el 17 de enero de 2016 en la Parroquia Nossa Senhora do Desterro, Campo Grande, RJ. Desde 2019 reside en<br>Es miembro de la comunidad religiosa del Santuario de la Salud y la Paz, donde trabaja pastoralmente. Hizo su profesi\u00f3n perpetua el 16 de enero de 2021 en el Santuario de la Salud y la Paz de Belo Horizonte. Complet\u00f3 sus estudios de Teolog\u00eda en 2021 en la Facultad Jesuita.<\/p>\n\n\n\n<p><\/p>","protected":false},"excerpt":{"rendered":"<p>O irm\u00e3o Wanderson de Souza Alves, ss.cc., ser\u00e1 ordenado di\u00e1cono na noite desta segunda-feira, dia 29 de agosto. A cerim\u00f4nia acontece durante a Celebra\u00e7\u00e3o da Santa Missa, \u00e0s 19h, junto com o 9\u00ba Dia da Novena ao Bem-Aventurado Padre Eust\u00e1quio, no Santu\u00e1rio Arquidiocesano da Sa\u00fade e da Paz, em Belo Horizonte-MG. A Eucaristia ser\u00e1 presidida por Dom Alo\u00edsio Jorge Pena Vitral, bispo em\u00e9rito da Diocese de Sete Lagoas-MG. A expectativa \u00e9 de que irm\u00e3os da Congrega\u00e7\u00e3o, vindos de v\u00e1rias partes do pa\u00eds, participem da ordena\u00e7\u00e3o na capital mineira, al\u00e9m da comunidade paroquial. Toda a cerim\u00f4nia poder\u00e1 ser acompanhada tamb\u00e9m de [&hellip;]<\/p>\n","protected":false},"author":2,"featured_media":9203,"comment_status":"open","ping_status":"closed","sticky":false,"template":"","format":"standard","meta":{"_acf_changed":false,"footnotes":""},"categories":[611],"tags":[],"class_list":["post-9202","post","type-post","status-publish","format-standard","has-post-thumbnail","hentry","category-noticias"],"acf":[],"yoast_head":"<!-- This site is optimized with the Yoast SEO plugin v27.2 - https:\/\/yoast.com\/product\/yoast-seo-wordpress\/ -->\n<title>Irm\u00e3o Wanderson, SS.CC., ser\u00e1 ordenado Di\u00e1cono em Belo Horizonte<\/title>\n<meta name=\"description\" content=\"O irm\u00e3o Wanderson de Souza Alves, ss.cc., ser\u00e1 ordenado di\u00e1cono na noite desta segunda-feira, dia 29 de agosto. A cerim\u00f4nia acontece durante a Celebra\u00e7\u00e3o da Santa Missa, \u00e0s 19h, junto com o 9\u00ba Dia da Novena ao Bem-Aventurado Padre Eust\u00e1quio, no Santu\u00e1rio Arquidiocesano da Sa\u00fade e da Paz, em Belo Horizonte-MG.\" \/>\n<meta name=\"robots\" content=\"index, follow, max-snippet:-1, max-image-preview:large, max-video-preview:-1\" \/>\n<link rel=\"canonical\" href=\"https:\/\/www.padreeustaquio.com.br\/es\/el-hermano-wanderson-ss-cc-sera-ordenado-diacono-en-belo-horizonte\/\" \/>\n<meta property=\"og:locale\" content=\"es_ES\" \/>\n<meta property=\"og:type\" content=\"article\" \/>\n<meta property=\"og:title\" content=\"Irm\u00e3o Wanderson, SS.CC., ser\u00e1 ordenado Di\u00e1cono em Belo Horizonte\" \/>\n<meta property=\"og:description\" content=\"O irm\u00e3o Wanderson de Souza Alves, ss.cc., ser\u00e1 ordenado di\u00e1cono na noite desta segunda-feira, dia 29 de agosto. A cerim\u00f4nia acontece durante a Celebra\u00e7\u00e3o da Santa Missa, \u00e0s 19h, junto com o 9\u00ba Dia da Novena ao Bem-Aventurado Padre Eust\u00e1quio, no Santu\u00e1rio Arquidiocesano da Sa\u00fade e da Paz, em Belo Horizonte-MG.\" \/>\n<meta property=\"og:url\" content=\"https:\/\/www.padreeustaquio.com.br\/es\/el-hermano-wanderson-ss-cc-sera-ordenado-diacono-en-belo-horizonte\/\" \/>\n<meta property=\"og:site_name\" content=\"Padre Eust\u00e1quio\" \/>\n<meta property=\"article:publisher\" content=\"https:\/\/www.facebook.com\/beatopadreeustaquio\/\" \/>\n<meta property=\"article:published_time\" content=\"2022-08-29T11:48:37+00:00\" \/>\n<meta property=\"article:modified_time\" content=\"2022-08-29T11:55:05+00:00\" \/>\n<meta property=\"og:image\" content=\"https:\/\/www.padreeustaquio.com.br\/wp-content\/uploads\/2022\/08\/Ir.-Wanderson-Souza-Alves-e1661774079760.jpeg\" \/>\n\t<meta property=\"og:image:width\" content=\"1200\" \/>\n\t<meta property=\"og:image:height\" content=\"600\" \/>\n\t<meta property=\"og:image:type\" content=\"image\/jpeg\" \/>\n<meta name=\"author\" content=\"@sscc\" \/>\n<meta name=\"twitter:card\" content=\"summary_large_image\" \/>\n<meta name=\"twitter:image\" content=\"https:\/\/www.padreeustaquio.com.br\/wp-content\/uploads\/2022\/08\/Ir.-Wanderson-Souza-Alves-e1661774079760.jpeg\" \/>\n<meta name=\"twitter:creator\" content=\"@beatopeustaquio\" \/>\n<meta name=\"twitter:site\" content=\"@beatopeustaquio\" \/>\n<meta name=\"twitter:label1\" content=\"Escrito por\" \/>\n\t<meta name=\"twitter:data1\" content=\"@sscc\" \/>\n\t<meta name=\"twitter:label2\" content=\"Tiempo de lectura\" \/>\n\t<meta name=\"twitter:data2\" content=\"2 minutos\" \/>\n<script type=\"application\/ld+json\" class=\"yoast-schema-graph\">{\"@context\":\"https:\/\/schema.org\",\"@graph\":[{\"@type\":\"Article\",\"@id\":\"https:\/\/www.padreeustaquio.com.br\/irmao-wanderson-ss-cc-sera-ordenado-diacono-em-belo-horizonte\/#article\",\"isPartOf\":{\"@id\":\"https:\/\/www.padreeustaquio.com.br\/irmao-wanderson-ss-cc-sera-ordenado-diacono-em-belo-horizonte\/\"},\"author\":{\"name\":\"@sscc\",\"@id\":\"https:\/\/www.padreeustaquio.com.br\/#\/schema\/person\/a2a51db1d00f1a7af0204a0f1ddb1566\"},\"headline\":\"Irm\u00e3o Wanderson, SS.CC., ser\u00e1 ordenado Di\u00e1cono em Belo Horizonte\",\"datePublished\":\"2022-08-29T11:48:37+00:00\",\"dateModified\":\"2022-08-29T11:55:05+00:00\",\"mainEntityOfPage\":{\"@id\":\"https:\/\/www.padreeustaquio.com.br\/irmao-wanderson-ss-cc-sera-ordenado-diacono-em-belo-horizonte\/\"},\"wordCount\":291,\"commentCount\":0,\"publisher\":{\"@id\":\"https:\/\/www.padreeustaquio.com.br\/#organization\"},\"image\":{\"@id\":\"https:\/\/www.padreeustaquio.com.br\/irmao-wanderson-ss-cc-sera-ordenado-diacono-em-belo-horizonte\/#primaryimage\"},\"thumbnailUrl\":\"https:\/\/www.padreeustaquio.com.br\/wp-content\/uploads\/2022\/08\/Ir.-Wanderson-Souza-Alves-e1661774079760.jpeg\",\"articleSection\":[\"Not\u00edcias\"],\"inLanguage\":\"es\",\"potentialAction\":[{\"@type\":\"CommentAction\",\"name\":\"Comment\",\"target\":[\"https:\/\/www.padreeustaquio.com.br\/irmao-wanderson-ss-cc-sera-ordenado-diacono-em-belo-horizonte\/#respond\"]}]},{\"@type\":\"WebPage\",\"@id\":\"https:\/\/www.padreeustaquio.com.br\/irmao-wanderson-ss-cc-sera-ordenado-diacono-em-belo-horizonte\/\",\"url\":\"https:\/\/www.padreeustaquio.com.br\/irmao-wanderson-ss-cc-sera-ordenado-diacono-em-belo-horizonte\/\",\"name\":\"Irm\u00e3o Wanderson, SS.CC., ser\u00e1 ordenado Di\u00e1cono em Belo Horizonte\",\"isPartOf\":{\"@id\":\"https:\/\/www.padreeustaquio.com.br\/#website\"},\"primaryImageOfPage\":{\"@id\":\"https:\/\/www.padreeustaquio.com.br\/irmao-wanderson-ss-cc-sera-ordenado-diacono-em-belo-horizonte\/#primaryimage\"},\"image\":{\"@id\":\"https:\/\/www.padreeustaquio.com.br\/irmao-wanderson-ss-cc-sera-ordenado-diacono-em-belo-horizonte\/#primaryimage\"},\"thumbnailUrl\":\"https:\/\/www.padreeustaquio.com.br\/wp-content\/uploads\/2022\/08\/Ir.-Wanderson-Souza-Alves-e1661774079760.jpeg\",\"datePublished\":\"2022-08-29T11:48:37+00:00\",\"dateModified\":\"2022-08-29T11:55:05+00:00\",\"description\":\"O irm\u00e3o Wanderson de Souza Alves, ss.cc., ser\u00e1 ordenado di\u00e1cono na noite desta segunda-feira, dia 29 de agosto. A cerim\u00f4nia acontece durante a Celebra\u00e7\u00e3o da Santa Missa, \u00e0s 19h, junto com o 9\u00ba Dia da Novena ao Bem-Aventurado Padre Eust\u00e1quio, no Santu\u00e1rio Arquidiocesano da Sa\u00fade e da Paz, em Belo Horizonte-MG.\",\"breadcrumb\":{\"@id\":\"https:\/\/www.padreeustaquio.com.br\/irmao-wanderson-ss-cc-sera-ordenado-diacono-em-belo-horizonte\/#breadcrumb\"},\"inLanguage\":\"es\",\"potentialAction\":[{\"@type\":\"ReadAction\",\"target\":[\"https:\/\/www.padreeustaquio.com.br\/irmao-wanderson-ss-cc-sera-ordenado-diacono-em-belo-horizonte\/\"]}]},{\"@type\":\"ImageObject\",\"inLanguage\":\"es\",\"@id\":\"https:\/\/www.padreeustaquio.com.br\/irmao-wanderson-ss-cc-sera-ordenado-diacono-em-belo-horizonte\/#primaryimage\",\"url\":\"https:\/\/www.padreeustaquio.com.br\/wp-content\/uploads\/2022\/08\/Ir.-Wanderson-Souza-Alves-e1661774079760.jpeg\",\"contentUrl\":\"https:\/\/www.padreeustaquio.com.br\/wp-content\/uploads\/2022\/08\/Ir.-Wanderson-Souza-Alves-e1661774079760.jpeg\",\"width\":1200,\"height\":600},{\"@type\":\"BreadcrumbList\",\"@id\":\"https:\/\/www.padreeustaquio.com.br\/irmao-wanderson-ss-cc-sera-ordenado-diacono-em-belo-horizonte\/#breadcrumb\",\"itemListElement\":[{\"@type\":\"ListItem\",\"position\":1,\"name\":\"In\u00edcio\",\"item\":\"https:\/\/www.padreeustaquio.com.br\/\"},{\"@type\":\"ListItem\",\"position\":2,\"name\":\"Irm\u00e3o Wanderson, SS.CC., ser\u00e1 ordenado Di\u00e1cono em Belo Horizonte\"}]},{\"@type\":\"WebSite\",\"@id\":\"https:\/\/www.padreeustaquio.com.br\/#website\",\"url\":\"https:\/\/www.padreeustaquio.com.br\/\",\"name\":\"Padre Eust\u00e1quio\",\"description\":\"Sa\u00fade e Paz\",\"publisher\":{\"@id\":\"https:\/\/www.padreeustaquio.com.br\/#organization\"},\"potentialAction\":[{\"@type\":\"SearchAction\",\"target\":{\"@type\":\"EntryPoint\",\"urlTemplate\":\"https:\/\/www.padreeustaquio.com.br\/?s={search_term_string}\"},\"query-input\":{\"@type\":\"PropertyValueSpecification\",\"valueRequired\":true,\"valueName\":\"search_term_string\"}}],\"inLanguage\":\"es\"},{\"@type\":\"Organization\",\"@id\":\"https:\/\/www.padreeustaquio.com.br\/#organization\",\"name\":\"Padre Eust\u00e1quio\",\"url\":\"https:\/\/www.padreeustaquio.com.br\/\",\"logo\":{\"@type\":\"ImageObject\",\"inLanguage\":\"es\",\"@id\":\"https:\/\/www.padreeustaquio.com.br\/#\/schema\/logo\/image\/\",\"url\":\"https:\/\/www.padreeustaquio.com.br\/wp-content\/uploads\/2019\/08\/marca.png\",\"contentUrl\":\"https:\/\/www.padreeustaquio.com.br\/wp-content\/uploads\/2019\/08\/marca.png\",\"width\":350,\"height\":400,\"caption\":\"Padre Eust\u00e1quio\"},\"image\":{\"@id\":\"https:\/\/www.padreeustaquio.com.br\/#\/schema\/logo\/image\/\"},\"sameAs\":[\"https:\/\/www.facebook.com\/beatopadreeustaquio\/\",\"https:\/\/x.com\/beatopeustaquio\",\"https:\/\/www.instagram.com\/beatopadreeustaquio\/\",\"https:\/\/www.youtube.com\/channel\/UCRhw7vfabnajwLxb1ZXMeIw\"]},{\"@type\":\"Person\",\"@id\":\"https:\/\/www.padreeustaquio.com.br\/#\/schema\/person\/a2a51db1d00f1a7af0204a0f1ddb1566\",\"name\":\"@sscc\",\"image\":{\"@type\":\"ImageObject\",\"inLanguage\":\"es\",\"@id\":\"https:\/\/secure.gravatar.com\/avatar\/68cfafa5f44617fea54071e215026e0ff06be366c3d54a8425f04fdcb86f8c5f?s=96&d=mm&r=g\",\"url\":\"https:\/\/secure.gravatar.com\/avatar\/68cfafa5f44617fea54071e215026e0ff06be366c3d54a8425f04fdcb86f8c5f?s=96&d=mm&r=g\",\"contentUrl\":\"https:\/\/secure.gravatar.com\/avatar\/68cfafa5f44617fea54071e215026e0ff06be366c3d54a8425f04fdcb86f8c5f?s=96&d=mm&r=g\",\"caption\":\"@sscc\"},\"url\":\"https:\/\/www.padreeustaquio.com.br\/es\/author\/sscc\/\"}]}<\/script>\n<!-- \/ Yoast SEO plugin. -->","yoast_head_json":{"title":"El hermano Wanderson, SS.CC., ser\u00e1 ordenado di\u00e1cono en Belo Horizonte.","description":"El Hermano Wanderson de Souza Alves, ss.cc., ser\u00e1 ordenado di\u00e1cono este lunes 29 de agosto por la tarde. La ceremonia tendr\u00e1 lugar durante la Santa Misa a las 19:00 h, coincidiendo con el 9.\u00ba d\u00eda de la Novena al Beato Padre Eustaquio, en el Santuario Arquidiocesano de Salud y Paz en Belo Horizonte, Minas Gerais.","robots":{"index":"index","follow":"follow","max-snippet":"max-snippet:-1","max-image-preview":"max-image-preview:large","max-video-preview":"max-video-preview:-1"},"canonical":"https:\/\/www.padreeustaquio.com.br\/es\/el-hermano-wanderson-ss-cc-sera-ordenado-diacono-en-belo-horizonte\/","og_locale":"es_ES","og_type":"article","og_title":"Irm\u00e3o Wanderson, SS.CC., ser\u00e1 ordenado Di\u00e1cono em Belo Horizonte","og_description":"O irm\u00e3o Wanderson de Souza Alves, ss.cc., ser\u00e1 ordenado di\u00e1cono na noite desta segunda-feira, dia 29 de agosto. A cerim\u00f4nia acontece durante a Celebra\u00e7\u00e3o da Santa Missa, \u00e0s 19h, junto com o 9\u00ba Dia da Novena ao Bem-Aventurado Padre Eust\u00e1quio, no Santu\u00e1rio Arquidiocesano da Sa\u00fade e da Paz, em Belo Horizonte-MG.","og_url":"https:\/\/www.padreeustaquio.com.br\/es\/el-hermano-wanderson-ss-cc-sera-ordenado-diacono-en-belo-horizonte\/","og_site_name":"Padre Eust\u00e1quio","article_publisher":"https:\/\/www.facebook.com\/beatopadreeustaquio\/","article_published_time":"2022-08-29T11:48:37+00:00","article_modified_time":"2022-08-29T11:55:05+00:00","og_image":[{"width":1200,"height":600,"url":"https:\/\/www.padreeustaquio.com.br\/wp-content\/uploads\/2022\/08\/Ir.-Wanderson-Souza-Alves-e1661774079760.jpeg","type":"image\/jpeg"}],"author":"@sscc","twitter_card":"summary_large_image","twitter_image":"https:\/\/www.padreeustaquio.com.br\/wp-content\/uploads\/2022\/08\/Ir.-Wanderson-Souza-Alves-e1661774079760.jpeg","twitter_creator":"@beatopeustaquio","twitter_site":"@beatopeustaquio","twitter_misc":{"Escrito por":"@sscc","Tiempo de lectura":"2 minutos"},"schema":{"@context":"https:\/\/schema.org","@graph":[{"@type":"Article","@id":"https:\/\/www.padreeustaquio.com.br\/irmao-wanderson-ss-cc-sera-ordenado-diacono-em-belo-horizonte\/#article","isPartOf":{"@id":"https:\/\/www.padreeustaquio.com.br\/irmao-wanderson-ss-cc-sera-ordenado-diacono-em-belo-horizonte\/"},"author":{"name":"@sscc","@id":"https:\/\/www.padreeustaquio.com.br\/#\/schema\/person\/a2a51db1d00f1a7af0204a0f1ddb1566"},"headline":"Irm\u00e3o Wanderson, SS.CC., ser\u00e1 ordenado Di\u00e1cono em Belo Horizonte","datePublished":"2022-08-29T11:48:37+00:00","dateModified":"2022-08-29T11:55:05+00:00","mainEntityOfPage":{"@id":"https:\/\/www.padreeustaquio.com.br\/irmao-wanderson-ss-cc-sera-ordenado-diacono-em-belo-horizonte\/"},"wordCount":291,"commentCount":0,"publisher":{"@id":"https:\/\/www.padreeustaquio.com.br\/#organization"},"image":{"@id":"https:\/\/www.padreeustaquio.com.br\/irmao-wanderson-ss-cc-sera-ordenado-diacono-em-belo-horizonte\/#primaryimage"},"thumbnailUrl":"https:\/\/www.padreeustaquio.com.br\/wp-content\/uploads\/2022\/08\/Ir.-Wanderson-Souza-Alves-e1661774079760.jpeg","articleSection":["Not\u00edcias"],"inLanguage":"es","potentialAction":[{"@type":"CommentAction","name":"Comment","target":["https:\/\/www.padreeustaquio.com.br\/irmao-wanderson-ss-cc-sera-ordenado-diacono-em-belo-horizonte\/#respond"]}]},{"@type":"WebPage","@id":"https:\/\/www.padreeustaquio.com.br\/irmao-wanderson-ss-cc-sera-ordenado-diacono-em-belo-horizonte\/","url":"https:\/\/www.padreeustaquio.com.br\/irmao-wanderson-ss-cc-sera-ordenado-diacono-em-belo-horizonte\/","name":"El hermano Wanderson, SS.CC., ser\u00e1 ordenado di\u00e1cono en Belo Horizonte.","isPartOf":{"@id":"https:\/\/www.padreeustaquio.com.br\/#website"},"primaryImageOfPage":{"@id":"https:\/\/www.padreeustaquio.com.br\/irmao-wanderson-ss-cc-sera-ordenado-diacono-em-belo-horizonte\/#primaryimage"},"image":{"@id":"https:\/\/www.padreeustaquio.com.br\/irmao-wanderson-ss-cc-sera-ordenado-diacono-em-belo-horizonte\/#primaryimage"},"thumbnailUrl":"https:\/\/www.padreeustaquio.com.br\/wp-content\/uploads\/2022\/08\/Ir.-Wanderson-Souza-Alves-e1661774079760.jpeg","datePublished":"2022-08-29T11:48:37+00:00","dateModified":"2022-08-29T11:55:05+00:00","description":"El Hermano Wanderson de Souza Alves, ss.cc., ser\u00e1 ordenado di\u00e1cono este lunes 29 de agosto por la tarde. La ceremonia tendr\u00e1 lugar durante la Santa Misa a las 19:00 h, coincidiendo con el 9.\u00ba d\u00eda de la Novena al Beato Padre Eustaquio, en el Santuario Arquidiocesano de Salud y Paz en Belo Horizonte, Minas Gerais.","breadcrumb":{"@id":"https:\/\/www.padreeustaquio.com.br\/irmao-wanderson-ss-cc-sera-ordenado-diacono-em-belo-horizonte\/#breadcrumb"},"inLanguage":"es","potentialAction":[{"@type":"ReadAction","target":["https:\/\/www.padreeustaquio.com.br\/irmao-wanderson-ss-cc-sera-ordenado-diacono-em-belo-horizonte\/"]}]},{"@type":"ImageObject","inLanguage":"es","@id":"https:\/\/www.padreeustaquio.com.br\/irmao-wanderson-ss-cc-sera-ordenado-diacono-em-belo-horizonte\/#primaryimage","url":"https:\/\/www.padreeustaquio.com.br\/wp-content\/uploads\/2022\/08\/Ir.-Wanderson-Souza-Alves-e1661774079760.jpeg","contentUrl":"https:\/\/www.padreeustaquio.com.br\/wp-content\/uploads\/2022\/08\/Ir.-Wanderson-Souza-Alves-e1661774079760.jpeg","width":1200,"height":600},{"@type":"BreadcrumbList","@id":"https:\/\/www.padreeustaquio.com.br\/irmao-wanderson-ss-cc-sera-ordenado-diacono-em-belo-horizonte\/#breadcrumb","itemListElement":[{"@type":"ListItem","position":1,"name":"In\u00edcio","item":"https:\/\/www.padreeustaquio.com.br\/"},{"@type":"ListItem","position":2,"name":"Irm\u00e3o Wanderson, SS.CC., ser\u00e1 ordenado Di\u00e1cono em Belo Horizonte"}]},{"@type":"WebSite","@id":"https:\/\/www.padreeustaquio.com.br\/#website","url":"https:\/\/www.padreeustaquio.com.br\/","name":"Padre Eustace","description":"Salud y Paz","publisher":{"@id":"https:\/\/www.padreeustaquio.com.br\/#organization"},"potentialAction":[{"@type":"SearchAction","target":{"@type":"EntryPoint","urlTemplate":"https:\/\/www.padreeustaquio.com.br\/?s={search_term_string}"},"query-input":{"@type":"PropertyValueSpecification","valueRequired":true,"valueName":"search_term_string"}}],"inLanguage":"es"},{"@type":"Organization","@id":"https:\/\/www.padreeustaquio.com.br\/#organization","name":"Padre Eustace","url":"https:\/\/www.padreeustaquio.com.br\/","logo":{"@type":"ImageObject","inLanguage":"es","@id":"https:\/\/www.padreeustaquio.com.br\/#\/schema\/logo\/image\/","url":"https:\/\/www.padreeustaquio.com.br\/wp-content\/uploads\/2019\/08\/marca.png","contentUrl":"https:\/\/www.padreeustaquio.com.br\/wp-content\/uploads\/2019\/08\/marca.png","width":350,"height":400,"caption":"Padre Eust\u00e1quio"},"image":{"@id":"https:\/\/www.padreeustaquio.com.br\/#\/schema\/logo\/image\/"},"sameAs":["https:\/\/www.facebook.com\/beatopadreeustaquio\/","https:\/\/x.com\/beatopeustaquio","https:\/\/www.instagram.com\/beatopadreeustaquio\/","https:\/\/www.youtube.com\/channel\/UCRhw7vfabnajwLxb1ZXMeIw"]},{"@type":"Person","@id":"https:\/\/www.padreeustaquio.com.br\/#\/schema\/person\/a2a51db1d00f1a7af0204a0f1ddb1566","name":"@sscc","image":{"@type":"ImageObject","inLanguage":"es","@id":"https:\/\/secure.gravatar.com\/avatar\/68cfafa5f44617fea54071e215026e0ff06be366c3d54a8425f04fdcb86f8c5f?s=96&d=mm&r=g","url":"https:\/\/secure.gravatar.com\/avatar\/68cfafa5f44617fea54071e215026e0ff06be366c3d54a8425f04fdcb86f8c5f?s=96&d=mm&r=g","contentUrl":"https:\/\/secure.gravatar.com\/avatar\/68cfafa5f44617fea54071e215026e0ff06be366c3d54a8425f04fdcb86f8c5f?s=96&d=mm&r=g","caption":"@sscc"},"url":"https:\/\/www.padreeustaquio.com.br\/es\/author\/sscc\/"}]}},"_links":{"self":[{"href":"https:\/\/www.padreeustaquio.com.br\/es\/wp-json\/wp\/v2\/posts\/9202","targetHints":{"allow":["GET"]}}],"collection":[{"href":"https:\/\/www.padreeustaquio.com.br\/es\/wp-json\/wp\/v2\/posts"}],"about":[{"href":"https:\/\/www.padreeustaquio.com.br\/es\/wp-json\/wp\/v2\/types\/post"}],"author":[{"embeddable":true,"href":"https:\/\/www.padreeustaquio.com.br\/es\/wp-json\/wp\/v2\/users\/2"}],"replies":[{"embeddable":true,"href":"https:\/\/www.padreeustaquio.com.br\/es\/wp-json\/wp\/v2\/comments?post=9202"}],"version-history":[{"count":0,"href":"https:\/\/www.padreeustaquio.com.br\/es\/wp-json\/wp\/v2\/posts\/9202\/revisions"}],"wp:featuredmedia":[{"embeddable":true,"href":"https:\/\/www.padreeustaquio.com.br\/es\/wp-json\/wp\/v2\/media\/9203"}],"wp:attachment":[{"href":"https:\/\/www.padreeustaquio.com.br\/es\/wp-json\/wp\/v2\/media?parent=9202"}],"wp:term":[{"taxonomy":"category","embeddable":true,"href":"https:\/\/www.padreeustaquio.com.br\/es\/wp-json\/wp\/v2\/categories?post=9202"},{"taxonomy":"post_tag","embeddable":true,"href":"https:\/\/www.padreeustaquio.com.br\/es\/wp-json\/wp\/v2\/tags?post=9202"}],"curies":[{"name":"wp","href":"https:\/\/api.w.org\/{rel}","templated":true}]}}