{"id":9173,"date":"2022-08-27T10:10:00","date_gmt":"2022-08-27T13:10:00","guid":{"rendered":"https:\/\/www.padreeustaquio.com.br\/?p=9173"},"modified":"2022-08-26T11:25:40","modified_gmt":"2022-08-26T14:25:40","slug":"un-fin-de-semana-de-festividades-en-la-iglesia-del-padre-eustaquio-planifique-con-anticipacion-y-participe","status":"publish","type":"post","link":"https:\/\/www.padreeustaquio.com.br\/es\/un-fin-de-semana-de-festividades-en-la-iglesia-del-padre-eustaquio-planifique-con-anticipacion-y-participe\/","title":{"rendered":"Fin de semana de festividades en la Iglesia del Padre Eustaquio. \u00a1Planifica con anticipaci\u00f3n y participa!"},"content":{"rendered":"<p>El 30 de agosto se celebra el D\u00eda del Padre Eust\u00e1quio, y las festividades en el Santuario Arquidiocesano de Salud y Paz de Belo Horizonte se han celebrado durante toda la semana. Sin embargo, en los pr\u00f3ximos d\u00edas, la iglesia intensificar\u00e1 los momentos de oraci\u00f3n y comuni\u00f3n entre los fieles.<\/p>\n\n\n\n<p>Hoy (27) habr\u00e1 tres celebraciones. A las 7:00 h, como de costumbre. A las 15:00 h, la Santa Misa con los Enfermos y la bendici\u00f3n de medicinas y hierbas medicinales. Y a las 17:00 h, la Santa Misa con la meditaci\u00f3n del s\u00e9ptimo d\u00eda de la Novena y la siller\u00eda en la plaza de la iglesia.<\/p>\n\n\n\n<p>El domingo habr\u00e1 cinco misas (7:00, 8:30, 10:00, 17:00 y 19:00), la \u00faltima con la participaci\u00f3n de la comunidad de fe del Santuario de S\u00e3o Paulo da Cruz, religiosas pasionistas. Adem\u00e1s, habr\u00e1 puestos y juguetes para los ni\u00f1os ese d\u00eda.<\/p>\n\n\n\n<p>El lunes 29, v\u00edspera del d\u00eda del Padre Eust\u00e1quio, se celebrar\u00e1 una misa y novena a las 19:00 h, con la ordenaci\u00f3n diaconal del Hno. Wanderson de Souza Alves, ss.cc. La celebraci\u00f3n ser\u00e1 presidida por D. Alo\u00edsio Jorge Pena Vitral, obispo em\u00e9rito de Sete Lagoas, MG.<\/p>\n\n\n\n<p>El martes, D\u00eda del Beato, habr\u00e1 8 misas: 6:00, 7:00, 9:00, 11:00, 13:00, 15:00, 17:00 y 19:00. La \u00faltima celebraci\u00f3n ser\u00e1 solemne y culminar\u00e1 con una procesi\u00f3n con velas. Durante todo el d\u00eda habr\u00e1 puestos en la plaza y dentro del Santuario.<\/p>\n\n\n\n<p>Este a\u00f1o, el Santuario de la Salud y la Paz contar\u00e1 con dos distinguidos invitados: el Padre Andrzej Lukawski, ss.cc, Postulador General de la Congregaci\u00f3n y Procurador General de la instituci\u00f3n, quien vendr\u00e1 desde Roma para presenciar la festividad, visitar los archivos y celebrar con los devotos. Adem\u00e1s, Will van den Boomen, sobrino del Beato Padre Eustaquio, vendr\u00e1 desde los Pa\u00edses Bajos.<\/p>\n\n\n\n<p>Toda la programaci\u00f3n se transmitir\u00e1 por el Canal Padre Eust\u00e1quio en YouTube. Se recomienda a quienes visiten el Memorial Padre Eust\u00e1quio y participen en las celebraciones en el Santuario que se protejan, usen desinfectante de manos y mascarillas. El Santuario Arquidiocesano de Salud y Paz se encuentra en la calle Padre Eust\u00e1quio, 2405, en el barrio Padre Eust\u00e1quio de Belo Horizonte.<\/p>\n\n\n\n<p><\/p>","protected":false},"excerpt":{"rendered":"<p>Dia 30 de agosto \u00e9 dia do Padre Eust\u00e1quio e as festividades no Santu\u00e1rio Arquidiocesano da Sa\u00fade e da Paz, em Belo Horizonte, j\u00e1 est\u00e3o acontecendo durante toda semana. Mas para os pr\u00f3ximos dias a igreja vai intensificar os momentos de ora\u00e7\u00e3o e comunh\u00e3o entre os devotos. Hoje (27) ser\u00e3o tr\u00eas celebra\u00e7\u00f5es. \u00c0s 7h, como de costume. \u00c0s 15h, a Santa Missa com os Enfermos e com ben\u00e7\u00e3o dos rem\u00e9dios e ervas medicinais. E \u00e0s 17h Santa Missa com a medita\u00e7\u00e3o do s\u00e9timo dia da Novena e barraquinhas na pra\u00e7a da igreja. No domingo ser\u00e3o cinco missas (7h, 8h30, 10h, [&hellip;]<\/p>\n","protected":false},"author":2,"featured_media":9174,"comment_status":"open","ping_status":"closed","sticky":false,"template":"","format":"standard","meta":{"_acf_changed":false,"footnotes":""},"categories":[611],"tags":[],"class_list":["post-9173","post","type-post","status-publish","format-standard","has-post-thumbnail","hentry","category-noticias"],"acf":[],"yoast_head":"<!-- This site is optimized with the Yoast SEO plugin v27.2 - https:\/\/yoast.com\/product\/yoast-seo-wordpress\/ -->\n<title>Fim de semana de festa na Igreja do Padre Eust\u00e1quio. Programe-se e participe<\/title>\n<meta name=\"description\" content=\"Dia 30 de agosto \u00e9 dia do Padre Eust\u00e1quio e as festividades no Santu\u00e1rio Arquidiocesano da Sa\u00fade e da Paz, em Belo Horizonte, j\u00e1 est\u00e3o acontecendo durante toda semana. Mas para os pr\u00f3ximos dias a igreja vai intensificar os momentos de ora\u00e7\u00e3o e comunh\u00e3o entre os devotos.\" \/>\n<meta name=\"robots\" content=\"index, follow, max-snippet:-1, max-image-preview:large, max-video-preview:-1\" \/>\n<link rel=\"canonical\" href=\"https:\/\/www.padreeustaquio.com.br\/es\/un-fin-de-semana-de-festividades-en-la-iglesia-del-padre-eustaquio-planifique-con-anticipacion-y-participe\/\" \/>\n<meta property=\"og:locale\" content=\"es_ES\" \/>\n<meta property=\"og:type\" content=\"article\" \/>\n<meta property=\"og:title\" content=\"Fim de semana de festa na Igreja do Padre Eust\u00e1quio. Programe-se e participe\" \/>\n<meta property=\"og:description\" content=\"Dia 30 de agosto \u00e9 dia do Padre Eust\u00e1quio e as festividades no Santu\u00e1rio Arquidiocesano da Sa\u00fade e da Paz, em Belo Horizonte, j\u00e1 est\u00e3o acontecendo durante toda semana. Mas para os pr\u00f3ximos dias a igreja vai intensificar os momentos de ora\u00e7\u00e3o e comunh\u00e3o entre os devotos.\" \/>\n<meta property=\"og:url\" content=\"https:\/\/www.padreeustaquio.com.br\/es\/un-fin-de-semana-de-festividades-en-la-iglesia-del-padre-eustaquio-planifique-con-anticipacion-y-participe\/\" \/>\n<meta property=\"og:site_name\" content=\"Padre Eust\u00e1quio\" \/>\n<meta property=\"article:publisher\" content=\"https:\/\/www.facebook.com\/beatopadreeustaquio\/\" \/>\n<meta property=\"article:published_time\" content=\"2022-08-27T13:10:00+00:00\" \/>\n<meta property=\"og:image\" content=\"https:\/\/www.padreeustaquio.com.br\/wp-content\/uploads\/2022\/08\/programacao-fim-de-semana-pe.jpeg\" \/>\n\t<meta property=\"og:image:width\" content=\"1600\" \/>\n\t<meta property=\"og:image:height\" content=\"1200\" \/>\n\t<meta property=\"og:image:type\" content=\"image\/jpeg\" \/>\n<meta name=\"author\" content=\"@sscc\" \/>\n<meta name=\"twitter:card\" content=\"summary_large_image\" \/>\n<meta name=\"twitter:image\" content=\"https:\/\/www.padreeustaquio.com.br\/wp-content\/uploads\/2022\/08\/programacao-fim-de-semana-pe.jpeg\" \/>\n<meta name=\"twitter:creator\" content=\"@beatopeustaquio\" \/>\n<meta name=\"twitter:site\" content=\"@beatopeustaquio\" \/>\n<meta name=\"twitter:label1\" content=\"Escrito por\" \/>\n\t<meta name=\"twitter:data1\" content=\"@sscc\" \/>\n\t<meta name=\"twitter:label2\" content=\"Tiempo de lectura\" \/>\n\t<meta name=\"twitter:data2\" content=\"2 minutos\" \/>\n<script type=\"application\/ld+json\" class=\"yoast-schema-graph\">{\"@context\":\"https:\/\/schema.org\",\"@graph\":[{\"@type\":\"Article\",\"@id\":\"https:\/\/www.padreeustaquio.com.br\/fim-de-semana-de-festa-na-igreja-do-padre-eustaquio-programe-se-e-participe\/#article\",\"isPartOf\":{\"@id\":\"https:\/\/www.padreeustaquio.com.br\/fim-de-semana-de-festa-na-igreja-do-padre-eustaquio-programe-se-e-participe\/\"},\"author\":{\"name\":\"@sscc\",\"@id\":\"https:\/\/www.padreeustaquio.com.br\/#\/schema\/person\/a2a51db1d00f1a7af0204a0f1ddb1566\"},\"headline\":\"Fim de semana de festa na Igreja do Padre Eust\u00e1quio. Programe-se e participe\",\"datePublished\":\"2022-08-27T13:10:00+00:00\",\"mainEntityOfPage\":{\"@id\":\"https:\/\/www.padreeustaquio.com.br\/fim-de-semana-de-festa-na-igreja-do-padre-eustaquio-programe-se-e-participe\/\"},\"wordCount\":399,\"commentCount\":0,\"publisher\":{\"@id\":\"https:\/\/www.padreeustaquio.com.br\/#organization\"},\"image\":{\"@id\":\"https:\/\/www.padreeustaquio.com.br\/fim-de-semana-de-festa-na-igreja-do-padre-eustaquio-programe-se-e-participe\/#primaryimage\"},\"thumbnailUrl\":\"https:\/\/www.padreeustaquio.com.br\/wp-content\/uploads\/2022\/08\/programacao-fim-de-semana-pe.jpeg\",\"articleSection\":[\"Not\u00edcias\"],\"inLanguage\":\"es\",\"potentialAction\":[{\"@type\":\"CommentAction\",\"name\":\"Comment\",\"target\":[\"https:\/\/www.padreeustaquio.com.br\/fim-de-semana-de-festa-na-igreja-do-padre-eustaquio-programe-se-e-participe\/#respond\"]}]},{\"@type\":\"WebPage\",\"@id\":\"https:\/\/www.padreeustaquio.com.br\/fim-de-semana-de-festa-na-igreja-do-padre-eustaquio-programe-se-e-participe\/\",\"url\":\"https:\/\/www.padreeustaquio.com.br\/fim-de-semana-de-festa-na-igreja-do-padre-eustaquio-programe-se-e-participe\/\",\"name\":\"Fim de semana de festa na Igreja do Padre Eust\u00e1quio. Programe-se e participe\",\"isPartOf\":{\"@id\":\"https:\/\/www.padreeustaquio.com.br\/#website\"},\"primaryImageOfPage\":{\"@id\":\"https:\/\/www.padreeustaquio.com.br\/fim-de-semana-de-festa-na-igreja-do-padre-eustaquio-programe-se-e-participe\/#primaryimage\"},\"image\":{\"@id\":\"https:\/\/www.padreeustaquio.com.br\/fim-de-semana-de-festa-na-igreja-do-padre-eustaquio-programe-se-e-participe\/#primaryimage\"},\"thumbnailUrl\":\"https:\/\/www.padreeustaquio.com.br\/wp-content\/uploads\/2022\/08\/programacao-fim-de-semana-pe.jpeg\",\"datePublished\":\"2022-08-27T13:10:00+00:00\",\"description\":\"Dia 30 de agosto \u00e9 dia do Padre Eust\u00e1quio e as festividades no Santu\u00e1rio Arquidiocesano da Sa\u00fade e da Paz, em Belo Horizonte, j\u00e1 est\u00e3o acontecendo durante toda semana. Mas para os pr\u00f3ximos dias a igreja vai intensificar os momentos de ora\u00e7\u00e3o e comunh\u00e3o entre os devotos.\",\"breadcrumb\":{\"@id\":\"https:\/\/www.padreeustaquio.com.br\/fim-de-semana-de-festa-na-igreja-do-padre-eustaquio-programe-se-e-participe\/#breadcrumb\"},\"inLanguage\":\"es\",\"potentialAction\":[{\"@type\":\"ReadAction\",\"target\":[\"https:\/\/www.padreeustaquio.com.br\/fim-de-semana-de-festa-na-igreja-do-padre-eustaquio-programe-se-e-participe\/\"]}]},{\"@type\":\"ImageObject\",\"inLanguage\":\"es\",\"@id\":\"https:\/\/www.padreeustaquio.com.br\/fim-de-semana-de-festa-na-igreja-do-padre-eustaquio-programe-se-e-participe\/#primaryimage\",\"url\":\"https:\/\/www.padreeustaquio.com.br\/wp-content\/uploads\/2022\/08\/programacao-fim-de-semana-pe.jpeg\",\"contentUrl\":\"https:\/\/www.padreeustaquio.com.br\/wp-content\/uploads\/2022\/08\/programacao-fim-de-semana-pe.jpeg\",\"width\":1600,\"height\":1200},{\"@type\":\"BreadcrumbList\",\"@id\":\"https:\/\/www.padreeustaquio.com.br\/fim-de-semana-de-festa-na-igreja-do-padre-eustaquio-programe-se-e-participe\/#breadcrumb\",\"itemListElement\":[{\"@type\":\"ListItem\",\"position\":1,\"name\":\"In\u00edcio\",\"item\":\"https:\/\/www.padreeustaquio.com.br\/\"},{\"@type\":\"ListItem\",\"position\":2,\"name\":\"Fim de semana de festa na Igreja do Padre Eust\u00e1quio. Programe-se e participe\"}]},{\"@type\":\"WebSite\",\"@id\":\"https:\/\/www.padreeustaquio.com.br\/#website\",\"url\":\"https:\/\/www.padreeustaquio.com.br\/\",\"name\":\"Padre Eust\u00e1quio\",\"description\":\"Sa\u00fade e Paz\",\"publisher\":{\"@id\":\"https:\/\/www.padreeustaquio.com.br\/#organization\"},\"potentialAction\":[{\"@type\":\"SearchAction\",\"target\":{\"@type\":\"EntryPoint\",\"urlTemplate\":\"https:\/\/www.padreeustaquio.com.br\/?s={search_term_string}\"},\"query-input\":{\"@type\":\"PropertyValueSpecification\",\"valueRequired\":true,\"valueName\":\"search_term_string\"}}],\"inLanguage\":\"es\"},{\"@type\":\"Organization\",\"@id\":\"https:\/\/www.padreeustaquio.com.br\/#organization\",\"name\":\"Padre Eust\u00e1quio\",\"url\":\"https:\/\/www.padreeustaquio.com.br\/\",\"logo\":{\"@type\":\"ImageObject\",\"inLanguage\":\"es\",\"@id\":\"https:\/\/www.padreeustaquio.com.br\/#\/schema\/logo\/image\/\",\"url\":\"https:\/\/www.padreeustaquio.com.br\/wp-content\/uploads\/2019\/08\/marca.png\",\"contentUrl\":\"https:\/\/www.padreeustaquio.com.br\/wp-content\/uploads\/2019\/08\/marca.png\",\"width\":350,\"height\":400,\"caption\":\"Padre Eust\u00e1quio\"},\"image\":{\"@id\":\"https:\/\/www.padreeustaquio.com.br\/#\/schema\/logo\/image\/\"},\"sameAs\":[\"https:\/\/www.facebook.com\/beatopadreeustaquio\/\",\"https:\/\/x.com\/beatopeustaquio\",\"https:\/\/www.instagram.com\/beatopadreeustaquio\/\",\"https:\/\/www.youtube.com\/channel\/UCRhw7vfabnajwLxb1ZXMeIw\"]},{\"@type\":\"Person\",\"@id\":\"https:\/\/www.padreeustaquio.com.br\/#\/schema\/person\/a2a51db1d00f1a7af0204a0f1ddb1566\",\"name\":\"@sscc\",\"image\":{\"@type\":\"ImageObject\",\"inLanguage\":\"es\",\"@id\":\"https:\/\/secure.gravatar.com\/avatar\/68cfafa5f44617fea54071e215026e0ff06be366c3d54a8425f04fdcb86f8c5f?s=96&d=mm&r=g\",\"url\":\"https:\/\/secure.gravatar.com\/avatar\/68cfafa5f44617fea54071e215026e0ff06be366c3d54a8425f04fdcb86f8c5f?s=96&d=mm&r=g\",\"contentUrl\":\"https:\/\/secure.gravatar.com\/avatar\/68cfafa5f44617fea54071e215026e0ff06be366c3d54a8425f04fdcb86f8c5f?s=96&d=mm&r=g\",\"caption\":\"@sscc\"},\"url\":\"https:\/\/www.padreeustaquio.com.br\/es\/author\/sscc\/\"}]}<\/script>\n<!-- \/ Yoast SEO plugin. -->","yoast_head_json":{"title":"Fin de semana de festividades en la Iglesia del Padre Eustaquio. \u00a1Planifica con anticipaci\u00f3n y participa!","description":"El 30 de agosto se celebra el D\u00eda del Padre Eust\u00e1quio, y las festividades en el Santuario Arquidiocesano de Salud y Paz de Belo Horizonte se han celebrado durante toda la semana. Sin embargo, en los pr\u00f3ximos d\u00edas, la iglesia intensificar\u00e1 los momentos de oraci\u00f3n y comuni\u00f3n entre los fieles.","robots":{"index":"index","follow":"follow","max-snippet":"max-snippet:-1","max-image-preview":"max-image-preview:large","max-video-preview":"max-video-preview:-1"},"canonical":"https:\/\/www.padreeustaquio.com.br\/es\/un-fin-de-semana-de-festividades-en-la-iglesia-del-padre-eustaquio-planifique-con-anticipacion-y-participe\/","og_locale":"es_ES","og_type":"article","og_title":"Fim de semana de festa na Igreja do Padre Eust\u00e1quio. Programe-se e participe","og_description":"Dia 30 de agosto \u00e9 dia do Padre Eust\u00e1quio e as festividades no Santu\u00e1rio Arquidiocesano da Sa\u00fade e da Paz, em Belo Horizonte, j\u00e1 est\u00e3o acontecendo durante toda semana. Mas para os pr\u00f3ximos dias a igreja vai intensificar os momentos de ora\u00e7\u00e3o e comunh\u00e3o entre os devotos.","og_url":"https:\/\/www.padreeustaquio.com.br\/es\/un-fin-de-semana-de-festividades-en-la-iglesia-del-padre-eustaquio-planifique-con-anticipacion-y-participe\/","og_site_name":"Padre Eust\u00e1quio","article_publisher":"https:\/\/www.facebook.com\/beatopadreeustaquio\/","article_published_time":"2022-08-27T13:10:00+00:00","og_image":[{"width":1600,"height":1200,"url":"https:\/\/www.padreeustaquio.com.br\/wp-content\/uploads\/2022\/08\/programacao-fim-de-semana-pe.jpeg","type":"image\/jpeg"}],"author":"@sscc","twitter_card":"summary_large_image","twitter_image":"https:\/\/www.padreeustaquio.com.br\/wp-content\/uploads\/2022\/08\/programacao-fim-de-semana-pe.jpeg","twitter_creator":"@beatopeustaquio","twitter_site":"@beatopeustaquio","twitter_misc":{"Escrito por":"@sscc","Tiempo de lectura":"2 minutos"},"schema":{"@context":"https:\/\/schema.org","@graph":[{"@type":"Article","@id":"https:\/\/www.padreeustaquio.com.br\/fim-de-semana-de-festa-na-igreja-do-padre-eustaquio-programe-se-e-participe\/#article","isPartOf":{"@id":"https:\/\/www.padreeustaquio.com.br\/fim-de-semana-de-festa-na-igreja-do-padre-eustaquio-programe-se-e-participe\/"},"author":{"name":"@sscc","@id":"https:\/\/www.padreeustaquio.com.br\/#\/schema\/person\/a2a51db1d00f1a7af0204a0f1ddb1566"},"headline":"Fim de semana de festa na Igreja do Padre Eust\u00e1quio. Programe-se e participe","datePublished":"2022-08-27T13:10:00+00:00","mainEntityOfPage":{"@id":"https:\/\/www.padreeustaquio.com.br\/fim-de-semana-de-festa-na-igreja-do-padre-eustaquio-programe-se-e-participe\/"},"wordCount":399,"commentCount":0,"publisher":{"@id":"https:\/\/www.padreeustaquio.com.br\/#organization"},"image":{"@id":"https:\/\/www.padreeustaquio.com.br\/fim-de-semana-de-festa-na-igreja-do-padre-eustaquio-programe-se-e-participe\/#primaryimage"},"thumbnailUrl":"https:\/\/www.padreeustaquio.com.br\/wp-content\/uploads\/2022\/08\/programacao-fim-de-semana-pe.jpeg","articleSection":["Not\u00edcias"],"inLanguage":"es","potentialAction":[{"@type":"CommentAction","name":"Comment","target":["https:\/\/www.padreeustaquio.com.br\/fim-de-semana-de-festa-na-igreja-do-padre-eustaquio-programe-se-e-participe\/#respond"]}]},{"@type":"WebPage","@id":"https:\/\/www.padreeustaquio.com.br\/fim-de-semana-de-festa-na-igreja-do-padre-eustaquio-programe-se-e-participe\/","url":"https:\/\/www.padreeustaquio.com.br\/fim-de-semana-de-festa-na-igreja-do-padre-eustaquio-programe-se-e-participe\/","name":"Fin de semana de festividades en la Iglesia del Padre Eustaquio. \u00a1Planifica con anticipaci\u00f3n y participa!","isPartOf":{"@id":"https:\/\/www.padreeustaquio.com.br\/#website"},"primaryImageOfPage":{"@id":"https:\/\/www.padreeustaquio.com.br\/fim-de-semana-de-festa-na-igreja-do-padre-eustaquio-programe-se-e-participe\/#primaryimage"},"image":{"@id":"https:\/\/www.padreeustaquio.com.br\/fim-de-semana-de-festa-na-igreja-do-padre-eustaquio-programe-se-e-participe\/#primaryimage"},"thumbnailUrl":"https:\/\/www.padreeustaquio.com.br\/wp-content\/uploads\/2022\/08\/programacao-fim-de-semana-pe.jpeg","datePublished":"2022-08-27T13:10:00+00:00","description":"El 30 de agosto se celebra el D\u00eda del Padre Eust\u00e1quio, y las festividades en el Santuario Arquidiocesano de Salud y Paz de Belo Horizonte se han celebrado durante toda la semana. Sin embargo, en los pr\u00f3ximos d\u00edas, la iglesia intensificar\u00e1 los momentos de oraci\u00f3n y comuni\u00f3n entre los fieles.","breadcrumb":{"@id":"https:\/\/www.padreeustaquio.com.br\/fim-de-semana-de-festa-na-igreja-do-padre-eustaquio-programe-se-e-participe\/#breadcrumb"},"inLanguage":"es","potentialAction":[{"@type":"ReadAction","target":["https:\/\/www.padreeustaquio.com.br\/fim-de-semana-de-festa-na-igreja-do-padre-eustaquio-programe-se-e-participe\/"]}]},{"@type":"ImageObject","inLanguage":"es","@id":"https:\/\/www.padreeustaquio.com.br\/fim-de-semana-de-festa-na-igreja-do-padre-eustaquio-programe-se-e-participe\/#primaryimage","url":"https:\/\/www.padreeustaquio.com.br\/wp-content\/uploads\/2022\/08\/programacao-fim-de-semana-pe.jpeg","contentUrl":"https:\/\/www.padreeustaquio.com.br\/wp-content\/uploads\/2022\/08\/programacao-fim-de-semana-pe.jpeg","width":1600,"height":1200},{"@type":"BreadcrumbList","@id":"https:\/\/www.padreeustaquio.com.br\/fim-de-semana-de-festa-na-igreja-do-padre-eustaquio-programe-se-e-participe\/#breadcrumb","itemListElement":[{"@type":"ListItem","position":1,"name":"In\u00edcio","item":"https:\/\/www.padreeustaquio.com.br\/"},{"@type":"ListItem","position":2,"name":"Fim de semana de festa na Igreja do Padre Eust\u00e1quio. Programe-se e participe"}]},{"@type":"WebSite","@id":"https:\/\/www.padreeustaquio.com.br\/#website","url":"https:\/\/www.padreeustaquio.com.br\/","name":"Padre Eustace","description":"Salud y Paz","publisher":{"@id":"https:\/\/www.padreeustaquio.com.br\/#organization"},"potentialAction":[{"@type":"SearchAction","target":{"@type":"EntryPoint","urlTemplate":"https:\/\/www.padreeustaquio.com.br\/?s={search_term_string}"},"query-input":{"@type":"PropertyValueSpecification","valueRequired":true,"valueName":"search_term_string"}}],"inLanguage":"es"},{"@type":"Organization","@id":"https:\/\/www.padreeustaquio.com.br\/#organization","name":"Padre Eustace","url":"https:\/\/www.padreeustaquio.com.br\/","logo":{"@type":"ImageObject","inLanguage":"es","@id":"https:\/\/www.padreeustaquio.com.br\/#\/schema\/logo\/image\/","url":"https:\/\/www.padreeustaquio.com.br\/wp-content\/uploads\/2019\/08\/marca.png","contentUrl":"https:\/\/www.padreeustaquio.com.br\/wp-content\/uploads\/2019\/08\/marca.png","width":350,"height":400,"caption":"Padre Eust\u00e1quio"},"image":{"@id":"https:\/\/www.padreeustaquio.com.br\/#\/schema\/logo\/image\/"},"sameAs":["https:\/\/www.facebook.com\/beatopadreeustaquio\/","https:\/\/x.com\/beatopeustaquio","https:\/\/www.instagram.com\/beatopadreeustaquio\/","https:\/\/www.youtube.com\/channel\/UCRhw7vfabnajwLxb1ZXMeIw"]},{"@type":"Person","@id":"https:\/\/www.padreeustaquio.com.br\/#\/schema\/person\/a2a51db1d00f1a7af0204a0f1ddb1566","name":"@sscc","image":{"@type":"ImageObject","inLanguage":"es","@id":"https:\/\/secure.gravatar.com\/avatar\/68cfafa5f44617fea54071e215026e0ff06be366c3d54a8425f04fdcb86f8c5f?s=96&d=mm&r=g","url":"https:\/\/secure.gravatar.com\/avatar\/68cfafa5f44617fea54071e215026e0ff06be366c3d54a8425f04fdcb86f8c5f?s=96&d=mm&r=g","contentUrl":"https:\/\/secure.gravatar.com\/avatar\/68cfafa5f44617fea54071e215026e0ff06be366c3d54a8425f04fdcb86f8c5f?s=96&d=mm&r=g","caption":"@sscc"},"url":"https:\/\/www.padreeustaquio.com.br\/es\/author\/sscc\/"}]}},"_links":{"self":[{"href":"https:\/\/www.padreeustaquio.com.br\/es\/wp-json\/wp\/v2\/posts\/9173","targetHints":{"allow":["GET"]}}],"collection":[{"href":"https:\/\/www.padreeustaquio.com.br\/es\/wp-json\/wp\/v2\/posts"}],"about":[{"href":"https:\/\/www.padreeustaquio.com.br\/es\/wp-json\/wp\/v2\/types\/post"}],"author":[{"embeddable":true,"href":"https:\/\/www.padreeustaquio.com.br\/es\/wp-json\/wp\/v2\/users\/2"}],"replies":[{"embeddable":true,"href":"https:\/\/www.padreeustaquio.com.br\/es\/wp-json\/wp\/v2\/comments?post=9173"}],"version-history":[{"count":0,"href":"https:\/\/www.padreeustaquio.com.br\/es\/wp-json\/wp\/v2\/posts\/9173\/revisions"}],"wp:featuredmedia":[{"embeddable":true,"href":"https:\/\/www.padreeustaquio.com.br\/es\/wp-json\/wp\/v2\/media\/9174"}],"wp:attachment":[{"href":"https:\/\/www.padreeustaquio.com.br\/es\/wp-json\/wp\/v2\/media?parent=9173"}],"wp:term":[{"taxonomy":"category","embeddable":true,"href":"https:\/\/www.padreeustaquio.com.br\/es\/wp-json\/wp\/v2\/categories?post=9173"},{"taxonomy":"post_tag","embeddable":true,"href":"https:\/\/www.padreeustaquio.com.br\/es\/wp-json\/wp\/v2\/tags?post=9173"}],"curies":[{"name":"wp","href":"https:\/\/api.w.org\/{rel}","templated":true}]}}