{"id":9150,"date":"2022-08-24T14:38:24","date_gmt":"2022-08-24T17:38:24","guid":{"rendered":"https:\/\/www.padreeustaquio.com.br\/?p=9150"},"modified":"2022-08-24T14:58:30","modified_gmt":"2022-08-24T17:58:30","slug":"la-despedida-de-don-luiz-mancilha-sera-transmitida-por-el-canal-padre-eustaquio","status":"publish","type":"post","link":"https:\/\/www.padreeustaquio.com.br\/es\/la-despedida-de-don-luiz-mancilha-sera-transmitida-por-el-canal-padre-eustaquio\/","title":{"rendered":"La despedida de Don Luiz Mancilha ser\u00e1 transmitida por el Canal Padre Eust\u00e1quio."},"content":{"rendered":"<p>La Santa Misa de R\u00e9quiem y el entierro del Arzobispo Em\u00e9rito de Vit\u00f3ria, en el Estado de Esp\u00edrito Santo, Dom Luiz Mancilha Vilela, ss.cc., se celebrar\u00e1n este jueves a las 10:00 h en la Catedral de Vit\u00f3ria. La Celebraci\u00f3n Eucar\u00edstica ser\u00e1 presidida por el actual Arzobispo Metropolitano, Dom Frei Dario Campos, y el entierro tendr\u00e1 lugar en la Cripta de la Catedral de Vit\u00f3ria.<\/p>\n\n\n\n<p>Dom Luiz falleci\u00f3 la tarde del martes 23 de agosto a los 80 a\u00f1os, v\u00edctima de complicaciones hep\u00e1ticas. Se encontraba hospitalizado desde el 23 de julio en el Hospital Unimed Vit\u00f3ria. Durante este mi\u00e9rcoles 24, miles de personas recorrieron la catedral, en el centro de la capital de Esp\u00edrito Santo, para despedir al arzobispo em\u00e9rito. Se celebraron misas cada dos horas. Ma\u00f1ana habr\u00e1 misas a las 6:00, 8:00 y 10:00, y la Celebraci\u00f3n Eucar\u00edstica de las Exequias se transmitir\u00e1 por el Canal Padre Eust\u00e1quio.<a href=\"https:\/\/youtu.be\/fKOr0f6h_AY\" target=\"_blank\" rel=\"noreferrer noopener\">Haga clic aqu\u00ed para seguir<\/a>) en colaboraci\u00f3n con la Arquidi\u00f3cesis de Vit\u00f3ria.<\/p>\n\n\n\n<p><strong>La historia de vida de Dom Luiz Mancilha Vilela, SSCC<\/strong><\/p>\n\n\n\n<p>Luiz Mancilha Vilela naci\u00f3 el 6 de mayo de 1942 en Pouso Alto, en el sur de Minas Gerais. A los 19 a\u00f1os profes\u00f3 sus votos temporales en la Congregaci\u00f3n de los Sagrados Corazones en Pindamonhangaba, S\u00e3o Paulo. Seis a\u00f1os despu\u00e9s, el 21 de diciembre de 1968, fue ordenado sacerdote en Belo Horizonte por el entonces arzobispo de la capital de Minas Gerais, Dom Serafim Fernandes de Ara\u00fajo.<\/p>\n\n\n\n<p>Despu\u00e9s de su ordenaci\u00f3n, Dom Luiz sirvi\u00f3 como coordinador de la Pastoral Vocacional de la Provincia de la Congregaci\u00f3n de los Sagrados Corazones, consejero provincial y superior del Seminario de los Sagrados Corazones en Pindamonhangaba, S\u00e3o Paulo.<\/p>\n\n\n\n<p>El 3 de diciembre de 1985, el Papa Juan Pablo II nombr\u00f3 a Luiz Mancilha Vilela obispo de Cachoeiro do Itapemerim-ES. Su ordenaci\u00f3n episcopal tuvo lugar el 22 de febrero de 1986, y Dom Luiz permaneci\u00f3 all\u00ed durante 17 a\u00f1os. En 2002, se traslad\u00f3 a la capital, Vit\u00f3ria, como obispo auxiliar, y dos a\u00f1os despu\u00e9s, el 14 de abril de 2004, fue nombrado arzobispo de Vit\u00f3ria, cargo que ocup\u00f3 hasta su jubilaci\u00f3n en noviembre de 2018.<\/p>\n\n\n\n<p>Desde entonces, como Arzobispo Em\u00e9rito, Dom Luiz permaneci\u00f3 residiendo en la Arquidi\u00f3cesis de Vit\u00f3ria, donde realiz\u00f3 diversas actividades religiosas. A lo largo de su vida escribi\u00f3 varias obras, entre ellas: &quot;Ora Conmigo&quot;, &quot;Tras los Pasos de Jes\u00fas&quot; y &quot;Visita al Santuario de la Salud y la Paz&quot;, donde relata, con frases po\u00e9ticas, cada detalle de la Iglesia del Padre Eust\u00e1quio en Belo Horizonte.<\/p>\n\n\n\n<p><\/p>","protected":false},"excerpt":{"rendered":"<p>A Santa Missa das Ex\u00e9quias e o sepultamento do arcebispo em\u00e9rito de Vit\u00f3ria, no Estado do Esp\u00edrito Santo, Dom Luiz Mancilha Vilela, ss.cc., ser\u00e3o realizados nesta quinta-feira, \u00e0s 10h na Catedral de Vit\u00f3ria. A Celebra\u00e7\u00e3o Eucar\u00edstica ser\u00e1 presidida pelo atual arcebispo metropolitano, Dom Frei Dario Campos e o sepultamento ser\u00e1 na Cripta da Catedral de Vit\u00f3ria. Dom Luiz morreu na tarde dessa ter\u00e7a-feira, 23 de agosto, aos 80 anos, v\u00edtima de complica\u00e7\u00f5es hep\u00e1ticas. Ele estava internado desde o dia 23 de julho no Hospital Unimed Vit\u00f3ria. Ao longo desta quarta-feira, 24, milhares de pessoas passam pela catedral, no centro da [&hellip;]<\/p>\n","protected":false},"author":2,"featured_media":9151,"comment_status":"open","ping_status":"closed","sticky":false,"template":"","format":"standard","meta":{"_acf_changed":false,"footnotes":""},"categories":[611],"tags":[],"class_list":["post-9150","post","type-post","status-publish","format-standard","has-post-thumbnail","hentry","category-noticias"],"acf":[],"yoast_head":"<!-- This site is optimized with the Yoast SEO plugin v27.2 - https:\/\/yoast.com\/product\/yoast-seo-wordpress\/ -->\n<title>Despedida a Dom Luiz Mancilha ser\u00e1 transmitida pelo Canal Padre Eust\u00e1quio<\/title>\n<meta name=\"description\" content=\"A Santa Missa das Ex\u00e9quias e o sepultamento do arcebispo em\u00e9rito de Vit\u00f3ria, no Estado do Esp\u00edrito Santo, Dom Luiz Mancilha Vilela, ss.cc., ser\u00e3o realizados nesta quinta-feira, \u00e0s 10h na Catedral de Vit\u00f3ria. A Celebra\u00e7\u00e3o Eucar\u00edstica ser\u00e1 presidida pelo atual arcebispo metropolitano, Dom Frei Dario Campos e o sepultamento ser\u00e1 na Cripta da Catedral de Vit\u00f3ria.\" \/>\n<meta name=\"robots\" content=\"index, follow, max-snippet:-1, max-image-preview:large, max-video-preview:-1\" \/>\n<link rel=\"canonical\" href=\"https:\/\/www.padreeustaquio.com.br\/es\/la-despedida-de-don-luiz-mancilha-sera-transmitida-por-el-canal-padre-eustaquio\/\" \/>\n<meta property=\"og:locale\" content=\"es_ES\" \/>\n<meta property=\"og:type\" content=\"article\" \/>\n<meta property=\"og:title\" content=\"Despedida a Dom Luiz Mancilha ser\u00e1 transmitida pelo Canal Padre Eust\u00e1quio\" \/>\n<meta property=\"og:description\" content=\"A Santa Missa das Ex\u00e9quias e o sepultamento do arcebispo em\u00e9rito de Vit\u00f3ria, no Estado do Esp\u00edrito Santo, Dom Luiz Mancilha Vilela, ss.cc., ser\u00e3o realizados nesta quinta-feira, \u00e0s 10h na Catedral de Vit\u00f3ria. A Celebra\u00e7\u00e3o Eucar\u00edstica ser\u00e1 presidida pelo atual arcebispo metropolitano, Dom Frei Dario Campos e o sepultamento ser\u00e1 na Cripta da Catedral de Vit\u00f3ria.\" \/>\n<meta property=\"og:url\" content=\"https:\/\/www.padreeustaquio.com.br\/es\/la-despedida-de-don-luiz-mancilha-sera-transmitida-por-el-canal-padre-eustaquio\/\" \/>\n<meta property=\"og:site_name\" content=\"Padre Eust\u00e1quio\" \/>\n<meta property=\"article:publisher\" content=\"https:\/\/www.facebook.com\/beatopadreeustaquio\/\" \/>\n<meta property=\"article:published_time\" content=\"2022-08-24T17:38:24+00:00\" \/>\n<meta property=\"article:modified_time\" content=\"2022-08-24T17:58:30+00:00\" \/>\n<meta property=\"og:image\" content=\"https:\/\/www.padreeustaquio.com.br\/wp-content\/uploads\/2022\/08\/despedida-dom-luiz.png\" \/>\n\t<meta property=\"og:image:width\" content=\"548\" \/>\n\t<meta property=\"og:image:height\" content=\"326\" \/>\n\t<meta property=\"og:image:type\" content=\"image\/png\" \/>\n<meta name=\"author\" content=\"@sscc\" \/>\n<meta name=\"twitter:card\" content=\"summary_large_image\" \/>\n<meta name=\"twitter:image\" content=\"https:\/\/www.padreeustaquio.com.br\/wp-content\/uploads\/2022\/08\/despedida-dom-luiz.png\" \/>\n<meta name=\"twitter:creator\" content=\"@beatopeustaquio\" \/>\n<meta name=\"twitter:site\" content=\"@beatopeustaquio\" \/>\n<meta name=\"twitter:label1\" content=\"Escrito por\" \/>\n\t<meta name=\"twitter:data1\" content=\"@sscc\" \/>\n\t<meta name=\"twitter:label2\" content=\"Tiempo de lectura\" \/>\n\t<meta name=\"twitter:data2\" content=\"2 minutos\" \/>\n<script type=\"application\/ld+json\" class=\"yoast-schema-graph\">{\"@context\":\"https:\/\/schema.org\",\"@graph\":[{\"@type\":\"Article\",\"@id\":\"https:\/\/www.padreeustaquio.com.br\/despedida-a-dom-luiz-mancilha-sera-transmitida-pelo-canal-padre-eustaquio\/#article\",\"isPartOf\":{\"@id\":\"https:\/\/www.padreeustaquio.com.br\/despedida-a-dom-luiz-mancilha-sera-transmitida-pelo-canal-padre-eustaquio\/\"},\"author\":{\"name\":\"@sscc\",\"@id\":\"https:\/\/www.padreeustaquio.com.br\/#\/schema\/person\/a2a51db1d00f1a7af0204a0f1ddb1566\"},\"headline\":\"Despedida a Dom Luiz Mancilha ser\u00e1 transmitida pelo Canal Padre Eust\u00e1quio\",\"datePublished\":\"2022-08-24T17:38:24+00:00\",\"dateModified\":\"2022-08-24T17:58:30+00:00\",\"mainEntityOfPage\":{\"@id\":\"https:\/\/www.padreeustaquio.com.br\/despedida-a-dom-luiz-mancilha-sera-transmitida-pelo-canal-padre-eustaquio\/\"},\"wordCount\":424,\"commentCount\":0,\"publisher\":{\"@id\":\"https:\/\/www.padreeustaquio.com.br\/#organization\"},\"image\":{\"@id\":\"https:\/\/www.padreeustaquio.com.br\/despedida-a-dom-luiz-mancilha-sera-transmitida-pelo-canal-padre-eustaquio\/#primaryimage\"},\"thumbnailUrl\":\"https:\/\/www.padreeustaquio.com.br\/wp-content\/uploads\/2022\/08\/despedida-dom-luiz.png\",\"articleSection\":[\"Not\u00edcias\"],\"inLanguage\":\"es\",\"potentialAction\":[{\"@type\":\"CommentAction\",\"name\":\"Comment\",\"target\":[\"https:\/\/www.padreeustaquio.com.br\/despedida-a-dom-luiz-mancilha-sera-transmitida-pelo-canal-padre-eustaquio\/#respond\"]}]},{\"@type\":\"WebPage\",\"@id\":\"https:\/\/www.padreeustaquio.com.br\/despedida-a-dom-luiz-mancilha-sera-transmitida-pelo-canal-padre-eustaquio\/\",\"url\":\"https:\/\/www.padreeustaquio.com.br\/despedida-a-dom-luiz-mancilha-sera-transmitida-pelo-canal-padre-eustaquio\/\",\"name\":\"Despedida a Dom Luiz Mancilha ser\u00e1 transmitida pelo Canal Padre Eust\u00e1quio\",\"isPartOf\":{\"@id\":\"https:\/\/www.padreeustaquio.com.br\/#website\"},\"primaryImageOfPage\":{\"@id\":\"https:\/\/www.padreeustaquio.com.br\/despedida-a-dom-luiz-mancilha-sera-transmitida-pelo-canal-padre-eustaquio\/#primaryimage\"},\"image\":{\"@id\":\"https:\/\/www.padreeustaquio.com.br\/despedida-a-dom-luiz-mancilha-sera-transmitida-pelo-canal-padre-eustaquio\/#primaryimage\"},\"thumbnailUrl\":\"https:\/\/www.padreeustaquio.com.br\/wp-content\/uploads\/2022\/08\/despedida-dom-luiz.png\",\"datePublished\":\"2022-08-24T17:38:24+00:00\",\"dateModified\":\"2022-08-24T17:58:30+00:00\",\"description\":\"A Santa Missa das Ex\u00e9quias e o sepultamento do arcebispo em\u00e9rito de Vit\u00f3ria, no Estado do Esp\u00edrito Santo, Dom Luiz Mancilha Vilela, ss.cc., ser\u00e3o realizados nesta quinta-feira, \u00e0s 10h na Catedral de Vit\u00f3ria. A Celebra\u00e7\u00e3o Eucar\u00edstica ser\u00e1 presidida pelo atual arcebispo metropolitano, Dom Frei Dario Campos e o sepultamento ser\u00e1 na Cripta da Catedral de Vit\u00f3ria.\",\"breadcrumb\":{\"@id\":\"https:\/\/www.padreeustaquio.com.br\/despedida-a-dom-luiz-mancilha-sera-transmitida-pelo-canal-padre-eustaquio\/#breadcrumb\"},\"inLanguage\":\"es\",\"potentialAction\":[{\"@type\":\"ReadAction\",\"target\":[\"https:\/\/www.padreeustaquio.com.br\/despedida-a-dom-luiz-mancilha-sera-transmitida-pelo-canal-padre-eustaquio\/\"]}]},{\"@type\":\"ImageObject\",\"inLanguage\":\"es\",\"@id\":\"https:\/\/www.padreeustaquio.com.br\/despedida-a-dom-luiz-mancilha-sera-transmitida-pelo-canal-padre-eustaquio\/#primaryimage\",\"url\":\"https:\/\/www.padreeustaquio.com.br\/wp-content\/uploads\/2022\/08\/despedida-dom-luiz.png\",\"contentUrl\":\"https:\/\/www.padreeustaquio.com.br\/wp-content\/uploads\/2022\/08\/despedida-dom-luiz.png\",\"width\":548,\"height\":326},{\"@type\":\"BreadcrumbList\",\"@id\":\"https:\/\/www.padreeustaquio.com.br\/despedida-a-dom-luiz-mancilha-sera-transmitida-pelo-canal-padre-eustaquio\/#breadcrumb\",\"itemListElement\":[{\"@type\":\"ListItem\",\"position\":1,\"name\":\"In\u00edcio\",\"item\":\"https:\/\/www.padreeustaquio.com.br\/\"},{\"@type\":\"ListItem\",\"position\":2,\"name\":\"Despedida a Dom Luiz Mancilha ser\u00e1 transmitida pelo Canal Padre Eust\u00e1quio\"}]},{\"@type\":\"WebSite\",\"@id\":\"https:\/\/www.padreeustaquio.com.br\/#website\",\"url\":\"https:\/\/www.padreeustaquio.com.br\/\",\"name\":\"Padre Eust\u00e1quio\",\"description\":\"Sa\u00fade e Paz\",\"publisher\":{\"@id\":\"https:\/\/www.padreeustaquio.com.br\/#organization\"},\"potentialAction\":[{\"@type\":\"SearchAction\",\"target\":{\"@type\":\"EntryPoint\",\"urlTemplate\":\"https:\/\/www.padreeustaquio.com.br\/?s={search_term_string}\"},\"query-input\":{\"@type\":\"PropertyValueSpecification\",\"valueRequired\":true,\"valueName\":\"search_term_string\"}}],\"inLanguage\":\"es\"},{\"@type\":\"Organization\",\"@id\":\"https:\/\/www.padreeustaquio.com.br\/#organization\",\"name\":\"Padre Eust\u00e1quio\",\"url\":\"https:\/\/www.padreeustaquio.com.br\/\",\"logo\":{\"@type\":\"ImageObject\",\"inLanguage\":\"es\",\"@id\":\"https:\/\/www.padreeustaquio.com.br\/#\/schema\/logo\/image\/\",\"url\":\"https:\/\/www.padreeustaquio.com.br\/wp-content\/uploads\/2019\/08\/marca.png\",\"contentUrl\":\"https:\/\/www.padreeustaquio.com.br\/wp-content\/uploads\/2019\/08\/marca.png\",\"width\":350,\"height\":400,\"caption\":\"Padre Eust\u00e1quio\"},\"image\":{\"@id\":\"https:\/\/www.padreeustaquio.com.br\/#\/schema\/logo\/image\/\"},\"sameAs\":[\"https:\/\/www.facebook.com\/beatopadreeustaquio\/\",\"https:\/\/x.com\/beatopeustaquio\",\"https:\/\/www.instagram.com\/beatopadreeustaquio\/\",\"https:\/\/www.youtube.com\/channel\/UCRhw7vfabnajwLxb1ZXMeIw\"]},{\"@type\":\"Person\",\"@id\":\"https:\/\/www.padreeustaquio.com.br\/#\/schema\/person\/a2a51db1d00f1a7af0204a0f1ddb1566\",\"name\":\"@sscc\",\"image\":{\"@type\":\"ImageObject\",\"inLanguage\":\"es\",\"@id\":\"https:\/\/secure.gravatar.com\/avatar\/68cfafa5f44617fea54071e215026e0ff06be366c3d54a8425f04fdcb86f8c5f?s=96&d=mm&r=g\",\"url\":\"https:\/\/secure.gravatar.com\/avatar\/68cfafa5f44617fea54071e215026e0ff06be366c3d54a8425f04fdcb86f8c5f?s=96&d=mm&r=g\",\"contentUrl\":\"https:\/\/secure.gravatar.com\/avatar\/68cfafa5f44617fea54071e215026e0ff06be366c3d54a8425f04fdcb86f8c5f?s=96&d=mm&r=g\",\"caption\":\"@sscc\"},\"url\":\"https:\/\/www.padreeustaquio.com.br\/es\/author\/sscc\/\"}]}<\/script>\n<!-- \/ Yoast SEO plugin. -->","yoast_head_json":{"title":"La despedida de Don Luiz Mancilha ser\u00e1 transmitida por el Canal Padre Eust\u00e1quio.","description":"La Santa Misa de R\u00e9quiem y el entierro del Arzobispo Em\u00e9rito de Vit\u00f3ria, en el Estado de Esp\u00edrito Santo, Dom Luiz Mancilha Vilela, ss.cc., se celebrar\u00e1n este jueves a las 10:00 h en la Catedral de Vit\u00f3ria. La Celebraci\u00f3n Eucar\u00edstica ser\u00e1 presidida por el actual Arzobispo Metropolitano, Dom Frei Dario Campos, y el entierro tendr\u00e1 lugar en la Cripta de la Catedral de Vit\u00f3ria.","robots":{"index":"index","follow":"follow","max-snippet":"max-snippet:-1","max-image-preview":"max-image-preview:large","max-video-preview":"max-video-preview:-1"},"canonical":"https:\/\/www.padreeustaquio.com.br\/es\/la-despedida-de-don-luiz-mancilha-sera-transmitida-por-el-canal-padre-eustaquio\/","og_locale":"es_ES","og_type":"article","og_title":"Despedida a Dom Luiz Mancilha ser\u00e1 transmitida pelo Canal Padre Eust\u00e1quio","og_description":"A Santa Missa das Ex\u00e9quias e o sepultamento do arcebispo em\u00e9rito de Vit\u00f3ria, no Estado do Esp\u00edrito Santo, Dom Luiz Mancilha Vilela, ss.cc., ser\u00e3o realizados nesta quinta-feira, \u00e0s 10h na Catedral de Vit\u00f3ria. A Celebra\u00e7\u00e3o Eucar\u00edstica ser\u00e1 presidida pelo atual arcebispo metropolitano, Dom Frei Dario Campos e o sepultamento ser\u00e1 na Cripta da Catedral de Vit\u00f3ria.","og_url":"https:\/\/www.padreeustaquio.com.br\/es\/la-despedida-de-don-luiz-mancilha-sera-transmitida-por-el-canal-padre-eustaquio\/","og_site_name":"Padre Eust\u00e1quio","article_publisher":"https:\/\/www.facebook.com\/beatopadreeustaquio\/","article_published_time":"2022-08-24T17:38:24+00:00","article_modified_time":"2022-08-24T17:58:30+00:00","og_image":[{"width":548,"height":326,"url":"https:\/\/www.padreeustaquio.com.br\/wp-content\/uploads\/2022\/08\/despedida-dom-luiz.png","type":"image\/png"}],"author":"@sscc","twitter_card":"summary_large_image","twitter_image":"https:\/\/www.padreeustaquio.com.br\/wp-content\/uploads\/2022\/08\/despedida-dom-luiz.png","twitter_creator":"@beatopeustaquio","twitter_site":"@beatopeustaquio","twitter_misc":{"Escrito por":"@sscc","Tiempo de lectura":"2 minutos"},"schema":{"@context":"https:\/\/schema.org","@graph":[{"@type":"Article","@id":"https:\/\/www.padreeustaquio.com.br\/despedida-a-dom-luiz-mancilha-sera-transmitida-pelo-canal-padre-eustaquio\/#article","isPartOf":{"@id":"https:\/\/www.padreeustaquio.com.br\/despedida-a-dom-luiz-mancilha-sera-transmitida-pelo-canal-padre-eustaquio\/"},"author":{"name":"@sscc","@id":"https:\/\/www.padreeustaquio.com.br\/#\/schema\/person\/a2a51db1d00f1a7af0204a0f1ddb1566"},"headline":"Despedida a Dom Luiz Mancilha ser\u00e1 transmitida pelo Canal Padre Eust\u00e1quio","datePublished":"2022-08-24T17:38:24+00:00","dateModified":"2022-08-24T17:58:30+00:00","mainEntityOfPage":{"@id":"https:\/\/www.padreeustaquio.com.br\/despedida-a-dom-luiz-mancilha-sera-transmitida-pelo-canal-padre-eustaquio\/"},"wordCount":424,"commentCount":0,"publisher":{"@id":"https:\/\/www.padreeustaquio.com.br\/#organization"},"image":{"@id":"https:\/\/www.padreeustaquio.com.br\/despedida-a-dom-luiz-mancilha-sera-transmitida-pelo-canal-padre-eustaquio\/#primaryimage"},"thumbnailUrl":"https:\/\/www.padreeustaquio.com.br\/wp-content\/uploads\/2022\/08\/despedida-dom-luiz.png","articleSection":["Not\u00edcias"],"inLanguage":"es","potentialAction":[{"@type":"CommentAction","name":"Comment","target":["https:\/\/www.padreeustaquio.com.br\/despedida-a-dom-luiz-mancilha-sera-transmitida-pelo-canal-padre-eustaquio\/#respond"]}]},{"@type":"WebPage","@id":"https:\/\/www.padreeustaquio.com.br\/despedida-a-dom-luiz-mancilha-sera-transmitida-pelo-canal-padre-eustaquio\/","url":"https:\/\/www.padreeustaquio.com.br\/despedida-a-dom-luiz-mancilha-sera-transmitida-pelo-canal-padre-eustaquio\/","name":"La despedida de Don Luiz Mancilha ser\u00e1 transmitida por el Canal Padre Eust\u00e1quio.","isPartOf":{"@id":"https:\/\/www.padreeustaquio.com.br\/#website"},"primaryImageOfPage":{"@id":"https:\/\/www.padreeustaquio.com.br\/despedida-a-dom-luiz-mancilha-sera-transmitida-pelo-canal-padre-eustaquio\/#primaryimage"},"image":{"@id":"https:\/\/www.padreeustaquio.com.br\/despedida-a-dom-luiz-mancilha-sera-transmitida-pelo-canal-padre-eustaquio\/#primaryimage"},"thumbnailUrl":"https:\/\/www.padreeustaquio.com.br\/wp-content\/uploads\/2022\/08\/despedida-dom-luiz.png","datePublished":"2022-08-24T17:38:24+00:00","dateModified":"2022-08-24T17:58:30+00:00","description":"La Santa Misa de R\u00e9quiem y el entierro del Arzobispo Em\u00e9rito de Vit\u00f3ria, en el Estado de Esp\u00edrito Santo, Dom Luiz Mancilha Vilela, ss.cc., se celebrar\u00e1n este jueves a las 10:00 h en la Catedral de Vit\u00f3ria. La Celebraci\u00f3n Eucar\u00edstica ser\u00e1 presidida por el actual Arzobispo Metropolitano, Dom Frei Dario Campos, y el entierro tendr\u00e1 lugar en la Cripta de la Catedral de Vit\u00f3ria.","breadcrumb":{"@id":"https:\/\/www.padreeustaquio.com.br\/despedida-a-dom-luiz-mancilha-sera-transmitida-pelo-canal-padre-eustaquio\/#breadcrumb"},"inLanguage":"es","potentialAction":[{"@type":"ReadAction","target":["https:\/\/www.padreeustaquio.com.br\/despedida-a-dom-luiz-mancilha-sera-transmitida-pelo-canal-padre-eustaquio\/"]}]},{"@type":"ImageObject","inLanguage":"es","@id":"https:\/\/www.padreeustaquio.com.br\/despedida-a-dom-luiz-mancilha-sera-transmitida-pelo-canal-padre-eustaquio\/#primaryimage","url":"https:\/\/www.padreeustaquio.com.br\/wp-content\/uploads\/2022\/08\/despedida-dom-luiz.png","contentUrl":"https:\/\/www.padreeustaquio.com.br\/wp-content\/uploads\/2022\/08\/despedida-dom-luiz.png","width":548,"height":326},{"@type":"BreadcrumbList","@id":"https:\/\/www.padreeustaquio.com.br\/despedida-a-dom-luiz-mancilha-sera-transmitida-pelo-canal-padre-eustaquio\/#breadcrumb","itemListElement":[{"@type":"ListItem","position":1,"name":"In\u00edcio","item":"https:\/\/www.padreeustaquio.com.br\/"},{"@type":"ListItem","position":2,"name":"Despedida a Dom Luiz Mancilha ser\u00e1 transmitida pelo Canal Padre Eust\u00e1quio"}]},{"@type":"WebSite","@id":"https:\/\/www.padreeustaquio.com.br\/#website","url":"https:\/\/www.padreeustaquio.com.br\/","name":"Padre Eustace","description":"Salud y Paz","publisher":{"@id":"https:\/\/www.padreeustaquio.com.br\/#organization"},"potentialAction":[{"@type":"SearchAction","target":{"@type":"EntryPoint","urlTemplate":"https:\/\/www.padreeustaquio.com.br\/?s={search_term_string}"},"query-input":{"@type":"PropertyValueSpecification","valueRequired":true,"valueName":"search_term_string"}}],"inLanguage":"es"},{"@type":"Organization","@id":"https:\/\/www.padreeustaquio.com.br\/#organization","name":"Padre Eustace","url":"https:\/\/www.padreeustaquio.com.br\/","logo":{"@type":"ImageObject","inLanguage":"es","@id":"https:\/\/www.padreeustaquio.com.br\/#\/schema\/logo\/image\/","url":"https:\/\/www.padreeustaquio.com.br\/wp-content\/uploads\/2019\/08\/marca.png","contentUrl":"https:\/\/www.padreeustaquio.com.br\/wp-content\/uploads\/2019\/08\/marca.png","width":350,"height":400,"caption":"Padre Eust\u00e1quio"},"image":{"@id":"https:\/\/www.padreeustaquio.com.br\/#\/schema\/logo\/image\/"},"sameAs":["https:\/\/www.facebook.com\/beatopadreeustaquio\/","https:\/\/x.com\/beatopeustaquio","https:\/\/www.instagram.com\/beatopadreeustaquio\/","https:\/\/www.youtube.com\/channel\/UCRhw7vfabnajwLxb1ZXMeIw"]},{"@type":"Person","@id":"https:\/\/www.padreeustaquio.com.br\/#\/schema\/person\/a2a51db1d00f1a7af0204a0f1ddb1566","name":"@sscc","image":{"@type":"ImageObject","inLanguage":"es","@id":"https:\/\/secure.gravatar.com\/avatar\/68cfafa5f44617fea54071e215026e0ff06be366c3d54a8425f04fdcb86f8c5f?s=96&d=mm&r=g","url":"https:\/\/secure.gravatar.com\/avatar\/68cfafa5f44617fea54071e215026e0ff06be366c3d54a8425f04fdcb86f8c5f?s=96&d=mm&r=g","contentUrl":"https:\/\/secure.gravatar.com\/avatar\/68cfafa5f44617fea54071e215026e0ff06be366c3d54a8425f04fdcb86f8c5f?s=96&d=mm&r=g","caption":"@sscc"},"url":"https:\/\/www.padreeustaquio.com.br\/es\/author\/sscc\/"}]}},"_links":{"self":[{"href":"https:\/\/www.padreeustaquio.com.br\/es\/wp-json\/wp\/v2\/posts\/9150","targetHints":{"allow":["GET"]}}],"collection":[{"href":"https:\/\/www.padreeustaquio.com.br\/es\/wp-json\/wp\/v2\/posts"}],"about":[{"href":"https:\/\/www.padreeustaquio.com.br\/es\/wp-json\/wp\/v2\/types\/post"}],"author":[{"embeddable":true,"href":"https:\/\/www.padreeustaquio.com.br\/es\/wp-json\/wp\/v2\/users\/2"}],"replies":[{"embeddable":true,"href":"https:\/\/www.padreeustaquio.com.br\/es\/wp-json\/wp\/v2\/comments?post=9150"}],"version-history":[{"count":0,"href":"https:\/\/www.padreeustaquio.com.br\/es\/wp-json\/wp\/v2\/posts\/9150\/revisions"}],"wp:featuredmedia":[{"embeddable":true,"href":"https:\/\/www.padreeustaquio.com.br\/es\/wp-json\/wp\/v2\/media\/9151"}],"wp:attachment":[{"href":"https:\/\/www.padreeustaquio.com.br\/es\/wp-json\/wp\/v2\/media?parent=9150"}],"wp:term":[{"taxonomy":"category","embeddable":true,"href":"https:\/\/www.padreeustaquio.com.br\/es\/wp-json\/wp\/v2\/categories?post=9150"},{"taxonomy":"post_tag","embeddable":true,"href":"https:\/\/www.padreeustaquio.com.br\/es\/wp-json\/wp\/v2\/tags?post=9150"}],"curies":[{"name":"wp","href":"https:\/\/api.w.org\/{rel}","templated":true}]}}