{"id":9137,"date":"2022-08-23T15:36:40","date_gmt":"2022-08-23T18:36:40","guid":{"rendered":"https:\/\/www.padreeustaquio.com.br\/?p=9137"},"modified":"2022-08-23T19:13:31","modified_gmt":"2022-08-23T22:13:31","slug":"don-luiz-mancilha-vilela-ss-cc-muere-a-los-80-anos-en-vitoria-espirito-santo","status":"publish","type":"post","link":"https:\/\/www.padreeustaquio.com.br\/es\/don-luiz-mancilha-vilela-ss-cc-muere-a-los-80-anos-en-vitoria-espirito-santo\/","title":{"rendered":"Muere don Luiz Mancilha Vilela, sscc, a los 80 a\u00f1os en Vit\u00f3ria-ES"},"content":{"rendered":"<p>El Arzobispo Em\u00e9rito de Vit\u00f3ria-ES, Dom Luiz Mancilha Vilela, de 80 a\u00f1os, se encontraba hospitalizado desde el 23 de julio en el Hospital Unimed Vit\u00f3ria por complicaciones hep\u00e1ticas. El domingo pasado, su salud se deterior\u00f3 y, a primeras horas de la tarde de este martes, Dom Luiz falleci\u00f3.<\/p>\n\n\n\n<p>Hospitalizado durante 30 d\u00edas en la UCI, Dom Luiz recibi\u00f3 numerosas visitas de sus hermanos de la Congregaci\u00f3n, sacerdotes y religiosos que trabajan en la Arquidi\u00f3cesis de Vit\u00f3ria, e incluso del Gobernador de Esp\u00edrito Santo. Ayer por la ma\u00f1ana, Dom Luiz mostr\u00f3 una leve mejor\u00eda de su salud, pero la situaci\u00f3n empeor\u00f3 durante la noche debido al cierre de algunos servicios de salud.<\/p>\n\n\n\n<p>El velatorio de Dom Luiz se celebrar\u00e1 en la Catedral de Vit\u00f3ria este mi\u00e9rcoles 24 de agosto, de 9:00 a 21:00. A lo largo del d\u00eda se celebrar\u00e1n misas funerales, comenzando a las 10:00 y continuando por la tarde: 14:00, 16:00, 18:00 y 20:00.<\/p>\n\n\n\n<p>El jueves 25 se celebrar\u00e1n misas a las 6:00, 8:00 y 10:00 h, siendo la \u00faltima la Misa Exequial, presidida por el Arzobispo Dom Frei Dario Campos. El entierro tendr\u00e1 lugar en la Cripta de la Catedral.<\/p>\n\n\n\n<p><strong>Dom Luiz Mancilha Vilela, SS.CC.<\/strong><\/p>\n\n\n\n<p>Luiz Mancilha Vilela naci\u00f3 el 6 de mayo de 1942 en Pouso Alto, en el sur de Minas Gerais. A los 19 a\u00f1os profes\u00f3 sus votos temporales en la Congregaci\u00f3n de los Sagrados Corazones en Pindamonhangaba, S\u00e3o Paulo. Seis a\u00f1os despu\u00e9s, el 21 de diciembre de 1968, fue ordenado sacerdote en Belo Horizonte por el entonces arzobispo de la capital de Minas Gerais, Dom Serafim Fernandes de Ara\u00fajo.<\/p>\n\n\n\n<p>Despu\u00e9s de su ordenaci\u00f3n, Dom Luiz sirvi\u00f3 como coordinador de la Pastoral Vocacional de la Provincia de la Congregaci\u00f3n de los Sagrados Corazones, consejero provincial y superior del Seminario de los Sagrados Corazones en Pindamonhangaba, S\u00e3o Paulo.<\/p>\n\n\n\n<p>El 3 de diciembre de 1985, el Papa Juan Pablo II nombr\u00f3 a Luiz Mancilha Vilela obispo de Cachoeiro do Itapemerim-ES. Su ordenaci\u00f3n episcopal tuvo lugar el 22 de febrero de 1986, y Dom Luiz permaneci\u00f3 all\u00ed durante 17 a\u00f1os. En 2002, se traslad\u00f3 a la capital, Vit\u00f3ria, como obispo auxiliar, y dos a\u00f1os despu\u00e9s, el 14 de abril de 2004, fue nombrado arzobispo de Vit\u00f3ria, cargo que ocup\u00f3 hasta su jubilaci\u00f3n en noviembre de 2018.<\/p>\n\n\n\n<p>Desde entonces, como Arzobispo Em\u00e9rito, Dom Luiz permaneci\u00f3 residiendo en la Arquidi\u00f3cesis de Vit\u00f3ria, donde realiz\u00f3 diversas actividades religiosas. A lo largo de su vida escribi\u00f3 varias obras, entre ellas: &quot;Ora Conmigo&quot;, &quot;Tras los Pasos de Jes\u00fas&quot; y &quot;Visita al Santuario de la Salud y la Paz&quot;, donde relata, con frases po\u00e9ticas, cada detalle de la Iglesia del Padre Eust\u00e1quio en Belo Horizonte.<\/p>\n\n\n\n<p><\/p>","protected":false},"excerpt":{"rendered":"<p>O arcebispo em\u00e9rito de Vit\u00f3ria-ES, Dom Luiz Mancilha Vilela, de 80 anos, estava internado desde o dia 23 de julho no Hospital Unimed Vit\u00f3ria, para tratar de complica\u00e7\u00f5es hep\u00e1ticas. No \u00faltimo domingo o estado de sa\u00fade do arcebispo piorou e no in\u00edcio da tarde desta ter\u00e7a-feira Dom Luiz partiu para a casa do Pai. Internado h\u00e1 30 dias na UTI do hospital, Dom Luiz chegou a receber muitas visitas dos irm\u00e3os de Congrega\u00e7\u00e3o, padres e religiosos que atuam na Arquidiocese de Vit\u00f3ria e at\u00e9 do Governador do Esp\u00edrito Santo. Na manh\u00e3 de ontem, Dom Luiz teve uma pequena melhora no [&hellip;]<\/p>\n","protected":false},"author":2,"featured_media":9138,"comment_status":"open","ping_status":"closed","sticky":false,"template":"","format":"standard","meta":{"_acf_changed":false,"footnotes":""},"categories":[611],"tags":[],"class_list":["post-9137","post","type-post","status-publish","format-standard","has-post-thumbnail","hentry","category-noticias"],"acf":[],"yoast_head":"<!-- This site is optimized with the Yoast SEO plugin v27.2 - https:\/\/yoast.com\/product\/yoast-seo-wordpress\/ -->\n<title>Dom Luiz Mancilha Vilela, sscc, morre aos 80 anos em Vit\u00f3ria-ES<\/title>\n<meta name=\"description\" content=\"O arcebispo em\u00e9rito de Vit\u00f3ria-ES, Dom Luiz Mancilha Vilela, de 80 anos, estava internado desde o dia 23 de julho no Hospital Unimed Vit\u00f3ria, para tratar de complica\u00e7\u00f5es hep\u00e1ticas. No \u00faltimo domingo o estado de sa\u00fade do arcebispo piorou e no in\u00edcio da tarde desta ter\u00e7a-feira Dom Luiz partiu para a casa do Pai.\" \/>\n<meta name=\"robots\" content=\"index, follow, max-snippet:-1, max-image-preview:large, max-video-preview:-1\" \/>\n<link rel=\"canonical\" href=\"https:\/\/www.padreeustaquio.com.br\/es\/don-luiz-mancilha-vilela-ss-cc-muere-a-los-80-anos-en-vitoria-espirito-santo\/\" \/>\n<meta property=\"og:locale\" content=\"es_ES\" \/>\n<meta property=\"og:type\" content=\"article\" \/>\n<meta property=\"og:title\" content=\"Dom Luiz Mancilha Vilela, sscc, morre aos 80 anos em Vit\u00f3ria-ES\" \/>\n<meta property=\"og:description\" content=\"O arcebispo em\u00e9rito de Vit\u00f3ria-ES, Dom Luiz Mancilha Vilela, de 80 anos, estava internado desde o dia 23 de julho no Hospital Unimed Vit\u00f3ria, para tratar de complica\u00e7\u00f5es hep\u00e1ticas. No \u00faltimo domingo o estado de sa\u00fade do arcebispo piorou e no in\u00edcio da tarde desta ter\u00e7a-feira Dom Luiz partiu para a casa do Pai.\" \/>\n<meta property=\"og:url\" content=\"https:\/\/www.padreeustaquio.com.br\/es\/don-luiz-mancilha-vilela-ss-cc-muere-a-los-80-anos-en-vitoria-espirito-santo\/\" \/>\n<meta property=\"og:site_name\" content=\"Padre Eust\u00e1quio\" \/>\n<meta property=\"article:publisher\" content=\"https:\/\/www.facebook.com\/beatopadreeustaquio\/\" \/>\n<meta property=\"article:published_time\" content=\"2022-08-23T18:36:40+00:00\" \/>\n<meta property=\"article:modified_time\" content=\"2022-08-23T22:13:31+00:00\" \/>\n<meta property=\"og:image\" content=\"https:\/\/www.padreeustaquio.com.br\/wp-content\/uploads\/2022\/08\/Dom-luiz-2-scaled-e1661279716111.jpg\" \/>\n\t<meta property=\"og:image:width\" content=\"2041\" \/>\n\t<meta property=\"og:image:height\" content=\"1132\" \/>\n\t<meta property=\"og:image:type\" content=\"image\/jpeg\" \/>\n<meta name=\"author\" content=\"@sscc\" \/>\n<meta name=\"twitter:card\" content=\"summary_large_image\" \/>\n<meta name=\"twitter:creator\" content=\"@beatopeustaquio\" \/>\n<meta name=\"twitter:site\" content=\"@beatopeustaquio\" \/>\n<meta name=\"twitter:label1\" content=\"Escrito por\" \/>\n\t<meta name=\"twitter:data1\" content=\"@sscc\" \/>\n\t<meta name=\"twitter:label2\" content=\"Tiempo de lectura\" \/>\n\t<meta name=\"twitter:data2\" content=\"2 minutos\" \/>\n<script type=\"application\/ld+json\" class=\"yoast-schema-graph\">{\"@context\":\"https:\/\/schema.org\",\"@graph\":[{\"@type\":\"Article\",\"@id\":\"https:\/\/www.padreeustaquio.com.br\/dom-luiz-mancilha-vilela-ss-cc-morre-aos-80-anos-em-vitoria-es\/#article\",\"isPartOf\":{\"@id\":\"https:\/\/www.padreeustaquio.com.br\/dom-luiz-mancilha-vilela-ss-cc-morre-aos-80-anos-em-vitoria-es\/\"},\"author\":{\"name\":\"@sscc\",\"@id\":\"https:\/\/www.padreeustaquio.com.br\/#\/schema\/person\/a2a51db1d00f1a7af0204a0f1ddb1566\"},\"headline\":\"Dom Luiz Mancilha Vilela, sscc, morre aos 80 anos em Vit\u00f3ria-ES\",\"datePublished\":\"2022-08-23T18:36:40+00:00\",\"dateModified\":\"2022-08-23T22:13:31+00:00\",\"mainEntityOfPage\":{\"@id\":\"https:\/\/www.padreeustaquio.com.br\/dom-luiz-mancilha-vilela-ss-cc-morre-aos-80-anos-em-vitoria-es\/\"},\"wordCount\":465,\"commentCount\":0,\"publisher\":{\"@id\":\"https:\/\/www.padreeustaquio.com.br\/#organization\"},\"image\":{\"@id\":\"https:\/\/www.padreeustaquio.com.br\/dom-luiz-mancilha-vilela-ss-cc-morre-aos-80-anos-em-vitoria-es\/#primaryimage\"},\"thumbnailUrl\":\"https:\/\/www.padreeustaquio.com.br\/wp-content\/uploads\/2022\/08\/Dom-luiz-2-scaled-e1661279716111.jpg\",\"articleSection\":[\"Not\u00edcias\"],\"inLanguage\":\"es\",\"potentialAction\":[{\"@type\":\"CommentAction\",\"name\":\"Comment\",\"target\":[\"https:\/\/www.padreeustaquio.com.br\/dom-luiz-mancilha-vilela-ss-cc-morre-aos-80-anos-em-vitoria-es\/#respond\"]}]},{\"@type\":\"WebPage\",\"@id\":\"https:\/\/www.padreeustaquio.com.br\/dom-luiz-mancilha-vilela-ss-cc-morre-aos-80-anos-em-vitoria-es\/\",\"url\":\"https:\/\/www.padreeustaquio.com.br\/dom-luiz-mancilha-vilela-ss-cc-morre-aos-80-anos-em-vitoria-es\/\",\"name\":\"Dom Luiz Mancilha Vilela, sscc, morre aos 80 anos em Vit\u00f3ria-ES\",\"isPartOf\":{\"@id\":\"https:\/\/www.padreeustaquio.com.br\/#website\"},\"primaryImageOfPage\":{\"@id\":\"https:\/\/www.padreeustaquio.com.br\/dom-luiz-mancilha-vilela-ss-cc-morre-aos-80-anos-em-vitoria-es\/#primaryimage\"},\"image\":{\"@id\":\"https:\/\/www.padreeustaquio.com.br\/dom-luiz-mancilha-vilela-ss-cc-morre-aos-80-anos-em-vitoria-es\/#primaryimage\"},\"thumbnailUrl\":\"https:\/\/www.padreeustaquio.com.br\/wp-content\/uploads\/2022\/08\/Dom-luiz-2-scaled-e1661279716111.jpg\",\"datePublished\":\"2022-08-23T18:36:40+00:00\",\"dateModified\":\"2022-08-23T22:13:31+00:00\",\"description\":\"O arcebispo em\u00e9rito de Vit\u00f3ria-ES, Dom Luiz Mancilha Vilela, de 80 anos, estava internado desde o dia 23 de julho no Hospital Unimed Vit\u00f3ria, para tratar de complica\u00e7\u00f5es hep\u00e1ticas. No \u00faltimo domingo o estado de sa\u00fade do arcebispo piorou e no in\u00edcio da tarde desta ter\u00e7a-feira Dom Luiz partiu para a casa do Pai.\",\"breadcrumb\":{\"@id\":\"https:\/\/www.padreeustaquio.com.br\/dom-luiz-mancilha-vilela-ss-cc-morre-aos-80-anos-em-vitoria-es\/#breadcrumb\"},\"inLanguage\":\"es\",\"potentialAction\":[{\"@type\":\"ReadAction\",\"target\":[\"https:\/\/www.padreeustaquio.com.br\/dom-luiz-mancilha-vilela-ss-cc-morre-aos-80-anos-em-vitoria-es\/\"]}]},{\"@type\":\"ImageObject\",\"inLanguage\":\"es\",\"@id\":\"https:\/\/www.padreeustaquio.com.br\/dom-luiz-mancilha-vilela-ss-cc-morre-aos-80-anos-em-vitoria-es\/#primaryimage\",\"url\":\"https:\/\/www.padreeustaquio.com.br\/wp-content\/uploads\/2022\/08\/Dom-luiz-2-scaled-e1661279716111.jpg\",\"contentUrl\":\"https:\/\/www.padreeustaquio.com.br\/wp-content\/uploads\/2022\/08\/Dom-luiz-2-scaled-e1661279716111.jpg\",\"width\":2041,\"height\":1132},{\"@type\":\"BreadcrumbList\",\"@id\":\"https:\/\/www.padreeustaquio.com.br\/dom-luiz-mancilha-vilela-ss-cc-morre-aos-80-anos-em-vitoria-es\/#breadcrumb\",\"itemListElement\":[{\"@type\":\"ListItem\",\"position\":1,\"name\":\"In\u00edcio\",\"item\":\"https:\/\/www.padreeustaquio.com.br\/\"},{\"@type\":\"ListItem\",\"position\":2,\"name\":\"Dom Luiz Mancilha Vilela, sscc, morre aos 80 anos em Vit\u00f3ria-ES\"}]},{\"@type\":\"WebSite\",\"@id\":\"https:\/\/www.padreeustaquio.com.br\/#website\",\"url\":\"https:\/\/www.padreeustaquio.com.br\/\",\"name\":\"Padre Eust\u00e1quio\",\"description\":\"Sa\u00fade e Paz\",\"publisher\":{\"@id\":\"https:\/\/www.padreeustaquio.com.br\/#organization\"},\"potentialAction\":[{\"@type\":\"SearchAction\",\"target\":{\"@type\":\"EntryPoint\",\"urlTemplate\":\"https:\/\/www.padreeustaquio.com.br\/?s={search_term_string}\"},\"query-input\":{\"@type\":\"PropertyValueSpecification\",\"valueRequired\":true,\"valueName\":\"search_term_string\"}}],\"inLanguage\":\"es\"},{\"@type\":\"Organization\",\"@id\":\"https:\/\/www.padreeustaquio.com.br\/#organization\",\"name\":\"Padre Eust\u00e1quio\",\"url\":\"https:\/\/www.padreeustaquio.com.br\/\",\"logo\":{\"@type\":\"ImageObject\",\"inLanguage\":\"es\",\"@id\":\"https:\/\/www.padreeustaquio.com.br\/#\/schema\/logo\/image\/\",\"url\":\"https:\/\/www.padreeustaquio.com.br\/wp-content\/uploads\/2019\/08\/marca.png\",\"contentUrl\":\"https:\/\/www.padreeustaquio.com.br\/wp-content\/uploads\/2019\/08\/marca.png\",\"width\":350,\"height\":400,\"caption\":\"Padre Eust\u00e1quio\"},\"image\":{\"@id\":\"https:\/\/www.padreeustaquio.com.br\/#\/schema\/logo\/image\/\"},\"sameAs\":[\"https:\/\/www.facebook.com\/beatopadreeustaquio\/\",\"https:\/\/x.com\/beatopeustaquio\",\"https:\/\/www.instagram.com\/beatopadreeustaquio\/\",\"https:\/\/www.youtube.com\/channel\/UCRhw7vfabnajwLxb1ZXMeIw\"]},{\"@type\":\"Person\",\"@id\":\"https:\/\/www.padreeustaquio.com.br\/#\/schema\/person\/a2a51db1d00f1a7af0204a0f1ddb1566\",\"name\":\"@sscc\",\"image\":{\"@type\":\"ImageObject\",\"inLanguage\":\"es\",\"@id\":\"https:\/\/secure.gravatar.com\/avatar\/68cfafa5f44617fea54071e215026e0ff06be366c3d54a8425f04fdcb86f8c5f?s=96&d=mm&r=g\",\"url\":\"https:\/\/secure.gravatar.com\/avatar\/68cfafa5f44617fea54071e215026e0ff06be366c3d54a8425f04fdcb86f8c5f?s=96&d=mm&r=g\",\"contentUrl\":\"https:\/\/secure.gravatar.com\/avatar\/68cfafa5f44617fea54071e215026e0ff06be366c3d54a8425f04fdcb86f8c5f?s=96&d=mm&r=g\",\"caption\":\"@sscc\"},\"url\":\"https:\/\/www.padreeustaquio.com.br\/es\/author\/sscc\/\"}]}<\/script>\n<!-- \/ Yoast SEO plugin. -->","yoast_head_json":{"title":"Muere don Luiz Mancilha Vilela, sscc, a los 80 a\u00f1os en Vit\u00f3ria-ES","description":"El Arzobispo Em\u00e9rito de Vit\u00f3ria-ES, Dom Luiz Mancilha Vilela, de 80 a\u00f1os, se encontraba hospitalizado desde el 23 de julio en el Hospital Unimed Vit\u00f3ria por complicaciones hep\u00e1ticas. El domingo pasado, su salud se deterior\u00f3 y, a primeras horas de la tarde de este martes, Dom Luiz falleci\u00f3.","robots":{"index":"index","follow":"follow","max-snippet":"max-snippet:-1","max-image-preview":"max-image-preview:large","max-video-preview":"max-video-preview:-1"},"canonical":"https:\/\/www.padreeustaquio.com.br\/es\/don-luiz-mancilha-vilela-ss-cc-muere-a-los-80-anos-en-vitoria-espirito-santo\/","og_locale":"es_ES","og_type":"article","og_title":"Dom Luiz Mancilha Vilela, sscc, morre aos 80 anos em Vit\u00f3ria-ES","og_description":"O arcebispo em\u00e9rito de Vit\u00f3ria-ES, Dom Luiz Mancilha Vilela, de 80 anos, estava internado desde o dia 23 de julho no Hospital Unimed Vit\u00f3ria, para tratar de complica\u00e7\u00f5es hep\u00e1ticas. No \u00faltimo domingo o estado de sa\u00fade do arcebispo piorou e no in\u00edcio da tarde desta ter\u00e7a-feira Dom Luiz partiu para a casa do Pai.","og_url":"https:\/\/www.padreeustaquio.com.br\/es\/don-luiz-mancilha-vilela-ss-cc-muere-a-los-80-anos-en-vitoria-espirito-santo\/","og_site_name":"Padre Eust\u00e1quio","article_publisher":"https:\/\/www.facebook.com\/beatopadreeustaquio\/","article_published_time":"2022-08-23T18:36:40+00:00","article_modified_time":"2022-08-23T22:13:31+00:00","og_image":[{"width":2041,"height":1132,"url":"https:\/\/www.padreeustaquio.com.br\/wp-content\/uploads\/2022\/08\/Dom-luiz-2-scaled-e1661279716111.jpg","type":"image\/jpeg"}],"author":"@sscc","twitter_card":"summary_large_image","twitter_creator":"@beatopeustaquio","twitter_site":"@beatopeustaquio","twitter_misc":{"Escrito por":"@sscc","Tiempo de lectura":"2 minutos"},"schema":{"@context":"https:\/\/schema.org","@graph":[{"@type":"Article","@id":"https:\/\/www.padreeustaquio.com.br\/dom-luiz-mancilha-vilela-ss-cc-morre-aos-80-anos-em-vitoria-es\/#article","isPartOf":{"@id":"https:\/\/www.padreeustaquio.com.br\/dom-luiz-mancilha-vilela-ss-cc-morre-aos-80-anos-em-vitoria-es\/"},"author":{"name":"@sscc","@id":"https:\/\/www.padreeustaquio.com.br\/#\/schema\/person\/a2a51db1d00f1a7af0204a0f1ddb1566"},"headline":"Dom Luiz Mancilha Vilela, sscc, morre aos 80 anos em Vit\u00f3ria-ES","datePublished":"2022-08-23T18:36:40+00:00","dateModified":"2022-08-23T22:13:31+00:00","mainEntityOfPage":{"@id":"https:\/\/www.padreeustaquio.com.br\/dom-luiz-mancilha-vilela-ss-cc-morre-aos-80-anos-em-vitoria-es\/"},"wordCount":465,"commentCount":0,"publisher":{"@id":"https:\/\/www.padreeustaquio.com.br\/#organization"},"image":{"@id":"https:\/\/www.padreeustaquio.com.br\/dom-luiz-mancilha-vilela-ss-cc-morre-aos-80-anos-em-vitoria-es\/#primaryimage"},"thumbnailUrl":"https:\/\/www.padreeustaquio.com.br\/wp-content\/uploads\/2022\/08\/Dom-luiz-2-scaled-e1661279716111.jpg","articleSection":["Not\u00edcias"],"inLanguage":"es","potentialAction":[{"@type":"CommentAction","name":"Comment","target":["https:\/\/www.padreeustaquio.com.br\/dom-luiz-mancilha-vilela-ss-cc-morre-aos-80-anos-em-vitoria-es\/#respond"]}]},{"@type":"WebPage","@id":"https:\/\/www.padreeustaquio.com.br\/dom-luiz-mancilha-vilela-ss-cc-morre-aos-80-anos-em-vitoria-es\/","url":"https:\/\/www.padreeustaquio.com.br\/dom-luiz-mancilha-vilela-ss-cc-morre-aos-80-anos-em-vitoria-es\/","name":"Muere don Luiz Mancilha Vilela, sscc, a los 80 a\u00f1os en Vit\u00f3ria-ES","isPartOf":{"@id":"https:\/\/www.padreeustaquio.com.br\/#website"},"primaryImageOfPage":{"@id":"https:\/\/www.padreeustaquio.com.br\/dom-luiz-mancilha-vilela-ss-cc-morre-aos-80-anos-em-vitoria-es\/#primaryimage"},"image":{"@id":"https:\/\/www.padreeustaquio.com.br\/dom-luiz-mancilha-vilela-ss-cc-morre-aos-80-anos-em-vitoria-es\/#primaryimage"},"thumbnailUrl":"https:\/\/www.padreeustaquio.com.br\/wp-content\/uploads\/2022\/08\/Dom-luiz-2-scaled-e1661279716111.jpg","datePublished":"2022-08-23T18:36:40+00:00","dateModified":"2022-08-23T22:13:31+00:00","description":"El Arzobispo Em\u00e9rito de Vit\u00f3ria-ES, Dom Luiz Mancilha Vilela, de 80 a\u00f1os, se encontraba hospitalizado desde el 23 de julio en el Hospital Unimed Vit\u00f3ria por complicaciones hep\u00e1ticas. El domingo pasado, su salud se deterior\u00f3 y, a primeras horas de la tarde de este martes, Dom Luiz falleci\u00f3.","breadcrumb":{"@id":"https:\/\/www.padreeustaquio.com.br\/dom-luiz-mancilha-vilela-ss-cc-morre-aos-80-anos-em-vitoria-es\/#breadcrumb"},"inLanguage":"es","potentialAction":[{"@type":"ReadAction","target":["https:\/\/www.padreeustaquio.com.br\/dom-luiz-mancilha-vilela-ss-cc-morre-aos-80-anos-em-vitoria-es\/"]}]},{"@type":"ImageObject","inLanguage":"es","@id":"https:\/\/www.padreeustaquio.com.br\/dom-luiz-mancilha-vilela-ss-cc-morre-aos-80-anos-em-vitoria-es\/#primaryimage","url":"https:\/\/www.padreeustaquio.com.br\/wp-content\/uploads\/2022\/08\/Dom-luiz-2-scaled-e1661279716111.jpg","contentUrl":"https:\/\/www.padreeustaquio.com.br\/wp-content\/uploads\/2022\/08\/Dom-luiz-2-scaled-e1661279716111.jpg","width":2041,"height":1132},{"@type":"BreadcrumbList","@id":"https:\/\/www.padreeustaquio.com.br\/dom-luiz-mancilha-vilela-ss-cc-morre-aos-80-anos-em-vitoria-es\/#breadcrumb","itemListElement":[{"@type":"ListItem","position":1,"name":"In\u00edcio","item":"https:\/\/www.padreeustaquio.com.br\/"},{"@type":"ListItem","position":2,"name":"Dom Luiz Mancilha Vilela, sscc, morre aos 80 anos em Vit\u00f3ria-ES"}]},{"@type":"WebSite","@id":"https:\/\/www.padreeustaquio.com.br\/#website","url":"https:\/\/www.padreeustaquio.com.br\/","name":"Padre Eustace","description":"Salud y Paz","publisher":{"@id":"https:\/\/www.padreeustaquio.com.br\/#organization"},"potentialAction":[{"@type":"SearchAction","target":{"@type":"EntryPoint","urlTemplate":"https:\/\/www.padreeustaquio.com.br\/?s={search_term_string}"},"query-input":{"@type":"PropertyValueSpecification","valueRequired":true,"valueName":"search_term_string"}}],"inLanguage":"es"},{"@type":"Organization","@id":"https:\/\/www.padreeustaquio.com.br\/#organization","name":"Padre Eustace","url":"https:\/\/www.padreeustaquio.com.br\/","logo":{"@type":"ImageObject","inLanguage":"es","@id":"https:\/\/www.padreeustaquio.com.br\/#\/schema\/logo\/image\/","url":"https:\/\/www.padreeustaquio.com.br\/wp-content\/uploads\/2019\/08\/marca.png","contentUrl":"https:\/\/www.padreeustaquio.com.br\/wp-content\/uploads\/2019\/08\/marca.png","width":350,"height":400,"caption":"Padre Eust\u00e1quio"},"image":{"@id":"https:\/\/www.padreeustaquio.com.br\/#\/schema\/logo\/image\/"},"sameAs":["https:\/\/www.facebook.com\/beatopadreeustaquio\/","https:\/\/x.com\/beatopeustaquio","https:\/\/www.instagram.com\/beatopadreeustaquio\/","https:\/\/www.youtube.com\/channel\/UCRhw7vfabnajwLxb1ZXMeIw"]},{"@type":"Person","@id":"https:\/\/www.padreeustaquio.com.br\/#\/schema\/person\/a2a51db1d00f1a7af0204a0f1ddb1566","name":"@sscc","image":{"@type":"ImageObject","inLanguage":"es","@id":"https:\/\/secure.gravatar.com\/avatar\/68cfafa5f44617fea54071e215026e0ff06be366c3d54a8425f04fdcb86f8c5f?s=96&d=mm&r=g","url":"https:\/\/secure.gravatar.com\/avatar\/68cfafa5f44617fea54071e215026e0ff06be366c3d54a8425f04fdcb86f8c5f?s=96&d=mm&r=g","contentUrl":"https:\/\/secure.gravatar.com\/avatar\/68cfafa5f44617fea54071e215026e0ff06be366c3d54a8425f04fdcb86f8c5f?s=96&d=mm&r=g","caption":"@sscc"},"url":"https:\/\/www.padreeustaquio.com.br\/es\/author\/sscc\/"}]}},"_links":{"self":[{"href":"https:\/\/www.padreeustaquio.com.br\/es\/wp-json\/wp\/v2\/posts\/9137","targetHints":{"allow":["GET"]}}],"collection":[{"href":"https:\/\/www.padreeustaquio.com.br\/es\/wp-json\/wp\/v2\/posts"}],"about":[{"href":"https:\/\/www.padreeustaquio.com.br\/es\/wp-json\/wp\/v2\/types\/post"}],"author":[{"embeddable":true,"href":"https:\/\/www.padreeustaquio.com.br\/es\/wp-json\/wp\/v2\/users\/2"}],"replies":[{"embeddable":true,"href":"https:\/\/www.padreeustaquio.com.br\/es\/wp-json\/wp\/v2\/comments?post=9137"}],"version-history":[{"count":0,"href":"https:\/\/www.padreeustaquio.com.br\/es\/wp-json\/wp\/v2\/posts\/9137\/revisions"}],"wp:featuredmedia":[{"embeddable":true,"href":"https:\/\/www.padreeustaquio.com.br\/es\/wp-json\/wp\/v2\/media\/9138"}],"wp:attachment":[{"href":"https:\/\/www.padreeustaquio.com.br\/es\/wp-json\/wp\/v2\/media?parent=9137"}],"wp:term":[{"taxonomy":"category","embeddable":true,"href":"https:\/\/www.padreeustaquio.com.br\/es\/wp-json\/wp\/v2\/categories?post=9137"},{"taxonomy":"post_tag","embeddable":true,"href":"https:\/\/www.padreeustaquio.com.br\/es\/wp-json\/wp\/v2\/tags?post=9137"}],"curies":[{"name":"wp","href":"https:\/\/api.w.org\/{rel}","templated":true}]}}