{"id":9133,"date":"2022-08-22T18:50:19","date_gmt":"2022-08-22T21:50:19","guid":{"rendered":"https:\/\/www.padreeustaquio.com.br\/?p=9133"},"modified":"2022-08-22T18:50:54","modified_gmt":"2022-08-22T21:50:54","slug":"el-coro-gregoriano-de-belo-horizonte-se-presenta-en-el-primer-dia-de-la-novena-al-padre-eustaquio","status":"publish","type":"post","link":"https:\/\/www.padreeustaquio.com.br\/es\/el-coro-gregoriano-de-belo-horizonte-se-presenta-en-el-primer-dia-de-la-novena-al-padre-eustaquio\/","title":{"rendered":"El Coro Gregoriano de Belo Horizonte se presenta en el primer d\u00eda de la Novena al Padre Eust\u00e1quio."},"content":{"rendered":"<p>El fin de semana fue una celebraci\u00f3n para los devotos del Beato Padre Eustaquio. El s\u00e1bado, el Coro de los Peque\u00f1os Cantores de los Sagrados Corazones de Carm\u00f3polis de Minas-MG particip\u00f3 en la celebraci\u00f3n con cantos lit\u00fargicos y un hermoso homenaje a Jes\u00fas y Mar\u00eda al final de la Santa Misa. Ayer, le toc\u00f3 actuar al Coro Gregoriano. Sus miembros cantaron los cantos de la Misa Solemne que abri\u00f3 la Novena al Beato Padre Eustaquio.<\/p>\n\n\n\n<p>Los 11 miembros del tradicional Coro Gregoriano de Belo Horizonte acudieron al coro central del Santuario Arquidiocesano de Salud y Paz para cantar canciones en lat\u00edn durante la Celebraci\u00f3n Eucar\u00edstica de este domingo. La Santa Misa se transmiti\u00f3 en vivo por el Canal Padre Eust\u00e1quio en YouTube.<a href=\"https:\/\/www.youtube.com\/watch?v=4Cpkm6QhDiw\" target=\"_blank\" rel=\"noreferrer noopener\">REVISAR AQU\u00cd<\/a>).<\/p>\n\n\n\n<p>Adem\u00e1s de la participaci\u00f3n del Coro Gregoriano, la celebraci\u00f3n tambi\u00e9n cont\u00f3 con la presencia de religiosos y religiosas invitados de diversas Congregaciones que tienen casa en la capital minera.<\/p>\n\n\n\n<p><strong>Coro Gregoriano de Belo Horizonte<\/strong><\/p>\n\n\n\n<p>El Coro Gregoriano de Belo Horizonte se fund\u00f3 el 19 de marzo de 1990 en el Centro Cultural de la Universidad Federal de Minas Gerais (UFMG), en Belo Horizonte, capital del estado de Minas Gerais. El primer grupo estuvo compuesto por 38 personas (hombres y mujeres), y cabe destacar que la mayor\u00eda de los hombres eran exseminaristas que ya hab\u00edan tenido contacto con el canto gregoriano durante sus a\u00f1os escolares. El coro es uno de los pocos grupos en Brasil que canta exclusivamente en canto gregoriano.<\/p>\n\n\n\n<p>La creaci\u00f3n del coro y el curso de canto gregoriano fue una iniciativa del Padre Nereu de Castro Teixeira para rescatar y mantener vivo el repertorio m\u00e1s antiguo de la Iglesia Cat\u00f3lica. Surgi\u00f3 a ra\u00edz de una pregunta de su familia, quienes estaban descontentos porque \u00e9l, siendo uno de los mayores expertos en este g\u00e9nero musical en Brasil, no ten\u00eda la oportunidad de transmitir sus conocimientos. Por lo tanto, decidi\u00f3 formar un coro y un curso de canto gregoriano.<\/p>\n\n\n\n<p>A diciembre de 2019, el grupo contaba con 19 miembros, 4 de los cuales formaban parte del coro desde su fundaci\u00f3n. Los miembros actuales del coro son:<\/p>\n\n\n\n<p>Hombres: Altair de Almeida Costa, Ant\u00f4nio Correa Neto, Ely de Oliveira, Jos\u00e9 da Silva Ara\u00fajo, Jos\u00e9 Lembi de Freitas Viana, Lucas Dueles Calonge, Luiz Eduardo de Oliveira, Ol\u00edmpio Soares Aranha, Orlando Elizi\u00e1rio da Silva y Paulo Maur\u00edcio de Aguiar Botelho.<\/p>\n\n\n\n<p>Mujeres: \u00c2ngela Perlato Naves, Betty Ramos Pereira, Maria Alice Ladeira de Souza, Maria das Dores Faustina Lage (Dorinha): directora, Natelze Ribeiro, Santa Rodrigues de Souza, Silvana Maria El\u00f3i Santos, Vanessa Campos y Vera Beatriz Paranhos Pinto.<\/p>\n\n\n\n<p>Debido a la naturaleza \u00fanica del canto gregoriano, el coro act\u00faa principalmente en celebraciones lit\u00fargicas (misas) y, espor\u00e1dicamente, en otros eventos con el objetivo de promover el canto gregoriano; sus actuaciones tienen lugar en parroquias, iglesias y otras instituciones.<\/p>\n\n\n\n<p>Adem\u00e1s de cantar en diversas misas en Belo Horizonte, el coro particip\u00f3 de celebraciones en las siguientes ciudades del estado de Minas Gerais: Caet\u00e9, Campo Belo, Congonhas, Juiz de Fora (V Festival Internacional de M\u00fasica Antigua y M\u00fasica Colonial Brasile\u00f1a), Lavras (I Festival Coral de la Fundaci\u00f3n Abra\u00e3o Kasinski \u2013 FAK), Mariana, Ouro Preto, Santa Luzia, S\u00e3o Jo\u00e3o del Rei y en Barretos, en el estado. de S\u00e3o Paulo, en la Misa de Acci\u00f3n de Gracias por el cumplea\u00f1os del Dr. Jo\u00e3o Monteiro Filho, fundador de Rede Vida Televisi\u00f3n, y de Cabo Frio, en el estado de R\u00edo de Janeiro, y como parte de las celebraciones de sus 10 a\u00f1os de actividad, el coro cant\u00f3 una misa con los monjes del Monasterio de S\u00e3o Bento, en la ciudad de R\u00edo de Janeiro.<\/p>\n\n\n\n<p><\/p>","protected":false},"excerpt":{"rendered":"<p>O final de semana foi de festa para os devotos do Bem-Aventurado Padre Eust\u00e1quio. No s\u00e1bado, o Coral dos Pequenos Cantores dos Sagrados Cora\u00e7\u00f5es de Carm\u00f3polis de Minas-MG, participaram da celebra\u00e7\u00e3o com cantos lit\u00fargicos e uma linda homenagem a Jesus e a Maria, ao final da Santa Missa. Ontem, foi a vez do Coral Gregoriano se apresentar. Os integrantes cantaram os cantos da Missa Solene de abertura da Novena ao Beato Padre Eust\u00e1quio. Os 11 integrantes do tradicional Coral Gregoriano de Belo Horizonte subiram no coro central do Santu\u00e1rio Arquidiocesano da Sa\u00fade e da Paz para cantar m\u00fasicas em latim [&hellip;]<\/p>\n","protected":false},"author":2,"featured_media":9134,"comment_status":"open","ping_status":"closed","sticky":false,"template":"","format":"standard","meta":{"_acf_changed":false,"footnotes":""},"categories":[611],"tags":[],"class_list":["post-9133","post","type-post","status-publish","format-standard","has-post-thumbnail","hentry","category-noticias"],"acf":[],"yoast_head":"<!-- This site is optimized with the Yoast SEO plugin v27.2 - https:\/\/yoast.com\/product\/yoast-seo-wordpress\/ -->\n<title>Coral Gregoriano de BH se apresenta no Primeiro dia da Novena a Padre Eust\u00e1quio<\/title>\n<meta name=\"description\" content=\"O final de semana foi de festa para os devotos do Bem-Aventurado Padre Eust\u00e1quio. No s\u00e1bado, o Coral dos Pequenos Cantores dos Sagrados Cora\u00e7\u00f5es de Carm\u00f3polis de Minas-MG, participaram da celebra\u00e7\u00e3o com cantos lit\u00fargicos e uma linda homenagem a Jesus e a Maria, ao final da Santa Missa. Ontem, foi a vez do Coral Gregoriano se apresentar. Os integrantes cantaram os cantos da Missa Solene de abertura da Novena ao Beato Padre Eust\u00e1quio.\" \/>\n<meta name=\"robots\" content=\"index, follow, max-snippet:-1, max-image-preview:large, max-video-preview:-1\" \/>\n<link rel=\"canonical\" href=\"https:\/\/www.padreeustaquio.com.br\/es\/el-coro-gregoriano-de-belo-horizonte-se-presenta-en-el-primer-dia-de-la-novena-al-padre-eustaquio\/\" \/>\n<meta property=\"og:locale\" content=\"es_ES\" \/>\n<meta property=\"og:type\" content=\"article\" \/>\n<meta property=\"og:title\" content=\"Coral Gregoriano de BH se apresenta no Primeiro dia da Novena a Padre Eust\u00e1quio\" \/>\n<meta property=\"og:description\" content=\"O final de semana foi de festa para os devotos do Bem-Aventurado Padre Eust\u00e1quio. No s\u00e1bado, o Coral dos Pequenos Cantores dos Sagrados Cora\u00e7\u00f5es de Carm\u00f3polis de Minas-MG, participaram da celebra\u00e7\u00e3o com cantos lit\u00fargicos e uma linda homenagem a Jesus e a Maria, ao final da Santa Missa. Ontem, foi a vez do Coral Gregoriano se apresentar. Os integrantes cantaram os cantos da Missa Solene de abertura da Novena ao Beato Padre Eust\u00e1quio.\" \/>\n<meta property=\"og:url\" content=\"https:\/\/www.padreeustaquio.com.br\/es\/el-coro-gregoriano-de-belo-horizonte-se-presenta-en-el-primer-dia-de-la-novena-al-padre-eustaquio\/\" \/>\n<meta property=\"og:site_name\" content=\"Padre Eust\u00e1quio\" \/>\n<meta property=\"article:publisher\" content=\"https:\/\/www.facebook.com\/beatopadreeustaquio\/\" \/>\n<meta property=\"article:published_time\" content=\"2022-08-22T21:50:19+00:00\" \/>\n<meta property=\"article:modified_time\" content=\"2022-08-22T21:50:54+00:00\" \/>\n<meta property=\"og:image\" content=\"https:\/\/www.padreeustaquio.com.br\/wp-content\/uploads\/2022\/08\/Coral-Gregoriano-de-bh.jpg\" \/>\n\t<meta property=\"og:image:width\" content=\"748\" \/>\n\t<meta property=\"og:image:height\" content=\"394\" \/>\n\t<meta property=\"og:image:type\" content=\"image\/jpeg\" \/>\n<meta name=\"author\" content=\"@sscc\" \/>\n<meta name=\"twitter:card\" content=\"summary_large_image\" \/>\n<meta name=\"twitter:creator\" content=\"@beatopeustaquio\" \/>\n<meta name=\"twitter:site\" content=\"@beatopeustaquio\" \/>\n<meta name=\"twitter:label1\" content=\"Escrito por\" \/>\n\t<meta name=\"twitter:data1\" content=\"@sscc\" \/>\n\t<meta name=\"twitter:label2\" content=\"Tiempo de lectura\" \/>\n\t<meta name=\"twitter:data2\" content=\"3 minutos\" \/>\n<script type=\"application\/ld+json\" class=\"yoast-schema-graph\">{\"@context\":\"https:\/\/schema.org\",\"@graph\":[{\"@type\":\"Article\",\"@id\":\"https:\/\/www.padreeustaquio.com.br\/coral-gregoriano-de-bh-se-apresenta-no-primeiro-dia-da-novena-a-padre-eustaquio\/#article\",\"isPartOf\":{\"@id\":\"https:\/\/www.padreeustaquio.com.br\/coral-gregoriano-de-bh-se-apresenta-no-primeiro-dia-da-novena-a-padre-eustaquio\/\"},\"author\":{\"name\":\"@sscc\",\"@id\":\"https:\/\/www.padreeustaquio.com.br\/#\/schema\/person\/a2a51db1d00f1a7af0204a0f1ddb1566\"},\"headline\":\"Coral Gregoriano de BH se apresenta no Primeiro dia da Novena a Padre Eust\u00e1quio\",\"datePublished\":\"2022-08-22T21:50:19+00:00\",\"dateModified\":\"2022-08-22T21:50:54+00:00\",\"mainEntityOfPage\":{\"@id\":\"https:\/\/www.padreeustaquio.com.br\/coral-gregoriano-de-bh-se-apresenta-no-primeiro-dia-da-novena-a-padre-eustaquio\/\"},\"wordCount\":657,\"commentCount\":0,\"publisher\":{\"@id\":\"https:\/\/www.padreeustaquio.com.br\/#organization\"},\"image\":{\"@id\":\"https:\/\/www.padreeustaquio.com.br\/coral-gregoriano-de-bh-se-apresenta-no-primeiro-dia-da-novena-a-padre-eustaquio\/#primaryimage\"},\"thumbnailUrl\":\"https:\/\/www.padreeustaquio.com.br\/wp-content\/uploads\/2022\/08\/Coral-Gregoriano-de-bh.jpg\",\"articleSection\":[\"Not\u00edcias\"],\"inLanguage\":\"es\",\"potentialAction\":[{\"@type\":\"CommentAction\",\"name\":\"Comment\",\"target\":[\"https:\/\/www.padreeustaquio.com.br\/coral-gregoriano-de-bh-se-apresenta-no-primeiro-dia-da-novena-a-padre-eustaquio\/#respond\"]}]},{\"@type\":\"WebPage\",\"@id\":\"https:\/\/www.padreeustaquio.com.br\/coral-gregoriano-de-bh-se-apresenta-no-primeiro-dia-da-novena-a-padre-eustaquio\/\",\"url\":\"https:\/\/www.padreeustaquio.com.br\/coral-gregoriano-de-bh-se-apresenta-no-primeiro-dia-da-novena-a-padre-eustaquio\/\",\"name\":\"Coral Gregoriano de BH se apresenta no Primeiro dia da Novena a Padre Eust\u00e1quio\",\"isPartOf\":{\"@id\":\"https:\/\/www.padreeustaquio.com.br\/#website\"},\"primaryImageOfPage\":{\"@id\":\"https:\/\/www.padreeustaquio.com.br\/coral-gregoriano-de-bh-se-apresenta-no-primeiro-dia-da-novena-a-padre-eustaquio\/#primaryimage\"},\"image\":{\"@id\":\"https:\/\/www.padreeustaquio.com.br\/coral-gregoriano-de-bh-se-apresenta-no-primeiro-dia-da-novena-a-padre-eustaquio\/#primaryimage\"},\"thumbnailUrl\":\"https:\/\/www.padreeustaquio.com.br\/wp-content\/uploads\/2022\/08\/Coral-Gregoriano-de-bh.jpg\",\"datePublished\":\"2022-08-22T21:50:19+00:00\",\"dateModified\":\"2022-08-22T21:50:54+00:00\",\"description\":\"O final de semana foi de festa para os devotos do Bem-Aventurado Padre Eust\u00e1quio. No s\u00e1bado, o Coral dos Pequenos Cantores dos Sagrados Cora\u00e7\u00f5es de Carm\u00f3polis de Minas-MG, participaram da celebra\u00e7\u00e3o com cantos lit\u00fargicos e uma linda homenagem a Jesus e a Maria, ao final da Santa Missa. Ontem, foi a vez do Coral Gregoriano se apresentar. Os integrantes cantaram os cantos da Missa Solene de abertura da Novena ao Beato Padre Eust\u00e1quio.\",\"breadcrumb\":{\"@id\":\"https:\/\/www.padreeustaquio.com.br\/coral-gregoriano-de-bh-se-apresenta-no-primeiro-dia-da-novena-a-padre-eustaquio\/#breadcrumb\"},\"inLanguage\":\"es\",\"potentialAction\":[{\"@type\":\"ReadAction\",\"target\":[\"https:\/\/www.padreeustaquio.com.br\/coral-gregoriano-de-bh-se-apresenta-no-primeiro-dia-da-novena-a-padre-eustaquio\/\"]}]},{\"@type\":\"ImageObject\",\"inLanguage\":\"es\",\"@id\":\"https:\/\/www.padreeustaquio.com.br\/coral-gregoriano-de-bh-se-apresenta-no-primeiro-dia-da-novena-a-padre-eustaquio\/#primaryimage\",\"url\":\"https:\/\/www.padreeustaquio.com.br\/wp-content\/uploads\/2022\/08\/Coral-Gregoriano-de-bh.jpg\",\"contentUrl\":\"https:\/\/www.padreeustaquio.com.br\/wp-content\/uploads\/2022\/08\/Coral-Gregoriano-de-bh.jpg\",\"width\":748,\"height\":394},{\"@type\":\"BreadcrumbList\",\"@id\":\"https:\/\/www.padreeustaquio.com.br\/coral-gregoriano-de-bh-se-apresenta-no-primeiro-dia-da-novena-a-padre-eustaquio\/#breadcrumb\",\"itemListElement\":[{\"@type\":\"ListItem\",\"position\":1,\"name\":\"In\u00edcio\",\"item\":\"https:\/\/www.padreeustaquio.com.br\/\"},{\"@type\":\"ListItem\",\"position\":2,\"name\":\"Coral Gregoriano de BH se apresenta no Primeiro dia da Novena a Padre Eust\u00e1quio\"}]},{\"@type\":\"WebSite\",\"@id\":\"https:\/\/www.padreeustaquio.com.br\/#website\",\"url\":\"https:\/\/www.padreeustaquio.com.br\/\",\"name\":\"Padre Eust\u00e1quio\",\"description\":\"Sa\u00fade e Paz\",\"publisher\":{\"@id\":\"https:\/\/www.padreeustaquio.com.br\/#organization\"},\"potentialAction\":[{\"@type\":\"SearchAction\",\"target\":{\"@type\":\"EntryPoint\",\"urlTemplate\":\"https:\/\/www.padreeustaquio.com.br\/?s={search_term_string}\"},\"query-input\":{\"@type\":\"PropertyValueSpecification\",\"valueRequired\":true,\"valueName\":\"search_term_string\"}}],\"inLanguage\":\"es\"},{\"@type\":\"Organization\",\"@id\":\"https:\/\/www.padreeustaquio.com.br\/#organization\",\"name\":\"Padre Eust\u00e1quio\",\"url\":\"https:\/\/www.padreeustaquio.com.br\/\",\"logo\":{\"@type\":\"ImageObject\",\"inLanguage\":\"es\",\"@id\":\"https:\/\/www.padreeustaquio.com.br\/#\/schema\/logo\/image\/\",\"url\":\"https:\/\/www.padreeustaquio.com.br\/wp-content\/uploads\/2019\/08\/marca.png\",\"contentUrl\":\"https:\/\/www.padreeustaquio.com.br\/wp-content\/uploads\/2019\/08\/marca.png\",\"width\":350,\"height\":400,\"caption\":\"Padre Eust\u00e1quio\"},\"image\":{\"@id\":\"https:\/\/www.padreeustaquio.com.br\/#\/schema\/logo\/image\/\"},\"sameAs\":[\"https:\/\/www.facebook.com\/beatopadreeustaquio\/\",\"https:\/\/x.com\/beatopeustaquio\",\"https:\/\/www.instagram.com\/beatopadreeustaquio\/\",\"https:\/\/www.youtube.com\/channel\/UCRhw7vfabnajwLxb1ZXMeIw\"]},{\"@type\":\"Person\",\"@id\":\"https:\/\/www.padreeustaquio.com.br\/#\/schema\/person\/a2a51db1d00f1a7af0204a0f1ddb1566\",\"name\":\"@sscc\",\"image\":{\"@type\":\"ImageObject\",\"inLanguage\":\"es\",\"@id\":\"https:\/\/secure.gravatar.com\/avatar\/68cfafa5f44617fea54071e215026e0ff06be366c3d54a8425f04fdcb86f8c5f?s=96&d=mm&r=g\",\"url\":\"https:\/\/secure.gravatar.com\/avatar\/68cfafa5f44617fea54071e215026e0ff06be366c3d54a8425f04fdcb86f8c5f?s=96&d=mm&r=g\",\"contentUrl\":\"https:\/\/secure.gravatar.com\/avatar\/68cfafa5f44617fea54071e215026e0ff06be366c3d54a8425f04fdcb86f8c5f?s=96&d=mm&r=g\",\"caption\":\"@sscc\"},\"url\":\"https:\/\/www.padreeustaquio.com.br\/es\/author\/sscc\/\"}]}<\/script>\n<!-- \/ Yoast SEO plugin. -->","yoast_head_json":{"title":"El Coro Gregoriano de Belo Horizonte se presenta en el primer d\u00eda de la Novena al Padre Eust\u00e1quio.","description":"El fin de semana fue una celebraci\u00f3n para los devotos del Beato Padre Eustaquio. El s\u00e1bado, el Coro de los Peque\u00f1os Cantores de los Sagrados Corazones de Carm\u00f3polis de Minas-MG particip\u00f3 en la celebraci\u00f3n con cantos lit\u00fargicos y un hermoso homenaje a Jes\u00fas y Mar\u00eda al final de la Santa Misa. Ayer, le toc\u00f3 actuar al Coro Gregoriano. Sus miembros cantaron los cantos de la Misa Solemne que abri\u00f3 la Novena al Beato Padre Eustaquio.","robots":{"index":"index","follow":"follow","max-snippet":"max-snippet:-1","max-image-preview":"max-image-preview:large","max-video-preview":"max-video-preview:-1"},"canonical":"https:\/\/www.padreeustaquio.com.br\/es\/el-coro-gregoriano-de-belo-horizonte-se-presenta-en-el-primer-dia-de-la-novena-al-padre-eustaquio\/","og_locale":"es_ES","og_type":"article","og_title":"Coral Gregoriano de BH se apresenta no Primeiro dia da Novena a Padre Eust\u00e1quio","og_description":"O final de semana foi de festa para os devotos do Bem-Aventurado Padre Eust\u00e1quio. No s\u00e1bado, o Coral dos Pequenos Cantores dos Sagrados Cora\u00e7\u00f5es de Carm\u00f3polis de Minas-MG, participaram da celebra\u00e7\u00e3o com cantos lit\u00fargicos e uma linda homenagem a Jesus e a Maria, ao final da Santa Missa. Ontem, foi a vez do Coral Gregoriano se apresentar. Os integrantes cantaram os cantos da Missa Solene de abertura da Novena ao Beato Padre Eust\u00e1quio.","og_url":"https:\/\/www.padreeustaquio.com.br\/es\/el-coro-gregoriano-de-belo-horizonte-se-presenta-en-el-primer-dia-de-la-novena-al-padre-eustaquio\/","og_site_name":"Padre Eust\u00e1quio","article_publisher":"https:\/\/www.facebook.com\/beatopadreeustaquio\/","article_published_time":"2022-08-22T21:50:19+00:00","article_modified_time":"2022-08-22T21:50:54+00:00","og_image":[{"width":748,"height":394,"url":"https:\/\/www.padreeustaquio.com.br\/wp-content\/uploads\/2022\/08\/Coral-Gregoriano-de-bh.jpg","type":"image\/jpeg"}],"author":"@sscc","twitter_card":"summary_large_image","twitter_creator":"@beatopeustaquio","twitter_site":"@beatopeustaquio","twitter_misc":{"Escrito por":"@sscc","Tiempo de lectura":"3 minutos"},"schema":{"@context":"https:\/\/schema.org","@graph":[{"@type":"Article","@id":"https:\/\/www.padreeustaquio.com.br\/coral-gregoriano-de-bh-se-apresenta-no-primeiro-dia-da-novena-a-padre-eustaquio\/#article","isPartOf":{"@id":"https:\/\/www.padreeustaquio.com.br\/coral-gregoriano-de-bh-se-apresenta-no-primeiro-dia-da-novena-a-padre-eustaquio\/"},"author":{"name":"@sscc","@id":"https:\/\/www.padreeustaquio.com.br\/#\/schema\/person\/a2a51db1d00f1a7af0204a0f1ddb1566"},"headline":"Coral Gregoriano de BH se apresenta no Primeiro dia da Novena a Padre Eust\u00e1quio","datePublished":"2022-08-22T21:50:19+00:00","dateModified":"2022-08-22T21:50:54+00:00","mainEntityOfPage":{"@id":"https:\/\/www.padreeustaquio.com.br\/coral-gregoriano-de-bh-se-apresenta-no-primeiro-dia-da-novena-a-padre-eustaquio\/"},"wordCount":657,"commentCount":0,"publisher":{"@id":"https:\/\/www.padreeustaquio.com.br\/#organization"},"image":{"@id":"https:\/\/www.padreeustaquio.com.br\/coral-gregoriano-de-bh-se-apresenta-no-primeiro-dia-da-novena-a-padre-eustaquio\/#primaryimage"},"thumbnailUrl":"https:\/\/www.padreeustaquio.com.br\/wp-content\/uploads\/2022\/08\/Coral-Gregoriano-de-bh.jpg","articleSection":["Not\u00edcias"],"inLanguage":"es","potentialAction":[{"@type":"CommentAction","name":"Comment","target":["https:\/\/www.padreeustaquio.com.br\/coral-gregoriano-de-bh-se-apresenta-no-primeiro-dia-da-novena-a-padre-eustaquio\/#respond"]}]},{"@type":"WebPage","@id":"https:\/\/www.padreeustaquio.com.br\/coral-gregoriano-de-bh-se-apresenta-no-primeiro-dia-da-novena-a-padre-eustaquio\/","url":"https:\/\/www.padreeustaquio.com.br\/coral-gregoriano-de-bh-se-apresenta-no-primeiro-dia-da-novena-a-padre-eustaquio\/","name":"El Coro Gregoriano de Belo Horizonte se presenta en el primer d\u00eda de la Novena al Padre Eust\u00e1quio.","isPartOf":{"@id":"https:\/\/www.padreeustaquio.com.br\/#website"},"primaryImageOfPage":{"@id":"https:\/\/www.padreeustaquio.com.br\/coral-gregoriano-de-bh-se-apresenta-no-primeiro-dia-da-novena-a-padre-eustaquio\/#primaryimage"},"image":{"@id":"https:\/\/www.padreeustaquio.com.br\/coral-gregoriano-de-bh-se-apresenta-no-primeiro-dia-da-novena-a-padre-eustaquio\/#primaryimage"},"thumbnailUrl":"https:\/\/www.padreeustaquio.com.br\/wp-content\/uploads\/2022\/08\/Coral-Gregoriano-de-bh.jpg","datePublished":"2022-08-22T21:50:19+00:00","dateModified":"2022-08-22T21:50:54+00:00","description":"El fin de semana fue una celebraci\u00f3n para los devotos del Beato Padre Eustaquio. El s\u00e1bado, el Coro de los Peque\u00f1os Cantores de los Sagrados Corazones de Carm\u00f3polis de Minas-MG particip\u00f3 en la celebraci\u00f3n con cantos lit\u00fargicos y un hermoso homenaje a Jes\u00fas y Mar\u00eda al final de la Santa Misa. Ayer, le toc\u00f3 actuar al Coro Gregoriano. Sus miembros cantaron los cantos de la Misa Solemne que abri\u00f3 la Novena al Beato Padre Eustaquio.","breadcrumb":{"@id":"https:\/\/www.padreeustaquio.com.br\/coral-gregoriano-de-bh-se-apresenta-no-primeiro-dia-da-novena-a-padre-eustaquio\/#breadcrumb"},"inLanguage":"es","potentialAction":[{"@type":"ReadAction","target":["https:\/\/www.padreeustaquio.com.br\/coral-gregoriano-de-bh-se-apresenta-no-primeiro-dia-da-novena-a-padre-eustaquio\/"]}]},{"@type":"ImageObject","inLanguage":"es","@id":"https:\/\/www.padreeustaquio.com.br\/coral-gregoriano-de-bh-se-apresenta-no-primeiro-dia-da-novena-a-padre-eustaquio\/#primaryimage","url":"https:\/\/www.padreeustaquio.com.br\/wp-content\/uploads\/2022\/08\/Coral-Gregoriano-de-bh.jpg","contentUrl":"https:\/\/www.padreeustaquio.com.br\/wp-content\/uploads\/2022\/08\/Coral-Gregoriano-de-bh.jpg","width":748,"height":394},{"@type":"BreadcrumbList","@id":"https:\/\/www.padreeustaquio.com.br\/coral-gregoriano-de-bh-se-apresenta-no-primeiro-dia-da-novena-a-padre-eustaquio\/#breadcrumb","itemListElement":[{"@type":"ListItem","position":1,"name":"In\u00edcio","item":"https:\/\/www.padreeustaquio.com.br\/"},{"@type":"ListItem","position":2,"name":"Coral Gregoriano de BH se apresenta no Primeiro dia da Novena a Padre Eust\u00e1quio"}]},{"@type":"WebSite","@id":"https:\/\/www.padreeustaquio.com.br\/#website","url":"https:\/\/www.padreeustaquio.com.br\/","name":"Padre Eustace","description":"Salud y Paz","publisher":{"@id":"https:\/\/www.padreeustaquio.com.br\/#organization"},"potentialAction":[{"@type":"SearchAction","target":{"@type":"EntryPoint","urlTemplate":"https:\/\/www.padreeustaquio.com.br\/?s={search_term_string}"},"query-input":{"@type":"PropertyValueSpecification","valueRequired":true,"valueName":"search_term_string"}}],"inLanguage":"es"},{"@type":"Organization","@id":"https:\/\/www.padreeustaquio.com.br\/#organization","name":"Padre Eustace","url":"https:\/\/www.padreeustaquio.com.br\/","logo":{"@type":"ImageObject","inLanguage":"es","@id":"https:\/\/www.padreeustaquio.com.br\/#\/schema\/logo\/image\/","url":"https:\/\/www.padreeustaquio.com.br\/wp-content\/uploads\/2019\/08\/marca.png","contentUrl":"https:\/\/www.padreeustaquio.com.br\/wp-content\/uploads\/2019\/08\/marca.png","width":350,"height":400,"caption":"Padre Eust\u00e1quio"},"image":{"@id":"https:\/\/www.padreeustaquio.com.br\/#\/schema\/logo\/image\/"},"sameAs":["https:\/\/www.facebook.com\/beatopadreeustaquio\/","https:\/\/x.com\/beatopeustaquio","https:\/\/www.instagram.com\/beatopadreeustaquio\/","https:\/\/www.youtube.com\/channel\/UCRhw7vfabnajwLxb1ZXMeIw"]},{"@type":"Person","@id":"https:\/\/www.padreeustaquio.com.br\/#\/schema\/person\/a2a51db1d00f1a7af0204a0f1ddb1566","name":"@sscc","image":{"@type":"ImageObject","inLanguage":"es","@id":"https:\/\/secure.gravatar.com\/avatar\/68cfafa5f44617fea54071e215026e0ff06be366c3d54a8425f04fdcb86f8c5f?s=96&d=mm&r=g","url":"https:\/\/secure.gravatar.com\/avatar\/68cfafa5f44617fea54071e215026e0ff06be366c3d54a8425f04fdcb86f8c5f?s=96&d=mm&r=g","contentUrl":"https:\/\/secure.gravatar.com\/avatar\/68cfafa5f44617fea54071e215026e0ff06be366c3d54a8425f04fdcb86f8c5f?s=96&d=mm&r=g","caption":"@sscc"},"url":"https:\/\/www.padreeustaquio.com.br\/es\/author\/sscc\/"}]}},"_links":{"self":[{"href":"https:\/\/www.padreeustaquio.com.br\/es\/wp-json\/wp\/v2\/posts\/9133","targetHints":{"allow":["GET"]}}],"collection":[{"href":"https:\/\/www.padreeustaquio.com.br\/es\/wp-json\/wp\/v2\/posts"}],"about":[{"href":"https:\/\/www.padreeustaquio.com.br\/es\/wp-json\/wp\/v2\/types\/post"}],"author":[{"embeddable":true,"href":"https:\/\/www.padreeustaquio.com.br\/es\/wp-json\/wp\/v2\/users\/2"}],"replies":[{"embeddable":true,"href":"https:\/\/www.padreeustaquio.com.br\/es\/wp-json\/wp\/v2\/comments?post=9133"}],"version-history":[{"count":0,"href":"https:\/\/www.padreeustaquio.com.br\/es\/wp-json\/wp\/v2\/posts\/9133\/revisions"}],"wp:featuredmedia":[{"embeddable":true,"href":"https:\/\/www.padreeustaquio.com.br\/es\/wp-json\/wp\/v2\/media\/9134"}],"wp:attachment":[{"href":"https:\/\/www.padreeustaquio.com.br\/es\/wp-json\/wp\/v2\/media?parent=9133"}],"wp:term":[{"taxonomy":"category","embeddable":true,"href":"https:\/\/www.padreeustaquio.com.br\/es\/wp-json\/wp\/v2\/categories?post=9133"},{"taxonomy":"post_tag","embeddable":true,"href":"https:\/\/www.padreeustaquio.com.br\/es\/wp-json\/wp\/v2\/tags?post=9133"}],"curies":[{"name":"wp","href":"https:\/\/api.w.org\/{rel}","templated":true}]}}