{"id":9128,"date":"2022-08-23T07:27:00","date_gmt":"2022-08-23T10:27:00","guid":{"rendered":"https:\/\/www.padreeustaquio.com.br\/?p=9128"},"modified":"2022-08-22T12:38:15","modified_gmt":"2022-08-22T15:38:15","slug":"la-campana-por-la-festividad-del-padre-eustaquio-llega-a-los-hogares-de-los-devotos","status":"publish","type":"post","link":"https:\/\/www.padreeustaquio.com.br\/es\/la-campana-por-la-festividad-del-padre-eustaquio-llega-a-los-hogares-de-los-devotos\/","title":{"rendered":"La campa\u00f1a del Festival Padre Eustaquio llega a los hogares de los devotos."},"content":{"rendered":"<p>Los devotos del Padre Eust\u00e1quio se suman cada vez m\u00e1s a la campa\u00f1a para la Fiesta del Sant\u00edsimo de 2022. Se pueden ver carteles que promocionan la festividad en varios hogares y negocios de Belo Horizonte. En redes sociales, los devotos publican fotos de sus puertas con los carteles y etiquetan su perfil. <a href=\"https:\/\/www.instagram.com\/beatopadreeustaquio\/\" target=\"_blank\" rel=\"noreferrer noopener\">@beatopadreeustaquio<\/a> y usando el Hashtag <strong>#festadopadreeustaquio<\/strong>.<\/p>\n\n\n\n<p>Lanzado este a\u00f1o, el cartel de la Fiesta del Padre Eust\u00e1quio tiene como objetivo mostrar el apoyo de la comunidad a la celebraci\u00f3n, que ya es una tradici\u00f3n en Belo Horizonte y otras ciudades por donde pas\u00f3 el Beato Padre Eust\u00e1quio.<\/p>\n\n\n\n<p>Quienes a\u00fan no hayan recogido un cartel pueden solicitarlo directamente en la oficina parroquial de Belo Horizonte. Quienes viven fuera de la capital de Minas Gerais pueden descargarlo. <a href=\"https:\/\/drive.google.com\/drive\/folders\/1swI325RdXYydkZVyNM95EQ3t7-GR1Cy7\" target=\"_blank\" rel=\"noreferrer noopener\">HAGA CLIC AQU\u00cd<\/a> en este enlace.<\/p>\n\n\n\n<p>Ven y s\u00e9 parte de esta campa\u00f1a. Difundamos la devoci\u00f3n al Bendito a tantas personas como sea posible. Vean a continuaci\u00f3n algunas fotos que nos enviaron:<\/p>\n\n\n\n<p><\/p>","protected":false},"excerpt":{"rendered":"<p>Devotos do Padre Eust\u00e1quio est\u00e3o aderindo, cada dia mais, \u00e0 campanha da Festa do Beato 2022. \u00c9 poss\u00edvel ver o cartaz de ades\u00e3o \u00e0 festa em v\u00e1rias casas e com\u00e9rcios de Belo Horizonte. Nas redes sociais, os devotos est\u00e3o postando fotos das portas com o cartaz, marcando o perfil @beatopadreeustaquio e usando a Hashtag #festadopadreeustaquio. Implantado este ano, o cartaz da Festa do Padre Eust\u00e1quio tem como objetivo mostrar a ades\u00e3o da comunidade \u00e0 festa, que j\u00e1 \u00e9 tradicional em Belo Horizonte e em outras cidades por onde o Beato passou. Quem ainda n\u00e3o pegou o cartaz, pode solicitar diretamente [&hellip;]<\/p>\n","protected":false},"author":2,"featured_media":9129,"comment_status":"open","ping_status":"closed","sticky":false,"template":"","format":"standard","meta":{"_acf_changed":false,"footnotes":""},"categories":[611],"tags":[],"class_list":["post-9128","post","type-post","status-publish","format-standard","has-post-thumbnail","hentry","category-noticias"],"acf":[],"yoast_head":"<!-- This site is optimized with the Yoast SEO plugin v27.2 - https:\/\/yoast.com\/product\/yoast-seo-wordpress\/ -->\n<title>Campanha da Festa do Padre Eust\u00e1quio ganha as casas dos devotos<\/title>\n<meta name=\"description\" content=\"Devotos do Padre Eust\u00e1quio est\u00e3o aderindo, cada dia mais, \u00e0 campanha da Festa do Beato 2022. \u00c9 poss\u00edvel ver o cartaz de ades\u00e3o \u00e0 festa em v\u00e1rias casas e com\u00e9rcios de Belo Horizonte. Nas redes sociais, os devotos est\u00e3o postando fotos das portas com o cartaz, marcando o perfil @beatopadreeustaquio e usando a Hashtag #festadopadreeustaquio\" \/>\n<meta name=\"robots\" content=\"index, follow, max-snippet:-1, max-image-preview:large, max-video-preview:-1\" \/>\n<link rel=\"canonical\" href=\"https:\/\/www.padreeustaquio.com.br\/es\/la-campana-por-la-festividad-del-padre-eustaquio-llega-a-los-hogares-de-los-devotos\/\" \/>\n<meta property=\"og:locale\" content=\"es_ES\" \/>\n<meta property=\"og:type\" content=\"article\" \/>\n<meta property=\"og:title\" content=\"Campanha da Festa do Padre Eust\u00e1quio ganha as casas dos devotos\" \/>\n<meta property=\"og:description\" content=\"Devotos do Padre Eust\u00e1quio est\u00e3o aderindo, cada dia mais, \u00e0 campanha da Festa do Beato 2022. \u00c9 poss\u00edvel ver o cartaz de ades\u00e3o \u00e0 festa em v\u00e1rias casas e com\u00e9rcios de Belo Horizonte. Nas redes sociais, os devotos est\u00e3o postando fotos das portas com o cartaz, marcando o perfil @beatopadreeustaquio e usando a Hashtag #festadopadreeustaquio\" \/>\n<meta property=\"og:url\" content=\"https:\/\/www.padreeustaquio.com.br\/es\/la-campana-por-la-festividad-del-padre-eustaquio-llega-a-los-hogares-de-los-devotos\/\" \/>\n<meta property=\"og:site_name\" content=\"Padre Eust\u00e1quio\" \/>\n<meta property=\"article:publisher\" content=\"https:\/\/www.facebook.com\/beatopadreeustaquio\/\" \/>\n<meta property=\"article:published_time\" content=\"2022-08-23T10:27:00+00:00\" \/>\n<meta property=\"og:image\" content=\"https:\/\/www.padreeustaquio.com.br\/wp-content\/uploads\/2022\/08\/cartaz-da-festa-de-padre-eustaquio-2022-e1661182680549.jpeg\" \/>\n\t<meta property=\"og:image:width\" content=\"828\" \/>\n\t<meta property=\"og:image:height\" content=\"607\" \/>\n\t<meta property=\"og:image:type\" content=\"image\/jpeg\" \/>\n<meta name=\"author\" content=\"@sscc\" \/>\n<meta name=\"twitter:card\" content=\"summary_large_image\" \/>\n<meta name=\"twitter:creator\" content=\"@beatopeustaquio\" \/>\n<meta name=\"twitter:site\" content=\"@beatopeustaquio\" \/>\n<meta name=\"twitter:label1\" content=\"Escrito por\" \/>\n\t<meta name=\"twitter:data1\" content=\"@sscc\" \/>\n\t<meta name=\"twitter:label2\" content=\"Tiempo de lectura\" \/>\n\t<meta name=\"twitter:data2\" content=\"1 minuto\" \/>\n<script type=\"application\/ld+json\" class=\"yoast-schema-graph\">{\"@context\":\"https:\/\/schema.org\",\"@graph\":[{\"@type\":\"Article\",\"@id\":\"https:\/\/www.padreeustaquio.com.br\/campanha-da-festa-do-padre-eustaquio-ganha-as-casas-dos-devotos\/#article\",\"isPartOf\":{\"@id\":\"https:\/\/www.padreeustaquio.com.br\/campanha-da-festa-do-padre-eustaquio-ganha-as-casas-dos-devotos\/\"},\"author\":{\"name\":\"@sscc\",\"@id\":\"https:\/\/www.padreeustaquio.com.br\/#\/schema\/person\/a2a51db1d00f1a7af0204a0f1ddb1566\"},\"headline\":\"Campanha da Festa do Padre Eust\u00e1quio ganha as casas dos devotos\",\"datePublished\":\"2022-08-23T10:27:00+00:00\",\"mainEntityOfPage\":{\"@id\":\"https:\/\/www.padreeustaquio.com.br\/campanha-da-festa-do-padre-eustaquio-ganha-as-casas-dos-devotos\/\"},\"wordCount\":161,\"commentCount\":0,\"publisher\":{\"@id\":\"https:\/\/www.padreeustaquio.com.br\/#organization\"},\"image\":{\"@id\":\"https:\/\/www.padreeustaquio.com.br\/campanha-da-festa-do-padre-eustaquio-ganha-as-casas-dos-devotos\/#primaryimage\"},\"thumbnailUrl\":\"https:\/\/www.padreeustaquio.com.br\/wp-content\/uploads\/2022\/08\/cartaz-da-festa-de-padre-eustaquio-2022-e1661182680549.jpeg\",\"articleSection\":[\"Not\u00edcias\"],\"inLanguage\":\"es\",\"potentialAction\":[{\"@type\":\"CommentAction\",\"name\":\"Comment\",\"target\":[\"https:\/\/www.padreeustaquio.com.br\/campanha-da-festa-do-padre-eustaquio-ganha-as-casas-dos-devotos\/#respond\"]}]},{\"@type\":\"WebPage\",\"@id\":\"https:\/\/www.padreeustaquio.com.br\/campanha-da-festa-do-padre-eustaquio-ganha-as-casas-dos-devotos\/\",\"url\":\"https:\/\/www.padreeustaquio.com.br\/campanha-da-festa-do-padre-eustaquio-ganha-as-casas-dos-devotos\/\",\"name\":\"Campanha da Festa do Padre Eust\u00e1quio ganha as casas dos devotos\",\"isPartOf\":{\"@id\":\"https:\/\/www.padreeustaquio.com.br\/#website\"},\"primaryImageOfPage\":{\"@id\":\"https:\/\/www.padreeustaquio.com.br\/campanha-da-festa-do-padre-eustaquio-ganha-as-casas-dos-devotos\/#primaryimage\"},\"image\":{\"@id\":\"https:\/\/www.padreeustaquio.com.br\/campanha-da-festa-do-padre-eustaquio-ganha-as-casas-dos-devotos\/#primaryimage\"},\"thumbnailUrl\":\"https:\/\/www.padreeustaquio.com.br\/wp-content\/uploads\/2022\/08\/cartaz-da-festa-de-padre-eustaquio-2022-e1661182680549.jpeg\",\"datePublished\":\"2022-08-23T10:27:00+00:00\",\"description\":\"Devotos do Padre Eust\u00e1quio est\u00e3o aderindo, cada dia mais, \u00e0 campanha da Festa do Beato 2022. \u00c9 poss\u00edvel ver o cartaz de ades\u00e3o \u00e0 festa em v\u00e1rias casas e com\u00e9rcios de Belo Horizonte. Nas redes sociais, os devotos est\u00e3o postando fotos das portas com o cartaz, marcando o perfil @beatopadreeustaquio e usando a Hashtag #festadopadreeustaquio\",\"breadcrumb\":{\"@id\":\"https:\/\/www.padreeustaquio.com.br\/campanha-da-festa-do-padre-eustaquio-ganha-as-casas-dos-devotos\/#breadcrumb\"},\"inLanguage\":\"es\",\"potentialAction\":[{\"@type\":\"ReadAction\",\"target\":[\"https:\/\/www.padreeustaquio.com.br\/campanha-da-festa-do-padre-eustaquio-ganha-as-casas-dos-devotos\/\"]}]},{\"@type\":\"ImageObject\",\"inLanguage\":\"es\",\"@id\":\"https:\/\/www.padreeustaquio.com.br\/campanha-da-festa-do-padre-eustaquio-ganha-as-casas-dos-devotos\/#primaryimage\",\"url\":\"https:\/\/www.padreeustaquio.com.br\/wp-content\/uploads\/2022\/08\/cartaz-da-festa-de-padre-eustaquio-2022-e1661182680549.jpeg\",\"contentUrl\":\"https:\/\/www.padreeustaquio.com.br\/wp-content\/uploads\/2022\/08\/cartaz-da-festa-de-padre-eustaquio-2022-e1661182680549.jpeg\",\"width\":828,\"height\":607},{\"@type\":\"BreadcrumbList\",\"@id\":\"https:\/\/www.padreeustaquio.com.br\/campanha-da-festa-do-padre-eustaquio-ganha-as-casas-dos-devotos\/#breadcrumb\",\"itemListElement\":[{\"@type\":\"ListItem\",\"position\":1,\"name\":\"In\u00edcio\",\"item\":\"https:\/\/www.padreeustaquio.com.br\/\"},{\"@type\":\"ListItem\",\"position\":2,\"name\":\"Campanha da Festa do Padre Eust\u00e1quio ganha as casas dos devotos\"}]},{\"@type\":\"WebSite\",\"@id\":\"https:\/\/www.padreeustaquio.com.br\/#website\",\"url\":\"https:\/\/www.padreeustaquio.com.br\/\",\"name\":\"Padre Eust\u00e1quio\",\"description\":\"Sa\u00fade e Paz\",\"publisher\":{\"@id\":\"https:\/\/www.padreeustaquio.com.br\/#organization\"},\"potentialAction\":[{\"@type\":\"SearchAction\",\"target\":{\"@type\":\"EntryPoint\",\"urlTemplate\":\"https:\/\/www.padreeustaquio.com.br\/?s={search_term_string}\"},\"query-input\":{\"@type\":\"PropertyValueSpecification\",\"valueRequired\":true,\"valueName\":\"search_term_string\"}}],\"inLanguage\":\"es\"},{\"@type\":\"Organization\",\"@id\":\"https:\/\/www.padreeustaquio.com.br\/#organization\",\"name\":\"Padre Eust\u00e1quio\",\"url\":\"https:\/\/www.padreeustaquio.com.br\/\",\"logo\":{\"@type\":\"ImageObject\",\"inLanguage\":\"es\",\"@id\":\"https:\/\/www.padreeustaquio.com.br\/#\/schema\/logo\/image\/\",\"url\":\"https:\/\/www.padreeustaquio.com.br\/wp-content\/uploads\/2019\/08\/marca.png\",\"contentUrl\":\"https:\/\/www.padreeustaquio.com.br\/wp-content\/uploads\/2019\/08\/marca.png\",\"width\":350,\"height\":400,\"caption\":\"Padre Eust\u00e1quio\"},\"image\":{\"@id\":\"https:\/\/www.padreeustaquio.com.br\/#\/schema\/logo\/image\/\"},\"sameAs\":[\"https:\/\/www.facebook.com\/beatopadreeustaquio\/\",\"https:\/\/x.com\/beatopeustaquio\",\"https:\/\/www.instagram.com\/beatopadreeustaquio\/\",\"https:\/\/www.youtube.com\/channel\/UCRhw7vfabnajwLxb1ZXMeIw\"]},{\"@type\":\"Person\",\"@id\":\"https:\/\/www.padreeustaquio.com.br\/#\/schema\/person\/a2a51db1d00f1a7af0204a0f1ddb1566\",\"name\":\"@sscc\",\"image\":{\"@type\":\"ImageObject\",\"inLanguage\":\"es\",\"@id\":\"https:\/\/secure.gravatar.com\/avatar\/68cfafa5f44617fea54071e215026e0ff06be366c3d54a8425f04fdcb86f8c5f?s=96&d=mm&r=g\",\"url\":\"https:\/\/secure.gravatar.com\/avatar\/68cfafa5f44617fea54071e215026e0ff06be366c3d54a8425f04fdcb86f8c5f?s=96&d=mm&r=g\",\"contentUrl\":\"https:\/\/secure.gravatar.com\/avatar\/68cfafa5f44617fea54071e215026e0ff06be366c3d54a8425f04fdcb86f8c5f?s=96&d=mm&r=g\",\"caption\":\"@sscc\"},\"url\":\"https:\/\/www.padreeustaquio.com.br\/es\/author\/sscc\/\"}]}<\/script>\n<!-- \/ Yoast SEO plugin. -->","yoast_head_json":{"title":"La campa\u00f1a del Festival Padre Eustaquio llega a los hogares de los devotos.","description":"Los devotos del Padre Eust\u00e1quio se suman cada vez m\u00e1s a la campa\u00f1a para el Festival del Beato Padre Eust\u00e1quio 2022. Se pueden ver carteles que promocionan el festival en varios hogares y negocios de Belo Horizonte. En redes sociales, los devotos publican fotos de sus puertas con los carteles, etiquetando el perfil @beatopadreeustaquio y usando la etiqueta ##festadopadreeustaquio.","robots":{"index":"index","follow":"follow","max-snippet":"max-snippet:-1","max-image-preview":"max-image-preview:large","max-video-preview":"max-video-preview:-1"},"canonical":"https:\/\/www.padreeustaquio.com.br\/es\/la-campana-por-la-festividad-del-padre-eustaquio-llega-a-los-hogares-de-los-devotos\/","og_locale":"es_ES","og_type":"article","og_title":"Campanha da Festa do Padre Eust\u00e1quio ganha as casas dos devotos","og_description":"Devotos do Padre Eust\u00e1quio est\u00e3o aderindo, cada dia mais, \u00e0 campanha da Festa do Beato 2022. \u00c9 poss\u00edvel ver o cartaz de ades\u00e3o \u00e0 festa em v\u00e1rias casas e com\u00e9rcios de Belo Horizonte. Nas redes sociais, os devotos est\u00e3o postando fotos das portas com o cartaz, marcando o perfil @beatopadreeustaquio e usando a Hashtag #festadopadreeustaquio","og_url":"https:\/\/www.padreeustaquio.com.br\/es\/la-campana-por-la-festividad-del-padre-eustaquio-llega-a-los-hogares-de-los-devotos\/","og_site_name":"Padre Eust\u00e1quio","article_publisher":"https:\/\/www.facebook.com\/beatopadreeustaquio\/","article_published_time":"2022-08-23T10:27:00+00:00","og_image":[{"width":828,"height":607,"url":"https:\/\/www.padreeustaquio.com.br\/wp-content\/uploads\/2022\/08\/cartaz-da-festa-de-padre-eustaquio-2022-e1661182680549.jpeg","type":"image\/jpeg"}],"author":"@sscc","twitter_card":"summary_large_image","twitter_creator":"@beatopeustaquio","twitter_site":"@beatopeustaquio","twitter_misc":{"Escrito por":"@sscc","Tiempo de lectura":"1 minuto"},"schema":{"@context":"https:\/\/schema.org","@graph":[{"@type":"Article","@id":"https:\/\/www.padreeustaquio.com.br\/campanha-da-festa-do-padre-eustaquio-ganha-as-casas-dos-devotos\/#article","isPartOf":{"@id":"https:\/\/www.padreeustaquio.com.br\/campanha-da-festa-do-padre-eustaquio-ganha-as-casas-dos-devotos\/"},"author":{"name":"@sscc","@id":"https:\/\/www.padreeustaquio.com.br\/#\/schema\/person\/a2a51db1d00f1a7af0204a0f1ddb1566"},"headline":"Campanha da Festa do Padre Eust\u00e1quio ganha as casas dos devotos","datePublished":"2022-08-23T10:27:00+00:00","mainEntityOfPage":{"@id":"https:\/\/www.padreeustaquio.com.br\/campanha-da-festa-do-padre-eustaquio-ganha-as-casas-dos-devotos\/"},"wordCount":161,"commentCount":0,"publisher":{"@id":"https:\/\/www.padreeustaquio.com.br\/#organization"},"image":{"@id":"https:\/\/www.padreeustaquio.com.br\/campanha-da-festa-do-padre-eustaquio-ganha-as-casas-dos-devotos\/#primaryimage"},"thumbnailUrl":"https:\/\/www.padreeustaquio.com.br\/wp-content\/uploads\/2022\/08\/cartaz-da-festa-de-padre-eustaquio-2022-e1661182680549.jpeg","articleSection":["Not\u00edcias"],"inLanguage":"es","potentialAction":[{"@type":"CommentAction","name":"Comment","target":["https:\/\/www.padreeustaquio.com.br\/campanha-da-festa-do-padre-eustaquio-ganha-as-casas-dos-devotos\/#respond"]}]},{"@type":"WebPage","@id":"https:\/\/www.padreeustaquio.com.br\/campanha-da-festa-do-padre-eustaquio-ganha-as-casas-dos-devotos\/","url":"https:\/\/www.padreeustaquio.com.br\/campanha-da-festa-do-padre-eustaquio-ganha-as-casas-dos-devotos\/","name":"La campa\u00f1a del Festival Padre Eustaquio llega a los hogares de los devotos.","isPartOf":{"@id":"https:\/\/www.padreeustaquio.com.br\/#website"},"primaryImageOfPage":{"@id":"https:\/\/www.padreeustaquio.com.br\/campanha-da-festa-do-padre-eustaquio-ganha-as-casas-dos-devotos\/#primaryimage"},"image":{"@id":"https:\/\/www.padreeustaquio.com.br\/campanha-da-festa-do-padre-eustaquio-ganha-as-casas-dos-devotos\/#primaryimage"},"thumbnailUrl":"https:\/\/www.padreeustaquio.com.br\/wp-content\/uploads\/2022\/08\/cartaz-da-festa-de-padre-eustaquio-2022-e1661182680549.jpeg","datePublished":"2022-08-23T10:27:00+00:00","description":"Los devotos del Padre Eust\u00e1quio se suman cada vez m\u00e1s a la campa\u00f1a para el Festival del Beato Padre Eust\u00e1quio 2022. Se pueden ver carteles que promocionan el festival en varios hogares y negocios de Belo Horizonte. En redes sociales, los devotos publican fotos de sus puertas con los carteles, etiquetando el perfil @beatopadreeustaquio y usando la etiqueta ##festadopadreeustaquio.","breadcrumb":{"@id":"https:\/\/www.padreeustaquio.com.br\/campanha-da-festa-do-padre-eustaquio-ganha-as-casas-dos-devotos\/#breadcrumb"},"inLanguage":"es","potentialAction":[{"@type":"ReadAction","target":["https:\/\/www.padreeustaquio.com.br\/campanha-da-festa-do-padre-eustaquio-ganha-as-casas-dos-devotos\/"]}]},{"@type":"ImageObject","inLanguage":"es","@id":"https:\/\/www.padreeustaquio.com.br\/campanha-da-festa-do-padre-eustaquio-ganha-as-casas-dos-devotos\/#primaryimage","url":"https:\/\/www.padreeustaquio.com.br\/wp-content\/uploads\/2022\/08\/cartaz-da-festa-de-padre-eustaquio-2022-e1661182680549.jpeg","contentUrl":"https:\/\/www.padreeustaquio.com.br\/wp-content\/uploads\/2022\/08\/cartaz-da-festa-de-padre-eustaquio-2022-e1661182680549.jpeg","width":828,"height":607},{"@type":"BreadcrumbList","@id":"https:\/\/www.padreeustaquio.com.br\/campanha-da-festa-do-padre-eustaquio-ganha-as-casas-dos-devotos\/#breadcrumb","itemListElement":[{"@type":"ListItem","position":1,"name":"In\u00edcio","item":"https:\/\/www.padreeustaquio.com.br\/"},{"@type":"ListItem","position":2,"name":"Campanha da Festa do Padre Eust\u00e1quio ganha as casas dos devotos"}]},{"@type":"WebSite","@id":"https:\/\/www.padreeustaquio.com.br\/#website","url":"https:\/\/www.padreeustaquio.com.br\/","name":"Padre Eustace","description":"Salud y Paz","publisher":{"@id":"https:\/\/www.padreeustaquio.com.br\/#organization"},"potentialAction":[{"@type":"SearchAction","target":{"@type":"EntryPoint","urlTemplate":"https:\/\/www.padreeustaquio.com.br\/?s={search_term_string}"},"query-input":{"@type":"PropertyValueSpecification","valueRequired":true,"valueName":"search_term_string"}}],"inLanguage":"es"},{"@type":"Organization","@id":"https:\/\/www.padreeustaquio.com.br\/#organization","name":"Padre Eustace","url":"https:\/\/www.padreeustaquio.com.br\/","logo":{"@type":"ImageObject","inLanguage":"es","@id":"https:\/\/www.padreeustaquio.com.br\/#\/schema\/logo\/image\/","url":"https:\/\/www.padreeustaquio.com.br\/wp-content\/uploads\/2019\/08\/marca.png","contentUrl":"https:\/\/www.padreeustaquio.com.br\/wp-content\/uploads\/2019\/08\/marca.png","width":350,"height":400,"caption":"Padre Eust\u00e1quio"},"image":{"@id":"https:\/\/www.padreeustaquio.com.br\/#\/schema\/logo\/image\/"},"sameAs":["https:\/\/www.facebook.com\/beatopadreeustaquio\/","https:\/\/x.com\/beatopeustaquio","https:\/\/www.instagram.com\/beatopadreeustaquio\/","https:\/\/www.youtube.com\/channel\/UCRhw7vfabnajwLxb1ZXMeIw"]},{"@type":"Person","@id":"https:\/\/www.padreeustaquio.com.br\/#\/schema\/person\/a2a51db1d00f1a7af0204a0f1ddb1566","name":"@sscc","image":{"@type":"ImageObject","inLanguage":"es","@id":"https:\/\/secure.gravatar.com\/avatar\/68cfafa5f44617fea54071e215026e0ff06be366c3d54a8425f04fdcb86f8c5f?s=96&d=mm&r=g","url":"https:\/\/secure.gravatar.com\/avatar\/68cfafa5f44617fea54071e215026e0ff06be366c3d54a8425f04fdcb86f8c5f?s=96&d=mm&r=g","contentUrl":"https:\/\/secure.gravatar.com\/avatar\/68cfafa5f44617fea54071e215026e0ff06be366c3d54a8425f04fdcb86f8c5f?s=96&d=mm&r=g","caption":"@sscc"},"url":"https:\/\/www.padreeustaquio.com.br\/es\/author\/sscc\/"}]}},"_links":{"self":[{"href":"https:\/\/www.padreeustaquio.com.br\/es\/wp-json\/wp\/v2\/posts\/9128","targetHints":{"allow":["GET"]}}],"collection":[{"href":"https:\/\/www.padreeustaquio.com.br\/es\/wp-json\/wp\/v2\/posts"}],"about":[{"href":"https:\/\/www.padreeustaquio.com.br\/es\/wp-json\/wp\/v2\/types\/post"}],"author":[{"embeddable":true,"href":"https:\/\/www.padreeustaquio.com.br\/es\/wp-json\/wp\/v2\/users\/2"}],"replies":[{"embeddable":true,"href":"https:\/\/www.padreeustaquio.com.br\/es\/wp-json\/wp\/v2\/comments?post=9128"}],"version-history":[{"count":0,"href":"https:\/\/www.padreeustaquio.com.br\/es\/wp-json\/wp\/v2\/posts\/9128\/revisions"}],"wp:featuredmedia":[{"embeddable":true,"href":"https:\/\/www.padreeustaquio.com.br\/es\/wp-json\/wp\/v2\/media\/9129"}],"wp:attachment":[{"href":"https:\/\/www.padreeustaquio.com.br\/es\/wp-json\/wp\/v2\/media?parent=9128"}],"wp:term":[{"taxonomy":"category","embeddable":true,"href":"https:\/\/www.padreeustaquio.com.br\/es\/wp-json\/wp\/v2\/categories?post=9128"},{"taxonomy":"post_tag","embeddable":true,"href":"https:\/\/www.padreeustaquio.com.br\/es\/wp-json\/wp\/v2\/tags?post=9128"}],"curies":[{"name":"wp","href":"https:\/\/api.w.org\/{rel}","templated":true}]}}