{"id":9126,"date":"2022-08-28T06:08:00","date_gmt":"2022-08-28T09:08:00","guid":{"rendered":"https:\/\/www.padreeustaquio.com.br\/?p=9126"},"modified":"2022-08-22T12:43:45","modified_gmt":"2022-08-22T15:43:45","slug":"union-de-cantores-forma-coro-especial-para-la-misa-solemne-del-30-de-agosto","status":"publish","type":"post","link":"https:\/\/www.padreeustaquio.com.br\/es\/union-de-cantores-forma-coro-especial-para-la-misa-solemne-del-30-de-agosto\/","title":{"rendered":"Un grupo de cantantes forma un coro especial para la Misa Solemne del 30 de agosto."},"content":{"rendered":"<p>Cantantes de varios coros del Santuario Arquidiocesano de Salud y Paz, la Iglesia del Padre Eust\u00e1quio, se unir\u00e1n en un solo coro. La iniciativa surgi\u00f3 de los propios voluntarios y busca integrar a todos los cantores en esta celebraci\u00f3n tan especial para todos nosotros, los devotos.<\/p>\n\n\n\n<p>El Santuario cuenta ahora con varios coros que animan las celebraciones entre semana, especialmente los s\u00e1bados y domingos. La iniciativa es antigua, pero cobr\u00f3 fuerza este a\u00f1o. La primera actuaci\u00f3n del coro fue durante Semana Santa. Durante el Triduo Pascual, las voces de los voluntarios resonaron por toda la iglesia, haciendo que las celebraciones m\u00e1s solemnes fueran a\u00fan m\u00e1s reflexivas sobre la pasi\u00f3n y muerte de Cristo.<\/p>\n\n\n\n<p>Posteriormente, el coro actu\u00f3 en la Misa de Corpus Christi y en la inauguraci\u00f3n del Festival Padre Eust\u00e1quio 2022. El trabajo del grupo, especialmente los ensayos y presentaciones, es coordinado por el voluntario Rhaime Ferreira, quien suele dirigir la m\u00fasica en la Santa Misa los s\u00e1bados a las 17 h, junto con miembros del Ministerio Amai-vos. <\/p>\n\n\n\n<p>En la apertura del festival, el d\u00eda 30 de julio, el coro se present\u00f3 en el Coro Central de la Iglesia, conmoviendo a los presentes, as\u00ed como a quienes siguieron la celebraci\u00f3n a trav\u00e9s del Canal Padre Eust\u00e1quio.<\/p>\n\n\n\n<p><\/p>","protected":false},"excerpt":{"rendered":"<p>Cantores de diversos grupos de canto do Santu\u00e1rio Arquidiocesano da Sa\u00fade e da Paz, a Igreja do Padre Eust\u00e1quio, se unir\u00e3o em um s\u00f3 coral. A iniciativa partiu dos pr\u00f3prios volunt\u00e1rios e visa integrar todos os cantores nesta celebra\u00e7\u00e3o t\u00e3o especial para todos n\u00f3s, devotos. O Santu\u00e1rio conta, hoje, com diversos corais que animam as celebra\u00e7\u00f5es durante a semana e, principalmente aos s\u00e1bados e domingos. A iniciativa \u00e9 antiga, mas ganhou for\u00e7a este ano. A primeira apresenta\u00e7\u00e3o do coral foi durante a Semana Santa. Durante o tr\u00edduo pascal, as vozes dos volunt\u00e1rios ecoaram pela igreja, fazendo com que as celebra\u00e7\u00f5es [&hellip;]<\/p>\n","protected":false},"author":2,"featured_media":9132,"comment_status":"open","ping_status":"closed","sticky":false,"template":"","format":"standard","meta":{"_acf_changed":false,"footnotes":""},"categories":[611],"tags":[],"class_list":["post-9126","post","type-post","status-publish","format-standard","has-post-thumbnail","hentry","category-noticias"],"acf":[],"yoast_head":"<!-- This site is optimized with the Yoast SEO plugin v27.2 - https:\/\/yoast.com\/product\/yoast-seo-wordpress\/ -->\n<title>Uni\u00e3o de cantores forma Coral especial para a Missa Solene do dia 30 de agosto<\/title>\n<meta name=\"description\" content=\"Cantores de diversos grupos de canto do Santu\u00e1rio Arquidiocesano da Sa\u00fade e da Paz, a Igreja do Padre Eust\u00e1quio, se unir\u00e3o em um s\u00f3 coral. A iniciativa partiu dos pr\u00f3prios volunt\u00e1rios e visa integrar todos os cantores nesta celebra\u00e7\u00e3o t\u00e3o especial para todos n\u00f3s, devotos.\" \/>\n<meta name=\"robots\" content=\"index, follow, max-snippet:-1, max-image-preview:large, max-video-preview:-1\" \/>\n<link rel=\"canonical\" href=\"https:\/\/www.padreeustaquio.com.br\/es\/union-de-cantores-forma-coro-especial-para-la-misa-solemne-del-30-de-agosto\/\" \/>\n<meta property=\"og:locale\" content=\"es_ES\" \/>\n<meta property=\"og:type\" content=\"article\" \/>\n<meta property=\"og:title\" content=\"Uni\u00e3o de cantores forma Coral especial para a Missa Solene do dia 30 de agosto\" \/>\n<meta property=\"og:description\" content=\"Cantores de diversos grupos de canto do Santu\u00e1rio Arquidiocesano da Sa\u00fade e da Paz, a Igreja do Padre Eust\u00e1quio, se unir\u00e3o em um s\u00f3 coral. A iniciativa partiu dos pr\u00f3prios volunt\u00e1rios e visa integrar todos os cantores nesta celebra\u00e7\u00e3o t\u00e3o especial para todos n\u00f3s, devotos.\" \/>\n<meta property=\"og:url\" content=\"https:\/\/www.padreeustaquio.com.br\/es\/union-de-cantores-forma-coro-especial-para-la-misa-solemne-del-30-de-agosto\/\" \/>\n<meta property=\"og:site_name\" content=\"Padre Eust\u00e1quio\" \/>\n<meta property=\"article:publisher\" content=\"https:\/\/www.facebook.com\/beatopadreeustaquio\/\" \/>\n<meta property=\"article:published_time\" content=\"2022-08-28T09:08:00+00:00\" \/>\n<meta property=\"og:image\" content=\"https:\/\/www.padreeustaquio.com.br\/wp-content\/uploads\/2022\/08\/coral.png\" \/>\n\t<meta property=\"og:image:width\" content=\"843\" \/>\n\t<meta property=\"og:image:height\" content=\"417\" \/>\n\t<meta property=\"og:image:type\" content=\"image\/png\" \/>\n<meta name=\"author\" content=\"@sscc\" \/>\n<meta name=\"twitter:card\" content=\"summary_large_image\" \/>\n<meta name=\"twitter:creator\" content=\"@beatopeustaquio\" \/>\n<meta name=\"twitter:site\" content=\"@beatopeustaquio\" \/>\n<meta name=\"twitter:label1\" content=\"Escrito por\" \/>\n\t<meta name=\"twitter:data1\" content=\"@sscc\" \/>\n\t<meta name=\"twitter:label2\" content=\"Tiempo de lectura\" \/>\n\t<meta name=\"twitter:data2\" content=\"1 minuto\" \/>\n<script type=\"application\/ld+json\" class=\"yoast-schema-graph\">{\"@context\":\"https:\/\/schema.org\",\"@graph\":[{\"@type\":\"Article\",\"@id\":\"https:\/\/www.padreeustaquio.com.br\/uniao-de-cantores-forma-coral-especial-para-a-missa-solene-do-dia-30-de-agosto\/#article\",\"isPartOf\":{\"@id\":\"https:\/\/www.padreeustaquio.com.br\/uniao-de-cantores-forma-coral-especial-para-a-missa-solene-do-dia-30-de-agosto\/\"},\"author\":{\"name\":\"@sscc\",\"@id\":\"https:\/\/www.padreeustaquio.com.br\/#\/schema\/person\/a2a51db1d00f1a7af0204a0f1ddb1566\"},\"headline\":\"Uni\u00e3o de cantores forma Coral especial para a Missa Solene do dia 30 de agosto\",\"datePublished\":\"2022-08-28T09:08:00+00:00\",\"mainEntityOfPage\":{\"@id\":\"https:\/\/www.padreeustaquio.com.br\/uniao-de-cantores-forma-coral-especial-para-a-missa-solene-do-dia-30-de-agosto\/\"},\"wordCount\":238,\"commentCount\":0,\"publisher\":{\"@id\":\"https:\/\/www.padreeustaquio.com.br\/#organization\"},\"image\":{\"@id\":\"https:\/\/www.padreeustaquio.com.br\/uniao-de-cantores-forma-coral-especial-para-a-missa-solene-do-dia-30-de-agosto\/#primaryimage\"},\"thumbnailUrl\":\"https:\/\/www.padreeustaquio.com.br\/wp-content\/uploads\/2022\/08\/coral.png\",\"articleSection\":[\"Not\u00edcias\"],\"inLanguage\":\"es\",\"potentialAction\":[{\"@type\":\"CommentAction\",\"name\":\"Comment\",\"target\":[\"https:\/\/www.padreeustaquio.com.br\/uniao-de-cantores-forma-coral-especial-para-a-missa-solene-do-dia-30-de-agosto\/#respond\"]}]},{\"@type\":\"WebPage\",\"@id\":\"https:\/\/www.padreeustaquio.com.br\/uniao-de-cantores-forma-coral-especial-para-a-missa-solene-do-dia-30-de-agosto\/\",\"url\":\"https:\/\/www.padreeustaquio.com.br\/uniao-de-cantores-forma-coral-especial-para-a-missa-solene-do-dia-30-de-agosto\/\",\"name\":\"Uni\u00e3o de cantores forma Coral especial para a Missa Solene do dia 30 de agosto\",\"isPartOf\":{\"@id\":\"https:\/\/www.padreeustaquio.com.br\/#website\"},\"primaryImageOfPage\":{\"@id\":\"https:\/\/www.padreeustaquio.com.br\/uniao-de-cantores-forma-coral-especial-para-a-missa-solene-do-dia-30-de-agosto\/#primaryimage\"},\"image\":{\"@id\":\"https:\/\/www.padreeustaquio.com.br\/uniao-de-cantores-forma-coral-especial-para-a-missa-solene-do-dia-30-de-agosto\/#primaryimage\"},\"thumbnailUrl\":\"https:\/\/www.padreeustaquio.com.br\/wp-content\/uploads\/2022\/08\/coral.png\",\"datePublished\":\"2022-08-28T09:08:00+00:00\",\"description\":\"Cantores de diversos grupos de canto do Santu\u00e1rio Arquidiocesano da Sa\u00fade e da Paz, a Igreja do Padre Eust\u00e1quio, se unir\u00e3o em um s\u00f3 coral. A iniciativa partiu dos pr\u00f3prios volunt\u00e1rios e visa integrar todos os cantores nesta celebra\u00e7\u00e3o t\u00e3o especial para todos n\u00f3s, devotos.\",\"breadcrumb\":{\"@id\":\"https:\/\/www.padreeustaquio.com.br\/uniao-de-cantores-forma-coral-especial-para-a-missa-solene-do-dia-30-de-agosto\/#breadcrumb\"},\"inLanguage\":\"es\",\"potentialAction\":[{\"@type\":\"ReadAction\",\"target\":[\"https:\/\/www.padreeustaquio.com.br\/uniao-de-cantores-forma-coral-especial-para-a-missa-solene-do-dia-30-de-agosto\/\"]}]},{\"@type\":\"ImageObject\",\"inLanguage\":\"es\",\"@id\":\"https:\/\/www.padreeustaquio.com.br\/uniao-de-cantores-forma-coral-especial-para-a-missa-solene-do-dia-30-de-agosto\/#primaryimage\",\"url\":\"https:\/\/www.padreeustaquio.com.br\/wp-content\/uploads\/2022\/08\/coral.png\",\"contentUrl\":\"https:\/\/www.padreeustaquio.com.br\/wp-content\/uploads\/2022\/08\/coral.png\",\"width\":843,\"height\":417},{\"@type\":\"BreadcrumbList\",\"@id\":\"https:\/\/www.padreeustaquio.com.br\/uniao-de-cantores-forma-coral-especial-para-a-missa-solene-do-dia-30-de-agosto\/#breadcrumb\",\"itemListElement\":[{\"@type\":\"ListItem\",\"position\":1,\"name\":\"In\u00edcio\",\"item\":\"https:\/\/www.padreeustaquio.com.br\/\"},{\"@type\":\"ListItem\",\"position\":2,\"name\":\"Uni\u00e3o de cantores forma Coral especial para a Missa Solene do dia 30 de agosto\"}]},{\"@type\":\"WebSite\",\"@id\":\"https:\/\/www.padreeustaquio.com.br\/#website\",\"url\":\"https:\/\/www.padreeustaquio.com.br\/\",\"name\":\"Padre Eust\u00e1quio\",\"description\":\"Sa\u00fade e Paz\",\"publisher\":{\"@id\":\"https:\/\/www.padreeustaquio.com.br\/#organization\"},\"potentialAction\":[{\"@type\":\"SearchAction\",\"target\":{\"@type\":\"EntryPoint\",\"urlTemplate\":\"https:\/\/www.padreeustaquio.com.br\/?s={search_term_string}\"},\"query-input\":{\"@type\":\"PropertyValueSpecification\",\"valueRequired\":true,\"valueName\":\"search_term_string\"}}],\"inLanguage\":\"es\"},{\"@type\":\"Organization\",\"@id\":\"https:\/\/www.padreeustaquio.com.br\/#organization\",\"name\":\"Padre Eust\u00e1quio\",\"url\":\"https:\/\/www.padreeustaquio.com.br\/\",\"logo\":{\"@type\":\"ImageObject\",\"inLanguage\":\"es\",\"@id\":\"https:\/\/www.padreeustaquio.com.br\/#\/schema\/logo\/image\/\",\"url\":\"https:\/\/www.padreeustaquio.com.br\/wp-content\/uploads\/2019\/08\/marca.png\",\"contentUrl\":\"https:\/\/www.padreeustaquio.com.br\/wp-content\/uploads\/2019\/08\/marca.png\",\"width\":350,\"height\":400,\"caption\":\"Padre Eust\u00e1quio\"},\"image\":{\"@id\":\"https:\/\/www.padreeustaquio.com.br\/#\/schema\/logo\/image\/\"},\"sameAs\":[\"https:\/\/www.facebook.com\/beatopadreeustaquio\/\",\"https:\/\/x.com\/beatopeustaquio\",\"https:\/\/www.instagram.com\/beatopadreeustaquio\/\",\"https:\/\/www.youtube.com\/channel\/UCRhw7vfabnajwLxb1ZXMeIw\"]},{\"@type\":\"Person\",\"@id\":\"https:\/\/www.padreeustaquio.com.br\/#\/schema\/person\/a2a51db1d00f1a7af0204a0f1ddb1566\",\"name\":\"@sscc\",\"image\":{\"@type\":\"ImageObject\",\"inLanguage\":\"es\",\"@id\":\"https:\/\/secure.gravatar.com\/avatar\/68cfafa5f44617fea54071e215026e0ff06be366c3d54a8425f04fdcb86f8c5f?s=96&d=mm&r=g\",\"url\":\"https:\/\/secure.gravatar.com\/avatar\/68cfafa5f44617fea54071e215026e0ff06be366c3d54a8425f04fdcb86f8c5f?s=96&d=mm&r=g\",\"contentUrl\":\"https:\/\/secure.gravatar.com\/avatar\/68cfafa5f44617fea54071e215026e0ff06be366c3d54a8425f04fdcb86f8c5f?s=96&d=mm&r=g\",\"caption\":\"@sscc\"},\"url\":\"https:\/\/www.padreeustaquio.com.br\/es\/author\/sscc\/\"}]}<\/script>\n<!-- \/ Yoast SEO plugin. -->","yoast_head_json":{"title":"Un grupo de cantantes forma un coro especial para la Misa Solemne del 30 de agosto.","description":"Cantantes de varios coros del Santuario Arquidiocesano de Salud y Paz, la Iglesia del Padre Eust\u00e1quio, se unir\u00e1n en un solo coro. La iniciativa surgi\u00f3 de los propios voluntarios y busca integrar a todos los cantores en esta celebraci\u00f3n tan especial para todos nosotros, los devotos.","robots":{"index":"index","follow":"follow","max-snippet":"max-snippet:-1","max-image-preview":"max-image-preview:large","max-video-preview":"max-video-preview:-1"},"canonical":"https:\/\/www.padreeustaquio.com.br\/es\/union-de-cantores-forma-coro-especial-para-la-misa-solemne-del-30-de-agosto\/","og_locale":"es_ES","og_type":"article","og_title":"Uni\u00e3o de cantores forma Coral especial para a Missa Solene do dia 30 de agosto","og_description":"Cantores de diversos grupos de canto do Santu\u00e1rio Arquidiocesano da Sa\u00fade e da Paz, a Igreja do Padre Eust\u00e1quio, se unir\u00e3o em um s\u00f3 coral. A iniciativa partiu dos pr\u00f3prios volunt\u00e1rios e visa integrar todos os cantores nesta celebra\u00e7\u00e3o t\u00e3o especial para todos n\u00f3s, devotos.","og_url":"https:\/\/www.padreeustaquio.com.br\/es\/union-de-cantores-forma-coro-especial-para-la-misa-solemne-del-30-de-agosto\/","og_site_name":"Padre Eust\u00e1quio","article_publisher":"https:\/\/www.facebook.com\/beatopadreeustaquio\/","article_published_time":"2022-08-28T09:08:00+00:00","og_image":[{"width":843,"height":417,"url":"https:\/\/www.padreeustaquio.com.br\/wp-content\/uploads\/2022\/08\/coral.png","type":"image\/png"}],"author":"@sscc","twitter_card":"summary_large_image","twitter_creator":"@beatopeustaquio","twitter_site":"@beatopeustaquio","twitter_misc":{"Escrito por":"@sscc","Tiempo de lectura":"1 minuto"},"schema":{"@context":"https:\/\/schema.org","@graph":[{"@type":"Article","@id":"https:\/\/www.padreeustaquio.com.br\/uniao-de-cantores-forma-coral-especial-para-a-missa-solene-do-dia-30-de-agosto\/#article","isPartOf":{"@id":"https:\/\/www.padreeustaquio.com.br\/uniao-de-cantores-forma-coral-especial-para-a-missa-solene-do-dia-30-de-agosto\/"},"author":{"name":"@sscc","@id":"https:\/\/www.padreeustaquio.com.br\/#\/schema\/person\/a2a51db1d00f1a7af0204a0f1ddb1566"},"headline":"Uni\u00e3o de cantores forma Coral especial para a Missa Solene do dia 30 de agosto","datePublished":"2022-08-28T09:08:00+00:00","mainEntityOfPage":{"@id":"https:\/\/www.padreeustaquio.com.br\/uniao-de-cantores-forma-coral-especial-para-a-missa-solene-do-dia-30-de-agosto\/"},"wordCount":238,"commentCount":0,"publisher":{"@id":"https:\/\/www.padreeustaquio.com.br\/#organization"},"image":{"@id":"https:\/\/www.padreeustaquio.com.br\/uniao-de-cantores-forma-coral-especial-para-a-missa-solene-do-dia-30-de-agosto\/#primaryimage"},"thumbnailUrl":"https:\/\/www.padreeustaquio.com.br\/wp-content\/uploads\/2022\/08\/coral.png","articleSection":["Not\u00edcias"],"inLanguage":"es","potentialAction":[{"@type":"CommentAction","name":"Comment","target":["https:\/\/www.padreeustaquio.com.br\/uniao-de-cantores-forma-coral-especial-para-a-missa-solene-do-dia-30-de-agosto\/#respond"]}]},{"@type":"WebPage","@id":"https:\/\/www.padreeustaquio.com.br\/uniao-de-cantores-forma-coral-especial-para-a-missa-solene-do-dia-30-de-agosto\/","url":"https:\/\/www.padreeustaquio.com.br\/uniao-de-cantores-forma-coral-especial-para-a-missa-solene-do-dia-30-de-agosto\/","name":"Un grupo de cantantes forma un coro especial para la Misa Solemne del 30 de agosto.","isPartOf":{"@id":"https:\/\/www.padreeustaquio.com.br\/#website"},"primaryImageOfPage":{"@id":"https:\/\/www.padreeustaquio.com.br\/uniao-de-cantores-forma-coral-especial-para-a-missa-solene-do-dia-30-de-agosto\/#primaryimage"},"image":{"@id":"https:\/\/www.padreeustaquio.com.br\/uniao-de-cantores-forma-coral-especial-para-a-missa-solene-do-dia-30-de-agosto\/#primaryimage"},"thumbnailUrl":"https:\/\/www.padreeustaquio.com.br\/wp-content\/uploads\/2022\/08\/coral.png","datePublished":"2022-08-28T09:08:00+00:00","description":"Cantantes de varios coros del Santuario Arquidiocesano de Salud y Paz, la Iglesia del Padre Eust\u00e1quio, se unir\u00e1n en un solo coro. La iniciativa surgi\u00f3 de los propios voluntarios y busca integrar a todos los cantores en esta celebraci\u00f3n tan especial para todos nosotros, los devotos.","breadcrumb":{"@id":"https:\/\/www.padreeustaquio.com.br\/uniao-de-cantores-forma-coral-especial-para-a-missa-solene-do-dia-30-de-agosto\/#breadcrumb"},"inLanguage":"es","potentialAction":[{"@type":"ReadAction","target":["https:\/\/www.padreeustaquio.com.br\/uniao-de-cantores-forma-coral-especial-para-a-missa-solene-do-dia-30-de-agosto\/"]}]},{"@type":"ImageObject","inLanguage":"es","@id":"https:\/\/www.padreeustaquio.com.br\/uniao-de-cantores-forma-coral-especial-para-a-missa-solene-do-dia-30-de-agosto\/#primaryimage","url":"https:\/\/www.padreeustaquio.com.br\/wp-content\/uploads\/2022\/08\/coral.png","contentUrl":"https:\/\/www.padreeustaquio.com.br\/wp-content\/uploads\/2022\/08\/coral.png","width":843,"height":417},{"@type":"BreadcrumbList","@id":"https:\/\/www.padreeustaquio.com.br\/uniao-de-cantores-forma-coral-especial-para-a-missa-solene-do-dia-30-de-agosto\/#breadcrumb","itemListElement":[{"@type":"ListItem","position":1,"name":"In\u00edcio","item":"https:\/\/www.padreeustaquio.com.br\/"},{"@type":"ListItem","position":2,"name":"Uni\u00e3o de cantores forma Coral especial para a Missa Solene do dia 30 de agosto"}]},{"@type":"WebSite","@id":"https:\/\/www.padreeustaquio.com.br\/#website","url":"https:\/\/www.padreeustaquio.com.br\/","name":"Padre Eustace","description":"Salud y Paz","publisher":{"@id":"https:\/\/www.padreeustaquio.com.br\/#organization"},"potentialAction":[{"@type":"SearchAction","target":{"@type":"EntryPoint","urlTemplate":"https:\/\/www.padreeustaquio.com.br\/?s={search_term_string}"},"query-input":{"@type":"PropertyValueSpecification","valueRequired":true,"valueName":"search_term_string"}}],"inLanguage":"es"},{"@type":"Organization","@id":"https:\/\/www.padreeustaquio.com.br\/#organization","name":"Padre Eustace","url":"https:\/\/www.padreeustaquio.com.br\/","logo":{"@type":"ImageObject","inLanguage":"es","@id":"https:\/\/www.padreeustaquio.com.br\/#\/schema\/logo\/image\/","url":"https:\/\/www.padreeustaquio.com.br\/wp-content\/uploads\/2019\/08\/marca.png","contentUrl":"https:\/\/www.padreeustaquio.com.br\/wp-content\/uploads\/2019\/08\/marca.png","width":350,"height":400,"caption":"Padre Eust\u00e1quio"},"image":{"@id":"https:\/\/www.padreeustaquio.com.br\/#\/schema\/logo\/image\/"},"sameAs":["https:\/\/www.facebook.com\/beatopadreeustaquio\/","https:\/\/x.com\/beatopeustaquio","https:\/\/www.instagram.com\/beatopadreeustaquio\/","https:\/\/www.youtube.com\/channel\/UCRhw7vfabnajwLxb1ZXMeIw"]},{"@type":"Person","@id":"https:\/\/www.padreeustaquio.com.br\/#\/schema\/person\/a2a51db1d00f1a7af0204a0f1ddb1566","name":"@sscc","image":{"@type":"ImageObject","inLanguage":"es","@id":"https:\/\/secure.gravatar.com\/avatar\/68cfafa5f44617fea54071e215026e0ff06be366c3d54a8425f04fdcb86f8c5f?s=96&d=mm&r=g","url":"https:\/\/secure.gravatar.com\/avatar\/68cfafa5f44617fea54071e215026e0ff06be366c3d54a8425f04fdcb86f8c5f?s=96&d=mm&r=g","contentUrl":"https:\/\/secure.gravatar.com\/avatar\/68cfafa5f44617fea54071e215026e0ff06be366c3d54a8425f04fdcb86f8c5f?s=96&d=mm&r=g","caption":"@sscc"},"url":"https:\/\/www.padreeustaquio.com.br\/es\/author\/sscc\/"}]}},"_links":{"self":[{"href":"https:\/\/www.padreeustaquio.com.br\/es\/wp-json\/wp\/v2\/posts\/9126","targetHints":{"allow":["GET"]}}],"collection":[{"href":"https:\/\/www.padreeustaquio.com.br\/es\/wp-json\/wp\/v2\/posts"}],"about":[{"href":"https:\/\/www.padreeustaquio.com.br\/es\/wp-json\/wp\/v2\/types\/post"}],"author":[{"embeddable":true,"href":"https:\/\/www.padreeustaquio.com.br\/es\/wp-json\/wp\/v2\/users\/2"}],"replies":[{"embeddable":true,"href":"https:\/\/www.padreeustaquio.com.br\/es\/wp-json\/wp\/v2\/comments?post=9126"}],"version-history":[{"count":0,"href":"https:\/\/www.padreeustaquio.com.br\/es\/wp-json\/wp\/v2\/posts\/9126\/revisions"}],"wp:featuredmedia":[{"embeddable":true,"href":"https:\/\/www.padreeustaquio.com.br\/es\/wp-json\/wp\/v2\/media\/9132"}],"wp:attachment":[{"href":"https:\/\/www.padreeustaquio.com.br\/es\/wp-json\/wp\/v2\/media?parent=9126"}],"wp:term":[{"taxonomy":"category","embeddable":true,"href":"https:\/\/www.padreeustaquio.com.br\/es\/wp-json\/wp\/v2\/categories?post=9126"},{"taxonomy":"post_tag","embeddable":true,"href":"https:\/\/www.padreeustaquio.com.br\/es\/wp-json\/wp\/v2\/tags?post=9126"}],"curies":[{"name":"wp","href":"https:\/\/api.w.org\/{rel}","templated":true}]}}