{"id":9108,"date":"2022-08-20T11:30:25","date_gmt":"2022-08-20T14:30:25","guid":{"rendered":"https:\/\/www.padreeustaquio.com.br\/?p=9108"},"modified":"2022-08-20T11:32:58","modified_gmt":"2022-08-20T14:32:58","slug":"coro-infantil-de-carmopolis-de-minas-participa-de-misa-en-el-santuario","status":"publish","type":"post","link":"https:\/\/www.padreeustaquio.com.br\/es\/coro-infantil-de-carmopolis-de-minas-participa-de-misa-en-el-santuario\/","title":{"rendered":"Coro Infantil de Carm\u00f3polis de Minas participa de Misa en el Santuario"},"content":{"rendered":"<p>El Coro de los Peque\u00f1os Cantores de los Sagrados Corazones, compuesto por casi 50 ni\u00f1os, se presentar\u00e1 este s\u00e1bado 20 de agosto en el Santuario de la Salud y la Paz de Belo Horizonte. Originario de Carm\u00f3polis de Minas, en la regi\u00f3n centro-oeste del estado, el coro lleva 25 a\u00f1os activo y surgi\u00f3 de la iniciativa de devotos del Padre Eust\u00e1quio.<\/p>\n\n\n\n<p>La Celebraci\u00f3n Eucar\u00edstica de este s\u00e1bado a las 17:00 h en la Iglesia del Padre Eustaquio contar\u00e1 con una participaci\u00f3n especial. Los Peque\u00f1os Cantores de los Sagrados Corazones participar\u00e1n en toda la misa con cantos lit\u00fargicos interpretados por ni\u00f1os y adolescentes de 6 a 14 a\u00f1os. <\/p>\n\n\n\n<p>La Santa Misa ser\u00e1 transmitida por el Canal Padre Eust\u00e1quio (<a href=\"https:\/\/www.youtube.com\/watch?v=f9Gla8n9OPo\" target=\"_blank\" rel=\"noreferrer noopener\">HAGA CLIC AQU\u00cd<\/a> (para acompa\u00f1ar) y marcar\u00e1 el inicio del fin de semana de la Novena en preparaci\u00f3n para la gran fiesta del 30 de agosto. La actuaci\u00f3n del Coro, adem\u00e1s de honrar al Beato Padre Eust\u00e1quio, tambi\u00e9n ser\u00e1 una oportunidad para dar la bienvenida a los visitantes y a la cultura religiosa del interior de Minas Gerais.<\/p>\n\n\n\n<p><strong>Peque\u00f1os Cantores de los Sagrados Corazones<\/strong><\/p>\n\n\n\n<p>El Coro &quot;Peque\u00f1os Cantores de los Sagrados Corazones&quot; se cre\u00f3 en junio de 1997, con el apoyo del difunto p\u00e1rroco, Padre Jos\u00e9 Erlei de Almeida. El grupo no tiene requisitos de edad ni de tiempo para dejar el coro, por lo que el l\u00edmite de perseverancia depende de cada ni\u00f1o. Sin embargo, la edad promedio de los ni\u00f1os y adolescentes es de 6 a 14 a\u00f1os. <\/p>\n\n\n\n<p>El trabajo es voluntario, con el apoyo de las familias y el p\u00e1rroco. La principal actividad de los j\u00f3venes cantantes es la evangelizaci\u00f3n, especialmente durante las celebraciones lit\u00fargicas como la Pascua, la Coronaci\u00f3n del Sagrado Coraz\u00f3n de Jes\u00fas y la Navidad. Cuando son invitados, tambi\u00e9n act\u00faan en pueblos vecinos de Carm\u00f3polis de Minas.<\/p>\n\n\n\n<p>Vea fotograf\u00edas de otras actuaciones del Coro.<\/p>\n\n\n\n<figure class=\"wp-block-gallery has-nested-images columns-4 is-cropped wp-block-gallery-1 is-layout-flex wp-block-gallery-is-layout-flex\">\n<figure class=\"wp-block-image size-medium\"><a href=\"https:\/\/www.padreeustaquio.com.br\/es\/coro-infantil-de-carmopolis-de-minas-participa-de-misa-en-el-santuario\/coral-de-carmopolis-2-1\/\"><img fetchpriority=\"high\" decoding=\"async\" width=\"300\" height=\"224\" data-id=\"9118\" src=\"https:\/\/www.padreeustaquio.com.br\/wp-content\/uploads\/2022\/08\/Coral-de-Carmopolis-2-1-300x224.jpeg\" alt=\"\" class=\"wp-image-9118\" srcset=\"https:\/\/www.padreeustaquio.com.br\/wp-content\/uploads\/2022\/08\/Coral-de-Carmopolis-2-1-300x224.jpeg 300w, https:\/\/www.padreeustaquio.com.br\/wp-content\/uploads\/2022\/08\/Coral-de-Carmopolis-2-1-1024x766.jpeg 1024w, https:\/\/www.padreeustaquio.com.br\/wp-content\/uploads\/2022\/08\/Coral-de-Carmopolis-2-1-768x575.jpeg 768w, https:\/\/www.padreeustaquio.com.br\/wp-content\/uploads\/2022\/08\/Coral-de-Carmopolis-2-1-1536x1149.jpeg 1536w, https:\/\/www.padreeustaquio.com.br\/wp-content\/uploads\/2022\/08\/Coral-de-Carmopolis-2-1-180x135.jpeg 180w, https:\/\/www.padreeustaquio.com.br\/wp-content\/uploads\/2022\/08\/Coral-de-Carmopolis-2-1-400x300.jpeg 400w, https:\/\/www.padreeustaquio.com.br\/wp-content\/uploads\/2022\/08\/Coral-de-Carmopolis-2-1-600x450.jpeg 600w, https:\/\/www.padreeustaquio.com.br\/wp-content\/uploads\/2022\/08\/Coral-de-Carmopolis-2-1-800x600.jpeg 800w, https:\/\/www.padreeustaquio.com.br\/wp-content\/uploads\/2022\/08\/Coral-de-Carmopolis-2-1-1200x900.jpeg 1200w, https:\/\/www.padreeustaquio.com.br\/wp-content\/uploads\/2022\/08\/Coral-de-Carmopolis-2-1.jpeg 1600w\" sizes=\"(max-width: 300px) 100vw, 300px\" \/><\/a><\/figure>\n\n\n\n<figure class=\"wp-block-image size-large\"><a href=\"https:\/\/www.padreeustaquio.com.br\/es\/coro-infantil-de-carmopolis-de-minas-participa-de-misa-en-el-santuario\/coral-de-carmopolis-3-1\/\"><img decoding=\"async\" width=\"1024\" height=\"560\" data-id=\"9116\" src=\"https:\/\/www.padreeustaquio.com.br\/wp-content\/uploads\/2022\/08\/Coral-de-Carmopolis-3-1-1024x560.jpeg\" alt=\"\" class=\"wp-image-9116\" srcset=\"https:\/\/www.padreeustaquio.com.br\/wp-content\/uploads\/2022\/08\/Coral-de-Carmopolis-3-1-1024x560.jpeg 1024w, https:\/\/www.padreeustaquio.com.br\/wp-content\/uploads\/2022\/08\/Coral-de-Carmopolis-3-1-300x164.jpeg 300w, https:\/\/www.padreeustaquio.com.br\/wp-content\/uploads\/2022\/08\/Coral-de-Carmopolis-3-1-768x420.jpeg 768w, https:\/\/www.padreeustaquio.com.br\/wp-content\/uploads\/2022\/08\/Coral-de-Carmopolis-3-1.jpeg 1280w\" sizes=\"(max-width: 1024px) 100vw, 1024px\" \/><\/a><\/figure>\n\n\n\n<figure class=\"wp-block-image size-large\"><a href=\"https:\/\/www.padreeustaquio.com.br\/es\/coro-infantil-de-carmopolis-de-minas-participa-de-misa-en-el-santuario\/coral-de-carmopolis-4-1\/\"><img decoding=\"async\" width=\"1024\" height=\"683\" data-id=\"9115\" src=\"https:\/\/www.padreeustaquio.com.br\/wp-content\/uploads\/2022\/08\/Coral-de-Carmopolis-4-1-1024x683.jpeg\" alt=\"\" class=\"wp-image-9115\" srcset=\"https:\/\/www.padreeustaquio.com.br\/wp-content\/uploads\/2022\/08\/Coral-de-Carmopolis-4-1-1024x683.jpeg 1024w, https:\/\/www.padreeustaquio.com.br\/wp-content\/uploads\/2022\/08\/Coral-de-Carmopolis-4-1-300x200.jpeg 300w, https:\/\/www.padreeustaquio.com.br\/wp-content\/uploads\/2022\/08\/Coral-de-Carmopolis-4-1-768x512.jpeg 768w, https:\/\/www.padreeustaquio.com.br\/wp-content\/uploads\/2022\/08\/Coral-de-Carmopolis-4-1.jpeg 1080w\" sizes=\"(max-width: 1024px) 100vw, 1024px\" \/><\/a><\/figure>\n\n\n\n<figure class=\"wp-block-image size-large\"><a href=\"https:\/\/www.padreeustaquio.com.br\/es\/coro-infantil-de-carmopolis-de-minas-participa-de-misa-en-el-santuario\/coral-de-carmopolis-1-1\/\"><img loading=\"lazy\" decoding=\"async\" width=\"1024\" height=\"682\" data-id=\"9117\" src=\"https:\/\/www.padreeustaquio.com.br\/wp-content\/uploads\/2022\/08\/Coral-de-Carmopolis-1-1-1024x682.jpeg\" alt=\"\" class=\"wp-image-9117\" srcset=\"https:\/\/www.padreeustaquio.com.br\/wp-content\/uploads\/2022\/08\/Coral-de-Carmopolis-1-1-1024x682.jpeg 1024w, https:\/\/www.padreeustaquio.com.br\/wp-content\/uploads\/2022\/08\/Coral-de-Carmopolis-1-1-300x200.jpeg 300w, https:\/\/www.padreeustaquio.com.br\/wp-content\/uploads\/2022\/08\/Coral-de-Carmopolis-1-1-768x511.jpeg 768w, https:\/\/www.padreeustaquio.com.br\/wp-content\/uploads\/2022\/08\/Coral-de-Carmopolis-1-1.jpeg 1280w\" sizes=\"(max-width: 1024px) 100vw, 1024px\" \/><\/a><\/figure>\n<\/figure>\n\n\n\n<p><\/p>","protected":false},"excerpt":{"rendered":"<p>O Coral dos Pequenos Cantores dos Sagrados Cora\u00e7\u00f5es, formado por quase 50 crian\u00e7as vai se apresentar neste s\u00e1bado, dia 20 de agosto no Santu\u00e1rio da Sa\u00fade e da Paz, em Belo Horizonte. Vindos de Carm\u00f3polis de Minas, na regi\u00e3o centro-oeste do estado, o Coral tem 25 anos de atua\u00e7\u00e3o e surgiu pela iniciativa de devotos de Padre Eust\u00e1quio. A Celebra\u00e7\u00e3o Eucar\u00edstica deste s\u00e1bado, \u00e0s 17h, na Igreja do Padre Eust\u00e1quio vai contar com uma participa\u00e7\u00e3o especial. Os Pequenos Cantores dos Sagrados Cora\u00e7\u00f5es participar\u00e3o de toda a missa com cantos lit\u00fargicos, interpretados por crian\u00e7as e adolescentes de 6 a 14 anos. [&hellip;]<\/p>\n","protected":false},"author":2,"featured_media":9109,"comment_status":"open","ping_status":"closed","sticky":false,"template":"","format":"standard","meta":{"_acf_changed":false,"footnotes":""},"categories":[611],"tags":[],"class_list":["post-9108","post","type-post","status-publish","format-standard","has-post-thumbnail","hentry","category-noticias"],"acf":[],"yoast_head":"<!-- This site is optimized with the Yoast SEO plugin v27.2 - https:\/\/yoast.com\/product\/yoast-seo-wordpress\/ -->\n<title>Coral de Crian\u00e7as de Carm\u00f3polis de Minas participa de missa no Santu\u00e1rio<\/title>\n<meta name=\"description\" content=\"O Coral dos Pequenos Cantores dos Sagrados Cora\u00e7\u00f5es, formado por quase 50 crian\u00e7as vai se apresentar neste s\u00e1bado, dia 20 de agosto no Santu\u00e1rio da Sa\u00fade e da Paz, em Belo Horizonte. Vindos de Carm\u00f3polis de Minas, na regi\u00e3o centro-oeste do estado, o Coral tem 25 anos de atua\u00e7\u00e3o e surgiu pela iniciativa de devotos de Padre Eust\u00e1quio.\" \/>\n<meta name=\"robots\" content=\"index, follow, max-snippet:-1, max-image-preview:large, max-video-preview:-1\" \/>\n<link rel=\"canonical\" href=\"https:\/\/www.padreeustaquio.com.br\/es\/coro-infantil-de-carmopolis-de-minas-participa-de-misa-en-el-santuario\/\" \/>\n<meta property=\"og:locale\" content=\"es_ES\" \/>\n<meta property=\"og:type\" content=\"article\" \/>\n<meta property=\"og:title\" content=\"Coral de Crian\u00e7as de Carm\u00f3polis de Minas participa de missa no Santu\u00e1rio\" \/>\n<meta property=\"og:description\" content=\"O Coral dos Pequenos Cantores dos Sagrados Cora\u00e7\u00f5es, formado por quase 50 crian\u00e7as vai se apresentar neste s\u00e1bado, dia 20 de agosto no Santu\u00e1rio da Sa\u00fade e da Paz, em Belo Horizonte. Vindos de Carm\u00f3polis de Minas, na regi\u00e3o centro-oeste do estado, o Coral tem 25 anos de atua\u00e7\u00e3o e surgiu pela iniciativa de devotos de Padre Eust\u00e1quio.\" \/>\n<meta property=\"og:url\" content=\"https:\/\/www.padreeustaquio.com.br\/es\/coro-infantil-de-carmopolis-de-minas-participa-de-misa-en-el-santuario\/\" \/>\n<meta property=\"og:site_name\" content=\"Padre Eust\u00e1quio\" \/>\n<meta property=\"article:publisher\" content=\"https:\/\/www.facebook.com\/beatopadreeustaquio\/\" \/>\n<meta property=\"article:published_time\" content=\"2022-08-20T14:30:25+00:00\" \/>\n<meta property=\"article:modified_time\" content=\"2022-08-20T14:32:58+00:00\" \/>\n<meta property=\"og:image\" content=\"https:\/\/www.padreeustaquio.com.br\/wp-content\/uploads\/2022\/08\/coral-carmopolis.jpg\" \/>\n\t<meta property=\"og:image:width\" content=\"748\" \/>\n\t<meta property=\"og:image:height\" content=\"394\" \/>\n\t<meta property=\"og:image:type\" content=\"image\/jpeg\" \/>\n<meta name=\"author\" content=\"@sscc\" \/>\n<meta name=\"twitter:card\" content=\"summary_large_image\" \/>\n<meta name=\"twitter:creator\" content=\"@beatopeustaquio\" \/>\n<meta name=\"twitter:site\" content=\"@beatopeustaquio\" \/>\n<meta name=\"twitter:label1\" content=\"Escrito por\" \/>\n\t<meta name=\"twitter:data1\" content=\"@sscc\" \/>\n\t<meta name=\"twitter:label2\" content=\"Tiempo de lectura\" \/>\n\t<meta name=\"twitter:data2\" content=\"3 minutos\" \/>\n<script type=\"application\/ld+json\" class=\"yoast-schema-graph\">{\"@context\":\"https:\/\/schema.org\",\"@graph\":[{\"@type\":\"Article\",\"@id\":\"https:\/\/www.padreeustaquio.com.br\/coral-de-criancas-de-carmopolis-de-minas-participa-de-missa-no-santuario\/#article\",\"isPartOf\":{\"@id\":\"https:\/\/www.padreeustaquio.com.br\/coral-de-criancas-de-carmopolis-de-minas-participa-de-missa-no-santuario\/\"},\"author\":{\"name\":\"@sscc\",\"@id\":\"https:\/\/www.padreeustaquio.com.br\/#\/schema\/person\/a2a51db1d00f1a7af0204a0f1ddb1566\"},\"headline\":\"Coral de Crian\u00e7as de Carm\u00f3polis de Minas participa de missa no Santu\u00e1rio\",\"datePublished\":\"2022-08-20T14:30:25+00:00\",\"dateModified\":\"2022-08-20T14:32:58+00:00\",\"mainEntityOfPage\":{\"@id\":\"https:\/\/www.padreeustaquio.com.br\/coral-de-criancas-de-carmopolis-de-minas-participa-de-missa-no-santuario\/\"},\"wordCount\":343,\"commentCount\":0,\"publisher\":{\"@id\":\"https:\/\/www.padreeustaquio.com.br\/#organization\"},\"image\":{\"@id\":\"https:\/\/www.padreeustaquio.com.br\/coral-de-criancas-de-carmopolis-de-minas-participa-de-missa-no-santuario\/#primaryimage\"},\"thumbnailUrl\":\"https:\/\/www.padreeustaquio.com.br\/wp-content\/uploads\/2022\/08\/coral-carmopolis.jpg\",\"articleSection\":[\"Not\u00edcias\"],\"inLanguage\":\"es\",\"potentialAction\":[{\"@type\":\"CommentAction\",\"name\":\"Comment\",\"target\":[\"https:\/\/www.padreeustaquio.com.br\/coral-de-criancas-de-carmopolis-de-minas-participa-de-missa-no-santuario\/#respond\"]}]},{\"@type\":\"WebPage\",\"@id\":\"https:\/\/www.padreeustaquio.com.br\/coral-de-criancas-de-carmopolis-de-minas-participa-de-missa-no-santuario\/\",\"url\":\"https:\/\/www.padreeustaquio.com.br\/coral-de-criancas-de-carmopolis-de-minas-participa-de-missa-no-santuario\/\",\"name\":\"Coral de Crian\u00e7as de Carm\u00f3polis de Minas participa de missa no Santu\u00e1rio\",\"isPartOf\":{\"@id\":\"https:\/\/www.padreeustaquio.com.br\/#website\"},\"primaryImageOfPage\":{\"@id\":\"https:\/\/www.padreeustaquio.com.br\/coral-de-criancas-de-carmopolis-de-minas-participa-de-missa-no-santuario\/#primaryimage\"},\"image\":{\"@id\":\"https:\/\/www.padreeustaquio.com.br\/coral-de-criancas-de-carmopolis-de-minas-participa-de-missa-no-santuario\/#primaryimage\"},\"thumbnailUrl\":\"https:\/\/www.padreeustaquio.com.br\/wp-content\/uploads\/2022\/08\/coral-carmopolis.jpg\",\"datePublished\":\"2022-08-20T14:30:25+00:00\",\"dateModified\":\"2022-08-20T14:32:58+00:00\",\"description\":\"O Coral dos Pequenos Cantores dos Sagrados Cora\u00e7\u00f5es, formado por quase 50 crian\u00e7as vai se apresentar neste s\u00e1bado, dia 20 de agosto no Santu\u00e1rio da Sa\u00fade e da Paz, em Belo Horizonte. Vindos de Carm\u00f3polis de Minas, na regi\u00e3o centro-oeste do estado, o Coral tem 25 anos de atua\u00e7\u00e3o e surgiu pela iniciativa de devotos de Padre Eust\u00e1quio.\",\"breadcrumb\":{\"@id\":\"https:\/\/www.padreeustaquio.com.br\/coral-de-criancas-de-carmopolis-de-minas-participa-de-missa-no-santuario\/#breadcrumb\"},\"inLanguage\":\"es\",\"potentialAction\":[{\"@type\":\"ReadAction\",\"target\":[\"https:\/\/www.padreeustaquio.com.br\/coral-de-criancas-de-carmopolis-de-minas-participa-de-missa-no-santuario\/\"]}]},{\"@type\":\"ImageObject\",\"inLanguage\":\"es\",\"@id\":\"https:\/\/www.padreeustaquio.com.br\/coral-de-criancas-de-carmopolis-de-minas-participa-de-missa-no-santuario\/#primaryimage\",\"url\":\"https:\/\/www.padreeustaquio.com.br\/wp-content\/uploads\/2022\/08\/coral-carmopolis.jpg\",\"contentUrl\":\"https:\/\/www.padreeustaquio.com.br\/wp-content\/uploads\/2022\/08\/coral-carmopolis.jpg\",\"width\":748,\"height\":394},{\"@type\":\"BreadcrumbList\",\"@id\":\"https:\/\/www.padreeustaquio.com.br\/coral-de-criancas-de-carmopolis-de-minas-participa-de-missa-no-santuario\/#breadcrumb\",\"itemListElement\":[{\"@type\":\"ListItem\",\"position\":1,\"name\":\"In\u00edcio\",\"item\":\"https:\/\/www.padreeustaquio.com.br\/\"},{\"@type\":\"ListItem\",\"position\":2,\"name\":\"Coral de Crian\u00e7as de Carm\u00f3polis de Minas participa de missa no Santu\u00e1rio\"}]},{\"@type\":\"WebSite\",\"@id\":\"https:\/\/www.padreeustaquio.com.br\/#website\",\"url\":\"https:\/\/www.padreeustaquio.com.br\/\",\"name\":\"Padre Eust\u00e1quio\",\"description\":\"Sa\u00fade e Paz\",\"publisher\":{\"@id\":\"https:\/\/www.padreeustaquio.com.br\/#organization\"},\"potentialAction\":[{\"@type\":\"SearchAction\",\"target\":{\"@type\":\"EntryPoint\",\"urlTemplate\":\"https:\/\/www.padreeustaquio.com.br\/?s={search_term_string}\"},\"query-input\":{\"@type\":\"PropertyValueSpecification\",\"valueRequired\":true,\"valueName\":\"search_term_string\"}}],\"inLanguage\":\"es\"},{\"@type\":\"Organization\",\"@id\":\"https:\/\/www.padreeustaquio.com.br\/#organization\",\"name\":\"Padre Eust\u00e1quio\",\"url\":\"https:\/\/www.padreeustaquio.com.br\/\",\"logo\":{\"@type\":\"ImageObject\",\"inLanguage\":\"es\",\"@id\":\"https:\/\/www.padreeustaquio.com.br\/#\/schema\/logo\/image\/\",\"url\":\"https:\/\/www.padreeustaquio.com.br\/wp-content\/uploads\/2019\/08\/marca.png\",\"contentUrl\":\"https:\/\/www.padreeustaquio.com.br\/wp-content\/uploads\/2019\/08\/marca.png\",\"width\":350,\"height\":400,\"caption\":\"Padre Eust\u00e1quio\"},\"image\":{\"@id\":\"https:\/\/www.padreeustaquio.com.br\/#\/schema\/logo\/image\/\"},\"sameAs\":[\"https:\/\/www.facebook.com\/beatopadreeustaquio\/\",\"https:\/\/x.com\/beatopeustaquio\",\"https:\/\/www.instagram.com\/beatopadreeustaquio\/\",\"https:\/\/www.youtube.com\/channel\/UCRhw7vfabnajwLxb1ZXMeIw\"]},{\"@type\":\"Person\",\"@id\":\"https:\/\/www.padreeustaquio.com.br\/#\/schema\/person\/a2a51db1d00f1a7af0204a0f1ddb1566\",\"name\":\"@sscc\",\"image\":{\"@type\":\"ImageObject\",\"inLanguage\":\"es\",\"@id\":\"https:\/\/secure.gravatar.com\/avatar\/68cfafa5f44617fea54071e215026e0ff06be366c3d54a8425f04fdcb86f8c5f?s=96&d=mm&r=g\",\"url\":\"https:\/\/secure.gravatar.com\/avatar\/68cfafa5f44617fea54071e215026e0ff06be366c3d54a8425f04fdcb86f8c5f?s=96&d=mm&r=g\",\"contentUrl\":\"https:\/\/secure.gravatar.com\/avatar\/68cfafa5f44617fea54071e215026e0ff06be366c3d54a8425f04fdcb86f8c5f?s=96&d=mm&r=g\",\"caption\":\"@sscc\"},\"url\":\"https:\/\/www.padreeustaquio.com.br\/es\/author\/sscc\/\"}]}<\/script>\n<!-- \/ Yoast SEO plugin. -->","yoast_head_json":{"title":"Coro Infantil de Carm\u00f3polis de Minas participa de Misa en el Santuario","description":"El Coro de los Peque\u00f1os Cantores de los Sagrados Corazones, compuesto por casi 50 ni\u00f1os, se presentar\u00e1 este s\u00e1bado 20 de agosto en el Santuario de la Salud y la Paz de Belo Horizonte. Originario de Carm\u00f3polis de Minas, en la regi\u00f3n centro-oeste del estado, el coro lleva 25 a\u00f1os activo y surgi\u00f3 de la iniciativa de devotos del Padre Eust\u00e1quio.","robots":{"index":"index","follow":"follow","max-snippet":"max-snippet:-1","max-image-preview":"max-image-preview:large","max-video-preview":"max-video-preview:-1"},"canonical":"https:\/\/www.padreeustaquio.com.br\/es\/coro-infantil-de-carmopolis-de-minas-participa-de-misa-en-el-santuario\/","og_locale":"es_ES","og_type":"article","og_title":"Coral de Crian\u00e7as de Carm\u00f3polis de Minas participa de missa no Santu\u00e1rio","og_description":"O Coral dos Pequenos Cantores dos Sagrados Cora\u00e7\u00f5es, formado por quase 50 crian\u00e7as vai se apresentar neste s\u00e1bado, dia 20 de agosto no Santu\u00e1rio da Sa\u00fade e da Paz, em Belo Horizonte. Vindos de Carm\u00f3polis de Minas, na regi\u00e3o centro-oeste do estado, o Coral tem 25 anos de atua\u00e7\u00e3o e surgiu pela iniciativa de devotos de Padre Eust\u00e1quio.","og_url":"https:\/\/www.padreeustaquio.com.br\/es\/coro-infantil-de-carmopolis-de-minas-participa-de-misa-en-el-santuario\/","og_site_name":"Padre Eust\u00e1quio","article_publisher":"https:\/\/www.facebook.com\/beatopadreeustaquio\/","article_published_time":"2022-08-20T14:30:25+00:00","article_modified_time":"2022-08-20T14:32:58+00:00","og_image":[{"width":748,"height":394,"url":"https:\/\/www.padreeustaquio.com.br\/wp-content\/uploads\/2022\/08\/coral-carmopolis.jpg","type":"image\/jpeg"}],"author":"@sscc","twitter_card":"summary_large_image","twitter_creator":"@beatopeustaquio","twitter_site":"@beatopeustaquio","twitter_misc":{"Escrito por":"@sscc","Tiempo de lectura":"3 minutos"},"schema":{"@context":"https:\/\/schema.org","@graph":[{"@type":"Article","@id":"https:\/\/www.padreeustaquio.com.br\/coral-de-criancas-de-carmopolis-de-minas-participa-de-missa-no-santuario\/#article","isPartOf":{"@id":"https:\/\/www.padreeustaquio.com.br\/coral-de-criancas-de-carmopolis-de-minas-participa-de-missa-no-santuario\/"},"author":{"name":"@sscc","@id":"https:\/\/www.padreeustaquio.com.br\/#\/schema\/person\/a2a51db1d00f1a7af0204a0f1ddb1566"},"headline":"Coral de Crian\u00e7as de Carm\u00f3polis de Minas participa de missa no Santu\u00e1rio","datePublished":"2022-08-20T14:30:25+00:00","dateModified":"2022-08-20T14:32:58+00:00","mainEntityOfPage":{"@id":"https:\/\/www.padreeustaquio.com.br\/coral-de-criancas-de-carmopolis-de-minas-participa-de-missa-no-santuario\/"},"wordCount":343,"commentCount":0,"publisher":{"@id":"https:\/\/www.padreeustaquio.com.br\/#organization"},"image":{"@id":"https:\/\/www.padreeustaquio.com.br\/coral-de-criancas-de-carmopolis-de-minas-participa-de-missa-no-santuario\/#primaryimage"},"thumbnailUrl":"https:\/\/www.padreeustaquio.com.br\/wp-content\/uploads\/2022\/08\/coral-carmopolis.jpg","articleSection":["Not\u00edcias"],"inLanguage":"es","potentialAction":[{"@type":"CommentAction","name":"Comment","target":["https:\/\/www.padreeustaquio.com.br\/coral-de-criancas-de-carmopolis-de-minas-participa-de-missa-no-santuario\/#respond"]}]},{"@type":"WebPage","@id":"https:\/\/www.padreeustaquio.com.br\/coral-de-criancas-de-carmopolis-de-minas-participa-de-missa-no-santuario\/","url":"https:\/\/www.padreeustaquio.com.br\/coral-de-criancas-de-carmopolis-de-minas-participa-de-missa-no-santuario\/","name":"Coro Infantil de Carm\u00f3polis de Minas participa de Misa en el Santuario","isPartOf":{"@id":"https:\/\/www.padreeustaquio.com.br\/#website"},"primaryImageOfPage":{"@id":"https:\/\/www.padreeustaquio.com.br\/coral-de-criancas-de-carmopolis-de-minas-participa-de-missa-no-santuario\/#primaryimage"},"image":{"@id":"https:\/\/www.padreeustaquio.com.br\/coral-de-criancas-de-carmopolis-de-minas-participa-de-missa-no-santuario\/#primaryimage"},"thumbnailUrl":"https:\/\/www.padreeustaquio.com.br\/wp-content\/uploads\/2022\/08\/coral-carmopolis.jpg","datePublished":"2022-08-20T14:30:25+00:00","dateModified":"2022-08-20T14:32:58+00:00","description":"El Coro de los Peque\u00f1os Cantores de los Sagrados Corazones, compuesto por casi 50 ni\u00f1os, se presentar\u00e1 este s\u00e1bado 20 de agosto en el Santuario de la Salud y la Paz de Belo Horizonte. Originario de Carm\u00f3polis de Minas, en la regi\u00f3n centro-oeste del estado, el coro lleva 25 a\u00f1os activo y surgi\u00f3 de la iniciativa de devotos del Padre Eust\u00e1quio.","breadcrumb":{"@id":"https:\/\/www.padreeustaquio.com.br\/coral-de-criancas-de-carmopolis-de-minas-participa-de-missa-no-santuario\/#breadcrumb"},"inLanguage":"es","potentialAction":[{"@type":"ReadAction","target":["https:\/\/www.padreeustaquio.com.br\/coral-de-criancas-de-carmopolis-de-minas-participa-de-missa-no-santuario\/"]}]},{"@type":"ImageObject","inLanguage":"es","@id":"https:\/\/www.padreeustaquio.com.br\/coral-de-criancas-de-carmopolis-de-minas-participa-de-missa-no-santuario\/#primaryimage","url":"https:\/\/www.padreeustaquio.com.br\/wp-content\/uploads\/2022\/08\/coral-carmopolis.jpg","contentUrl":"https:\/\/www.padreeustaquio.com.br\/wp-content\/uploads\/2022\/08\/coral-carmopolis.jpg","width":748,"height":394},{"@type":"BreadcrumbList","@id":"https:\/\/www.padreeustaquio.com.br\/coral-de-criancas-de-carmopolis-de-minas-participa-de-missa-no-santuario\/#breadcrumb","itemListElement":[{"@type":"ListItem","position":1,"name":"In\u00edcio","item":"https:\/\/www.padreeustaquio.com.br\/"},{"@type":"ListItem","position":2,"name":"Coral de Crian\u00e7as de Carm\u00f3polis de Minas participa de missa no Santu\u00e1rio"}]},{"@type":"WebSite","@id":"https:\/\/www.padreeustaquio.com.br\/#website","url":"https:\/\/www.padreeustaquio.com.br\/","name":"Padre Eustace","description":"Salud y Paz","publisher":{"@id":"https:\/\/www.padreeustaquio.com.br\/#organization"},"potentialAction":[{"@type":"SearchAction","target":{"@type":"EntryPoint","urlTemplate":"https:\/\/www.padreeustaquio.com.br\/?s={search_term_string}"},"query-input":{"@type":"PropertyValueSpecification","valueRequired":true,"valueName":"search_term_string"}}],"inLanguage":"es"},{"@type":"Organization","@id":"https:\/\/www.padreeustaquio.com.br\/#organization","name":"Padre Eustace","url":"https:\/\/www.padreeustaquio.com.br\/","logo":{"@type":"ImageObject","inLanguage":"es","@id":"https:\/\/www.padreeustaquio.com.br\/#\/schema\/logo\/image\/","url":"https:\/\/www.padreeustaquio.com.br\/wp-content\/uploads\/2019\/08\/marca.png","contentUrl":"https:\/\/www.padreeustaquio.com.br\/wp-content\/uploads\/2019\/08\/marca.png","width":350,"height":400,"caption":"Padre Eust\u00e1quio"},"image":{"@id":"https:\/\/www.padreeustaquio.com.br\/#\/schema\/logo\/image\/"},"sameAs":["https:\/\/www.facebook.com\/beatopadreeustaquio\/","https:\/\/x.com\/beatopeustaquio","https:\/\/www.instagram.com\/beatopadreeustaquio\/","https:\/\/www.youtube.com\/channel\/UCRhw7vfabnajwLxb1ZXMeIw"]},{"@type":"Person","@id":"https:\/\/www.padreeustaquio.com.br\/#\/schema\/person\/a2a51db1d00f1a7af0204a0f1ddb1566","name":"@sscc","image":{"@type":"ImageObject","inLanguage":"es","@id":"https:\/\/secure.gravatar.com\/avatar\/68cfafa5f44617fea54071e215026e0ff06be366c3d54a8425f04fdcb86f8c5f?s=96&d=mm&r=g","url":"https:\/\/secure.gravatar.com\/avatar\/68cfafa5f44617fea54071e215026e0ff06be366c3d54a8425f04fdcb86f8c5f?s=96&d=mm&r=g","contentUrl":"https:\/\/secure.gravatar.com\/avatar\/68cfafa5f44617fea54071e215026e0ff06be366c3d54a8425f04fdcb86f8c5f?s=96&d=mm&r=g","caption":"@sscc"},"url":"https:\/\/www.padreeustaquio.com.br\/es\/author\/sscc\/"}]}},"_links":{"self":[{"href":"https:\/\/www.padreeustaquio.com.br\/es\/wp-json\/wp\/v2\/posts\/9108","targetHints":{"allow":["GET"]}}],"collection":[{"href":"https:\/\/www.padreeustaquio.com.br\/es\/wp-json\/wp\/v2\/posts"}],"about":[{"href":"https:\/\/www.padreeustaquio.com.br\/es\/wp-json\/wp\/v2\/types\/post"}],"author":[{"embeddable":true,"href":"https:\/\/www.padreeustaquio.com.br\/es\/wp-json\/wp\/v2\/users\/2"}],"replies":[{"embeddable":true,"href":"https:\/\/www.padreeustaquio.com.br\/es\/wp-json\/wp\/v2\/comments?post=9108"}],"version-history":[{"count":0,"href":"https:\/\/www.padreeustaquio.com.br\/es\/wp-json\/wp\/v2\/posts\/9108\/revisions"}],"wp:featuredmedia":[{"embeddable":true,"href":"https:\/\/www.padreeustaquio.com.br\/es\/wp-json\/wp\/v2\/media\/9109"}],"wp:attachment":[{"href":"https:\/\/www.padreeustaquio.com.br\/es\/wp-json\/wp\/v2\/media?parent=9108"}],"wp:term":[{"taxonomy":"category","embeddable":true,"href":"https:\/\/www.padreeustaquio.com.br\/es\/wp-json\/wp\/v2\/categories?post=9108"},{"taxonomy":"post_tag","embeddable":true,"href":"https:\/\/www.padreeustaquio.com.br\/es\/wp-json\/wp\/v2\/tags?post=9108"}],"curies":[{"name":"wp","href":"https:\/\/api.w.org\/{rel}","templated":true}]}}