{"id":9103,"date":"2022-08-19T10:02:03","date_gmt":"2022-08-19T13:02:03","guid":{"rendered":"https:\/\/www.padreeustaquio.com.br\/?p=9103"},"modified":"2022-08-19T10:02:06","modified_gmt":"2022-08-19T13:02:06","slug":"la-caravana-del-domingo-sera-transmitida-por-el-canal-de-youtube-de-padre-eustaquio","status":"publish","type":"post","link":"https:\/\/www.padreeustaquio.com.br\/es\/la-caravana-del-domingo-sera-transmitida-por-el-canal-de-youtube-de-padre-eustaquio\/","title":{"rendered":"La caravana del domingo ser\u00e1 transmitida por el Canal Padre Eust\u00e1quio en YouTube."},"content":{"rendered":"<p>La comitiva que marca el inicio de la Novena al Beato Padre Eust\u00e1quio se transmitir\u00e1 \u00edntegramente por el Canal Padre Eust\u00e1quio. La idea es que, adem\u00e1s de dar a conocer el evento a quienes viven lejos de Belo Horizonte, los feligreses tambi\u00e9n puedan usar la transmisi\u00f3n para saber d\u00f3nde se realizar\u00e1 la procesi\u00f3n y prepararse para ir a sus puertas y ventanas a honrar al Padre Eust\u00e1quio.<\/p>\n\n\n\n<p>Est\u00e1 previsto que la carroza salga a la 1 p. m. del Santuario de la Salud y la Paz, la Iglesia del Padre Eustaquio, y recorra casi 27 kil\u00f3metros, recorriendo casi todas las calles del barrio. El recorrido (que puede verse a continuaci\u00f3n) deber\u00eda durar unas cuatro horas.<\/p>\n\n\n\n<p>La procesi\u00f3n con la imagen del Beato Padre Eustaquio se celebr\u00f3 por primera vez en 2020 debido a la pandemia. Dado que las personas se encontraban aisladas y no pod\u00edan participar en las celebraciones presenciales debido a las medidas para prevenir la transmisi\u00f3n del coronavirus, el rector del Santuario propuso que la imagen fuera llevada por las calles, un gesto que recordaba la peregrinaci\u00f3n del Padre Eustaquio en su misi\u00f3n de llevar salud y paz a la gente.<\/p>\n\n\n\n<p><a href=\"https:\/\/youtu.be\/OF5eoYui_lY\" target=\"_blank\" rel=\"noreferrer noopener\">HAGA CLIC AQU\u00cd<\/a>, Accede al enlace de transmisi\u00f3n en vivo y progr\u00e1mate para mirar junto con nosotros.<\/p>\n\n\n\n<p>Vea a continuaci\u00f3n las calles y el tiempo estimado en que pasar\u00e1 el cami\u00f3n que transporta la imagen del Beato Padre Eustaquio. <\/p>\n\n\n\n<figure class=\"wp-block-image size-full\"><img fetchpriority=\"high\" decoding=\"async\" width=\"658\" height=\"1024\" src=\"https:\/\/www.padreeustaquio.com.br\/wp-content\/uploads\/2022\/08\/Ruas-carreata.jpeg\" alt=\"\" class=\"wp-image-9104\" srcset=\"https:\/\/www.padreeustaquio.com.br\/wp-content\/uploads\/2022\/08\/Ruas-carreata.jpeg 658w, https:\/\/www.padreeustaquio.com.br\/wp-content\/uploads\/2022\/08\/Ruas-carreata-193x300.jpeg 193w\" sizes=\"(max-width: 658px) 100vw, 658px\" \/><\/figure>","protected":false},"excerpt":{"rendered":"<p>A carreata que marca a abertura da Novena ao Beato Padre Eust\u00e1quio ser\u00e1 transmitida na \u00edntegra pelo Canal Padre Eust\u00e1quio. A ideia \u00e9 que, al\u00e9m de divulgar o evento para as pessoas que est\u00e3o longe de BH, os paroquianos tamb\u00e9m possam usar a transmiss\u00e3o para saber onde est\u00e1 o cortejo e se preparar para ir \u00e0s portas e janelas para homenagear Padre Eust\u00e1quio. O carro-andor est\u00e1 previsto para sair \u00e0s 13h do Santu\u00e1rio da Sa\u00fade e da Paz, a Igreja do Padre Eust\u00e1quio e seguir por quase 27 quil\u00f4metros, passando por quase todas as ruas do bairro. O trajeto (que [&hellip;]<\/p>\n","protected":false},"author":2,"featured_media":9105,"comment_status":"open","ping_status":"closed","sticky":false,"template":"","format":"standard","meta":{"_acf_changed":false,"footnotes":""},"categories":[611],"tags":[],"class_list":["post-9103","post","type-post","status-publish","format-standard","has-post-thumbnail","hentry","category-noticias"],"acf":[],"yoast_head":"<!-- This site is optimized with the Yoast SEO plugin v27.2 - https:\/\/yoast.com\/product\/yoast-seo-wordpress\/ -->\n<title>Carreata de domingo ser\u00e1 transmitida pelo Canal Padre Eust\u00e1quio no YouTube<\/title>\n<meta name=\"description\" content=\"A carreata que marca a abertura da Novena ao Beato Padre Eust\u00e1quio ser\u00e1 transmitida na \u00edntegra pelo Canal Padre Eust\u00e1quio. A ideia \u00e9 que, al\u00e9m de divulgar o evento para as pessoas que est\u00e3o longe de BH, os paroquianos tamb\u00e9m possam usar a transmiss\u00e3o para saber onde est\u00e1 o cortejo e se preparar para ir \u00e0s portas e janelas para homenagear Padre Eust\u00e1quio.\" \/>\n<meta name=\"robots\" content=\"index, follow, max-snippet:-1, max-image-preview:large, max-video-preview:-1\" \/>\n<link rel=\"canonical\" href=\"https:\/\/www.padreeustaquio.com.br\/es\/la-caravana-del-domingo-sera-transmitida-por-el-canal-de-youtube-de-padre-eustaquio\/\" \/>\n<meta property=\"og:locale\" content=\"es_ES\" \/>\n<meta property=\"og:type\" content=\"article\" \/>\n<meta property=\"og:title\" content=\"Carreata de domingo ser\u00e1 transmitida pelo Canal Padre Eust\u00e1quio no YouTube\" \/>\n<meta property=\"og:description\" content=\"A carreata que marca a abertura da Novena ao Beato Padre Eust\u00e1quio ser\u00e1 transmitida na \u00edntegra pelo Canal Padre Eust\u00e1quio. A ideia \u00e9 que, al\u00e9m de divulgar o evento para as pessoas que est\u00e3o longe de BH, os paroquianos tamb\u00e9m possam usar a transmiss\u00e3o para saber onde est\u00e1 o cortejo e se preparar para ir \u00e0s portas e janelas para homenagear Padre Eust\u00e1quio.\" \/>\n<meta property=\"og:url\" content=\"https:\/\/www.padreeustaquio.com.br\/es\/la-caravana-del-domingo-sera-transmitida-por-el-canal-de-youtube-de-padre-eustaquio\/\" \/>\n<meta property=\"og:site_name\" content=\"Padre Eust\u00e1quio\" \/>\n<meta property=\"article:publisher\" content=\"https:\/\/www.facebook.com\/beatopadreeustaquio\/\" \/>\n<meta property=\"article:published_time\" content=\"2022-08-19T13:02:03+00:00\" \/>\n<meta property=\"article:modified_time\" content=\"2022-08-19T13:02:06+00:00\" \/>\n<meta property=\"og:image\" content=\"https:\/\/www.padreeustaquio.com.br\/wp-content\/uploads\/2022\/08\/Carreata-2021.jpeg\" \/>\n\t<meta property=\"og:image:width\" content=\"1080\" \/>\n\t<meta property=\"og:image:height\" content=\"1080\" \/>\n\t<meta property=\"og:image:type\" content=\"image\/jpeg\" \/>\n<meta name=\"author\" content=\"@sscc\" \/>\n<meta name=\"twitter:card\" content=\"summary_large_image\" \/>\n<meta name=\"twitter:creator\" content=\"@beatopeustaquio\" \/>\n<meta name=\"twitter:site\" content=\"@beatopeustaquio\" \/>\n<meta name=\"twitter:label1\" content=\"Escrito por\" \/>\n\t<meta name=\"twitter:data1\" content=\"@sscc\" \/>\n\t<meta name=\"twitter:label2\" content=\"Tiempo de lectura\" \/>\n\t<meta name=\"twitter:data2\" content=\"2 minutos\" \/>\n<script type=\"application\/ld+json\" class=\"yoast-schema-graph\">{\"@context\":\"https:\/\/schema.org\",\"@graph\":[{\"@type\":\"Article\",\"@id\":\"https:\/\/www.padreeustaquio.com.br\/carreata-de-domingo-sera-transmitida-pelo-canal-padre-eustaquio-no-youtube\/#article\",\"isPartOf\":{\"@id\":\"https:\/\/www.padreeustaquio.com.br\/carreata-de-domingo-sera-transmitida-pelo-canal-padre-eustaquio-no-youtube\/\"},\"author\":{\"name\":\"@sscc\",\"@id\":\"https:\/\/www.padreeustaquio.com.br\/#\/schema\/person\/a2a51db1d00f1a7af0204a0f1ddb1566\"},\"headline\":\"Carreata de domingo ser\u00e1 transmitida pelo Canal Padre Eust\u00e1quio no YouTube\",\"datePublished\":\"2022-08-19T13:02:03+00:00\",\"dateModified\":\"2022-08-19T13:02:06+00:00\",\"mainEntityOfPage\":{\"@id\":\"https:\/\/www.padreeustaquio.com.br\/carreata-de-domingo-sera-transmitida-pelo-canal-padre-eustaquio-no-youtube\/\"},\"wordCount\":250,\"commentCount\":0,\"publisher\":{\"@id\":\"https:\/\/www.padreeustaquio.com.br\/#organization\"},\"image\":{\"@id\":\"https:\/\/www.padreeustaquio.com.br\/carreata-de-domingo-sera-transmitida-pelo-canal-padre-eustaquio-no-youtube\/#primaryimage\"},\"thumbnailUrl\":\"https:\/\/www.padreeustaquio.com.br\/wp-content\/uploads\/2022\/08\/Carreata-2021.jpeg\",\"articleSection\":[\"Not\u00edcias\"],\"inLanguage\":\"es\",\"potentialAction\":[{\"@type\":\"CommentAction\",\"name\":\"Comment\",\"target\":[\"https:\/\/www.padreeustaquio.com.br\/carreata-de-domingo-sera-transmitida-pelo-canal-padre-eustaquio-no-youtube\/#respond\"]}]},{\"@type\":\"WebPage\",\"@id\":\"https:\/\/www.padreeustaquio.com.br\/carreata-de-domingo-sera-transmitida-pelo-canal-padre-eustaquio-no-youtube\/\",\"url\":\"https:\/\/www.padreeustaquio.com.br\/carreata-de-domingo-sera-transmitida-pelo-canal-padre-eustaquio-no-youtube\/\",\"name\":\"Carreata de domingo ser\u00e1 transmitida pelo Canal Padre Eust\u00e1quio no YouTube\",\"isPartOf\":{\"@id\":\"https:\/\/www.padreeustaquio.com.br\/#website\"},\"primaryImageOfPage\":{\"@id\":\"https:\/\/www.padreeustaquio.com.br\/carreata-de-domingo-sera-transmitida-pelo-canal-padre-eustaquio-no-youtube\/#primaryimage\"},\"image\":{\"@id\":\"https:\/\/www.padreeustaquio.com.br\/carreata-de-domingo-sera-transmitida-pelo-canal-padre-eustaquio-no-youtube\/#primaryimage\"},\"thumbnailUrl\":\"https:\/\/www.padreeustaquio.com.br\/wp-content\/uploads\/2022\/08\/Carreata-2021.jpeg\",\"datePublished\":\"2022-08-19T13:02:03+00:00\",\"dateModified\":\"2022-08-19T13:02:06+00:00\",\"description\":\"A carreata que marca a abertura da Novena ao Beato Padre Eust\u00e1quio ser\u00e1 transmitida na \u00edntegra pelo Canal Padre Eust\u00e1quio. A ideia \u00e9 que, al\u00e9m de divulgar o evento para as pessoas que est\u00e3o longe de BH, os paroquianos tamb\u00e9m possam usar a transmiss\u00e3o para saber onde est\u00e1 o cortejo e se preparar para ir \u00e0s portas e janelas para homenagear Padre Eust\u00e1quio.\",\"breadcrumb\":{\"@id\":\"https:\/\/www.padreeustaquio.com.br\/carreata-de-domingo-sera-transmitida-pelo-canal-padre-eustaquio-no-youtube\/#breadcrumb\"},\"inLanguage\":\"es\",\"potentialAction\":[{\"@type\":\"ReadAction\",\"target\":[\"https:\/\/www.padreeustaquio.com.br\/carreata-de-domingo-sera-transmitida-pelo-canal-padre-eustaquio-no-youtube\/\"]}]},{\"@type\":\"ImageObject\",\"inLanguage\":\"es\",\"@id\":\"https:\/\/www.padreeustaquio.com.br\/carreata-de-domingo-sera-transmitida-pelo-canal-padre-eustaquio-no-youtube\/#primaryimage\",\"url\":\"https:\/\/www.padreeustaquio.com.br\/wp-content\/uploads\/2022\/08\/Carreata-2021.jpeg\",\"contentUrl\":\"https:\/\/www.padreeustaquio.com.br\/wp-content\/uploads\/2022\/08\/Carreata-2021.jpeg\",\"width\":1080,\"height\":1080},{\"@type\":\"BreadcrumbList\",\"@id\":\"https:\/\/www.padreeustaquio.com.br\/carreata-de-domingo-sera-transmitida-pelo-canal-padre-eustaquio-no-youtube\/#breadcrumb\",\"itemListElement\":[{\"@type\":\"ListItem\",\"position\":1,\"name\":\"In\u00edcio\",\"item\":\"https:\/\/www.padreeustaquio.com.br\/\"},{\"@type\":\"ListItem\",\"position\":2,\"name\":\"Carreata de domingo ser\u00e1 transmitida pelo Canal Padre Eust\u00e1quio no YouTube\"}]},{\"@type\":\"WebSite\",\"@id\":\"https:\/\/www.padreeustaquio.com.br\/#website\",\"url\":\"https:\/\/www.padreeustaquio.com.br\/\",\"name\":\"Padre Eust\u00e1quio\",\"description\":\"Sa\u00fade e Paz\",\"publisher\":{\"@id\":\"https:\/\/www.padreeustaquio.com.br\/#organization\"},\"potentialAction\":[{\"@type\":\"SearchAction\",\"target\":{\"@type\":\"EntryPoint\",\"urlTemplate\":\"https:\/\/www.padreeustaquio.com.br\/?s={search_term_string}\"},\"query-input\":{\"@type\":\"PropertyValueSpecification\",\"valueRequired\":true,\"valueName\":\"search_term_string\"}}],\"inLanguage\":\"es\"},{\"@type\":\"Organization\",\"@id\":\"https:\/\/www.padreeustaquio.com.br\/#organization\",\"name\":\"Padre Eust\u00e1quio\",\"url\":\"https:\/\/www.padreeustaquio.com.br\/\",\"logo\":{\"@type\":\"ImageObject\",\"inLanguage\":\"es\",\"@id\":\"https:\/\/www.padreeustaquio.com.br\/#\/schema\/logo\/image\/\",\"url\":\"https:\/\/www.padreeustaquio.com.br\/wp-content\/uploads\/2019\/08\/marca.png\",\"contentUrl\":\"https:\/\/www.padreeustaquio.com.br\/wp-content\/uploads\/2019\/08\/marca.png\",\"width\":350,\"height\":400,\"caption\":\"Padre Eust\u00e1quio\"},\"image\":{\"@id\":\"https:\/\/www.padreeustaquio.com.br\/#\/schema\/logo\/image\/\"},\"sameAs\":[\"https:\/\/www.facebook.com\/beatopadreeustaquio\/\",\"https:\/\/x.com\/beatopeustaquio\",\"https:\/\/www.instagram.com\/beatopadreeustaquio\/\",\"https:\/\/www.youtube.com\/channel\/UCRhw7vfabnajwLxb1ZXMeIw\"]},{\"@type\":\"Person\",\"@id\":\"https:\/\/www.padreeustaquio.com.br\/#\/schema\/person\/a2a51db1d00f1a7af0204a0f1ddb1566\",\"name\":\"@sscc\",\"image\":{\"@type\":\"ImageObject\",\"inLanguage\":\"es\",\"@id\":\"https:\/\/secure.gravatar.com\/avatar\/68cfafa5f44617fea54071e215026e0ff06be366c3d54a8425f04fdcb86f8c5f?s=96&d=mm&r=g\",\"url\":\"https:\/\/secure.gravatar.com\/avatar\/68cfafa5f44617fea54071e215026e0ff06be366c3d54a8425f04fdcb86f8c5f?s=96&d=mm&r=g\",\"contentUrl\":\"https:\/\/secure.gravatar.com\/avatar\/68cfafa5f44617fea54071e215026e0ff06be366c3d54a8425f04fdcb86f8c5f?s=96&d=mm&r=g\",\"caption\":\"@sscc\"},\"url\":\"https:\/\/www.padreeustaquio.com.br\/es\/author\/sscc\/\"}]}<\/script>\n<!-- \/ Yoast SEO plugin. -->","yoast_head_json":{"title":"La caravana del domingo ser\u00e1 transmitida por el Canal Padre Eust\u00e1quio en YouTube.","description":"La comitiva que marca el inicio de la Novena al Beato Padre Eust\u00e1quio se transmitir\u00e1 \u00edntegramente por el Canal Padre Eust\u00e1quio. La idea es que, adem\u00e1s de dar a conocer el evento a quienes viven lejos de Belo Horizonte, los feligreses tambi\u00e9n puedan usar la transmisi\u00f3n para saber d\u00f3nde se realizar\u00e1 la procesi\u00f3n y prepararse para ir a sus puertas y ventanas a honrar al Padre Eust\u00e1quio.","robots":{"index":"index","follow":"follow","max-snippet":"max-snippet:-1","max-image-preview":"max-image-preview:large","max-video-preview":"max-video-preview:-1"},"canonical":"https:\/\/www.padreeustaquio.com.br\/es\/la-caravana-del-domingo-sera-transmitida-por-el-canal-de-youtube-de-padre-eustaquio\/","og_locale":"es_ES","og_type":"article","og_title":"Carreata de domingo ser\u00e1 transmitida pelo Canal Padre Eust\u00e1quio no YouTube","og_description":"A carreata que marca a abertura da Novena ao Beato Padre Eust\u00e1quio ser\u00e1 transmitida na \u00edntegra pelo Canal Padre Eust\u00e1quio. A ideia \u00e9 que, al\u00e9m de divulgar o evento para as pessoas que est\u00e3o longe de BH, os paroquianos tamb\u00e9m possam usar a transmiss\u00e3o para saber onde est\u00e1 o cortejo e se preparar para ir \u00e0s portas e janelas para homenagear Padre Eust\u00e1quio.","og_url":"https:\/\/www.padreeustaquio.com.br\/es\/la-caravana-del-domingo-sera-transmitida-por-el-canal-de-youtube-de-padre-eustaquio\/","og_site_name":"Padre Eust\u00e1quio","article_publisher":"https:\/\/www.facebook.com\/beatopadreeustaquio\/","article_published_time":"2022-08-19T13:02:03+00:00","article_modified_time":"2022-08-19T13:02:06+00:00","og_image":[{"width":1080,"height":1080,"url":"https:\/\/www.padreeustaquio.com.br\/wp-content\/uploads\/2022\/08\/Carreata-2021.jpeg","type":"image\/jpeg"}],"author":"@sscc","twitter_card":"summary_large_image","twitter_creator":"@beatopeustaquio","twitter_site":"@beatopeustaquio","twitter_misc":{"Escrito por":"@sscc","Tiempo de lectura":"2 minutos"},"schema":{"@context":"https:\/\/schema.org","@graph":[{"@type":"Article","@id":"https:\/\/www.padreeustaquio.com.br\/carreata-de-domingo-sera-transmitida-pelo-canal-padre-eustaquio-no-youtube\/#article","isPartOf":{"@id":"https:\/\/www.padreeustaquio.com.br\/carreata-de-domingo-sera-transmitida-pelo-canal-padre-eustaquio-no-youtube\/"},"author":{"name":"@sscc","@id":"https:\/\/www.padreeustaquio.com.br\/#\/schema\/person\/a2a51db1d00f1a7af0204a0f1ddb1566"},"headline":"Carreata de domingo ser\u00e1 transmitida pelo Canal Padre Eust\u00e1quio no YouTube","datePublished":"2022-08-19T13:02:03+00:00","dateModified":"2022-08-19T13:02:06+00:00","mainEntityOfPage":{"@id":"https:\/\/www.padreeustaquio.com.br\/carreata-de-domingo-sera-transmitida-pelo-canal-padre-eustaquio-no-youtube\/"},"wordCount":250,"commentCount":0,"publisher":{"@id":"https:\/\/www.padreeustaquio.com.br\/#organization"},"image":{"@id":"https:\/\/www.padreeustaquio.com.br\/carreata-de-domingo-sera-transmitida-pelo-canal-padre-eustaquio-no-youtube\/#primaryimage"},"thumbnailUrl":"https:\/\/www.padreeustaquio.com.br\/wp-content\/uploads\/2022\/08\/Carreata-2021.jpeg","articleSection":["Not\u00edcias"],"inLanguage":"es","potentialAction":[{"@type":"CommentAction","name":"Comment","target":["https:\/\/www.padreeustaquio.com.br\/carreata-de-domingo-sera-transmitida-pelo-canal-padre-eustaquio-no-youtube\/#respond"]}]},{"@type":"WebPage","@id":"https:\/\/www.padreeustaquio.com.br\/carreata-de-domingo-sera-transmitida-pelo-canal-padre-eustaquio-no-youtube\/","url":"https:\/\/www.padreeustaquio.com.br\/carreata-de-domingo-sera-transmitida-pelo-canal-padre-eustaquio-no-youtube\/","name":"La caravana del domingo ser\u00e1 transmitida por el Canal Padre Eust\u00e1quio en YouTube.","isPartOf":{"@id":"https:\/\/www.padreeustaquio.com.br\/#website"},"primaryImageOfPage":{"@id":"https:\/\/www.padreeustaquio.com.br\/carreata-de-domingo-sera-transmitida-pelo-canal-padre-eustaquio-no-youtube\/#primaryimage"},"image":{"@id":"https:\/\/www.padreeustaquio.com.br\/carreata-de-domingo-sera-transmitida-pelo-canal-padre-eustaquio-no-youtube\/#primaryimage"},"thumbnailUrl":"https:\/\/www.padreeustaquio.com.br\/wp-content\/uploads\/2022\/08\/Carreata-2021.jpeg","datePublished":"2022-08-19T13:02:03+00:00","dateModified":"2022-08-19T13:02:06+00:00","description":"La comitiva que marca el inicio de la Novena al Beato Padre Eust\u00e1quio se transmitir\u00e1 \u00edntegramente por el Canal Padre Eust\u00e1quio. La idea es que, adem\u00e1s de dar a conocer el evento a quienes viven lejos de Belo Horizonte, los feligreses tambi\u00e9n puedan usar la transmisi\u00f3n para saber d\u00f3nde se realizar\u00e1 la procesi\u00f3n y prepararse para ir a sus puertas y ventanas a honrar al Padre Eust\u00e1quio.","breadcrumb":{"@id":"https:\/\/www.padreeustaquio.com.br\/carreata-de-domingo-sera-transmitida-pelo-canal-padre-eustaquio-no-youtube\/#breadcrumb"},"inLanguage":"es","potentialAction":[{"@type":"ReadAction","target":["https:\/\/www.padreeustaquio.com.br\/carreata-de-domingo-sera-transmitida-pelo-canal-padre-eustaquio-no-youtube\/"]}]},{"@type":"ImageObject","inLanguage":"es","@id":"https:\/\/www.padreeustaquio.com.br\/carreata-de-domingo-sera-transmitida-pelo-canal-padre-eustaquio-no-youtube\/#primaryimage","url":"https:\/\/www.padreeustaquio.com.br\/wp-content\/uploads\/2022\/08\/Carreata-2021.jpeg","contentUrl":"https:\/\/www.padreeustaquio.com.br\/wp-content\/uploads\/2022\/08\/Carreata-2021.jpeg","width":1080,"height":1080},{"@type":"BreadcrumbList","@id":"https:\/\/www.padreeustaquio.com.br\/carreata-de-domingo-sera-transmitida-pelo-canal-padre-eustaquio-no-youtube\/#breadcrumb","itemListElement":[{"@type":"ListItem","position":1,"name":"In\u00edcio","item":"https:\/\/www.padreeustaquio.com.br\/"},{"@type":"ListItem","position":2,"name":"Carreata de domingo ser\u00e1 transmitida pelo Canal Padre Eust\u00e1quio no YouTube"}]},{"@type":"WebSite","@id":"https:\/\/www.padreeustaquio.com.br\/#website","url":"https:\/\/www.padreeustaquio.com.br\/","name":"Padre Eustace","description":"Salud y Paz","publisher":{"@id":"https:\/\/www.padreeustaquio.com.br\/#organization"},"potentialAction":[{"@type":"SearchAction","target":{"@type":"EntryPoint","urlTemplate":"https:\/\/www.padreeustaquio.com.br\/?s={search_term_string}"},"query-input":{"@type":"PropertyValueSpecification","valueRequired":true,"valueName":"search_term_string"}}],"inLanguage":"es"},{"@type":"Organization","@id":"https:\/\/www.padreeustaquio.com.br\/#organization","name":"Padre Eustace","url":"https:\/\/www.padreeustaquio.com.br\/","logo":{"@type":"ImageObject","inLanguage":"es","@id":"https:\/\/www.padreeustaquio.com.br\/#\/schema\/logo\/image\/","url":"https:\/\/www.padreeustaquio.com.br\/wp-content\/uploads\/2019\/08\/marca.png","contentUrl":"https:\/\/www.padreeustaquio.com.br\/wp-content\/uploads\/2019\/08\/marca.png","width":350,"height":400,"caption":"Padre Eust\u00e1quio"},"image":{"@id":"https:\/\/www.padreeustaquio.com.br\/#\/schema\/logo\/image\/"},"sameAs":["https:\/\/www.facebook.com\/beatopadreeustaquio\/","https:\/\/x.com\/beatopeustaquio","https:\/\/www.instagram.com\/beatopadreeustaquio\/","https:\/\/www.youtube.com\/channel\/UCRhw7vfabnajwLxb1ZXMeIw"]},{"@type":"Person","@id":"https:\/\/www.padreeustaquio.com.br\/#\/schema\/person\/a2a51db1d00f1a7af0204a0f1ddb1566","name":"@sscc","image":{"@type":"ImageObject","inLanguage":"es","@id":"https:\/\/secure.gravatar.com\/avatar\/68cfafa5f44617fea54071e215026e0ff06be366c3d54a8425f04fdcb86f8c5f?s=96&d=mm&r=g","url":"https:\/\/secure.gravatar.com\/avatar\/68cfafa5f44617fea54071e215026e0ff06be366c3d54a8425f04fdcb86f8c5f?s=96&d=mm&r=g","contentUrl":"https:\/\/secure.gravatar.com\/avatar\/68cfafa5f44617fea54071e215026e0ff06be366c3d54a8425f04fdcb86f8c5f?s=96&d=mm&r=g","caption":"@sscc"},"url":"https:\/\/www.padreeustaquio.com.br\/es\/author\/sscc\/"}]}},"_links":{"self":[{"href":"https:\/\/www.padreeustaquio.com.br\/es\/wp-json\/wp\/v2\/posts\/9103","targetHints":{"allow":["GET"]}}],"collection":[{"href":"https:\/\/www.padreeustaquio.com.br\/es\/wp-json\/wp\/v2\/posts"}],"about":[{"href":"https:\/\/www.padreeustaquio.com.br\/es\/wp-json\/wp\/v2\/types\/post"}],"author":[{"embeddable":true,"href":"https:\/\/www.padreeustaquio.com.br\/es\/wp-json\/wp\/v2\/users\/2"}],"replies":[{"embeddable":true,"href":"https:\/\/www.padreeustaquio.com.br\/es\/wp-json\/wp\/v2\/comments?post=9103"}],"version-history":[{"count":0,"href":"https:\/\/www.padreeustaquio.com.br\/es\/wp-json\/wp\/v2\/posts\/9103\/revisions"}],"wp:featuredmedia":[{"embeddable":true,"href":"https:\/\/www.padreeustaquio.com.br\/es\/wp-json\/wp\/v2\/media\/9105"}],"wp:attachment":[{"href":"https:\/\/www.padreeustaquio.com.br\/es\/wp-json\/wp\/v2\/media?parent=9103"}],"wp:term":[{"taxonomy":"category","embeddable":true,"href":"https:\/\/www.padreeustaquio.com.br\/es\/wp-json\/wp\/v2\/categories?post=9103"},{"taxonomy":"post_tag","embeddable":true,"href":"https:\/\/www.padreeustaquio.com.br\/es\/wp-json\/wp\/v2\/tags?post=9103"}],"curies":[{"name":"wp","href":"https:\/\/api.w.org\/{rel}","templated":true}]}}