{"id":9025,"date":"2022-07-26T15:38:42","date_gmt":"2022-07-26T18:38:42","guid":{"rendered":"https:\/\/www.padreeustaquio.com.br\/?p=9025"},"modified":"2022-08-02T07:38:36","modified_gmt":"2022-08-02T10:38:36","slug":"porto-alegre-inaugura-exposicion-sobre-el-padre-eustaquio","status":"publish","type":"post","link":"https:\/\/www.padreeustaquio.com.br\/es\/porto-alegre-inaugura-exposicion-sobre-el-padre-eustaquio\/","title":{"rendered":"Po\u00e1 prepara exposici\u00f3n sobre el padre Eust\u00e1quio"},"content":{"rendered":"<p>En Po\u00e1, regi\u00f3n metropolitana de S\u00e3o Paulo, el Museo Padre Eust\u00e1quio y la Secretar\u00eda Municipal de Turismo de la ciudad preparan la exposici\u00f3n &quot;Conociendo al Padre Eust\u00e1quio&quot;. La ceremonia de inauguraci\u00f3n est\u00e1 prevista para el 1 de agosto.<\/p>\n\n\n\n<p>La exposici\u00f3n, que narrar\u00e1 un poco de la historia del Beato Padre Eust\u00e1quio, ser\u00e1 montada por el equipo de los Amigos del Museo Padre Eust\u00e1quio en la antigua Casa do Artes\u00e3o, ubicada en la Pra\u00e7a da B\u00edblia en Po\u00e1, S\u00e3o Paulo. El programa se extender\u00e1 durante todo agosto, mes en que se celebra lit\u00fargicamente la festividad del Padre Eust\u00e1quio.<\/p>\n\n\n\n<p>La exposici\u00f3n puede visitarse de martes a domingo, de 11:00 a 19:00 h. La entrada es gratuita. Los visitantes quedar\u00e1n maravillados con los objetos y documentos que narran la historia de este modelo de santidad reconocido por la Iglesia.<\/p>\n\n\n\n<p><\/p>","protected":false},"excerpt":{"rendered":"<p>Em Po\u00e1, regi\u00e3o metropolitana de S\u00e3o Paulo, o Museu Padre Eust\u00e1quio e a Secretaria Municipal de Turismo da cidade preparam a exposi\u00e7\u00e3o &#8220;Conhecendo Padre Eust\u00e1quio&#8221;. A cerim\u00f4nia de abertura est\u00e1 marcada para o dia 1\u00ba de agosto. A mostra que contar\u00e1 um pouco da hist\u00f3ria do Beato Padre Eust\u00e1quio ser\u00e1 montada pela equipe dos Amigos do Museu Padre Eust\u00e1quio na antiga Casa do Artes\u00e3o, que fica na Pra\u00e7a da B\u00edblia em Po\u00e1-SP. A programa\u00e7\u00e3o seguir\u00e1 por todos os dias de agosto, m\u00eas em que se comemora liturgicamente a festa de Padre Eust\u00e1quio. A exposi\u00e7\u00e3o poder\u00e1 ser visitada sempre de ter\u00e7a [&hellip;]<\/p>\n","protected":false},"author":2,"featured_media":9027,"comment_status":"open","ping_status":"closed","sticky":false,"template":"","format":"standard","meta":{"_acf_changed":false,"footnotes":""},"categories":[611],"tags":[],"class_list":["post-9025","post","type-post","status-publish","format-standard","has-post-thumbnail","hentry","category-noticias"],"acf":[],"yoast_head":"<!-- This site is optimized with the Yoast SEO plugin v27.2 - https:\/\/yoast.com\/product\/yoast-seo-wordpress\/ -->\n<title>Po\u00e1 prepara exposi\u00e7\u00e3o sobre Padre Eust\u00e1quio<\/title>\n<meta name=\"description\" content=\"Ontem, em Po\u00e1, regi\u00e3o metropolitana de S\u00e3o Paulo, o Museu Padre Eust\u00e1quio e a Secretaria Municipal de Turismo da cidade abriram oficialmente a exposi\u00e7\u00e3o &quot;Conhecendo Padre Eust\u00e1quio&quot;. A cerim\u00f4nia de abertura foi \u00e0s 18h e contou com a participa\u00e7\u00e3o de devotos do Bem-Aveunturado.\" \/>\n<meta name=\"robots\" content=\"index, follow, max-snippet:-1, max-image-preview:large, max-video-preview:-1\" \/>\n<link rel=\"canonical\" href=\"https:\/\/www.padreeustaquio.com.br\/es\/porto-alegre-inaugura-exposicion-sobre-el-padre-eustaquio\/\" \/>\n<meta property=\"og:locale\" content=\"es_ES\" \/>\n<meta property=\"og:type\" content=\"article\" \/>\n<meta property=\"og:title\" content=\"Po\u00e1 prepara exposi\u00e7\u00e3o sobre Padre Eust\u00e1quio\" \/>\n<meta property=\"og:description\" content=\"Ontem, em Po\u00e1, regi\u00e3o metropolitana de S\u00e3o Paulo, o Museu Padre Eust\u00e1quio e a Secretaria Municipal de Turismo da cidade abriram oficialmente a exposi\u00e7\u00e3o &quot;Conhecendo Padre Eust\u00e1quio&quot;. A cerim\u00f4nia de abertura foi \u00e0s 18h e contou com a participa\u00e7\u00e3o de devotos do Bem-Aveunturado.\" \/>\n<meta property=\"og:url\" content=\"https:\/\/www.padreeustaquio.com.br\/es\/porto-alegre-inaugura-exposicion-sobre-el-padre-eustaquio\/\" \/>\n<meta property=\"og:site_name\" content=\"Padre Eust\u00e1quio\" \/>\n<meta property=\"article:publisher\" content=\"https:\/\/www.facebook.com\/beatopadreeustaquio\/\" \/>\n<meta property=\"article:published_time\" content=\"2022-07-26T18:38:42+00:00\" \/>\n<meta property=\"article:modified_time\" content=\"2022-08-02T10:38:36+00:00\" \/>\n<meta property=\"og:image\" content=\"https:\/\/www.padreeustaquio.com.br\/wp-content\/uploads\/2022\/07\/praca-da-biblia.jpg\" \/>\n\t<meta property=\"og:image:width\" content=\"748\" \/>\n\t<meta property=\"og:image:height\" content=\"394\" \/>\n\t<meta property=\"og:image:type\" content=\"image\/jpeg\" \/>\n<meta name=\"author\" content=\"@sscc\" \/>\n<meta name=\"twitter:card\" content=\"summary_large_image\" \/>\n<meta name=\"twitter:creator\" content=\"@beatopeustaquio\" \/>\n<meta name=\"twitter:site\" content=\"@beatopeustaquio\" \/>\n<meta name=\"twitter:label1\" content=\"Escrito por\" \/>\n\t<meta name=\"twitter:data1\" content=\"@sscc\" \/>\n\t<meta name=\"twitter:label2\" content=\"Tiempo de lectura\" \/>\n\t<meta name=\"twitter:data2\" content=\"1 minuto\" \/>\n<script type=\"application\/ld+json\" class=\"yoast-schema-graph\">{\"@context\":\"https:\/\/schema.org\",\"@graph\":[{\"@type\":\"Article\",\"@id\":\"https:\/\/www.padreeustaquio.com.br\/poa-abre-exposicao-sobre-padre-eustaquio\/#article\",\"isPartOf\":{\"@id\":\"https:\/\/www.padreeustaquio.com.br\/poa-abre-exposicao-sobre-padre-eustaquio\/\"},\"author\":{\"name\":\"@sscc\",\"@id\":\"https:\/\/www.padreeustaquio.com.br\/#\/schema\/person\/a2a51db1d00f1a7af0204a0f1ddb1566\"},\"headline\":\"Po\u00e1 prepara exposi\u00e7\u00e3o sobre Padre Eust\u00e1quio\",\"datePublished\":\"2022-07-26T18:38:42+00:00\",\"dateModified\":\"2022-08-02T10:38:36+00:00\",\"mainEntityOfPage\":{\"@id\":\"https:\/\/www.padreeustaquio.com.br\/poa-abre-exposicao-sobre-padre-eustaquio\/\"},\"wordCount\":158,\"commentCount\":0,\"publisher\":{\"@id\":\"https:\/\/www.padreeustaquio.com.br\/#organization\"},\"image\":{\"@id\":\"https:\/\/www.padreeustaquio.com.br\/poa-abre-exposicao-sobre-padre-eustaquio\/#primaryimage\"},\"thumbnailUrl\":\"https:\/\/www.padreeustaquio.com.br\/wp-content\/uploads\/2022\/07\/praca-da-biblia.jpg\",\"articleSection\":[\"Not\u00edcias\"],\"inLanguage\":\"es\",\"potentialAction\":[{\"@type\":\"CommentAction\",\"name\":\"Comment\",\"target\":[\"https:\/\/www.padreeustaquio.com.br\/poa-abre-exposicao-sobre-padre-eustaquio\/#respond\"]}]},{\"@type\":\"WebPage\",\"@id\":\"https:\/\/www.padreeustaquio.com.br\/poa-abre-exposicao-sobre-padre-eustaquio\/\",\"url\":\"https:\/\/www.padreeustaquio.com.br\/poa-abre-exposicao-sobre-padre-eustaquio\/\",\"name\":\"Po\u00e1 prepara exposi\u00e7\u00e3o sobre Padre Eust\u00e1quio\",\"isPartOf\":{\"@id\":\"https:\/\/www.padreeustaquio.com.br\/#website\"},\"primaryImageOfPage\":{\"@id\":\"https:\/\/www.padreeustaquio.com.br\/poa-abre-exposicao-sobre-padre-eustaquio\/#primaryimage\"},\"image\":{\"@id\":\"https:\/\/www.padreeustaquio.com.br\/poa-abre-exposicao-sobre-padre-eustaquio\/#primaryimage\"},\"thumbnailUrl\":\"https:\/\/www.padreeustaquio.com.br\/wp-content\/uploads\/2022\/07\/praca-da-biblia.jpg\",\"datePublished\":\"2022-07-26T18:38:42+00:00\",\"dateModified\":\"2022-08-02T10:38:36+00:00\",\"description\":\"Ontem, em Po\u00e1, regi\u00e3o metropolitana de S\u00e3o Paulo, o Museu Padre Eust\u00e1quio e a Secretaria Municipal de Turismo da cidade abriram oficialmente a exposi\u00e7\u00e3o \\\"Conhecendo Padre Eust\u00e1quio\\\". A cerim\u00f4nia de abertura foi \u00e0s 18h e contou com a participa\u00e7\u00e3o de devotos do Bem-Aveunturado.\",\"breadcrumb\":{\"@id\":\"https:\/\/www.padreeustaquio.com.br\/poa-abre-exposicao-sobre-padre-eustaquio\/#breadcrumb\"},\"inLanguage\":\"es\",\"potentialAction\":[{\"@type\":\"ReadAction\",\"target\":[\"https:\/\/www.padreeustaquio.com.br\/poa-abre-exposicao-sobre-padre-eustaquio\/\"]}]},{\"@type\":\"ImageObject\",\"inLanguage\":\"es\",\"@id\":\"https:\/\/www.padreeustaquio.com.br\/poa-abre-exposicao-sobre-padre-eustaquio\/#primaryimage\",\"url\":\"https:\/\/www.padreeustaquio.com.br\/wp-content\/uploads\/2022\/07\/praca-da-biblia.jpg\",\"contentUrl\":\"https:\/\/www.padreeustaquio.com.br\/wp-content\/uploads\/2022\/07\/praca-da-biblia.jpg\",\"width\":748,\"height\":394,\"caption\":\"Foto: Google Street View\"},{\"@type\":\"BreadcrumbList\",\"@id\":\"https:\/\/www.padreeustaquio.com.br\/poa-abre-exposicao-sobre-padre-eustaquio\/#breadcrumb\",\"itemListElement\":[{\"@type\":\"ListItem\",\"position\":1,\"name\":\"In\u00edcio\",\"item\":\"https:\/\/www.padreeustaquio.com.br\/\"},{\"@type\":\"ListItem\",\"position\":2,\"name\":\"Po\u00e1 prepara exposi\u00e7\u00e3o sobre Padre Eust\u00e1quio\"}]},{\"@type\":\"WebSite\",\"@id\":\"https:\/\/www.padreeustaquio.com.br\/#website\",\"url\":\"https:\/\/www.padreeustaquio.com.br\/\",\"name\":\"Padre Eust\u00e1quio\",\"description\":\"Sa\u00fade e Paz\",\"publisher\":{\"@id\":\"https:\/\/www.padreeustaquio.com.br\/#organization\"},\"potentialAction\":[{\"@type\":\"SearchAction\",\"target\":{\"@type\":\"EntryPoint\",\"urlTemplate\":\"https:\/\/www.padreeustaquio.com.br\/?s={search_term_string}\"},\"query-input\":{\"@type\":\"PropertyValueSpecification\",\"valueRequired\":true,\"valueName\":\"search_term_string\"}}],\"inLanguage\":\"es\"},{\"@type\":\"Organization\",\"@id\":\"https:\/\/www.padreeustaquio.com.br\/#organization\",\"name\":\"Padre Eust\u00e1quio\",\"url\":\"https:\/\/www.padreeustaquio.com.br\/\",\"logo\":{\"@type\":\"ImageObject\",\"inLanguage\":\"es\",\"@id\":\"https:\/\/www.padreeustaquio.com.br\/#\/schema\/logo\/image\/\",\"url\":\"https:\/\/www.padreeustaquio.com.br\/wp-content\/uploads\/2019\/08\/marca.png\",\"contentUrl\":\"https:\/\/www.padreeustaquio.com.br\/wp-content\/uploads\/2019\/08\/marca.png\",\"width\":350,\"height\":400,\"caption\":\"Padre Eust\u00e1quio\"},\"image\":{\"@id\":\"https:\/\/www.padreeustaquio.com.br\/#\/schema\/logo\/image\/\"},\"sameAs\":[\"https:\/\/www.facebook.com\/beatopadreeustaquio\/\",\"https:\/\/x.com\/beatopeustaquio\",\"https:\/\/www.instagram.com\/beatopadreeustaquio\/\",\"https:\/\/www.youtube.com\/channel\/UCRhw7vfabnajwLxb1ZXMeIw\"]},{\"@type\":\"Person\",\"@id\":\"https:\/\/www.padreeustaquio.com.br\/#\/schema\/person\/a2a51db1d00f1a7af0204a0f1ddb1566\",\"name\":\"@sscc\",\"image\":{\"@type\":\"ImageObject\",\"inLanguage\":\"es\",\"@id\":\"https:\/\/secure.gravatar.com\/avatar\/68cfafa5f44617fea54071e215026e0ff06be366c3d54a8425f04fdcb86f8c5f?s=96&d=mm&r=g\",\"url\":\"https:\/\/secure.gravatar.com\/avatar\/68cfafa5f44617fea54071e215026e0ff06be366c3d54a8425f04fdcb86f8c5f?s=96&d=mm&r=g\",\"contentUrl\":\"https:\/\/secure.gravatar.com\/avatar\/68cfafa5f44617fea54071e215026e0ff06be366c3d54a8425f04fdcb86f8c5f?s=96&d=mm&r=g\",\"caption\":\"@sscc\"},\"url\":\"https:\/\/www.padreeustaquio.com.br\/es\/author\/sscc\/\"}]}<\/script>\n<!-- \/ Yoast SEO plugin. -->","yoast_head_json":{"title":"Po\u00e1 prepara exposici\u00f3n sobre el padre Eust\u00e1quio","description":"Ayer, en Po\u00e1, regi\u00f3n metropolitana de S\u00e3o Paulo, el Museo Padre Eust\u00e1quio y la Secretar\u00eda Municipal de Turismo de la ciudad inauguraron oficialmente la exposici\u00f3n &quot;Conociendo al Padre Eust\u00e1quio&quot;. La ceremonia de inauguraci\u00f3n tuvo lugar a las 18:00 h y cont\u00f3 con la presencia de devotos del Bendito.","robots":{"index":"index","follow":"follow","max-snippet":"max-snippet:-1","max-image-preview":"max-image-preview:large","max-video-preview":"max-video-preview:-1"},"canonical":"https:\/\/www.padreeustaquio.com.br\/es\/porto-alegre-inaugura-exposicion-sobre-el-padre-eustaquio\/","og_locale":"es_ES","og_type":"article","og_title":"Po\u00e1 prepara exposi\u00e7\u00e3o sobre Padre Eust\u00e1quio","og_description":"Ontem, em Po\u00e1, regi\u00e3o metropolitana de S\u00e3o Paulo, o Museu Padre Eust\u00e1quio e a Secretaria Municipal de Turismo da cidade abriram oficialmente a exposi\u00e7\u00e3o \"Conhecendo Padre Eust\u00e1quio\". A cerim\u00f4nia de abertura foi \u00e0s 18h e contou com a participa\u00e7\u00e3o de devotos do Bem-Aveunturado.","og_url":"https:\/\/www.padreeustaquio.com.br\/es\/porto-alegre-inaugura-exposicion-sobre-el-padre-eustaquio\/","og_site_name":"Padre Eust\u00e1quio","article_publisher":"https:\/\/www.facebook.com\/beatopadreeustaquio\/","article_published_time":"2022-07-26T18:38:42+00:00","article_modified_time":"2022-08-02T10:38:36+00:00","og_image":[{"width":748,"height":394,"url":"https:\/\/www.padreeustaquio.com.br\/wp-content\/uploads\/2022\/07\/praca-da-biblia.jpg","type":"image\/jpeg"}],"author":"@sscc","twitter_card":"summary_large_image","twitter_creator":"@beatopeustaquio","twitter_site":"@beatopeustaquio","twitter_misc":{"Escrito por":"@sscc","Tiempo de lectura":"1 minuto"},"schema":{"@context":"https:\/\/schema.org","@graph":[{"@type":"Article","@id":"https:\/\/www.padreeustaquio.com.br\/poa-abre-exposicao-sobre-padre-eustaquio\/#article","isPartOf":{"@id":"https:\/\/www.padreeustaquio.com.br\/poa-abre-exposicao-sobre-padre-eustaquio\/"},"author":{"name":"@sscc","@id":"https:\/\/www.padreeustaquio.com.br\/#\/schema\/person\/a2a51db1d00f1a7af0204a0f1ddb1566"},"headline":"Po\u00e1 prepara exposi\u00e7\u00e3o sobre Padre Eust\u00e1quio","datePublished":"2022-07-26T18:38:42+00:00","dateModified":"2022-08-02T10:38:36+00:00","mainEntityOfPage":{"@id":"https:\/\/www.padreeustaquio.com.br\/poa-abre-exposicao-sobre-padre-eustaquio\/"},"wordCount":158,"commentCount":0,"publisher":{"@id":"https:\/\/www.padreeustaquio.com.br\/#organization"},"image":{"@id":"https:\/\/www.padreeustaquio.com.br\/poa-abre-exposicao-sobre-padre-eustaquio\/#primaryimage"},"thumbnailUrl":"https:\/\/www.padreeustaquio.com.br\/wp-content\/uploads\/2022\/07\/praca-da-biblia.jpg","articleSection":["Not\u00edcias"],"inLanguage":"es","potentialAction":[{"@type":"CommentAction","name":"Comment","target":["https:\/\/www.padreeustaquio.com.br\/poa-abre-exposicao-sobre-padre-eustaquio\/#respond"]}]},{"@type":"WebPage","@id":"https:\/\/www.padreeustaquio.com.br\/poa-abre-exposicao-sobre-padre-eustaquio\/","url":"https:\/\/www.padreeustaquio.com.br\/poa-abre-exposicao-sobre-padre-eustaquio\/","name":"Po\u00e1 prepara exposici\u00f3n sobre el padre Eust\u00e1quio","isPartOf":{"@id":"https:\/\/www.padreeustaquio.com.br\/#website"},"primaryImageOfPage":{"@id":"https:\/\/www.padreeustaquio.com.br\/poa-abre-exposicao-sobre-padre-eustaquio\/#primaryimage"},"image":{"@id":"https:\/\/www.padreeustaquio.com.br\/poa-abre-exposicao-sobre-padre-eustaquio\/#primaryimage"},"thumbnailUrl":"https:\/\/www.padreeustaquio.com.br\/wp-content\/uploads\/2022\/07\/praca-da-biblia.jpg","datePublished":"2022-07-26T18:38:42+00:00","dateModified":"2022-08-02T10:38:36+00:00","description":"Ayer, en Po\u00e1, regi\u00f3n metropolitana de S\u00e3o Paulo, el Museo Padre Eust\u00e1quio y la Secretar\u00eda Municipal de Turismo de la ciudad inauguraron oficialmente la exposici\u00f3n &quot;Conociendo al Padre Eust\u00e1quio&quot;. La ceremonia de inauguraci\u00f3n tuvo lugar a las 18:00 h y cont\u00f3 con la presencia de devotos del Bendito.","breadcrumb":{"@id":"https:\/\/www.padreeustaquio.com.br\/poa-abre-exposicao-sobre-padre-eustaquio\/#breadcrumb"},"inLanguage":"es","potentialAction":[{"@type":"ReadAction","target":["https:\/\/www.padreeustaquio.com.br\/poa-abre-exposicao-sobre-padre-eustaquio\/"]}]},{"@type":"ImageObject","inLanguage":"es","@id":"https:\/\/www.padreeustaquio.com.br\/poa-abre-exposicao-sobre-padre-eustaquio\/#primaryimage","url":"https:\/\/www.padreeustaquio.com.br\/wp-content\/uploads\/2022\/07\/praca-da-biblia.jpg","contentUrl":"https:\/\/www.padreeustaquio.com.br\/wp-content\/uploads\/2022\/07\/praca-da-biblia.jpg","width":748,"height":394,"caption":"Foto: Google Street View"},{"@type":"BreadcrumbList","@id":"https:\/\/www.padreeustaquio.com.br\/poa-abre-exposicao-sobre-padre-eustaquio\/#breadcrumb","itemListElement":[{"@type":"ListItem","position":1,"name":"In\u00edcio","item":"https:\/\/www.padreeustaquio.com.br\/"},{"@type":"ListItem","position":2,"name":"Po\u00e1 prepara exposi\u00e7\u00e3o sobre Padre Eust\u00e1quio"}]},{"@type":"WebSite","@id":"https:\/\/www.padreeustaquio.com.br\/#website","url":"https:\/\/www.padreeustaquio.com.br\/","name":"Padre Eustace","description":"Salud y Paz","publisher":{"@id":"https:\/\/www.padreeustaquio.com.br\/#organization"},"potentialAction":[{"@type":"SearchAction","target":{"@type":"EntryPoint","urlTemplate":"https:\/\/www.padreeustaquio.com.br\/?s={search_term_string}"},"query-input":{"@type":"PropertyValueSpecification","valueRequired":true,"valueName":"search_term_string"}}],"inLanguage":"es"},{"@type":"Organization","@id":"https:\/\/www.padreeustaquio.com.br\/#organization","name":"Padre Eustace","url":"https:\/\/www.padreeustaquio.com.br\/","logo":{"@type":"ImageObject","inLanguage":"es","@id":"https:\/\/www.padreeustaquio.com.br\/#\/schema\/logo\/image\/","url":"https:\/\/www.padreeustaquio.com.br\/wp-content\/uploads\/2019\/08\/marca.png","contentUrl":"https:\/\/www.padreeustaquio.com.br\/wp-content\/uploads\/2019\/08\/marca.png","width":350,"height":400,"caption":"Padre Eust\u00e1quio"},"image":{"@id":"https:\/\/www.padreeustaquio.com.br\/#\/schema\/logo\/image\/"},"sameAs":["https:\/\/www.facebook.com\/beatopadreeustaquio\/","https:\/\/x.com\/beatopeustaquio","https:\/\/www.instagram.com\/beatopadreeustaquio\/","https:\/\/www.youtube.com\/channel\/UCRhw7vfabnajwLxb1ZXMeIw"]},{"@type":"Person","@id":"https:\/\/www.padreeustaquio.com.br\/#\/schema\/person\/a2a51db1d00f1a7af0204a0f1ddb1566","name":"@sscc","image":{"@type":"ImageObject","inLanguage":"es","@id":"https:\/\/secure.gravatar.com\/avatar\/68cfafa5f44617fea54071e215026e0ff06be366c3d54a8425f04fdcb86f8c5f?s=96&d=mm&r=g","url":"https:\/\/secure.gravatar.com\/avatar\/68cfafa5f44617fea54071e215026e0ff06be366c3d54a8425f04fdcb86f8c5f?s=96&d=mm&r=g","contentUrl":"https:\/\/secure.gravatar.com\/avatar\/68cfafa5f44617fea54071e215026e0ff06be366c3d54a8425f04fdcb86f8c5f?s=96&d=mm&r=g","caption":"@sscc"},"url":"https:\/\/www.padreeustaquio.com.br\/es\/author\/sscc\/"}]}},"_links":{"self":[{"href":"https:\/\/www.padreeustaquio.com.br\/es\/wp-json\/wp\/v2\/posts\/9025","targetHints":{"allow":["GET"]}}],"collection":[{"href":"https:\/\/www.padreeustaquio.com.br\/es\/wp-json\/wp\/v2\/posts"}],"about":[{"href":"https:\/\/www.padreeustaquio.com.br\/es\/wp-json\/wp\/v2\/types\/post"}],"author":[{"embeddable":true,"href":"https:\/\/www.padreeustaquio.com.br\/es\/wp-json\/wp\/v2\/users\/2"}],"replies":[{"embeddable":true,"href":"https:\/\/www.padreeustaquio.com.br\/es\/wp-json\/wp\/v2\/comments?post=9025"}],"version-history":[{"count":0,"href":"https:\/\/www.padreeustaquio.com.br\/es\/wp-json\/wp\/v2\/posts\/9025\/revisions"}],"wp:featuredmedia":[{"embeddable":true,"href":"https:\/\/www.padreeustaquio.com.br\/es\/wp-json\/wp\/v2\/media\/9027"}],"wp:attachment":[{"href":"https:\/\/www.padreeustaquio.com.br\/es\/wp-json\/wp\/v2\/media?parent=9025"}],"wp:term":[{"taxonomy":"category","embeddable":true,"href":"https:\/\/www.padreeustaquio.com.br\/es\/wp-json\/wp\/v2\/categories?post=9025"},{"taxonomy":"post_tag","embeddable":true,"href":"https:\/\/www.padreeustaquio.com.br\/es\/wp-json\/wp\/v2\/tags?post=9025"}],"curies":[{"name":"wp","href":"https:\/\/api.w.org\/{rel}","templated":true}]}}