{"id":9019,"date":"2022-07-25T12:43:55","date_gmt":"2022-07-25T15:43:55","guid":{"rendered":"https:\/\/www.padreeustaquio.com.br\/?p=9019"},"modified":"2022-07-25T12:49:51","modified_gmt":"2022-07-25T15:49:51","slug":"la-celebracion-del-30-de-julio-marcara-el-inicio-de-la-fiesta-del-padre-eustaquio-en-2022","status":"publish","type":"post","link":"https:\/\/www.padreeustaquio.com.br\/es\/la-celebracion-del-30-de-julio-marcara-el-inicio-de-la-fiesta-del-padre-eustaquio-en-2022\/","title":{"rendered":"La celebraci\u00f3n del 30 de julio marcar\u00e1 el inicio de la Fiesta del Padre Eustaquio 2022."},"content":{"rendered":"<p>La Fiesta del Beato Padre Eustaquio de 2022 est\u00e1 programada para inaugurarse oficialmente el 30 de julio. Este a\u00f1o tendremos un mes entero de festividades en honor al Beato.<\/p>\n\n\n\n<p>A partir del s\u00e1bado 30, durante el servicio de las 15:00 h, se distribuir\u00e1 un folleto conmemorativo de la Fiesta del Sant\u00edsimo para que la gente pueda colocarlo en sus puertas, demostrando as\u00ed que participan en la celebraci\u00f3n en comuni\u00f3n con la Iglesia y con sus hermanos devotos. Quienes no puedan asistir al servicio ese d\u00eda podr\u00e1n recoger el folleto en la secretar\u00eda parroquial m\u00e1s tarde.<\/p>\n\n\n\n<p>Este folleto tambi\u00e9n se distribuir\u00e1 en mayor cantidad, si los devotos desean compartirlo con sus familiares y amigos. La idea es que llegue a diversas ciudades brasile\u00f1as, difundiendo la devoci\u00f3n al Padre Eust\u00e1quio no solo en Belo Horizonte, sino en todo el pa\u00eds.<\/p>\n\n\n\n<p>Recordad que quienes no puedan participar presencialmente del mes festivo en honor al Sant\u00edsimo en el Santuario de la Salud y la Paz, podr\u00e1n hacerlo a trav\u00e9s de nuestro canal de YouTube, Padre Eust\u00e1quio.<\/p>\n\n\n\n<p><\/p>","protected":false},"excerpt":{"rendered":"<p>No dia 30 de julho a Festa do Beato Padre Eust\u00e1quio 2022 dever\u00e1 ser aberta oficialmente. Este ano teremos um m\u00eas inteiro de festividades em honra ao Bem-aventurado. A partir de s\u00e1bado, dia 30, na celebra\u00e7\u00e3o das 15h, ser\u00e1 distribu\u00eddo um folheto comemorativo da Festa do Beato para que as pessoas possam colocar nas portas das casas, mostrando que est\u00e3o participando da festa em comunh\u00e3o com a Igreja e com os irm\u00e3os devotos. Quem n\u00e3o puder comparecer \u00e0 celebra\u00e7\u00e3o na data, pode retirar o folheto na secretaria paroquial posteriormente. Este folder ser\u00e1 distribu\u00eddo tamb\u00e9m em maior quantidade, caso o devoto [&hellip;]<\/p>\n","protected":false},"author":2,"featured_media":9022,"comment_status":"open","ping_status":"closed","sticky":false,"template":"","format":"standard","meta":{"_acf_changed":false,"footnotes":""},"categories":[611],"tags":[],"class_list":["post-9019","post","type-post","status-publish","format-standard","has-post-thumbnail","hentry","category-noticias"],"acf":[],"yoast_head":"<!-- This site is optimized with the Yoast SEO plugin v27.2 - https:\/\/yoast.com\/product\/yoast-seo-wordpress\/ -->\n<title>Celebra\u00e7\u00e3o 30 de julho marcar\u00e1 in\u00edcio da Festa do Padre Eust\u00e1quio 2022<\/title>\n<meta name=\"description\" content=\"A partir de s\u00e1bado, dia 30, na celebra\u00e7\u00e3o das 15h, ser\u00e1 distribu\u00eddo um folheto comemorativo da Festa do Beato para que as pessoas possam colocar nas portas das casas, mostrando que est\u00e3o participando da festa em comunh\u00e3o com a Igreja e com os irm\u00e3os devotos. Quem n\u00e3o puder comparecer \u00e0 celebra\u00e7\u00e3o na data, pode retirar o folheto na secretaria paroquial posteriormente.\" \/>\n<meta name=\"robots\" content=\"index, follow, max-snippet:-1, max-image-preview:large, max-video-preview:-1\" \/>\n<link rel=\"canonical\" href=\"https:\/\/www.padreeustaquio.com.br\/es\/la-celebracion-del-30-de-julio-marcara-el-inicio-de-la-fiesta-del-padre-eustaquio-en-2022\/\" \/>\n<meta property=\"og:locale\" content=\"es_ES\" \/>\n<meta property=\"og:type\" content=\"article\" \/>\n<meta property=\"og:title\" content=\"Celebra\u00e7\u00e3o 30 de julho marcar\u00e1 in\u00edcio da Festa do Padre Eust\u00e1quio 2022\" \/>\n<meta property=\"og:description\" content=\"A partir de s\u00e1bado, dia 30, na celebra\u00e7\u00e3o das 15h, ser\u00e1 distribu\u00eddo um folheto comemorativo da Festa do Beato para que as pessoas possam colocar nas portas das casas, mostrando que est\u00e3o participando da festa em comunh\u00e3o com a Igreja e com os irm\u00e3os devotos. Quem n\u00e3o puder comparecer \u00e0 celebra\u00e7\u00e3o na data, pode retirar o folheto na secretaria paroquial posteriormente.\" \/>\n<meta property=\"og:url\" content=\"https:\/\/www.padreeustaquio.com.br\/es\/la-celebracion-del-30-de-julio-marcara-el-inicio-de-la-fiesta-del-padre-eustaquio-en-2022\/\" \/>\n<meta property=\"og:site_name\" content=\"Padre Eust\u00e1quio\" \/>\n<meta property=\"article:publisher\" content=\"https:\/\/www.facebook.com\/beatopadreeustaquio\/\" \/>\n<meta property=\"article:published_time\" content=\"2022-07-25T15:43:55+00:00\" \/>\n<meta property=\"article:modified_time\" content=\"2022-07-25T15:49:51+00:00\" \/>\n<meta property=\"og:image\" content=\"https:\/\/www.padreeustaquio.com.br\/wp-content\/uploads\/2022\/07\/folheto-pe.png\" \/>\n\t<meta property=\"og:image:width\" content=\"581\" \/>\n\t<meta property=\"og:image:height\" content=\"276\" \/>\n\t<meta property=\"og:image:type\" content=\"image\/png\" \/>\n<meta name=\"author\" content=\"@sscc\" \/>\n<meta name=\"twitter:card\" content=\"summary_large_image\" \/>\n<meta name=\"twitter:creator\" content=\"@beatopeustaquio\" \/>\n<meta name=\"twitter:site\" content=\"@beatopeustaquio\" \/>\n<meta name=\"twitter:label1\" content=\"Escrito por\" \/>\n\t<meta name=\"twitter:data1\" content=\"@sscc\" \/>\n\t<meta name=\"twitter:label2\" content=\"Tiempo de lectura\" \/>\n\t<meta name=\"twitter:data2\" content=\"1 minuto\" \/>\n<script type=\"application\/ld+json\" class=\"yoast-schema-graph\">{\"@context\":\"https:\/\/schema.org\",\"@graph\":[{\"@type\":\"Article\",\"@id\":\"https:\/\/www.padreeustaquio.com.br\/celebracao-30-de-julho-marcara-inicio-da-festa-do-padre-eustaquio-2022\/#article\",\"isPartOf\":{\"@id\":\"https:\/\/www.padreeustaquio.com.br\/celebracao-30-de-julho-marcara-inicio-da-festa-do-padre-eustaquio-2022\/\"},\"author\":{\"name\":\"@sscc\",\"@id\":\"https:\/\/www.padreeustaquio.com.br\/#\/schema\/person\/a2a51db1d00f1a7af0204a0f1ddb1566\"},\"headline\":\"Celebra\u00e7\u00e3o 30 de julho marcar\u00e1 in\u00edcio da Festa do Padre Eust\u00e1quio 2022\",\"datePublished\":\"2022-07-25T15:43:55+00:00\",\"dateModified\":\"2022-07-25T15:49:51+00:00\",\"mainEntityOfPage\":{\"@id\":\"https:\/\/www.padreeustaquio.com.br\/celebracao-30-de-julho-marcara-inicio-da-festa-do-padre-eustaquio-2022\/\"},\"wordCount\":195,\"commentCount\":0,\"publisher\":{\"@id\":\"https:\/\/www.padreeustaquio.com.br\/#organization\"},\"image\":{\"@id\":\"https:\/\/www.padreeustaquio.com.br\/celebracao-30-de-julho-marcara-inicio-da-festa-do-padre-eustaquio-2022\/#primaryimage\"},\"thumbnailUrl\":\"https:\/\/www.padreeustaquio.com.br\/wp-content\/uploads\/2022\/07\/folheto-pe.png\",\"articleSection\":[\"Not\u00edcias\"],\"inLanguage\":\"es\",\"potentialAction\":[{\"@type\":\"CommentAction\",\"name\":\"Comment\",\"target\":[\"https:\/\/www.padreeustaquio.com.br\/celebracao-30-de-julho-marcara-inicio-da-festa-do-padre-eustaquio-2022\/#respond\"]}]},{\"@type\":\"WebPage\",\"@id\":\"https:\/\/www.padreeustaquio.com.br\/celebracao-30-de-julho-marcara-inicio-da-festa-do-padre-eustaquio-2022\/\",\"url\":\"https:\/\/www.padreeustaquio.com.br\/celebracao-30-de-julho-marcara-inicio-da-festa-do-padre-eustaquio-2022\/\",\"name\":\"Celebra\u00e7\u00e3o 30 de julho marcar\u00e1 in\u00edcio da Festa do Padre Eust\u00e1quio 2022\",\"isPartOf\":{\"@id\":\"https:\/\/www.padreeustaquio.com.br\/#website\"},\"primaryImageOfPage\":{\"@id\":\"https:\/\/www.padreeustaquio.com.br\/celebracao-30-de-julho-marcara-inicio-da-festa-do-padre-eustaquio-2022\/#primaryimage\"},\"image\":{\"@id\":\"https:\/\/www.padreeustaquio.com.br\/celebracao-30-de-julho-marcara-inicio-da-festa-do-padre-eustaquio-2022\/#primaryimage\"},\"thumbnailUrl\":\"https:\/\/www.padreeustaquio.com.br\/wp-content\/uploads\/2022\/07\/folheto-pe.png\",\"datePublished\":\"2022-07-25T15:43:55+00:00\",\"dateModified\":\"2022-07-25T15:49:51+00:00\",\"description\":\"A partir de s\u00e1bado, dia 30, na celebra\u00e7\u00e3o das 15h, ser\u00e1 distribu\u00eddo um folheto comemorativo da Festa do Beato para que as pessoas possam colocar nas portas das casas, mostrando que est\u00e3o participando da festa em comunh\u00e3o com a Igreja e com os irm\u00e3os devotos. Quem n\u00e3o puder comparecer \u00e0 celebra\u00e7\u00e3o na data, pode retirar o folheto na secretaria paroquial posteriormente.\",\"breadcrumb\":{\"@id\":\"https:\/\/www.padreeustaquio.com.br\/celebracao-30-de-julho-marcara-inicio-da-festa-do-padre-eustaquio-2022\/#breadcrumb\"},\"inLanguage\":\"es\",\"potentialAction\":[{\"@type\":\"ReadAction\",\"target\":[\"https:\/\/www.padreeustaquio.com.br\/celebracao-30-de-julho-marcara-inicio-da-festa-do-padre-eustaquio-2022\/\"]}]},{\"@type\":\"ImageObject\",\"inLanguage\":\"es\",\"@id\":\"https:\/\/www.padreeustaquio.com.br\/celebracao-30-de-julho-marcara-inicio-da-festa-do-padre-eustaquio-2022\/#primaryimage\",\"url\":\"https:\/\/www.padreeustaquio.com.br\/wp-content\/uploads\/2022\/07\/folheto-pe.png\",\"contentUrl\":\"https:\/\/www.padreeustaquio.com.br\/wp-content\/uploads\/2022\/07\/folheto-pe.png\",\"width\":581,\"height\":276},{\"@type\":\"BreadcrumbList\",\"@id\":\"https:\/\/www.padreeustaquio.com.br\/celebracao-30-de-julho-marcara-inicio-da-festa-do-padre-eustaquio-2022\/#breadcrumb\",\"itemListElement\":[{\"@type\":\"ListItem\",\"position\":1,\"name\":\"In\u00edcio\",\"item\":\"https:\/\/www.padreeustaquio.com.br\/\"},{\"@type\":\"ListItem\",\"position\":2,\"name\":\"Celebra\u00e7\u00e3o 30 de julho marcar\u00e1 in\u00edcio da Festa do Padre Eust\u00e1quio 2022\"}]},{\"@type\":\"WebSite\",\"@id\":\"https:\/\/www.padreeustaquio.com.br\/#website\",\"url\":\"https:\/\/www.padreeustaquio.com.br\/\",\"name\":\"Padre Eust\u00e1quio\",\"description\":\"Sa\u00fade e Paz\",\"publisher\":{\"@id\":\"https:\/\/www.padreeustaquio.com.br\/#organization\"},\"potentialAction\":[{\"@type\":\"SearchAction\",\"target\":{\"@type\":\"EntryPoint\",\"urlTemplate\":\"https:\/\/www.padreeustaquio.com.br\/?s={search_term_string}\"},\"query-input\":{\"@type\":\"PropertyValueSpecification\",\"valueRequired\":true,\"valueName\":\"search_term_string\"}}],\"inLanguage\":\"es\"},{\"@type\":\"Organization\",\"@id\":\"https:\/\/www.padreeustaquio.com.br\/#organization\",\"name\":\"Padre Eust\u00e1quio\",\"url\":\"https:\/\/www.padreeustaquio.com.br\/\",\"logo\":{\"@type\":\"ImageObject\",\"inLanguage\":\"es\",\"@id\":\"https:\/\/www.padreeustaquio.com.br\/#\/schema\/logo\/image\/\",\"url\":\"https:\/\/www.padreeustaquio.com.br\/wp-content\/uploads\/2019\/08\/marca.png\",\"contentUrl\":\"https:\/\/www.padreeustaquio.com.br\/wp-content\/uploads\/2019\/08\/marca.png\",\"width\":350,\"height\":400,\"caption\":\"Padre Eust\u00e1quio\"},\"image\":{\"@id\":\"https:\/\/www.padreeustaquio.com.br\/#\/schema\/logo\/image\/\"},\"sameAs\":[\"https:\/\/www.facebook.com\/beatopadreeustaquio\/\",\"https:\/\/x.com\/beatopeustaquio\",\"https:\/\/www.instagram.com\/beatopadreeustaquio\/\",\"https:\/\/www.youtube.com\/channel\/UCRhw7vfabnajwLxb1ZXMeIw\"]},{\"@type\":\"Person\",\"@id\":\"https:\/\/www.padreeustaquio.com.br\/#\/schema\/person\/a2a51db1d00f1a7af0204a0f1ddb1566\",\"name\":\"@sscc\",\"image\":{\"@type\":\"ImageObject\",\"inLanguage\":\"es\",\"@id\":\"https:\/\/secure.gravatar.com\/avatar\/68cfafa5f44617fea54071e215026e0ff06be366c3d54a8425f04fdcb86f8c5f?s=96&d=mm&r=g\",\"url\":\"https:\/\/secure.gravatar.com\/avatar\/68cfafa5f44617fea54071e215026e0ff06be366c3d54a8425f04fdcb86f8c5f?s=96&d=mm&r=g\",\"contentUrl\":\"https:\/\/secure.gravatar.com\/avatar\/68cfafa5f44617fea54071e215026e0ff06be366c3d54a8425f04fdcb86f8c5f?s=96&d=mm&r=g\",\"caption\":\"@sscc\"},\"url\":\"https:\/\/www.padreeustaquio.com.br\/es\/author\/sscc\/\"}]}<\/script>\n<!-- \/ Yoast SEO plugin. -->","yoast_head_json":{"title":"La celebraci\u00f3n del 30 de julio marcar\u00e1 el inicio de la Fiesta del Padre Eustaquio 2022.","description":"A partir del s\u00e1bado 30, durante el servicio de las 15:00 h, se distribuir\u00e1 un folleto conmemorativo de la Fiesta del Sant\u00edsimo para que la gente pueda colocarlo en sus puertas, demostrando as\u00ed que participan en la celebraci\u00f3n en comuni\u00f3n con la Iglesia y con sus hermanos devotos. Quienes no puedan asistir al servicio ese d\u00eda podr\u00e1n recoger el folleto en la secretar\u00eda parroquial m\u00e1s tarde.","robots":{"index":"index","follow":"follow","max-snippet":"max-snippet:-1","max-image-preview":"max-image-preview:large","max-video-preview":"max-video-preview:-1"},"canonical":"https:\/\/www.padreeustaquio.com.br\/es\/la-celebracion-del-30-de-julio-marcara-el-inicio-de-la-fiesta-del-padre-eustaquio-en-2022\/","og_locale":"es_ES","og_type":"article","og_title":"Celebra\u00e7\u00e3o 30 de julho marcar\u00e1 in\u00edcio da Festa do Padre Eust\u00e1quio 2022","og_description":"A partir de s\u00e1bado, dia 30, na celebra\u00e7\u00e3o das 15h, ser\u00e1 distribu\u00eddo um folheto comemorativo da Festa do Beato para que as pessoas possam colocar nas portas das casas, mostrando que est\u00e3o participando da festa em comunh\u00e3o com a Igreja e com os irm\u00e3os devotos. Quem n\u00e3o puder comparecer \u00e0 celebra\u00e7\u00e3o na data, pode retirar o folheto na secretaria paroquial posteriormente.","og_url":"https:\/\/www.padreeustaquio.com.br\/es\/la-celebracion-del-30-de-julio-marcara-el-inicio-de-la-fiesta-del-padre-eustaquio-en-2022\/","og_site_name":"Padre Eust\u00e1quio","article_publisher":"https:\/\/www.facebook.com\/beatopadreeustaquio\/","article_published_time":"2022-07-25T15:43:55+00:00","article_modified_time":"2022-07-25T15:49:51+00:00","og_image":[{"width":581,"height":276,"url":"https:\/\/www.padreeustaquio.com.br\/wp-content\/uploads\/2022\/07\/folheto-pe.png","type":"image\/png"}],"author":"@sscc","twitter_card":"summary_large_image","twitter_creator":"@beatopeustaquio","twitter_site":"@beatopeustaquio","twitter_misc":{"Escrito por":"@sscc","Tiempo de lectura":"1 minuto"},"schema":{"@context":"https:\/\/schema.org","@graph":[{"@type":"Article","@id":"https:\/\/www.padreeustaquio.com.br\/celebracao-30-de-julho-marcara-inicio-da-festa-do-padre-eustaquio-2022\/#article","isPartOf":{"@id":"https:\/\/www.padreeustaquio.com.br\/celebracao-30-de-julho-marcara-inicio-da-festa-do-padre-eustaquio-2022\/"},"author":{"name":"@sscc","@id":"https:\/\/www.padreeustaquio.com.br\/#\/schema\/person\/a2a51db1d00f1a7af0204a0f1ddb1566"},"headline":"Celebra\u00e7\u00e3o 30 de julho marcar\u00e1 in\u00edcio da Festa do Padre Eust\u00e1quio 2022","datePublished":"2022-07-25T15:43:55+00:00","dateModified":"2022-07-25T15:49:51+00:00","mainEntityOfPage":{"@id":"https:\/\/www.padreeustaquio.com.br\/celebracao-30-de-julho-marcara-inicio-da-festa-do-padre-eustaquio-2022\/"},"wordCount":195,"commentCount":0,"publisher":{"@id":"https:\/\/www.padreeustaquio.com.br\/#organization"},"image":{"@id":"https:\/\/www.padreeustaquio.com.br\/celebracao-30-de-julho-marcara-inicio-da-festa-do-padre-eustaquio-2022\/#primaryimage"},"thumbnailUrl":"https:\/\/www.padreeustaquio.com.br\/wp-content\/uploads\/2022\/07\/folheto-pe.png","articleSection":["Not\u00edcias"],"inLanguage":"es","potentialAction":[{"@type":"CommentAction","name":"Comment","target":["https:\/\/www.padreeustaquio.com.br\/celebracao-30-de-julho-marcara-inicio-da-festa-do-padre-eustaquio-2022\/#respond"]}]},{"@type":"WebPage","@id":"https:\/\/www.padreeustaquio.com.br\/celebracao-30-de-julho-marcara-inicio-da-festa-do-padre-eustaquio-2022\/","url":"https:\/\/www.padreeustaquio.com.br\/celebracao-30-de-julho-marcara-inicio-da-festa-do-padre-eustaquio-2022\/","name":"La celebraci\u00f3n del 30 de julio marcar\u00e1 el inicio de la Fiesta del Padre Eustaquio 2022.","isPartOf":{"@id":"https:\/\/www.padreeustaquio.com.br\/#website"},"primaryImageOfPage":{"@id":"https:\/\/www.padreeustaquio.com.br\/celebracao-30-de-julho-marcara-inicio-da-festa-do-padre-eustaquio-2022\/#primaryimage"},"image":{"@id":"https:\/\/www.padreeustaquio.com.br\/celebracao-30-de-julho-marcara-inicio-da-festa-do-padre-eustaquio-2022\/#primaryimage"},"thumbnailUrl":"https:\/\/www.padreeustaquio.com.br\/wp-content\/uploads\/2022\/07\/folheto-pe.png","datePublished":"2022-07-25T15:43:55+00:00","dateModified":"2022-07-25T15:49:51+00:00","description":"A partir del s\u00e1bado 30, durante el servicio de las 15:00 h, se distribuir\u00e1 un folleto conmemorativo de la Fiesta del Sant\u00edsimo para que la gente pueda colocarlo en sus puertas, demostrando as\u00ed que participan en la celebraci\u00f3n en comuni\u00f3n con la Iglesia y con sus hermanos devotos. Quienes no puedan asistir al servicio ese d\u00eda podr\u00e1n recoger el folleto en la secretar\u00eda parroquial m\u00e1s tarde.","breadcrumb":{"@id":"https:\/\/www.padreeustaquio.com.br\/celebracao-30-de-julho-marcara-inicio-da-festa-do-padre-eustaquio-2022\/#breadcrumb"},"inLanguage":"es","potentialAction":[{"@type":"ReadAction","target":["https:\/\/www.padreeustaquio.com.br\/celebracao-30-de-julho-marcara-inicio-da-festa-do-padre-eustaquio-2022\/"]}]},{"@type":"ImageObject","inLanguage":"es","@id":"https:\/\/www.padreeustaquio.com.br\/celebracao-30-de-julho-marcara-inicio-da-festa-do-padre-eustaquio-2022\/#primaryimage","url":"https:\/\/www.padreeustaquio.com.br\/wp-content\/uploads\/2022\/07\/folheto-pe.png","contentUrl":"https:\/\/www.padreeustaquio.com.br\/wp-content\/uploads\/2022\/07\/folheto-pe.png","width":581,"height":276},{"@type":"BreadcrumbList","@id":"https:\/\/www.padreeustaquio.com.br\/celebracao-30-de-julho-marcara-inicio-da-festa-do-padre-eustaquio-2022\/#breadcrumb","itemListElement":[{"@type":"ListItem","position":1,"name":"In\u00edcio","item":"https:\/\/www.padreeustaquio.com.br\/"},{"@type":"ListItem","position":2,"name":"Celebra\u00e7\u00e3o 30 de julho marcar\u00e1 in\u00edcio da Festa do Padre Eust\u00e1quio 2022"}]},{"@type":"WebSite","@id":"https:\/\/www.padreeustaquio.com.br\/#website","url":"https:\/\/www.padreeustaquio.com.br\/","name":"Padre Eustace","description":"Salud y Paz","publisher":{"@id":"https:\/\/www.padreeustaquio.com.br\/#organization"},"potentialAction":[{"@type":"SearchAction","target":{"@type":"EntryPoint","urlTemplate":"https:\/\/www.padreeustaquio.com.br\/?s={search_term_string}"},"query-input":{"@type":"PropertyValueSpecification","valueRequired":true,"valueName":"search_term_string"}}],"inLanguage":"es"},{"@type":"Organization","@id":"https:\/\/www.padreeustaquio.com.br\/#organization","name":"Padre Eustace","url":"https:\/\/www.padreeustaquio.com.br\/","logo":{"@type":"ImageObject","inLanguage":"es","@id":"https:\/\/www.padreeustaquio.com.br\/#\/schema\/logo\/image\/","url":"https:\/\/www.padreeustaquio.com.br\/wp-content\/uploads\/2019\/08\/marca.png","contentUrl":"https:\/\/www.padreeustaquio.com.br\/wp-content\/uploads\/2019\/08\/marca.png","width":350,"height":400,"caption":"Padre Eust\u00e1quio"},"image":{"@id":"https:\/\/www.padreeustaquio.com.br\/#\/schema\/logo\/image\/"},"sameAs":["https:\/\/www.facebook.com\/beatopadreeustaquio\/","https:\/\/x.com\/beatopeustaquio","https:\/\/www.instagram.com\/beatopadreeustaquio\/","https:\/\/www.youtube.com\/channel\/UCRhw7vfabnajwLxb1ZXMeIw"]},{"@type":"Person","@id":"https:\/\/www.padreeustaquio.com.br\/#\/schema\/person\/a2a51db1d00f1a7af0204a0f1ddb1566","name":"@sscc","image":{"@type":"ImageObject","inLanguage":"es","@id":"https:\/\/secure.gravatar.com\/avatar\/68cfafa5f44617fea54071e215026e0ff06be366c3d54a8425f04fdcb86f8c5f?s=96&d=mm&r=g","url":"https:\/\/secure.gravatar.com\/avatar\/68cfafa5f44617fea54071e215026e0ff06be366c3d54a8425f04fdcb86f8c5f?s=96&d=mm&r=g","contentUrl":"https:\/\/secure.gravatar.com\/avatar\/68cfafa5f44617fea54071e215026e0ff06be366c3d54a8425f04fdcb86f8c5f?s=96&d=mm&r=g","caption":"@sscc"},"url":"https:\/\/www.padreeustaquio.com.br\/es\/author\/sscc\/"}]}},"_links":{"self":[{"href":"https:\/\/www.padreeustaquio.com.br\/es\/wp-json\/wp\/v2\/posts\/9019","targetHints":{"allow":["GET"]}}],"collection":[{"href":"https:\/\/www.padreeustaquio.com.br\/es\/wp-json\/wp\/v2\/posts"}],"about":[{"href":"https:\/\/www.padreeustaquio.com.br\/es\/wp-json\/wp\/v2\/types\/post"}],"author":[{"embeddable":true,"href":"https:\/\/www.padreeustaquio.com.br\/es\/wp-json\/wp\/v2\/users\/2"}],"replies":[{"embeddable":true,"href":"https:\/\/www.padreeustaquio.com.br\/es\/wp-json\/wp\/v2\/comments?post=9019"}],"version-history":[{"count":0,"href":"https:\/\/www.padreeustaquio.com.br\/es\/wp-json\/wp\/v2\/posts\/9019\/revisions"}],"wp:featuredmedia":[{"embeddable":true,"href":"https:\/\/www.padreeustaquio.com.br\/es\/wp-json\/wp\/v2\/media\/9022"}],"wp:attachment":[{"href":"https:\/\/www.padreeustaquio.com.br\/es\/wp-json\/wp\/v2\/media?parent=9019"}],"wp:term":[{"taxonomy":"category","embeddable":true,"href":"https:\/\/www.padreeustaquio.com.br\/es\/wp-json\/wp\/v2\/categories?post=9019"},{"taxonomy":"post_tag","embeddable":true,"href":"https:\/\/www.padreeustaquio.com.br\/es\/wp-json\/wp\/v2\/tags?post=9019"}],"curies":[{"name":"wp","href":"https:\/\/api.w.org\/{rel}","templated":true}]}}