{"id":9013,"date":"2022-07-22T06:32:00","date_gmt":"2022-07-22T09:32:00","guid":{"rendered":"https:\/\/www.padreeustaquio.com.br\/?p=9013"},"modified":"2022-07-21T14:46:16","modified_gmt":"2022-07-21T17:46:16","slug":"las-puertas-de-entrada-al-santuario-de-la-salud-y-la-paz-estan-dedicadas-a-varios-santos","status":"publish","type":"post","link":"https:\/\/www.padreeustaquio.com.br\/es\/las-puertas-de-entrada-al-santuario-de-la-salud-y-la-paz-estan-dedicadas-a-varios-santos\/","title":{"rendered":"Las puertas de entrada al Santuario de Salud y Paz est\u00e1n dedicadas a varios Santos."},"content":{"rendered":"<p>\u00bfSab\u00edas que las puertas laterales del Santuario Arquidiocesano de la Salud y la Paz est\u00e1n dedicadas a algunos santos? Ya mencionamos aqu\u00ed en el sitio web que las puertas de la entrada principal de la iglesia est\u00e1n dedicadas a la Sant\u00edsima Trinidad.<a href=\"https:\/\/www.padreeustaquio.com.br\/es\/santuario-de-salud-y-paz-un-lugar-lleno-de-significado-para-nuestra-fe\/\">leer aqu\u00ed<\/a>Ahora hablemos de las entradas a las naves laterales del templo.<\/p>\n\n\n\n<p>La denominaci\u00f3n de las puertas ya estaba prevista en el dise\u00f1o inicial de la iglesia y tiene un significado muy importante: Nombrar santos a las entradas del Santuario representa el acceso a Dios a trav\u00e9s de sus intercesores.<\/p>\n\n\n\n<p>A la entrada del Memorial del Padre Eustaquio, que da acceso a la nave derecha de la iglesia, se venera a San Antonio, patrono de los humildes. Mientras tanto, a la entrada de la nave izquierda, donde se encuentra el altar de San Jos\u00e9, se venera a Santa Rita de Casia, patrona de las causas imposibles.<\/p>\n\n\n\n<p><strong>Lea el extracto del documento que analiza los nombres de las puertas:<\/strong><\/p>\n\n\n\n<p><em>\u201cEn la parte trasera, sacrist\u00eda, sala de conferencias, sala de reuniones y despacho, se encuentran los Sacerdotes, nobles servidores del Rey y Se\u00f1or, donde suelen acudir los s\u00fabditos fieles para atender sus asuntos espirituales, los \u00fanicos verdaderos, tras entrar por una de las puertas laterales: la de Santa Rita y Santa Teresita, del lado del Evangelio, y las de San Antonio y Santo Domingo, del lado de la Ep\u00edstola, que representa, no en n\u00famero, sino en significado, el acceso por los Santos intercesores.\u201d<\/em><\/p>\n\n\n\n<p>El documento original menciona dos puertas en cada nave de la iglesia, por lo que la Puerta de Santa Rita es tambi\u00e9n conocida como Puerta de Santa Teresita, y la Puerta de San Antonio tambi\u00e9n puede ser llamada Puerta de Santo Domingo.<\/p>\n\n\n\n<p><\/p>","protected":false},"excerpt":{"rendered":"<p>Voc\u00ea sabia que as portas laterais do Santu\u00e1rio Arquidiocesano da Sa\u00fade e da Paz s\u00e3o dedicadas a alguns Santos? J\u00e1 contamos aqui no site que as portas da entrada principal da igreja s\u00e3o dedicadas \u00e0 Sant\u00edssima Trindade (leia aqui), agora vamos falar sobre as entradas das naves laterais do templo. A nomea\u00e7\u00e3o das portas j\u00e1 estava prevista no projeto inicial da igreja e tem um significado muito importante: Dar o nome de santos \u00e0s entradas do Santu\u00e1rio representa o acesso \u00e0 Deus por meio dos seus intercessores. Na entrada do Memorial Padre Eust\u00e1quio, que d\u00e1 acesso a nave direita da [&hellip;]<\/p>\n","protected":false},"author":2,"featured_media":9014,"comment_status":"open","ping_status":"closed","sticky":false,"template":"","format":"standard","meta":{"_acf_changed":false,"footnotes":""},"categories":[611],"tags":[],"class_list":["post-9013","post","type-post","status-publish","format-standard","has-post-thumbnail","hentry","category-noticias"],"acf":[],"yoast_head":"<!-- This site is optimized with the Yoast SEO plugin v27.2 - https:\/\/yoast.com\/product\/yoast-seo-wordpress\/ -->\n<title>Portas de acesso ao Santu\u00e1rio Sa\u00fade e Paz s\u00e3o dedicadas a alguns Santos<\/title>\n<meta name=\"description\" content=\"Voc\u00ea sabia que as portas laterais do Santu\u00e1rio Arquidiocesano da Sa\u00fade e da Paz s\u00e3o dedicadas a alguns Santos? J\u00e1 contamos aqui no site que as portas da entrada principal da igreja s\u00e3o dedicadas \u00e0 Sant\u00edssima Trindade (leia aqui), agora vamos falar sobre as entradas das naves laterais do templo.\" \/>\n<meta name=\"robots\" content=\"index, follow, max-snippet:-1, max-image-preview:large, max-video-preview:-1\" \/>\n<link rel=\"canonical\" href=\"https:\/\/www.padreeustaquio.com.br\/es\/las-puertas-de-entrada-al-santuario-de-la-salud-y-la-paz-estan-dedicadas-a-varios-santos\/\" \/>\n<meta property=\"og:locale\" content=\"es_ES\" \/>\n<meta property=\"og:type\" content=\"article\" \/>\n<meta property=\"og:title\" content=\"Portas de acesso ao Santu\u00e1rio Sa\u00fade e Paz s\u00e3o dedicadas a alguns Santos\" \/>\n<meta property=\"og:description\" content=\"Voc\u00ea sabia que as portas laterais do Santu\u00e1rio Arquidiocesano da Sa\u00fade e da Paz s\u00e3o dedicadas a alguns Santos? J\u00e1 contamos aqui no site que as portas da entrada principal da igreja s\u00e3o dedicadas \u00e0 Sant\u00edssima Trindade (leia aqui), agora vamos falar sobre as entradas das naves laterais do templo.\" \/>\n<meta property=\"og:url\" content=\"https:\/\/www.padreeustaquio.com.br\/es\/las-puertas-de-entrada-al-santuario-de-la-salud-y-la-paz-estan-dedicadas-a-varios-santos\/\" \/>\n<meta property=\"og:site_name\" content=\"Padre Eust\u00e1quio\" \/>\n<meta property=\"article:publisher\" content=\"https:\/\/www.facebook.com\/beatopadreeustaquio\/\" \/>\n<meta property=\"article:published_time\" content=\"2022-07-22T09:32:00+00:00\" \/>\n<meta property=\"og:image\" content=\"https:\/\/www.padreeustaquio.com.br\/wp-content\/uploads\/2022\/07\/portas-igreja.jpg\" \/>\n\t<meta property=\"og:image:width\" content=\"748\" \/>\n\t<meta property=\"og:image:height\" content=\"394\" \/>\n\t<meta property=\"og:image:type\" content=\"image\/jpeg\" \/>\n<meta name=\"author\" content=\"@sscc\" \/>\n<meta name=\"twitter:card\" content=\"summary_large_image\" \/>\n<meta name=\"twitter:creator\" content=\"@beatopeustaquio\" \/>\n<meta name=\"twitter:site\" content=\"@beatopeustaquio\" \/>\n<meta name=\"twitter:label1\" content=\"Escrito por\" \/>\n\t<meta name=\"twitter:data1\" content=\"@sscc\" \/>\n\t<meta name=\"twitter:label2\" content=\"Tiempo de lectura\" \/>\n\t<meta name=\"twitter:data2\" content=\"2 minutos\" \/>\n<script type=\"application\/ld+json\" class=\"yoast-schema-graph\">{\"@context\":\"https:\/\/schema.org\",\"@graph\":[{\"@type\":\"Article\",\"@id\":\"https:\/\/www.padreeustaquio.com.br\/portas-de-acesso-ao-santuario-saude-e-paz-sao-dedicadas-a-alguns-santos\/#article\",\"isPartOf\":{\"@id\":\"https:\/\/www.padreeustaquio.com.br\/portas-de-acesso-ao-santuario-saude-e-paz-sao-dedicadas-a-alguns-santos\/\"},\"author\":{\"name\":\"@sscc\",\"@id\":\"https:\/\/www.padreeustaquio.com.br\/#\/schema\/person\/a2a51db1d00f1a7af0204a0f1ddb1566\"},\"headline\":\"Portas de acesso ao Santu\u00e1rio Sa\u00fade e Paz s\u00e3o dedicadas a alguns Santos\",\"datePublished\":\"2022-07-22T09:32:00+00:00\",\"mainEntityOfPage\":{\"@id\":\"https:\/\/www.padreeustaquio.com.br\/portas-de-acesso-ao-santuario-saude-e-paz-sao-dedicadas-a-alguns-santos\/\"},\"wordCount\":311,\"commentCount\":0,\"publisher\":{\"@id\":\"https:\/\/www.padreeustaquio.com.br\/#organization\"},\"image\":{\"@id\":\"https:\/\/www.padreeustaquio.com.br\/portas-de-acesso-ao-santuario-saude-e-paz-sao-dedicadas-a-alguns-santos\/#primaryimage\"},\"thumbnailUrl\":\"https:\/\/www.padreeustaquio.com.br\/wp-content\/uploads\/2022\/07\/portas-igreja.jpg\",\"articleSection\":[\"Not\u00edcias\"],\"inLanguage\":\"es\",\"potentialAction\":[{\"@type\":\"CommentAction\",\"name\":\"Comment\",\"target\":[\"https:\/\/www.padreeustaquio.com.br\/portas-de-acesso-ao-santuario-saude-e-paz-sao-dedicadas-a-alguns-santos\/#respond\"]}]},{\"@type\":\"WebPage\",\"@id\":\"https:\/\/www.padreeustaquio.com.br\/portas-de-acesso-ao-santuario-saude-e-paz-sao-dedicadas-a-alguns-santos\/\",\"url\":\"https:\/\/www.padreeustaquio.com.br\/portas-de-acesso-ao-santuario-saude-e-paz-sao-dedicadas-a-alguns-santos\/\",\"name\":\"Portas de acesso ao Santu\u00e1rio Sa\u00fade e Paz s\u00e3o dedicadas a alguns Santos\",\"isPartOf\":{\"@id\":\"https:\/\/www.padreeustaquio.com.br\/#website\"},\"primaryImageOfPage\":{\"@id\":\"https:\/\/www.padreeustaquio.com.br\/portas-de-acesso-ao-santuario-saude-e-paz-sao-dedicadas-a-alguns-santos\/#primaryimage\"},\"image\":{\"@id\":\"https:\/\/www.padreeustaquio.com.br\/portas-de-acesso-ao-santuario-saude-e-paz-sao-dedicadas-a-alguns-santos\/#primaryimage\"},\"thumbnailUrl\":\"https:\/\/www.padreeustaquio.com.br\/wp-content\/uploads\/2022\/07\/portas-igreja.jpg\",\"datePublished\":\"2022-07-22T09:32:00+00:00\",\"description\":\"Voc\u00ea sabia que as portas laterais do Santu\u00e1rio Arquidiocesano da Sa\u00fade e da Paz s\u00e3o dedicadas a alguns Santos? J\u00e1 contamos aqui no site que as portas da entrada principal da igreja s\u00e3o dedicadas \u00e0 Sant\u00edssima Trindade (leia aqui), agora vamos falar sobre as entradas das naves laterais do templo.\",\"breadcrumb\":{\"@id\":\"https:\/\/www.padreeustaquio.com.br\/portas-de-acesso-ao-santuario-saude-e-paz-sao-dedicadas-a-alguns-santos\/#breadcrumb\"},\"inLanguage\":\"es\",\"potentialAction\":[{\"@type\":\"ReadAction\",\"target\":[\"https:\/\/www.padreeustaquio.com.br\/portas-de-acesso-ao-santuario-saude-e-paz-sao-dedicadas-a-alguns-santos\/\"]}]},{\"@type\":\"ImageObject\",\"inLanguage\":\"es\",\"@id\":\"https:\/\/www.padreeustaquio.com.br\/portas-de-acesso-ao-santuario-saude-e-paz-sao-dedicadas-a-alguns-santos\/#primaryimage\",\"url\":\"https:\/\/www.padreeustaquio.com.br\/wp-content\/uploads\/2022\/07\/portas-igreja.jpg\",\"contentUrl\":\"https:\/\/www.padreeustaquio.com.br\/wp-content\/uploads\/2022\/07\/portas-igreja.jpg\",\"width\":748,\"height\":394,\"caption\":\"Porta de Santo Ant\u00f4nio e de S\u00e3o Domingos, na nave lateral direita do Santu\u00e1rio.\"},{\"@type\":\"BreadcrumbList\",\"@id\":\"https:\/\/www.padreeustaquio.com.br\/portas-de-acesso-ao-santuario-saude-e-paz-sao-dedicadas-a-alguns-santos\/#breadcrumb\",\"itemListElement\":[{\"@type\":\"ListItem\",\"position\":1,\"name\":\"In\u00edcio\",\"item\":\"https:\/\/www.padreeustaquio.com.br\/\"},{\"@type\":\"ListItem\",\"position\":2,\"name\":\"Portas de acesso ao Santu\u00e1rio Sa\u00fade e Paz s\u00e3o dedicadas a alguns Santos\"}]},{\"@type\":\"WebSite\",\"@id\":\"https:\/\/www.padreeustaquio.com.br\/#website\",\"url\":\"https:\/\/www.padreeustaquio.com.br\/\",\"name\":\"Padre Eust\u00e1quio\",\"description\":\"Sa\u00fade e Paz\",\"publisher\":{\"@id\":\"https:\/\/www.padreeustaquio.com.br\/#organization\"},\"potentialAction\":[{\"@type\":\"SearchAction\",\"target\":{\"@type\":\"EntryPoint\",\"urlTemplate\":\"https:\/\/www.padreeustaquio.com.br\/?s={search_term_string}\"},\"query-input\":{\"@type\":\"PropertyValueSpecification\",\"valueRequired\":true,\"valueName\":\"search_term_string\"}}],\"inLanguage\":\"es\"},{\"@type\":\"Organization\",\"@id\":\"https:\/\/www.padreeustaquio.com.br\/#organization\",\"name\":\"Padre Eust\u00e1quio\",\"url\":\"https:\/\/www.padreeustaquio.com.br\/\",\"logo\":{\"@type\":\"ImageObject\",\"inLanguage\":\"es\",\"@id\":\"https:\/\/www.padreeustaquio.com.br\/#\/schema\/logo\/image\/\",\"url\":\"https:\/\/www.padreeustaquio.com.br\/wp-content\/uploads\/2019\/08\/marca.png\",\"contentUrl\":\"https:\/\/www.padreeustaquio.com.br\/wp-content\/uploads\/2019\/08\/marca.png\",\"width\":350,\"height\":400,\"caption\":\"Padre Eust\u00e1quio\"},\"image\":{\"@id\":\"https:\/\/www.padreeustaquio.com.br\/#\/schema\/logo\/image\/\"},\"sameAs\":[\"https:\/\/www.facebook.com\/beatopadreeustaquio\/\",\"https:\/\/x.com\/beatopeustaquio\",\"https:\/\/www.instagram.com\/beatopadreeustaquio\/\",\"https:\/\/www.youtube.com\/channel\/UCRhw7vfabnajwLxb1ZXMeIw\"]},{\"@type\":\"Person\",\"@id\":\"https:\/\/www.padreeustaquio.com.br\/#\/schema\/person\/a2a51db1d00f1a7af0204a0f1ddb1566\",\"name\":\"@sscc\",\"image\":{\"@type\":\"ImageObject\",\"inLanguage\":\"es\",\"@id\":\"https:\/\/secure.gravatar.com\/avatar\/68cfafa5f44617fea54071e215026e0ff06be366c3d54a8425f04fdcb86f8c5f?s=96&d=mm&r=g\",\"url\":\"https:\/\/secure.gravatar.com\/avatar\/68cfafa5f44617fea54071e215026e0ff06be366c3d54a8425f04fdcb86f8c5f?s=96&d=mm&r=g\",\"contentUrl\":\"https:\/\/secure.gravatar.com\/avatar\/68cfafa5f44617fea54071e215026e0ff06be366c3d54a8425f04fdcb86f8c5f?s=96&d=mm&r=g\",\"caption\":\"@sscc\"},\"url\":\"https:\/\/www.padreeustaquio.com.br\/es\/author\/sscc\/\"}]}<\/script>\n<!-- \/ Yoast SEO plugin. -->","yoast_head_json":{"title":"Las puertas de entrada al Santuario de Salud y Paz est\u00e1n dedicadas a varios Santos.","description":"\u00bfSab\u00edas que las puertas laterales del Santuario Arquidiocesano de la Salud y la Paz est\u00e1n dedicadas a ciertos santos? Ya mencionamos en este sitio web que las puertas de la entrada principal de la iglesia est\u00e1n dedicadas a la Sant\u00edsima Trinidad (lee aqu\u00ed). Ahora hablemos de las entradas a las naves laterales del templo.","robots":{"index":"index","follow":"follow","max-snippet":"max-snippet:-1","max-image-preview":"max-image-preview:large","max-video-preview":"max-video-preview:-1"},"canonical":"https:\/\/www.padreeustaquio.com.br\/es\/las-puertas-de-entrada-al-santuario-de-la-salud-y-la-paz-estan-dedicadas-a-varios-santos\/","og_locale":"es_ES","og_type":"article","og_title":"Portas de acesso ao Santu\u00e1rio Sa\u00fade e Paz s\u00e3o dedicadas a alguns Santos","og_description":"Voc\u00ea sabia que as portas laterais do Santu\u00e1rio Arquidiocesano da Sa\u00fade e da Paz s\u00e3o dedicadas a alguns Santos? J\u00e1 contamos aqui no site que as portas da entrada principal da igreja s\u00e3o dedicadas \u00e0 Sant\u00edssima Trindade (leia aqui), agora vamos falar sobre as entradas das naves laterais do templo.","og_url":"https:\/\/www.padreeustaquio.com.br\/es\/las-puertas-de-entrada-al-santuario-de-la-salud-y-la-paz-estan-dedicadas-a-varios-santos\/","og_site_name":"Padre Eust\u00e1quio","article_publisher":"https:\/\/www.facebook.com\/beatopadreeustaquio\/","article_published_time":"2022-07-22T09:32:00+00:00","og_image":[{"width":748,"height":394,"url":"https:\/\/www.padreeustaquio.com.br\/wp-content\/uploads\/2022\/07\/portas-igreja.jpg","type":"image\/jpeg"}],"author":"@sscc","twitter_card":"summary_large_image","twitter_creator":"@beatopeustaquio","twitter_site":"@beatopeustaquio","twitter_misc":{"Escrito por":"@sscc","Tiempo de lectura":"2 minutos"},"schema":{"@context":"https:\/\/schema.org","@graph":[{"@type":"Article","@id":"https:\/\/www.padreeustaquio.com.br\/portas-de-acesso-ao-santuario-saude-e-paz-sao-dedicadas-a-alguns-santos\/#article","isPartOf":{"@id":"https:\/\/www.padreeustaquio.com.br\/portas-de-acesso-ao-santuario-saude-e-paz-sao-dedicadas-a-alguns-santos\/"},"author":{"name":"@sscc","@id":"https:\/\/www.padreeustaquio.com.br\/#\/schema\/person\/a2a51db1d00f1a7af0204a0f1ddb1566"},"headline":"Portas de acesso ao Santu\u00e1rio Sa\u00fade e Paz s\u00e3o dedicadas a alguns Santos","datePublished":"2022-07-22T09:32:00+00:00","mainEntityOfPage":{"@id":"https:\/\/www.padreeustaquio.com.br\/portas-de-acesso-ao-santuario-saude-e-paz-sao-dedicadas-a-alguns-santos\/"},"wordCount":311,"commentCount":0,"publisher":{"@id":"https:\/\/www.padreeustaquio.com.br\/#organization"},"image":{"@id":"https:\/\/www.padreeustaquio.com.br\/portas-de-acesso-ao-santuario-saude-e-paz-sao-dedicadas-a-alguns-santos\/#primaryimage"},"thumbnailUrl":"https:\/\/www.padreeustaquio.com.br\/wp-content\/uploads\/2022\/07\/portas-igreja.jpg","articleSection":["Not\u00edcias"],"inLanguage":"es","potentialAction":[{"@type":"CommentAction","name":"Comment","target":["https:\/\/www.padreeustaquio.com.br\/portas-de-acesso-ao-santuario-saude-e-paz-sao-dedicadas-a-alguns-santos\/#respond"]}]},{"@type":"WebPage","@id":"https:\/\/www.padreeustaquio.com.br\/portas-de-acesso-ao-santuario-saude-e-paz-sao-dedicadas-a-alguns-santos\/","url":"https:\/\/www.padreeustaquio.com.br\/portas-de-acesso-ao-santuario-saude-e-paz-sao-dedicadas-a-alguns-santos\/","name":"Las puertas de entrada al Santuario de Salud y Paz est\u00e1n dedicadas a varios Santos.","isPartOf":{"@id":"https:\/\/www.padreeustaquio.com.br\/#website"},"primaryImageOfPage":{"@id":"https:\/\/www.padreeustaquio.com.br\/portas-de-acesso-ao-santuario-saude-e-paz-sao-dedicadas-a-alguns-santos\/#primaryimage"},"image":{"@id":"https:\/\/www.padreeustaquio.com.br\/portas-de-acesso-ao-santuario-saude-e-paz-sao-dedicadas-a-alguns-santos\/#primaryimage"},"thumbnailUrl":"https:\/\/www.padreeustaquio.com.br\/wp-content\/uploads\/2022\/07\/portas-igreja.jpg","datePublished":"2022-07-22T09:32:00+00:00","description":"\u00bfSab\u00edas que las puertas laterales del Santuario Arquidiocesano de la Salud y la Paz est\u00e1n dedicadas a ciertos santos? Ya mencionamos en este sitio web que las puertas de la entrada principal de la iglesia est\u00e1n dedicadas a la Sant\u00edsima Trinidad (lee aqu\u00ed). Ahora hablemos de las entradas a las naves laterales del templo.","breadcrumb":{"@id":"https:\/\/www.padreeustaquio.com.br\/portas-de-acesso-ao-santuario-saude-e-paz-sao-dedicadas-a-alguns-santos\/#breadcrumb"},"inLanguage":"es","potentialAction":[{"@type":"ReadAction","target":["https:\/\/www.padreeustaquio.com.br\/portas-de-acesso-ao-santuario-saude-e-paz-sao-dedicadas-a-alguns-santos\/"]}]},{"@type":"ImageObject","inLanguage":"es","@id":"https:\/\/www.padreeustaquio.com.br\/portas-de-acesso-ao-santuario-saude-e-paz-sao-dedicadas-a-alguns-santos\/#primaryimage","url":"https:\/\/www.padreeustaquio.com.br\/wp-content\/uploads\/2022\/07\/portas-igreja.jpg","contentUrl":"https:\/\/www.padreeustaquio.com.br\/wp-content\/uploads\/2022\/07\/portas-igreja.jpg","width":748,"height":394,"caption":"Porta de Santo Ant\u00f4nio e de S\u00e3o Domingos, na nave lateral direita do Santu\u00e1rio."},{"@type":"BreadcrumbList","@id":"https:\/\/www.padreeustaquio.com.br\/portas-de-acesso-ao-santuario-saude-e-paz-sao-dedicadas-a-alguns-santos\/#breadcrumb","itemListElement":[{"@type":"ListItem","position":1,"name":"In\u00edcio","item":"https:\/\/www.padreeustaquio.com.br\/"},{"@type":"ListItem","position":2,"name":"Portas de acesso ao Santu\u00e1rio Sa\u00fade e Paz s\u00e3o dedicadas a alguns Santos"}]},{"@type":"WebSite","@id":"https:\/\/www.padreeustaquio.com.br\/#website","url":"https:\/\/www.padreeustaquio.com.br\/","name":"Padre Eustace","description":"Salud y Paz","publisher":{"@id":"https:\/\/www.padreeustaquio.com.br\/#organization"},"potentialAction":[{"@type":"SearchAction","target":{"@type":"EntryPoint","urlTemplate":"https:\/\/www.padreeustaquio.com.br\/?s={search_term_string}"},"query-input":{"@type":"PropertyValueSpecification","valueRequired":true,"valueName":"search_term_string"}}],"inLanguage":"es"},{"@type":"Organization","@id":"https:\/\/www.padreeustaquio.com.br\/#organization","name":"Padre Eustace","url":"https:\/\/www.padreeustaquio.com.br\/","logo":{"@type":"ImageObject","inLanguage":"es","@id":"https:\/\/www.padreeustaquio.com.br\/#\/schema\/logo\/image\/","url":"https:\/\/www.padreeustaquio.com.br\/wp-content\/uploads\/2019\/08\/marca.png","contentUrl":"https:\/\/www.padreeustaquio.com.br\/wp-content\/uploads\/2019\/08\/marca.png","width":350,"height":400,"caption":"Padre Eust\u00e1quio"},"image":{"@id":"https:\/\/www.padreeustaquio.com.br\/#\/schema\/logo\/image\/"},"sameAs":["https:\/\/www.facebook.com\/beatopadreeustaquio\/","https:\/\/x.com\/beatopeustaquio","https:\/\/www.instagram.com\/beatopadreeustaquio\/","https:\/\/www.youtube.com\/channel\/UCRhw7vfabnajwLxb1ZXMeIw"]},{"@type":"Person","@id":"https:\/\/www.padreeustaquio.com.br\/#\/schema\/person\/a2a51db1d00f1a7af0204a0f1ddb1566","name":"@sscc","image":{"@type":"ImageObject","inLanguage":"es","@id":"https:\/\/secure.gravatar.com\/avatar\/68cfafa5f44617fea54071e215026e0ff06be366c3d54a8425f04fdcb86f8c5f?s=96&d=mm&r=g","url":"https:\/\/secure.gravatar.com\/avatar\/68cfafa5f44617fea54071e215026e0ff06be366c3d54a8425f04fdcb86f8c5f?s=96&d=mm&r=g","contentUrl":"https:\/\/secure.gravatar.com\/avatar\/68cfafa5f44617fea54071e215026e0ff06be366c3d54a8425f04fdcb86f8c5f?s=96&d=mm&r=g","caption":"@sscc"},"url":"https:\/\/www.padreeustaquio.com.br\/es\/author\/sscc\/"}]}},"_links":{"self":[{"href":"https:\/\/www.padreeustaquio.com.br\/es\/wp-json\/wp\/v2\/posts\/9013","targetHints":{"allow":["GET"]}}],"collection":[{"href":"https:\/\/www.padreeustaquio.com.br\/es\/wp-json\/wp\/v2\/posts"}],"about":[{"href":"https:\/\/www.padreeustaquio.com.br\/es\/wp-json\/wp\/v2\/types\/post"}],"author":[{"embeddable":true,"href":"https:\/\/www.padreeustaquio.com.br\/es\/wp-json\/wp\/v2\/users\/2"}],"replies":[{"embeddable":true,"href":"https:\/\/www.padreeustaquio.com.br\/es\/wp-json\/wp\/v2\/comments?post=9013"}],"version-history":[{"count":0,"href":"https:\/\/www.padreeustaquio.com.br\/es\/wp-json\/wp\/v2\/posts\/9013\/revisions"}],"wp:featuredmedia":[{"embeddable":true,"href":"https:\/\/www.padreeustaquio.com.br\/es\/wp-json\/wp\/v2\/media\/9014"}],"wp:attachment":[{"href":"https:\/\/www.padreeustaquio.com.br\/es\/wp-json\/wp\/v2\/media?parent=9013"}],"wp:term":[{"taxonomy":"category","embeddable":true,"href":"https:\/\/www.padreeustaquio.com.br\/es\/wp-json\/wp\/v2\/categories?post=9013"},{"taxonomy":"post_tag","embeddable":true,"href":"https:\/\/www.padreeustaquio.com.br\/es\/wp-json\/wp\/v2\/tags?post=9013"}],"curies":[{"name":"wp","href":"https:\/\/api.w.org\/{rel}","templated":true}]}}