{"id":9009,"date":"2022-07-21T09:40:35","date_gmt":"2022-07-21T12:40:35","guid":{"rendered":"https:\/\/www.padreeustaquio.com.br\/?p=9009"},"modified":"2022-07-21T10:34:37","modified_gmt":"2022-07-21T13:34:37","slug":"el-rector-se-reune-con-la-policia-para-discutir-la-seguridad-de-la-fiesta-del-padre-eustaquio","status":"publish","type":"post","link":"https:\/\/www.padreeustaquio.com.br\/es\/el-rector-se-reune-con-la-policia-para-discutir-la-seguridad-de-la-fiesta-del-padre-eustaquio\/","title":{"rendered":"Rector de la Universidad se re\u00fane con polic\u00eda para abordar seguridad del Festival Padre Eust\u00e1quio."},"content":{"rendered":"<p>El rector del Santuario Arquidiocesano de Salud y Paz, Padre Vin\u00edcius Maciel, ss.cc., se reuni\u00f3 esta semana con el Teniente Carlos de la Polic\u00eda Militar para hablar sobre la seguridad de los devotos durante la festividad del Beato Padre Eust\u00e1quio de este a\u00f1o. La idea es garantizar que todos se sientan bienvenidos y seguros para rezar y rendir homenaje al Beato.<\/p>\n\n\n\n<p>La Polic\u00eda Militar de Minas Gerais, con una presencia significativa, lleva muchos a\u00f1os apoyando a la Iglesia del Beato Padre Eust\u00e1quio para que sus festividades se celebren de la forma m\u00e1s segura y pac\u00edfica posible. Esta vez no fue la excepci\u00f3n; el Teniente Carlos, uno de los responsables de la vigilancia en la zona del Santuario, estuvo en la iglesia esta semana para coordinar el trabajo del Primer Ministro con el programa del festival.<\/p>\n\n\n\n<p>El Teniente recibi\u00f3 informaci\u00f3n sobre toda la programaci\u00f3n que se est\u00e1 preparando, adem\u00e1s de brindar orientaci\u00f3n para mejorar la seguridad durante la organizaci\u00f3n de las festividades. Seg\u00fan \u00e9l, adem\u00e1s de la base m\u00f3vil de la polic\u00eda que ya refuerza la vigilancia diaria frente al Santuario, la idea es contar con dos patrullas presentes en todo momento durante el d\u00eda 30, cuando hay mayor afluencia de devotos.<\/p>\n\n\n\n<p>Tras dos a\u00f1os celebrando el festival de forma m\u00e1s restringida debido a la pandemia, el Santuario mantendr\u00e1 la cautela en el regreso a las actividades, celebrando la tradicional fiesta del Sant\u00edsimo en un espacio m\u00e1s privado. Por lo tanto, no habr\u00e1 puestos al aire libre.<\/p>\n\n\n\n<p><\/p>","protected":false},"excerpt":{"rendered":"<p>O reitor do Santu\u00e1rio Arquidiocesano da Sa\u00fade e da Paz, o Padre Vin\u00edcius Maciel, ss.cc., se reuniu esta semana com o Tenente Carlos, da Pol\u00edcia Militar para tratar da seguran\u00e7a dos devotos durante a Festa do Beato Padre Eust\u00e1quio este ano. A ideia \u00e9 garantir que todos se sintam acolhidos e seguros para rezar e prestar homenagens ao Beato. Presen\u00e7a importante, a Pol\u00edcia Militar de Minas Gerais, vem ao longo dos anos auxiliando a Igreja do Beato Padre Eust\u00e1quio a realizar as festas da maneira mais segura e tranquila. Desta vez, n\u00e3o diferente, um dos respons\u00e1veis pelo policiamento na regi\u00e3o [&hellip;]<\/p>\n","protected":false},"author":2,"featured_media":9010,"comment_status":"open","ping_status":"closed","sticky":false,"template":"","format":"standard","meta":{"_acf_changed":false,"footnotes":""},"categories":[611],"tags":[],"class_list":["post-9009","post","type-post","status-publish","format-standard","has-post-thumbnail","hentry","category-noticias"],"acf":[],"yoast_head":"<!-- This site is optimized with the Yoast SEO plugin v27.2 - https:\/\/yoast.com\/product\/yoast-seo-wordpress\/ -->\n<title>Reitor se re\u00fane com a PM para tratar da seguran\u00e7a da Festa de Padre Eust\u00e1quio<\/title>\n<meta name=\"description\" content=\"O reitor do Santu\u00e1rio Arquidiocesano da Sa\u00fade e da Paz, o Padre Vin\u00edcius Maciel, ss.cc., se reuniu esta semana com o Tenente Carlos, da Pol\u00edcia Militar para tratar da seguran\u00e7a dos devotos durante a Festa do Beato Padre Eust\u00e1quio este ano. A ideia \u00e9 garantir que todos se sintam acolhidos e seguros para rezar e prestar homenagens ao Beato.\" \/>\n<meta name=\"robots\" content=\"index, follow, max-snippet:-1, max-image-preview:large, max-video-preview:-1\" \/>\n<link rel=\"canonical\" href=\"https:\/\/www.padreeustaquio.com.br\/es\/el-rector-se-reune-con-la-policia-para-discutir-la-seguridad-de-la-fiesta-del-padre-eustaquio\/\" \/>\n<meta property=\"og:locale\" content=\"es_ES\" \/>\n<meta property=\"og:type\" content=\"article\" \/>\n<meta property=\"og:title\" content=\"Reitor se re\u00fane com a PM para tratar da seguran\u00e7a da Festa de Padre Eust\u00e1quio\" \/>\n<meta property=\"og:description\" content=\"O reitor do Santu\u00e1rio Arquidiocesano da Sa\u00fade e da Paz, o Padre Vin\u00edcius Maciel, ss.cc., se reuniu esta semana com o Tenente Carlos, da Pol\u00edcia Militar para tratar da seguran\u00e7a dos devotos durante a Festa do Beato Padre Eust\u00e1quio este ano. A ideia \u00e9 garantir que todos se sintam acolhidos e seguros para rezar e prestar homenagens ao Beato.\" \/>\n<meta property=\"og:url\" content=\"https:\/\/www.padreeustaquio.com.br\/es\/el-rector-se-reune-con-la-policia-para-discutir-la-seguridad-de-la-fiesta-del-padre-eustaquio\/\" \/>\n<meta property=\"og:site_name\" content=\"Padre Eust\u00e1quio\" \/>\n<meta property=\"article:publisher\" content=\"https:\/\/www.facebook.com\/beatopadreeustaquio\/\" \/>\n<meta property=\"article:published_time\" content=\"2022-07-21T12:40:35+00:00\" \/>\n<meta property=\"article:modified_time\" content=\"2022-07-21T13:34:37+00:00\" \/>\n<meta property=\"og:image\" content=\"https:\/\/www.padreeustaquio.com.br\/wp-content\/uploads\/2022\/07\/reuniao-com-PM-e1658407406364.jpeg\" \/>\n\t<meta property=\"og:image:width\" content=\"1280\" \/>\n\t<meta property=\"og:image:height\" content=\"726\" \/>\n\t<meta property=\"og:image:type\" content=\"image\/jpeg\" \/>\n<meta name=\"author\" content=\"@sscc\" \/>\n<meta name=\"twitter:card\" content=\"summary_large_image\" \/>\n<meta name=\"twitter:creator\" content=\"@beatopeustaquio\" \/>\n<meta name=\"twitter:site\" content=\"@beatopeustaquio\" \/>\n<meta name=\"twitter:label1\" content=\"Escrito por\" \/>\n\t<meta name=\"twitter:data1\" content=\"@sscc\" \/>\n\t<meta name=\"twitter:label2\" content=\"Tiempo de lectura\" \/>\n\t<meta name=\"twitter:data2\" content=\"1 minuto\" \/>\n<script type=\"application\/ld+json\" class=\"yoast-schema-graph\">{\"@context\":\"https:\/\/schema.org\",\"@graph\":[{\"@type\":\"Article\",\"@id\":\"https:\/\/www.padreeustaquio.com.br\/reitor-se-reune-com-a-pm-para-tratar-da-seguranca-da-festa-de-padre-eustaquio\/#article\",\"isPartOf\":{\"@id\":\"https:\/\/www.padreeustaquio.com.br\/reitor-se-reune-com-a-pm-para-tratar-da-seguranca-da-festa-de-padre-eustaquio\/\"},\"author\":{\"name\":\"@sscc\",\"@id\":\"https:\/\/www.padreeustaquio.com.br\/#\/schema\/person\/a2a51db1d00f1a7af0204a0f1ddb1566\"},\"headline\":\"Reitor se re\u00fane com a PM para tratar da seguran\u00e7a da Festa de Padre Eust\u00e1quio\",\"datePublished\":\"2022-07-21T12:40:35+00:00\",\"dateModified\":\"2022-07-21T13:34:37+00:00\",\"mainEntityOfPage\":{\"@id\":\"https:\/\/www.padreeustaquio.com.br\/reitor-se-reune-com-a-pm-para-tratar-da-seguranca-da-festa-de-padre-eustaquio\/\"},\"wordCount\":266,\"commentCount\":0,\"publisher\":{\"@id\":\"https:\/\/www.padreeustaquio.com.br\/#organization\"},\"image\":{\"@id\":\"https:\/\/www.padreeustaquio.com.br\/reitor-se-reune-com-a-pm-para-tratar-da-seguranca-da-festa-de-padre-eustaquio\/#primaryimage\"},\"thumbnailUrl\":\"https:\/\/www.padreeustaquio.com.br\/wp-content\/uploads\/2022\/07\/reuniao-com-PM-e1658407406364.jpeg\",\"articleSection\":[\"Not\u00edcias\"],\"inLanguage\":\"es\",\"potentialAction\":[{\"@type\":\"CommentAction\",\"name\":\"Comment\",\"target\":[\"https:\/\/www.padreeustaquio.com.br\/reitor-se-reune-com-a-pm-para-tratar-da-seguranca-da-festa-de-padre-eustaquio\/#respond\"]}]},{\"@type\":\"WebPage\",\"@id\":\"https:\/\/www.padreeustaquio.com.br\/reitor-se-reune-com-a-pm-para-tratar-da-seguranca-da-festa-de-padre-eustaquio\/\",\"url\":\"https:\/\/www.padreeustaquio.com.br\/reitor-se-reune-com-a-pm-para-tratar-da-seguranca-da-festa-de-padre-eustaquio\/\",\"name\":\"Reitor se re\u00fane com a PM para tratar da seguran\u00e7a da Festa de Padre Eust\u00e1quio\",\"isPartOf\":{\"@id\":\"https:\/\/www.padreeustaquio.com.br\/#website\"},\"primaryImageOfPage\":{\"@id\":\"https:\/\/www.padreeustaquio.com.br\/reitor-se-reune-com-a-pm-para-tratar-da-seguranca-da-festa-de-padre-eustaquio\/#primaryimage\"},\"image\":{\"@id\":\"https:\/\/www.padreeustaquio.com.br\/reitor-se-reune-com-a-pm-para-tratar-da-seguranca-da-festa-de-padre-eustaquio\/#primaryimage\"},\"thumbnailUrl\":\"https:\/\/www.padreeustaquio.com.br\/wp-content\/uploads\/2022\/07\/reuniao-com-PM-e1658407406364.jpeg\",\"datePublished\":\"2022-07-21T12:40:35+00:00\",\"dateModified\":\"2022-07-21T13:34:37+00:00\",\"description\":\"O reitor do Santu\u00e1rio Arquidiocesano da Sa\u00fade e da Paz, o Padre Vin\u00edcius Maciel, ss.cc., se reuniu esta semana com o Tenente Carlos, da Pol\u00edcia Militar para tratar da seguran\u00e7a dos devotos durante a Festa do Beato Padre Eust\u00e1quio este ano. A ideia \u00e9 garantir que todos se sintam acolhidos e seguros para rezar e prestar homenagens ao Beato.\",\"breadcrumb\":{\"@id\":\"https:\/\/www.padreeustaquio.com.br\/reitor-se-reune-com-a-pm-para-tratar-da-seguranca-da-festa-de-padre-eustaquio\/#breadcrumb\"},\"inLanguage\":\"es\",\"potentialAction\":[{\"@type\":\"ReadAction\",\"target\":[\"https:\/\/www.padreeustaquio.com.br\/reitor-se-reune-com-a-pm-para-tratar-da-seguranca-da-festa-de-padre-eustaquio\/\"]}]},{\"@type\":\"ImageObject\",\"inLanguage\":\"es\",\"@id\":\"https:\/\/www.padreeustaquio.com.br\/reitor-se-reune-com-a-pm-para-tratar-da-seguranca-da-festa-de-padre-eustaquio\/#primaryimage\",\"url\":\"https:\/\/www.padreeustaquio.com.br\/wp-content\/uploads\/2022\/07\/reuniao-com-PM-e1658407406364.jpeg\",\"contentUrl\":\"https:\/\/www.padreeustaquio.com.br\/wp-content\/uploads\/2022\/07\/reuniao-com-PM-e1658407406364.jpeg\",\"width\":1280,\"height\":726,\"caption\":\"Luis Philipp Andrade, um dos volunt\u00e1rios da Festa; Padre Vinicius e o Ten. Carlos, da PM\"},{\"@type\":\"BreadcrumbList\",\"@id\":\"https:\/\/www.padreeustaquio.com.br\/reitor-se-reune-com-a-pm-para-tratar-da-seguranca-da-festa-de-padre-eustaquio\/#breadcrumb\",\"itemListElement\":[{\"@type\":\"ListItem\",\"position\":1,\"name\":\"In\u00edcio\",\"item\":\"https:\/\/www.padreeustaquio.com.br\/\"},{\"@type\":\"ListItem\",\"position\":2,\"name\":\"Reitor se re\u00fane com a PM para tratar da seguran\u00e7a da Festa de Padre Eust\u00e1quio\"}]},{\"@type\":\"WebSite\",\"@id\":\"https:\/\/www.padreeustaquio.com.br\/#website\",\"url\":\"https:\/\/www.padreeustaquio.com.br\/\",\"name\":\"Padre Eust\u00e1quio\",\"description\":\"Sa\u00fade e Paz\",\"publisher\":{\"@id\":\"https:\/\/www.padreeustaquio.com.br\/#organization\"},\"potentialAction\":[{\"@type\":\"SearchAction\",\"target\":{\"@type\":\"EntryPoint\",\"urlTemplate\":\"https:\/\/www.padreeustaquio.com.br\/?s={search_term_string}\"},\"query-input\":{\"@type\":\"PropertyValueSpecification\",\"valueRequired\":true,\"valueName\":\"search_term_string\"}}],\"inLanguage\":\"es\"},{\"@type\":\"Organization\",\"@id\":\"https:\/\/www.padreeustaquio.com.br\/#organization\",\"name\":\"Padre Eust\u00e1quio\",\"url\":\"https:\/\/www.padreeustaquio.com.br\/\",\"logo\":{\"@type\":\"ImageObject\",\"inLanguage\":\"es\",\"@id\":\"https:\/\/www.padreeustaquio.com.br\/#\/schema\/logo\/image\/\",\"url\":\"https:\/\/www.padreeustaquio.com.br\/wp-content\/uploads\/2019\/08\/marca.png\",\"contentUrl\":\"https:\/\/www.padreeustaquio.com.br\/wp-content\/uploads\/2019\/08\/marca.png\",\"width\":350,\"height\":400,\"caption\":\"Padre Eust\u00e1quio\"},\"image\":{\"@id\":\"https:\/\/www.padreeustaquio.com.br\/#\/schema\/logo\/image\/\"},\"sameAs\":[\"https:\/\/www.facebook.com\/beatopadreeustaquio\/\",\"https:\/\/x.com\/beatopeustaquio\",\"https:\/\/www.instagram.com\/beatopadreeustaquio\/\",\"https:\/\/www.youtube.com\/channel\/UCRhw7vfabnajwLxb1ZXMeIw\"]},{\"@type\":\"Person\",\"@id\":\"https:\/\/www.padreeustaquio.com.br\/#\/schema\/person\/a2a51db1d00f1a7af0204a0f1ddb1566\",\"name\":\"@sscc\",\"image\":{\"@type\":\"ImageObject\",\"inLanguage\":\"es\",\"@id\":\"https:\/\/secure.gravatar.com\/avatar\/68cfafa5f44617fea54071e215026e0ff06be366c3d54a8425f04fdcb86f8c5f?s=96&d=mm&r=g\",\"url\":\"https:\/\/secure.gravatar.com\/avatar\/68cfafa5f44617fea54071e215026e0ff06be366c3d54a8425f04fdcb86f8c5f?s=96&d=mm&r=g\",\"contentUrl\":\"https:\/\/secure.gravatar.com\/avatar\/68cfafa5f44617fea54071e215026e0ff06be366c3d54a8425f04fdcb86f8c5f?s=96&d=mm&r=g\",\"caption\":\"@sscc\"},\"url\":\"https:\/\/www.padreeustaquio.com.br\/es\/author\/sscc\/\"}]}<\/script>\n<!-- \/ Yoast SEO plugin. -->","yoast_head_json":{"title":"Rector de la Universidad se re\u00fane con polic\u00eda para abordar seguridad del Festival Padre Eust\u00e1quio.","description":"El rector del Santuario Arquidiocesano de Salud y Paz, Padre Vin\u00edcius Maciel, ss.cc., se reuni\u00f3 esta semana con el Teniente Carlos de la Polic\u00eda Militar para hablar sobre la seguridad de los devotos durante la festividad del Beato Padre Eust\u00e1quio de este a\u00f1o. La idea es garantizar que todos se sientan bienvenidos y seguros para rezar y rendir homenaje al Beato.","robots":{"index":"index","follow":"follow","max-snippet":"max-snippet:-1","max-image-preview":"max-image-preview:large","max-video-preview":"max-video-preview:-1"},"canonical":"https:\/\/www.padreeustaquio.com.br\/es\/el-rector-se-reune-con-la-policia-para-discutir-la-seguridad-de-la-fiesta-del-padre-eustaquio\/","og_locale":"es_ES","og_type":"article","og_title":"Reitor se re\u00fane com a PM para tratar da seguran\u00e7a da Festa de Padre Eust\u00e1quio","og_description":"O reitor do Santu\u00e1rio Arquidiocesano da Sa\u00fade e da Paz, o Padre Vin\u00edcius Maciel, ss.cc., se reuniu esta semana com o Tenente Carlos, da Pol\u00edcia Militar para tratar da seguran\u00e7a dos devotos durante a Festa do Beato Padre Eust\u00e1quio este ano. A ideia \u00e9 garantir que todos se sintam acolhidos e seguros para rezar e prestar homenagens ao Beato.","og_url":"https:\/\/www.padreeustaquio.com.br\/es\/el-rector-se-reune-con-la-policia-para-discutir-la-seguridad-de-la-fiesta-del-padre-eustaquio\/","og_site_name":"Padre Eust\u00e1quio","article_publisher":"https:\/\/www.facebook.com\/beatopadreeustaquio\/","article_published_time":"2022-07-21T12:40:35+00:00","article_modified_time":"2022-07-21T13:34:37+00:00","og_image":[{"width":1280,"height":726,"url":"https:\/\/www.padreeustaquio.com.br\/wp-content\/uploads\/2022\/07\/reuniao-com-PM-e1658407406364.jpeg","type":"image\/jpeg"}],"author":"@sscc","twitter_card":"summary_large_image","twitter_creator":"@beatopeustaquio","twitter_site":"@beatopeustaquio","twitter_misc":{"Escrito por":"@sscc","Tiempo de lectura":"1 minuto"},"schema":{"@context":"https:\/\/schema.org","@graph":[{"@type":"Article","@id":"https:\/\/www.padreeustaquio.com.br\/reitor-se-reune-com-a-pm-para-tratar-da-seguranca-da-festa-de-padre-eustaquio\/#article","isPartOf":{"@id":"https:\/\/www.padreeustaquio.com.br\/reitor-se-reune-com-a-pm-para-tratar-da-seguranca-da-festa-de-padre-eustaquio\/"},"author":{"name":"@sscc","@id":"https:\/\/www.padreeustaquio.com.br\/#\/schema\/person\/a2a51db1d00f1a7af0204a0f1ddb1566"},"headline":"Reitor se re\u00fane com a PM para tratar da seguran\u00e7a da Festa de Padre Eust\u00e1quio","datePublished":"2022-07-21T12:40:35+00:00","dateModified":"2022-07-21T13:34:37+00:00","mainEntityOfPage":{"@id":"https:\/\/www.padreeustaquio.com.br\/reitor-se-reune-com-a-pm-para-tratar-da-seguranca-da-festa-de-padre-eustaquio\/"},"wordCount":266,"commentCount":0,"publisher":{"@id":"https:\/\/www.padreeustaquio.com.br\/#organization"},"image":{"@id":"https:\/\/www.padreeustaquio.com.br\/reitor-se-reune-com-a-pm-para-tratar-da-seguranca-da-festa-de-padre-eustaquio\/#primaryimage"},"thumbnailUrl":"https:\/\/www.padreeustaquio.com.br\/wp-content\/uploads\/2022\/07\/reuniao-com-PM-e1658407406364.jpeg","articleSection":["Not\u00edcias"],"inLanguage":"es","potentialAction":[{"@type":"CommentAction","name":"Comment","target":["https:\/\/www.padreeustaquio.com.br\/reitor-se-reune-com-a-pm-para-tratar-da-seguranca-da-festa-de-padre-eustaquio\/#respond"]}]},{"@type":"WebPage","@id":"https:\/\/www.padreeustaquio.com.br\/reitor-se-reune-com-a-pm-para-tratar-da-seguranca-da-festa-de-padre-eustaquio\/","url":"https:\/\/www.padreeustaquio.com.br\/reitor-se-reune-com-a-pm-para-tratar-da-seguranca-da-festa-de-padre-eustaquio\/","name":"Rector de la Universidad se re\u00fane con polic\u00eda para abordar seguridad del Festival Padre Eust\u00e1quio.","isPartOf":{"@id":"https:\/\/www.padreeustaquio.com.br\/#website"},"primaryImageOfPage":{"@id":"https:\/\/www.padreeustaquio.com.br\/reitor-se-reune-com-a-pm-para-tratar-da-seguranca-da-festa-de-padre-eustaquio\/#primaryimage"},"image":{"@id":"https:\/\/www.padreeustaquio.com.br\/reitor-se-reune-com-a-pm-para-tratar-da-seguranca-da-festa-de-padre-eustaquio\/#primaryimage"},"thumbnailUrl":"https:\/\/www.padreeustaquio.com.br\/wp-content\/uploads\/2022\/07\/reuniao-com-PM-e1658407406364.jpeg","datePublished":"2022-07-21T12:40:35+00:00","dateModified":"2022-07-21T13:34:37+00:00","description":"El rector del Santuario Arquidiocesano de Salud y Paz, Padre Vin\u00edcius Maciel, ss.cc., se reuni\u00f3 esta semana con el Teniente Carlos de la Polic\u00eda Militar para hablar sobre la seguridad de los devotos durante la festividad del Beato Padre Eust\u00e1quio de este a\u00f1o. La idea es garantizar que todos se sientan bienvenidos y seguros para rezar y rendir homenaje al Beato.","breadcrumb":{"@id":"https:\/\/www.padreeustaquio.com.br\/reitor-se-reune-com-a-pm-para-tratar-da-seguranca-da-festa-de-padre-eustaquio\/#breadcrumb"},"inLanguage":"es","potentialAction":[{"@type":"ReadAction","target":["https:\/\/www.padreeustaquio.com.br\/reitor-se-reune-com-a-pm-para-tratar-da-seguranca-da-festa-de-padre-eustaquio\/"]}]},{"@type":"ImageObject","inLanguage":"es","@id":"https:\/\/www.padreeustaquio.com.br\/reitor-se-reune-com-a-pm-para-tratar-da-seguranca-da-festa-de-padre-eustaquio\/#primaryimage","url":"https:\/\/www.padreeustaquio.com.br\/wp-content\/uploads\/2022\/07\/reuniao-com-PM-e1658407406364.jpeg","contentUrl":"https:\/\/www.padreeustaquio.com.br\/wp-content\/uploads\/2022\/07\/reuniao-com-PM-e1658407406364.jpeg","width":1280,"height":726,"caption":"Luis Philipp Andrade, um dos volunt\u00e1rios da Festa; Padre Vinicius e o Ten. Carlos, da PM"},{"@type":"BreadcrumbList","@id":"https:\/\/www.padreeustaquio.com.br\/reitor-se-reune-com-a-pm-para-tratar-da-seguranca-da-festa-de-padre-eustaquio\/#breadcrumb","itemListElement":[{"@type":"ListItem","position":1,"name":"In\u00edcio","item":"https:\/\/www.padreeustaquio.com.br\/"},{"@type":"ListItem","position":2,"name":"Reitor se re\u00fane com a PM para tratar da seguran\u00e7a da Festa de Padre Eust\u00e1quio"}]},{"@type":"WebSite","@id":"https:\/\/www.padreeustaquio.com.br\/#website","url":"https:\/\/www.padreeustaquio.com.br\/","name":"Padre Eustace","description":"Salud y Paz","publisher":{"@id":"https:\/\/www.padreeustaquio.com.br\/#organization"},"potentialAction":[{"@type":"SearchAction","target":{"@type":"EntryPoint","urlTemplate":"https:\/\/www.padreeustaquio.com.br\/?s={search_term_string}"},"query-input":{"@type":"PropertyValueSpecification","valueRequired":true,"valueName":"search_term_string"}}],"inLanguage":"es"},{"@type":"Organization","@id":"https:\/\/www.padreeustaquio.com.br\/#organization","name":"Padre Eustace","url":"https:\/\/www.padreeustaquio.com.br\/","logo":{"@type":"ImageObject","inLanguage":"es","@id":"https:\/\/www.padreeustaquio.com.br\/#\/schema\/logo\/image\/","url":"https:\/\/www.padreeustaquio.com.br\/wp-content\/uploads\/2019\/08\/marca.png","contentUrl":"https:\/\/www.padreeustaquio.com.br\/wp-content\/uploads\/2019\/08\/marca.png","width":350,"height":400,"caption":"Padre Eust\u00e1quio"},"image":{"@id":"https:\/\/www.padreeustaquio.com.br\/#\/schema\/logo\/image\/"},"sameAs":["https:\/\/www.facebook.com\/beatopadreeustaquio\/","https:\/\/x.com\/beatopeustaquio","https:\/\/www.instagram.com\/beatopadreeustaquio\/","https:\/\/www.youtube.com\/channel\/UCRhw7vfabnajwLxb1ZXMeIw"]},{"@type":"Person","@id":"https:\/\/www.padreeustaquio.com.br\/#\/schema\/person\/a2a51db1d00f1a7af0204a0f1ddb1566","name":"@sscc","image":{"@type":"ImageObject","inLanguage":"es","@id":"https:\/\/secure.gravatar.com\/avatar\/68cfafa5f44617fea54071e215026e0ff06be366c3d54a8425f04fdcb86f8c5f?s=96&d=mm&r=g","url":"https:\/\/secure.gravatar.com\/avatar\/68cfafa5f44617fea54071e215026e0ff06be366c3d54a8425f04fdcb86f8c5f?s=96&d=mm&r=g","contentUrl":"https:\/\/secure.gravatar.com\/avatar\/68cfafa5f44617fea54071e215026e0ff06be366c3d54a8425f04fdcb86f8c5f?s=96&d=mm&r=g","caption":"@sscc"},"url":"https:\/\/www.padreeustaquio.com.br\/es\/author\/sscc\/"}]}},"_links":{"self":[{"href":"https:\/\/www.padreeustaquio.com.br\/es\/wp-json\/wp\/v2\/posts\/9009","targetHints":{"allow":["GET"]}}],"collection":[{"href":"https:\/\/www.padreeustaquio.com.br\/es\/wp-json\/wp\/v2\/posts"}],"about":[{"href":"https:\/\/www.padreeustaquio.com.br\/es\/wp-json\/wp\/v2\/types\/post"}],"author":[{"embeddable":true,"href":"https:\/\/www.padreeustaquio.com.br\/es\/wp-json\/wp\/v2\/users\/2"}],"replies":[{"embeddable":true,"href":"https:\/\/www.padreeustaquio.com.br\/es\/wp-json\/wp\/v2\/comments?post=9009"}],"version-history":[{"count":0,"href":"https:\/\/www.padreeustaquio.com.br\/es\/wp-json\/wp\/v2\/posts\/9009\/revisions"}],"wp:featuredmedia":[{"embeddable":true,"href":"https:\/\/www.padreeustaquio.com.br\/es\/wp-json\/wp\/v2\/media\/9010"}],"wp:attachment":[{"href":"https:\/\/www.padreeustaquio.com.br\/es\/wp-json\/wp\/v2\/media?parent=9009"}],"wp:term":[{"taxonomy":"category","embeddable":true,"href":"https:\/\/www.padreeustaquio.com.br\/es\/wp-json\/wp\/v2\/categories?post=9009"},{"taxonomy":"post_tag","embeddable":true,"href":"https:\/\/www.padreeustaquio.com.br\/es\/wp-json\/wp\/v2\/tags?post=9009"}],"curies":[{"name":"wp","href":"https:\/\/api.w.org\/{rel}","templated":true}]}}