{"id":8996,"date":"2022-07-20T11:50:00","date_gmt":"2022-07-20T14:50:00","guid":{"rendered":"https:\/\/www.padreeustaquio.com.br\/?p=8996"},"modified":"2022-07-20T11:48:50","modified_gmt":"2022-07-20T14:48:50","slug":"el-testimonio-de-dom-seraphim-describe-detalles-del-milagro-que-condujo-a-la-beatificacion-del-padre-eustace","status":"publish","type":"post","link":"https:\/\/www.padreeustaquio.com.br\/es\/el-testimonio-de-dom-seraphim-describe-detalles-del-milagro-que-condujo-a-la-beatificacion-del-padre-eustace\/","title":{"rendered":"Testimonio de Dom Serafim describe detalles del milagro que llev\u00f3 a la beatificaci\u00f3n del Padre Eust\u00e1quio."},"content":{"rendered":"<p>Un testimonio del cardenal Dom Serafim Fernandes de Ara\u00fajo en 2006 detalla el extraordinario acontecimiento que llev\u00f3 al Padre Eust\u00e1quio a ser reconocido como Beato. El milagro fue la curaci\u00f3n del c\u00e1ncer de garganta que padeci\u00f3 el Padre Gon\u00e7alo Bel\u00e9m Rocha.<\/p>\n\n\n\n<p>Lea el testimonio completo de Dom Serafim:<\/p>\n\n\n\n<p><em>\u201c\u00bfY el milagro de la beatificaci\u00f3n? Dios lo envi\u00f3 en forma de afecto y ternura. Un jueves por la ma\u00f1ana, el padre Gon\u00e7alo Bel\u00e9m Rocha nos pidi\u00f3 a Dom Jo\u00e3o y a m\u00ed que lo recibi\u00e9ramos en el Palacio de Cristo Rey. Ten\u00eda algo importante que decirnos. Lo recibimos sin saber la naturaleza de lo sucedido. Vino a despedirse de nosotros, pues le hab\u00edan diagnosticado c\u00e1ncer de garganta. Iba a ser operado el lunes y probablemente no volver\u00eda a hablar, debido a posibles complicaciones de la malignidad del tumor. Est\u00e1bamos angustiados. El padre Gon\u00e7alo Bel\u00e9m llor\u00f3, y ambos lloramos con nuestro amigo y nuestro hijo. As\u00ed nos despedimos. Dom Jo\u00e3o me mir\u00f3, yo mir\u00e9 a Dom Jo\u00e3o, y me inspir\u00f3 una inspiraci\u00f3n. Dije: \u201cDom Jo\u00e3o, subamos a la capilla y pidamos a Dios expresa y fervientemente, por intercesi\u00f3n del padre Eust\u00e1quio, que sane al padre Bel\u00e9m\u201d. Pasamos unos minutos orando. Y pusimos a ese sacerdote en el coraz\u00f3n de Dios, a trav\u00e9s de las manos del Padre Eust\u00e1quio. Durante la operaci\u00f3n del lunes, cuando el Padre Bel\u00e9m fue llevado al quir\u00f3fano, ocurri\u00f3 algo impensable. Los m\u00e9dicos intercambiaron miradas, pero la radiograf\u00eda confirm\u00f3: \u201cNo hab\u00eda nada que extraer\u201d. \u00a1Alguien hab\u00eda llegado primero! \u00a1Y ah\u00ed est\u00e1 el Padre Bel\u00e9m, sano y salvo, una ofrenda viviente del milagro de Dios!\u201d<\/em><\/p>\n\n\n\n<p>Cardenal Dom Serafim Fernandes de Ara\u00fajo<\/p>\n\n\n\n<p><\/p>\n\n\n\n<p><\/p>","protected":false},"excerpt":{"rendered":"<p>Um depoimento dado pelo Cardeal Dom Serafim Fernandes de Ara\u00fajo em 2006, traz detalhes do fato extraordin\u00e1rio que fez com que Padre Eust\u00e1quio fosse reconhecido como Beato. O milagre foi a cura de um c\u00e2ncer de garganta que o Padre Gon\u00e7alo Bel\u00e9m Rocha tinha. Leia o depoimento de Dom Serafim na \u00edntegra: &#8220;E o milagre da beatifica\u00e7\u00e3o? Deus o mandou em forma de carinho e de ternura. Em certa manh\u00e3 de uma quinta-feira, Padre Gon\u00e7alo Bel\u00e9m Rocha pediu que Dom Jo\u00e3o e eu o receb\u00eassemos no Pal\u00e1cio Cristo Rei. Tinha algo de importante para comunicar-nos. N\u00f3s o recebemos, sem saber [&hellip;]<\/p>\n","protected":false},"author":2,"featured_media":9005,"comment_status":"open","ping_status":"closed","sticky":false,"template":"","format":"standard","meta":{"_acf_changed":false,"footnotes":""},"categories":[611],"tags":[],"class_list":["post-8996","post","type-post","status-publish","format-standard","has-post-thumbnail","hentry","category-noticias"],"acf":[],"yoast_head":"<!-- This site is optimized with the Yoast SEO plugin v27.2 - https:\/\/yoast.com\/product\/yoast-seo-wordpress\/ -->\n<title>Depoimento de Dom Serafim descreve detalhes do milagre que beatificou Padre Eust\u00e1quio<\/title>\n<meta name=\"description\" content=\"Um depoimento dado pelo Cardeal Dom Serafim Fernandes de Ara\u00fajo em 2006, traz detalhes do fato extraordin\u00e1rio que fez com que Padre Eust\u00e1quio fosse reconhecido como Beato. O milagre foi a cura de um c\u00e2ncer de garganta que o Padre Gon\u00e7alo Bel\u00e9m Rocha tinha.\" \/>\n<meta name=\"robots\" content=\"index, follow, max-snippet:-1, max-image-preview:large, max-video-preview:-1\" \/>\n<link rel=\"canonical\" href=\"https:\/\/www.padreeustaquio.com.br\/es\/el-testimonio-de-dom-seraphim-describe-detalles-del-milagro-que-condujo-a-la-beatificacion-del-padre-eustace\/\" \/>\n<meta property=\"og:locale\" content=\"es_ES\" \/>\n<meta property=\"og:type\" content=\"article\" \/>\n<meta property=\"og:title\" content=\"Depoimento de Dom Serafim descreve detalhes do milagre que beatificou Padre Eust\u00e1quio\" \/>\n<meta property=\"og:description\" content=\"Um depoimento dado pelo Cardeal Dom Serafim Fernandes de Ara\u00fajo em 2006, traz detalhes do fato extraordin\u00e1rio que fez com que Padre Eust\u00e1quio fosse reconhecido como Beato. O milagre foi a cura de um c\u00e2ncer de garganta que o Padre Gon\u00e7alo Bel\u00e9m Rocha tinha.\" \/>\n<meta property=\"og:url\" content=\"https:\/\/www.padreeustaquio.com.br\/es\/el-testimonio-de-dom-seraphim-describe-detalles-del-milagro-que-condujo-a-la-beatificacion-del-padre-eustace\/\" \/>\n<meta property=\"og:site_name\" content=\"Padre Eust\u00e1quio\" \/>\n<meta property=\"article:publisher\" content=\"https:\/\/www.facebook.com\/beatopadreeustaquio\/\" \/>\n<meta property=\"article:published_time\" content=\"2022-07-20T14:50:00+00:00\" \/>\n<meta property=\"og:image\" content=\"https:\/\/www.padreeustaquio.com.br\/wp-content\/uploads\/2022\/07\/Dom-Serafim.jpeg\" \/>\n\t<meta property=\"og:image:width\" content=\"1280\" \/>\n\t<meta property=\"og:image:height\" content=\"851\" \/>\n\t<meta property=\"og:image:type\" content=\"image\/jpeg\" \/>\n<meta name=\"author\" content=\"@sscc\" \/>\n<meta name=\"twitter:card\" content=\"summary_large_image\" \/>\n<meta name=\"twitter:creator\" content=\"@beatopeustaquio\" \/>\n<meta name=\"twitter:site\" content=\"@beatopeustaquio\" \/>\n<meta name=\"twitter:label1\" content=\"Escrito por\" \/>\n\t<meta name=\"twitter:data1\" content=\"@sscc\" \/>\n\t<meta name=\"twitter:label2\" content=\"Tiempo de lectura\" \/>\n\t<meta name=\"twitter:data2\" content=\"2 minutos\" \/>\n<script type=\"application\/ld+json\" class=\"yoast-schema-graph\">{\"@context\":\"https:\/\/schema.org\",\"@graph\":[{\"@type\":\"Article\",\"@id\":\"https:\/\/www.padreeustaquio.com.br\/depoimento-de-dom-serafim-descreve-detalhes-do-milagre-que-beatificou-padre-eustaquio\/#article\",\"isPartOf\":{\"@id\":\"https:\/\/www.padreeustaquio.com.br\/depoimento-de-dom-serafim-descreve-detalhes-do-milagre-que-beatificou-padre-eustaquio\/\"},\"author\":{\"name\":\"@sscc\",\"@id\":\"https:\/\/www.padreeustaquio.com.br\/#\/schema\/person\/a2a51db1d00f1a7af0204a0f1ddb1566\"},\"headline\":\"Depoimento de Dom Serafim descreve detalhes do milagre que beatificou Padre Eust\u00e1quio\",\"datePublished\":\"2022-07-20T14:50:00+00:00\",\"mainEntityOfPage\":{\"@id\":\"https:\/\/www.padreeustaquio.com.br\/depoimento-de-dom-serafim-descreve-detalhes-do-milagre-que-beatificou-padre-eustaquio\/\"},\"wordCount\":318,\"commentCount\":0,\"publisher\":{\"@id\":\"https:\/\/www.padreeustaquio.com.br\/#organization\"},\"image\":{\"@id\":\"https:\/\/www.padreeustaquio.com.br\/depoimento-de-dom-serafim-descreve-detalhes-do-milagre-que-beatificou-padre-eustaquio\/#primaryimage\"},\"thumbnailUrl\":\"https:\/\/www.padreeustaquio.com.br\/wp-content\/uploads\/2022\/07\/Dom-Serafim.jpeg\",\"articleSection\":[\"Not\u00edcias\"],\"inLanguage\":\"es\",\"potentialAction\":[{\"@type\":\"CommentAction\",\"name\":\"Comment\",\"target\":[\"https:\/\/www.padreeustaquio.com.br\/depoimento-de-dom-serafim-descreve-detalhes-do-milagre-que-beatificou-padre-eustaquio\/#respond\"]}]},{\"@type\":\"WebPage\",\"@id\":\"https:\/\/www.padreeustaquio.com.br\/depoimento-de-dom-serafim-descreve-detalhes-do-milagre-que-beatificou-padre-eustaquio\/\",\"url\":\"https:\/\/www.padreeustaquio.com.br\/depoimento-de-dom-serafim-descreve-detalhes-do-milagre-que-beatificou-padre-eustaquio\/\",\"name\":\"Depoimento de Dom Serafim descreve detalhes do milagre que beatificou Padre Eust\u00e1quio\",\"isPartOf\":{\"@id\":\"https:\/\/www.padreeustaquio.com.br\/#website\"},\"primaryImageOfPage\":{\"@id\":\"https:\/\/www.padreeustaquio.com.br\/depoimento-de-dom-serafim-descreve-detalhes-do-milagre-que-beatificou-padre-eustaquio\/#primaryimage\"},\"image\":{\"@id\":\"https:\/\/www.padreeustaquio.com.br\/depoimento-de-dom-serafim-descreve-detalhes-do-milagre-que-beatificou-padre-eustaquio\/#primaryimage\"},\"thumbnailUrl\":\"https:\/\/www.padreeustaquio.com.br\/wp-content\/uploads\/2022\/07\/Dom-Serafim.jpeg\",\"datePublished\":\"2022-07-20T14:50:00+00:00\",\"description\":\"Um depoimento dado pelo Cardeal Dom Serafim Fernandes de Ara\u00fajo em 2006, traz detalhes do fato extraordin\u00e1rio que fez com que Padre Eust\u00e1quio fosse reconhecido como Beato. O milagre foi a cura de um c\u00e2ncer de garganta que o Padre Gon\u00e7alo Bel\u00e9m Rocha tinha.\",\"breadcrumb\":{\"@id\":\"https:\/\/www.padreeustaquio.com.br\/depoimento-de-dom-serafim-descreve-detalhes-do-milagre-que-beatificou-padre-eustaquio\/#breadcrumb\"},\"inLanguage\":\"es\",\"potentialAction\":[{\"@type\":\"ReadAction\",\"target\":[\"https:\/\/www.padreeustaquio.com.br\/depoimento-de-dom-serafim-descreve-detalhes-do-milagre-que-beatificou-padre-eustaquio\/\"]}]},{\"@type\":\"ImageObject\",\"inLanguage\":\"es\",\"@id\":\"https:\/\/www.padreeustaquio.com.br\/depoimento-de-dom-serafim-descreve-detalhes-do-milagre-que-beatificou-padre-eustaquio\/#primaryimage\",\"url\":\"https:\/\/www.padreeustaquio.com.br\/wp-content\/uploads\/2022\/07\/Dom-Serafim.jpeg\",\"contentUrl\":\"https:\/\/www.padreeustaquio.com.br\/wp-content\/uploads\/2022\/07\/Dom-Serafim.jpeg\",\"width\":1280,\"height\":851},{\"@type\":\"BreadcrumbList\",\"@id\":\"https:\/\/www.padreeustaquio.com.br\/depoimento-de-dom-serafim-descreve-detalhes-do-milagre-que-beatificou-padre-eustaquio\/#breadcrumb\",\"itemListElement\":[{\"@type\":\"ListItem\",\"position\":1,\"name\":\"In\u00edcio\",\"item\":\"https:\/\/www.padreeustaquio.com.br\/\"},{\"@type\":\"ListItem\",\"position\":2,\"name\":\"Depoimento de Dom Serafim descreve detalhes do milagre que beatificou Padre Eust\u00e1quio\"}]},{\"@type\":\"WebSite\",\"@id\":\"https:\/\/www.padreeustaquio.com.br\/#website\",\"url\":\"https:\/\/www.padreeustaquio.com.br\/\",\"name\":\"Padre Eust\u00e1quio\",\"description\":\"Sa\u00fade e Paz\",\"publisher\":{\"@id\":\"https:\/\/www.padreeustaquio.com.br\/#organization\"},\"potentialAction\":[{\"@type\":\"SearchAction\",\"target\":{\"@type\":\"EntryPoint\",\"urlTemplate\":\"https:\/\/www.padreeustaquio.com.br\/?s={search_term_string}\"},\"query-input\":{\"@type\":\"PropertyValueSpecification\",\"valueRequired\":true,\"valueName\":\"search_term_string\"}}],\"inLanguage\":\"es\"},{\"@type\":\"Organization\",\"@id\":\"https:\/\/www.padreeustaquio.com.br\/#organization\",\"name\":\"Padre Eust\u00e1quio\",\"url\":\"https:\/\/www.padreeustaquio.com.br\/\",\"logo\":{\"@type\":\"ImageObject\",\"inLanguage\":\"es\",\"@id\":\"https:\/\/www.padreeustaquio.com.br\/#\/schema\/logo\/image\/\",\"url\":\"https:\/\/www.padreeustaquio.com.br\/wp-content\/uploads\/2019\/08\/marca.png\",\"contentUrl\":\"https:\/\/www.padreeustaquio.com.br\/wp-content\/uploads\/2019\/08\/marca.png\",\"width\":350,\"height\":400,\"caption\":\"Padre Eust\u00e1quio\"},\"image\":{\"@id\":\"https:\/\/www.padreeustaquio.com.br\/#\/schema\/logo\/image\/\"},\"sameAs\":[\"https:\/\/www.facebook.com\/beatopadreeustaquio\/\",\"https:\/\/x.com\/beatopeustaquio\",\"https:\/\/www.instagram.com\/beatopadreeustaquio\/\",\"https:\/\/www.youtube.com\/channel\/UCRhw7vfabnajwLxb1ZXMeIw\"]},{\"@type\":\"Person\",\"@id\":\"https:\/\/www.padreeustaquio.com.br\/#\/schema\/person\/a2a51db1d00f1a7af0204a0f1ddb1566\",\"name\":\"@sscc\",\"image\":{\"@type\":\"ImageObject\",\"inLanguage\":\"es\",\"@id\":\"https:\/\/secure.gravatar.com\/avatar\/68cfafa5f44617fea54071e215026e0ff06be366c3d54a8425f04fdcb86f8c5f?s=96&d=mm&r=g\",\"url\":\"https:\/\/secure.gravatar.com\/avatar\/68cfafa5f44617fea54071e215026e0ff06be366c3d54a8425f04fdcb86f8c5f?s=96&d=mm&r=g\",\"contentUrl\":\"https:\/\/secure.gravatar.com\/avatar\/68cfafa5f44617fea54071e215026e0ff06be366c3d54a8425f04fdcb86f8c5f?s=96&d=mm&r=g\",\"caption\":\"@sscc\"},\"url\":\"https:\/\/www.padreeustaquio.com.br\/es\/author\/sscc\/\"}]}<\/script>\n<!-- \/ Yoast SEO plugin. -->","yoast_head_json":{"title":"Testimonio de Dom Serafim describe detalles del milagro que llev\u00f3 a la beatificaci\u00f3n del Padre Eust\u00e1quio.","description":"Un testimonio del cardenal Dom Serafim Fernandes de Ara\u00fajo en 2006 detalla el extraordinario acontecimiento que llev\u00f3 al Padre Eust\u00e1quio a ser reconocido como Beato. El milagro fue la curaci\u00f3n del c\u00e1ncer de garganta que padeci\u00f3 el Padre Gon\u00e7alo Bel\u00e9m Rocha.","robots":{"index":"index","follow":"follow","max-snippet":"max-snippet:-1","max-image-preview":"max-image-preview:large","max-video-preview":"max-video-preview:-1"},"canonical":"https:\/\/www.padreeustaquio.com.br\/es\/el-testimonio-de-dom-seraphim-describe-detalles-del-milagro-que-condujo-a-la-beatificacion-del-padre-eustace\/","og_locale":"es_ES","og_type":"article","og_title":"Depoimento de Dom Serafim descreve detalhes do milagre que beatificou Padre Eust\u00e1quio","og_description":"Um depoimento dado pelo Cardeal Dom Serafim Fernandes de Ara\u00fajo em 2006, traz detalhes do fato extraordin\u00e1rio que fez com que Padre Eust\u00e1quio fosse reconhecido como Beato. O milagre foi a cura de um c\u00e2ncer de garganta que o Padre Gon\u00e7alo Bel\u00e9m Rocha tinha.","og_url":"https:\/\/www.padreeustaquio.com.br\/es\/el-testimonio-de-dom-seraphim-describe-detalles-del-milagro-que-condujo-a-la-beatificacion-del-padre-eustace\/","og_site_name":"Padre Eust\u00e1quio","article_publisher":"https:\/\/www.facebook.com\/beatopadreeustaquio\/","article_published_time":"2022-07-20T14:50:00+00:00","og_image":[{"width":1280,"height":851,"url":"https:\/\/www.padreeustaquio.com.br\/wp-content\/uploads\/2022\/07\/Dom-Serafim.jpeg","type":"image\/jpeg"}],"author":"@sscc","twitter_card":"summary_large_image","twitter_creator":"@beatopeustaquio","twitter_site":"@beatopeustaquio","twitter_misc":{"Escrito por":"@sscc","Tiempo de lectura":"2 minutos"},"schema":{"@context":"https:\/\/schema.org","@graph":[{"@type":"Article","@id":"https:\/\/www.padreeustaquio.com.br\/depoimento-de-dom-serafim-descreve-detalhes-do-milagre-que-beatificou-padre-eustaquio\/#article","isPartOf":{"@id":"https:\/\/www.padreeustaquio.com.br\/depoimento-de-dom-serafim-descreve-detalhes-do-milagre-que-beatificou-padre-eustaquio\/"},"author":{"name":"@sscc","@id":"https:\/\/www.padreeustaquio.com.br\/#\/schema\/person\/a2a51db1d00f1a7af0204a0f1ddb1566"},"headline":"Depoimento de Dom Serafim descreve detalhes do milagre que beatificou Padre Eust\u00e1quio","datePublished":"2022-07-20T14:50:00+00:00","mainEntityOfPage":{"@id":"https:\/\/www.padreeustaquio.com.br\/depoimento-de-dom-serafim-descreve-detalhes-do-milagre-que-beatificou-padre-eustaquio\/"},"wordCount":318,"commentCount":0,"publisher":{"@id":"https:\/\/www.padreeustaquio.com.br\/#organization"},"image":{"@id":"https:\/\/www.padreeustaquio.com.br\/depoimento-de-dom-serafim-descreve-detalhes-do-milagre-que-beatificou-padre-eustaquio\/#primaryimage"},"thumbnailUrl":"https:\/\/www.padreeustaquio.com.br\/wp-content\/uploads\/2022\/07\/Dom-Serafim.jpeg","articleSection":["Not\u00edcias"],"inLanguage":"es","potentialAction":[{"@type":"CommentAction","name":"Comment","target":["https:\/\/www.padreeustaquio.com.br\/depoimento-de-dom-serafim-descreve-detalhes-do-milagre-que-beatificou-padre-eustaquio\/#respond"]}]},{"@type":"WebPage","@id":"https:\/\/www.padreeustaquio.com.br\/depoimento-de-dom-serafim-descreve-detalhes-do-milagre-que-beatificou-padre-eustaquio\/","url":"https:\/\/www.padreeustaquio.com.br\/depoimento-de-dom-serafim-descreve-detalhes-do-milagre-que-beatificou-padre-eustaquio\/","name":"Testimonio de Dom Serafim describe detalles del milagro que llev\u00f3 a la beatificaci\u00f3n del Padre Eust\u00e1quio.","isPartOf":{"@id":"https:\/\/www.padreeustaquio.com.br\/#website"},"primaryImageOfPage":{"@id":"https:\/\/www.padreeustaquio.com.br\/depoimento-de-dom-serafim-descreve-detalhes-do-milagre-que-beatificou-padre-eustaquio\/#primaryimage"},"image":{"@id":"https:\/\/www.padreeustaquio.com.br\/depoimento-de-dom-serafim-descreve-detalhes-do-milagre-que-beatificou-padre-eustaquio\/#primaryimage"},"thumbnailUrl":"https:\/\/www.padreeustaquio.com.br\/wp-content\/uploads\/2022\/07\/Dom-Serafim.jpeg","datePublished":"2022-07-20T14:50:00+00:00","description":"Un testimonio del cardenal Dom Serafim Fernandes de Ara\u00fajo en 2006 detalla el extraordinario acontecimiento que llev\u00f3 al Padre Eust\u00e1quio a ser reconocido como Beato. El milagro fue la curaci\u00f3n del c\u00e1ncer de garganta que padeci\u00f3 el Padre Gon\u00e7alo Bel\u00e9m Rocha.","breadcrumb":{"@id":"https:\/\/www.padreeustaquio.com.br\/depoimento-de-dom-serafim-descreve-detalhes-do-milagre-que-beatificou-padre-eustaquio\/#breadcrumb"},"inLanguage":"es","potentialAction":[{"@type":"ReadAction","target":["https:\/\/www.padreeustaquio.com.br\/depoimento-de-dom-serafim-descreve-detalhes-do-milagre-que-beatificou-padre-eustaquio\/"]}]},{"@type":"ImageObject","inLanguage":"es","@id":"https:\/\/www.padreeustaquio.com.br\/depoimento-de-dom-serafim-descreve-detalhes-do-milagre-que-beatificou-padre-eustaquio\/#primaryimage","url":"https:\/\/www.padreeustaquio.com.br\/wp-content\/uploads\/2022\/07\/Dom-Serafim.jpeg","contentUrl":"https:\/\/www.padreeustaquio.com.br\/wp-content\/uploads\/2022\/07\/Dom-Serafim.jpeg","width":1280,"height":851},{"@type":"BreadcrumbList","@id":"https:\/\/www.padreeustaquio.com.br\/depoimento-de-dom-serafim-descreve-detalhes-do-milagre-que-beatificou-padre-eustaquio\/#breadcrumb","itemListElement":[{"@type":"ListItem","position":1,"name":"In\u00edcio","item":"https:\/\/www.padreeustaquio.com.br\/"},{"@type":"ListItem","position":2,"name":"Depoimento de Dom Serafim descreve detalhes do milagre que beatificou Padre Eust\u00e1quio"}]},{"@type":"WebSite","@id":"https:\/\/www.padreeustaquio.com.br\/#website","url":"https:\/\/www.padreeustaquio.com.br\/","name":"Padre Eustace","description":"Salud y Paz","publisher":{"@id":"https:\/\/www.padreeustaquio.com.br\/#organization"},"potentialAction":[{"@type":"SearchAction","target":{"@type":"EntryPoint","urlTemplate":"https:\/\/www.padreeustaquio.com.br\/?s={search_term_string}"},"query-input":{"@type":"PropertyValueSpecification","valueRequired":true,"valueName":"search_term_string"}}],"inLanguage":"es"},{"@type":"Organization","@id":"https:\/\/www.padreeustaquio.com.br\/#organization","name":"Padre Eustace","url":"https:\/\/www.padreeustaquio.com.br\/","logo":{"@type":"ImageObject","inLanguage":"es","@id":"https:\/\/www.padreeustaquio.com.br\/#\/schema\/logo\/image\/","url":"https:\/\/www.padreeustaquio.com.br\/wp-content\/uploads\/2019\/08\/marca.png","contentUrl":"https:\/\/www.padreeustaquio.com.br\/wp-content\/uploads\/2019\/08\/marca.png","width":350,"height":400,"caption":"Padre Eust\u00e1quio"},"image":{"@id":"https:\/\/www.padreeustaquio.com.br\/#\/schema\/logo\/image\/"},"sameAs":["https:\/\/www.facebook.com\/beatopadreeustaquio\/","https:\/\/x.com\/beatopeustaquio","https:\/\/www.instagram.com\/beatopadreeustaquio\/","https:\/\/www.youtube.com\/channel\/UCRhw7vfabnajwLxb1ZXMeIw"]},{"@type":"Person","@id":"https:\/\/www.padreeustaquio.com.br\/#\/schema\/person\/a2a51db1d00f1a7af0204a0f1ddb1566","name":"@sscc","image":{"@type":"ImageObject","inLanguage":"es","@id":"https:\/\/secure.gravatar.com\/avatar\/68cfafa5f44617fea54071e215026e0ff06be366c3d54a8425f04fdcb86f8c5f?s=96&d=mm&r=g","url":"https:\/\/secure.gravatar.com\/avatar\/68cfafa5f44617fea54071e215026e0ff06be366c3d54a8425f04fdcb86f8c5f?s=96&d=mm&r=g","contentUrl":"https:\/\/secure.gravatar.com\/avatar\/68cfafa5f44617fea54071e215026e0ff06be366c3d54a8425f04fdcb86f8c5f?s=96&d=mm&r=g","caption":"@sscc"},"url":"https:\/\/www.padreeustaquio.com.br\/es\/author\/sscc\/"}]}},"_links":{"self":[{"href":"https:\/\/www.padreeustaquio.com.br\/es\/wp-json\/wp\/v2\/posts\/8996","targetHints":{"allow":["GET"]}}],"collection":[{"href":"https:\/\/www.padreeustaquio.com.br\/es\/wp-json\/wp\/v2\/posts"}],"about":[{"href":"https:\/\/www.padreeustaquio.com.br\/es\/wp-json\/wp\/v2\/types\/post"}],"author":[{"embeddable":true,"href":"https:\/\/www.padreeustaquio.com.br\/es\/wp-json\/wp\/v2\/users\/2"}],"replies":[{"embeddable":true,"href":"https:\/\/www.padreeustaquio.com.br\/es\/wp-json\/wp\/v2\/comments?post=8996"}],"version-history":[{"count":0,"href":"https:\/\/www.padreeustaquio.com.br\/es\/wp-json\/wp\/v2\/posts\/8996\/revisions"}],"wp:featuredmedia":[{"embeddable":true,"href":"https:\/\/www.padreeustaquio.com.br\/es\/wp-json\/wp\/v2\/media\/9005"}],"wp:attachment":[{"href":"https:\/\/www.padreeustaquio.com.br\/es\/wp-json\/wp\/v2\/media?parent=8996"}],"wp:term":[{"taxonomy":"category","embeddable":true,"href":"https:\/\/www.padreeustaquio.com.br\/es\/wp-json\/wp\/v2\/categories?post=8996"},{"taxonomy":"post_tag","embeddable":true,"href":"https:\/\/www.padreeustaquio.com.br\/es\/wp-json\/wp\/v2\/tags?post=8996"}],"curies":[{"name":"wp","href":"https:\/\/api.w.org\/{rel}","templated":true}]}}