{"id":8982,"date":"2022-07-18T06:26:00","date_gmt":"2022-07-18T09:26:00","guid":{"rendered":"https:\/\/www.padreeustaquio.com.br\/?p=8982"},"modified":"2022-07-18T06:24:17","modified_gmt":"2022-07-18T09:24:17","slug":"la-iglesia-del-padre-eustaquio-participa-en-encuentro-arquidiocesano-sobre-la-caridad","status":"publish","type":"post","link":"https:\/\/www.padreeustaquio.com.br\/es\/la-iglesia-del-padre-eustaquio-participa-en-encuentro-arquidiocesano-sobre-la-caridad\/","title":{"rendered":"Iglesia del Padre Eust\u00e1quio participa en encuentro de la Arquidi\u00f3cesis sobre la caridad."},"content":{"rendered":"<p>El 1.er Encuentro de Caridad Misionera de los Santuarios de la Arquidi\u00f3cesis de Belo Horizonte reuni\u00f3 a rectores y representantes de los santuarios arquidiocesanos en el Centro de Evangelizaci\u00f3n y Obras Sociales S\u00e3o Judas Tadeu. En representaci\u00f3n del Santuario Arquidiocesano de Salud y Paz, la Iglesia Padre Eust\u00e1quio, Marisa Campos, presidenta de las Damas de la Caridad, asisti\u00f3 al evento.<\/p>\n\n\n\n<p>Bajo el lema &quot;El sentido teol\u00f3gico de la caridad&quot;, el encuentro fue coordinado por el Padre Roberto Rubens, rector del Santuario Arquidiocesano de Nuestra Se\u00f1ora de la Concepci\u00f3n de los Pobres. El Padre Andr\u00e9 Lage, p\u00e1rroco y rector del Santuario Arquidiocesano de San Judas Tadeo, fue el encargado de la bienvenida.<\/p>\n\n\n\n<p>Durante la reuni\u00f3n, cada Santuario estuvo presente con un video sobre sus principales acciones misioneras, enfocadas en la acogida y el servicio incansable a los m\u00e1s necesitados. Marisa Campos present\u00f3 los proyectos sociales que desarrolla el Santuario, como las Damas de la Caridad y las Guarder\u00edas Padre Eust\u00e1quio. <\/p>\n\n\n\n<p>El video, grabado por el equipo de la Secretar\u00eda Nacional para la Causa de Canonizaci\u00f3n, mostr\u00f3 la recolecci\u00f3n de alimentos, ropa y art\u00edculos de limpieza por parte de las &quot;Damas&quot;, as\u00ed como la organizaci\u00f3n y el trabajo de los voluntarios en la iglesia. El material tambi\u00e9n present\u00f3 el servicio prestado en las guarder\u00edas, que atienden a casi 400 ni\u00f1os. <\/p>\n\n\n\n<p>El Padre M\u00e1rcio Paiva, formador del Seminario Arquidiocesano Sagrado Coraz\u00f3n de Jes\u00fas (Sacej), dirigi\u00f3 una reflexi\u00f3n sobre el Significado Teol\u00f3gico de la Caridad, destacando la importancia del amor y la relaci\u00f3n con Dios, una realidad \u00fanica con innumerables dimensiones. \u201cSer cristiano no es una agenda \u00e9tica ni dogm\u00e1tica; surge del encuentro con Dios\u201d, enfatiz\u00f3 el Padre M\u00e1rcio. \u201cLa relaci\u00f3n con Dios se debilita si me distancio del pr\u00f3jimo. La caridad es la respuesta a los desaf\u00edos\u201d, concluy\u00f3.<\/p>\n\n\n\n<p><\/p>","protected":false},"excerpt":{"rendered":"<p>O 1\u00ba Encontro Mission\u00e1rio da Caridade dos Santu\u00e1rios da Arquidiocese de Belo Horizonte reuniu reitores e representantes dos santu\u00e1rios arquidiocesanos, no Centro de Evangeliza\u00e7\u00e3o e Obras Sociais S\u00e3o Judas Tadeu. Representando o Santu\u00e1rio Arquidiocesano da Sa\u00fade e da Paz, a Igreja do Padre Eust\u00e1quio, Marisa Campos, presidente das Damas da Caridade, compareceu ao evento. Iluminado pelo tema \u201cO Sentido Teol\u00f3gico da Caridade\u201d, o Encontro foi coordenado por padre Roberto Rubens, reitor do Santu\u00e1rio Arquidiocesano Nossa Senhora da Concei\u00e7\u00e3o dos Pobres. Padre Andr\u00e9 Lage, p\u00e1roco e reitor do Santu\u00e1rio Arquidiocesano S\u00e3o Judas Tadeu, foi respons\u00e1vel pela acolhida. Durante o Encontro, cada [&hellip;]<\/p>\n","protected":false},"author":2,"featured_media":8983,"comment_status":"open","ping_status":"closed","sticky":false,"template":"","format":"standard","meta":{"_acf_changed":false,"footnotes":""},"categories":[611],"tags":[],"class_list":["post-8982","post","type-post","status-publish","format-standard","has-post-thumbnail","hentry","category-noticias"],"acf":[],"yoast_head":"<!-- This site is optimized with the Yoast SEO plugin v27.2 - https:\/\/yoast.com\/product\/yoast-seo-wordpress\/ -->\n<title>Igreja do Padre Eust\u00e1quio participa de Encontro da Arquidiocese sobre a caridade<\/title>\n<meta name=\"description\" content=\"O 1\u00ba Encontro Mission\u00e1rio da Caridade dos Santu\u00e1rios da Arquidiocese de Belo Horizonte reuniu reitores e representantes dos santu\u00e1rios arquidiocesanos, no Centro de Evangeliza\u00e7\u00e3o e Obras Sociais S\u00e3o Judas Tadeu. Representando o Santu\u00e1rio Arquidiocesano da Sa\u00fade e da Paz, a Igreja do Padre Eust\u00e1quio, Marisa Campos, presidente das Damas da Caridade, compareceu ao evento.\" \/>\n<meta name=\"robots\" content=\"index, follow, max-snippet:-1, max-image-preview:large, max-video-preview:-1\" \/>\n<link rel=\"canonical\" href=\"https:\/\/www.padreeustaquio.com.br\/es\/la-iglesia-del-padre-eustaquio-participa-en-encuentro-arquidiocesano-sobre-la-caridad\/\" \/>\n<meta property=\"og:locale\" content=\"es_ES\" \/>\n<meta property=\"og:type\" content=\"article\" \/>\n<meta property=\"og:title\" content=\"Igreja do Padre Eust\u00e1quio participa de Encontro da Arquidiocese sobre a caridade\" \/>\n<meta property=\"og:description\" content=\"O 1\u00ba Encontro Mission\u00e1rio da Caridade dos Santu\u00e1rios da Arquidiocese de Belo Horizonte reuniu reitores e representantes dos santu\u00e1rios arquidiocesanos, no Centro de Evangeliza\u00e7\u00e3o e Obras Sociais S\u00e3o Judas Tadeu. Representando o Santu\u00e1rio Arquidiocesano da Sa\u00fade e da Paz, a Igreja do Padre Eust\u00e1quio, Marisa Campos, presidente das Damas da Caridade, compareceu ao evento.\" \/>\n<meta property=\"og:url\" content=\"https:\/\/www.padreeustaquio.com.br\/es\/la-iglesia-del-padre-eustaquio-participa-en-encuentro-arquidiocesano-sobre-la-caridad\/\" \/>\n<meta property=\"og:site_name\" content=\"Padre Eust\u00e1quio\" \/>\n<meta property=\"article:publisher\" content=\"https:\/\/www.facebook.com\/beatopadreeustaquio\/\" \/>\n<meta property=\"article:published_time\" content=\"2022-07-18T09:26:00+00:00\" \/>\n<meta property=\"og:image\" content=\"https:\/\/www.padreeustaquio.com.br\/wp-content\/uploads\/2022\/07\/encontro-missionario-da-caridade.png\" \/>\n\t<meta property=\"og:image:width\" content=\"798\" \/>\n\t<meta property=\"og:image:height\" content=\"399\" \/>\n\t<meta property=\"og:image:type\" content=\"image\/png\" \/>\n<meta name=\"author\" content=\"@sscc\" \/>\n<meta name=\"twitter:card\" content=\"summary_large_image\" \/>\n<meta name=\"twitter:creator\" content=\"@beatopeustaquio\" \/>\n<meta name=\"twitter:site\" content=\"@beatopeustaquio\" \/>\n<meta name=\"twitter:label1\" content=\"Escrito por\" \/>\n\t<meta name=\"twitter:data1\" content=\"@sscc\" \/>\n\t<meta name=\"twitter:label2\" content=\"Tiempo de lectura\" \/>\n\t<meta name=\"twitter:data2\" content=\"2 minutos\" \/>\n<script type=\"application\/ld+json\" class=\"yoast-schema-graph\">{\"@context\":\"https:\/\/schema.org\",\"@graph\":[{\"@type\":\"Article\",\"@id\":\"https:\/\/www.padreeustaquio.com.br\/igreja-do-padre-eustaquio-participa-de-encontro-da-arquidiocese-sobre-a-caridade\/#article\",\"isPartOf\":{\"@id\":\"https:\/\/www.padreeustaquio.com.br\/igreja-do-padre-eustaquio-participa-de-encontro-da-arquidiocese-sobre-a-caridade\/\"},\"author\":{\"name\":\"@sscc\",\"@id\":\"https:\/\/www.padreeustaquio.com.br\/#\/schema\/person\/a2a51db1d00f1a7af0204a0f1ddb1566\"},\"headline\":\"Igreja do Padre Eust\u00e1quio participa de Encontro da Arquidiocese sobre a caridade\",\"datePublished\":\"2022-07-18T09:26:00+00:00\",\"mainEntityOfPage\":{\"@id\":\"https:\/\/www.padreeustaquio.com.br\/igreja-do-padre-eustaquio-participa-de-encontro-da-arquidiocese-sobre-a-caridade\/\"},\"wordCount\":316,\"commentCount\":0,\"publisher\":{\"@id\":\"https:\/\/www.padreeustaquio.com.br\/#organization\"},\"image\":{\"@id\":\"https:\/\/www.padreeustaquio.com.br\/igreja-do-padre-eustaquio-participa-de-encontro-da-arquidiocese-sobre-a-caridade\/#primaryimage\"},\"thumbnailUrl\":\"https:\/\/www.padreeustaquio.com.br\/wp-content\/uploads\/2022\/07\/encontro-missionario-da-caridade.png\",\"articleSection\":[\"Not\u00edcias\"],\"inLanguage\":\"es\",\"potentialAction\":[{\"@type\":\"CommentAction\",\"name\":\"Comment\",\"target\":[\"https:\/\/www.padreeustaquio.com.br\/igreja-do-padre-eustaquio-participa-de-encontro-da-arquidiocese-sobre-a-caridade\/#respond\"]}]},{\"@type\":\"WebPage\",\"@id\":\"https:\/\/www.padreeustaquio.com.br\/igreja-do-padre-eustaquio-participa-de-encontro-da-arquidiocese-sobre-a-caridade\/\",\"url\":\"https:\/\/www.padreeustaquio.com.br\/igreja-do-padre-eustaquio-participa-de-encontro-da-arquidiocese-sobre-a-caridade\/\",\"name\":\"Igreja do Padre Eust\u00e1quio participa de Encontro da Arquidiocese sobre a caridade\",\"isPartOf\":{\"@id\":\"https:\/\/www.padreeustaquio.com.br\/#website\"},\"primaryImageOfPage\":{\"@id\":\"https:\/\/www.padreeustaquio.com.br\/igreja-do-padre-eustaquio-participa-de-encontro-da-arquidiocese-sobre-a-caridade\/#primaryimage\"},\"image\":{\"@id\":\"https:\/\/www.padreeustaquio.com.br\/igreja-do-padre-eustaquio-participa-de-encontro-da-arquidiocese-sobre-a-caridade\/#primaryimage\"},\"thumbnailUrl\":\"https:\/\/www.padreeustaquio.com.br\/wp-content\/uploads\/2022\/07\/encontro-missionario-da-caridade.png\",\"datePublished\":\"2022-07-18T09:26:00+00:00\",\"description\":\"O 1\u00ba Encontro Mission\u00e1rio da Caridade dos Santu\u00e1rios da Arquidiocese de Belo Horizonte reuniu reitores e representantes dos santu\u00e1rios arquidiocesanos, no Centro de Evangeliza\u00e7\u00e3o e Obras Sociais S\u00e3o Judas Tadeu. Representando o Santu\u00e1rio Arquidiocesano da Sa\u00fade e da Paz, a Igreja do Padre Eust\u00e1quio, Marisa Campos, presidente das Damas da Caridade, compareceu ao evento.\",\"breadcrumb\":{\"@id\":\"https:\/\/www.padreeustaquio.com.br\/igreja-do-padre-eustaquio-participa-de-encontro-da-arquidiocese-sobre-a-caridade\/#breadcrumb\"},\"inLanguage\":\"es\",\"potentialAction\":[{\"@type\":\"ReadAction\",\"target\":[\"https:\/\/www.padreeustaquio.com.br\/igreja-do-padre-eustaquio-participa-de-encontro-da-arquidiocese-sobre-a-caridade\/\"]}]},{\"@type\":\"ImageObject\",\"inLanguage\":\"es\",\"@id\":\"https:\/\/www.padreeustaquio.com.br\/igreja-do-padre-eustaquio-participa-de-encontro-da-arquidiocese-sobre-a-caridade\/#primaryimage\",\"url\":\"https:\/\/www.padreeustaquio.com.br\/wp-content\/uploads\/2022\/07\/encontro-missionario-da-caridade.png\",\"contentUrl\":\"https:\/\/www.padreeustaquio.com.br\/wp-content\/uploads\/2022\/07\/encontro-missionario-da-caridade.png\",\"width\":798,\"height\":399,\"caption\":\"O encontro foi realizado no Santu\u00e1rio S\u00e3o Judas Tadeu\"},{\"@type\":\"BreadcrumbList\",\"@id\":\"https:\/\/www.padreeustaquio.com.br\/igreja-do-padre-eustaquio-participa-de-encontro-da-arquidiocese-sobre-a-caridade\/#breadcrumb\",\"itemListElement\":[{\"@type\":\"ListItem\",\"position\":1,\"name\":\"In\u00edcio\",\"item\":\"https:\/\/www.padreeustaquio.com.br\/\"},{\"@type\":\"ListItem\",\"position\":2,\"name\":\"Igreja do Padre Eust\u00e1quio participa de Encontro da Arquidiocese sobre a caridade\"}]},{\"@type\":\"WebSite\",\"@id\":\"https:\/\/www.padreeustaquio.com.br\/#website\",\"url\":\"https:\/\/www.padreeustaquio.com.br\/\",\"name\":\"Padre Eust\u00e1quio\",\"description\":\"Sa\u00fade e Paz\",\"publisher\":{\"@id\":\"https:\/\/www.padreeustaquio.com.br\/#organization\"},\"potentialAction\":[{\"@type\":\"SearchAction\",\"target\":{\"@type\":\"EntryPoint\",\"urlTemplate\":\"https:\/\/www.padreeustaquio.com.br\/?s={search_term_string}\"},\"query-input\":{\"@type\":\"PropertyValueSpecification\",\"valueRequired\":true,\"valueName\":\"search_term_string\"}}],\"inLanguage\":\"es\"},{\"@type\":\"Organization\",\"@id\":\"https:\/\/www.padreeustaquio.com.br\/#organization\",\"name\":\"Padre Eust\u00e1quio\",\"url\":\"https:\/\/www.padreeustaquio.com.br\/\",\"logo\":{\"@type\":\"ImageObject\",\"inLanguage\":\"es\",\"@id\":\"https:\/\/www.padreeustaquio.com.br\/#\/schema\/logo\/image\/\",\"url\":\"https:\/\/www.padreeustaquio.com.br\/wp-content\/uploads\/2019\/08\/marca.png\",\"contentUrl\":\"https:\/\/www.padreeustaquio.com.br\/wp-content\/uploads\/2019\/08\/marca.png\",\"width\":350,\"height\":400,\"caption\":\"Padre Eust\u00e1quio\"},\"image\":{\"@id\":\"https:\/\/www.padreeustaquio.com.br\/#\/schema\/logo\/image\/\"},\"sameAs\":[\"https:\/\/www.facebook.com\/beatopadreeustaquio\/\",\"https:\/\/x.com\/beatopeustaquio\",\"https:\/\/www.instagram.com\/beatopadreeustaquio\/\",\"https:\/\/www.youtube.com\/channel\/UCRhw7vfabnajwLxb1ZXMeIw\"]},{\"@type\":\"Person\",\"@id\":\"https:\/\/www.padreeustaquio.com.br\/#\/schema\/person\/a2a51db1d00f1a7af0204a0f1ddb1566\",\"name\":\"@sscc\",\"image\":{\"@type\":\"ImageObject\",\"inLanguage\":\"es\",\"@id\":\"https:\/\/secure.gravatar.com\/avatar\/68cfafa5f44617fea54071e215026e0ff06be366c3d54a8425f04fdcb86f8c5f?s=96&d=mm&r=g\",\"url\":\"https:\/\/secure.gravatar.com\/avatar\/68cfafa5f44617fea54071e215026e0ff06be366c3d54a8425f04fdcb86f8c5f?s=96&d=mm&r=g\",\"contentUrl\":\"https:\/\/secure.gravatar.com\/avatar\/68cfafa5f44617fea54071e215026e0ff06be366c3d54a8425f04fdcb86f8c5f?s=96&d=mm&r=g\",\"caption\":\"@sscc\"},\"url\":\"https:\/\/www.padreeustaquio.com.br\/es\/author\/sscc\/\"}]}<\/script>\n<!-- \/ Yoast SEO plugin. -->","yoast_head_json":{"title":"Iglesia del Padre Eust\u00e1quio participa en encuentro de la Arquidi\u00f3cesis sobre la caridad.","description":"El 1.er Encuentro de Caridad Misionera de los Santuarios de la Arquidi\u00f3cesis de Belo Horizonte reuni\u00f3 a rectores y representantes de los santuarios arquidiocesanos en el Centro de Evangelizaci\u00f3n y Obras Sociales S\u00e3o Judas Tadeu. En representaci\u00f3n del Santuario Arquidiocesano de Salud y Paz, la Iglesia Padre Eust\u00e1quio, Marisa Campos, presidenta de las Damas de la Caridad, asisti\u00f3 al evento.","robots":{"index":"index","follow":"follow","max-snippet":"max-snippet:-1","max-image-preview":"max-image-preview:large","max-video-preview":"max-video-preview:-1"},"canonical":"https:\/\/www.padreeustaquio.com.br\/es\/la-iglesia-del-padre-eustaquio-participa-en-encuentro-arquidiocesano-sobre-la-caridad\/","og_locale":"es_ES","og_type":"article","og_title":"Igreja do Padre Eust\u00e1quio participa de Encontro da Arquidiocese sobre a caridade","og_description":"O 1\u00ba Encontro Mission\u00e1rio da Caridade dos Santu\u00e1rios da Arquidiocese de Belo Horizonte reuniu reitores e representantes dos santu\u00e1rios arquidiocesanos, no Centro de Evangeliza\u00e7\u00e3o e Obras Sociais S\u00e3o Judas Tadeu. Representando o Santu\u00e1rio Arquidiocesano da Sa\u00fade e da Paz, a Igreja do Padre Eust\u00e1quio, Marisa Campos, presidente das Damas da Caridade, compareceu ao evento.","og_url":"https:\/\/www.padreeustaquio.com.br\/es\/la-iglesia-del-padre-eustaquio-participa-en-encuentro-arquidiocesano-sobre-la-caridad\/","og_site_name":"Padre Eust\u00e1quio","article_publisher":"https:\/\/www.facebook.com\/beatopadreeustaquio\/","article_published_time":"2022-07-18T09:26:00+00:00","og_image":[{"width":798,"height":399,"url":"https:\/\/www.padreeustaquio.com.br\/wp-content\/uploads\/2022\/07\/encontro-missionario-da-caridade.png","type":"image\/png"}],"author":"@sscc","twitter_card":"summary_large_image","twitter_creator":"@beatopeustaquio","twitter_site":"@beatopeustaquio","twitter_misc":{"Escrito por":"@sscc","Tiempo de lectura":"2 minutos"},"schema":{"@context":"https:\/\/schema.org","@graph":[{"@type":"Article","@id":"https:\/\/www.padreeustaquio.com.br\/igreja-do-padre-eustaquio-participa-de-encontro-da-arquidiocese-sobre-a-caridade\/#article","isPartOf":{"@id":"https:\/\/www.padreeustaquio.com.br\/igreja-do-padre-eustaquio-participa-de-encontro-da-arquidiocese-sobre-a-caridade\/"},"author":{"name":"@sscc","@id":"https:\/\/www.padreeustaquio.com.br\/#\/schema\/person\/a2a51db1d00f1a7af0204a0f1ddb1566"},"headline":"Igreja do Padre Eust\u00e1quio participa de Encontro da Arquidiocese sobre a caridade","datePublished":"2022-07-18T09:26:00+00:00","mainEntityOfPage":{"@id":"https:\/\/www.padreeustaquio.com.br\/igreja-do-padre-eustaquio-participa-de-encontro-da-arquidiocese-sobre-a-caridade\/"},"wordCount":316,"commentCount":0,"publisher":{"@id":"https:\/\/www.padreeustaquio.com.br\/#organization"},"image":{"@id":"https:\/\/www.padreeustaquio.com.br\/igreja-do-padre-eustaquio-participa-de-encontro-da-arquidiocese-sobre-a-caridade\/#primaryimage"},"thumbnailUrl":"https:\/\/www.padreeustaquio.com.br\/wp-content\/uploads\/2022\/07\/encontro-missionario-da-caridade.png","articleSection":["Not\u00edcias"],"inLanguage":"es","potentialAction":[{"@type":"CommentAction","name":"Comment","target":["https:\/\/www.padreeustaquio.com.br\/igreja-do-padre-eustaquio-participa-de-encontro-da-arquidiocese-sobre-a-caridade\/#respond"]}]},{"@type":"WebPage","@id":"https:\/\/www.padreeustaquio.com.br\/igreja-do-padre-eustaquio-participa-de-encontro-da-arquidiocese-sobre-a-caridade\/","url":"https:\/\/www.padreeustaquio.com.br\/igreja-do-padre-eustaquio-participa-de-encontro-da-arquidiocese-sobre-a-caridade\/","name":"Iglesia del Padre Eust\u00e1quio participa en encuentro de la Arquidi\u00f3cesis sobre la caridad.","isPartOf":{"@id":"https:\/\/www.padreeustaquio.com.br\/#website"},"primaryImageOfPage":{"@id":"https:\/\/www.padreeustaquio.com.br\/igreja-do-padre-eustaquio-participa-de-encontro-da-arquidiocese-sobre-a-caridade\/#primaryimage"},"image":{"@id":"https:\/\/www.padreeustaquio.com.br\/igreja-do-padre-eustaquio-participa-de-encontro-da-arquidiocese-sobre-a-caridade\/#primaryimage"},"thumbnailUrl":"https:\/\/www.padreeustaquio.com.br\/wp-content\/uploads\/2022\/07\/encontro-missionario-da-caridade.png","datePublished":"2022-07-18T09:26:00+00:00","description":"El 1.er Encuentro de Caridad Misionera de los Santuarios de la Arquidi\u00f3cesis de Belo Horizonte reuni\u00f3 a rectores y representantes de los santuarios arquidiocesanos en el Centro de Evangelizaci\u00f3n y Obras Sociales S\u00e3o Judas Tadeu. En representaci\u00f3n del Santuario Arquidiocesano de Salud y Paz, la Iglesia Padre Eust\u00e1quio, Marisa Campos, presidenta de las Damas de la Caridad, asisti\u00f3 al evento.","breadcrumb":{"@id":"https:\/\/www.padreeustaquio.com.br\/igreja-do-padre-eustaquio-participa-de-encontro-da-arquidiocese-sobre-a-caridade\/#breadcrumb"},"inLanguage":"es","potentialAction":[{"@type":"ReadAction","target":["https:\/\/www.padreeustaquio.com.br\/igreja-do-padre-eustaquio-participa-de-encontro-da-arquidiocese-sobre-a-caridade\/"]}]},{"@type":"ImageObject","inLanguage":"es","@id":"https:\/\/www.padreeustaquio.com.br\/igreja-do-padre-eustaquio-participa-de-encontro-da-arquidiocese-sobre-a-caridade\/#primaryimage","url":"https:\/\/www.padreeustaquio.com.br\/wp-content\/uploads\/2022\/07\/encontro-missionario-da-caridade.png","contentUrl":"https:\/\/www.padreeustaquio.com.br\/wp-content\/uploads\/2022\/07\/encontro-missionario-da-caridade.png","width":798,"height":399,"caption":"O encontro foi realizado no Santu\u00e1rio S\u00e3o Judas Tadeu"},{"@type":"BreadcrumbList","@id":"https:\/\/www.padreeustaquio.com.br\/igreja-do-padre-eustaquio-participa-de-encontro-da-arquidiocese-sobre-a-caridade\/#breadcrumb","itemListElement":[{"@type":"ListItem","position":1,"name":"In\u00edcio","item":"https:\/\/www.padreeustaquio.com.br\/"},{"@type":"ListItem","position":2,"name":"Igreja do Padre Eust\u00e1quio participa de Encontro da Arquidiocese sobre a caridade"}]},{"@type":"WebSite","@id":"https:\/\/www.padreeustaquio.com.br\/#website","url":"https:\/\/www.padreeustaquio.com.br\/","name":"Padre Eustace","description":"Salud y Paz","publisher":{"@id":"https:\/\/www.padreeustaquio.com.br\/#organization"},"potentialAction":[{"@type":"SearchAction","target":{"@type":"EntryPoint","urlTemplate":"https:\/\/www.padreeustaquio.com.br\/?s={search_term_string}"},"query-input":{"@type":"PropertyValueSpecification","valueRequired":true,"valueName":"search_term_string"}}],"inLanguage":"es"},{"@type":"Organization","@id":"https:\/\/www.padreeustaquio.com.br\/#organization","name":"Padre Eustace","url":"https:\/\/www.padreeustaquio.com.br\/","logo":{"@type":"ImageObject","inLanguage":"es","@id":"https:\/\/www.padreeustaquio.com.br\/#\/schema\/logo\/image\/","url":"https:\/\/www.padreeustaquio.com.br\/wp-content\/uploads\/2019\/08\/marca.png","contentUrl":"https:\/\/www.padreeustaquio.com.br\/wp-content\/uploads\/2019\/08\/marca.png","width":350,"height":400,"caption":"Padre Eust\u00e1quio"},"image":{"@id":"https:\/\/www.padreeustaquio.com.br\/#\/schema\/logo\/image\/"},"sameAs":["https:\/\/www.facebook.com\/beatopadreeustaquio\/","https:\/\/x.com\/beatopeustaquio","https:\/\/www.instagram.com\/beatopadreeustaquio\/","https:\/\/www.youtube.com\/channel\/UCRhw7vfabnajwLxb1ZXMeIw"]},{"@type":"Person","@id":"https:\/\/www.padreeustaquio.com.br\/#\/schema\/person\/a2a51db1d00f1a7af0204a0f1ddb1566","name":"@sscc","image":{"@type":"ImageObject","inLanguage":"es","@id":"https:\/\/secure.gravatar.com\/avatar\/68cfafa5f44617fea54071e215026e0ff06be366c3d54a8425f04fdcb86f8c5f?s=96&d=mm&r=g","url":"https:\/\/secure.gravatar.com\/avatar\/68cfafa5f44617fea54071e215026e0ff06be366c3d54a8425f04fdcb86f8c5f?s=96&d=mm&r=g","contentUrl":"https:\/\/secure.gravatar.com\/avatar\/68cfafa5f44617fea54071e215026e0ff06be366c3d54a8425f04fdcb86f8c5f?s=96&d=mm&r=g","caption":"@sscc"},"url":"https:\/\/www.padreeustaquio.com.br\/es\/author\/sscc\/"}]}},"_links":{"self":[{"href":"https:\/\/www.padreeustaquio.com.br\/es\/wp-json\/wp\/v2\/posts\/8982","targetHints":{"allow":["GET"]}}],"collection":[{"href":"https:\/\/www.padreeustaquio.com.br\/es\/wp-json\/wp\/v2\/posts"}],"about":[{"href":"https:\/\/www.padreeustaquio.com.br\/es\/wp-json\/wp\/v2\/types\/post"}],"author":[{"embeddable":true,"href":"https:\/\/www.padreeustaquio.com.br\/es\/wp-json\/wp\/v2\/users\/2"}],"replies":[{"embeddable":true,"href":"https:\/\/www.padreeustaquio.com.br\/es\/wp-json\/wp\/v2\/comments?post=8982"}],"version-history":[{"count":0,"href":"https:\/\/www.padreeustaquio.com.br\/es\/wp-json\/wp\/v2\/posts\/8982\/revisions"}],"wp:featuredmedia":[{"embeddable":true,"href":"https:\/\/www.padreeustaquio.com.br\/es\/wp-json\/wp\/v2\/media\/8983"}],"wp:attachment":[{"href":"https:\/\/www.padreeustaquio.com.br\/es\/wp-json\/wp\/v2\/media?parent=8982"}],"wp:term":[{"taxonomy":"category","embeddable":true,"href":"https:\/\/www.padreeustaquio.com.br\/es\/wp-json\/wp\/v2\/categories?post=8982"},{"taxonomy":"post_tag","embeddable":true,"href":"https:\/\/www.padreeustaquio.com.br\/es\/wp-json\/wp\/v2\/tags?post=8982"}],"curies":[{"name":"wp","href":"https:\/\/api.w.org\/{rel}","templated":true}]}}