{"id":8963,"date":"2022-07-14T06:14:00","date_gmt":"2022-07-14T09:14:00","guid":{"rendered":"https:\/\/www.padreeustaquio.com.br\/?p=8963"},"modified":"2022-07-13T08:47:54","modified_gmt":"2022-07-13T11:47:54","slug":"testimonio-de-un-medico-de-belo-horizonte-retrata-los-ultimos-dias-del-padre-eustaquio","status":"publish","type":"post","link":"https:\/\/www.padreeustaquio.com.br\/es\/testimonio-de-un-medico-de-belo-horizonte-retrata-los-ultimos-dias-del-padre-eustaquio\/","title":{"rendered":"Testimonio de un m\u00e9dico de Belo Horizonte retrata los \u00faltimos d\u00edas del padre Eust\u00e1quio."},"content":{"rendered":"<p>Un testimonio del m\u00e9dico Dr. Olinto Orsini Castro, hallado en el libro de testimonios del Tribunal para la Causa de Canonizaci\u00f3n del Padre Eust\u00e1quio, relata detalles de los \u00faltimos d\u00edas del beato. El testimonio est\u00e1 fechado el 14 de febrero de 1963.<\/p>\n\n\n\n<p>En sus escritos, el Dr. Olinto relata c\u00f3mo se diagnostic\u00f3 la enfermedad del Padre Eust\u00e1quio y c\u00f3mo cuid\u00f3 del sacerdote holand\u00e9s durante sus \u00faltimos d\u00edas. El m\u00e9dico era miembro de la Academia de Medicina de Minas Gerais, ocupando la c\u00e1tedra n\u00famero 58.<\/p>\n\n\n\n<p>Vea el testimonio completo:<\/p>\n\n\n\n<p>\u201c<em>La tarde del 23 de agosto, al llegar a casa, mi esposa me inform\u00f3 que me hab\u00edan llamado urgentemente para ver al padre Eust\u00e1quio, quien se encontraba muy enfermo. Fui al convento, donde lo encontr\u00e9 con fiebre alta y muy postrado. El padre Hermenegildo me dijo que, como tardaba tanto, hab\u00eda llamado a un m\u00e9dico vecino que le hab\u00eda diagnosticado neumon\u00eda. Como el paciente ya estaba medicado, me limit\u00e9 a hablar brevemente con el padre Eust\u00e1quio, sin examinarlo. Sin embargo, preocupado por el caso, volv\u00ed a verlo al d\u00eda siguiente, acompa\u00f1ado de mi hermano, el internista Dr. Torquato Orsini. Mientras lo desvest\u00eda, not\u00e9 petequias o m\u00e1culas rojizas en el pecho. Sospech\u00e9 que se trataba de tifus. Hab\u00eda varios casos en los barrios y alrededores de Belo Horizonte. Le pregunt\u00e9 al padre Eust\u00e1quio si le hab\u00eda picado una garrapata. Me mostr\u00f3 el lugar (regi\u00f3n dorsal a la altura de la segunda v\u00e9rtebra) donde hab\u00eda extirpado uno de estos par\u00e1sitos, que hab\u00eda adquirido visitando pacientes en un barrio pobre. La mancha rojiza de la picadura a\u00fan era visible. Inmediatamente le comuniqu\u00e9 mi opini\u00f3n a mi hermano, con la que estuvo de acuerdo. Ese mismo d\u00eda llev\u00e9 al paciente a los profesores Alfredo Balena, reconocido cl\u00ednico y profesor de la Facultad de Medicina de la Universidad de Minas Gerais, y al profesor Ot\u00e1vio Coelho de Magalh\u00e3es, tambi\u00e9n profesor de la misma Facultad y una de las mayores autoridades mundiales en el estudio del tifus exantem\u00e1tico. Ambos coincidieron con el diagn\u00f3stico que nos hicieron a los tres en una conferencia m\u00e9dica. Le recetamos medicamentos y comunicamos a los presentes la gravedad del caso, con un pron\u00f3stico desalentador. En aquel entonces, esta enfermedad era incurable; hoy es f\u00e1cilmente curable. Acompa\u00f1\u00e9 al padre Eust\u00e1quio hasta el \u00faltimo d\u00eda de su enfermedad, viendo con resignaci\u00f3n que hab\u00eda soportado la terrible enfermedad hasta el final.\u201d<\/em><\/p>\n\n\n\n<p><strong>Dr. Olinto Orsini de Castro, 14 de febrero de 1963<\/strong>.<\/p>\n\n\n\n<p><\/p>\n\n\n\n<p><\/p>","protected":false},"excerpt":{"rendered":"<p>Um depoimento do m\u00e9dico Dr. Olinto Orsini Castro, encontrado no livro de depoimentos do Tribunal para a Causa de Canoniza\u00e7\u00e3o do Padre Eust\u00e1quio, relata detalhes dos \u00faltimos dias de vida do Beato. O depoimento \u00e9 datado de 14 de fevereiro de 1963. Nos escritos, Dr. Olinto fala sobre como foi feito o diagn\u00f3stico da doen\u00e7a do Padre Eust\u00e1quio e como ele acompanhou o padre holand\u00eas em seus \u00faltimos dias de vida. O m\u00e9dico foi membro da Academia Mineira de Medicina, ocupando a cadeira de n\u00famero 58. Acompanhe o depoimento na \u00edntegra: \u201cA tarde do dia 23 de agosto, ao chegar [&hellip;]<\/p>\n","protected":false},"author":2,"featured_media":8964,"comment_status":"open","ping_status":"closed","sticky":false,"template":"","format":"standard","meta":{"_acf_changed":false,"footnotes":""},"categories":[611],"tags":[],"class_list":["post-8963","post","type-post","status-publish","format-standard","has-post-thumbnail","hentry","category-noticias"],"acf":[],"yoast_head":"<!-- This site is optimized with the Yoast SEO plugin v27.2 - https:\/\/yoast.com\/product\/yoast-seo-wordpress\/ -->\n<title>Depoimento de m\u00e9dico belorizontino retrata \u00faltimos dias de Padre Eust\u00e1quio<\/title>\n<meta name=\"description\" content=\"Um depoimento do m\u00e9dico Dr. Olinto Orsini Castro, encontrado no livro de depoimentos do Tribunal para a Causa de Canoniza\u00e7\u00e3o do Padre Eust\u00e1quio, relata detalhes dos \u00faltimos dias de vida do Beato. O depoimento \u00e9 datado de 14 de fevereiro de 1963.\" \/>\n<meta name=\"robots\" content=\"index, follow, max-snippet:-1, max-image-preview:large, max-video-preview:-1\" \/>\n<link rel=\"canonical\" href=\"https:\/\/www.padreeustaquio.com.br\/es\/testimonio-de-un-medico-de-belo-horizonte-retrata-los-ultimos-dias-del-padre-eustaquio\/\" \/>\n<meta property=\"og:locale\" content=\"es_ES\" \/>\n<meta property=\"og:type\" content=\"article\" \/>\n<meta property=\"og:title\" content=\"Depoimento de m\u00e9dico belorizontino retrata \u00faltimos dias de Padre Eust\u00e1quio\" \/>\n<meta property=\"og:description\" content=\"Um depoimento do m\u00e9dico Dr. Olinto Orsini Castro, encontrado no livro de depoimentos do Tribunal para a Causa de Canoniza\u00e7\u00e3o do Padre Eust\u00e1quio, relata detalhes dos \u00faltimos dias de vida do Beato. O depoimento \u00e9 datado de 14 de fevereiro de 1963.\" \/>\n<meta property=\"og:url\" content=\"https:\/\/www.padreeustaquio.com.br\/es\/testimonio-de-un-medico-de-belo-horizonte-retrata-los-ultimos-dias-del-padre-eustaquio\/\" \/>\n<meta property=\"og:site_name\" content=\"Padre Eust\u00e1quio\" \/>\n<meta property=\"article:publisher\" content=\"https:\/\/www.facebook.com\/beatopadreeustaquio\/\" \/>\n<meta property=\"article:published_time\" content=\"2022-07-14T09:14:00+00:00\" \/>\n<meta property=\"og:image\" content=\"https:\/\/www.padreeustaquio.com.br\/wp-content\/uploads\/2022\/07\/Dr.-Orsini.png\" \/>\n\t<meta property=\"og:image:width\" content=\"853\" \/>\n\t<meta property=\"og:image:height\" content=\"424\" \/>\n\t<meta property=\"og:image:type\" content=\"image\/png\" \/>\n<meta name=\"author\" content=\"@sscc\" \/>\n<meta name=\"twitter:card\" content=\"summary_large_image\" \/>\n<meta name=\"twitter:creator\" content=\"@beatopeustaquio\" \/>\n<meta name=\"twitter:site\" content=\"@beatopeustaquio\" \/>\n<meta name=\"twitter:label1\" content=\"Escrito por\" \/>\n\t<meta name=\"twitter:data1\" content=\"@sscc\" \/>\n\t<meta name=\"twitter:label2\" content=\"Tiempo de lectura\" \/>\n\t<meta name=\"twitter:data2\" content=\"2 minutos\" \/>\n<script type=\"application\/ld+json\" class=\"yoast-schema-graph\">{\"@context\":\"https:\/\/schema.org\",\"@graph\":[{\"@type\":\"Article\",\"@id\":\"https:\/\/www.padreeustaquio.com.br\/depoimento-de-medico-belorizontino-retrata-ultimos-dias-de-padre-eustaquio\/#article\",\"isPartOf\":{\"@id\":\"https:\/\/www.padreeustaquio.com.br\/depoimento-de-medico-belorizontino-retrata-ultimos-dias-de-padre-eustaquio\/\"},\"author\":{\"name\":\"@sscc\",\"@id\":\"https:\/\/www.padreeustaquio.com.br\/#\/schema\/person\/a2a51db1d00f1a7af0204a0f1ddb1566\"},\"headline\":\"Depoimento de m\u00e9dico belorizontino retrata \u00faltimos dias de Padre Eust\u00e1quio\",\"datePublished\":\"2022-07-14T09:14:00+00:00\",\"mainEntityOfPage\":{\"@id\":\"https:\/\/www.padreeustaquio.com.br\/depoimento-de-medico-belorizontino-retrata-ultimos-dias-de-padre-eustaquio\/\"},\"wordCount\":459,\"commentCount\":0,\"publisher\":{\"@id\":\"https:\/\/www.padreeustaquio.com.br\/#organization\"},\"image\":{\"@id\":\"https:\/\/www.padreeustaquio.com.br\/depoimento-de-medico-belorizontino-retrata-ultimos-dias-de-padre-eustaquio\/#primaryimage\"},\"thumbnailUrl\":\"https:\/\/www.padreeustaquio.com.br\/wp-content\/uploads\/2022\/07\/Dr.-Orsini.png\",\"articleSection\":[\"Not\u00edcias\"],\"inLanguage\":\"es\",\"potentialAction\":[{\"@type\":\"CommentAction\",\"name\":\"Comment\",\"target\":[\"https:\/\/www.padreeustaquio.com.br\/depoimento-de-medico-belorizontino-retrata-ultimos-dias-de-padre-eustaquio\/#respond\"]}]},{\"@type\":\"WebPage\",\"@id\":\"https:\/\/www.padreeustaquio.com.br\/depoimento-de-medico-belorizontino-retrata-ultimos-dias-de-padre-eustaquio\/\",\"url\":\"https:\/\/www.padreeustaquio.com.br\/depoimento-de-medico-belorizontino-retrata-ultimos-dias-de-padre-eustaquio\/\",\"name\":\"Depoimento de m\u00e9dico belorizontino retrata \u00faltimos dias de Padre Eust\u00e1quio\",\"isPartOf\":{\"@id\":\"https:\/\/www.padreeustaquio.com.br\/#website\"},\"primaryImageOfPage\":{\"@id\":\"https:\/\/www.padreeustaquio.com.br\/depoimento-de-medico-belorizontino-retrata-ultimos-dias-de-padre-eustaquio\/#primaryimage\"},\"image\":{\"@id\":\"https:\/\/www.padreeustaquio.com.br\/depoimento-de-medico-belorizontino-retrata-ultimos-dias-de-padre-eustaquio\/#primaryimage\"},\"thumbnailUrl\":\"https:\/\/www.padreeustaquio.com.br\/wp-content\/uploads\/2022\/07\/Dr.-Orsini.png\",\"datePublished\":\"2022-07-14T09:14:00+00:00\",\"description\":\"Um depoimento do m\u00e9dico Dr. Olinto Orsini Castro, encontrado no livro de depoimentos do Tribunal para a Causa de Canoniza\u00e7\u00e3o do Padre Eust\u00e1quio, relata detalhes dos \u00faltimos dias de vida do Beato. O depoimento \u00e9 datado de 14 de fevereiro de 1963.\",\"breadcrumb\":{\"@id\":\"https:\/\/www.padreeustaquio.com.br\/depoimento-de-medico-belorizontino-retrata-ultimos-dias-de-padre-eustaquio\/#breadcrumb\"},\"inLanguage\":\"es\",\"potentialAction\":[{\"@type\":\"ReadAction\",\"target\":[\"https:\/\/www.padreeustaquio.com.br\/depoimento-de-medico-belorizontino-retrata-ultimos-dias-de-padre-eustaquio\/\"]}]},{\"@type\":\"ImageObject\",\"inLanguage\":\"es\",\"@id\":\"https:\/\/www.padreeustaquio.com.br\/depoimento-de-medico-belorizontino-retrata-ultimos-dias-de-padre-eustaquio\/#primaryimage\",\"url\":\"https:\/\/www.padreeustaquio.com.br\/wp-content\/uploads\/2022\/07\/Dr.-Orsini.png\",\"contentUrl\":\"https:\/\/www.padreeustaquio.com.br\/wp-content\/uploads\/2022\/07\/Dr.-Orsini.png\",\"width\":853,\"height\":424},{\"@type\":\"BreadcrumbList\",\"@id\":\"https:\/\/www.padreeustaquio.com.br\/depoimento-de-medico-belorizontino-retrata-ultimos-dias-de-padre-eustaquio\/#breadcrumb\",\"itemListElement\":[{\"@type\":\"ListItem\",\"position\":1,\"name\":\"In\u00edcio\",\"item\":\"https:\/\/www.padreeustaquio.com.br\/\"},{\"@type\":\"ListItem\",\"position\":2,\"name\":\"Depoimento de m\u00e9dico belorizontino retrata \u00faltimos dias de Padre Eust\u00e1quio\"}]},{\"@type\":\"WebSite\",\"@id\":\"https:\/\/www.padreeustaquio.com.br\/#website\",\"url\":\"https:\/\/www.padreeustaquio.com.br\/\",\"name\":\"Padre Eust\u00e1quio\",\"description\":\"Sa\u00fade e Paz\",\"publisher\":{\"@id\":\"https:\/\/www.padreeustaquio.com.br\/#organization\"},\"potentialAction\":[{\"@type\":\"SearchAction\",\"target\":{\"@type\":\"EntryPoint\",\"urlTemplate\":\"https:\/\/www.padreeustaquio.com.br\/?s={search_term_string}\"},\"query-input\":{\"@type\":\"PropertyValueSpecification\",\"valueRequired\":true,\"valueName\":\"search_term_string\"}}],\"inLanguage\":\"es\"},{\"@type\":\"Organization\",\"@id\":\"https:\/\/www.padreeustaquio.com.br\/#organization\",\"name\":\"Padre Eust\u00e1quio\",\"url\":\"https:\/\/www.padreeustaquio.com.br\/\",\"logo\":{\"@type\":\"ImageObject\",\"inLanguage\":\"es\",\"@id\":\"https:\/\/www.padreeustaquio.com.br\/#\/schema\/logo\/image\/\",\"url\":\"https:\/\/www.padreeustaquio.com.br\/wp-content\/uploads\/2019\/08\/marca.png\",\"contentUrl\":\"https:\/\/www.padreeustaquio.com.br\/wp-content\/uploads\/2019\/08\/marca.png\",\"width\":350,\"height\":400,\"caption\":\"Padre Eust\u00e1quio\"},\"image\":{\"@id\":\"https:\/\/www.padreeustaquio.com.br\/#\/schema\/logo\/image\/\"},\"sameAs\":[\"https:\/\/www.facebook.com\/beatopadreeustaquio\/\",\"https:\/\/x.com\/beatopeustaquio\",\"https:\/\/www.instagram.com\/beatopadreeustaquio\/\",\"https:\/\/www.youtube.com\/channel\/UCRhw7vfabnajwLxb1ZXMeIw\"]},{\"@type\":\"Person\",\"@id\":\"https:\/\/www.padreeustaquio.com.br\/#\/schema\/person\/a2a51db1d00f1a7af0204a0f1ddb1566\",\"name\":\"@sscc\",\"image\":{\"@type\":\"ImageObject\",\"inLanguage\":\"es\",\"@id\":\"https:\/\/secure.gravatar.com\/avatar\/68cfafa5f44617fea54071e215026e0ff06be366c3d54a8425f04fdcb86f8c5f?s=96&d=mm&r=g\",\"url\":\"https:\/\/secure.gravatar.com\/avatar\/68cfafa5f44617fea54071e215026e0ff06be366c3d54a8425f04fdcb86f8c5f?s=96&d=mm&r=g\",\"contentUrl\":\"https:\/\/secure.gravatar.com\/avatar\/68cfafa5f44617fea54071e215026e0ff06be366c3d54a8425f04fdcb86f8c5f?s=96&d=mm&r=g\",\"caption\":\"@sscc\"},\"url\":\"https:\/\/www.padreeustaquio.com.br\/es\/author\/sscc\/\"}]}<\/script>\n<!-- \/ Yoast SEO plugin. -->","yoast_head_json":{"title":"Testimonio de un m\u00e9dico de Belo Horizonte retrata los \u00faltimos d\u00edas del padre Eust\u00e1quio.","description":"Un testimonio del m\u00e9dico Dr. Olinto Orsini Castro, hallado en el libro de testimonios del Tribunal para la Causa de Canonizaci\u00f3n del Padre Eust\u00e1quio, relata detalles de los \u00faltimos d\u00edas del beato. El testimonio est\u00e1 fechado el 14 de febrero de 1963.","robots":{"index":"index","follow":"follow","max-snippet":"max-snippet:-1","max-image-preview":"max-image-preview:large","max-video-preview":"max-video-preview:-1"},"canonical":"https:\/\/www.padreeustaquio.com.br\/es\/testimonio-de-un-medico-de-belo-horizonte-retrata-los-ultimos-dias-del-padre-eustaquio\/","og_locale":"es_ES","og_type":"article","og_title":"Depoimento de m\u00e9dico belorizontino retrata \u00faltimos dias de Padre Eust\u00e1quio","og_description":"Um depoimento do m\u00e9dico Dr. Olinto Orsini Castro, encontrado no livro de depoimentos do Tribunal para a Causa de Canoniza\u00e7\u00e3o do Padre Eust\u00e1quio, relata detalhes dos \u00faltimos dias de vida do Beato. O depoimento \u00e9 datado de 14 de fevereiro de 1963.","og_url":"https:\/\/www.padreeustaquio.com.br\/es\/testimonio-de-un-medico-de-belo-horizonte-retrata-los-ultimos-dias-del-padre-eustaquio\/","og_site_name":"Padre Eust\u00e1quio","article_publisher":"https:\/\/www.facebook.com\/beatopadreeustaquio\/","article_published_time":"2022-07-14T09:14:00+00:00","og_image":[{"width":853,"height":424,"url":"https:\/\/www.padreeustaquio.com.br\/wp-content\/uploads\/2022\/07\/Dr.-Orsini.png","type":"image\/png"}],"author":"@sscc","twitter_card":"summary_large_image","twitter_creator":"@beatopeustaquio","twitter_site":"@beatopeustaquio","twitter_misc":{"Escrito por":"@sscc","Tiempo de lectura":"2 minutos"},"schema":{"@context":"https:\/\/schema.org","@graph":[{"@type":"Article","@id":"https:\/\/www.padreeustaquio.com.br\/depoimento-de-medico-belorizontino-retrata-ultimos-dias-de-padre-eustaquio\/#article","isPartOf":{"@id":"https:\/\/www.padreeustaquio.com.br\/depoimento-de-medico-belorizontino-retrata-ultimos-dias-de-padre-eustaquio\/"},"author":{"name":"@sscc","@id":"https:\/\/www.padreeustaquio.com.br\/#\/schema\/person\/a2a51db1d00f1a7af0204a0f1ddb1566"},"headline":"Depoimento de m\u00e9dico belorizontino retrata \u00faltimos dias de Padre Eust\u00e1quio","datePublished":"2022-07-14T09:14:00+00:00","mainEntityOfPage":{"@id":"https:\/\/www.padreeustaquio.com.br\/depoimento-de-medico-belorizontino-retrata-ultimos-dias-de-padre-eustaquio\/"},"wordCount":459,"commentCount":0,"publisher":{"@id":"https:\/\/www.padreeustaquio.com.br\/#organization"},"image":{"@id":"https:\/\/www.padreeustaquio.com.br\/depoimento-de-medico-belorizontino-retrata-ultimos-dias-de-padre-eustaquio\/#primaryimage"},"thumbnailUrl":"https:\/\/www.padreeustaquio.com.br\/wp-content\/uploads\/2022\/07\/Dr.-Orsini.png","articleSection":["Not\u00edcias"],"inLanguage":"es","potentialAction":[{"@type":"CommentAction","name":"Comment","target":["https:\/\/www.padreeustaquio.com.br\/depoimento-de-medico-belorizontino-retrata-ultimos-dias-de-padre-eustaquio\/#respond"]}]},{"@type":"WebPage","@id":"https:\/\/www.padreeustaquio.com.br\/depoimento-de-medico-belorizontino-retrata-ultimos-dias-de-padre-eustaquio\/","url":"https:\/\/www.padreeustaquio.com.br\/depoimento-de-medico-belorizontino-retrata-ultimos-dias-de-padre-eustaquio\/","name":"Testimonio de un m\u00e9dico de Belo Horizonte retrata los \u00faltimos d\u00edas del padre Eust\u00e1quio.","isPartOf":{"@id":"https:\/\/www.padreeustaquio.com.br\/#website"},"primaryImageOfPage":{"@id":"https:\/\/www.padreeustaquio.com.br\/depoimento-de-medico-belorizontino-retrata-ultimos-dias-de-padre-eustaquio\/#primaryimage"},"image":{"@id":"https:\/\/www.padreeustaquio.com.br\/depoimento-de-medico-belorizontino-retrata-ultimos-dias-de-padre-eustaquio\/#primaryimage"},"thumbnailUrl":"https:\/\/www.padreeustaquio.com.br\/wp-content\/uploads\/2022\/07\/Dr.-Orsini.png","datePublished":"2022-07-14T09:14:00+00:00","description":"Un testimonio del m\u00e9dico Dr. Olinto Orsini Castro, hallado en el libro de testimonios del Tribunal para la Causa de Canonizaci\u00f3n del Padre Eust\u00e1quio, relata detalles de los \u00faltimos d\u00edas del beato. El testimonio est\u00e1 fechado el 14 de febrero de 1963.","breadcrumb":{"@id":"https:\/\/www.padreeustaquio.com.br\/depoimento-de-medico-belorizontino-retrata-ultimos-dias-de-padre-eustaquio\/#breadcrumb"},"inLanguage":"es","potentialAction":[{"@type":"ReadAction","target":["https:\/\/www.padreeustaquio.com.br\/depoimento-de-medico-belorizontino-retrata-ultimos-dias-de-padre-eustaquio\/"]}]},{"@type":"ImageObject","inLanguage":"es","@id":"https:\/\/www.padreeustaquio.com.br\/depoimento-de-medico-belorizontino-retrata-ultimos-dias-de-padre-eustaquio\/#primaryimage","url":"https:\/\/www.padreeustaquio.com.br\/wp-content\/uploads\/2022\/07\/Dr.-Orsini.png","contentUrl":"https:\/\/www.padreeustaquio.com.br\/wp-content\/uploads\/2022\/07\/Dr.-Orsini.png","width":853,"height":424},{"@type":"BreadcrumbList","@id":"https:\/\/www.padreeustaquio.com.br\/depoimento-de-medico-belorizontino-retrata-ultimos-dias-de-padre-eustaquio\/#breadcrumb","itemListElement":[{"@type":"ListItem","position":1,"name":"In\u00edcio","item":"https:\/\/www.padreeustaquio.com.br\/"},{"@type":"ListItem","position":2,"name":"Depoimento de m\u00e9dico belorizontino retrata \u00faltimos dias de Padre Eust\u00e1quio"}]},{"@type":"WebSite","@id":"https:\/\/www.padreeustaquio.com.br\/#website","url":"https:\/\/www.padreeustaquio.com.br\/","name":"Padre Eustace","description":"Salud y Paz","publisher":{"@id":"https:\/\/www.padreeustaquio.com.br\/#organization"},"potentialAction":[{"@type":"SearchAction","target":{"@type":"EntryPoint","urlTemplate":"https:\/\/www.padreeustaquio.com.br\/?s={search_term_string}"},"query-input":{"@type":"PropertyValueSpecification","valueRequired":true,"valueName":"search_term_string"}}],"inLanguage":"es"},{"@type":"Organization","@id":"https:\/\/www.padreeustaquio.com.br\/#organization","name":"Padre Eustace","url":"https:\/\/www.padreeustaquio.com.br\/","logo":{"@type":"ImageObject","inLanguage":"es","@id":"https:\/\/www.padreeustaquio.com.br\/#\/schema\/logo\/image\/","url":"https:\/\/www.padreeustaquio.com.br\/wp-content\/uploads\/2019\/08\/marca.png","contentUrl":"https:\/\/www.padreeustaquio.com.br\/wp-content\/uploads\/2019\/08\/marca.png","width":350,"height":400,"caption":"Padre Eust\u00e1quio"},"image":{"@id":"https:\/\/www.padreeustaquio.com.br\/#\/schema\/logo\/image\/"},"sameAs":["https:\/\/www.facebook.com\/beatopadreeustaquio\/","https:\/\/x.com\/beatopeustaquio","https:\/\/www.instagram.com\/beatopadreeustaquio\/","https:\/\/www.youtube.com\/channel\/UCRhw7vfabnajwLxb1ZXMeIw"]},{"@type":"Person","@id":"https:\/\/www.padreeustaquio.com.br\/#\/schema\/person\/a2a51db1d00f1a7af0204a0f1ddb1566","name":"@sscc","image":{"@type":"ImageObject","inLanguage":"es","@id":"https:\/\/secure.gravatar.com\/avatar\/68cfafa5f44617fea54071e215026e0ff06be366c3d54a8425f04fdcb86f8c5f?s=96&d=mm&r=g","url":"https:\/\/secure.gravatar.com\/avatar\/68cfafa5f44617fea54071e215026e0ff06be366c3d54a8425f04fdcb86f8c5f?s=96&d=mm&r=g","contentUrl":"https:\/\/secure.gravatar.com\/avatar\/68cfafa5f44617fea54071e215026e0ff06be366c3d54a8425f04fdcb86f8c5f?s=96&d=mm&r=g","caption":"@sscc"},"url":"https:\/\/www.padreeustaquio.com.br\/es\/author\/sscc\/"}]}},"_links":{"self":[{"href":"https:\/\/www.padreeustaquio.com.br\/es\/wp-json\/wp\/v2\/posts\/8963","targetHints":{"allow":["GET"]}}],"collection":[{"href":"https:\/\/www.padreeustaquio.com.br\/es\/wp-json\/wp\/v2\/posts"}],"about":[{"href":"https:\/\/www.padreeustaquio.com.br\/es\/wp-json\/wp\/v2\/types\/post"}],"author":[{"embeddable":true,"href":"https:\/\/www.padreeustaquio.com.br\/es\/wp-json\/wp\/v2\/users\/2"}],"replies":[{"embeddable":true,"href":"https:\/\/www.padreeustaquio.com.br\/es\/wp-json\/wp\/v2\/comments?post=8963"}],"version-history":[{"count":0,"href":"https:\/\/www.padreeustaquio.com.br\/es\/wp-json\/wp\/v2\/posts\/8963\/revisions"}],"wp:featuredmedia":[{"embeddable":true,"href":"https:\/\/www.padreeustaquio.com.br\/es\/wp-json\/wp\/v2\/media\/8964"}],"wp:attachment":[{"href":"https:\/\/www.padreeustaquio.com.br\/es\/wp-json\/wp\/v2\/media?parent=8963"}],"wp:term":[{"taxonomy":"category","embeddable":true,"href":"https:\/\/www.padreeustaquio.com.br\/es\/wp-json\/wp\/v2\/categories?post=8963"},{"taxonomy":"post_tag","embeddable":true,"href":"https:\/\/www.padreeustaquio.com.br\/es\/wp-json\/wp\/v2\/tags?post=8963"}],"curies":[{"name":"wp","href":"https:\/\/api.w.org\/{rel}","templated":true}]}}