{"id":8956,"date":"2022-07-12T07:40:12","date_gmt":"2022-07-12T10:40:12","guid":{"rendered":"https:\/\/www.padreeustaquio.com.br\/?p=8956"},"modified":"2022-07-12T07:46:43","modified_gmt":"2022-07-12T10:46:43","slug":"el-padre-eustaquio-y-la-condecoracion-del-rey-de-belgica-en-1920","status":"publish","type":"post","link":"https:\/\/www.padreeustaquio.com.br\/es\/el-padre-eustaquio-y-la-condecoracion-del-rey-de-belgica-en-1920\/","title":{"rendered":"El Padre Eust\u00e1quio y la condecoraci\u00f3n del Rey de B\u00e9lgica en 1920"},"content":{"rendered":"<p>En 1919, el Padre Eustace fue ordenado sacerdote. En los a\u00f1os siguientes, sirvi\u00f3 al pueblo holand\u00e9s en diversas misiones, distingui\u00e9ndose por su labor misionera, realizada con amor y constancia.<\/p>\n\n\n\n<p>Al a\u00f1o siguiente, el sacerdote empez\u00f3 a trabajar en una colonia de vidrieros belgas que, desde la Primera Guerra Mundial, se hab\u00edan establecido en Maassluis, un peque\u00f1o puerto del Mar del Norte cerca de R\u00f3terdam. Fue nombrado primer capell\u00e1n del lugar, un nombramiento dif\u00edcil, ya que hab\u00eda servido solo entre los valones.<\/p>\n\n\n\n<p>En sus primeros d\u00edas all\u00ed, el Padre Eust\u00e1quio se dio cuenta de que se encontraba en un lugar donde la gente viv\u00eda sin Dios y sin moral. La labor del Beato era ardua, y fue all\u00ed donde comenz\u00f3 su ministerio dedicado al cuidado de los enfermos y los que sufr\u00edan.<\/p>\n\n\n\n<p>La firmeza y el amor del Bendito al pr\u00f3jimo le granjearon la confianza de los habitantes de la colonia, y en poco tiempo la situaci\u00f3n cambi\u00f3. La dedicaci\u00f3n y el celo del Padre Eustaquio por la comunidad llevaron al rey Alberto I de B\u00e9lgica (1875-1934) a otorgarle el t\u00edtulo de \u201cCaballero de la Corona Belga\u201d.<\/p>\n\n\n\n<p>En el libro &quot;El Vicario de Po\u00e1&quot;, el Padre Ven\u00e2ncio describe algunos de los trabajos del Beato Padre Eust\u00e1quio mientras estaba en la colonia de vidrieros belgas:<\/p>\n\n\n\n<p><em>\u201cDedic\u00f3 especial atenci\u00f3n a los ni\u00f1os, organizando una escuela para ellos. Envi\u00f3 carta tras carta a los gobiernos holand\u00e9s y belga solicitando asistencia social. Acos\u00f3 a las embajadas y autoridades consulares con visitas, buscando conseguir una escuela dom\u00e9stica para ni\u00f1as, una clase de costura para mujeres j\u00f3venes y un lugar de entretenimiento o patrocinio para los hombres j\u00f3venes, para que no pasaran las noches en tabernas.\u201d<\/em><\/p>\n\n\n\n<p><\/p>","protected":false},"excerpt":{"rendered":"<p>Em 1919, Padre Eust\u00e1quio foi ordenado sacerdote. Nos anos seguintes ele serviu o povo holand\u00eas em diversas miss\u00f5es, se destacando com seu trabalho mission\u00e1rio feito com amor e firmeza. No ano seguinte, o padre assumiu os trabalhos em uma col\u00f4nia de vidraceiros belgas que, desde a Primeira Guerra Mundial, se estabeleceu em Maassluis, pequeno porto do Mar do Norte, pr\u00f3ximo a Rotterdam. Ele foi nomeado o primeiro capel\u00e3o do local, uma nomea\u00e7\u00e3o dif\u00edcil, j\u00e1 que serviu sozinho entre os val\u00f5es. J\u00e1 nos primeiros dias no local, Padre Eust\u00e1quio percebeu que estava em um lugar onde as pessoas viviam sem Deus [&hellip;]<\/p>\n","protected":false},"author":2,"featured_media":8957,"comment_status":"open","ping_status":"closed","sticky":false,"template":"","format":"standard","meta":{"_acf_changed":false,"footnotes":""},"categories":[611],"tags":[],"class_list":["post-8956","post","type-post","status-publish","format-standard","has-post-thumbnail","hentry","category-noticias"],"acf":[],"yoast_head":"<!-- This site is optimized with the Yoast SEO plugin v27.2 - https:\/\/yoast.com\/product\/yoast-seo-wordpress\/ -->\n<title>Padre Eust\u00e1quio e a condecora\u00e7\u00e3o do Rei da B\u00e9lgica em 1920<\/title>\n<meta name=\"description\" content=\"A firmeza do Bem-aventurado e o amor ao pr\u00f3ximo fizeram com que e ele ganhasse a confian\u00e7a das pessoas que moravam na col\u00f4nia e em pouco tempo a situa\u00e7\u00e3o do local mudou. A dedica\u00e7\u00e3o e o zelo de Padre Eust\u00e1quio pela comunidade fizeram com que o Rei da B\u00e9lgica o condecorasse com o t\u00edtulo de &quot;Cavaleiro da Coroa Belga&quot;.\" \/>\n<meta name=\"robots\" content=\"index, follow, max-snippet:-1, max-image-preview:large, max-video-preview:-1\" \/>\n<link rel=\"canonical\" href=\"https:\/\/www.padreeustaquio.com.br\/es\/el-padre-eustaquio-y-la-condecoracion-del-rey-de-belgica-en-1920\/\" \/>\n<meta property=\"og:locale\" content=\"es_ES\" \/>\n<meta property=\"og:type\" content=\"article\" \/>\n<meta property=\"og:title\" content=\"Padre Eust\u00e1quio e a condecora\u00e7\u00e3o do Rei da B\u00e9lgica em 1920\" \/>\n<meta property=\"og:description\" content=\"A firmeza do Bem-aventurado e o amor ao pr\u00f3ximo fizeram com que e ele ganhasse a confian\u00e7a das pessoas que moravam na col\u00f4nia e em pouco tempo a situa\u00e7\u00e3o do local mudou. A dedica\u00e7\u00e3o e o zelo de Padre Eust\u00e1quio pela comunidade fizeram com que o Rei da B\u00e9lgica o condecorasse com o t\u00edtulo de &quot;Cavaleiro da Coroa Belga&quot;.\" \/>\n<meta property=\"og:url\" content=\"https:\/\/www.padreeustaquio.com.br\/es\/el-padre-eustaquio-y-la-condecoracion-del-rey-de-belgica-en-1920\/\" \/>\n<meta property=\"og:site_name\" content=\"Padre Eust\u00e1quio\" \/>\n<meta property=\"article:publisher\" content=\"https:\/\/www.facebook.com\/beatopadreeustaquio\/\" \/>\n<meta property=\"article:published_time\" content=\"2022-07-12T10:40:12+00:00\" \/>\n<meta property=\"article:modified_time\" content=\"2022-07-12T10:46:43+00:00\" \/>\n<meta property=\"og:image\" content=\"https:\/\/www.padreeustaquio.com.br\/wp-content\/uploads\/2022\/07\/Na-foto-Padre-Eustaquio-usa-a-condecoracao-de-Cavaleiro-da-Coroa-Belga-no-peito.-e1657622795240.jpeg\" \/>\n\t<meta property=\"og:image:width\" content=\"798\" \/>\n\t<meta property=\"og:image:height\" content=\"392\" \/>\n\t<meta property=\"og:image:type\" content=\"image\/jpeg\" \/>\n<meta name=\"author\" content=\"@sscc\" \/>\n<meta name=\"twitter:card\" content=\"summary_large_image\" \/>\n<meta name=\"twitter:creator\" content=\"@beatopeustaquio\" \/>\n<meta name=\"twitter:site\" content=\"@beatopeustaquio\" \/>\n<meta name=\"twitter:label1\" content=\"Escrito por\" \/>\n\t<meta name=\"twitter:data1\" content=\"@sscc\" \/>\n\t<meta name=\"twitter:label2\" content=\"Tiempo de lectura\" \/>\n\t<meta name=\"twitter:data2\" content=\"2 minutos\" \/>\n<script type=\"application\/ld+json\" class=\"yoast-schema-graph\">{\"@context\":\"https:\/\/schema.org\",\"@graph\":[{\"@type\":\"Article\",\"@id\":\"https:\/\/www.padreeustaquio.com.br\/padre-eustaquio-e-a-condecoracao-do-rei-da-belgica-em-1920\/#article\",\"isPartOf\":{\"@id\":\"https:\/\/www.padreeustaquio.com.br\/padre-eustaquio-e-a-condecoracao-do-rei-da-belgica-em-1920\/\"},\"author\":{\"name\":\"@sscc\",\"@id\":\"https:\/\/www.padreeustaquio.com.br\/#\/schema\/person\/a2a51db1d00f1a7af0204a0f1ddb1566\"},\"headline\":\"Padre Eust\u00e1quio e a condecora\u00e7\u00e3o do Rei da B\u00e9lgica em 1920\",\"datePublished\":\"2022-07-12T10:40:12+00:00\",\"dateModified\":\"2022-07-12T10:46:43+00:00\",\"mainEntityOfPage\":{\"@id\":\"https:\/\/www.padreeustaquio.com.br\/padre-eustaquio-e-a-condecoracao-do-rei-da-belgica-em-1920\/\"},\"wordCount\":321,\"commentCount\":0,\"publisher\":{\"@id\":\"https:\/\/www.padreeustaquio.com.br\/#organization\"},\"image\":{\"@id\":\"https:\/\/www.padreeustaquio.com.br\/padre-eustaquio-e-a-condecoracao-do-rei-da-belgica-em-1920\/#primaryimage\"},\"thumbnailUrl\":\"https:\/\/www.padreeustaquio.com.br\/wp-content\/uploads\/2022\/07\/Na-foto-Padre-Eustaquio-usa-a-condecoracao-de-Cavaleiro-da-Coroa-Belga-no-peito.-e1657622795240.jpeg\",\"articleSection\":[\"Not\u00edcias\"],\"inLanguage\":\"es\",\"potentialAction\":[{\"@type\":\"CommentAction\",\"name\":\"Comment\",\"target\":[\"https:\/\/www.padreeustaquio.com.br\/padre-eustaquio-e-a-condecoracao-do-rei-da-belgica-em-1920\/#respond\"]}]},{\"@type\":\"WebPage\",\"@id\":\"https:\/\/www.padreeustaquio.com.br\/padre-eustaquio-e-a-condecoracao-do-rei-da-belgica-em-1920\/\",\"url\":\"https:\/\/www.padreeustaquio.com.br\/padre-eustaquio-e-a-condecoracao-do-rei-da-belgica-em-1920\/\",\"name\":\"Padre Eust\u00e1quio e a condecora\u00e7\u00e3o do Rei da B\u00e9lgica em 1920\",\"isPartOf\":{\"@id\":\"https:\/\/www.padreeustaquio.com.br\/#website\"},\"primaryImageOfPage\":{\"@id\":\"https:\/\/www.padreeustaquio.com.br\/padre-eustaquio-e-a-condecoracao-do-rei-da-belgica-em-1920\/#primaryimage\"},\"image\":{\"@id\":\"https:\/\/www.padreeustaquio.com.br\/padre-eustaquio-e-a-condecoracao-do-rei-da-belgica-em-1920\/#primaryimage\"},\"thumbnailUrl\":\"https:\/\/www.padreeustaquio.com.br\/wp-content\/uploads\/2022\/07\/Na-foto-Padre-Eustaquio-usa-a-condecoracao-de-Cavaleiro-da-Coroa-Belga-no-peito.-e1657622795240.jpeg\",\"datePublished\":\"2022-07-12T10:40:12+00:00\",\"dateModified\":\"2022-07-12T10:46:43+00:00\",\"description\":\"A firmeza do Bem-aventurado e o amor ao pr\u00f3ximo fizeram com que e ele ganhasse a confian\u00e7a das pessoas que moravam na col\u00f4nia e em pouco tempo a situa\u00e7\u00e3o do local mudou. A dedica\u00e7\u00e3o e o zelo de Padre Eust\u00e1quio pela comunidade fizeram com que o Rei da B\u00e9lgica o condecorasse com o t\u00edtulo de \\\"Cavaleiro da Coroa Belga\\\".\",\"breadcrumb\":{\"@id\":\"https:\/\/www.padreeustaquio.com.br\/padre-eustaquio-e-a-condecoracao-do-rei-da-belgica-em-1920\/#breadcrumb\"},\"inLanguage\":\"es\",\"potentialAction\":[{\"@type\":\"ReadAction\",\"target\":[\"https:\/\/www.padreeustaquio.com.br\/padre-eustaquio-e-a-condecoracao-do-rei-da-belgica-em-1920\/\"]}]},{\"@type\":\"ImageObject\",\"inLanguage\":\"es\",\"@id\":\"https:\/\/www.padreeustaquio.com.br\/padre-eustaquio-e-a-condecoracao-do-rei-da-belgica-em-1920\/#primaryimage\",\"url\":\"https:\/\/www.padreeustaquio.com.br\/wp-content\/uploads\/2022\/07\/Na-foto-Padre-Eustaquio-usa-a-condecoracao-de-Cavaleiro-da-Coroa-Belga-no-peito.-e1657622795240.jpeg\",\"contentUrl\":\"https:\/\/www.padreeustaquio.com.br\/wp-content\/uploads\/2022\/07\/Na-foto-Padre-Eustaquio-usa-a-condecoracao-de-Cavaleiro-da-Coroa-Belga-no-peito.-e1657622795240.jpeg\",\"width\":798,\"height\":392,\"caption\":\"Na foto, Padre Eust\u00e1quio (segundo sentado \u00e0 esquerda) usando a condecora\u00e7\u00e3o de \u201cCavaleiro da Coroa Belga\u201d no peito.\"},{\"@type\":\"BreadcrumbList\",\"@id\":\"https:\/\/www.padreeustaquio.com.br\/padre-eustaquio-e-a-condecoracao-do-rei-da-belgica-em-1920\/#breadcrumb\",\"itemListElement\":[{\"@type\":\"ListItem\",\"position\":1,\"name\":\"In\u00edcio\",\"item\":\"https:\/\/www.padreeustaquio.com.br\/\"},{\"@type\":\"ListItem\",\"position\":2,\"name\":\"Padre Eust\u00e1quio e a condecora\u00e7\u00e3o do Rei da B\u00e9lgica em 1920\"}]},{\"@type\":\"WebSite\",\"@id\":\"https:\/\/www.padreeustaquio.com.br\/#website\",\"url\":\"https:\/\/www.padreeustaquio.com.br\/\",\"name\":\"Padre Eust\u00e1quio\",\"description\":\"Sa\u00fade e Paz\",\"publisher\":{\"@id\":\"https:\/\/www.padreeustaquio.com.br\/#organization\"},\"potentialAction\":[{\"@type\":\"SearchAction\",\"target\":{\"@type\":\"EntryPoint\",\"urlTemplate\":\"https:\/\/www.padreeustaquio.com.br\/?s={search_term_string}\"},\"query-input\":{\"@type\":\"PropertyValueSpecification\",\"valueRequired\":true,\"valueName\":\"search_term_string\"}}],\"inLanguage\":\"es\"},{\"@type\":\"Organization\",\"@id\":\"https:\/\/www.padreeustaquio.com.br\/#organization\",\"name\":\"Padre Eust\u00e1quio\",\"url\":\"https:\/\/www.padreeustaquio.com.br\/\",\"logo\":{\"@type\":\"ImageObject\",\"inLanguage\":\"es\",\"@id\":\"https:\/\/www.padreeustaquio.com.br\/#\/schema\/logo\/image\/\",\"url\":\"https:\/\/www.padreeustaquio.com.br\/wp-content\/uploads\/2019\/08\/marca.png\",\"contentUrl\":\"https:\/\/www.padreeustaquio.com.br\/wp-content\/uploads\/2019\/08\/marca.png\",\"width\":350,\"height\":400,\"caption\":\"Padre Eust\u00e1quio\"},\"image\":{\"@id\":\"https:\/\/www.padreeustaquio.com.br\/#\/schema\/logo\/image\/\"},\"sameAs\":[\"https:\/\/www.facebook.com\/beatopadreeustaquio\/\",\"https:\/\/x.com\/beatopeustaquio\",\"https:\/\/www.instagram.com\/beatopadreeustaquio\/\",\"https:\/\/www.youtube.com\/channel\/UCRhw7vfabnajwLxb1ZXMeIw\"]},{\"@type\":\"Person\",\"@id\":\"https:\/\/www.padreeustaquio.com.br\/#\/schema\/person\/a2a51db1d00f1a7af0204a0f1ddb1566\",\"name\":\"@sscc\",\"image\":{\"@type\":\"ImageObject\",\"inLanguage\":\"es\",\"@id\":\"https:\/\/secure.gravatar.com\/avatar\/68cfafa5f44617fea54071e215026e0ff06be366c3d54a8425f04fdcb86f8c5f?s=96&d=mm&r=g\",\"url\":\"https:\/\/secure.gravatar.com\/avatar\/68cfafa5f44617fea54071e215026e0ff06be366c3d54a8425f04fdcb86f8c5f?s=96&d=mm&r=g\",\"contentUrl\":\"https:\/\/secure.gravatar.com\/avatar\/68cfafa5f44617fea54071e215026e0ff06be366c3d54a8425f04fdcb86f8c5f?s=96&d=mm&r=g\",\"caption\":\"@sscc\"},\"url\":\"https:\/\/www.padreeustaquio.com.br\/es\/author\/sscc\/\"}]}<\/script>\n<!-- \/ Yoast SEO plugin. -->","yoast_head_json":{"title":"El Padre Eust\u00e1quio y la condecoraci\u00f3n del Rey de B\u00e9lgica en 1920","description":"La firmeza y el amor del Bendito por el pr\u00f3jimo le granjearon la confianza de los habitantes de la colonia, y en poco tiempo la situaci\u00f3n cambi\u00f3. La dedicaci\u00f3n y el celo del Padre Eustaquio por la comunidad llevaron al Rey de B\u00e9lgica a otorgarle el t\u00edtulo de \"Caballero de la Corona Belga\".","robots":{"index":"index","follow":"follow","max-snippet":"max-snippet:-1","max-image-preview":"max-image-preview:large","max-video-preview":"max-video-preview:-1"},"canonical":"https:\/\/www.padreeustaquio.com.br\/es\/el-padre-eustaquio-y-la-condecoracion-del-rey-de-belgica-en-1920\/","og_locale":"es_ES","og_type":"article","og_title":"Padre Eust\u00e1quio e a condecora\u00e7\u00e3o do Rei da B\u00e9lgica em 1920","og_description":"A firmeza do Bem-aventurado e o amor ao pr\u00f3ximo fizeram com que e ele ganhasse a confian\u00e7a das pessoas que moravam na col\u00f4nia e em pouco tempo a situa\u00e7\u00e3o do local mudou. A dedica\u00e7\u00e3o e o zelo de Padre Eust\u00e1quio pela comunidade fizeram com que o Rei da B\u00e9lgica o condecorasse com o t\u00edtulo de \"Cavaleiro da Coroa Belga\".","og_url":"https:\/\/www.padreeustaquio.com.br\/es\/el-padre-eustaquio-y-la-condecoracion-del-rey-de-belgica-en-1920\/","og_site_name":"Padre Eust\u00e1quio","article_publisher":"https:\/\/www.facebook.com\/beatopadreeustaquio\/","article_published_time":"2022-07-12T10:40:12+00:00","article_modified_time":"2022-07-12T10:46:43+00:00","og_image":[{"width":798,"height":392,"url":"https:\/\/www.padreeustaquio.com.br\/wp-content\/uploads\/2022\/07\/Na-foto-Padre-Eustaquio-usa-a-condecoracao-de-Cavaleiro-da-Coroa-Belga-no-peito.-e1657622795240.jpeg","type":"image\/jpeg"}],"author":"@sscc","twitter_card":"summary_large_image","twitter_creator":"@beatopeustaquio","twitter_site":"@beatopeustaquio","twitter_misc":{"Escrito por":"@sscc","Tiempo de lectura":"2 minutos"},"schema":{"@context":"https:\/\/schema.org","@graph":[{"@type":"Article","@id":"https:\/\/www.padreeustaquio.com.br\/padre-eustaquio-e-a-condecoracao-do-rei-da-belgica-em-1920\/#article","isPartOf":{"@id":"https:\/\/www.padreeustaquio.com.br\/padre-eustaquio-e-a-condecoracao-do-rei-da-belgica-em-1920\/"},"author":{"name":"@sscc","@id":"https:\/\/www.padreeustaquio.com.br\/#\/schema\/person\/a2a51db1d00f1a7af0204a0f1ddb1566"},"headline":"Padre Eust\u00e1quio e a condecora\u00e7\u00e3o do Rei da B\u00e9lgica em 1920","datePublished":"2022-07-12T10:40:12+00:00","dateModified":"2022-07-12T10:46:43+00:00","mainEntityOfPage":{"@id":"https:\/\/www.padreeustaquio.com.br\/padre-eustaquio-e-a-condecoracao-do-rei-da-belgica-em-1920\/"},"wordCount":321,"commentCount":0,"publisher":{"@id":"https:\/\/www.padreeustaquio.com.br\/#organization"},"image":{"@id":"https:\/\/www.padreeustaquio.com.br\/padre-eustaquio-e-a-condecoracao-do-rei-da-belgica-em-1920\/#primaryimage"},"thumbnailUrl":"https:\/\/www.padreeustaquio.com.br\/wp-content\/uploads\/2022\/07\/Na-foto-Padre-Eustaquio-usa-a-condecoracao-de-Cavaleiro-da-Coroa-Belga-no-peito.-e1657622795240.jpeg","articleSection":["Not\u00edcias"],"inLanguage":"es","potentialAction":[{"@type":"CommentAction","name":"Comment","target":["https:\/\/www.padreeustaquio.com.br\/padre-eustaquio-e-a-condecoracao-do-rei-da-belgica-em-1920\/#respond"]}]},{"@type":"WebPage","@id":"https:\/\/www.padreeustaquio.com.br\/padre-eustaquio-e-a-condecoracao-do-rei-da-belgica-em-1920\/","url":"https:\/\/www.padreeustaquio.com.br\/padre-eustaquio-e-a-condecoracao-do-rei-da-belgica-em-1920\/","name":"El Padre Eust\u00e1quio y la condecoraci\u00f3n del Rey de B\u00e9lgica en 1920","isPartOf":{"@id":"https:\/\/www.padreeustaquio.com.br\/#website"},"primaryImageOfPage":{"@id":"https:\/\/www.padreeustaquio.com.br\/padre-eustaquio-e-a-condecoracao-do-rei-da-belgica-em-1920\/#primaryimage"},"image":{"@id":"https:\/\/www.padreeustaquio.com.br\/padre-eustaquio-e-a-condecoracao-do-rei-da-belgica-em-1920\/#primaryimage"},"thumbnailUrl":"https:\/\/www.padreeustaquio.com.br\/wp-content\/uploads\/2022\/07\/Na-foto-Padre-Eustaquio-usa-a-condecoracao-de-Cavaleiro-da-Coroa-Belga-no-peito.-e1657622795240.jpeg","datePublished":"2022-07-12T10:40:12+00:00","dateModified":"2022-07-12T10:46:43+00:00","description":"La firmeza y el amor del Bendito por el pr\u00f3jimo le granjearon la confianza de los habitantes de la colonia, y en poco tiempo la situaci\u00f3n cambi\u00f3. La dedicaci\u00f3n y el celo del Padre Eustaquio por la comunidad llevaron al Rey de B\u00e9lgica a otorgarle el t\u00edtulo de \"Caballero de la Corona Belga\".","breadcrumb":{"@id":"https:\/\/www.padreeustaquio.com.br\/padre-eustaquio-e-a-condecoracao-do-rei-da-belgica-em-1920\/#breadcrumb"},"inLanguage":"es","potentialAction":[{"@type":"ReadAction","target":["https:\/\/www.padreeustaquio.com.br\/padre-eustaquio-e-a-condecoracao-do-rei-da-belgica-em-1920\/"]}]},{"@type":"ImageObject","inLanguage":"es","@id":"https:\/\/www.padreeustaquio.com.br\/padre-eustaquio-e-a-condecoracao-do-rei-da-belgica-em-1920\/#primaryimage","url":"https:\/\/www.padreeustaquio.com.br\/wp-content\/uploads\/2022\/07\/Na-foto-Padre-Eustaquio-usa-a-condecoracao-de-Cavaleiro-da-Coroa-Belga-no-peito.-e1657622795240.jpeg","contentUrl":"https:\/\/www.padreeustaquio.com.br\/wp-content\/uploads\/2022\/07\/Na-foto-Padre-Eustaquio-usa-a-condecoracao-de-Cavaleiro-da-Coroa-Belga-no-peito.-e1657622795240.jpeg","width":798,"height":392,"caption":"Na foto, Padre Eust\u00e1quio (segundo sentado \u00e0 esquerda) usando a condecora\u00e7\u00e3o de \u201cCavaleiro da Coroa Belga\u201d no peito."},{"@type":"BreadcrumbList","@id":"https:\/\/www.padreeustaquio.com.br\/padre-eustaquio-e-a-condecoracao-do-rei-da-belgica-em-1920\/#breadcrumb","itemListElement":[{"@type":"ListItem","position":1,"name":"In\u00edcio","item":"https:\/\/www.padreeustaquio.com.br\/"},{"@type":"ListItem","position":2,"name":"Padre Eust\u00e1quio e a condecora\u00e7\u00e3o do Rei da B\u00e9lgica em 1920"}]},{"@type":"WebSite","@id":"https:\/\/www.padreeustaquio.com.br\/#website","url":"https:\/\/www.padreeustaquio.com.br\/","name":"Padre Eustace","description":"Salud y Paz","publisher":{"@id":"https:\/\/www.padreeustaquio.com.br\/#organization"},"potentialAction":[{"@type":"SearchAction","target":{"@type":"EntryPoint","urlTemplate":"https:\/\/www.padreeustaquio.com.br\/?s={search_term_string}"},"query-input":{"@type":"PropertyValueSpecification","valueRequired":true,"valueName":"search_term_string"}}],"inLanguage":"es"},{"@type":"Organization","@id":"https:\/\/www.padreeustaquio.com.br\/#organization","name":"Padre Eustace","url":"https:\/\/www.padreeustaquio.com.br\/","logo":{"@type":"ImageObject","inLanguage":"es","@id":"https:\/\/www.padreeustaquio.com.br\/#\/schema\/logo\/image\/","url":"https:\/\/www.padreeustaquio.com.br\/wp-content\/uploads\/2019\/08\/marca.png","contentUrl":"https:\/\/www.padreeustaquio.com.br\/wp-content\/uploads\/2019\/08\/marca.png","width":350,"height":400,"caption":"Padre Eust\u00e1quio"},"image":{"@id":"https:\/\/www.padreeustaquio.com.br\/#\/schema\/logo\/image\/"},"sameAs":["https:\/\/www.facebook.com\/beatopadreeustaquio\/","https:\/\/x.com\/beatopeustaquio","https:\/\/www.instagram.com\/beatopadreeustaquio\/","https:\/\/www.youtube.com\/channel\/UCRhw7vfabnajwLxb1ZXMeIw"]},{"@type":"Person","@id":"https:\/\/www.padreeustaquio.com.br\/#\/schema\/person\/a2a51db1d00f1a7af0204a0f1ddb1566","name":"@sscc","image":{"@type":"ImageObject","inLanguage":"es","@id":"https:\/\/secure.gravatar.com\/avatar\/68cfafa5f44617fea54071e215026e0ff06be366c3d54a8425f04fdcb86f8c5f?s=96&d=mm&r=g","url":"https:\/\/secure.gravatar.com\/avatar\/68cfafa5f44617fea54071e215026e0ff06be366c3d54a8425f04fdcb86f8c5f?s=96&d=mm&r=g","contentUrl":"https:\/\/secure.gravatar.com\/avatar\/68cfafa5f44617fea54071e215026e0ff06be366c3d54a8425f04fdcb86f8c5f?s=96&d=mm&r=g","caption":"@sscc"},"url":"https:\/\/www.padreeustaquio.com.br\/es\/author\/sscc\/"}]}},"_links":{"self":[{"href":"https:\/\/www.padreeustaquio.com.br\/es\/wp-json\/wp\/v2\/posts\/8956","targetHints":{"allow":["GET"]}}],"collection":[{"href":"https:\/\/www.padreeustaquio.com.br\/es\/wp-json\/wp\/v2\/posts"}],"about":[{"href":"https:\/\/www.padreeustaquio.com.br\/es\/wp-json\/wp\/v2\/types\/post"}],"author":[{"embeddable":true,"href":"https:\/\/www.padreeustaquio.com.br\/es\/wp-json\/wp\/v2\/users\/2"}],"replies":[{"embeddable":true,"href":"https:\/\/www.padreeustaquio.com.br\/es\/wp-json\/wp\/v2\/comments?post=8956"}],"version-history":[{"count":0,"href":"https:\/\/www.padreeustaquio.com.br\/es\/wp-json\/wp\/v2\/posts\/8956\/revisions"}],"wp:featuredmedia":[{"embeddable":true,"href":"https:\/\/www.padreeustaquio.com.br\/es\/wp-json\/wp\/v2\/media\/8957"}],"wp:attachment":[{"href":"https:\/\/www.padreeustaquio.com.br\/es\/wp-json\/wp\/v2\/media?parent=8956"}],"wp:term":[{"taxonomy":"category","embeddable":true,"href":"https:\/\/www.padreeustaquio.com.br\/es\/wp-json\/wp\/v2\/categories?post=8956"},{"taxonomy":"post_tag","embeddable":true,"href":"https:\/\/www.padreeustaquio.com.br\/es\/wp-json\/wp\/v2\/tags?post=8956"}],"curies":[{"name":"wp","href":"https:\/\/api.w.org\/{rel}","templated":true}]}}