{"id":8952,"date":"2022-07-11T08:46:54","date_gmt":"2022-07-11T11:46:54","guid":{"rendered":"https:\/\/www.padreeustaquio.com.br\/?p=8952"},"modified":"2022-07-11T08:46:55","modified_gmt":"2022-07-11T11:46:55","slug":"ecc-padre-eustaquio-celebra-el-dia-nacional-del-encuentro-de-los-matrimonios-con-cristo","status":"publish","type":"post","link":"https:\/\/www.padreeustaquio.com.br\/es\/ecc-padre-eustaquio-celebra-el-dia-nacional-del-encuentro-de-los-matrimonios-con-cristo\/","title":{"rendered":"ECC Padre Eust\u00e1quio celebra el D\u00eda Nacional del Encuentro de los Matrimonios con Cristo."},"content":{"rendered":"<p>El domingo 10 de julio fue un d\u00eda de celebraci\u00f3n para los grupos de la ECC de todo el pa\u00eds. El Encuentro de Parejas con Cristo celebr\u00f3 52 a\u00f1os de actividad, y en el Santuario Arquidiocesano de Salud y Paz no fue la excepci\u00f3n; desde temprano en la ma\u00f1ana, los miembros del movimiento celebraron el d\u00eda en la Iglesia del Padre Eustaquio con caf\u00e9 y misa.<\/p>\n\n\n\n<p>Por la ma\u00f1ana, el grupo ECC se encarg\u00f3 del caf\u00e9 dominical. La celebraci\u00f3n concluy\u00f3 con la Santa Misa a las 19:00 h, oficiada por el rector del Santuario, P. Vin\u00edcius Maciel SS.CC., quien invit\u00f3 a los participantes del movimiento a acercarse al altar y recibir un c\u00e1lido aplauso de los fieles asistentes.<\/p>\n\n\n\n<p>El padre Vinicius destac\u00f3 la importancia no s\u00f3lo de la ECC, sino tambi\u00e9n de los movimientos vinculados a ella, como EAC, EJC y MAC. <em>\u201cHermano Vanildo, lo llam\u00e9 al frente porque, como futuro sacerdote, necesita saber la importancia que tienen estas parejas en las parroquias donde sirven. \u00a1Sirven y trabajan arduamente en las iglesias donde existe el movimiento!,<\/em> dijo el rector al hermano Vanildo Lima Sena, SS.CC., que actualmente reside en la casa provincial en Belo Horizonte.<\/p>\n\n\n\n<p><strong>El ECC<\/strong><\/p>\n\n\n\n<p>El Encuentro de Parejas con Cristo (ECC) es un servicio de la Iglesia en favor de la evangelizaci\u00f3n de las familias. Busca construir el Reino de Dios aqu\u00ed y ahora, desde la familia y la comunidad parroquial, mostrando caminos para que las parejas se redescubran a s\u00ed mismas, a sus hijos, a la comunidad y, sobre todo, a Cristo. Para ello, busca comprender lo que significa ser Iglesia hoy y su compromiso con la dignidad de la persona humana y la justicia social.<br>&nbsp;<br>La evangelizaci\u00f3n del matrimonio y la familia es misi\u00f3n de toda la Iglesia, en la que todos los fieles deben cooperar seg\u00fan sus propias condiciones y vocaciones. Debe comenzar con el concepto preciso de matrimonio y familia, a la luz de la Revelaci\u00f3n, seg\u00fan el Magisterio de la Iglesia (Directrices Pastorales sobre el Matrimonio \u2013 CNBB Doc. n.\u00ba 12 \/ DN-p. 13).<\/p>\n\n\n\n<p><strong>\u00bfC\u00f3mo naci\u00f3?<\/strong><\/p>\n\n\n\n<p>El ECC (Encontro de Casais com Cristo) naci\u00f3 de la inquietud de un sacerdote, el P. Alfonso Pastore, quien dedic\u00f3 su vida sacerdotal a la Pastoral Familiar, a la Pastoral de la Salud y a la Pastoral Carcelaria.<\/p>\n\n\n\n<p>Comenz\u00f3 en 1970 en la Parroquia Nuestra Se\u00f1ora del Rosario en Vila Pomp\u00e9ia, S\u00e3o Paulo-SP. Como afirm\u00f3 su fundador, surgi\u00f3 por voluntad de Dios, y la presencia y actividad de la ECC en Brasil son prueba de la acci\u00f3n de Dios en la humanidad.<\/p>\n\n\n\n<p><\/p>\n\n\n\n<p><strong>**escrito con informaci\u00f3n de <em>paroquiadelucas.com.br<\/em><\/strong><\/p>","protected":false},"excerpt":{"rendered":"<p>O domingo (10\/07) foi de festa para os grupos de ECC em todo o pa\u00eds. O Encontro de Casais com Cristo completou 52 anos de atividade e, no Santu\u00e1rio Arquidiocesano da Sa\u00fade e da Paz n\u00e3o foi diferente; desde cedo, os integrantes do movimento comemoraram o dia na Igreja do Padre Eust\u00e1quio com cafezinho e missa. Na parte da manh\u00e3, o grupo do ECC ficou respons\u00e1vel pelo cafezinho dominical. A festa foi encerrada com a Santa Missa, \u00e0s 19h, celebrada pelo reitor do Santu\u00e1rio, Pe. Vin\u00edcius Maciel. SS.CC, que convidou os participantes do movimento a subirem no altar e receberem [&hellip;]<\/p>\n","protected":false},"author":2,"featured_media":8953,"comment_status":"open","ping_status":"closed","sticky":false,"template":"","format":"standard","meta":{"_acf_changed":false,"footnotes":""},"categories":[611],"tags":[],"class_list":["post-8952","post","type-post","status-publish","format-standard","has-post-thumbnail","hentry","category-noticias"],"acf":[],"yoast_head":"<!-- This site is optimized with the Yoast SEO plugin v27.2 - https:\/\/yoast.com\/product\/yoast-seo-wordpress\/ -->\n<title>ECC Padre Eust\u00e1quio celebra Dia Nacional do Encontro de Casais com Cristo<\/title>\n<meta name=\"description\" content=\"O domingo (10\/07) foi de festa para os grupos de ECC em todo o pa\u00eds. O Encontro de Casais com Cristo completou 52 anos de atividade e, no Santu\u00e1rio Arquidiocesano da Sa\u00fade e da Paz n\u00e3o foi diferente; desde cedo, os integrantes do movimento comemoraram o dia na Igreja do Padre Eust\u00e1quio com cafezinho e missa.\" \/>\n<meta name=\"robots\" content=\"index, follow, max-snippet:-1, max-image-preview:large, max-video-preview:-1\" \/>\n<link rel=\"canonical\" href=\"https:\/\/www.padreeustaquio.com.br\/es\/ecc-padre-eustaquio-celebra-el-dia-nacional-del-encuentro-de-los-matrimonios-con-cristo\/\" \/>\n<meta property=\"og:locale\" content=\"es_ES\" \/>\n<meta property=\"og:type\" content=\"article\" \/>\n<meta property=\"og:title\" content=\"ECC Padre Eust\u00e1quio celebra Dia Nacional do Encontro de Casais com Cristo\" \/>\n<meta property=\"og:description\" content=\"O domingo (10\/07) foi de festa para os grupos de ECC em todo o pa\u00eds. O Encontro de Casais com Cristo completou 52 anos de atividade e, no Santu\u00e1rio Arquidiocesano da Sa\u00fade e da Paz n\u00e3o foi diferente; desde cedo, os integrantes do movimento comemoraram o dia na Igreja do Padre Eust\u00e1quio com cafezinho e missa.\" \/>\n<meta property=\"og:url\" content=\"https:\/\/www.padreeustaquio.com.br\/es\/ecc-padre-eustaquio-celebra-el-dia-nacional-del-encuentro-de-los-matrimonios-con-cristo\/\" \/>\n<meta property=\"og:site_name\" content=\"Padre Eust\u00e1quio\" \/>\n<meta property=\"article:publisher\" content=\"https:\/\/www.facebook.com\/beatopadreeustaquio\/\" \/>\n<meta property=\"article:published_time\" content=\"2022-07-11T11:46:54+00:00\" \/>\n<meta property=\"article:modified_time\" content=\"2022-07-11T11:46:55+00:00\" \/>\n<meta property=\"og:image\" content=\"https:\/\/www.padreeustaquio.com.br\/wp-content\/uploads\/2022\/07\/Dia-Nacional-do-ECC-e1657539952496.jpeg\" \/>\n\t<meta property=\"og:image:width\" content=\"1360\" \/>\n\t<meta property=\"og:image:height\" content=\"840\" \/>\n\t<meta property=\"og:image:type\" content=\"image\/jpeg\" \/>\n<meta name=\"author\" content=\"@sscc\" \/>\n<meta name=\"twitter:card\" content=\"summary_large_image\" \/>\n<meta name=\"twitter:creator\" content=\"@beatopeustaquio\" \/>\n<meta name=\"twitter:site\" content=\"@beatopeustaquio\" \/>\n<meta name=\"twitter:label1\" content=\"Escrito por\" \/>\n\t<meta name=\"twitter:data1\" content=\"@sscc\" \/>\n\t<meta name=\"twitter:label2\" content=\"Tiempo de lectura\" \/>\n\t<meta name=\"twitter:data2\" content=\"2 minutos\" \/>\n<script type=\"application\/ld+json\" class=\"yoast-schema-graph\">{\"@context\":\"https:\/\/schema.org\",\"@graph\":[{\"@type\":\"Article\",\"@id\":\"https:\/\/www.padreeustaquio.com.br\/ecc-padre-eustaquio-celebra-dia-nacional-do-encontro-de-casais-com-cristo\/#article\",\"isPartOf\":{\"@id\":\"https:\/\/www.padreeustaquio.com.br\/ecc-padre-eustaquio-celebra-dia-nacional-do-encontro-de-casais-com-cristo\/\"},\"author\":{\"name\":\"@sscc\",\"@id\":\"https:\/\/www.padreeustaquio.com.br\/#\/schema\/person\/a2a51db1d00f1a7af0204a0f1ddb1566\"},\"headline\":\"ECC Padre Eust\u00e1quio celebra Dia Nacional do Encontro de Casais com Cristo\",\"datePublished\":\"2022-07-11T11:46:54+00:00\",\"dateModified\":\"2022-07-11T11:46:55+00:00\",\"mainEntityOfPage\":{\"@id\":\"https:\/\/www.padreeustaquio.com.br\/ecc-padre-eustaquio-celebra-dia-nacional-do-encontro-de-casais-com-cristo\/\"},\"wordCount\":457,\"commentCount\":0,\"publisher\":{\"@id\":\"https:\/\/www.padreeustaquio.com.br\/#organization\"},\"image\":{\"@id\":\"https:\/\/www.padreeustaquio.com.br\/ecc-padre-eustaquio-celebra-dia-nacional-do-encontro-de-casais-com-cristo\/#primaryimage\"},\"thumbnailUrl\":\"https:\/\/www.padreeustaquio.com.br\/wp-content\/uploads\/2022\/07\/Dia-Nacional-do-ECC-e1657539952496.jpeg\",\"articleSection\":[\"Not\u00edcias\"],\"inLanguage\":\"es\",\"potentialAction\":[{\"@type\":\"CommentAction\",\"name\":\"Comment\",\"target\":[\"https:\/\/www.padreeustaquio.com.br\/ecc-padre-eustaquio-celebra-dia-nacional-do-encontro-de-casais-com-cristo\/#respond\"]}]},{\"@type\":\"WebPage\",\"@id\":\"https:\/\/www.padreeustaquio.com.br\/ecc-padre-eustaquio-celebra-dia-nacional-do-encontro-de-casais-com-cristo\/\",\"url\":\"https:\/\/www.padreeustaquio.com.br\/ecc-padre-eustaquio-celebra-dia-nacional-do-encontro-de-casais-com-cristo\/\",\"name\":\"ECC Padre Eust\u00e1quio celebra Dia Nacional do Encontro de Casais com Cristo\",\"isPartOf\":{\"@id\":\"https:\/\/www.padreeustaquio.com.br\/#website\"},\"primaryImageOfPage\":{\"@id\":\"https:\/\/www.padreeustaquio.com.br\/ecc-padre-eustaquio-celebra-dia-nacional-do-encontro-de-casais-com-cristo\/#primaryimage\"},\"image\":{\"@id\":\"https:\/\/www.padreeustaquio.com.br\/ecc-padre-eustaquio-celebra-dia-nacional-do-encontro-de-casais-com-cristo\/#primaryimage\"},\"thumbnailUrl\":\"https:\/\/www.padreeustaquio.com.br\/wp-content\/uploads\/2022\/07\/Dia-Nacional-do-ECC-e1657539952496.jpeg\",\"datePublished\":\"2022-07-11T11:46:54+00:00\",\"dateModified\":\"2022-07-11T11:46:55+00:00\",\"description\":\"O domingo (10\/07) foi de festa para os grupos de ECC em todo o pa\u00eds. O Encontro de Casais com Cristo completou 52 anos de atividade e, no Santu\u00e1rio Arquidiocesano da Sa\u00fade e da Paz n\u00e3o foi diferente; desde cedo, os integrantes do movimento comemoraram o dia na Igreja do Padre Eust\u00e1quio com cafezinho e missa.\",\"breadcrumb\":{\"@id\":\"https:\/\/www.padreeustaquio.com.br\/ecc-padre-eustaquio-celebra-dia-nacional-do-encontro-de-casais-com-cristo\/#breadcrumb\"},\"inLanguage\":\"es\",\"potentialAction\":[{\"@type\":\"ReadAction\",\"target\":[\"https:\/\/www.padreeustaquio.com.br\/ecc-padre-eustaquio-celebra-dia-nacional-do-encontro-de-casais-com-cristo\/\"]}]},{\"@type\":\"ImageObject\",\"inLanguage\":\"es\",\"@id\":\"https:\/\/www.padreeustaquio.com.br\/ecc-padre-eustaquio-celebra-dia-nacional-do-encontro-de-casais-com-cristo\/#primaryimage\",\"url\":\"https:\/\/www.padreeustaquio.com.br\/wp-content\/uploads\/2022\/07\/Dia-Nacional-do-ECC-e1657539952496.jpeg\",\"contentUrl\":\"https:\/\/www.padreeustaquio.com.br\/wp-content\/uploads\/2022\/07\/Dia-Nacional-do-ECC-e1657539952496.jpeg\",\"width\":1360,\"height\":840},{\"@type\":\"BreadcrumbList\",\"@id\":\"https:\/\/www.padreeustaquio.com.br\/ecc-padre-eustaquio-celebra-dia-nacional-do-encontro-de-casais-com-cristo\/#breadcrumb\",\"itemListElement\":[{\"@type\":\"ListItem\",\"position\":1,\"name\":\"In\u00edcio\",\"item\":\"https:\/\/www.padreeustaquio.com.br\/\"},{\"@type\":\"ListItem\",\"position\":2,\"name\":\"ECC Padre Eust\u00e1quio celebra Dia Nacional do Encontro de Casais com Cristo\"}]},{\"@type\":\"WebSite\",\"@id\":\"https:\/\/www.padreeustaquio.com.br\/#website\",\"url\":\"https:\/\/www.padreeustaquio.com.br\/\",\"name\":\"Padre Eust\u00e1quio\",\"description\":\"Sa\u00fade e Paz\",\"publisher\":{\"@id\":\"https:\/\/www.padreeustaquio.com.br\/#organization\"},\"potentialAction\":[{\"@type\":\"SearchAction\",\"target\":{\"@type\":\"EntryPoint\",\"urlTemplate\":\"https:\/\/www.padreeustaquio.com.br\/?s={search_term_string}\"},\"query-input\":{\"@type\":\"PropertyValueSpecification\",\"valueRequired\":true,\"valueName\":\"search_term_string\"}}],\"inLanguage\":\"es\"},{\"@type\":\"Organization\",\"@id\":\"https:\/\/www.padreeustaquio.com.br\/#organization\",\"name\":\"Padre Eust\u00e1quio\",\"url\":\"https:\/\/www.padreeustaquio.com.br\/\",\"logo\":{\"@type\":\"ImageObject\",\"inLanguage\":\"es\",\"@id\":\"https:\/\/www.padreeustaquio.com.br\/#\/schema\/logo\/image\/\",\"url\":\"https:\/\/www.padreeustaquio.com.br\/wp-content\/uploads\/2019\/08\/marca.png\",\"contentUrl\":\"https:\/\/www.padreeustaquio.com.br\/wp-content\/uploads\/2019\/08\/marca.png\",\"width\":350,\"height\":400,\"caption\":\"Padre Eust\u00e1quio\"},\"image\":{\"@id\":\"https:\/\/www.padreeustaquio.com.br\/#\/schema\/logo\/image\/\"},\"sameAs\":[\"https:\/\/www.facebook.com\/beatopadreeustaquio\/\",\"https:\/\/x.com\/beatopeustaquio\",\"https:\/\/www.instagram.com\/beatopadreeustaquio\/\",\"https:\/\/www.youtube.com\/channel\/UCRhw7vfabnajwLxb1ZXMeIw\"]},{\"@type\":\"Person\",\"@id\":\"https:\/\/www.padreeustaquio.com.br\/#\/schema\/person\/a2a51db1d00f1a7af0204a0f1ddb1566\",\"name\":\"@sscc\",\"image\":{\"@type\":\"ImageObject\",\"inLanguage\":\"es\",\"@id\":\"https:\/\/secure.gravatar.com\/avatar\/68cfafa5f44617fea54071e215026e0ff06be366c3d54a8425f04fdcb86f8c5f?s=96&d=mm&r=g\",\"url\":\"https:\/\/secure.gravatar.com\/avatar\/68cfafa5f44617fea54071e215026e0ff06be366c3d54a8425f04fdcb86f8c5f?s=96&d=mm&r=g\",\"contentUrl\":\"https:\/\/secure.gravatar.com\/avatar\/68cfafa5f44617fea54071e215026e0ff06be366c3d54a8425f04fdcb86f8c5f?s=96&d=mm&r=g\",\"caption\":\"@sscc\"},\"url\":\"https:\/\/www.padreeustaquio.com.br\/es\/author\/sscc\/\"}]}<\/script>\n<!-- \/ Yoast SEO plugin. -->","yoast_head_json":{"title":"ECC Padre Eust\u00e1quio celebra el D\u00eda Nacional del Encuentro de los Matrimonios con Cristo.","description":"El domingo 10 de julio fue un d\u00eda de celebraci\u00f3n para los grupos de la ECC de todo el pa\u00eds. El Encuentro de Parejas con Cristo celebr\u00f3 52 a\u00f1os de actividad, y en el Santuario Arquidiocesano de Salud y Paz no fue la excepci\u00f3n; desde temprano en la ma\u00f1ana, los miembros del movimiento celebraron el d\u00eda en la Iglesia del Padre Eustaquio con caf\u00e9 y misa.","robots":{"index":"index","follow":"follow","max-snippet":"max-snippet:-1","max-image-preview":"max-image-preview:large","max-video-preview":"max-video-preview:-1"},"canonical":"https:\/\/www.padreeustaquio.com.br\/es\/ecc-padre-eustaquio-celebra-el-dia-nacional-del-encuentro-de-los-matrimonios-con-cristo\/","og_locale":"es_ES","og_type":"article","og_title":"ECC Padre Eust\u00e1quio celebra Dia Nacional do Encontro de Casais com Cristo","og_description":"O domingo (10\/07) foi de festa para os grupos de ECC em todo o pa\u00eds. O Encontro de Casais com Cristo completou 52 anos de atividade e, no Santu\u00e1rio Arquidiocesano da Sa\u00fade e da Paz n\u00e3o foi diferente; desde cedo, os integrantes do movimento comemoraram o dia na Igreja do Padre Eust\u00e1quio com cafezinho e missa.","og_url":"https:\/\/www.padreeustaquio.com.br\/es\/ecc-padre-eustaquio-celebra-el-dia-nacional-del-encuentro-de-los-matrimonios-con-cristo\/","og_site_name":"Padre Eust\u00e1quio","article_publisher":"https:\/\/www.facebook.com\/beatopadreeustaquio\/","article_published_time":"2022-07-11T11:46:54+00:00","article_modified_time":"2022-07-11T11:46:55+00:00","og_image":[{"width":1360,"height":840,"url":"https:\/\/www.padreeustaquio.com.br\/wp-content\/uploads\/2022\/07\/Dia-Nacional-do-ECC-e1657539952496.jpeg","type":"image\/jpeg"}],"author":"@sscc","twitter_card":"summary_large_image","twitter_creator":"@beatopeustaquio","twitter_site":"@beatopeustaquio","twitter_misc":{"Escrito por":"@sscc","Tiempo de lectura":"2 minutos"},"schema":{"@context":"https:\/\/schema.org","@graph":[{"@type":"Article","@id":"https:\/\/www.padreeustaquio.com.br\/ecc-padre-eustaquio-celebra-dia-nacional-do-encontro-de-casais-com-cristo\/#article","isPartOf":{"@id":"https:\/\/www.padreeustaquio.com.br\/ecc-padre-eustaquio-celebra-dia-nacional-do-encontro-de-casais-com-cristo\/"},"author":{"name":"@sscc","@id":"https:\/\/www.padreeustaquio.com.br\/#\/schema\/person\/a2a51db1d00f1a7af0204a0f1ddb1566"},"headline":"ECC Padre Eust\u00e1quio celebra Dia Nacional do Encontro de Casais com Cristo","datePublished":"2022-07-11T11:46:54+00:00","dateModified":"2022-07-11T11:46:55+00:00","mainEntityOfPage":{"@id":"https:\/\/www.padreeustaquio.com.br\/ecc-padre-eustaquio-celebra-dia-nacional-do-encontro-de-casais-com-cristo\/"},"wordCount":457,"commentCount":0,"publisher":{"@id":"https:\/\/www.padreeustaquio.com.br\/#organization"},"image":{"@id":"https:\/\/www.padreeustaquio.com.br\/ecc-padre-eustaquio-celebra-dia-nacional-do-encontro-de-casais-com-cristo\/#primaryimage"},"thumbnailUrl":"https:\/\/www.padreeustaquio.com.br\/wp-content\/uploads\/2022\/07\/Dia-Nacional-do-ECC-e1657539952496.jpeg","articleSection":["Not\u00edcias"],"inLanguage":"es","potentialAction":[{"@type":"CommentAction","name":"Comment","target":["https:\/\/www.padreeustaquio.com.br\/ecc-padre-eustaquio-celebra-dia-nacional-do-encontro-de-casais-com-cristo\/#respond"]}]},{"@type":"WebPage","@id":"https:\/\/www.padreeustaquio.com.br\/ecc-padre-eustaquio-celebra-dia-nacional-do-encontro-de-casais-com-cristo\/","url":"https:\/\/www.padreeustaquio.com.br\/ecc-padre-eustaquio-celebra-dia-nacional-do-encontro-de-casais-com-cristo\/","name":"ECC Padre Eust\u00e1quio celebra el D\u00eda Nacional del Encuentro de los Matrimonios con Cristo.","isPartOf":{"@id":"https:\/\/www.padreeustaquio.com.br\/#website"},"primaryImageOfPage":{"@id":"https:\/\/www.padreeustaquio.com.br\/ecc-padre-eustaquio-celebra-dia-nacional-do-encontro-de-casais-com-cristo\/#primaryimage"},"image":{"@id":"https:\/\/www.padreeustaquio.com.br\/ecc-padre-eustaquio-celebra-dia-nacional-do-encontro-de-casais-com-cristo\/#primaryimage"},"thumbnailUrl":"https:\/\/www.padreeustaquio.com.br\/wp-content\/uploads\/2022\/07\/Dia-Nacional-do-ECC-e1657539952496.jpeg","datePublished":"2022-07-11T11:46:54+00:00","dateModified":"2022-07-11T11:46:55+00:00","description":"El domingo 10 de julio fue un d\u00eda de celebraci\u00f3n para los grupos de la ECC de todo el pa\u00eds. El Encuentro de Parejas con Cristo celebr\u00f3 52 a\u00f1os de actividad, y en el Santuario Arquidiocesano de Salud y Paz no fue la excepci\u00f3n; desde temprano en la ma\u00f1ana, los miembros del movimiento celebraron el d\u00eda en la Iglesia del Padre Eustaquio con caf\u00e9 y misa.","breadcrumb":{"@id":"https:\/\/www.padreeustaquio.com.br\/ecc-padre-eustaquio-celebra-dia-nacional-do-encontro-de-casais-com-cristo\/#breadcrumb"},"inLanguage":"es","potentialAction":[{"@type":"ReadAction","target":["https:\/\/www.padreeustaquio.com.br\/ecc-padre-eustaquio-celebra-dia-nacional-do-encontro-de-casais-com-cristo\/"]}]},{"@type":"ImageObject","inLanguage":"es","@id":"https:\/\/www.padreeustaquio.com.br\/ecc-padre-eustaquio-celebra-dia-nacional-do-encontro-de-casais-com-cristo\/#primaryimage","url":"https:\/\/www.padreeustaquio.com.br\/wp-content\/uploads\/2022\/07\/Dia-Nacional-do-ECC-e1657539952496.jpeg","contentUrl":"https:\/\/www.padreeustaquio.com.br\/wp-content\/uploads\/2022\/07\/Dia-Nacional-do-ECC-e1657539952496.jpeg","width":1360,"height":840},{"@type":"BreadcrumbList","@id":"https:\/\/www.padreeustaquio.com.br\/ecc-padre-eustaquio-celebra-dia-nacional-do-encontro-de-casais-com-cristo\/#breadcrumb","itemListElement":[{"@type":"ListItem","position":1,"name":"In\u00edcio","item":"https:\/\/www.padreeustaquio.com.br\/"},{"@type":"ListItem","position":2,"name":"ECC Padre Eust\u00e1quio celebra Dia Nacional do Encontro de Casais com Cristo"}]},{"@type":"WebSite","@id":"https:\/\/www.padreeustaquio.com.br\/#website","url":"https:\/\/www.padreeustaquio.com.br\/","name":"Padre Eustace","description":"Salud y Paz","publisher":{"@id":"https:\/\/www.padreeustaquio.com.br\/#organization"},"potentialAction":[{"@type":"SearchAction","target":{"@type":"EntryPoint","urlTemplate":"https:\/\/www.padreeustaquio.com.br\/?s={search_term_string}"},"query-input":{"@type":"PropertyValueSpecification","valueRequired":true,"valueName":"search_term_string"}}],"inLanguage":"es"},{"@type":"Organization","@id":"https:\/\/www.padreeustaquio.com.br\/#organization","name":"Padre Eustace","url":"https:\/\/www.padreeustaquio.com.br\/","logo":{"@type":"ImageObject","inLanguage":"es","@id":"https:\/\/www.padreeustaquio.com.br\/#\/schema\/logo\/image\/","url":"https:\/\/www.padreeustaquio.com.br\/wp-content\/uploads\/2019\/08\/marca.png","contentUrl":"https:\/\/www.padreeustaquio.com.br\/wp-content\/uploads\/2019\/08\/marca.png","width":350,"height":400,"caption":"Padre Eust\u00e1quio"},"image":{"@id":"https:\/\/www.padreeustaquio.com.br\/#\/schema\/logo\/image\/"},"sameAs":["https:\/\/www.facebook.com\/beatopadreeustaquio\/","https:\/\/x.com\/beatopeustaquio","https:\/\/www.instagram.com\/beatopadreeustaquio\/","https:\/\/www.youtube.com\/channel\/UCRhw7vfabnajwLxb1ZXMeIw"]},{"@type":"Person","@id":"https:\/\/www.padreeustaquio.com.br\/#\/schema\/person\/a2a51db1d00f1a7af0204a0f1ddb1566","name":"@sscc","image":{"@type":"ImageObject","inLanguage":"es","@id":"https:\/\/secure.gravatar.com\/avatar\/68cfafa5f44617fea54071e215026e0ff06be366c3d54a8425f04fdcb86f8c5f?s=96&d=mm&r=g","url":"https:\/\/secure.gravatar.com\/avatar\/68cfafa5f44617fea54071e215026e0ff06be366c3d54a8425f04fdcb86f8c5f?s=96&d=mm&r=g","contentUrl":"https:\/\/secure.gravatar.com\/avatar\/68cfafa5f44617fea54071e215026e0ff06be366c3d54a8425f04fdcb86f8c5f?s=96&d=mm&r=g","caption":"@sscc"},"url":"https:\/\/www.padreeustaquio.com.br\/es\/author\/sscc\/"}]}},"_links":{"self":[{"href":"https:\/\/www.padreeustaquio.com.br\/es\/wp-json\/wp\/v2\/posts\/8952","targetHints":{"allow":["GET"]}}],"collection":[{"href":"https:\/\/www.padreeustaquio.com.br\/es\/wp-json\/wp\/v2\/posts"}],"about":[{"href":"https:\/\/www.padreeustaquio.com.br\/es\/wp-json\/wp\/v2\/types\/post"}],"author":[{"embeddable":true,"href":"https:\/\/www.padreeustaquio.com.br\/es\/wp-json\/wp\/v2\/users\/2"}],"replies":[{"embeddable":true,"href":"https:\/\/www.padreeustaquio.com.br\/es\/wp-json\/wp\/v2\/comments?post=8952"}],"version-history":[{"count":0,"href":"https:\/\/www.padreeustaquio.com.br\/es\/wp-json\/wp\/v2\/posts\/8952\/revisions"}],"wp:featuredmedia":[{"embeddable":true,"href":"https:\/\/www.padreeustaquio.com.br\/es\/wp-json\/wp\/v2\/media\/8953"}],"wp:attachment":[{"href":"https:\/\/www.padreeustaquio.com.br\/es\/wp-json\/wp\/v2\/media?parent=8952"}],"wp:term":[{"taxonomy":"category","embeddable":true,"href":"https:\/\/www.padreeustaquio.com.br\/es\/wp-json\/wp\/v2\/categories?post=8952"},{"taxonomy":"post_tag","embeddable":true,"href":"https:\/\/www.padreeustaquio.com.br\/es\/wp-json\/wp\/v2\/tags?post=8952"}],"curies":[{"name":"wp","href":"https:\/\/api.w.org\/{rel}","templated":true}]}}