{"id":8802,"date":"2022-06-14T06:39:00","date_gmt":"2022-06-14T09:39:00","guid":{"rendered":"https:\/\/www.padreeustaquio.com.br\/?p=8802"},"modified":"2022-06-10T20:15:01","modified_gmt":"2022-06-10T23:15:01","slug":"este-jueves-hay-un-programa-especial-en-el-canal-padre-eustaquio","status":"publish","type":"post","link":"https:\/\/www.padreeustaquio.com.br\/es\/este-jueves-hay-un-programa-especial-en-el-canal-padre-eustaquio\/","title":{"rendered":"Este jueves hay una programaci\u00f3n especial en Canal Padre Eust\u00e1quio"},"content":{"rendered":"<p>El equipo de producci\u00f3n audiovisual del Secretariado Nacional para la Causa de Canonizaci\u00f3n del Padre Eust\u00e1quio ha preparado un programa especial para el d\u00eda en que la Iglesia celebra el Cuerpo y la Sangre de Cristo. Adem\u00e1s de la transmisi\u00f3n de la Santa Misa a las 15:00 h y la procesi\u00f3n con el Sant\u00edsimo Sacramento, el Canal Padre Eust\u00e1quio presentar\u00e1 un momento de oraci\u00f3n y adoraci\u00f3n la noche del Corpus Christi.<\/p>\n\n\n\n<p>El programa &quot;M\u00fasica y Oraci\u00f3n&quot; fue grabado en la Capilla del Sant\u00edsimo Sacramento del Santuario de la Salud y la Paz, la Iglesia del Padre Eust\u00e1quio, por un amplio equipo de producci\u00f3n. En esta ocasi\u00f3n, la cantante Silvana Fel\u00edcio interpret\u00f3 una aut\u00e9ntica serenata a Jes\u00fas Eucarist\u00eda. Junto al tecladista Gustavo Cossenzo y ante el sagrario, cant\u00f3 c\u00e1nticos de adoraci\u00f3n y alabanza a la Sagrada Eucarist\u00eda.<\/p>\n\n\n\n<p>Podr\u00e1s ver el resultado de este musical en Canal Padre Eust\u00e1quio pasado ma\u00f1ana a partir de las 20:00. \u00a1No te lo pierdas!, <a href=\"https:\/\/www.youtube.com\/watch?v=LzD5wiSqe_U&amp;list=PL7SBzddW7Uzl0oioQ7sjYTdBCAD8PxigE\" target=\"_blank\" rel=\"noreferrer noopener\">HAGA CLIC AQU\u00cd<\/a> Haz clic en el enlace para acceder a la funci\u00f3n especial y a\u00f1ade un recordatorio para no olvidarla. \u00a1Ah, y comp\u00e1rtela con tus amigos y grupos de WhatsApp!.<\/p>\n\n\n\n<p><strong>\u201c&quot;M\u00fasica y oraci\u00f3n&quot;\u201d<\/strong><\/p>\n\n\n\n<p>La transmisi\u00f3n en vivo con m\u00fasica y oraciones del Canal Padre Eust\u00e1quio se realiz\u00f3 en noviembre pasado para concluir las celebraciones del 15.\u00ba aniversario de la Beatificaci\u00f3n del Padre Eust\u00e1quio. El 3 de noviembre, los j\u00f3venes del Ministerio de M\u00fasica &quot;Ama\u00ed-vos&quot; presentaron la vida del Padre Eust\u00e1quio a trav\u00e9s de la m\u00fasica. El Padre Edmar Oliveira, ss.cc., tambi\u00e9n particip\u00f3 en el musical con la historia del Padre Eust\u00e1quio y oraciones que hicieron de ese d\u00eda un momento especial de reflexi\u00f3n sobre la vida misionera.<\/p>\n\n\n\n<p>La idea es promover varias transmisiones en vivo con m\u00fasica y oraci\u00f3n para difundir la devoci\u00f3n al Padre Eustaquio y conducir a los fieles y devotos a ricos momentos de adoraci\u00f3n a Dios.<\/p>","protected":false},"excerpt":{"rendered":"<p>A equipe de produ\u00e7\u00e3o audiovisual do Secretariado Nacional para a Causa de Canoniza\u00e7\u00e3o de Padre Eust\u00e1quio preparou um programa especial para o dia em que a Igreja celebra o Corpo e o Sangue de Cristo. Al\u00e9m da transmiss\u00e3o da Santa Missa, \u00e0s 15h, e da prociss\u00e3o com o Sant\u00edssimo Sacramento, o Canal Padre Eust\u00e1quio vai apresentar um momento de ora\u00e7\u00e3o e adora\u00e7\u00e3o na noite de Corpus Christi. O programa \u201cM\u00fasica e Ora\u00e7\u00e3o\u201d foi gravado na Capela do Sant\u00edssimo do Santu\u00e1rio da Sa\u00fade e da Paz, a Igreja do Padre Eust\u00e1quio por uma grande equipe de produ\u00e7\u00e3o. Desta vez, a cantora [&hellip;]<\/p>\n","protected":false},"author":2,"featured_media":8803,"comment_status":"open","ping_status":"closed","sticky":false,"template":"","format":"standard","meta":{"_acf_changed":false,"footnotes":""},"categories":[611],"tags":[],"class_list":["post-8802","post","type-post","status-publish","format-standard","has-post-thumbnail","hentry","category-noticias"],"acf":[],"yoast_head":"<!-- This site is optimized with the Yoast SEO plugin v27.2 - https:\/\/yoast.com\/product\/yoast-seo-wordpress\/ -->\n<title>Nesta quinta-feira tem programa Especial no Canal Padre Eust\u00e1quio<\/title>\n<meta name=\"description\" content=\"A equipe de produ\u00e7\u00e3o audiovisual do Secretariado Nacional para a Causa de Canoniza\u00e7\u00e3o de Padre Eust\u00e1quio preparou um programa especial para o dia em que a Igreja celebra o Corpo e o Sangue de Cristo. Al\u00e9m da transmiss\u00e3o da Santa Missa, \u00e0s 15h, e da prociss\u00e3o com o Sant\u00edssimo Sacramento, o Canal Padre Eust\u00e1quio vai apresentar um momento de ora\u00e7\u00e3o e adora\u00e7\u00e3o na noite de Corpus Christi.\" \/>\n<meta name=\"robots\" content=\"index, follow, max-snippet:-1, max-image-preview:large, max-video-preview:-1\" \/>\n<link rel=\"canonical\" href=\"https:\/\/www.padreeustaquio.com.br\/es\/este-jueves-hay-un-programa-especial-en-el-canal-padre-eustaquio\/\" \/>\n<meta property=\"og:locale\" content=\"es_ES\" \/>\n<meta property=\"og:type\" content=\"article\" \/>\n<meta property=\"og:title\" content=\"Nesta quinta-feira tem programa Especial no Canal Padre Eust\u00e1quio\" \/>\n<meta property=\"og:description\" content=\"A equipe de produ\u00e7\u00e3o audiovisual do Secretariado Nacional para a Causa de Canoniza\u00e7\u00e3o de Padre Eust\u00e1quio preparou um programa especial para o dia em que a Igreja celebra o Corpo e o Sangue de Cristo. Al\u00e9m da transmiss\u00e3o da Santa Missa, \u00e0s 15h, e da prociss\u00e3o com o Sant\u00edssimo Sacramento, o Canal Padre Eust\u00e1quio vai apresentar um momento de ora\u00e7\u00e3o e adora\u00e7\u00e3o na noite de Corpus Christi.\" \/>\n<meta property=\"og:url\" content=\"https:\/\/www.padreeustaquio.com.br\/es\/este-jueves-hay-un-programa-especial-en-el-canal-padre-eustaquio\/\" \/>\n<meta property=\"og:site_name\" content=\"Padre Eust\u00e1quio\" \/>\n<meta property=\"article:publisher\" content=\"https:\/\/www.facebook.com\/beatopadreeustaquio\/\" \/>\n<meta property=\"article:published_time\" content=\"2022-06-14T09:39:00+00:00\" \/>\n<meta property=\"og:image\" content=\"https:\/\/www.padreeustaquio.com.br\/wp-content\/uploads\/2022\/06\/materia-site-padre-eustaquio.jpg\" \/>\n\t<meta property=\"og:image:width\" content=\"1920\" \/>\n\t<meta property=\"og:image:height\" content=\"1080\" \/>\n\t<meta property=\"og:image:type\" content=\"image\/jpeg\" \/>\n<meta name=\"author\" content=\"@sscc\" \/>\n<meta name=\"twitter:card\" content=\"summary_large_image\" \/>\n<meta name=\"twitter:creator\" content=\"@beatopeustaquio\" \/>\n<meta name=\"twitter:site\" content=\"@beatopeustaquio\" \/>\n<meta name=\"twitter:label1\" content=\"Escrito por\" \/>\n\t<meta name=\"twitter:data1\" content=\"@sscc\" \/>\n\t<meta name=\"twitter:label2\" content=\"Tiempo de lectura\" \/>\n\t<meta name=\"twitter:data2\" content=\"2 minutos\" \/>\n<script type=\"application\/ld+json\" class=\"yoast-schema-graph\">{\"@context\":\"https:\/\/schema.org\",\"@graph\":[{\"@type\":\"Article\",\"@id\":\"https:\/\/www.padreeustaquio.com.br\/nesta-quinta-feira-tem-programa-especial-no-canal-padre-eustaquio\/#article\",\"isPartOf\":{\"@id\":\"https:\/\/www.padreeustaquio.com.br\/nesta-quinta-feira-tem-programa-especial-no-canal-padre-eustaquio\/\"},\"author\":{\"name\":\"@sscc\",\"@id\":\"https:\/\/www.padreeustaquio.com.br\/#\/schema\/person\/a2a51db1d00f1a7af0204a0f1ddb1566\"},\"headline\":\"Nesta quinta-feira tem programa Especial no Canal Padre Eust\u00e1quio\",\"datePublished\":\"2022-06-14T09:39:00+00:00\",\"mainEntityOfPage\":{\"@id\":\"https:\/\/www.padreeustaquio.com.br\/nesta-quinta-feira-tem-programa-especial-no-canal-padre-eustaquio\/\"},\"wordCount\":343,\"commentCount\":0,\"publisher\":{\"@id\":\"https:\/\/www.padreeustaquio.com.br\/#organization\"},\"image\":{\"@id\":\"https:\/\/www.padreeustaquio.com.br\/nesta-quinta-feira-tem-programa-especial-no-canal-padre-eustaquio\/#primaryimage\"},\"thumbnailUrl\":\"https:\/\/www.padreeustaquio.com.br\/wp-content\/uploads\/2022\/06\/materia-site-padre-eustaquio.jpg\",\"articleSection\":[\"Not\u00edcias\"],\"inLanguage\":\"es\",\"potentialAction\":[{\"@type\":\"CommentAction\",\"name\":\"Comment\",\"target\":[\"https:\/\/www.padreeustaquio.com.br\/nesta-quinta-feira-tem-programa-especial-no-canal-padre-eustaquio\/#respond\"]}]},{\"@type\":\"WebPage\",\"@id\":\"https:\/\/www.padreeustaquio.com.br\/nesta-quinta-feira-tem-programa-especial-no-canal-padre-eustaquio\/\",\"url\":\"https:\/\/www.padreeustaquio.com.br\/nesta-quinta-feira-tem-programa-especial-no-canal-padre-eustaquio\/\",\"name\":\"Nesta quinta-feira tem programa Especial no Canal Padre Eust\u00e1quio\",\"isPartOf\":{\"@id\":\"https:\/\/www.padreeustaquio.com.br\/#website\"},\"primaryImageOfPage\":{\"@id\":\"https:\/\/www.padreeustaquio.com.br\/nesta-quinta-feira-tem-programa-especial-no-canal-padre-eustaquio\/#primaryimage\"},\"image\":{\"@id\":\"https:\/\/www.padreeustaquio.com.br\/nesta-quinta-feira-tem-programa-especial-no-canal-padre-eustaquio\/#primaryimage\"},\"thumbnailUrl\":\"https:\/\/www.padreeustaquio.com.br\/wp-content\/uploads\/2022\/06\/materia-site-padre-eustaquio.jpg\",\"datePublished\":\"2022-06-14T09:39:00+00:00\",\"description\":\"A equipe de produ\u00e7\u00e3o audiovisual do Secretariado Nacional para a Causa de Canoniza\u00e7\u00e3o de Padre Eust\u00e1quio preparou um programa especial para o dia em que a Igreja celebra o Corpo e o Sangue de Cristo. Al\u00e9m da transmiss\u00e3o da Santa Missa, \u00e0s 15h, e da prociss\u00e3o com o Sant\u00edssimo Sacramento, o Canal Padre Eust\u00e1quio vai apresentar um momento de ora\u00e7\u00e3o e adora\u00e7\u00e3o na noite de Corpus Christi.\",\"breadcrumb\":{\"@id\":\"https:\/\/www.padreeustaquio.com.br\/nesta-quinta-feira-tem-programa-especial-no-canal-padre-eustaquio\/#breadcrumb\"},\"inLanguage\":\"es\",\"potentialAction\":[{\"@type\":\"ReadAction\",\"target\":[\"https:\/\/www.padreeustaquio.com.br\/nesta-quinta-feira-tem-programa-especial-no-canal-padre-eustaquio\/\"]}]},{\"@type\":\"ImageObject\",\"inLanguage\":\"es\",\"@id\":\"https:\/\/www.padreeustaquio.com.br\/nesta-quinta-feira-tem-programa-especial-no-canal-padre-eustaquio\/#primaryimage\",\"url\":\"https:\/\/www.padreeustaquio.com.br\/wp-content\/uploads\/2022\/06\/materia-site-padre-eustaquio.jpg\",\"contentUrl\":\"https:\/\/www.padreeustaquio.com.br\/wp-content\/uploads\/2022\/06\/materia-site-padre-eustaquio.jpg\",\"width\":1920,\"height\":1080},{\"@type\":\"BreadcrumbList\",\"@id\":\"https:\/\/www.padreeustaquio.com.br\/nesta-quinta-feira-tem-programa-especial-no-canal-padre-eustaquio\/#breadcrumb\",\"itemListElement\":[{\"@type\":\"ListItem\",\"position\":1,\"name\":\"In\u00edcio\",\"item\":\"https:\/\/www.padreeustaquio.com.br\/\"},{\"@type\":\"ListItem\",\"position\":2,\"name\":\"Nesta quinta-feira tem programa Especial no Canal Padre Eust\u00e1quio\"}]},{\"@type\":\"WebSite\",\"@id\":\"https:\/\/www.padreeustaquio.com.br\/#website\",\"url\":\"https:\/\/www.padreeustaquio.com.br\/\",\"name\":\"Padre Eust\u00e1quio\",\"description\":\"Sa\u00fade e Paz\",\"publisher\":{\"@id\":\"https:\/\/www.padreeustaquio.com.br\/#organization\"},\"potentialAction\":[{\"@type\":\"SearchAction\",\"target\":{\"@type\":\"EntryPoint\",\"urlTemplate\":\"https:\/\/www.padreeustaquio.com.br\/?s={search_term_string}\"},\"query-input\":{\"@type\":\"PropertyValueSpecification\",\"valueRequired\":true,\"valueName\":\"search_term_string\"}}],\"inLanguage\":\"es\"},{\"@type\":\"Organization\",\"@id\":\"https:\/\/www.padreeustaquio.com.br\/#organization\",\"name\":\"Padre Eust\u00e1quio\",\"url\":\"https:\/\/www.padreeustaquio.com.br\/\",\"logo\":{\"@type\":\"ImageObject\",\"inLanguage\":\"es\",\"@id\":\"https:\/\/www.padreeustaquio.com.br\/#\/schema\/logo\/image\/\",\"url\":\"https:\/\/www.padreeustaquio.com.br\/wp-content\/uploads\/2019\/08\/marca.png\",\"contentUrl\":\"https:\/\/www.padreeustaquio.com.br\/wp-content\/uploads\/2019\/08\/marca.png\",\"width\":350,\"height\":400,\"caption\":\"Padre Eust\u00e1quio\"},\"image\":{\"@id\":\"https:\/\/www.padreeustaquio.com.br\/#\/schema\/logo\/image\/\"},\"sameAs\":[\"https:\/\/www.facebook.com\/beatopadreeustaquio\/\",\"https:\/\/x.com\/beatopeustaquio\",\"https:\/\/www.instagram.com\/beatopadreeustaquio\/\",\"https:\/\/www.youtube.com\/channel\/UCRhw7vfabnajwLxb1ZXMeIw\"]},{\"@type\":\"Person\",\"@id\":\"https:\/\/www.padreeustaquio.com.br\/#\/schema\/person\/a2a51db1d00f1a7af0204a0f1ddb1566\",\"name\":\"@sscc\",\"image\":{\"@type\":\"ImageObject\",\"inLanguage\":\"es\",\"@id\":\"https:\/\/secure.gravatar.com\/avatar\/68cfafa5f44617fea54071e215026e0ff06be366c3d54a8425f04fdcb86f8c5f?s=96&d=mm&r=g\",\"url\":\"https:\/\/secure.gravatar.com\/avatar\/68cfafa5f44617fea54071e215026e0ff06be366c3d54a8425f04fdcb86f8c5f?s=96&d=mm&r=g\",\"contentUrl\":\"https:\/\/secure.gravatar.com\/avatar\/68cfafa5f44617fea54071e215026e0ff06be366c3d54a8425f04fdcb86f8c5f?s=96&d=mm&r=g\",\"caption\":\"@sscc\"},\"url\":\"https:\/\/www.padreeustaquio.com.br\/es\/author\/sscc\/\"}]}<\/script>\n<!-- \/ Yoast SEO plugin. -->","yoast_head_json":{"title":"Este jueves hay una programaci\u00f3n especial en Canal Padre Eust\u00e1quio","description":"El equipo de producci\u00f3n audiovisual del Secretariado Nacional para la Causa de Canonizaci\u00f3n del Padre Eust\u00e1quio ha preparado un programa especial para el d\u00eda en que la Iglesia celebra el Cuerpo y la Sangre de Cristo. Adem\u00e1s de la transmisi\u00f3n de la Santa Misa a las 15:00 h y la procesi\u00f3n con el Sant\u00edsimo Sacramento, el Canal Padre Eust\u00e1quio presentar\u00e1 un momento de oraci\u00f3n y adoraci\u00f3n la noche del Corpus Christi.","robots":{"index":"index","follow":"follow","max-snippet":"max-snippet:-1","max-image-preview":"max-image-preview:large","max-video-preview":"max-video-preview:-1"},"canonical":"https:\/\/www.padreeustaquio.com.br\/es\/este-jueves-hay-un-programa-especial-en-el-canal-padre-eustaquio\/","og_locale":"es_ES","og_type":"article","og_title":"Nesta quinta-feira tem programa Especial no Canal Padre Eust\u00e1quio","og_description":"A equipe de produ\u00e7\u00e3o audiovisual do Secretariado Nacional para a Causa de Canoniza\u00e7\u00e3o de Padre Eust\u00e1quio preparou um programa especial para o dia em que a Igreja celebra o Corpo e o Sangue de Cristo. Al\u00e9m da transmiss\u00e3o da Santa Missa, \u00e0s 15h, e da prociss\u00e3o com o Sant\u00edssimo Sacramento, o Canal Padre Eust\u00e1quio vai apresentar um momento de ora\u00e7\u00e3o e adora\u00e7\u00e3o na noite de Corpus Christi.","og_url":"https:\/\/www.padreeustaquio.com.br\/es\/este-jueves-hay-un-programa-especial-en-el-canal-padre-eustaquio\/","og_site_name":"Padre Eust\u00e1quio","article_publisher":"https:\/\/www.facebook.com\/beatopadreeustaquio\/","article_published_time":"2022-06-14T09:39:00+00:00","og_image":[{"width":1920,"height":1080,"url":"https:\/\/www.padreeustaquio.com.br\/wp-content\/uploads\/2022\/06\/materia-site-padre-eustaquio.jpg","type":"image\/jpeg"}],"author":"@sscc","twitter_card":"summary_large_image","twitter_creator":"@beatopeustaquio","twitter_site":"@beatopeustaquio","twitter_misc":{"Escrito por":"@sscc","Tiempo de lectura":"2 minutos"},"schema":{"@context":"https:\/\/schema.org","@graph":[{"@type":"Article","@id":"https:\/\/www.padreeustaquio.com.br\/nesta-quinta-feira-tem-programa-especial-no-canal-padre-eustaquio\/#article","isPartOf":{"@id":"https:\/\/www.padreeustaquio.com.br\/nesta-quinta-feira-tem-programa-especial-no-canal-padre-eustaquio\/"},"author":{"name":"@sscc","@id":"https:\/\/www.padreeustaquio.com.br\/#\/schema\/person\/a2a51db1d00f1a7af0204a0f1ddb1566"},"headline":"Nesta quinta-feira tem programa Especial no Canal Padre Eust\u00e1quio","datePublished":"2022-06-14T09:39:00+00:00","mainEntityOfPage":{"@id":"https:\/\/www.padreeustaquio.com.br\/nesta-quinta-feira-tem-programa-especial-no-canal-padre-eustaquio\/"},"wordCount":343,"commentCount":0,"publisher":{"@id":"https:\/\/www.padreeustaquio.com.br\/#organization"},"image":{"@id":"https:\/\/www.padreeustaquio.com.br\/nesta-quinta-feira-tem-programa-especial-no-canal-padre-eustaquio\/#primaryimage"},"thumbnailUrl":"https:\/\/www.padreeustaquio.com.br\/wp-content\/uploads\/2022\/06\/materia-site-padre-eustaquio.jpg","articleSection":["Not\u00edcias"],"inLanguage":"es","potentialAction":[{"@type":"CommentAction","name":"Comment","target":["https:\/\/www.padreeustaquio.com.br\/nesta-quinta-feira-tem-programa-especial-no-canal-padre-eustaquio\/#respond"]}]},{"@type":"WebPage","@id":"https:\/\/www.padreeustaquio.com.br\/nesta-quinta-feira-tem-programa-especial-no-canal-padre-eustaquio\/","url":"https:\/\/www.padreeustaquio.com.br\/nesta-quinta-feira-tem-programa-especial-no-canal-padre-eustaquio\/","name":"Este jueves hay una programaci\u00f3n especial en Canal Padre Eust\u00e1quio","isPartOf":{"@id":"https:\/\/www.padreeustaquio.com.br\/#website"},"primaryImageOfPage":{"@id":"https:\/\/www.padreeustaquio.com.br\/nesta-quinta-feira-tem-programa-especial-no-canal-padre-eustaquio\/#primaryimage"},"image":{"@id":"https:\/\/www.padreeustaquio.com.br\/nesta-quinta-feira-tem-programa-especial-no-canal-padre-eustaquio\/#primaryimage"},"thumbnailUrl":"https:\/\/www.padreeustaquio.com.br\/wp-content\/uploads\/2022\/06\/materia-site-padre-eustaquio.jpg","datePublished":"2022-06-14T09:39:00+00:00","description":"El equipo de producci\u00f3n audiovisual del Secretariado Nacional para la Causa de Canonizaci\u00f3n del Padre Eust\u00e1quio ha preparado un programa especial para el d\u00eda en que la Iglesia celebra el Cuerpo y la Sangre de Cristo. Adem\u00e1s de la transmisi\u00f3n de la Santa Misa a las 15:00 h y la procesi\u00f3n con el Sant\u00edsimo Sacramento, el Canal Padre Eust\u00e1quio presentar\u00e1 un momento de oraci\u00f3n y adoraci\u00f3n la noche del Corpus Christi.","breadcrumb":{"@id":"https:\/\/www.padreeustaquio.com.br\/nesta-quinta-feira-tem-programa-especial-no-canal-padre-eustaquio\/#breadcrumb"},"inLanguage":"es","potentialAction":[{"@type":"ReadAction","target":["https:\/\/www.padreeustaquio.com.br\/nesta-quinta-feira-tem-programa-especial-no-canal-padre-eustaquio\/"]}]},{"@type":"ImageObject","inLanguage":"es","@id":"https:\/\/www.padreeustaquio.com.br\/nesta-quinta-feira-tem-programa-especial-no-canal-padre-eustaquio\/#primaryimage","url":"https:\/\/www.padreeustaquio.com.br\/wp-content\/uploads\/2022\/06\/materia-site-padre-eustaquio.jpg","contentUrl":"https:\/\/www.padreeustaquio.com.br\/wp-content\/uploads\/2022\/06\/materia-site-padre-eustaquio.jpg","width":1920,"height":1080},{"@type":"BreadcrumbList","@id":"https:\/\/www.padreeustaquio.com.br\/nesta-quinta-feira-tem-programa-especial-no-canal-padre-eustaquio\/#breadcrumb","itemListElement":[{"@type":"ListItem","position":1,"name":"In\u00edcio","item":"https:\/\/www.padreeustaquio.com.br\/"},{"@type":"ListItem","position":2,"name":"Nesta quinta-feira tem programa Especial no Canal Padre Eust\u00e1quio"}]},{"@type":"WebSite","@id":"https:\/\/www.padreeustaquio.com.br\/#website","url":"https:\/\/www.padreeustaquio.com.br\/","name":"Padre Eustace","description":"Salud y Paz","publisher":{"@id":"https:\/\/www.padreeustaquio.com.br\/#organization"},"potentialAction":[{"@type":"SearchAction","target":{"@type":"EntryPoint","urlTemplate":"https:\/\/www.padreeustaquio.com.br\/?s={search_term_string}"},"query-input":{"@type":"PropertyValueSpecification","valueRequired":true,"valueName":"search_term_string"}}],"inLanguage":"es"},{"@type":"Organization","@id":"https:\/\/www.padreeustaquio.com.br\/#organization","name":"Padre Eustace","url":"https:\/\/www.padreeustaquio.com.br\/","logo":{"@type":"ImageObject","inLanguage":"es","@id":"https:\/\/www.padreeustaquio.com.br\/#\/schema\/logo\/image\/","url":"https:\/\/www.padreeustaquio.com.br\/wp-content\/uploads\/2019\/08\/marca.png","contentUrl":"https:\/\/www.padreeustaquio.com.br\/wp-content\/uploads\/2019\/08\/marca.png","width":350,"height":400,"caption":"Padre Eust\u00e1quio"},"image":{"@id":"https:\/\/www.padreeustaquio.com.br\/#\/schema\/logo\/image\/"},"sameAs":["https:\/\/www.facebook.com\/beatopadreeustaquio\/","https:\/\/x.com\/beatopeustaquio","https:\/\/www.instagram.com\/beatopadreeustaquio\/","https:\/\/www.youtube.com\/channel\/UCRhw7vfabnajwLxb1ZXMeIw"]},{"@type":"Person","@id":"https:\/\/www.padreeustaquio.com.br\/#\/schema\/person\/a2a51db1d00f1a7af0204a0f1ddb1566","name":"@sscc","image":{"@type":"ImageObject","inLanguage":"es","@id":"https:\/\/secure.gravatar.com\/avatar\/68cfafa5f44617fea54071e215026e0ff06be366c3d54a8425f04fdcb86f8c5f?s=96&d=mm&r=g","url":"https:\/\/secure.gravatar.com\/avatar\/68cfafa5f44617fea54071e215026e0ff06be366c3d54a8425f04fdcb86f8c5f?s=96&d=mm&r=g","contentUrl":"https:\/\/secure.gravatar.com\/avatar\/68cfafa5f44617fea54071e215026e0ff06be366c3d54a8425f04fdcb86f8c5f?s=96&d=mm&r=g","caption":"@sscc"},"url":"https:\/\/www.padreeustaquio.com.br\/es\/author\/sscc\/"}]}},"_links":{"self":[{"href":"https:\/\/www.padreeustaquio.com.br\/es\/wp-json\/wp\/v2\/posts\/8802","targetHints":{"allow":["GET"]}}],"collection":[{"href":"https:\/\/www.padreeustaquio.com.br\/es\/wp-json\/wp\/v2\/posts"}],"about":[{"href":"https:\/\/www.padreeustaquio.com.br\/es\/wp-json\/wp\/v2\/types\/post"}],"author":[{"embeddable":true,"href":"https:\/\/www.padreeustaquio.com.br\/es\/wp-json\/wp\/v2\/users\/2"}],"replies":[{"embeddable":true,"href":"https:\/\/www.padreeustaquio.com.br\/es\/wp-json\/wp\/v2\/comments?post=8802"}],"version-history":[{"count":0,"href":"https:\/\/www.padreeustaquio.com.br\/es\/wp-json\/wp\/v2\/posts\/8802\/revisions"}],"wp:featuredmedia":[{"embeddable":true,"href":"https:\/\/www.padreeustaquio.com.br\/es\/wp-json\/wp\/v2\/media\/8803"}],"wp:attachment":[{"href":"https:\/\/www.padreeustaquio.com.br\/es\/wp-json\/wp\/v2\/media?parent=8802"}],"wp:term":[{"taxonomy":"category","embeddable":true,"href":"https:\/\/www.padreeustaquio.com.br\/es\/wp-json\/wp\/v2\/categories?post=8802"},{"taxonomy":"post_tag","embeddable":true,"href":"https:\/\/www.padreeustaquio.com.br\/es\/wp-json\/wp\/v2\/tags?post=8802"}],"curies":[{"name":"wp","href":"https:\/\/api.w.org\/{rel}","templated":true}]}}