{"id":8792,"date":"2022-06-13T06:26:00","date_gmt":"2022-06-13T09:26:00","guid":{"rendered":"https:\/\/www.padreeustaquio.com.br\/?p=8792"},"modified":"2022-06-10T18:26:56","modified_gmt":"2022-06-10T21:26:56","slug":"por-la-tarde-se-celebrara-la-misa-y-procesion-del-corpus-christi-en-la-iglesia-padre-eustaquio","status":"publish","type":"post","link":"https:\/\/www.padreeustaquio.com.br\/es\/por-la-tarde-se-celebrara-la-misa-y-procesion-del-corpus-christi-en-la-iglesia-padre-eustaquio\/","title":{"rendered":"Por la tarde se realizar\u00e1 la Misa y procesi\u00f3n del Corpus Christi en la Iglesia Padre Eust\u00e1quio."},"content":{"rendered":"<p>El pr\u00f3ximo jueves 16 de junio, los cat\u00f3licos de todo el mundo, en comuni\u00f3n con la Iglesia, celebran la Solemnidad del Cuerpo y la Sangre de Jes\u00fas. La festividad de <strong>Corpus Cristi <\/strong>Nos permite salir a las calles a proclamar p\u00fablicamente nuestra fe.<\/p>\n\n\n\n<p>En el Santuario Arquidiocesano de Salud y Paz, Iglesia del Beato Padre Eustaquio, se celebrar\u00e1 una misa por la ma\u00f1ana a las 7:00, sin procesi\u00f3n. Por la tarde, a las 15:00, tendr\u00e1 lugar la gran Celebraci\u00f3n Eucar\u00edstica, seguida de la Procesi\u00f3n de... <strong>Sant\u00edsimo Sacramento<\/strong> Por las calles del barrio Padre Eust\u00e1quio. Al finalizar la misa, el rector del Santuario, P. Vin\u00edcius Maciel, ss.cc., llevar\u00e1 el Sant\u00edsimo Sacramento y pronunciar\u00e1 las tres bendiciones sobre los fieles.<\/p>\n\n\n\n<p>La procesi\u00f3n saldr\u00e1 de la iglesia y continuar\u00e1 por la calle Castigliano, girando a la izquierda en la calle Riachuelo y continuando hasta la calle Bonaparte. Luego, la procesi\u00f3n entrar\u00e1 en la calle Itoror\u00f3 hasta la calle Ces\u00e1rio Alvim, regresando al Santuario. La misa de las 15:00 h y la procesi\u00f3n que la seguir\u00e1 se transmitir\u00e1n por el canal Padre Eust\u00e1quio en YouTube.<\/p>\n\n\n\n<p>A las 20:00, Canal Padre Eust\u00e1quio emitir\u00e1 un programa especial. Ser\u00e1 la segunda edici\u00f3n de... <strong>\u201c&quot;M\u00fasica y oraci\u00f3n&quot;\u201d<\/strong>, esta vez con el tema \u201c<strong>He aqu\u00ed el misterio de la fe<\/strong>\u201dSilvana Fel\u00edcio y Gustavo Cosenzzo cantar\u00e1n canciones de alabanza y adoraci\u00f3n al Cristo Eucar\u00edstico. El espect\u00e1culo comienza a las 20:00 h en el Canal Padre Eust\u00e1quio.<\/p>\n\n\n\n<p><\/p>","protected":false},"excerpt":{"rendered":"<p>Na pr\u00f3xima quinta-feira, dia 16 de junho, os cat\u00f3licos de todo o mundo, em comunh\u00e3o com a Igreja, celebram a Solenidade do Corpo e Sangue de Jesus. O feriado de Corpus Christi nos permite sair \u00e0s ruas para proclamar publicamente nossa f\u00e9. No Santu\u00e1rio Arquidiocesano da Sa\u00fade e da Paz, a Igreja do Beato Padre Eust\u00e1quio, haver\u00e1 missa pela manh\u00e3, \u00e0s 7h, sem prociss\u00e3o. J\u00e1 \u00e0 tarde, \u00e0s 15h, acontece a grande Celebra\u00e7\u00e3o Eucar\u00edstica seguida da Prociss\u00e3o do Sant\u00edssimo Sacramento pelas ruas do bairro Padre Eust\u00e1quio. Ao final da missa, o reitor do Santu\u00e1rio, Pe. Vin\u00edcius Maciel, ss.cc., conduzir\u00e1 o [&hellip;]<\/p>\n","protected":false},"author":2,"featured_media":8800,"comment_status":"open","ping_status":"closed","sticky":false,"template":"","format":"standard","meta":{"_acf_changed":false,"footnotes":""},"categories":[611],"tags":[],"class_list":["post-8792","post","type-post","status-publish","format-standard","has-post-thumbnail","hentry","category-noticias"],"acf":[],"yoast_head":"<!-- This site is optimized with the Yoast SEO plugin v27.2 - https:\/\/yoast.com\/product\/yoast-seo-wordpress\/ -->\n<title>Missa e prociss\u00e3o de Corpus Christi ser\u00e3o realizadas \u00e0 tarde na Igreja Padre Eust\u00e1quio<\/title>\n<meta name=\"description\" content=\"Na pr\u00f3xima quinta-feira, dia 16 de junho, os cat\u00f3licos de todo o mundo, em comunh\u00e3o com a Igreja, celebram a Solenidade do Corpo e Sangue de Jesus. O feriado de Corpus Christi nos permite sair \u00e0s ruas para proclamar publicamente nossa f\u00e9.\" \/>\n<meta name=\"robots\" content=\"index, follow, max-snippet:-1, max-image-preview:large, max-video-preview:-1\" \/>\n<link rel=\"canonical\" href=\"https:\/\/www.padreeustaquio.com.br\/es\/por-la-tarde-se-celebrara-la-misa-y-procesion-del-corpus-christi-en-la-iglesia-padre-eustaquio\/\" \/>\n<meta property=\"og:locale\" content=\"es_ES\" \/>\n<meta property=\"og:type\" content=\"article\" \/>\n<meta property=\"og:title\" content=\"Missa e prociss\u00e3o de Corpus Christi ser\u00e3o realizadas \u00e0 tarde na Igreja Padre Eust\u00e1quio\" \/>\n<meta property=\"og:description\" content=\"Na pr\u00f3xima quinta-feira, dia 16 de junho, os cat\u00f3licos de todo o mundo, em comunh\u00e3o com a Igreja, celebram a Solenidade do Corpo e Sangue de Jesus. O feriado de Corpus Christi nos permite sair \u00e0s ruas para proclamar publicamente nossa f\u00e9.\" \/>\n<meta property=\"og:url\" content=\"https:\/\/www.padreeustaquio.com.br\/es\/por-la-tarde-se-celebrara-la-misa-y-procesion-del-corpus-christi-en-la-iglesia-padre-eustaquio\/\" \/>\n<meta property=\"og:site_name\" content=\"Padre Eust\u00e1quio\" \/>\n<meta property=\"article:publisher\" content=\"https:\/\/www.facebook.com\/beatopadreeustaquio\/\" \/>\n<meta property=\"article:published_time\" content=\"2022-06-13T09:26:00+00:00\" \/>\n<meta property=\"og:image\" content=\"https:\/\/www.padreeustaquio.com.br\/wp-content\/uploads\/2022\/06\/Festa-de-Corpus-Christi-no-Padre-Eustaquio.jpeg\" \/>\n\t<meta property=\"og:image:width\" content=\"1280\" \/>\n\t<meta property=\"og:image:height\" content=\"853\" \/>\n\t<meta property=\"og:image:type\" content=\"image\/jpeg\" \/>\n<meta name=\"author\" content=\"@sscc\" \/>\n<meta name=\"twitter:card\" content=\"summary_large_image\" \/>\n<meta name=\"twitter:creator\" content=\"@beatopeustaquio\" \/>\n<meta name=\"twitter:site\" content=\"@beatopeustaquio\" \/>\n<meta name=\"twitter:label1\" content=\"Escrito por\" \/>\n\t<meta name=\"twitter:data1\" content=\"@sscc\" \/>\n\t<meta name=\"twitter:label2\" content=\"Tiempo de lectura\" \/>\n\t<meta name=\"twitter:data2\" content=\"1 minuto\" \/>\n<script type=\"application\/ld+json\" class=\"yoast-schema-graph\">{\"@context\":\"https:\/\/schema.org\",\"@graph\":[{\"@type\":\"Article\",\"@id\":\"https:\/\/www.padreeustaquio.com.br\/missa-e-procissao-de-corpus-christi-serao-realizadas-a-tarde-na-igreja-padre-eustaquio\/#article\",\"isPartOf\":{\"@id\":\"https:\/\/www.padreeustaquio.com.br\/missa-e-procissao-de-corpus-christi-serao-realizadas-a-tarde-na-igreja-padre-eustaquio\/\"},\"author\":{\"name\":\"@sscc\",\"@id\":\"https:\/\/www.padreeustaquio.com.br\/#\/schema\/person\/a2a51db1d00f1a7af0204a0f1ddb1566\"},\"headline\":\"Missa e prociss\u00e3o de Corpus Christi ser\u00e3o realizadas \u00e0 tarde na Igreja Padre Eust\u00e1quio\",\"datePublished\":\"2022-06-13T09:26:00+00:00\",\"mainEntityOfPage\":{\"@id\":\"https:\/\/www.padreeustaquio.com.br\/missa-e-procissao-de-corpus-christi-serao-realizadas-a-tarde-na-igreja-padre-eustaquio\/\"},\"wordCount\":269,\"commentCount\":0,\"publisher\":{\"@id\":\"https:\/\/www.padreeustaquio.com.br\/#organization\"},\"image\":{\"@id\":\"https:\/\/www.padreeustaquio.com.br\/missa-e-procissao-de-corpus-christi-serao-realizadas-a-tarde-na-igreja-padre-eustaquio\/#primaryimage\"},\"thumbnailUrl\":\"https:\/\/www.padreeustaquio.com.br\/wp-content\/uploads\/2022\/06\/Festa-de-Corpus-Christi-no-Padre-Eustaquio.jpeg\",\"articleSection\":[\"Not\u00edcias\"],\"inLanguage\":\"es\",\"potentialAction\":[{\"@type\":\"CommentAction\",\"name\":\"Comment\",\"target\":[\"https:\/\/www.padreeustaquio.com.br\/missa-e-procissao-de-corpus-christi-serao-realizadas-a-tarde-na-igreja-padre-eustaquio\/#respond\"]}]},{\"@type\":\"WebPage\",\"@id\":\"https:\/\/www.padreeustaquio.com.br\/missa-e-procissao-de-corpus-christi-serao-realizadas-a-tarde-na-igreja-padre-eustaquio\/\",\"url\":\"https:\/\/www.padreeustaquio.com.br\/missa-e-procissao-de-corpus-christi-serao-realizadas-a-tarde-na-igreja-padre-eustaquio\/\",\"name\":\"Missa e prociss\u00e3o de Corpus Christi ser\u00e3o realizadas \u00e0 tarde na Igreja Padre Eust\u00e1quio\",\"isPartOf\":{\"@id\":\"https:\/\/www.padreeustaquio.com.br\/#website\"},\"primaryImageOfPage\":{\"@id\":\"https:\/\/www.padreeustaquio.com.br\/missa-e-procissao-de-corpus-christi-serao-realizadas-a-tarde-na-igreja-padre-eustaquio\/#primaryimage\"},\"image\":{\"@id\":\"https:\/\/www.padreeustaquio.com.br\/missa-e-procissao-de-corpus-christi-serao-realizadas-a-tarde-na-igreja-padre-eustaquio\/#primaryimage\"},\"thumbnailUrl\":\"https:\/\/www.padreeustaquio.com.br\/wp-content\/uploads\/2022\/06\/Festa-de-Corpus-Christi-no-Padre-Eustaquio.jpeg\",\"datePublished\":\"2022-06-13T09:26:00+00:00\",\"description\":\"Na pr\u00f3xima quinta-feira, dia 16 de junho, os cat\u00f3licos de todo o mundo, em comunh\u00e3o com a Igreja, celebram a Solenidade do Corpo e Sangue de Jesus. O feriado de Corpus Christi nos permite sair \u00e0s ruas para proclamar publicamente nossa f\u00e9.\",\"breadcrumb\":{\"@id\":\"https:\/\/www.padreeustaquio.com.br\/missa-e-procissao-de-corpus-christi-serao-realizadas-a-tarde-na-igreja-padre-eustaquio\/#breadcrumb\"},\"inLanguage\":\"es\",\"potentialAction\":[{\"@type\":\"ReadAction\",\"target\":[\"https:\/\/www.padreeustaquio.com.br\/missa-e-procissao-de-corpus-christi-serao-realizadas-a-tarde-na-igreja-padre-eustaquio\/\"]}]},{\"@type\":\"ImageObject\",\"inLanguage\":\"es\",\"@id\":\"https:\/\/www.padreeustaquio.com.br\/missa-e-procissao-de-corpus-christi-serao-realizadas-a-tarde-na-igreja-padre-eustaquio\/#primaryimage\",\"url\":\"https:\/\/www.padreeustaquio.com.br\/wp-content\/uploads\/2022\/06\/Festa-de-Corpus-Christi-no-Padre-Eustaquio.jpeg\",\"contentUrl\":\"https:\/\/www.padreeustaquio.com.br\/wp-content\/uploads\/2022\/06\/Festa-de-Corpus-Christi-no-Padre-Eustaquio.jpeg\",\"width\":1280,\"height\":853,\"caption\":\"Festa de Corpus Christi no Santu\u00e1rio em 2019\"},{\"@type\":\"BreadcrumbList\",\"@id\":\"https:\/\/www.padreeustaquio.com.br\/missa-e-procissao-de-corpus-christi-serao-realizadas-a-tarde-na-igreja-padre-eustaquio\/#breadcrumb\",\"itemListElement\":[{\"@type\":\"ListItem\",\"position\":1,\"name\":\"In\u00edcio\",\"item\":\"https:\/\/www.padreeustaquio.com.br\/\"},{\"@type\":\"ListItem\",\"position\":2,\"name\":\"Missa e prociss\u00e3o de Corpus Christi ser\u00e3o realizadas \u00e0 tarde na Igreja Padre Eust\u00e1quio\"}]},{\"@type\":\"WebSite\",\"@id\":\"https:\/\/www.padreeustaquio.com.br\/#website\",\"url\":\"https:\/\/www.padreeustaquio.com.br\/\",\"name\":\"Padre Eust\u00e1quio\",\"description\":\"Sa\u00fade e Paz\",\"publisher\":{\"@id\":\"https:\/\/www.padreeustaquio.com.br\/#organization\"},\"potentialAction\":[{\"@type\":\"SearchAction\",\"target\":{\"@type\":\"EntryPoint\",\"urlTemplate\":\"https:\/\/www.padreeustaquio.com.br\/?s={search_term_string}\"},\"query-input\":{\"@type\":\"PropertyValueSpecification\",\"valueRequired\":true,\"valueName\":\"search_term_string\"}}],\"inLanguage\":\"es\"},{\"@type\":\"Organization\",\"@id\":\"https:\/\/www.padreeustaquio.com.br\/#organization\",\"name\":\"Padre Eust\u00e1quio\",\"url\":\"https:\/\/www.padreeustaquio.com.br\/\",\"logo\":{\"@type\":\"ImageObject\",\"inLanguage\":\"es\",\"@id\":\"https:\/\/www.padreeustaquio.com.br\/#\/schema\/logo\/image\/\",\"url\":\"https:\/\/www.padreeustaquio.com.br\/wp-content\/uploads\/2019\/08\/marca.png\",\"contentUrl\":\"https:\/\/www.padreeustaquio.com.br\/wp-content\/uploads\/2019\/08\/marca.png\",\"width\":350,\"height\":400,\"caption\":\"Padre Eust\u00e1quio\"},\"image\":{\"@id\":\"https:\/\/www.padreeustaquio.com.br\/#\/schema\/logo\/image\/\"},\"sameAs\":[\"https:\/\/www.facebook.com\/beatopadreeustaquio\/\",\"https:\/\/x.com\/beatopeustaquio\",\"https:\/\/www.instagram.com\/beatopadreeustaquio\/\",\"https:\/\/www.youtube.com\/channel\/UCRhw7vfabnajwLxb1ZXMeIw\"]},{\"@type\":\"Person\",\"@id\":\"https:\/\/www.padreeustaquio.com.br\/#\/schema\/person\/a2a51db1d00f1a7af0204a0f1ddb1566\",\"name\":\"@sscc\",\"image\":{\"@type\":\"ImageObject\",\"inLanguage\":\"es\",\"@id\":\"https:\/\/secure.gravatar.com\/avatar\/68cfafa5f44617fea54071e215026e0ff06be366c3d54a8425f04fdcb86f8c5f?s=96&d=mm&r=g\",\"url\":\"https:\/\/secure.gravatar.com\/avatar\/68cfafa5f44617fea54071e215026e0ff06be366c3d54a8425f04fdcb86f8c5f?s=96&d=mm&r=g\",\"contentUrl\":\"https:\/\/secure.gravatar.com\/avatar\/68cfafa5f44617fea54071e215026e0ff06be366c3d54a8425f04fdcb86f8c5f?s=96&d=mm&r=g\",\"caption\":\"@sscc\"},\"url\":\"https:\/\/www.padreeustaquio.com.br\/es\/author\/sscc\/\"}]}<\/script>\n<!-- \/ Yoast SEO plugin. -->","yoast_head_json":{"title":"Por la tarde se realizar\u00e1 la Misa y procesi\u00f3n del Corpus Christi en la Iglesia Padre Eust\u00e1quio.","description":"El pr\u00f3ximo jueves 16 de junio, los cat\u00f3licos de todo el mundo, en comuni\u00f3n con la Iglesia, celebramos la Solemnidad del Cuerpo y la Sangre de Jes\u00fas. La festividad del Corpus Christi nos permite salir a las calles a proclamar p\u00fablicamente nuestra fe.","robots":{"index":"index","follow":"follow","max-snippet":"max-snippet:-1","max-image-preview":"max-image-preview:large","max-video-preview":"max-video-preview:-1"},"canonical":"https:\/\/www.padreeustaquio.com.br\/es\/por-la-tarde-se-celebrara-la-misa-y-procesion-del-corpus-christi-en-la-iglesia-padre-eustaquio\/","og_locale":"es_ES","og_type":"article","og_title":"Missa e prociss\u00e3o de Corpus Christi ser\u00e3o realizadas \u00e0 tarde na Igreja Padre Eust\u00e1quio","og_description":"Na pr\u00f3xima quinta-feira, dia 16 de junho, os cat\u00f3licos de todo o mundo, em comunh\u00e3o com a Igreja, celebram a Solenidade do Corpo e Sangue de Jesus. O feriado de Corpus Christi nos permite sair \u00e0s ruas para proclamar publicamente nossa f\u00e9.","og_url":"https:\/\/www.padreeustaquio.com.br\/es\/por-la-tarde-se-celebrara-la-misa-y-procesion-del-corpus-christi-en-la-iglesia-padre-eustaquio\/","og_site_name":"Padre Eust\u00e1quio","article_publisher":"https:\/\/www.facebook.com\/beatopadreeustaquio\/","article_published_time":"2022-06-13T09:26:00+00:00","og_image":[{"width":1280,"height":853,"url":"https:\/\/www.padreeustaquio.com.br\/wp-content\/uploads\/2022\/06\/Festa-de-Corpus-Christi-no-Padre-Eustaquio.jpeg","type":"image\/jpeg"}],"author":"@sscc","twitter_card":"summary_large_image","twitter_creator":"@beatopeustaquio","twitter_site":"@beatopeustaquio","twitter_misc":{"Escrito por":"@sscc","Tiempo de lectura":"1 minuto"},"schema":{"@context":"https:\/\/schema.org","@graph":[{"@type":"Article","@id":"https:\/\/www.padreeustaquio.com.br\/missa-e-procissao-de-corpus-christi-serao-realizadas-a-tarde-na-igreja-padre-eustaquio\/#article","isPartOf":{"@id":"https:\/\/www.padreeustaquio.com.br\/missa-e-procissao-de-corpus-christi-serao-realizadas-a-tarde-na-igreja-padre-eustaquio\/"},"author":{"name":"@sscc","@id":"https:\/\/www.padreeustaquio.com.br\/#\/schema\/person\/a2a51db1d00f1a7af0204a0f1ddb1566"},"headline":"Missa e prociss\u00e3o de Corpus Christi ser\u00e3o realizadas \u00e0 tarde na Igreja Padre Eust\u00e1quio","datePublished":"2022-06-13T09:26:00+00:00","mainEntityOfPage":{"@id":"https:\/\/www.padreeustaquio.com.br\/missa-e-procissao-de-corpus-christi-serao-realizadas-a-tarde-na-igreja-padre-eustaquio\/"},"wordCount":269,"commentCount":0,"publisher":{"@id":"https:\/\/www.padreeustaquio.com.br\/#organization"},"image":{"@id":"https:\/\/www.padreeustaquio.com.br\/missa-e-procissao-de-corpus-christi-serao-realizadas-a-tarde-na-igreja-padre-eustaquio\/#primaryimage"},"thumbnailUrl":"https:\/\/www.padreeustaquio.com.br\/wp-content\/uploads\/2022\/06\/Festa-de-Corpus-Christi-no-Padre-Eustaquio.jpeg","articleSection":["Not\u00edcias"],"inLanguage":"es","potentialAction":[{"@type":"CommentAction","name":"Comment","target":["https:\/\/www.padreeustaquio.com.br\/missa-e-procissao-de-corpus-christi-serao-realizadas-a-tarde-na-igreja-padre-eustaquio\/#respond"]}]},{"@type":"WebPage","@id":"https:\/\/www.padreeustaquio.com.br\/missa-e-procissao-de-corpus-christi-serao-realizadas-a-tarde-na-igreja-padre-eustaquio\/","url":"https:\/\/www.padreeustaquio.com.br\/missa-e-procissao-de-corpus-christi-serao-realizadas-a-tarde-na-igreja-padre-eustaquio\/","name":"Por la tarde se realizar\u00e1 la Misa y procesi\u00f3n del Corpus Christi en la Iglesia Padre Eust\u00e1quio.","isPartOf":{"@id":"https:\/\/www.padreeustaquio.com.br\/#website"},"primaryImageOfPage":{"@id":"https:\/\/www.padreeustaquio.com.br\/missa-e-procissao-de-corpus-christi-serao-realizadas-a-tarde-na-igreja-padre-eustaquio\/#primaryimage"},"image":{"@id":"https:\/\/www.padreeustaquio.com.br\/missa-e-procissao-de-corpus-christi-serao-realizadas-a-tarde-na-igreja-padre-eustaquio\/#primaryimage"},"thumbnailUrl":"https:\/\/www.padreeustaquio.com.br\/wp-content\/uploads\/2022\/06\/Festa-de-Corpus-Christi-no-Padre-Eustaquio.jpeg","datePublished":"2022-06-13T09:26:00+00:00","description":"El pr\u00f3ximo jueves 16 de junio, los cat\u00f3licos de todo el mundo, en comuni\u00f3n con la Iglesia, celebramos la Solemnidad del Cuerpo y la Sangre de Jes\u00fas. La festividad del Corpus Christi nos permite salir a las calles a proclamar p\u00fablicamente nuestra fe.","breadcrumb":{"@id":"https:\/\/www.padreeustaquio.com.br\/missa-e-procissao-de-corpus-christi-serao-realizadas-a-tarde-na-igreja-padre-eustaquio\/#breadcrumb"},"inLanguage":"es","potentialAction":[{"@type":"ReadAction","target":["https:\/\/www.padreeustaquio.com.br\/missa-e-procissao-de-corpus-christi-serao-realizadas-a-tarde-na-igreja-padre-eustaquio\/"]}]},{"@type":"ImageObject","inLanguage":"es","@id":"https:\/\/www.padreeustaquio.com.br\/missa-e-procissao-de-corpus-christi-serao-realizadas-a-tarde-na-igreja-padre-eustaquio\/#primaryimage","url":"https:\/\/www.padreeustaquio.com.br\/wp-content\/uploads\/2022\/06\/Festa-de-Corpus-Christi-no-Padre-Eustaquio.jpeg","contentUrl":"https:\/\/www.padreeustaquio.com.br\/wp-content\/uploads\/2022\/06\/Festa-de-Corpus-Christi-no-Padre-Eustaquio.jpeg","width":1280,"height":853,"caption":"Festa de Corpus Christi no Santu\u00e1rio em 2019"},{"@type":"BreadcrumbList","@id":"https:\/\/www.padreeustaquio.com.br\/missa-e-procissao-de-corpus-christi-serao-realizadas-a-tarde-na-igreja-padre-eustaquio\/#breadcrumb","itemListElement":[{"@type":"ListItem","position":1,"name":"In\u00edcio","item":"https:\/\/www.padreeustaquio.com.br\/"},{"@type":"ListItem","position":2,"name":"Missa e prociss\u00e3o de Corpus Christi ser\u00e3o realizadas \u00e0 tarde na Igreja Padre Eust\u00e1quio"}]},{"@type":"WebSite","@id":"https:\/\/www.padreeustaquio.com.br\/#website","url":"https:\/\/www.padreeustaquio.com.br\/","name":"Padre Eustace","description":"Salud y Paz","publisher":{"@id":"https:\/\/www.padreeustaquio.com.br\/#organization"},"potentialAction":[{"@type":"SearchAction","target":{"@type":"EntryPoint","urlTemplate":"https:\/\/www.padreeustaquio.com.br\/?s={search_term_string}"},"query-input":{"@type":"PropertyValueSpecification","valueRequired":true,"valueName":"search_term_string"}}],"inLanguage":"es"},{"@type":"Organization","@id":"https:\/\/www.padreeustaquio.com.br\/#organization","name":"Padre Eustace","url":"https:\/\/www.padreeustaquio.com.br\/","logo":{"@type":"ImageObject","inLanguage":"es","@id":"https:\/\/www.padreeustaquio.com.br\/#\/schema\/logo\/image\/","url":"https:\/\/www.padreeustaquio.com.br\/wp-content\/uploads\/2019\/08\/marca.png","contentUrl":"https:\/\/www.padreeustaquio.com.br\/wp-content\/uploads\/2019\/08\/marca.png","width":350,"height":400,"caption":"Padre Eust\u00e1quio"},"image":{"@id":"https:\/\/www.padreeustaquio.com.br\/#\/schema\/logo\/image\/"},"sameAs":["https:\/\/www.facebook.com\/beatopadreeustaquio\/","https:\/\/x.com\/beatopeustaquio","https:\/\/www.instagram.com\/beatopadreeustaquio\/","https:\/\/www.youtube.com\/channel\/UCRhw7vfabnajwLxb1ZXMeIw"]},{"@type":"Person","@id":"https:\/\/www.padreeustaquio.com.br\/#\/schema\/person\/a2a51db1d00f1a7af0204a0f1ddb1566","name":"@sscc","image":{"@type":"ImageObject","inLanguage":"es","@id":"https:\/\/secure.gravatar.com\/avatar\/68cfafa5f44617fea54071e215026e0ff06be366c3d54a8425f04fdcb86f8c5f?s=96&d=mm&r=g","url":"https:\/\/secure.gravatar.com\/avatar\/68cfafa5f44617fea54071e215026e0ff06be366c3d54a8425f04fdcb86f8c5f?s=96&d=mm&r=g","contentUrl":"https:\/\/secure.gravatar.com\/avatar\/68cfafa5f44617fea54071e215026e0ff06be366c3d54a8425f04fdcb86f8c5f?s=96&d=mm&r=g","caption":"@sscc"},"url":"https:\/\/www.padreeustaquio.com.br\/es\/author\/sscc\/"}]}},"_links":{"self":[{"href":"https:\/\/www.padreeustaquio.com.br\/es\/wp-json\/wp\/v2\/posts\/8792","targetHints":{"allow":["GET"]}}],"collection":[{"href":"https:\/\/www.padreeustaquio.com.br\/es\/wp-json\/wp\/v2\/posts"}],"about":[{"href":"https:\/\/www.padreeustaquio.com.br\/es\/wp-json\/wp\/v2\/types\/post"}],"author":[{"embeddable":true,"href":"https:\/\/www.padreeustaquio.com.br\/es\/wp-json\/wp\/v2\/users\/2"}],"replies":[{"embeddable":true,"href":"https:\/\/www.padreeustaquio.com.br\/es\/wp-json\/wp\/v2\/comments?post=8792"}],"version-history":[{"count":0,"href":"https:\/\/www.padreeustaquio.com.br\/es\/wp-json\/wp\/v2\/posts\/8792\/revisions"}],"wp:featuredmedia":[{"embeddable":true,"href":"https:\/\/www.padreeustaquio.com.br\/es\/wp-json\/wp\/v2\/media\/8800"}],"wp:attachment":[{"href":"https:\/\/www.padreeustaquio.com.br\/es\/wp-json\/wp\/v2\/media?parent=8792"}],"wp:term":[{"taxonomy":"category","embeddable":true,"href":"https:\/\/www.padreeustaquio.com.br\/es\/wp-json\/wp\/v2\/categories?post=8792"},{"taxonomy":"post_tag","embeddable":true,"href":"https:\/\/www.padreeustaquio.com.br\/es\/wp-json\/wp\/v2\/tags?post=8792"}],"curies":[{"name":"wp","href":"https:\/\/api.w.org\/{rel}","templated":true}]}}