{"id":8789,"date":"2022-06-10T17:25:10","date_gmt":"2022-06-10T20:25:10","guid":{"rendered":"https:\/\/www.padreeustaquio.com.br\/?p=8789"},"modified":"2022-06-10T17:25:12","modified_gmt":"2022-06-10T20:25:12","slug":"voluntarios-se-organizan-para-confeccionar-las-alfombras-del-corpus-christi","status":"publish","type":"post","link":"https:\/\/www.padreeustaquio.com.br\/es\/voluntarios-se-organizan-para-confeccionar-las-alfombras-del-corpus-christi\/","title":{"rendered":"Voluntarios se organizan para confeccionar las alfombras del Corpus Christi."},"content":{"rendered":"<p>Liderados por el Hermano Wanderson Souza, ss.cc, voluntarios del Santuario Arquidiocesano de Salud y Paz, la Iglesia del Beato Padre Eust\u00e1quio, comenzaron a dise\u00f1ar las alfombras que se confeccionar\u00e1n el d\u00eda de Corpus Christi. Adem\u00e1s, muchas personas se han movilizado para conseguir suficiente material para cubrir toda la entrada de la plaza de la iglesia.<\/p>\n\n\n\n<p>Desde la semana pasada, la iglesia ha estado recibiendo donaciones de aserr\u00edn, pintura a cuadros, posos de caf\u00e9 e incluso comida para servir a los voluntarios que trabajar\u00e1n en la confecci\u00f3n de las alfombras. El trabajo ya comenz\u00f3 y ya se han comprado m\u00e1s de 100 metros de tela para cubrir el \u00e1rea donde se ensamblar\u00e1n las alfombras.<\/p>\n\n\n\n<p>Esta semana, muchas personas ayudaron a dise\u00f1ar las figuras que conformar\u00e1n el recorrido. Incluso un artista visual colaborar\u00e1 con la obra, que este a\u00f1o incluir\u00e1 una silueta del Padre Eustaquio y una imagen de San Dami\u00e1n de Molokai. El fin de semana, ni\u00f1os y j\u00f3venes de movimientos y grupos pastorales del Santuario te\u00f1ir\u00e1n el aserr\u00edn que se usar\u00e1 para colorear la plaza frente a la iglesia.<\/p>\n\n\n\n<p>La procesi\u00f3n del Corpus Christi tendr\u00e1 lugar este jueves 16 de junio, despu\u00e9s de la Celebraci\u00f3n Eucar\u00edstica de las 15:00 h, donde toda la Iglesia conmemorar\u00e1 el Cuerpo y la Sangre de Jes\u00fas. Tambi\u00e9n el d\u00eda 16, el Canal Padre Eust\u00e1quio transmitir\u00e1 un programa especial. Ser\u00e1 la segunda edici\u00f3n de &quot;M\u00fasica y Oraci\u00f3n&quot;, esta vez con el tema &quot;Contempla el Misterio de la Fe&quot;. Silvana Fel\u00edcio y Gustavo Cosenzzo cantar\u00e1n canciones de alabanza y adoraci\u00f3n al Cristo Eucar\u00edstico. El programa comienza a las 20:00 h en el Canal Padre Eust\u00e1quio.<\/p>","protected":false},"excerpt":{"rendered":"<p>Liderados pelo Irm\u00e3o Wanderson Souza, ss.cc, volunt\u00e1rios do Santu\u00e1rio Arquidiocesano da Sa\u00fade e da Paz, a Igreja do Beato Padre Eust\u00e1quio, come\u00e7aram a desenhar os tapetes que ser\u00e3o feitos no dia de Corpus Christi, al\u00e9m deles, muitas pessoas t\u00eam se mobilizado para conseguir material suficiente para cobrir toda a entrada da pra\u00e7a da igreja. Desde a semana passada, a Igreja tem recebido doa\u00e7\u00f5es de serragem, tinta xadrez, borra de caf\u00e9 e at\u00e9 alimentos para serem servidos aos volunt\u00e1rios que ir\u00e3o trabalhar na confec\u00e7\u00e3o dos tapetes. O trabalho j\u00e1 come\u00e7ou e mais de 100 metros de tecido j\u00e1 foram comprados para [&hellip;]<\/p>\n","protected":false},"author":2,"featured_media":8788,"comment_status":"open","ping_status":"closed","sticky":false,"template":"","format":"standard","meta":{"_acf_changed":false,"footnotes":""},"categories":[611],"tags":[],"class_list":["post-8789","post","type-post","status-publish","format-standard","has-post-thumbnail","hentry","category-noticias"],"acf":[],"yoast_head":"<!-- This site is optimized with the Yoast SEO plugin v27.2 - https:\/\/yoast.com\/product\/yoast-seo-wordpress\/ -->\n<title>Volunt\u00e1rios se organizam para a confec\u00e7\u00e3o dos tapetes de Corpus Christi<\/title>\n<meta name=\"description\" content=\"Liderados pelo Irm\u00e3o Wanderson Souza, ss.cc, volunt\u00e1rios do Santu\u00e1rio Arquidiocesano da Sa\u00fade e da Paz, a Igreja do Beato Padre Eust\u00e1quio, come\u00e7aram a desenhar os tapetes que ser\u00e3o feitos no dia de Corpus Christi, al\u00e9m deles, muitas pessoas t\u00eam se mobilizado para conseguir material suficiente para cobrir toda a entrada da pra\u00e7a da igreja.\" \/>\n<meta name=\"robots\" content=\"index, follow, max-snippet:-1, max-image-preview:large, max-video-preview:-1\" \/>\n<link rel=\"canonical\" href=\"https:\/\/www.padreeustaquio.com.br\/es\/voluntarios-se-organizan-para-confeccionar-las-alfombras-del-corpus-christi\/\" \/>\n<meta property=\"og:locale\" content=\"es_ES\" \/>\n<meta property=\"og:type\" content=\"article\" \/>\n<meta property=\"og:title\" content=\"Volunt\u00e1rios se organizam para a confec\u00e7\u00e3o dos tapetes de Corpus Christi\" \/>\n<meta property=\"og:description\" content=\"Liderados pelo Irm\u00e3o Wanderson Souza, ss.cc, volunt\u00e1rios do Santu\u00e1rio Arquidiocesano da Sa\u00fade e da Paz, a Igreja do Beato Padre Eust\u00e1quio, come\u00e7aram a desenhar os tapetes que ser\u00e3o feitos no dia de Corpus Christi, al\u00e9m deles, muitas pessoas t\u00eam se mobilizado para conseguir material suficiente para cobrir toda a entrada da pra\u00e7a da igreja.\" \/>\n<meta property=\"og:url\" content=\"https:\/\/www.padreeustaquio.com.br\/es\/voluntarios-se-organizan-para-confeccionar-las-alfombras-del-corpus-christi\/\" \/>\n<meta property=\"og:site_name\" content=\"Padre Eust\u00e1quio\" \/>\n<meta property=\"article:publisher\" content=\"https:\/\/www.facebook.com\/beatopadreeustaquio\/\" \/>\n<meta property=\"article:published_time\" content=\"2022-06-10T20:25:10+00:00\" \/>\n<meta property=\"article:modified_time\" content=\"2022-06-10T20:25:12+00:00\" \/>\n<meta property=\"og:image\" content=\"https:\/\/www.padreeustaquio.com.br\/wp-content\/uploads\/2022\/06\/confeccao-tapetes.jpg\" \/>\n\t<meta property=\"og:image:width\" content=\"748\" \/>\n\t<meta property=\"og:image:height\" content=\"394\" \/>\n\t<meta property=\"og:image:type\" content=\"image\/jpeg\" \/>\n<meta name=\"author\" content=\"@sscc\" \/>\n<meta name=\"twitter:card\" content=\"summary_large_image\" \/>\n<meta name=\"twitter:creator\" content=\"@beatopeustaquio\" \/>\n<meta name=\"twitter:site\" content=\"@beatopeustaquio\" \/>\n<meta name=\"twitter:label1\" content=\"Escrito por\" \/>\n\t<meta name=\"twitter:data1\" content=\"@sscc\" \/>\n\t<meta name=\"twitter:label2\" content=\"Tiempo de lectura\" \/>\n\t<meta name=\"twitter:data2\" content=\"2 minutos\" \/>\n<script type=\"application\/ld+json\" class=\"yoast-schema-graph\">{\"@context\":\"https:\/\/schema.org\",\"@graph\":[{\"@type\":\"Article\",\"@id\":\"https:\/\/www.padreeustaquio.com.br\/voluntarios-se-organizam-para-a-confeccao-dos-tapetes-de-corpus-christi\/#article\",\"isPartOf\":{\"@id\":\"https:\/\/www.padreeustaquio.com.br\/voluntarios-se-organizam-para-a-confeccao-dos-tapetes-de-corpus-christi\/\"},\"author\":{\"name\":\"@sscc\",\"@id\":\"https:\/\/www.padreeustaquio.com.br\/#\/schema\/person\/a2a51db1d00f1a7af0204a0f1ddb1566\"},\"headline\":\"Volunt\u00e1rios se organizam para a confec\u00e7\u00e3o dos tapetes de Corpus Christi\",\"datePublished\":\"2022-06-10T20:25:10+00:00\",\"dateModified\":\"2022-06-10T20:25:12+00:00\",\"mainEntityOfPage\":{\"@id\":\"https:\/\/www.padreeustaquio.com.br\/voluntarios-se-organizam-para-a-confeccao-dos-tapetes-de-corpus-christi\/\"},\"wordCount\":320,\"commentCount\":0,\"publisher\":{\"@id\":\"https:\/\/www.padreeustaquio.com.br\/#organization\"},\"image\":{\"@id\":\"https:\/\/www.padreeustaquio.com.br\/voluntarios-se-organizam-para-a-confeccao-dos-tapetes-de-corpus-christi\/#primaryimage\"},\"thumbnailUrl\":\"https:\/\/www.padreeustaquio.com.br\/wp-content\/uploads\/2022\/06\/confeccao-tapetes.jpg\",\"articleSection\":[\"Not\u00edcias\"],\"inLanguage\":\"es\",\"potentialAction\":[{\"@type\":\"CommentAction\",\"name\":\"Comment\",\"target\":[\"https:\/\/www.padreeustaquio.com.br\/voluntarios-se-organizam-para-a-confeccao-dos-tapetes-de-corpus-christi\/#respond\"]}]},{\"@type\":\"WebPage\",\"@id\":\"https:\/\/www.padreeustaquio.com.br\/voluntarios-se-organizam-para-a-confeccao-dos-tapetes-de-corpus-christi\/\",\"url\":\"https:\/\/www.padreeustaquio.com.br\/voluntarios-se-organizam-para-a-confeccao-dos-tapetes-de-corpus-christi\/\",\"name\":\"Volunt\u00e1rios se organizam para a confec\u00e7\u00e3o dos tapetes de Corpus Christi\",\"isPartOf\":{\"@id\":\"https:\/\/www.padreeustaquio.com.br\/#website\"},\"primaryImageOfPage\":{\"@id\":\"https:\/\/www.padreeustaquio.com.br\/voluntarios-se-organizam-para-a-confeccao-dos-tapetes-de-corpus-christi\/#primaryimage\"},\"image\":{\"@id\":\"https:\/\/www.padreeustaquio.com.br\/voluntarios-se-organizam-para-a-confeccao-dos-tapetes-de-corpus-christi\/#primaryimage\"},\"thumbnailUrl\":\"https:\/\/www.padreeustaquio.com.br\/wp-content\/uploads\/2022\/06\/confeccao-tapetes.jpg\",\"datePublished\":\"2022-06-10T20:25:10+00:00\",\"dateModified\":\"2022-06-10T20:25:12+00:00\",\"description\":\"Liderados pelo Irm\u00e3o Wanderson Souza, ss.cc, volunt\u00e1rios do Santu\u00e1rio Arquidiocesano da Sa\u00fade e da Paz, a Igreja do Beato Padre Eust\u00e1quio, come\u00e7aram a desenhar os tapetes que ser\u00e3o feitos no dia de Corpus Christi, al\u00e9m deles, muitas pessoas t\u00eam se mobilizado para conseguir material suficiente para cobrir toda a entrada da pra\u00e7a da igreja.\",\"breadcrumb\":{\"@id\":\"https:\/\/www.padreeustaquio.com.br\/voluntarios-se-organizam-para-a-confeccao-dos-tapetes-de-corpus-christi\/#breadcrumb\"},\"inLanguage\":\"es\",\"potentialAction\":[{\"@type\":\"ReadAction\",\"target\":[\"https:\/\/www.padreeustaquio.com.br\/voluntarios-se-organizam-para-a-confeccao-dos-tapetes-de-corpus-christi\/\"]}]},{\"@type\":\"ImageObject\",\"inLanguage\":\"es\",\"@id\":\"https:\/\/www.padreeustaquio.com.br\/voluntarios-se-organizam-para-a-confeccao-dos-tapetes-de-corpus-christi\/#primaryimage\",\"url\":\"https:\/\/www.padreeustaquio.com.br\/wp-content\/uploads\/2022\/06\/confeccao-tapetes.jpg\",\"contentUrl\":\"https:\/\/www.padreeustaquio.com.br\/wp-content\/uploads\/2022\/06\/confeccao-tapetes.jpg\",\"width\":748,\"height\":394},{\"@type\":\"BreadcrumbList\",\"@id\":\"https:\/\/www.padreeustaquio.com.br\/voluntarios-se-organizam-para-a-confeccao-dos-tapetes-de-corpus-christi\/#breadcrumb\",\"itemListElement\":[{\"@type\":\"ListItem\",\"position\":1,\"name\":\"In\u00edcio\",\"item\":\"https:\/\/www.padreeustaquio.com.br\/\"},{\"@type\":\"ListItem\",\"position\":2,\"name\":\"Volunt\u00e1rios se organizam para a confec\u00e7\u00e3o dos tapetes de Corpus Christi\"}]},{\"@type\":\"WebSite\",\"@id\":\"https:\/\/www.padreeustaquio.com.br\/#website\",\"url\":\"https:\/\/www.padreeustaquio.com.br\/\",\"name\":\"Padre Eust\u00e1quio\",\"description\":\"Sa\u00fade e Paz\",\"publisher\":{\"@id\":\"https:\/\/www.padreeustaquio.com.br\/#organization\"},\"potentialAction\":[{\"@type\":\"SearchAction\",\"target\":{\"@type\":\"EntryPoint\",\"urlTemplate\":\"https:\/\/www.padreeustaquio.com.br\/?s={search_term_string}\"},\"query-input\":{\"@type\":\"PropertyValueSpecification\",\"valueRequired\":true,\"valueName\":\"search_term_string\"}}],\"inLanguage\":\"es\"},{\"@type\":\"Organization\",\"@id\":\"https:\/\/www.padreeustaquio.com.br\/#organization\",\"name\":\"Padre Eust\u00e1quio\",\"url\":\"https:\/\/www.padreeustaquio.com.br\/\",\"logo\":{\"@type\":\"ImageObject\",\"inLanguage\":\"es\",\"@id\":\"https:\/\/www.padreeustaquio.com.br\/#\/schema\/logo\/image\/\",\"url\":\"https:\/\/www.padreeustaquio.com.br\/wp-content\/uploads\/2019\/08\/marca.png\",\"contentUrl\":\"https:\/\/www.padreeustaquio.com.br\/wp-content\/uploads\/2019\/08\/marca.png\",\"width\":350,\"height\":400,\"caption\":\"Padre Eust\u00e1quio\"},\"image\":{\"@id\":\"https:\/\/www.padreeustaquio.com.br\/#\/schema\/logo\/image\/\"},\"sameAs\":[\"https:\/\/www.facebook.com\/beatopadreeustaquio\/\",\"https:\/\/x.com\/beatopeustaquio\",\"https:\/\/www.instagram.com\/beatopadreeustaquio\/\",\"https:\/\/www.youtube.com\/channel\/UCRhw7vfabnajwLxb1ZXMeIw\"]},{\"@type\":\"Person\",\"@id\":\"https:\/\/www.padreeustaquio.com.br\/#\/schema\/person\/a2a51db1d00f1a7af0204a0f1ddb1566\",\"name\":\"@sscc\",\"image\":{\"@type\":\"ImageObject\",\"inLanguage\":\"es\",\"@id\":\"https:\/\/secure.gravatar.com\/avatar\/68cfafa5f44617fea54071e215026e0ff06be366c3d54a8425f04fdcb86f8c5f?s=96&d=mm&r=g\",\"url\":\"https:\/\/secure.gravatar.com\/avatar\/68cfafa5f44617fea54071e215026e0ff06be366c3d54a8425f04fdcb86f8c5f?s=96&d=mm&r=g\",\"contentUrl\":\"https:\/\/secure.gravatar.com\/avatar\/68cfafa5f44617fea54071e215026e0ff06be366c3d54a8425f04fdcb86f8c5f?s=96&d=mm&r=g\",\"caption\":\"@sscc\"},\"url\":\"https:\/\/www.padreeustaquio.com.br\/es\/author\/sscc\/\"}]}<\/script>\n<!-- \/ Yoast SEO plugin. -->","yoast_head_json":{"title":"Voluntarios se organizan para confeccionar las alfombras del Corpus Christi.","description":"Liderados por el Hermano Wanderson Souza, ss.cc, voluntarios del Santuario Arquidiocesano de Salud y Paz, la Iglesia del Beato Padre Eust\u00e1quio, comenzaron a dise\u00f1ar las alfombras que se confeccionar\u00e1n el d\u00eda de Corpus Christi. Adem\u00e1s, muchas personas se han movilizado para conseguir suficiente material para cubrir toda la entrada de la plaza de la iglesia.","robots":{"index":"index","follow":"follow","max-snippet":"max-snippet:-1","max-image-preview":"max-image-preview:large","max-video-preview":"max-video-preview:-1"},"canonical":"https:\/\/www.padreeustaquio.com.br\/es\/voluntarios-se-organizan-para-confeccionar-las-alfombras-del-corpus-christi\/","og_locale":"es_ES","og_type":"article","og_title":"Volunt\u00e1rios se organizam para a confec\u00e7\u00e3o dos tapetes de Corpus Christi","og_description":"Liderados pelo Irm\u00e3o Wanderson Souza, ss.cc, volunt\u00e1rios do Santu\u00e1rio Arquidiocesano da Sa\u00fade e da Paz, a Igreja do Beato Padre Eust\u00e1quio, come\u00e7aram a desenhar os tapetes que ser\u00e3o feitos no dia de Corpus Christi, al\u00e9m deles, muitas pessoas t\u00eam se mobilizado para conseguir material suficiente para cobrir toda a entrada da pra\u00e7a da igreja.","og_url":"https:\/\/www.padreeustaquio.com.br\/es\/voluntarios-se-organizan-para-confeccionar-las-alfombras-del-corpus-christi\/","og_site_name":"Padre Eust\u00e1quio","article_publisher":"https:\/\/www.facebook.com\/beatopadreeustaquio\/","article_published_time":"2022-06-10T20:25:10+00:00","article_modified_time":"2022-06-10T20:25:12+00:00","og_image":[{"width":748,"height":394,"url":"https:\/\/www.padreeustaquio.com.br\/wp-content\/uploads\/2022\/06\/confeccao-tapetes.jpg","type":"image\/jpeg"}],"author":"@sscc","twitter_card":"summary_large_image","twitter_creator":"@beatopeustaquio","twitter_site":"@beatopeustaquio","twitter_misc":{"Escrito por":"@sscc","Tiempo de lectura":"2 minutos"},"schema":{"@context":"https:\/\/schema.org","@graph":[{"@type":"Article","@id":"https:\/\/www.padreeustaquio.com.br\/voluntarios-se-organizam-para-a-confeccao-dos-tapetes-de-corpus-christi\/#article","isPartOf":{"@id":"https:\/\/www.padreeustaquio.com.br\/voluntarios-se-organizam-para-a-confeccao-dos-tapetes-de-corpus-christi\/"},"author":{"name":"@sscc","@id":"https:\/\/www.padreeustaquio.com.br\/#\/schema\/person\/a2a51db1d00f1a7af0204a0f1ddb1566"},"headline":"Volunt\u00e1rios se organizam para a confec\u00e7\u00e3o dos tapetes de Corpus Christi","datePublished":"2022-06-10T20:25:10+00:00","dateModified":"2022-06-10T20:25:12+00:00","mainEntityOfPage":{"@id":"https:\/\/www.padreeustaquio.com.br\/voluntarios-se-organizam-para-a-confeccao-dos-tapetes-de-corpus-christi\/"},"wordCount":320,"commentCount":0,"publisher":{"@id":"https:\/\/www.padreeustaquio.com.br\/#organization"},"image":{"@id":"https:\/\/www.padreeustaquio.com.br\/voluntarios-se-organizam-para-a-confeccao-dos-tapetes-de-corpus-christi\/#primaryimage"},"thumbnailUrl":"https:\/\/www.padreeustaquio.com.br\/wp-content\/uploads\/2022\/06\/confeccao-tapetes.jpg","articleSection":["Not\u00edcias"],"inLanguage":"es","potentialAction":[{"@type":"CommentAction","name":"Comment","target":["https:\/\/www.padreeustaquio.com.br\/voluntarios-se-organizam-para-a-confeccao-dos-tapetes-de-corpus-christi\/#respond"]}]},{"@type":"WebPage","@id":"https:\/\/www.padreeustaquio.com.br\/voluntarios-se-organizam-para-a-confeccao-dos-tapetes-de-corpus-christi\/","url":"https:\/\/www.padreeustaquio.com.br\/voluntarios-se-organizam-para-a-confeccao-dos-tapetes-de-corpus-christi\/","name":"Voluntarios se organizan para confeccionar las alfombras del Corpus Christi.","isPartOf":{"@id":"https:\/\/www.padreeustaquio.com.br\/#website"},"primaryImageOfPage":{"@id":"https:\/\/www.padreeustaquio.com.br\/voluntarios-se-organizam-para-a-confeccao-dos-tapetes-de-corpus-christi\/#primaryimage"},"image":{"@id":"https:\/\/www.padreeustaquio.com.br\/voluntarios-se-organizam-para-a-confeccao-dos-tapetes-de-corpus-christi\/#primaryimage"},"thumbnailUrl":"https:\/\/www.padreeustaquio.com.br\/wp-content\/uploads\/2022\/06\/confeccao-tapetes.jpg","datePublished":"2022-06-10T20:25:10+00:00","dateModified":"2022-06-10T20:25:12+00:00","description":"Liderados por el Hermano Wanderson Souza, ss.cc, voluntarios del Santuario Arquidiocesano de Salud y Paz, la Iglesia del Beato Padre Eust\u00e1quio, comenzaron a dise\u00f1ar las alfombras que se confeccionar\u00e1n el d\u00eda de Corpus Christi. Adem\u00e1s, muchas personas se han movilizado para conseguir suficiente material para cubrir toda la entrada de la plaza de la iglesia.","breadcrumb":{"@id":"https:\/\/www.padreeustaquio.com.br\/voluntarios-se-organizam-para-a-confeccao-dos-tapetes-de-corpus-christi\/#breadcrumb"},"inLanguage":"es","potentialAction":[{"@type":"ReadAction","target":["https:\/\/www.padreeustaquio.com.br\/voluntarios-se-organizam-para-a-confeccao-dos-tapetes-de-corpus-christi\/"]}]},{"@type":"ImageObject","inLanguage":"es","@id":"https:\/\/www.padreeustaquio.com.br\/voluntarios-se-organizam-para-a-confeccao-dos-tapetes-de-corpus-christi\/#primaryimage","url":"https:\/\/www.padreeustaquio.com.br\/wp-content\/uploads\/2022\/06\/confeccao-tapetes.jpg","contentUrl":"https:\/\/www.padreeustaquio.com.br\/wp-content\/uploads\/2022\/06\/confeccao-tapetes.jpg","width":748,"height":394},{"@type":"BreadcrumbList","@id":"https:\/\/www.padreeustaquio.com.br\/voluntarios-se-organizam-para-a-confeccao-dos-tapetes-de-corpus-christi\/#breadcrumb","itemListElement":[{"@type":"ListItem","position":1,"name":"In\u00edcio","item":"https:\/\/www.padreeustaquio.com.br\/"},{"@type":"ListItem","position":2,"name":"Volunt\u00e1rios se organizam para a confec\u00e7\u00e3o dos tapetes de Corpus Christi"}]},{"@type":"WebSite","@id":"https:\/\/www.padreeustaquio.com.br\/#website","url":"https:\/\/www.padreeustaquio.com.br\/","name":"Padre Eustace","description":"Salud y Paz","publisher":{"@id":"https:\/\/www.padreeustaquio.com.br\/#organization"},"potentialAction":[{"@type":"SearchAction","target":{"@type":"EntryPoint","urlTemplate":"https:\/\/www.padreeustaquio.com.br\/?s={search_term_string}"},"query-input":{"@type":"PropertyValueSpecification","valueRequired":true,"valueName":"search_term_string"}}],"inLanguage":"es"},{"@type":"Organization","@id":"https:\/\/www.padreeustaquio.com.br\/#organization","name":"Padre Eustace","url":"https:\/\/www.padreeustaquio.com.br\/","logo":{"@type":"ImageObject","inLanguage":"es","@id":"https:\/\/www.padreeustaquio.com.br\/#\/schema\/logo\/image\/","url":"https:\/\/www.padreeustaquio.com.br\/wp-content\/uploads\/2019\/08\/marca.png","contentUrl":"https:\/\/www.padreeustaquio.com.br\/wp-content\/uploads\/2019\/08\/marca.png","width":350,"height":400,"caption":"Padre Eust\u00e1quio"},"image":{"@id":"https:\/\/www.padreeustaquio.com.br\/#\/schema\/logo\/image\/"},"sameAs":["https:\/\/www.facebook.com\/beatopadreeustaquio\/","https:\/\/x.com\/beatopeustaquio","https:\/\/www.instagram.com\/beatopadreeustaquio\/","https:\/\/www.youtube.com\/channel\/UCRhw7vfabnajwLxb1ZXMeIw"]},{"@type":"Person","@id":"https:\/\/www.padreeustaquio.com.br\/#\/schema\/person\/a2a51db1d00f1a7af0204a0f1ddb1566","name":"@sscc","image":{"@type":"ImageObject","inLanguage":"es","@id":"https:\/\/secure.gravatar.com\/avatar\/68cfafa5f44617fea54071e215026e0ff06be366c3d54a8425f04fdcb86f8c5f?s=96&d=mm&r=g","url":"https:\/\/secure.gravatar.com\/avatar\/68cfafa5f44617fea54071e215026e0ff06be366c3d54a8425f04fdcb86f8c5f?s=96&d=mm&r=g","contentUrl":"https:\/\/secure.gravatar.com\/avatar\/68cfafa5f44617fea54071e215026e0ff06be366c3d54a8425f04fdcb86f8c5f?s=96&d=mm&r=g","caption":"@sscc"},"url":"https:\/\/www.padreeustaquio.com.br\/es\/author\/sscc\/"}]}},"_links":{"self":[{"href":"https:\/\/www.padreeustaquio.com.br\/es\/wp-json\/wp\/v2\/posts\/8789","targetHints":{"allow":["GET"]}}],"collection":[{"href":"https:\/\/www.padreeustaquio.com.br\/es\/wp-json\/wp\/v2\/posts"}],"about":[{"href":"https:\/\/www.padreeustaquio.com.br\/es\/wp-json\/wp\/v2\/types\/post"}],"author":[{"embeddable":true,"href":"https:\/\/www.padreeustaquio.com.br\/es\/wp-json\/wp\/v2\/users\/2"}],"replies":[{"embeddable":true,"href":"https:\/\/www.padreeustaquio.com.br\/es\/wp-json\/wp\/v2\/comments?post=8789"}],"version-history":[{"count":0,"href":"https:\/\/www.padreeustaquio.com.br\/es\/wp-json\/wp\/v2\/posts\/8789\/revisions"}],"wp:featuredmedia":[{"embeddable":true,"href":"https:\/\/www.padreeustaquio.com.br\/es\/wp-json\/wp\/v2\/media\/8788"}],"wp:attachment":[{"href":"https:\/\/www.padreeustaquio.com.br\/es\/wp-json\/wp\/v2\/media?parent=8789"}],"wp:term":[{"taxonomy":"category","embeddable":true,"href":"https:\/\/www.padreeustaquio.com.br\/es\/wp-json\/wp\/v2\/categories?post=8789"},{"taxonomy":"post_tag","embeddable":true,"href":"https:\/\/www.padreeustaquio.com.br\/es\/wp-json\/wp\/v2\/tags?post=8789"}],"curies":[{"name":"wp","href":"https:\/\/api.w.org\/{rel}","templated":true}]}}