{"id":8777,"date":"2022-06-11T07:45:00","date_gmt":"2022-06-11T10:45:00","guid":{"rendered":"https:\/\/www.padreeustaquio.com.br\/?p=8777"},"modified":"2022-06-11T08:31:18","modified_gmt":"2022-06-11T11:31:18","slug":"muere-en-belo-horizonte-el-padre-alcides-dos-santos-ss-cc","status":"publish","type":"post","link":"https:\/\/www.padreeustaquio.com.br\/es\/muere-en-belo-horizonte-el-padre-alcides-dos-santos-ss-cc\/","title":{"rendered":"Muere en Belo Horizonte el padre Alcides dos Santos, ss.cc."},"content":{"rendered":"<p>El padre Alcides estuvo hospitalizado en el Hospital Madre Tereza durante unos 15 d\u00edas por problemas card\u00edacos. A principios de semana sufri\u00f3 dos paros card\u00edacos, pero logr\u00f3 revertir la situaci\u00f3n; sin embargo, ayer, los ri\u00f1ones del sacerdote dejaron de funcionar y en la madrugada de este s\u00e1bado falleci\u00f3. Ten\u00eda 86 a\u00f1os y hab\u00eda estado luchando contra problemas card\u00edacos en los \u00faltimos meses.<\/p>\n\n\n\n<p>Primero el cuerpo ser\u00e1 expuesto para que sea visto en la comunidad. <strong>Nuestra Se\u00f1ora del Perpetuo Socorro y San Dami\u00e1n de Molokai<\/strong> (barrio Jardim Alvorada \u2013 BH), de<strong> De 9 a 11 horas<\/strong>, luego ser\u00e1 llevado a la <strong>Santuario de la Salud y la Paz, Iglesia del Padre Eust\u00e1quio<\/strong>, adonde <strong>El velorio comenzar\u00e1 a las 11:30 AM y a la 1:30 PM.<\/strong> Se celebrar\u00e1 una misa funeral por ambos. <strong>transmitido por el Canal Padre Eust\u00e1quio,<\/strong> <a href=\"https:\/\/www.youtube.com\/watch?v=bfkELAniQmE\" target=\"_blank\" rel=\"noreferrer noopener\">HAZ CLIC AQU\u00cd Y S\u00cdGUENOS<\/a>. El <strong>El entierro est\u00e1 previsto para las 15.30 horas.<\/strong> en el Cementerio de la Paz, tambi\u00e9n en la capital de Minas Gerais.<\/p>\n\n\n\n<p><strong>Padre Alcides dos Santos, ss.cc.<\/strong><\/p>\n\n\n\n<p>Alcides Raimundo dos Santos naci\u00f3 el 31 de agosto de 1935 en Glaura, distrito de Ouro Preto, Minas Gerais, el mismo lugar donde fue bautizado. Siendo a\u00fan joven, se mud\u00f3 a Belo Horizonte y a los 21 a\u00f1os ingres\u00f3 al noviciado de la Congregaci\u00f3n de los Sagrados Corazones en Pindamonhangaba, S\u00e3o Paulo. <\/p>\n\n\n\n<p>Fue ordenado sacerdote el 29 de junio de 1963 en Ferraz de Vasconcelos, S\u00e3o Paulo. Inmediatamente despu\u00e9s de su ordenaci\u00f3n, se convirti\u00f3 en capell\u00e1n del Instituto S\u00e3o Rafael (para ciegos) en Belo Horizonte, y dos a\u00f1os m\u00e1s tarde fue a Formosa, Goi\u00e1s, donde fue rector del seminario, ec\u00f3nomo y responsable de la Pastoral Rural. En febrero de 1979, fue a Belo Horizonte donde trabaj\u00f3 como vicario parroquial de la parroquia Santa Margarida Maria Alacoque y, desde 1994, p\u00e1rroco de la parroquia S\u00e3o Damiao de Molokai y Nossa Senhora do Perp\u00e9tuo Soccoro, tambi\u00e9n en Belo Horizonte. Convertido en p\u00e1rroco em\u00e9rito, incluso despu\u00e9s de los 80 a\u00f1os, llev\u00f3 a cabo un gran apostolado a trav\u00e9s de las redes sociales y como consejero remoto de muchos sacerdotes. En los \u00faltimos a\u00f1os residi\u00f3 en la comunidad de la Casa Provincial en Padre Eust\u00e1quio.<\/p>\n\n\n\n<p><\/p>","protected":false},"excerpt":{"rendered":"<p>Padre Alcides estava internado no Hospital Madre Tereza h\u00e1 cerca de 15 dias para cuidar de problemas card\u00edacos. No in\u00edcio da semana ele teve duas paradas card\u00edacas, mas conseguiu reverter o quadro, por\u00e9m, ontem os rins do sacerdote pararam de funcionar e na madrugada deste s\u00e1bado ele n\u00e3o resistiu e acabou falecendo. Ele tinha 86 anos e nos \u00faltimos meses vinha enfrentando problemas no cora\u00e7\u00e3o. O corpo ser\u00e1 velado primeiro na comunidade Nossa Senhora do Perp\u00e9tuo Socorro e S\u00e3o Dami\u00e3o de Molokai (bairro Jardim Alvorada &#8211; BH), das 9h \u00e0s 11h, em seguida, ser\u00e1 levado para o Santu\u00e1rio da Sa\u00fade [&hellip;]<\/p>\n","protected":false},"author":2,"featured_media":8778,"comment_status":"open","ping_status":"closed","sticky":false,"template":"","format":"standard","meta":{"_acf_changed":false,"footnotes":""},"categories":[611],"tags":[],"class_list":["post-8777","post","type-post","status-publish","format-standard","has-post-thumbnail","hentry","category-noticias"],"acf":[],"yoast_head":"<!-- This site is optimized with the Yoast SEO plugin v27.2 - https:\/\/yoast.com\/product\/yoast-seo-wordpress\/ -->\n<title>Morre, em Belo Horizonte, Padre Alcides dos Santos, ss.cc.<\/title>\n<meta name=\"description\" content=\"Padre Alcides estava internado no Hospital Madre Tereza h\u00e1 mais de uma semana para cuidar de problemas card\u00edacos. Nesta ter\u00e7a-feira, dia 7 de junho, pela manh\u00e3, o sacerdote teve duas paradas card\u00edacas e \u00e0 tarde faleceu. Ele tinha 86 anos e nos \u00faltimos meses vinha enfrentando problemas no cora\u00e7\u00e3o.\" \/>\n<meta name=\"robots\" content=\"index, follow, max-snippet:-1, max-image-preview:large, max-video-preview:-1\" \/>\n<link rel=\"canonical\" href=\"https:\/\/www.padreeustaquio.com.br\/es\/muere-en-belo-horizonte-el-padre-alcides-dos-santos-ss-cc\/\" \/>\n<meta property=\"og:locale\" content=\"es_ES\" \/>\n<meta property=\"og:type\" content=\"article\" \/>\n<meta property=\"og:title\" content=\"Morre, em Belo Horizonte, Padre Alcides dos Santos, ss.cc.\" \/>\n<meta property=\"og:description\" content=\"Padre Alcides estava internado no Hospital Madre Tereza h\u00e1 mais de uma semana para cuidar de problemas card\u00edacos. Nesta ter\u00e7a-feira, dia 7 de junho, pela manh\u00e3, o sacerdote teve duas paradas card\u00edacas e \u00e0 tarde faleceu. Ele tinha 86 anos e nos \u00faltimos meses vinha enfrentando problemas no cora\u00e7\u00e3o.\" \/>\n<meta property=\"og:url\" content=\"https:\/\/www.padreeustaquio.com.br\/es\/muere-en-belo-horizonte-el-padre-alcides-dos-santos-ss-cc\/\" \/>\n<meta property=\"og:site_name\" content=\"Padre Eust\u00e1quio\" \/>\n<meta property=\"article:publisher\" content=\"https:\/\/www.facebook.com\/beatopadreeustaquio\/\" \/>\n<meta property=\"article:published_time\" content=\"2022-06-11T10:45:00+00:00\" \/>\n<meta property=\"article:modified_time\" content=\"2022-06-11T11:31:18+00:00\" \/>\n<meta property=\"og:image\" content=\"https:\/\/www.padreeustaquio.com.br\/wp-content\/uploads\/2022\/06\/Padre-Alcides.jpg\" \/>\n\t<meta property=\"og:image:width\" content=\"748\" \/>\n\t<meta property=\"og:image:height\" content=\"394\" \/>\n\t<meta property=\"og:image:type\" content=\"image\/jpeg\" \/>\n<meta name=\"author\" content=\"@sscc\" \/>\n<meta name=\"twitter:card\" content=\"summary_large_image\" \/>\n<meta name=\"twitter:creator\" content=\"@beatopeustaquio\" \/>\n<meta name=\"twitter:site\" content=\"@beatopeustaquio\" \/>\n<meta name=\"twitter:label1\" content=\"Escrito por\" \/>\n\t<meta name=\"twitter:data1\" content=\"@sscc\" \/>\n\t<meta name=\"twitter:label2\" content=\"Tiempo de lectura\" \/>\n\t<meta name=\"twitter:data2\" content=\"2 minutos\" \/>\n<script type=\"application\/ld+json\" class=\"yoast-schema-graph\">{\"@context\":\"https:\/\/schema.org\",\"@graph\":[{\"@type\":\"Article\",\"@id\":\"https:\/\/www.padreeustaquio.com.br\/morre-em-belo-horizonte-padre-alcides-dos-santos-ss-cc\/#article\",\"isPartOf\":{\"@id\":\"https:\/\/www.padreeustaquio.com.br\/morre-em-belo-horizonte-padre-alcides-dos-santos-ss-cc\/\"},\"author\":{\"name\":\"@sscc\",\"@id\":\"https:\/\/www.padreeustaquio.com.br\/#\/schema\/person\/a2a51db1d00f1a7af0204a0f1ddb1566\"},\"headline\":\"Morre, em Belo Horizonte, Padre Alcides dos Santos, ss.cc.\",\"datePublished\":\"2022-06-11T10:45:00+00:00\",\"dateModified\":\"2022-06-11T11:31:18+00:00\",\"mainEntityOfPage\":{\"@id\":\"https:\/\/www.padreeustaquio.com.br\/morre-em-belo-horizonte-padre-alcides-dos-santos-ss-cc\/\"},\"wordCount\":367,\"commentCount\":0,\"publisher\":{\"@id\":\"https:\/\/www.padreeustaquio.com.br\/#organization\"},\"image\":{\"@id\":\"https:\/\/www.padreeustaquio.com.br\/morre-em-belo-horizonte-padre-alcides-dos-santos-ss-cc\/#primaryimage\"},\"thumbnailUrl\":\"https:\/\/www.padreeustaquio.com.br\/wp-content\/uploads\/2022\/06\/Padre-Alcides.jpg\",\"articleSection\":[\"Not\u00edcias\"],\"inLanguage\":\"es\",\"potentialAction\":[{\"@type\":\"CommentAction\",\"name\":\"Comment\",\"target\":[\"https:\/\/www.padreeustaquio.com.br\/morre-em-belo-horizonte-padre-alcides-dos-santos-ss-cc\/#respond\"]}]},{\"@type\":\"WebPage\",\"@id\":\"https:\/\/www.padreeustaquio.com.br\/morre-em-belo-horizonte-padre-alcides-dos-santos-ss-cc\/\",\"url\":\"https:\/\/www.padreeustaquio.com.br\/morre-em-belo-horizonte-padre-alcides-dos-santos-ss-cc\/\",\"name\":\"Morre, em Belo Horizonte, Padre Alcides dos Santos, ss.cc.\",\"isPartOf\":{\"@id\":\"https:\/\/www.padreeustaquio.com.br\/#website\"},\"primaryImageOfPage\":{\"@id\":\"https:\/\/www.padreeustaquio.com.br\/morre-em-belo-horizonte-padre-alcides-dos-santos-ss-cc\/#primaryimage\"},\"image\":{\"@id\":\"https:\/\/www.padreeustaquio.com.br\/morre-em-belo-horizonte-padre-alcides-dos-santos-ss-cc\/#primaryimage\"},\"thumbnailUrl\":\"https:\/\/www.padreeustaquio.com.br\/wp-content\/uploads\/2022\/06\/Padre-Alcides.jpg\",\"datePublished\":\"2022-06-11T10:45:00+00:00\",\"dateModified\":\"2022-06-11T11:31:18+00:00\",\"description\":\"Padre Alcides estava internado no Hospital Madre Tereza h\u00e1 mais de uma semana para cuidar de problemas card\u00edacos. Nesta ter\u00e7a-feira, dia 7 de junho, pela manh\u00e3, o sacerdote teve duas paradas card\u00edacas e \u00e0 tarde faleceu. Ele tinha 86 anos e nos \u00faltimos meses vinha enfrentando problemas no cora\u00e7\u00e3o.\",\"breadcrumb\":{\"@id\":\"https:\/\/www.padreeustaquio.com.br\/morre-em-belo-horizonte-padre-alcides-dos-santos-ss-cc\/#breadcrumb\"},\"inLanguage\":\"es\",\"potentialAction\":[{\"@type\":\"ReadAction\",\"target\":[\"https:\/\/www.padreeustaquio.com.br\/morre-em-belo-horizonte-padre-alcides-dos-santos-ss-cc\/\"]}]},{\"@type\":\"ImageObject\",\"inLanguage\":\"es\",\"@id\":\"https:\/\/www.padreeustaquio.com.br\/morre-em-belo-horizonte-padre-alcides-dos-santos-ss-cc\/#primaryimage\",\"url\":\"https:\/\/www.padreeustaquio.com.br\/wp-content\/uploads\/2022\/06\/Padre-Alcides.jpg\",\"contentUrl\":\"https:\/\/www.padreeustaquio.com.br\/wp-content\/uploads\/2022\/06\/Padre-Alcides.jpg\",\"width\":748,\"height\":394},{\"@type\":\"BreadcrumbList\",\"@id\":\"https:\/\/www.padreeustaquio.com.br\/morre-em-belo-horizonte-padre-alcides-dos-santos-ss-cc\/#breadcrumb\",\"itemListElement\":[{\"@type\":\"ListItem\",\"position\":1,\"name\":\"In\u00edcio\",\"item\":\"https:\/\/www.padreeustaquio.com.br\/\"},{\"@type\":\"ListItem\",\"position\":2,\"name\":\"Morre, em Belo Horizonte, Padre Alcides dos Santos, ss.cc.\"}]},{\"@type\":\"WebSite\",\"@id\":\"https:\/\/www.padreeustaquio.com.br\/#website\",\"url\":\"https:\/\/www.padreeustaquio.com.br\/\",\"name\":\"Padre Eust\u00e1quio\",\"description\":\"Sa\u00fade e Paz\",\"publisher\":{\"@id\":\"https:\/\/www.padreeustaquio.com.br\/#organization\"},\"potentialAction\":[{\"@type\":\"SearchAction\",\"target\":{\"@type\":\"EntryPoint\",\"urlTemplate\":\"https:\/\/www.padreeustaquio.com.br\/?s={search_term_string}\"},\"query-input\":{\"@type\":\"PropertyValueSpecification\",\"valueRequired\":true,\"valueName\":\"search_term_string\"}}],\"inLanguage\":\"es\"},{\"@type\":\"Organization\",\"@id\":\"https:\/\/www.padreeustaquio.com.br\/#organization\",\"name\":\"Padre Eust\u00e1quio\",\"url\":\"https:\/\/www.padreeustaquio.com.br\/\",\"logo\":{\"@type\":\"ImageObject\",\"inLanguage\":\"es\",\"@id\":\"https:\/\/www.padreeustaquio.com.br\/#\/schema\/logo\/image\/\",\"url\":\"https:\/\/www.padreeustaquio.com.br\/wp-content\/uploads\/2019\/08\/marca.png\",\"contentUrl\":\"https:\/\/www.padreeustaquio.com.br\/wp-content\/uploads\/2019\/08\/marca.png\",\"width\":350,\"height\":400,\"caption\":\"Padre Eust\u00e1quio\"},\"image\":{\"@id\":\"https:\/\/www.padreeustaquio.com.br\/#\/schema\/logo\/image\/\"},\"sameAs\":[\"https:\/\/www.facebook.com\/beatopadreeustaquio\/\",\"https:\/\/x.com\/beatopeustaquio\",\"https:\/\/www.instagram.com\/beatopadreeustaquio\/\",\"https:\/\/www.youtube.com\/channel\/UCRhw7vfabnajwLxb1ZXMeIw\"]},{\"@type\":\"Person\",\"@id\":\"https:\/\/www.padreeustaquio.com.br\/#\/schema\/person\/a2a51db1d00f1a7af0204a0f1ddb1566\",\"name\":\"@sscc\",\"image\":{\"@type\":\"ImageObject\",\"inLanguage\":\"es\",\"@id\":\"https:\/\/secure.gravatar.com\/avatar\/68cfafa5f44617fea54071e215026e0ff06be366c3d54a8425f04fdcb86f8c5f?s=96&d=mm&r=g\",\"url\":\"https:\/\/secure.gravatar.com\/avatar\/68cfafa5f44617fea54071e215026e0ff06be366c3d54a8425f04fdcb86f8c5f?s=96&d=mm&r=g\",\"contentUrl\":\"https:\/\/secure.gravatar.com\/avatar\/68cfafa5f44617fea54071e215026e0ff06be366c3d54a8425f04fdcb86f8c5f?s=96&d=mm&r=g\",\"caption\":\"@sscc\"},\"url\":\"https:\/\/www.padreeustaquio.com.br\/es\/author\/sscc\/\"}]}<\/script>\n<!-- \/ Yoast SEO plugin. -->","yoast_head_json":{"title":"Muere en Belo Horizonte el padre Alcides dos Santos, ss.cc.","description":"El padre Alcides llevaba m\u00e1s de una semana hospitalizado en el Hospital Madre Tereza por problemas card\u00edacos. El martes 7 de junio por la ma\u00f1ana, el sacerdote sufri\u00f3 dos paros card\u00edacos y falleci\u00f3 por la tarde. Ten\u00eda 86 a\u00f1os y hab\u00eda estado luchando con problemas card\u00edacos en los \u00faltimos meses.","robots":{"index":"index","follow":"follow","max-snippet":"max-snippet:-1","max-image-preview":"max-image-preview:large","max-video-preview":"max-video-preview:-1"},"canonical":"https:\/\/www.padreeustaquio.com.br\/es\/muere-en-belo-horizonte-el-padre-alcides-dos-santos-ss-cc\/","og_locale":"es_ES","og_type":"article","og_title":"Morre, em Belo Horizonte, Padre Alcides dos Santos, ss.cc.","og_description":"Padre Alcides estava internado no Hospital Madre Tereza h\u00e1 mais de uma semana para cuidar de problemas card\u00edacos. Nesta ter\u00e7a-feira, dia 7 de junho, pela manh\u00e3, o sacerdote teve duas paradas card\u00edacas e \u00e0 tarde faleceu. Ele tinha 86 anos e nos \u00faltimos meses vinha enfrentando problemas no cora\u00e7\u00e3o.","og_url":"https:\/\/www.padreeustaquio.com.br\/es\/muere-en-belo-horizonte-el-padre-alcides-dos-santos-ss-cc\/","og_site_name":"Padre Eust\u00e1quio","article_publisher":"https:\/\/www.facebook.com\/beatopadreeustaquio\/","article_published_time":"2022-06-11T10:45:00+00:00","article_modified_time":"2022-06-11T11:31:18+00:00","og_image":[{"width":748,"height":394,"url":"https:\/\/www.padreeustaquio.com.br\/wp-content\/uploads\/2022\/06\/Padre-Alcides.jpg","type":"image\/jpeg"}],"author":"@sscc","twitter_card":"summary_large_image","twitter_creator":"@beatopeustaquio","twitter_site":"@beatopeustaquio","twitter_misc":{"Escrito por":"@sscc","Tiempo de lectura":"2 minutos"},"schema":{"@context":"https:\/\/schema.org","@graph":[{"@type":"Article","@id":"https:\/\/www.padreeustaquio.com.br\/morre-em-belo-horizonte-padre-alcides-dos-santos-ss-cc\/#article","isPartOf":{"@id":"https:\/\/www.padreeustaquio.com.br\/morre-em-belo-horizonte-padre-alcides-dos-santos-ss-cc\/"},"author":{"name":"@sscc","@id":"https:\/\/www.padreeustaquio.com.br\/#\/schema\/person\/a2a51db1d00f1a7af0204a0f1ddb1566"},"headline":"Morre, em Belo Horizonte, Padre Alcides dos Santos, ss.cc.","datePublished":"2022-06-11T10:45:00+00:00","dateModified":"2022-06-11T11:31:18+00:00","mainEntityOfPage":{"@id":"https:\/\/www.padreeustaquio.com.br\/morre-em-belo-horizonte-padre-alcides-dos-santos-ss-cc\/"},"wordCount":367,"commentCount":0,"publisher":{"@id":"https:\/\/www.padreeustaquio.com.br\/#organization"},"image":{"@id":"https:\/\/www.padreeustaquio.com.br\/morre-em-belo-horizonte-padre-alcides-dos-santos-ss-cc\/#primaryimage"},"thumbnailUrl":"https:\/\/www.padreeustaquio.com.br\/wp-content\/uploads\/2022\/06\/Padre-Alcides.jpg","articleSection":["Not\u00edcias"],"inLanguage":"es","potentialAction":[{"@type":"CommentAction","name":"Comment","target":["https:\/\/www.padreeustaquio.com.br\/morre-em-belo-horizonte-padre-alcides-dos-santos-ss-cc\/#respond"]}]},{"@type":"WebPage","@id":"https:\/\/www.padreeustaquio.com.br\/morre-em-belo-horizonte-padre-alcides-dos-santos-ss-cc\/","url":"https:\/\/www.padreeustaquio.com.br\/morre-em-belo-horizonte-padre-alcides-dos-santos-ss-cc\/","name":"Muere en Belo Horizonte el padre Alcides dos Santos, ss.cc.","isPartOf":{"@id":"https:\/\/www.padreeustaquio.com.br\/#website"},"primaryImageOfPage":{"@id":"https:\/\/www.padreeustaquio.com.br\/morre-em-belo-horizonte-padre-alcides-dos-santos-ss-cc\/#primaryimage"},"image":{"@id":"https:\/\/www.padreeustaquio.com.br\/morre-em-belo-horizonte-padre-alcides-dos-santos-ss-cc\/#primaryimage"},"thumbnailUrl":"https:\/\/www.padreeustaquio.com.br\/wp-content\/uploads\/2022\/06\/Padre-Alcides.jpg","datePublished":"2022-06-11T10:45:00+00:00","dateModified":"2022-06-11T11:31:18+00:00","description":"El padre Alcides llevaba m\u00e1s de una semana hospitalizado en el Hospital Madre Tereza por problemas card\u00edacos. El martes 7 de junio por la ma\u00f1ana, el sacerdote sufri\u00f3 dos paros card\u00edacos y falleci\u00f3 por la tarde. Ten\u00eda 86 a\u00f1os y hab\u00eda estado luchando con problemas card\u00edacos en los \u00faltimos meses.","breadcrumb":{"@id":"https:\/\/www.padreeustaquio.com.br\/morre-em-belo-horizonte-padre-alcides-dos-santos-ss-cc\/#breadcrumb"},"inLanguage":"es","potentialAction":[{"@type":"ReadAction","target":["https:\/\/www.padreeustaquio.com.br\/morre-em-belo-horizonte-padre-alcides-dos-santos-ss-cc\/"]}]},{"@type":"ImageObject","inLanguage":"es","@id":"https:\/\/www.padreeustaquio.com.br\/morre-em-belo-horizonte-padre-alcides-dos-santos-ss-cc\/#primaryimage","url":"https:\/\/www.padreeustaquio.com.br\/wp-content\/uploads\/2022\/06\/Padre-Alcides.jpg","contentUrl":"https:\/\/www.padreeustaquio.com.br\/wp-content\/uploads\/2022\/06\/Padre-Alcides.jpg","width":748,"height":394},{"@type":"BreadcrumbList","@id":"https:\/\/www.padreeustaquio.com.br\/morre-em-belo-horizonte-padre-alcides-dos-santos-ss-cc\/#breadcrumb","itemListElement":[{"@type":"ListItem","position":1,"name":"In\u00edcio","item":"https:\/\/www.padreeustaquio.com.br\/"},{"@type":"ListItem","position":2,"name":"Morre, em Belo Horizonte, Padre Alcides dos Santos, ss.cc."}]},{"@type":"WebSite","@id":"https:\/\/www.padreeustaquio.com.br\/#website","url":"https:\/\/www.padreeustaquio.com.br\/","name":"Padre Eustace","description":"Salud y Paz","publisher":{"@id":"https:\/\/www.padreeustaquio.com.br\/#organization"},"potentialAction":[{"@type":"SearchAction","target":{"@type":"EntryPoint","urlTemplate":"https:\/\/www.padreeustaquio.com.br\/?s={search_term_string}"},"query-input":{"@type":"PropertyValueSpecification","valueRequired":true,"valueName":"search_term_string"}}],"inLanguage":"es"},{"@type":"Organization","@id":"https:\/\/www.padreeustaquio.com.br\/#organization","name":"Padre Eustace","url":"https:\/\/www.padreeustaquio.com.br\/","logo":{"@type":"ImageObject","inLanguage":"es","@id":"https:\/\/www.padreeustaquio.com.br\/#\/schema\/logo\/image\/","url":"https:\/\/www.padreeustaquio.com.br\/wp-content\/uploads\/2019\/08\/marca.png","contentUrl":"https:\/\/www.padreeustaquio.com.br\/wp-content\/uploads\/2019\/08\/marca.png","width":350,"height":400,"caption":"Padre Eust\u00e1quio"},"image":{"@id":"https:\/\/www.padreeustaquio.com.br\/#\/schema\/logo\/image\/"},"sameAs":["https:\/\/www.facebook.com\/beatopadreeustaquio\/","https:\/\/x.com\/beatopeustaquio","https:\/\/www.instagram.com\/beatopadreeustaquio\/","https:\/\/www.youtube.com\/channel\/UCRhw7vfabnajwLxb1ZXMeIw"]},{"@type":"Person","@id":"https:\/\/www.padreeustaquio.com.br\/#\/schema\/person\/a2a51db1d00f1a7af0204a0f1ddb1566","name":"@sscc","image":{"@type":"ImageObject","inLanguage":"es","@id":"https:\/\/secure.gravatar.com\/avatar\/68cfafa5f44617fea54071e215026e0ff06be366c3d54a8425f04fdcb86f8c5f?s=96&d=mm&r=g","url":"https:\/\/secure.gravatar.com\/avatar\/68cfafa5f44617fea54071e215026e0ff06be366c3d54a8425f04fdcb86f8c5f?s=96&d=mm&r=g","contentUrl":"https:\/\/secure.gravatar.com\/avatar\/68cfafa5f44617fea54071e215026e0ff06be366c3d54a8425f04fdcb86f8c5f?s=96&d=mm&r=g","caption":"@sscc"},"url":"https:\/\/www.padreeustaquio.com.br\/es\/author\/sscc\/"}]}},"_links":{"self":[{"href":"https:\/\/www.padreeustaquio.com.br\/es\/wp-json\/wp\/v2\/posts\/8777","targetHints":{"allow":["GET"]}}],"collection":[{"href":"https:\/\/www.padreeustaquio.com.br\/es\/wp-json\/wp\/v2\/posts"}],"about":[{"href":"https:\/\/www.padreeustaquio.com.br\/es\/wp-json\/wp\/v2\/types\/post"}],"author":[{"embeddable":true,"href":"https:\/\/www.padreeustaquio.com.br\/es\/wp-json\/wp\/v2\/users\/2"}],"replies":[{"embeddable":true,"href":"https:\/\/www.padreeustaquio.com.br\/es\/wp-json\/wp\/v2\/comments?post=8777"}],"version-history":[{"count":0,"href":"https:\/\/www.padreeustaquio.com.br\/es\/wp-json\/wp\/v2\/posts\/8777\/revisions"}],"wp:featuredmedia":[{"embeddable":true,"href":"https:\/\/www.padreeustaquio.com.br\/es\/wp-json\/wp\/v2\/media\/8778"}],"wp:attachment":[{"href":"https:\/\/www.padreeustaquio.com.br\/es\/wp-json\/wp\/v2\/media?parent=8777"}],"wp:term":[{"taxonomy":"category","embeddable":true,"href":"https:\/\/www.padreeustaquio.com.br\/es\/wp-json\/wp\/v2\/categories?post=8777"},{"taxonomy":"post_tag","embeddable":true,"href":"https:\/\/www.padreeustaquio.com.br\/es\/wp-json\/wp\/v2\/tags?post=8777"}],"curies":[{"name":"wp","href":"https:\/\/api.w.org\/{rel}","templated":true}]}}