{"id":8774,"date":"2022-06-09T06:03:00","date_gmt":"2022-06-09T09:03:00","guid":{"rendered":"https:\/\/www.padreeustaquio.com.br\/?p=8774"},"modified":"2022-06-07T13:10:26","modified_gmt":"2022-06-07T16:10:26","slug":"una-carta-recuperada-del-padre-eustaquio-habla-sobre-la-mision-en-brasil","status":"publish","type":"post","link":"https:\/\/www.padreeustaquio.com.br\/es\/una-carta-recuperada-del-padre-eustaquio-habla-sobre-la-mision-en-brasil\/","title":{"rendered":"Una carta recuperada del Padre Eust\u00e1quio habla sobre la misi\u00f3n en Brasil."},"content":{"rendered":"<p>Desde su llegada a Brasil en 1925, el Padre Eust\u00e1quio dedic\u00f3 su vida a los brasile\u00f1os, especialmente a los pobres y a los que sufr\u00edan. Sus palabras de consuelo y sus oraciones brindaron consuelo a los m\u00e1s necesitados. Por eso, el Sant\u00edsimo era tan buscado dondequiera que iba.<\/p>\n\n\n\n<p>Ya en Romaria, la primera ciudad donde el padre Eustaquio desarroll\u00f3 eficazmente su labor misionera, miles de fieles buscaban al sacerdote holand\u00e9s para que orara por los enfermos y bendijera el agua que ser\u00eda llevada a las personas postradas en cama que no pod\u00edan acudir al sacerdote.<\/p>\n\n\n\n<p>Cuando el Bendito se mud\u00f3 a Po\u00e1-SP, la demanda aument\u00f3 a\u00fan m\u00e1s. Todos quer\u00edan unas palabras del sacerdote que oraba con tanto amor y fervor por los convalecientes.<\/p>\n\n\n\n<p>En una carta que el padre Eust\u00e1quio envi\u00f3 a su familia cuando a\u00fan viv\u00eda en la ciudad de S\u00e3o Paulo, habl\u00f3 del trabajo misionero que estaba realizando y de c\u00f3mo necesitaba las oraciones de todos.<\/p>\n\n\n\n<p>Lea un extracto a continuaci\u00f3n:<\/p>\n\n\n\n<p><em>\u201cDiles a todos que, gracias a Dios, seguimos bien, que estamos abrumados de trabajo y que necesitamos much\u00edsimas oraciones. Estamos viviendo momentos inusuales: cada d\u00eda miles de enfermos vienen a visitarme y recibo cientos de cartas pidi\u00e9ndome oraci\u00f3n. Dios me ha concedido muchas gracias para compartir con mi pr\u00f3jimo.\u201d<\/em><\/p>\n\n\n\n<p>Hasta su muerte en 1943 en Belo Horizonte, el Padre Eust\u00e1quio continu\u00f3 su obra misionera de oraci\u00f3n por los pobres y enfermos, dej\u00e1ndonos una hermosa oraci\u00f3n:<\/p>\n\n\n\n<p><em>\u201c&quot;Oh Jes\u00fas, por la sangre que derramaste y por las l\u00e1grimas de tu Sant\u00edsima Madre, concede la vista a los ciegos, caminar a los paral\u00edticos, la salud a los enfermos y la paz a todos los que sufren y est\u00e1n en dolor, am\u00e9n!&quot;\u201d<\/em><\/p>\n\n\n\n<p><\/p>","protected":false},"excerpt":{"rendered":"<p>Desde que chegou ao Brasil, em 1925, Padre Eust\u00e1quio dedicou sua vida aos brasileiros, principalmente aos pobres e sofredores. Suas palavras de consolo e suas ora\u00e7\u00f5es traziam alento para os mais necessitados. Por isso, a procura pelo Beato era t\u00e3o grande, por onde ele passava. J\u00e1 em Romaria, primeira cidade onde Padre Eust\u00e1quio desenvolveu efetivamente seu trabalho Mission\u00e1rio, milhares de fi\u00e9is procuravam o padre holand\u00eas para que ele pudesse fazer ora\u00e7\u00f5es pelos enfermos e aben\u00e7oar \u00e1guas, que seriam levadas para as pessoas acamadas, que n\u00e3o conseguiriam ir at\u00e9 o padre. Quando o Beato mudou para Po\u00e1-SP, a procura cresceu ainda [&hellip;]<\/p>\n","protected":false},"author":2,"featured_media":8775,"comment_status":"open","ping_status":"closed","sticky":false,"template":"","format":"standard","meta":{"_acf_changed":false,"footnotes":""},"categories":[611],"tags":[],"class_list":["post-8774","post","type-post","status-publish","format-standard","has-post-thumbnail","hentry","category-noticias"],"acf":[],"yoast_head":"<!-- This site is optimized with the Yoast SEO plugin v27.2 - https:\/\/yoast.com\/product\/yoast-seo-wordpress\/ -->\n<title>Carta recuperada de Padre Eust\u00e1quio fala sobre a miss\u00e3o no Brasil<\/title>\n<meta name=\"description\" content=\"Desde que chegou ao Brasil, em 1925, Padre Eust\u00e1quio dedicou sua vida aos brasileiros, principalmente aos pobres e sofredores. Suas palavras de consolo e suas ora\u00e7\u00f5es traziam alento para os mais necessitados. Por isso, a procura pelo Beato era t\u00e3o grande, por onde ele passava.\" \/>\n<meta name=\"robots\" content=\"index, follow, max-snippet:-1, max-image-preview:large, max-video-preview:-1\" \/>\n<link rel=\"canonical\" href=\"https:\/\/www.padreeustaquio.com.br\/es\/una-carta-recuperada-del-padre-eustaquio-habla-sobre-la-mision-en-brasil\/\" \/>\n<meta property=\"og:locale\" content=\"es_ES\" \/>\n<meta property=\"og:type\" content=\"article\" \/>\n<meta property=\"og:title\" content=\"Carta recuperada de Padre Eust\u00e1quio fala sobre a miss\u00e3o no Brasil\" \/>\n<meta property=\"og:description\" content=\"Desde que chegou ao Brasil, em 1925, Padre Eust\u00e1quio dedicou sua vida aos brasileiros, principalmente aos pobres e sofredores. Suas palavras de consolo e suas ora\u00e7\u00f5es traziam alento para os mais necessitados. Por isso, a procura pelo Beato era t\u00e3o grande, por onde ele passava.\" \/>\n<meta property=\"og:url\" content=\"https:\/\/www.padreeustaquio.com.br\/es\/una-carta-recuperada-del-padre-eustaquio-habla-sobre-la-mision-en-brasil\/\" \/>\n<meta property=\"og:site_name\" content=\"Padre Eust\u00e1quio\" \/>\n<meta property=\"article:publisher\" content=\"https:\/\/www.facebook.com\/beatopadreeustaquio\/\" \/>\n<meta property=\"article:published_time\" content=\"2022-06-09T09:03:00+00:00\" \/>\n<meta property=\"og:image\" content=\"https:\/\/www.padreeustaquio.com.br\/wp-content\/uploads\/2022\/06\/Padre-Eustaquio-em-Poa-SP.jpeg\" \/>\n\t<meta property=\"og:image:width\" content=\"1280\" \/>\n\t<meta property=\"og:image:height\" content=\"851\" \/>\n\t<meta property=\"og:image:type\" content=\"image\/jpeg\" \/>\n<meta name=\"author\" content=\"@sscc\" \/>\n<meta name=\"twitter:card\" content=\"summary_large_image\" \/>\n<meta name=\"twitter:creator\" content=\"@beatopeustaquio\" \/>\n<meta name=\"twitter:site\" content=\"@beatopeustaquio\" \/>\n<meta name=\"twitter:label1\" content=\"Escrito por\" \/>\n\t<meta name=\"twitter:data1\" content=\"@sscc\" \/>\n\t<meta name=\"twitter:label2\" content=\"Tiempo de lectura\" \/>\n\t<meta name=\"twitter:data2\" content=\"2 minutos\" \/>\n<script type=\"application\/ld+json\" class=\"yoast-schema-graph\">{\"@context\":\"https:\/\/schema.org\",\"@graph\":[{\"@type\":\"Article\",\"@id\":\"https:\/\/www.padreeustaquio.com.br\/carta-recuperada-de-padre-eustaquio-fala-sobre-a-missao-no-brasil\/#article\",\"isPartOf\":{\"@id\":\"https:\/\/www.padreeustaquio.com.br\/carta-recuperada-de-padre-eustaquio-fala-sobre-a-missao-no-brasil\/\"},\"author\":{\"name\":\"@sscc\",\"@id\":\"https:\/\/www.padreeustaquio.com.br\/#\/schema\/person\/a2a51db1d00f1a7af0204a0f1ddb1566\"},\"headline\":\"Carta recuperada de Padre Eust\u00e1quio fala sobre a miss\u00e3o no Brasil\",\"datePublished\":\"2022-06-09T09:03:00+00:00\",\"mainEntityOfPage\":{\"@id\":\"https:\/\/www.padreeustaquio.com.br\/carta-recuperada-de-padre-eustaquio-fala-sobre-a-missao-no-brasil\/\"},\"wordCount\":307,\"commentCount\":0,\"publisher\":{\"@id\":\"https:\/\/www.padreeustaquio.com.br\/#organization\"},\"image\":{\"@id\":\"https:\/\/www.padreeustaquio.com.br\/carta-recuperada-de-padre-eustaquio-fala-sobre-a-missao-no-brasil\/#primaryimage\"},\"thumbnailUrl\":\"https:\/\/www.padreeustaquio.com.br\/wp-content\/uploads\/2022\/06\/Padre-Eustaquio-em-Poa-SP.jpeg\",\"articleSection\":[\"Not\u00edcias\"],\"inLanguage\":\"es\",\"potentialAction\":[{\"@type\":\"CommentAction\",\"name\":\"Comment\",\"target\":[\"https:\/\/www.padreeustaquio.com.br\/carta-recuperada-de-padre-eustaquio-fala-sobre-a-missao-no-brasil\/#respond\"]}]},{\"@type\":\"WebPage\",\"@id\":\"https:\/\/www.padreeustaquio.com.br\/carta-recuperada-de-padre-eustaquio-fala-sobre-a-missao-no-brasil\/\",\"url\":\"https:\/\/www.padreeustaquio.com.br\/carta-recuperada-de-padre-eustaquio-fala-sobre-a-missao-no-brasil\/\",\"name\":\"Carta recuperada de Padre Eust\u00e1quio fala sobre a miss\u00e3o no Brasil\",\"isPartOf\":{\"@id\":\"https:\/\/www.padreeustaquio.com.br\/#website\"},\"primaryImageOfPage\":{\"@id\":\"https:\/\/www.padreeustaquio.com.br\/carta-recuperada-de-padre-eustaquio-fala-sobre-a-missao-no-brasil\/#primaryimage\"},\"image\":{\"@id\":\"https:\/\/www.padreeustaquio.com.br\/carta-recuperada-de-padre-eustaquio-fala-sobre-a-missao-no-brasil\/#primaryimage\"},\"thumbnailUrl\":\"https:\/\/www.padreeustaquio.com.br\/wp-content\/uploads\/2022\/06\/Padre-Eustaquio-em-Poa-SP.jpeg\",\"datePublished\":\"2022-06-09T09:03:00+00:00\",\"description\":\"Desde que chegou ao Brasil, em 1925, Padre Eust\u00e1quio dedicou sua vida aos brasileiros, principalmente aos pobres e sofredores. Suas palavras de consolo e suas ora\u00e7\u00f5es traziam alento para os mais necessitados. Por isso, a procura pelo Beato era t\u00e3o grande, por onde ele passava.\",\"breadcrumb\":{\"@id\":\"https:\/\/www.padreeustaquio.com.br\/carta-recuperada-de-padre-eustaquio-fala-sobre-a-missao-no-brasil\/#breadcrumb\"},\"inLanguage\":\"es\",\"potentialAction\":[{\"@type\":\"ReadAction\",\"target\":[\"https:\/\/www.padreeustaquio.com.br\/carta-recuperada-de-padre-eustaquio-fala-sobre-a-missao-no-brasil\/\"]}]},{\"@type\":\"ImageObject\",\"inLanguage\":\"es\",\"@id\":\"https:\/\/www.padreeustaquio.com.br\/carta-recuperada-de-padre-eustaquio-fala-sobre-a-missao-no-brasil\/#primaryimage\",\"url\":\"https:\/\/www.padreeustaquio.com.br\/wp-content\/uploads\/2022\/06\/Padre-Eustaquio-em-Poa-SP.jpeg\",\"contentUrl\":\"https:\/\/www.padreeustaquio.com.br\/wp-content\/uploads\/2022\/06\/Padre-Eustaquio-em-Poa-SP.jpeg\",\"width\":1280,\"height\":851,\"caption\":\"Padre Eust\u00e1quio no meio da multid\u00e3o atendendo a quem o procurava, em Po\u00e1-SP\"},{\"@type\":\"BreadcrumbList\",\"@id\":\"https:\/\/www.padreeustaquio.com.br\/carta-recuperada-de-padre-eustaquio-fala-sobre-a-missao-no-brasil\/#breadcrumb\",\"itemListElement\":[{\"@type\":\"ListItem\",\"position\":1,\"name\":\"In\u00edcio\",\"item\":\"https:\/\/www.padreeustaquio.com.br\/\"},{\"@type\":\"ListItem\",\"position\":2,\"name\":\"Carta recuperada de Padre Eust\u00e1quio fala sobre a miss\u00e3o no Brasil\"}]},{\"@type\":\"WebSite\",\"@id\":\"https:\/\/www.padreeustaquio.com.br\/#website\",\"url\":\"https:\/\/www.padreeustaquio.com.br\/\",\"name\":\"Padre Eust\u00e1quio\",\"description\":\"Sa\u00fade e Paz\",\"publisher\":{\"@id\":\"https:\/\/www.padreeustaquio.com.br\/#organization\"},\"potentialAction\":[{\"@type\":\"SearchAction\",\"target\":{\"@type\":\"EntryPoint\",\"urlTemplate\":\"https:\/\/www.padreeustaquio.com.br\/?s={search_term_string}\"},\"query-input\":{\"@type\":\"PropertyValueSpecification\",\"valueRequired\":true,\"valueName\":\"search_term_string\"}}],\"inLanguage\":\"es\"},{\"@type\":\"Organization\",\"@id\":\"https:\/\/www.padreeustaquio.com.br\/#organization\",\"name\":\"Padre Eust\u00e1quio\",\"url\":\"https:\/\/www.padreeustaquio.com.br\/\",\"logo\":{\"@type\":\"ImageObject\",\"inLanguage\":\"es\",\"@id\":\"https:\/\/www.padreeustaquio.com.br\/#\/schema\/logo\/image\/\",\"url\":\"https:\/\/www.padreeustaquio.com.br\/wp-content\/uploads\/2019\/08\/marca.png\",\"contentUrl\":\"https:\/\/www.padreeustaquio.com.br\/wp-content\/uploads\/2019\/08\/marca.png\",\"width\":350,\"height\":400,\"caption\":\"Padre Eust\u00e1quio\"},\"image\":{\"@id\":\"https:\/\/www.padreeustaquio.com.br\/#\/schema\/logo\/image\/\"},\"sameAs\":[\"https:\/\/www.facebook.com\/beatopadreeustaquio\/\",\"https:\/\/x.com\/beatopeustaquio\",\"https:\/\/www.instagram.com\/beatopadreeustaquio\/\",\"https:\/\/www.youtube.com\/channel\/UCRhw7vfabnajwLxb1ZXMeIw\"]},{\"@type\":\"Person\",\"@id\":\"https:\/\/www.padreeustaquio.com.br\/#\/schema\/person\/a2a51db1d00f1a7af0204a0f1ddb1566\",\"name\":\"@sscc\",\"image\":{\"@type\":\"ImageObject\",\"inLanguage\":\"es\",\"@id\":\"https:\/\/secure.gravatar.com\/avatar\/68cfafa5f44617fea54071e215026e0ff06be366c3d54a8425f04fdcb86f8c5f?s=96&d=mm&r=g\",\"url\":\"https:\/\/secure.gravatar.com\/avatar\/68cfafa5f44617fea54071e215026e0ff06be366c3d54a8425f04fdcb86f8c5f?s=96&d=mm&r=g\",\"contentUrl\":\"https:\/\/secure.gravatar.com\/avatar\/68cfafa5f44617fea54071e215026e0ff06be366c3d54a8425f04fdcb86f8c5f?s=96&d=mm&r=g\",\"caption\":\"@sscc\"},\"url\":\"https:\/\/www.padreeustaquio.com.br\/es\/author\/sscc\/\"}]}<\/script>\n<!-- \/ Yoast SEO plugin. -->","yoast_head_json":{"title":"Una carta recuperada del Padre Eust\u00e1quio habla sobre la misi\u00f3n en Brasil.","description":"Desde su llegada a Brasil en 1925, el Padre Eust\u00e1quio dedic\u00f3 su vida a los brasile\u00f1os, especialmente a los pobres y a los que sufr\u00edan. Sus palabras de consuelo y sus oraciones brindaron consuelo a los m\u00e1s necesitados. Por eso, el Sant\u00edsimo era tan buscado dondequiera que iba.","robots":{"index":"index","follow":"follow","max-snippet":"max-snippet:-1","max-image-preview":"max-image-preview:large","max-video-preview":"max-video-preview:-1"},"canonical":"https:\/\/www.padreeustaquio.com.br\/es\/una-carta-recuperada-del-padre-eustaquio-habla-sobre-la-mision-en-brasil\/","og_locale":"es_ES","og_type":"article","og_title":"Carta recuperada de Padre Eust\u00e1quio fala sobre a miss\u00e3o no Brasil","og_description":"Desde que chegou ao Brasil, em 1925, Padre Eust\u00e1quio dedicou sua vida aos brasileiros, principalmente aos pobres e sofredores. Suas palavras de consolo e suas ora\u00e7\u00f5es traziam alento para os mais necessitados. Por isso, a procura pelo Beato era t\u00e3o grande, por onde ele passava.","og_url":"https:\/\/www.padreeustaquio.com.br\/es\/una-carta-recuperada-del-padre-eustaquio-habla-sobre-la-mision-en-brasil\/","og_site_name":"Padre Eust\u00e1quio","article_publisher":"https:\/\/www.facebook.com\/beatopadreeustaquio\/","article_published_time":"2022-06-09T09:03:00+00:00","og_image":[{"width":1280,"height":851,"url":"https:\/\/www.padreeustaquio.com.br\/wp-content\/uploads\/2022\/06\/Padre-Eustaquio-em-Poa-SP.jpeg","type":"image\/jpeg"}],"author":"@sscc","twitter_card":"summary_large_image","twitter_creator":"@beatopeustaquio","twitter_site":"@beatopeustaquio","twitter_misc":{"Escrito por":"@sscc","Tiempo de lectura":"2 minutos"},"schema":{"@context":"https:\/\/schema.org","@graph":[{"@type":"Article","@id":"https:\/\/www.padreeustaquio.com.br\/carta-recuperada-de-padre-eustaquio-fala-sobre-a-missao-no-brasil\/#article","isPartOf":{"@id":"https:\/\/www.padreeustaquio.com.br\/carta-recuperada-de-padre-eustaquio-fala-sobre-a-missao-no-brasil\/"},"author":{"name":"@sscc","@id":"https:\/\/www.padreeustaquio.com.br\/#\/schema\/person\/a2a51db1d00f1a7af0204a0f1ddb1566"},"headline":"Carta recuperada de Padre Eust\u00e1quio fala sobre a miss\u00e3o no Brasil","datePublished":"2022-06-09T09:03:00+00:00","mainEntityOfPage":{"@id":"https:\/\/www.padreeustaquio.com.br\/carta-recuperada-de-padre-eustaquio-fala-sobre-a-missao-no-brasil\/"},"wordCount":307,"commentCount":0,"publisher":{"@id":"https:\/\/www.padreeustaquio.com.br\/#organization"},"image":{"@id":"https:\/\/www.padreeustaquio.com.br\/carta-recuperada-de-padre-eustaquio-fala-sobre-a-missao-no-brasil\/#primaryimage"},"thumbnailUrl":"https:\/\/www.padreeustaquio.com.br\/wp-content\/uploads\/2022\/06\/Padre-Eustaquio-em-Poa-SP.jpeg","articleSection":["Not\u00edcias"],"inLanguage":"es","potentialAction":[{"@type":"CommentAction","name":"Comment","target":["https:\/\/www.padreeustaquio.com.br\/carta-recuperada-de-padre-eustaquio-fala-sobre-a-missao-no-brasil\/#respond"]}]},{"@type":"WebPage","@id":"https:\/\/www.padreeustaquio.com.br\/carta-recuperada-de-padre-eustaquio-fala-sobre-a-missao-no-brasil\/","url":"https:\/\/www.padreeustaquio.com.br\/carta-recuperada-de-padre-eustaquio-fala-sobre-a-missao-no-brasil\/","name":"Una carta recuperada del Padre Eust\u00e1quio habla sobre la misi\u00f3n en Brasil.","isPartOf":{"@id":"https:\/\/www.padreeustaquio.com.br\/#website"},"primaryImageOfPage":{"@id":"https:\/\/www.padreeustaquio.com.br\/carta-recuperada-de-padre-eustaquio-fala-sobre-a-missao-no-brasil\/#primaryimage"},"image":{"@id":"https:\/\/www.padreeustaquio.com.br\/carta-recuperada-de-padre-eustaquio-fala-sobre-a-missao-no-brasil\/#primaryimage"},"thumbnailUrl":"https:\/\/www.padreeustaquio.com.br\/wp-content\/uploads\/2022\/06\/Padre-Eustaquio-em-Poa-SP.jpeg","datePublished":"2022-06-09T09:03:00+00:00","description":"Desde su llegada a Brasil en 1925, el Padre Eust\u00e1quio dedic\u00f3 su vida a los brasile\u00f1os, especialmente a los pobres y a los que sufr\u00edan. Sus palabras de consuelo y sus oraciones brindaron consuelo a los m\u00e1s necesitados. Por eso, el Sant\u00edsimo era tan buscado dondequiera que iba.","breadcrumb":{"@id":"https:\/\/www.padreeustaquio.com.br\/carta-recuperada-de-padre-eustaquio-fala-sobre-a-missao-no-brasil\/#breadcrumb"},"inLanguage":"es","potentialAction":[{"@type":"ReadAction","target":["https:\/\/www.padreeustaquio.com.br\/carta-recuperada-de-padre-eustaquio-fala-sobre-a-missao-no-brasil\/"]}]},{"@type":"ImageObject","inLanguage":"es","@id":"https:\/\/www.padreeustaquio.com.br\/carta-recuperada-de-padre-eustaquio-fala-sobre-a-missao-no-brasil\/#primaryimage","url":"https:\/\/www.padreeustaquio.com.br\/wp-content\/uploads\/2022\/06\/Padre-Eustaquio-em-Poa-SP.jpeg","contentUrl":"https:\/\/www.padreeustaquio.com.br\/wp-content\/uploads\/2022\/06\/Padre-Eustaquio-em-Poa-SP.jpeg","width":1280,"height":851,"caption":"Padre Eust\u00e1quio no meio da multid\u00e3o atendendo a quem o procurava, em Po\u00e1-SP"},{"@type":"BreadcrumbList","@id":"https:\/\/www.padreeustaquio.com.br\/carta-recuperada-de-padre-eustaquio-fala-sobre-a-missao-no-brasil\/#breadcrumb","itemListElement":[{"@type":"ListItem","position":1,"name":"In\u00edcio","item":"https:\/\/www.padreeustaquio.com.br\/"},{"@type":"ListItem","position":2,"name":"Carta recuperada de Padre Eust\u00e1quio fala sobre a miss\u00e3o no Brasil"}]},{"@type":"WebSite","@id":"https:\/\/www.padreeustaquio.com.br\/#website","url":"https:\/\/www.padreeustaquio.com.br\/","name":"Padre Eustace","description":"Salud y Paz","publisher":{"@id":"https:\/\/www.padreeustaquio.com.br\/#organization"},"potentialAction":[{"@type":"SearchAction","target":{"@type":"EntryPoint","urlTemplate":"https:\/\/www.padreeustaquio.com.br\/?s={search_term_string}"},"query-input":{"@type":"PropertyValueSpecification","valueRequired":true,"valueName":"search_term_string"}}],"inLanguage":"es"},{"@type":"Organization","@id":"https:\/\/www.padreeustaquio.com.br\/#organization","name":"Padre Eustace","url":"https:\/\/www.padreeustaquio.com.br\/","logo":{"@type":"ImageObject","inLanguage":"es","@id":"https:\/\/www.padreeustaquio.com.br\/#\/schema\/logo\/image\/","url":"https:\/\/www.padreeustaquio.com.br\/wp-content\/uploads\/2019\/08\/marca.png","contentUrl":"https:\/\/www.padreeustaquio.com.br\/wp-content\/uploads\/2019\/08\/marca.png","width":350,"height":400,"caption":"Padre Eust\u00e1quio"},"image":{"@id":"https:\/\/www.padreeustaquio.com.br\/#\/schema\/logo\/image\/"},"sameAs":["https:\/\/www.facebook.com\/beatopadreeustaquio\/","https:\/\/x.com\/beatopeustaquio","https:\/\/www.instagram.com\/beatopadreeustaquio\/","https:\/\/www.youtube.com\/channel\/UCRhw7vfabnajwLxb1ZXMeIw"]},{"@type":"Person","@id":"https:\/\/www.padreeustaquio.com.br\/#\/schema\/person\/a2a51db1d00f1a7af0204a0f1ddb1566","name":"@sscc","image":{"@type":"ImageObject","inLanguage":"es","@id":"https:\/\/secure.gravatar.com\/avatar\/68cfafa5f44617fea54071e215026e0ff06be366c3d54a8425f04fdcb86f8c5f?s=96&d=mm&r=g","url":"https:\/\/secure.gravatar.com\/avatar\/68cfafa5f44617fea54071e215026e0ff06be366c3d54a8425f04fdcb86f8c5f?s=96&d=mm&r=g","contentUrl":"https:\/\/secure.gravatar.com\/avatar\/68cfafa5f44617fea54071e215026e0ff06be366c3d54a8425f04fdcb86f8c5f?s=96&d=mm&r=g","caption":"@sscc"},"url":"https:\/\/www.padreeustaquio.com.br\/es\/author\/sscc\/"}]}},"_links":{"self":[{"href":"https:\/\/www.padreeustaquio.com.br\/es\/wp-json\/wp\/v2\/posts\/8774","targetHints":{"allow":["GET"]}}],"collection":[{"href":"https:\/\/www.padreeustaquio.com.br\/es\/wp-json\/wp\/v2\/posts"}],"about":[{"href":"https:\/\/www.padreeustaquio.com.br\/es\/wp-json\/wp\/v2\/types\/post"}],"author":[{"embeddable":true,"href":"https:\/\/www.padreeustaquio.com.br\/es\/wp-json\/wp\/v2\/users\/2"}],"replies":[{"embeddable":true,"href":"https:\/\/www.padreeustaquio.com.br\/es\/wp-json\/wp\/v2\/comments?post=8774"}],"version-history":[{"count":0,"href":"https:\/\/www.padreeustaquio.com.br\/es\/wp-json\/wp\/v2\/posts\/8774\/revisions"}],"wp:featuredmedia":[{"embeddable":true,"href":"https:\/\/www.padreeustaquio.com.br\/es\/wp-json\/wp\/v2\/media\/8775"}],"wp:attachment":[{"href":"https:\/\/www.padreeustaquio.com.br\/es\/wp-json\/wp\/v2\/media?parent=8774"}],"wp:term":[{"taxonomy":"category","embeddable":true,"href":"https:\/\/www.padreeustaquio.com.br\/es\/wp-json\/wp\/v2\/categories?post=8774"},{"taxonomy":"post_tag","embeddable":true,"href":"https:\/\/www.padreeustaquio.com.br\/es\/wp-json\/wp\/v2\/tags?post=8774"}],"curies":[{"name":"wp","href":"https:\/\/api.w.org\/{rel}","templated":true}]}}