{"id":8768,"date":"2022-06-08T06:08:00","date_gmt":"2022-06-08T09:08:00","guid":{"rendered":"https:\/\/www.padreeustaquio.com.br\/?p=8768"},"modified":"2022-06-06T13:13:05","modified_gmt":"2022-06-06T16:13:05","slug":"una-carta-del-padre-venancio-habla-del-trabajo-misionero-del-padre-eustaquio","status":"publish","type":"post","link":"https:\/\/www.padreeustaquio.com.br\/es\/una-carta-del-padre-venancio-habla-del-trabajo-misionero-del-padre-eustaquio\/","title":{"rendered":"Una carta del Padre Ven\u00e2ncio habla del trabajo misionero del Padre Eust\u00e1quio."},"content":{"rendered":"<p>Un extracto de una carta del Padre Ven\u00e2ncio Hulselmans, ss.cc., revela parte de la labor misionera del Padre Eust\u00e1quio en Po\u00e1-SP. En la carta, el sacerdote, tambi\u00e9n holand\u00e9s, relata c\u00f3mo su compatriota atend\u00eda a los fieles que buscaban oraci\u00f3n y una palabra de esperanza.<\/p>\n\n\n\n<p>Lea el siguiente extracto:<\/p>\n\n\n\n<p><em>\u201cSe dec\u00eda que esta agua ten\u00eda poderes milagrosos, y quien la beb\u00eda se curaba de cualquier enfermedad. Los habitantes de Po\u00e1 cuentan historias de paral\u00edticos que empezaban a caminar, de ciegos que recobraban la vista, de mudos que empezaban a hablar\u2026 La afluencia de pacientes es enorme. Cada d\u00eda, cientos de personas acuden a buscar agua embotellada o en garrafones, y luego hacen fila para ser recibidas por el santo var\u00f3n, quien bendice su agua, escucha sus sufrimientos, se entera de sus enfermedades y les da buenos consejos. Se han entregado a sus oraciones. Impone las manos sobre todos, les dice que recen un Padrenuestro y un Avemar\u00eda mientras beben el agua, y los despide con una peque\u00f1a reliquia de San Jos\u00e9.\u201d<\/em><\/p>\n\n\n\n<p><strong><em>Extracto de una carta escrita por el Padre Ven\u00e2ncio, fechada el 15 de abril de 1941.<\/em><\/strong><\/p>\n\n\n\n<p>El Padre Ven\u00e2ncio se hizo conocido por escribir el libro &quot;El Vicario de Po\u00e1&quot;, publicado en 1944. En la obra, retrata la vida del Padre Eust\u00e1quio, desde su nacimiento en Holanda hasta su muerte en Belo Horizonte. El libro tambi\u00e9n relata diversas gracias obtenidas por la intercesi\u00f3n del Beato Padre Eust\u00e1quio.<\/p>\n\n\n\n<p><\/p>","protected":false},"excerpt":{"rendered":"<p>Um trecho de uma carta escrita por Padre Ven\u00e2ncio Hulselmans, ss.cc, traz um pouco do trabalho mission\u00e1rio realizado por Padre Eust\u00e1quio em Po\u00e1-SP. Na carta o padre, tamb\u00e9m holand\u00eas, conta como seu conterr\u00e2neo atendia os fi\u00e9is que procuravam por ora\u00e7\u00e3o e por uma palavra de esperan\u00e7a. Leia o trecho a seguir: \u201cEsta \u00e1gua, dizia-se, tem uma for\u00e7a milagrosa e quem a bebe fica curado de qualquer doen\u00e7a. O povo de Po\u00e1 conta hist\u00f3rias de paral\u00edticos que come\u00e7am a andar, de cegos que recuperam a vis\u00e3o, de mudos que come\u00e7am a falar\u2026 A aflu\u00eancia de pacientes \u00e9 enorme. Todos os dias, [&hellip;]<\/p>\n","protected":false},"author":2,"featured_media":8769,"comment_status":"open","ping_status":"closed","sticky":false,"template":"","format":"standard","meta":{"_acf_changed":false,"footnotes":""},"categories":[611],"tags":[],"class_list":["post-8768","post","type-post","status-publish","format-standard","has-post-thumbnail","hentry","category-noticias"],"acf":[],"yoast_head":"<!-- This site is optimized with the Yoast SEO plugin v27.2 - https:\/\/yoast.com\/product\/yoast-seo-wordpress\/ -->\n<title>Carta de Padre Ven\u00e2ncio fala sobre trabalho mission\u00e1rio de Padre Eust\u00e1quio<\/title>\n<meta name=\"description\" content=\"Um trecho de uma carta escrita por Padre Ven\u00e2ncio Hulselmans, ss.cc, traz um pouco do trabalho mission\u00e1rio realizado por Padre Eust\u00e1quio em Po\u00e1-SP. Na carta o padre, tamb\u00e9m holand\u00eas, conta como seu conterr\u00e2neo atendia os fi\u00e9is que procuravam por ora\u00e7\u00e3o e por uma palavra de esperan\u00e7a.\" \/>\n<meta name=\"robots\" content=\"index, follow, max-snippet:-1, max-image-preview:large, max-video-preview:-1\" \/>\n<link rel=\"canonical\" href=\"https:\/\/www.padreeustaquio.com.br\/es\/una-carta-del-padre-venancio-habla-del-trabajo-misionero-del-padre-eustaquio\/\" \/>\n<meta property=\"og:locale\" content=\"es_ES\" \/>\n<meta property=\"og:type\" content=\"article\" \/>\n<meta property=\"og:title\" content=\"Carta de Padre Ven\u00e2ncio fala sobre trabalho mission\u00e1rio de Padre Eust\u00e1quio\" \/>\n<meta property=\"og:description\" content=\"Um trecho de uma carta escrita por Padre Ven\u00e2ncio Hulselmans, ss.cc, traz um pouco do trabalho mission\u00e1rio realizado por Padre Eust\u00e1quio em Po\u00e1-SP. Na carta o padre, tamb\u00e9m holand\u00eas, conta como seu conterr\u00e2neo atendia os fi\u00e9is que procuravam por ora\u00e7\u00e3o e por uma palavra de esperan\u00e7a.\" \/>\n<meta property=\"og:url\" content=\"https:\/\/www.padreeustaquio.com.br\/es\/una-carta-del-padre-venancio-habla-del-trabajo-misionero-del-padre-eustaquio\/\" \/>\n<meta property=\"og:site_name\" content=\"Padre Eust\u00e1quio\" \/>\n<meta property=\"article:publisher\" content=\"https:\/\/www.facebook.com\/beatopadreeustaquio\/\" \/>\n<meta property=\"article:published_time\" content=\"2022-06-08T09:08:00+00:00\" \/>\n<meta property=\"og:image\" content=\"https:\/\/www.padreeustaquio.com.br\/wp-content\/uploads\/2022\/06\/WhatsApp-Image-2022-05-24-at-19.12.57.jpeg\" \/>\n\t<meta property=\"og:image:width\" content=\"942\" \/>\n\t<meta property=\"og:image:height\" content=\"804\" \/>\n\t<meta property=\"og:image:type\" content=\"image\/jpeg\" \/>\n<meta name=\"author\" content=\"@sscc\" \/>\n<meta name=\"twitter:card\" content=\"summary_large_image\" \/>\n<meta name=\"twitter:creator\" content=\"@beatopeustaquio\" \/>\n<meta name=\"twitter:site\" content=\"@beatopeustaquio\" \/>\n<meta name=\"twitter:label1\" content=\"Escrito por\" \/>\n\t<meta name=\"twitter:data1\" content=\"@sscc\" \/>\n\t<meta name=\"twitter:label2\" content=\"Tiempo de lectura\" \/>\n\t<meta name=\"twitter:data2\" content=\"2 minutos\" \/>\n<script type=\"application\/ld+json\" class=\"yoast-schema-graph\">{\"@context\":\"https:\/\/schema.org\",\"@graph\":[{\"@type\":\"Article\",\"@id\":\"https:\/\/www.padreeustaquio.com.br\/carta-de-padre-venancio-fala-sobre-trabalho-missionario-de-padre-eustaquio\/#article\",\"isPartOf\":{\"@id\":\"https:\/\/www.padreeustaquio.com.br\/carta-de-padre-venancio-fala-sobre-trabalho-missionario-de-padre-eustaquio\/\"},\"author\":{\"name\":\"@sscc\",\"@id\":\"https:\/\/www.padreeustaquio.com.br\/#\/schema\/person\/a2a51db1d00f1a7af0204a0f1ddb1566\"},\"headline\":\"Carta de Padre Ven\u00e2ncio fala sobre trabalho mission\u00e1rio de Padre Eust\u00e1quio\",\"datePublished\":\"2022-06-08T09:08:00+00:00\",\"mainEntityOfPage\":{\"@id\":\"https:\/\/www.padreeustaquio.com.br\/carta-de-padre-venancio-fala-sobre-trabalho-missionario-de-padre-eustaquio\/\"},\"wordCount\":281,\"commentCount\":0,\"publisher\":{\"@id\":\"https:\/\/www.padreeustaquio.com.br\/#organization\"},\"image\":{\"@id\":\"https:\/\/www.padreeustaquio.com.br\/carta-de-padre-venancio-fala-sobre-trabalho-missionario-de-padre-eustaquio\/#primaryimage\"},\"thumbnailUrl\":\"https:\/\/www.padreeustaquio.com.br\/wp-content\/uploads\/2022\/06\/WhatsApp-Image-2022-05-24-at-19.12.57.jpeg\",\"articleSection\":[\"Not\u00edcias\"],\"inLanguage\":\"es\",\"potentialAction\":[{\"@type\":\"CommentAction\",\"name\":\"Comment\",\"target\":[\"https:\/\/www.padreeustaquio.com.br\/carta-de-padre-venancio-fala-sobre-trabalho-missionario-de-padre-eustaquio\/#respond\"]}]},{\"@type\":\"WebPage\",\"@id\":\"https:\/\/www.padreeustaquio.com.br\/carta-de-padre-venancio-fala-sobre-trabalho-missionario-de-padre-eustaquio\/\",\"url\":\"https:\/\/www.padreeustaquio.com.br\/carta-de-padre-venancio-fala-sobre-trabalho-missionario-de-padre-eustaquio\/\",\"name\":\"Carta de Padre Ven\u00e2ncio fala sobre trabalho mission\u00e1rio de Padre Eust\u00e1quio\",\"isPartOf\":{\"@id\":\"https:\/\/www.padreeustaquio.com.br\/#website\"},\"primaryImageOfPage\":{\"@id\":\"https:\/\/www.padreeustaquio.com.br\/carta-de-padre-venancio-fala-sobre-trabalho-missionario-de-padre-eustaquio\/#primaryimage\"},\"image\":{\"@id\":\"https:\/\/www.padreeustaquio.com.br\/carta-de-padre-venancio-fala-sobre-trabalho-missionario-de-padre-eustaquio\/#primaryimage\"},\"thumbnailUrl\":\"https:\/\/www.padreeustaquio.com.br\/wp-content\/uploads\/2022\/06\/WhatsApp-Image-2022-05-24-at-19.12.57.jpeg\",\"datePublished\":\"2022-06-08T09:08:00+00:00\",\"description\":\"Um trecho de uma carta escrita por Padre Ven\u00e2ncio Hulselmans, ss.cc, traz um pouco do trabalho mission\u00e1rio realizado por Padre Eust\u00e1quio em Po\u00e1-SP. Na carta o padre, tamb\u00e9m holand\u00eas, conta como seu conterr\u00e2neo atendia os fi\u00e9is que procuravam por ora\u00e7\u00e3o e por uma palavra de esperan\u00e7a.\",\"breadcrumb\":{\"@id\":\"https:\/\/www.padreeustaquio.com.br\/carta-de-padre-venancio-fala-sobre-trabalho-missionario-de-padre-eustaquio\/#breadcrumb\"},\"inLanguage\":\"es\",\"potentialAction\":[{\"@type\":\"ReadAction\",\"target\":[\"https:\/\/www.padreeustaquio.com.br\/carta-de-padre-venancio-fala-sobre-trabalho-missionario-de-padre-eustaquio\/\"]}]},{\"@type\":\"ImageObject\",\"inLanguage\":\"es\",\"@id\":\"https:\/\/www.padreeustaquio.com.br\/carta-de-padre-venancio-fala-sobre-trabalho-missionario-de-padre-eustaquio\/#primaryimage\",\"url\":\"https:\/\/www.padreeustaquio.com.br\/wp-content\/uploads\/2022\/06\/WhatsApp-Image-2022-05-24-at-19.12.57.jpeg\",\"contentUrl\":\"https:\/\/www.padreeustaquio.com.br\/wp-content\/uploads\/2022\/06\/WhatsApp-Image-2022-05-24-at-19.12.57.jpeg\",\"width\":942,\"height\":804},{\"@type\":\"BreadcrumbList\",\"@id\":\"https:\/\/www.padreeustaquio.com.br\/carta-de-padre-venancio-fala-sobre-trabalho-missionario-de-padre-eustaquio\/#breadcrumb\",\"itemListElement\":[{\"@type\":\"ListItem\",\"position\":1,\"name\":\"In\u00edcio\",\"item\":\"https:\/\/www.padreeustaquio.com.br\/\"},{\"@type\":\"ListItem\",\"position\":2,\"name\":\"Carta de Padre Ven\u00e2ncio fala sobre trabalho mission\u00e1rio de Padre Eust\u00e1quio\"}]},{\"@type\":\"WebSite\",\"@id\":\"https:\/\/www.padreeustaquio.com.br\/#website\",\"url\":\"https:\/\/www.padreeustaquio.com.br\/\",\"name\":\"Padre Eust\u00e1quio\",\"description\":\"Sa\u00fade e Paz\",\"publisher\":{\"@id\":\"https:\/\/www.padreeustaquio.com.br\/#organization\"},\"potentialAction\":[{\"@type\":\"SearchAction\",\"target\":{\"@type\":\"EntryPoint\",\"urlTemplate\":\"https:\/\/www.padreeustaquio.com.br\/?s={search_term_string}\"},\"query-input\":{\"@type\":\"PropertyValueSpecification\",\"valueRequired\":true,\"valueName\":\"search_term_string\"}}],\"inLanguage\":\"es\"},{\"@type\":\"Organization\",\"@id\":\"https:\/\/www.padreeustaquio.com.br\/#organization\",\"name\":\"Padre Eust\u00e1quio\",\"url\":\"https:\/\/www.padreeustaquio.com.br\/\",\"logo\":{\"@type\":\"ImageObject\",\"inLanguage\":\"es\",\"@id\":\"https:\/\/www.padreeustaquio.com.br\/#\/schema\/logo\/image\/\",\"url\":\"https:\/\/www.padreeustaquio.com.br\/wp-content\/uploads\/2019\/08\/marca.png\",\"contentUrl\":\"https:\/\/www.padreeustaquio.com.br\/wp-content\/uploads\/2019\/08\/marca.png\",\"width\":350,\"height\":400,\"caption\":\"Padre Eust\u00e1quio\"},\"image\":{\"@id\":\"https:\/\/www.padreeustaquio.com.br\/#\/schema\/logo\/image\/\"},\"sameAs\":[\"https:\/\/www.facebook.com\/beatopadreeustaquio\/\",\"https:\/\/x.com\/beatopeustaquio\",\"https:\/\/www.instagram.com\/beatopadreeustaquio\/\",\"https:\/\/www.youtube.com\/channel\/UCRhw7vfabnajwLxb1ZXMeIw\"]},{\"@type\":\"Person\",\"@id\":\"https:\/\/www.padreeustaquio.com.br\/#\/schema\/person\/a2a51db1d00f1a7af0204a0f1ddb1566\",\"name\":\"@sscc\",\"image\":{\"@type\":\"ImageObject\",\"inLanguage\":\"es\",\"@id\":\"https:\/\/secure.gravatar.com\/avatar\/68cfafa5f44617fea54071e215026e0ff06be366c3d54a8425f04fdcb86f8c5f?s=96&d=mm&r=g\",\"url\":\"https:\/\/secure.gravatar.com\/avatar\/68cfafa5f44617fea54071e215026e0ff06be366c3d54a8425f04fdcb86f8c5f?s=96&d=mm&r=g\",\"contentUrl\":\"https:\/\/secure.gravatar.com\/avatar\/68cfafa5f44617fea54071e215026e0ff06be366c3d54a8425f04fdcb86f8c5f?s=96&d=mm&r=g\",\"caption\":\"@sscc\"},\"url\":\"https:\/\/www.padreeustaquio.com.br\/es\/author\/sscc\/\"}]}<\/script>\n<!-- \/ Yoast SEO plugin. -->","yoast_head_json":{"title":"Una carta del Padre Ven\u00e2ncio habla del trabajo misionero del Padre Eust\u00e1quio.","description":"Un extracto de una carta del Padre Ven\u00e2ncio Hulselmans, ss.cc., revela parte de la labor misionera del Padre Eust\u00e1quio en Po\u00e1-SP. En la carta, el sacerdote, tambi\u00e9n holand\u00e9s, relata c\u00f3mo su compatriota atend\u00eda a los fieles que buscaban oraci\u00f3n y una palabra de esperanza.","robots":{"index":"index","follow":"follow","max-snippet":"max-snippet:-1","max-image-preview":"max-image-preview:large","max-video-preview":"max-video-preview:-1"},"canonical":"https:\/\/www.padreeustaquio.com.br\/es\/una-carta-del-padre-venancio-habla-del-trabajo-misionero-del-padre-eustaquio\/","og_locale":"es_ES","og_type":"article","og_title":"Carta de Padre Ven\u00e2ncio fala sobre trabalho mission\u00e1rio de Padre Eust\u00e1quio","og_description":"Um trecho de uma carta escrita por Padre Ven\u00e2ncio Hulselmans, ss.cc, traz um pouco do trabalho mission\u00e1rio realizado por Padre Eust\u00e1quio em Po\u00e1-SP. Na carta o padre, tamb\u00e9m holand\u00eas, conta como seu conterr\u00e2neo atendia os fi\u00e9is que procuravam por ora\u00e7\u00e3o e por uma palavra de esperan\u00e7a.","og_url":"https:\/\/www.padreeustaquio.com.br\/es\/una-carta-del-padre-venancio-habla-del-trabajo-misionero-del-padre-eustaquio\/","og_site_name":"Padre Eust\u00e1quio","article_publisher":"https:\/\/www.facebook.com\/beatopadreeustaquio\/","article_published_time":"2022-06-08T09:08:00+00:00","og_image":[{"width":942,"height":804,"url":"https:\/\/www.padreeustaquio.com.br\/wp-content\/uploads\/2022\/06\/WhatsApp-Image-2022-05-24-at-19.12.57.jpeg","type":"image\/jpeg"}],"author":"@sscc","twitter_card":"summary_large_image","twitter_creator":"@beatopeustaquio","twitter_site":"@beatopeustaquio","twitter_misc":{"Escrito por":"@sscc","Tiempo de lectura":"2 minutos"},"schema":{"@context":"https:\/\/schema.org","@graph":[{"@type":"Article","@id":"https:\/\/www.padreeustaquio.com.br\/carta-de-padre-venancio-fala-sobre-trabalho-missionario-de-padre-eustaquio\/#article","isPartOf":{"@id":"https:\/\/www.padreeustaquio.com.br\/carta-de-padre-venancio-fala-sobre-trabalho-missionario-de-padre-eustaquio\/"},"author":{"name":"@sscc","@id":"https:\/\/www.padreeustaquio.com.br\/#\/schema\/person\/a2a51db1d00f1a7af0204a0f1ddb1566"},"headline":"Carta de Padre Ven\u00e2ncio fala sobre trabalho mission\u00e1rio de Padre Eust\u00e1quio","datePublished":"2022-06-08T09:08:00+00:00","mainEntityOfPage":{"@id":"https:\/\/www.padreeustaquio.com.br\/carta-de-padre-venancio-fala-sobre-trabalho-missionario-de-padre-eustaquio\/"},"wordCount":281,"commentCount":0,"publisher":{"@id":"https:\/\/www.padreeustaquio.com.br\/#organization"},"image":{"@id":"https:\/\/www.padreeustaquio.com.br\/carta-de-padre-venancio-fala-sobre-trabalho-missionario-de-padre-eustaquio\/#primaryimage"},"thumbnailUrl":"https:\/\/www.padreeustaquio.com.br\/wp-content\/uploads\/2022\/06\/WhatsApp-Image-2022-05-24-at-19.12.57.jpeg","articleSection":["Not\u00edcias"],"inLanguage":"es","potentialAction":[{"@type":"CommentAction","name":"Comment","target":["https:\/\/www.padreeustaquio.com.br\/carta-de-padre-venancio-fala-sobre-trabalho-missionario-de-padre-eustaquio\/#respond"]}]},{"@type":"WebPage","@id":"https:\/\/www.padreeustaquio.com.br\/carta-de-padre-venancio-fala-sobre-trabalho-missionario-de-padre-eustaquio\/","url":"https:\/\/www.padreeustaquio.com.br\/carta-de-padre-venancio-fala-sobre-trabalho-missionario-de-padre-eustaquio\/","name":"Una carta del Padre Ven\u00e2ncio habla del trabajo misionero del Padre Eust\u00e1quio.","isPartOf":{"@id":"https:\/\/www.padreeustaquio.com.br\/#website"},"primaryImageOfPage":{"@id":"https:\/\/www.padreeustaquio.com.br\/carta-de-padre-venancio-fala-sobre-trabalho-missionario-de-padre-eustaquio\/#primaryimage"},"image":{"@id":"https:\/\/www.padreeustaquio.com.br\/carta-de-padre-venancio-fala-sobre-trabalho-missionario-de-padre-eustaquio\/#primaryimage"},"thumbnailUrl":"https:\/\/www.padreeustaquio.com.br\/wp-content\/uploads\/2022\/06\/WhatsApp-Image-2022-05-24-at-19.12.57.jpeg","datePublished":"2022-06-08T09:08:00+00:00","description":"Un extracto de una carta del Padre Ven\u00e2ncio Hulselmans, ss.cc., revela parte de la labor misionera del Padre Eust\u00e1quio en Po\u00e1-SP. En la carta, el sacerdote, tambi\u00e9n holand\u00e9s, relata c\u00f3mo su compatriota atend\u00eda a los fieles que buscaban oraci\u00f3n y una palabra de esperanza.","breadcrumb":{"@id":"https:\/\/www.padreeustaquio.com.br\/carta-de-padre-venancio-fala-sobre-trabalho-missionario-de-padre-eustaquio\/#breadcrumb"},"inLanguage":"es","potentialAction":[{"@type":"ReadAction","target":["https:\/\/www.padreeustaquio.com.br\/carta-de-padre-venancio-fala-sobre-trabalho-missionario-de-padre-eustaquio\/"]}]},{"@type":"ImageObject","inLanguage":"es","@id":"https:\/\/www.padreeustaquio.com.br\/carta-de-padre-venancio-fala-sobre-trabalho-missionario-de-padre-eustaquio\/#primaryimage","url":"https:\/\/www.padreeustaquio.com.br\/wp-content\/uploads\/2022\/06\/WhatsApp-Image-2022-05-24-at-19.12.57.jpeg","contentUrl":"https:\/\/www.padreeustaquio.com.br\/wp-content\/uploads\/2022\/06\/WhatsApp-Image-2022-05-24-at-19.12.57.jpeg","width":942,"height":804},{"@type":"BreadcrumbList","@id":"https:\/\/www.padreeustaquio.com.br\/carta-de-padre-venancio-fala-sobre-trabalho-missionario-de-padre-eustaquio\/#breadcrumb","itemListElement":[{"@type":"ListItem","position":1,"name":"In\u00edcio","item":"https:\/\/www.padreeustaquio.com.br\/"},{"@type":"ListItem","position":2,"name":"Carta de Padre Ven\u00e2ncio fala sobre trabalho mission\u00e1rio de Padre Eust\u00e1quio"}]},{"@type":"WebSite","@id":"https:\/\/www.padreeustaquio.com.br\/#website","url":"https:\/\/www.padreeustaquio.com.br\/","name":"Padre Eustace","description":"Salud y Paz","publisher":{"@id":"https:\/\/www.padreeustaquio.com.br\/#organization"},"potentialAction":[{"@type":"SearchAction","target":{"@type":"EntryPoint","urlTemplate":"https:\/\/www.padreeustaquio.com.br\/?s={search_term_string}"},"query-input":{"@type":"PropertyValueSpecification","valueRequired":true,"valueName":"search_term_string"}}],"inLanguage":"es"},{"@type":"Organization","@id":"https:\/\/www.padreeustaquio.com.br\/#organization","name":"Padre Eustace","url":"https:\/\/www.padreeustaquio.com.br\/","logo":{"@type":"ImageObject","inLanguage":"es","@id":"https:\/\/www.padreeustaquio.com.br\/#\/schema\/logo\/image\/","url":"https:\/\/www.padreeustaquio.com.br\/wp-content\/uploads\/2019\/08\/marca.png","contentUrl":"https:\/\/www.padreeustaquio.com.br\/wp-content\/uploads\/2019\/08\/marca.png","width":350,"height":400,"caption":"Padre Eust\u00e1quio"},"image":{"@id":"https:\/\/www.padreeustaquio.com.br\/#\/schema\/logo\/image\/"},"sameAs":["https:\/\/www.facebook.com\/beatopadreeustaquio\/","https:\/\/x.com\/beatopeustaquio","https:\/\/www.instagram.com\/beatopadreeustaquio\/","https:\/\/www.youtube.com\/channel\/UCRhw7vfabnajwLxb1ZXMeIw"]},{"@type":"Person","@id":"https:\/\/www.padreeustaquio.com.br\/#\/schema\/person\/a2a51db1d00f1a7af0204a0f1ddb1566","name":"@sscc","image":{"@type":"ImageObject","inLanguage":"es","@id":"https:\/\/secure.gravatar.com\/avatar\/68cfafa5f44617fea54071e215026e0ff06be366c3d54a8425f04fdcb86f8c5f?s=96&d=mm&r=g","url":"https:\/\/secure.gravatar.com\/avatar\/68cfafa5f44617fea54071e215026e0ff06be366c3d54a8425f04fdcb86f8c5f?s=96&d=mm&r=g","contentUrl":"https:\/\/secure.gravatar.com\/avatar\/68cfafa5f44617fea54071e215026e0ff06be366c3d54a8425f04fdcb86f8c5f?s=96&d=mm&r=g","caption":"@sscc"},"url":"https:\/\/www.padreeustaquio.com.br\/es\/author\/sscc\/"}]}},"_links":{"self":[{"href":"https:\/\/www.padreeustaquio.com.br\/es\/wp-json\/wp\/v2\/posts\/8768","targetHints":{"allow":["GET"]}}],"collection":[{"href":"https:\/\/www.padreeustaquio.com.br\/es\/wp-json\/wp\/v2\/posts"}],"about":[{"href":"https:\/\/www.padreeustaquio.com.br\/es\/wp-json\/wp\/v2\/types\/post"}],"author":[{"embeddable":true,"href":"https:\/\/www.padreeustaquio.com.br\/es\/wp-json\/wp\/v2\/users\/2"}],"replies":[{"embeddable":true,"href":"https:\/\/www.padreeustaquio.com.br\/es\/wp-json\/wp\/v2\/comments?post=8768"}],"version-history":[{"count":0,"href":"https:\/\/www.padreeustaquio.com.br\/es\/wp-json\/wp\/v2\/posts\/8768\/revisions"}],"wp:featuredmedia":[{"embeddable":true,"href":"https:\/\/www.padreeustaquio.com.br\/es\/wp-json\/wp\/v2\/media\/8769"}],"wp:attachment":[{"href":"https:\/\/www.padreeustaquio.com.br\/es\/wp-json\/wp\/v2\/media?parent=8768"}],"wp:term":[{"taxonomy":"category","embeddable":true,"href":"https:\/\/www.padreeustaquio.com.br\/es\/wp-json\/wp\/v2\/categories?post=8768"},{"taxonomy":"post_tag","embeddable":true,"href":"https:\/\/www.padreeustaquio.com.br\/es\/wp-json\/wp\/v2\/tags?post=8768"}],"curies":[{"name":"wp","href":"https:\/\/api.w.org\/{rel}","templated":true}]}}