{"id":8765,"date":"2022-06-07T05:28:00","date_gmt":"2022-06-07T08:28:00","guid":{"rendered":"https:\/\/www.padreeustaquio.com.br\/?p=8765"},"modified":"2022-06-06T13:14:03","modified_gmt":"2022-06-06T16:14:03","slug":"equipo-del-secretariado-nacional-para-la-causa-de-canonizacion-visita-proyectos-educativos-en-belo-horizonte","status":"publish","type":"post","link":"https:\/\/www.padreeustaquio.com.br\/es\/equipo-del-secretariado-nacional-para-la-causa-de-canonizacion-visita-proyectos-educativos-en-belo-horizonte\/","title":{"rendered":"Equipo del Secretariado Nacional para la Causa de Canonizaci\u00f3n visita Obras Educativas en Belo Horizonte."},"content":{"rendered":"<p>Liderados por el Padre Vin\u00edcius Maciel, ss.cc., el equipo del Secretariado Nacional para la Causa de Canonizaci\u00f3n del Beato Padre Eust\u00e1quio visit\u00f3 la Guarder\u00eda Gilmara Iris, de la Obra Educativa Padre Giussani. Durante la visita, el grupo presenci\u00f3 la ceremonia de coronaci\u00f3n de los ni\u00f1os y el homenaje a las madres de los ni\u00f1os que asisten a la guarder\u00eda.<\/p>\n\n\n\n<p>El equipo, compuesto por los responsables administrativos, de taller y de comunicaci\u00f3n, recibi\u00f3 una c\u00e1lida bienvenida por parte del Padre Messias, Virginia, supervisora escolar, y Mateus Maciel, del departamento de comunicaci\u00f3n de Obras Sociales. Se unieron al homenaje, que incluy\u00f3 la participaci\u00f3n de los ni\u00f1os mayores, de 5 y 6 a\u00f1os, quienes dejar\u00e1n la guarder\u00eda a finales de a\u00f1o debido a su edad.<\/p>\n\n\n\n<p>Durante el homenaje, <a href=\"https:\/\/www.youtube.com\/watch?v=d-lhJ_Rkffg\" target=\"_blank\" rel=\"noreferrer noopener\">que se puede ver aqu\u00ed<\/a>, Los ni\u00f1os cantaron canciones en honor a Nuestra Se\u00f1ora y a las madres, algunas con letra en italiano. Al final de la presentaci\u00f3n, el personal de la guarder\u00eda mostr\u00f3 fotos enviadas por las madres en una pantalla, mientras los peque\u00f1os les entregaban una flor que hab\u00edan plantado como regalo.<\/p>\n\n\n\n<p><strong>Obras Educativas Padre Giussani<\/strong><\/p>\n\n\n\n<p>Fundada en 1978, la Obra Educativa Padre Giussani es un grupo de seis instituciones sin fines de lucro que forman parte de una red de apoyo social que atiende a aproximadamente 1200 ni\u00f1os, adolescentes y sus familias en la regi\u00f3n norte de Belo Horizonte. Nuestra misi\u00f3n es brindar refugio y educaci\u00f3n, ayudando a adultos y ni\u00f1os a mirarse a s\u00ed mismos y a la realidad, y a descubrir qui\u00e9nes son en su verdadera naturaleza. Nuestra misi\u00f3n es ayudar a las familias a ser protagonistas de la educaci\u00f3n de sus hijos y educarlos sobre la belleza de la vida. Nuestro m\u00e9todo se basa en la mirada a la persona, y todas las actividades se desarrollan a trav\u00e9s de reuniones con ni\u00f1os, adolescentes, familias, personal y todos los que participan en el entorno educativo.<\/p>\n\n\n\n<p>La alianza entre las instituciones (Santuario de Salud y Paz\/Acci\u00f3n Social Padre Eust\u00e1quio y Obras Educativas Padre Giussani) surgi\u00f3 en enero de este a\u00f1o, cuando parte de las donaciones de ropa, alimentos y productos de limpieza recibidas por la Iglesia Padre Eust\u00e1quio fueron destinadas a las familias de los ni\u00f1os afectados por las lluvias en la regi\u00f3n donde est\u00e1n ubicadas las guarder\u00edas.<\/p>\n\n\n\n<p> <\/p>","protected":false},"excerpt":{"rendered":"<p>Liderados pelo Padre Vin\u00edcius Maciel, ss.cc. a equipe do Secretariado Nacional para a Causa de Canoniza\u00e7\u00e3o do Beato Padre Eust\u00e1quio visitou a Creche Gilmara Iris, das Obras Educativas Padre Giussani. Durante a visita, o grupo acompanhou a coroa\u00e7\u00e3o feita pelas crian\u00e7as e a homenagem \u00e0s m\u00e3es das crian\u00e7as da creche. A equipe, formada pelos gerentes administrativo, da lojinha e da comunica\u00e7\u00e3o foi muito bem recebida pelo Padre Messias, pela Virg\u00ednia supervisora da escola e pelo Mateus Maciel, da assessoria de comunica\u00e7\u00e3o das Obras Sociais. Eles acompanharam o momento de homenagem que contou com a participa\u00e7\u00e3o das crian\u00e7as maiores, de 5 [&hellip;]<\/p>\n","protected":false},"author":2,"featured_media":8766,"comment_status":"open","ping_status":"closed","sticky":false,"template":"","format":"standard","meta":{"_acf_changed":false,"footnotes":""},"categories":[611],"tags":[],"class_list":["post-8765","post","type-post","status-publish","format-standard","has-post-thumbnail","hentry","category-noticias"],"acf":[],"yoast_head":"<!-- This site is optimized with the Yoast SEO plugin v27.2 - https:\/\/yoast.com\/product\/yoast-seo-wordpress\/ -->\n<title>Equipe do Secretariado Nacional para a Causa de Canoniza\u00e7\u00e3o visita Obras Educativas em BH<\/title>\n<meta name=\"description\" content=\"Liderados pelo Padre Vin\u00edcius Maciel, ss.cc. a equipe do Secretariado Nacional para a Causa de Canoniza\u00e7\u00e3o do Beato Padre Eust\u00e1quio visitou a Creche Gilmara Iris, das Obras Educativas Padre Giussani. Durante a visita, o grupo acompanhou a coroa\u00e7\u00e3o feita pelas crian\u00e7as e a homenagem \u00e0s m\u00e3es das crian\u00e7as da creche.\" \/>\n<meta name=\"robots\" content=\"index, follow, max-snippet:-1, max-image-preview:large, max-video-preview:-1\" \/>\n<link rel=\"canonical\" href=\"https:\/\/www.padreeustaquio.com.br\/es\/equipo-del-secretariado-nacional-para-la-causa-de-canonizacion-visita-proyectos-educativos-en-belo-horizonte\/\" \/>\n<meta property=\"og:locale\" content=\"es_ES\" \/>\n<meta property=\"og:type\" content=\"article\" \/>\n<meta property=\"og:title\" content=\"Equipe do Secretariado Nacional para a Causa de Canoniza\u00e7\u00e3o visita Obras Educativas em BH\" \/>\n<meta property=\"og:description\" content=\"Liderados pelo Padre Vin\u00edcius Maciel, ss.cc. a equipe do Secretariado Nacional para a Causa de Canoniza\u00e7\u00e3o do Beato Padre Eust\u00e1quio visitou a Creche Gilmara Iris, das Obras Educativas Padre Giussani. Durante a visita, o grupo acompanhou a coroa\u00e7\u00e3o feita pelas crian\u00e7as e a homenagem \u00e0s m\u00e3es das crian\u00e7as da creche.\" \/>\n<meta property=\"og:url\" content=\"https:\/\/www.padreeustaquio.com.br\/es\/equipo-del-secretariado-nacional-para-la-causa-de-canonizacion-visita-proyectos-educativos-en-belo-horizonte\/\" \/>\n<meta property=\"og:site_name\" content=\"Padre Eust\u00e1quio\" \/>\n<meta property=\"article:publisher\" content=\"https:\/\/www.facebook.com\/beatopadreeustaquio\/\" \/>\n<meta property=\"article:published_time\" content=\"2022-06-07T08:28:00+00:00\" \/>\n<meta property=\"og:image\" content=\"https:\/\/www.padreeustaquio.com.br\/wp-content\/uploads\/2022\/06\/Visita-a-Creche-da-OEPG.jpeg\" \/>\n\t<meta property=\"og:image:width\" content=\"1000\" \/>\n\t<meta property=\"og:image:height\" content=\"667\" \/>\n\t<meta property=\"og:image:type\" content=\"image\/jpeg\" \/>\n<meta name=\"author\" content=\"@sscc\" \/>\n<meta name=\"twitter:card\" content=\"summary_large_image\" \/>\n<meta name=\"twitter:creator\" content=\"@beatopeustaquio\" \/>\n<meta name=\"twitter:site\" content=\"@beatopeustaquio\" \/>\n<meta name=\"twitter:label1\" content=\"Escrito por\" \/>\n\t<meta name=\"twitter:data1\" content=\"@sscc\" \/>\n\t<meta name=\"twitter:label2\" content=\"Tiempo de lectura\" \/>\n\t<meta name=\"twitter:data2\" content=\"2 minutos\" \/>\n<script type=\"application\/ld+json\" class=\"yoast-schema-graph\">{\"@context\":\"https:\/\/schema.org\",\"@graph\":[{\"@type\":\"Article\",\"@id\":\"https:\/\/www.padreeustaquio.com.br\/equipe-do-secretariado-nacional-para-a-causa-de-canonizacao-visita-obras-educativas-em-bh\/#article\",\"isPartOf\":{\"@id\":\"https:\/\/www.padreeustaquio.com.br\/equipe-do-secretariado-nacional-para-a-causa-de-canonizacao-visita-obras-educativas-em-bh\/\"},\"author\":{\"name\":\"@sscc\",\"@id\":\"https:\/\/www.padreeustaquio.com.br\/#\/schema\/person\/a2a51db1d00f1a7af0204a0f1ddb1566\"},\"headline\":\"Equipe do Secretariado Nacional para a Causa de Canoniza\u00e7\u00e3o visita Obras Educativas em BH\",\"datePublished\":\"2022-06-07T08:28:00+00:00\",\"mainEntityOfPage\":{\"@id\":\"https:\/\/www.padreeustaquio.com.br\/equipe-do-secretariado-nacional-para-a-causa-de-canonizacao-visita-obras-educativas-em-bh\/\"},\"wordCount\":422,\"commentCount\":0,\"publisher\":{\"@id\":\"https:\/\/www.padreeustaquio.com.br\/#organization\"},\"image\":{\"@id\":\"https:\/\/www.padreeustaquio.com.br\/equipe-do-secretariado-nacional-para-a-causa-de-canonizacao-visita-obras-educativas-em-bh\/#primaryimage\"},\"thumbnailUrl\":\"https:\/\/www.padreeustaquio.com.br\/wp-content\/uploads\/2022\/06\/Visita-a-Creche-da-OEPG.jpeg\",\"articleSection\":[\"Not\u00edcias\"],\"inLanguage\":\"es\",\"potentialAction\":[{\"@type\":\"CommentAction\",\"name\":\"Comment\",\"target\":[\"https:\/\/www.padreeustaquio.com.br\/equipe-do-secretariado-nacional-para-a-causa-de-canonizacao-visita-obras-educativas-em-bh\/#respond\"]}]},{\"@type\":\"WebPage\",\"@id\":\"https:\/\/www.padreeustaquio.com.br\/equipe-do-secretariado-nacional-para-a-causa-de-canonizacao-visita-obras-educativas-em-bh\/\",\"url\":\"https:\/\/www.padreeustaquio.com.br\/equipe-do-secretariado-nacional-para-a-causa-de-canonizacao-visita-obras-educativas-em-bh\/\",\"name\":\"Equipe do Secretariado Nacional para a Causa de Canoniza\u00e7\u00e3o visita Obras Educativas em BH\",\"isPartOf\":{\"@id\":\"https:\/\/www.padreeustaquio.com.br\/#website\"},\"primaryImageOfPage\":{\"@id\":\"https:\/\/www.padreeustaquio.com.br\/equipe-do-secretariado-nacional-para-a-causa-de-canonizacao-visita-obras-educativas-em-bh\/#primaryimage\"},\"image\":{\"@id\":\"https:\/\/www.padreeustaquio.com.br\/equipe-do-secretariado-nacional-para-a-causa-de-canonizacao-visita-obras-educativas-em-bh\/#primaryimage\"},\"thumbnailUrl\":\"https:\/\/www.padreeustaquio.com.br\/wp-content\/uploads\/2022\/06\/Visita-a-Creche-da-OEPG.jpeg\",\"datePublished\":\"2022-06-07T08:28:00+00:00\",\"description\":\"Liderados pelo Padre Vin\u00edcius Maciel, ss.cc. a equipe do Secretariado Nacional para a Causa de Canoniza\u00e7\u00e3o do Beato Padre Eust\u00e1quio visitou a Creche Gilmara Iris, das Obras Educativas Padre Giussani. Durante a visita, o grupo acompanhou a coroa\u00e7\u00e3o feita pelas crian\u00e7as e a homenagem \u00e0s m\u00e3es das crian\u00e7as da creche.\",\"breadcrumb\":{\"@id\":\"https:\/\/www.padreeustaquio.com.br\/equipe-do-secretariado-nacional-para-a-causa-de-canonizacao-visita-obras-educativas-em-bh\/#breadcrumb\"},\"inLanguage\":\"es\",\"potentialAction\":[{\"@type\":\"ReadAction\",\"target\":[\"https:\/\/www.padreeustaquio.com.br\/equipe-do-secretariado-nacional-para-a-causa-de-canonizacao-visita-obras-educativas-em-bh\/\"]}]},{\"@type\":\"ImageObject\",\"inLanguage\":\"es\",\"@id\":\"https:\/\/www.padreeustaquio.com.br\/equipe-do-secretariado-nacional-para-a-causa-de-canonizacao-visita-obras-educativas-em-bh\/#primaryimage\",\"url\":\"https:\/\/www.padreeustaquio.com.br\/wp-content\/uploads\/2022\/06\/Visita-a-Creche-da-OEPG.jpeg\",\"contentUrl\":\"https:\/\/www.padreeustaquio.com.br\/wp-content\/uploads\/2022\/06\/Visita-a-Creche-da-OEPG.jpeg\",\"width\":1000,\"height\":667,\"caption\":\"Foto: Mateus Maciel\"},{\"@type\":\"BreadcrumbList\",\"@id\":\"https:\/\/www.padreeustaquio.com.br\/equipe-do-secretariado-nacional-para-a-causa-de-canonizacao-visita-obras-educativas-em-bh\/#breadcrumb\",\"itemListElement\":[{\"@type\":\"ListItem\",\"position\":1,\"name\":\"In\u00edcio\",\"item\":\"https:\/\/www.padreeustaquio.com.br\/\"},{\"@type\":\"ListItem\",\"position\":2,\"name\":\"Equipe do Secretariado Nacional para a Causa de Canoniza\u00e7\u00e3o visita Obras Educativas em BH\"}]},{\"@type\":\"WebSite\",\"@id\":\"https:\/\/www.padreeustaquio.com.br\/#website\",\"url\":\"https:\/\/www.padreeustaquio.com.br\/\",\"name\":\"Padre Eust\u00e1quio\",\"description\":\"Sa\u00fade e Paz\",\"publisher\":{\"@id\":\"https:\/\/www.padreeustaquio.com.br\/#organization\"},\"potentialAction\":[{\"@type\":\"SearchAction\",\"target\":{\"@type\":\"EntryPoint\",\"urlTemplate\":\"https:\/\/www.padreeustaquio.com.br\/?s={search_term_string}\"},\"query-input\":{\"@type\":\"PropertyValueSpecification\",\"valueRequired\":true,\"valueName\":\"search_term_string\"}}],\"inLanguage\":\"es\"},{\"@type\":\"Organization\",\"@id\":\"https:\/\/www.padreeustaquio.com.br\/#organization\",\"name\":\"Padre Eust\u00e1quio\",\"url\":\"https:\/\/www.padreeustaquio.com.br\/\",\"logo\":{\"@type\":\"ImageObject\",\"inLanguage\":\"es\",\"@id\":\"https:\/\/www.padreeustaquio.com.br\/#\/schema\/logo\/image\/\",\"url\":\"https:\/\/www.padreeustaquio.com.br\/wp-content\/uploads\/2019\/08\/marca.png\",\"contentUrl\":\"https:\/\/www.padreeustaquio.com.br\/wp-content\/uploads\/2019\/08\/marca.png\",\"width\":350,\"height\":400,\"caption\":\"Padre Eust\u00e1quio\"},\"image\":{\"@id\":\"https:\/\/www.padreeustaquio.com.br\/#\/schema\/logo\/image\/\"},\"sameAs\":[\"https:\/\/www.facebook.com\/beatopadreeustaquio\/\",\"https:\/\/x.com\/beatopeustaquio\",\"https:\/\/www.instagram.com\/beatopadreeustaquio\/\",\"https:\/\/www.youtube.com\/channel\/UCRhw7vfabnajwLxb1ZXMeIw\"]},{\"@type\":\"Person\",\"@id\":\"https:\/\/www.padreeustaquio.com.br\/#\/schema\/person\/a2a51db1d00f1a7af0204a0f1ddb1566\",\"name\":\"@sscc\",\"image\":{\"@type\":\"ImageObject\",\"inLanguage\":\"es\",\"@id\":\"https:\/\/secure.gravatar.com\/avatar\/68cfafa5f44617fea54071e215026e0ff06be366c3d54a8425f04fdcb86f8c5f?s=96&d=mm&r=g\",\"url\":\"https:\/\/secure.gravatar.com\/avatar\/68cfafa5f44617fea54071e215026e0ff06be366c3d54a8425f04fdcb86f8c5f?s=96&d=mm&r=g\",\"contentUrl\":\"https:\/\/secure.gravatar.com\/avatar\/68cfafa5f44617fea54071e215026e0ff06be366c3d54a8425f04fdcb86f8c5f?s=96&d=mm&r=g\",\"caption\":\"@sscc\"},\"url\":\"https:\/\/www.padreeustaquio.com.br\/es\/author\/sscc\/\"}]}<\/script>\n<!-- \/ Yoast SEO plugin. -->","yoast_head_json":{"title":"Equipo del Secretariado Nacional para la Causa de Canonizaci\u00f3n visita Obras Educativas en Belo Horizonte.","description":"Liderados por el Padre Vin\u00edcius Maciel, ss.cc., el equipo del Secretariado Nacional para la Causa de Canonizaci\u00f3n del Beato Padre Eust\u00e1quio visit\u00f3 la Guarder\u00eda Gilmara Iris, de la Obra Educativa Padre Giussani. Durante la visita, el grupo presenci\u00f3 la ceremonia de coronaci\u00f3n de los ni\u00f1os y el homenaje a las madres de los ni\u00f1os que asisten a la guarder\u00eda.","robots":{"index":"index","follow":"follow","max-snippet":"max-snippet:-1","max-image-preview":"max-image-preview:large","max-video-preview":"max-video-preview:-1"},"canonical":"https:\/\/www.padreeustaquio.com.br\/es\/equipo-del-secretariado-nacional-para-la-causa-de-canonizacion-visita-proyectos-educativos-en-belo-horizonte\/","og_locale":"es_ES","og_type":"article","og_title":"Equipe do Secretariado Nacional para a Causa de Canoniza\u00e7\u00e3o visita Obras Educativas em BH","og_description":"Liderados pelo Padre Vin\u00edcius Maciel, ss.cc. a equipe do Secretariado Nacional para a Causa de Canoniza\u00e7\u00e3o do Beato Padre Eust\u00e1quio visitou a Creche Gilmara Iris, das Obras Educativas Padre Giussani. Durante a visita, o grupo acompanhou a coroa\u00e7\u00e3o feita pelas crian\u00e7as e a homenagem \u00e0s m\u00e3es das crian\u00e7as da creche.","og_url":"https:\/\/www.padreeustaquio.com.br\/es\/equipo-del-secretariado-nacional-para-la-causa-de-canonizacion-visita-proyectos-educativos-en-belo-horizonte\/","og_site_name":"Padre Eust\u00e1quio","article_publisher":"https:\/\/www.facebook.com\/beatopadreeustaquio\/","article_published_time":"2022-06-07T08:28:00+00:00","og_image":[{"width":1000,"height":667,"url":"https:\/\/www.padreeustaquio.com.br\/wp-content\/uploads\/2022\/06\/Visita-a-Creche-da-OEPG.jpeg","type":"image\/jpeg"}],"author":"@sscc","twitter_card":"summary_large_image","twitter_creator":"@beatopeustaquio","twitter_site":"@beatopeustaquio","twitter_misc":{"Escrito por":"@sscc","Tiempo de lectura":"2 minutos"},"schema":{"@context":"https:\/\/schema.org","@graph":[{"@type":"Article","@id":"https:\/\/www.padreeustaquio.com.br\/equipe-do-secretariado-nacional-para-a-causa-de-canonizacao-visita-obras-educativas-em-bh\/#article","isPartOf":{"@id":"https:\/\/www.padreeustaquio.com.br\/equipe-do-secretariado-nacional-para-a-causa-de-canonizacao-visita-obras-educativas-em-bh\/"},"author":{"name":"@sscc","@id":"https:\/\/www.padreeustaquio.com.br\/#\/schema\/person\/a2a51db1d00f1a7af0204a0f1ddb1566"},"headline":"Equipe do Secretariado Nacional para a Causa de Canoniza\u00e7\u00e3o visita Obras Educativas em BH","datePublished":"2022-06-07T08:28:00+00:00","mainEntityOfPage":{"@id":"https:\/\/www.padreeustaquio.com.br\/equipe-do-secretariado-nacional-para-a-causa-de-canonizacao-visita-obras-educativas-em-bh\/"},"wordCount":422,"commentCount":0,"publisher":{"@id":"https:\/\/www.padreeustaquio.com.br\/#organization"},"image":{"@id":"https:\/\/www.padreeustaquio.com.br\/equipe-do-secretariado-nacional-para-a-causa-de-canonizacao-visita-obras-educativas-em-bh\/#primaryimage"},"thumbnailUrl":"https:\/\/www.padreeustaquio.com.br\/wp-content\/uploads\/2022\/06\/Visita-a-Creche-da-OEPG.jpeg","articleSection":["Not\u00edcias"],"inLanguage":"es","potentialAction":[{"@type":"CommentAction","name":"Comment","target":["https:\/\/www.padreeustaquio.com.br\/equipe-do-secretariado-nacional-para-a-causa-de-canonizacao-visita-obras-educativas-em-bh\/#respond"]}]},{"@type":"WebPage","@id":"https:\/\/www.padreeustaquio.com.br\/equipe-do-secretariado-nacional-para-a-causa-de-canonizacao-visita-obras-educativas-em-bh\/","url":"https:\/\/www.padreeustaquio.com.br\/equipe-do-secretariado-nacional-para-a-causa-de-canonizacao-visita-obras-educativas-em-bh\/","name":"Equipo del Secretariado Nacional para la Causa de Canonizaci\u00f3n visita Obras Educativas en Belo Horizonte.","isPartOf":{"@id":"https:\/\/www.padreeustaquio.com.br\/#website"},"primaryImageOfPage":{"@id":"https:\/\/www.padreeustaquio.com.br\/equipe-do-secretariado-nacional-para-a-causa-de-canonizacao-visita-obras-educativas-em-bh\/#primaryimage"},"image":{"@id":"https:\/\/www.padreeustaquio.com.br\/equipe-do-secretariado-nacional-para-a-causa-de-canonizacao-visita-obras-educativas-em-bh\/#primaryimage"},"thumbnailUrl":"https:\/\/www.padreeustaquio.com.br\/wp-content\/uploads\/2022\/06\/Visita-a-Creche-da-OEPG.jpeg","datePublished":"2022-06-07T08:28:00+00:00","description":"Liderados por el Padre Vin\u00edcius Maciel, ss.cc., el equipo del Secretariado Nacional para la Causa de Canonizaci\u00f3n del Beato Padre Eust\u00e1quio visit\u00f3 la Guarder\u00eda Gilmara Iris, de la Obra Educativa Padre Giussani. Durante la visita, el grupo presenci\u00f3 la ceremonia de coronaci\u00f3n de los ni\u00f1os y el homenaje a las madres de los ni\u00f1os que asisten a la guarder\u00eda.","breadcrumb":{"@id":"https:\/\/www.padreeustaquio.com.br\/equipe-do-secretariado-nacional-para-a-causa-de-canonizacao-visita-obras-educativas-em-bh\/#breadcrumb"},"inLanguage":"es","potentialAction":[{"@type":"ReadAction","target":["https:\/\/www.padreeustaquio.com.br\/equipe-do-secretariado-nacional-para-a-causa-de-canonizacao-visita-obras-educativas-em-bh\/"]}]},{"@type":"ImageObject","inLanguage":"es","@id":"https:\/\/www.padreeustaquio.com.br\/equipe-do-secretariado-nacional-para-a-causa-de-canonizacao-visita-obras-educativas-em-bh\/#primaryimage","url":"https:\/\/www.padreeustaquio.com.br\/wp-content\/uploads\/2022\/06\/Visita-a-Creche-da-OEPG.jpeg","contentUrl":"https:\/\/www.padreeustaquio.com.br\/wp-content\/uploads\/2022\/06\/Visita-a-Creche-da-OEPG.jpeg","width":1000,"height":667,"caption":"Foto: Mateus Maciel"},{"@type":"BreadcrumbList","@id":"https:\/\/www.padreeustaquio.com.br\/equipe-do-secretariado-nacional-para-a-causa-de-canonizacao-visita-obras-educativas-em-bh\/#breadcrumb","itemListElement":[{"@type":"ListItem","position":1,"name":"In\u00edcio","item":"https:\/\/www.padreeustaquio.com.br\/"},{"@type":"ListItem","position":2,"name":"Equipe do Secretariado Nacional para a Causa de Canoniza\u00e7\u00e3o visita Obras Educativas em BH"}]},{"@type":"WebSite","@id":"https:\/\/www.padreeustaquio.com.br\/#website","url":"https:\/\/www.padreeustaquio.com.br\/","name":"Padre Eustace","description":"Salud y Paz","publisher":{"@id":"https:\/\/www.padreeustaquio.com.br\/#organization"},"potentialAction":[{"@type":"SearchAction","target":{"@type":"EntryPoint","urlTemplate":"https:\/\/www.padreeustaquio.com.br\/?s={search_term_string}"},"query-input":{"@type":"PropertyValueSpecification","valueRequired":true,"valueName":"search_term_string"}}],"inLanguage":"es"},{"@type":"Organization","@id":"https:\/\/www.padreeustaquio.com.br\/#organization","name":"Padre Eustace","url":"https:\/\/www.padreeustaquio.com.br\/","logo":{"@type":"ImageObject","inLanguage":"es","@id":"https:\/\/www.padreeustaquio.com.br\/#\/schema\/logo\/image\/","url":"https:\/\/www.padreeustaquio.com.br\/wp-content\/uploads\/2019\/08\/marca.png","contentUrl":"https:\/\/www.padreeustaquio.com.br\/wp-content\/uploads\/2019\/08\/marca.png","width":350,"height":400,"caption":"Padre Eust\u00e1quio"},"image":{"@id":"https:\/\/www.padreeustaquio.com.br\/#\/schema\/logo\/image\/"},"sameAs":["https:\/\/www.facebook.com\/beatopadreeustaquio\/","https:\/\/x.com\/beatopeustaquio","https:\/\/www.instagram.com\/beatopadreeustaquio\/","https:\/\/www.youtube.com\/channel\/UCRhw7vfabnajwLxb1ZXMeIw"]},{"@type":"Person","@id":"https:\/\/www.padreeustaquio.com.br\/#\/schema\/person\/a2a51db1d00f1a7af0204a0f1ddb1566","name":"@sscc","image":{"@type":"ImageObject","inLanguage":"es","@id":"https:\/\/secure.gravatar.com\/avatar\/68cfafa5f44617fea54071e215026e0ff06be366c3d54a8425f04fdcb86f8c5f?s=96&d=mm&r=g","url":"https:\/\/secure.gravatar.com\/avatar\/68cfafa5f44617fea54071e215026e0ff06be366c3d54a8425f04fdcb86f8c5f?s=96&d=mm&r=g","contentUrl":"https:\/\/secure.gravatar.com\/avatar\/68cfafa5f44617fea54071e215026e0ff06be366c3d54a8425f04fdcb86f8c5f?s=96&d=mm&r=g","caption":"@sscc"},"url":"https:\/\/www.padreeustaquio.com.br\/es\/author\/sscc\/"}]}},"_links":{"self":[{"href":"https:\/\/www.padreeustaquio.com.br\/es\/wp-json\/wp\/v2\/posts\/8765","targetHints":{"allow":["GET"]}}],"collection":[{"href":"https:\/\/www.padreeustaquio.com.br\/es\/wp-json\/wp\/v2\/posts"}],"about":[{"href":"https:\/\/www.padreeustaquio.com.br\/es\/wp-json\/wp\/v2\/types\/post"}],"author":[{"embeddable":true,"href":"https:\/\/www.padreeustaquio.com.br\/es\/wp-json\/wp\/v2\/users\/2"}],"replies":[{"embeddable":true,"href":"https:\/\/www.padreeustaquio.com.br\/es\/wp-json\/wp\/v2\/comments?post=8765"}],"version-history":[{"count":0,"href":"https:\/\/www.padreeustaquio.com.br\/es\/wp-json\/wp\/v2\/posts\/8765\/revisions"}],"wp:featuredmedia":[{"embeddable":true,"href":"https:\/\/www.padreeustaquio.com.br\/es\/wp-json\/wp\/v2\/media\/8766"}],"wp:attachment":[{"href":"https:\/\/www.padreeustaquio.com.br\/es\/wp-json\/wp\/v2\/media?parent=8765"}],"wp:term":[{"taxonomy":"category","embeddable":true,"href":"https:\/\/www.padreeustaquio.com.br\/es\/wp-json\/wp\/v2\/categories?post=8765"},{"taxonomy":"post_tag","embeddable":true,"href":"https:\/\/www.padreeustaquio.com.br\/es\/wp-json\/wp\/v2\/tags?post=8765"}],"curies":[{"name":"wp","href":"https:\/\/api.w.org\/{rel}","templated":true}]}}