{"id":8740,"date":"2022-06-02T06:11:00","date_gmt":"2022-06-02T09:11:00","guid":{"rendered":"https:\/\/www.padreeustaquio.com.br\/?p=8740"},"modified":"2022-05-29T13:23:39","modified_gmt":"2022-05-29T16:23:39","slug":"foto-recuperada-conozca-el-barco-en-el-que-el-padre-eustaquio-llego-a-brasil","status":"publish","type":"post","link":"https:\/\/www.padreeustaquio.com.br\/es\/foto-recuperada-conozca-el-barco-en-el-que-el-padre-eustaquio-llego-a-brasil\/","title":{"rendered":"Foto recuperada: conozca el barco en el que el Padre Eust\u00e1quio lleg\u00f3 a Brasil."},"content":{"rendered":"<p>El equipo que catalogaba las pertenencias del Beato encontr\u00f3 una fotograf\u00eda del barco en el que el Padre Eust\u00e1quio lleg\u00f3 a Brasil junto con sus compa\u00f1eros de misi\u00f3n, el Padre Gil y el Padre Mathias. El grabado muestra el barco Flandria, en el que el Beato embarc\u00f3 el 22 de abril de 1925 desde \u00c1msterdam (Pa\u00edses Bajos) con destino a tierras brasile\u00f1as.<\/p>\n\n\n\n<p>Los tres sacerdotes llegaron a Brasil respondiendo al llamado de la iglesia local, que depend\u00eda de sacerdotes europeos para servir a la poblaci\u00f3n cat\u00f3lica. Como resultado, tambi\u00e9n fundaron la Provincia de la Congregaci\u00f3n de los Sagrados Corazones en el pa\u00eds. Eust\u00e1quio, Mathias y Gil desembarcaron en R\u00edo de Janeiro el 12 de mayo de 1925, tras una traves\u00eda de 21 d\u00edas por el oc\u00e9ano Atl\u00e1ntico.<\/p>\n\n\n\n<p>Despu\u00e9s de pasar algunos d\u00edas en R\u00edo de Janeiro, el padre Eust\u00e1quio y sus compa\u00f1eros de misi\u00f3n fueron a Aparecida, S\u00e3o Paulo, para consagrar la misi\u00f3n a Nuestra Se\u00f1ora, y s\u00f3lo despu\u00e9s comenzaron a establecerse en las ciudades que en ese momento pertenec\u00edan a la di\u00f3cesis de Uberaba, en la regi\u00f3n del Tri\u00e1ngulo Mineiro.<\/p>\n\n\n\n<p><\/p>","protected":false},"excerpt":{"rendered":"<p>Uma foto do navio onde Padre Eust\u00e1quio veio para o Brasil junto com seus companheiros de miss\u00e3o, Padre Gil e Padre Mathias, foi encontrada pela equipe que cataloga os pertences do Bem-aventurado. A gravura mostra o Navio Flandria no qual o Beato embarcou no dia 22 de abril de 1925 de Amsterd\u00e3 (Holanda) para terras brasileiras. Os tr\u00eas padres vieram para o Brasil com o objetivo de atender a um chamado da igreja local que contava com padres europeus para atender ao povo cat\u00f3lico, como consequ\u00eancia eles tamb\u00e9m fundaram a Prov\u00edncia da Congrega\u00e7\u00e3o dos Sagrados Cora\u00e7\u00f5es no pa\u00eds. Eust\u00e1quio, Mathias [&hellip;]<\/p>\n","protected":false},"author":2,"featured_media":8741,"comment_status":"open","ping_status":"closed","sticky":false,"template":"","format":"standard","meta":{"_acf_changed":false,"footnotes":""},"categories":[611],"tags":[],"class_list":["post-8740","post","type-post","status-publish","format-standard","has-post-thumbnail","hentry","category-noticias"],"acf":[],"yoast_head":"<!-- This site is optimized with the Yoast SEO plugin v27.2 - https:\/\/yoast.com\/product\/yoast-seo-wordpress\/ -->\n<title>Foto recuperada: conhe\u00e7a o navio que Padre Eust\u00e1quio veio para o Brasil<\/title>\n<meta name=\"description\" content=\"Uma foto do navio onde Padre Eust\u00e1quio veio para o Brasil junto com seus companheiros de miss\u00e3o, Padre Gil e Padre Mathias, foi encontrada pela equipe que cataloga os pertences do Bem-aventurado. A gravura mostra o Navio Flandria no qual o Beato embarcou no dia 22 de abril de 1925 de Amsterd\u00e3 (Holanda) para terras brasileiras.\" \/>\n<meta name=\"robots\" content=\"index, follow, max-snippet:-1, max-image-preview:large, max-video-preview:-1\" \/>\n<link rel=\"canonical\" href=\"https:\/\/www.padreeustaquio.com.br\/es\/foto-recuperada-conozca-el-barco-en-el-que-el-padre-eustaquio-llego-a-brasil\/\" \/>\n<meta property=\"og:locale\" content=\"es_ES\" \/>\n<meta property=\"og:type\" content=\"article\" \/>\n<meta property=\"og:title\" content=\"Foto recuperada: conhe\u00e7a o navio que Padre Eust\u00e1quio veio para o Brasil\" \/>\n<meta property=\"og:description\" content=\"Uma foto do navio onde Padre Eust\u00e1quio veio para o Brasil junto com seus companheiros de miss\u00e3o, Padre Gil e Padre Mathias, foi encontrada pela equipe que cataloga os pertences do Bem-aventurado. A gravura mostra o Navio Flandria no qual o Beato embarcou no dia 22 de abril de 1925 de Amsterd\u00e3 (Holanda) para terras brasileiras.\" \/>\n<meta property=\"og:url\" content=\"https:\/\/www.padreeustaquio.com.br\/es\/foto-recuperada-conozca-el-barco-en-el-que-el-padre-eustaquio-llego-a-brasil\/\" \/>\n<meta property=\"og:site_name\" content=\"Padre Eust\u00e1quio\" \/>\n<meta property=\"article:publisher\" content=\"https:\/\/www.facebook.com\/beatopadreeustaquio\/\" \/>\n<meta property=\"article:published_time\" content=\"2022-06-02T09:11:00+00:00\" \/>\n<meta property=\"og:image\" content=\"https:\/\/www.padreeustaquio.com.br\/wp-content\/uploads\/2022\/05\/navio-de-padre-eustaquio.jpg\" \/>\n\t<meta property=\"og:image:width\" content=\"748\" \/>\n\t<meta property=\"og:image:height\" content=\"394\" \/>\n\t<meta property=\"og:image:type\" content=\"image\/jpeg\" \/>\n<meta name=\"author\" content=\"@sscc\" \/>\n<meta name=\"twitter:card\" content=\"summary_large_image\" \/>\n<meta name=\"twitter:creator\" content=\"@beatopeustaquio\" \/>\n<meta name=\"twitter:site\" content=\"@beatopeustaquio\" \/>\n<meta name=\"twitter:label1\" content=\"Escrito por\" \/>\n\t<meta name=\"twitter:data1\" content=\"@sscc\" \/>\n\t<meta name=\"twitter:label2\" content=\"Tiempo de lectura\" \/>\n\t<meta name=\"twitter:data2\" content=\"1 minuto\" \/>\n<script type=\"application\/ld+json\" class=\"yoast-schema-graph\">{\"@context\":\"https:\/\/schema.org\",\"@graph\":[{\"@type\":\"Article\",\"@id\":\"https:\/\/www.padreeustaquio.com.br\/foto-recuperada-conheca-o-navio-que-padre-eustaquio-veio-para-o-brasil\/#article\",\"isPartOf\":{\"@id\":\"https:\/\/www.padreeustaquio.com.br\/foto-recuperada-conheca-o-navio-que-padre-eustaquio-veio-para-o-brasil\/\"},\"author\":{\"name\":\"@sscc\",\"@id\":\"https:\/\/www.padreeustaquio.com.br\/#\/schema\/person\/a2a51db1d00f1a7af0204a0f1ddb1566\"},\"headline\":\"Foto recuperada: conhe\u00e7a o navio que Padre Eust\u00e1quio veio para o Brasil\",\"datePublished\":\"2022-06-02T09:11:00+00:00\",\"mainEntityOfPage\":{\"@id\":\"https:\/\/www.padreeustaquio.com.br\/foto-recuperada-conheca-o-navio-que-padre-eustaquio-veio-para-o-brasil\/\"},\"wordCount\":196,\"commentCount\":0,\"publisher\":{\"@id\":\"https:\/\/www.padreeustaquio.com.br\/#organization\"},\"image\":{\"@id\":\"https:\/\/www.padreeustaquio.com.br\/foto-recuperada-conheca-o-navio-que-padre-eustaquio-veio-para-o-brasil\/#primaryimage\"},\"thumbnailUrl\":\"https:\/\/www.padreeustaquio.com.br\/wp-content\/uploads\/2022\/05\/navio-de-padre-eustaquio.jpg\",\"articleSection\":[\"Not\u00edcias\"],\"inLanguage\":\"es\",\"potentialAction\":[{\"@type\":\"CommentAction\",\"name\":\"Comment\",\"target\":[\"https:\/\/www.padreeustaquio.com.br\/foto-recuperada-conheca-o-navio-que-padre-eustaquio-veio-para-o-brasil\/#respond\"]}]},{\"@type\":\"WebPage\",\"@id\":\"https:\/\/www.padreeustaquio.com.br\/foto-recuperada-conheca-o-navio-que-padre-eustaquio-veio-para-o-brasil\/\",\"url\":\"https:\/\/www.padreeustaquio.com.br\/foto-recuperada-conheca-o-navio-que-padre-eustaquio-veio-para-o-brasil\/\",\"name\":\"Foto recuperada: conhe\u00e7a o navio que Padre Eust\u00e1quio veio para o Brasil\",\"isPartOf\":{\"@id\":\"https:\/\/www.padreeustaquio.com.br\/#website\"},\"primaryImageOfPage\":{\"@id\":\"https:\/\/www.padreeustaquio.com.br\/foto-recuperada-conheca-o-navio-que-padre-eustaquio-veio-para-o-brasil\/#primaryimage\"},\"image\":{\"@id\":\"https:\/\/www.padreeustaquio.com.br\/foto-recuperada-conheca-o-navio-que-padre-eustaquio-veio-para-o-brasil\/#primaryimage\"},\"thumbnailUrl\":\"https:\/\/www.padreeustaquio.com.br\/wp-content\/uploads\/2022\/05\/navio-de-padre-eustaquio.jpg\",\"datePublished\":\"2022-06-02T09:11:00+00:00\",\"description\":\"Uma foto do navio onde Padre Eust\u00e1quio veio para o Brasil junto com seus companheiros de miss\u00e3o, Padre Gil e Padre Mathias, foi encontrada pela equipe que cataloga os pertences do Bem-aventurado. A gravura mostra o Navio Flandria no qual o Beato embarcou no dia 22 de abril de 1925 de Amsterd\u00e3 (Holanda) para terras brasileiras.\",\"breadcrumb\":{\"@id\":\"https:\/\/www.padreeustaquio.com.br\/foto-recuperada-conheca-o-navio-que-padre-eustaquio-veio-para-o-brasil\/#breadcrumb\"},\"inLanguage\":\"es\",\"potentialAction\":[{\"@type\":\"ReadAction\",\"target\":[\"https:\/\/www.padreeustaquio.com.br\/foto-recuperada-conheca-o-navio-que-padre-eustaquio-veio-para-o-brasil\/\"]}]},{\"@type\":\"ImageObject\",\"inLanguage\":\"es\",\"@id\":\"https:\/\/www.padreeustaquio.com.br\/foto-recuperada-conheca-o-navio-que-padre-eustaquio-veio-para-o-brasil\/#primaryimage\",\"url\":\"https:\/\/www.padreeustaquio.com.br\/wp-content\/uploads\/2022\/05\/navio-de-padre-eustaquio.jpg\",\"contentUrl\":\"https:\/\/www.padreeustaquio.com.br\/wp-content\/uploads\/2022\/05\/navio-de-padre-eustaquio.jpg\",\"width\":748,\"height\":394},{\"@type\":\"BreadcrumbList\",\"@id\":\"https:\/\/www.padreeustaquio.com.br\/foto-recuperada-conheca-o-navio-que-padre-eustaquio-veio-para-o-brasil\/#breadcrumb\",\"itemListElement\":[{\"@type\":\"ListItem\",\"position\":1,\"name\":\"In\u00edcio\",\"item\":\"https:\/\/www.padreeustaquio.com.br\/\"},{\"@type\":\"ListItem\",\"position\":2,\"name\":\"Foto recuperada: conhe\u00e7a o navio que Padre Eust\u00e1quio veio para o Brasil\"}]},{\"@type\":\"WebSite\",\"@id\":\"https:\/\/www.padreeustaquio.com.br\/#website\",\"url\":\"https:\/\/www.padreeustaquio.com.br\/\",\"name\":\"Padre Eust\u00e1quio\",\"description\":\"Sa\u00fade e Paz\",\"publisher\":{\"@id\":\"https:\/\/www.padreeustaquio.com.br\/#organization\"},\"potentialAction\":[{\"@type\":\"SearchAction\",\"target\":{\"@type\":\"EntryPoint\",\"urlTemplate\":\"https:\/\/www.padreeustaquio.com.br\/?s={search_term_string}\"},\"query-input\":{\"@type\":\"PropertyValueSpecification\",\"valueRequired\":true,\"valueName\":\"search_term_string\"}}],\"inLanguage\":\"es\"},{\"@type\":\"Organization\",\"@id\":\"https:\/\/www.padreeustaquio.com.br\/#organization\",\"name\":\"Padre Eust\u00e1quio\",\"url\":\"https:\/\/www.padreeustaquio.com.br\/\",\"logo\":{\"@type\":\"ImageObject\",\"inLanguage\":\"es\",\"@id\":\"https:\/\/www.padreeustaquio.com.br\/#\/schema\/logo\/image\/\",\"url\":\"https:\/\/www.padreeustaquio.com.br\/wp-content\/uploads\/2019\/08\/marca.png\",\"contentUrl\":\"https:\/\/www.padreeustaquio.com.br\/wp-content\/uploads\/2019\/08\/marca.png\",\"width\":350,\"height\":400,\"caption\":\"Padre Eust\u00e1quio\"},\"image\":{\"@id\":\"https:\/\/www.padreeustaquio.com.br\/#\/schema\/logo\/image\/\"},\"sameAs\":[\"https:\/\/www.facebook.com\/beatopadreeustaquio\/\",\"https:\/\/x.com\/beatopeustaquio\",\"https:\/\/www.instagram.com\/beatopadreeustaquio\/\",\"https:\/\/www.youtube.com\/channel\/UCRhw7vfabnajwLxb1ZXMeIw\"]},{\"@type\":\"Person\",\"@id\":\"https:\/\/www.padreeustaquio.com.br\/#\/schema\/person\/a2a51db1d00f1a7af0204a0f1ddb1566\",\"name\":\"@sscc\",\"image\":{\"@type\":\"ImageObject\",\"inLanguage\":\"es\",\"@id\":\"https:\/\/secure.gravatar.com\/avatar\/68cfafa5f44617fea54071e215026e0ff06be366c3d54a8425f04fdcb86f8c5f?s=96&d=mm&r=g\",\"url\":\"https:\/\/secure.gravatar.com\/avatar\/68cfafa5f44617fea54071e215026e0ff06be366c3d54a8425f04fdcb86f8c5f?s=96&d=mm&r=g\",\"contentUrl\":\"https:\/\/secure.gravatar.com\/avatar\/68cfafa5f44617fea54071e215026e0ff06be366c3d54a8425f04fdcb86f8c5f?s=96&d=mm&r=g\",\"caption\":\"@sscc\"},\"url\":\"https:\/\/www.padreeustaquio.com.br\/es\/author\/sscc\/\"}]}<\/script>\n<!-- \/ Yoast SEO plugin. -->","yoast_head_json":{"title":"Foto recuperada: conozca el barco en el que el Padre Eust\u00e1quio lleg\u00f3 a Brasil.","description":"El equipo que catalogaba las pertenencias del Beato encontr\u00f3 una fotograf\u00eda del barco en el que el Padre Eust\u00e1quio lleg\u00f3 a Brasil junto con sus compa\u00f1eros de misi\u00f3n, el Padre Gil y el Padre Mathias. El grabado muestra el barco Flandria, en el que el Beato embarc\u00f3 el 22 de abril de 1925 desde \u00c1msterdam (Pa\u00edses Bajos) con destino a tierras brasile\u00f1as.","robots":{"index":"index","follow":"follow","max-snippet":"max-snippet:-1","max-image-preview":"max-image-preview:large","max-video-preview":"max-video-preview:-1"},"canonical":"https:\/\/www.padreeustaquio.com.br\/es\/foto-recuperada-conozca-el-barco-en-el-que-el-padre-eustaquio-llego-a-brasil\/","og_locale":"es_ES","og_type":"article","og_title":"Foto recuperada: conhe\u00e7a o navio que Padre Eust\u00e1quio veio para o Brasil","og_description":"Uma foto do navio onde Padre Eust\u00e1quio veio para o Brasil junto com seus companheiros de miss\u00e3o, Padre Gil e Padre Mathias, foi encontrada pela equipe que cataloga os pertences do Bem-aventurado. A gravura mostra o Navio Flandria no qual o Beato embarcou no dia 22 de abril de 1925 de Amsterd\u00e3 (Holanda) para terras brasileiras.","og_url":"https:\/\/www.padreeustaquio.com.br\/es\/foto-recuperada-conozca-el-barco-en-el-que-el-padre-eustaquio-llego-a-brasil\/","og_site_name":"Padre Eust\u00e1quio","article_publisher":"https:\/\/www.facebook.com\/beatopadreeustaquio\/","article_published_time":"2022-06-02T09:11:00+00:00","og_image":[{"width":748,"height":394,"url":"https:\/\/www.padreeustaquio.com.br\/wp-content\/uploads\/2022\/05\/navio-de-padre-eustaquio.jpg","type":"image\/jpeg"}],"author":"@sscc","twitter_card":"summary_large_image","twitter_creator":"@beatopeustaquio","twitter_site":"@beatopeustaquio","twitter_misc":{"Escrito por":"@sscc","Tiempo de lectura":"1 minuto"},"schema":{"@context":"https:\/\/schema.org","@graph":[{"@type":"Article","@id":"https:\/\/www.padreeustaquio.com.br\/foto-recuperada-conheca-o-navio-que-padre-eustaquio-veio-para-o-brasil\/#article","isPartOf":{"@id":"https:\/\/www.padreeustaquio.com.br\/foto-recuperada-conheca-o-navio-que-padre-eustaquio-veio-para-o-brasil\/"},"author":{"name":"@sscc","@id":"https:\/\/www.padreeustaquio.com.br\/#\/schema\/person\/a2a51db1d00f1a7af0204a0f1ddb1566"},"headline":"Foto recuperada: conhe\u00e7a o navio que Padre Eust\u00e1quio veio para o Brasil","datePublished":"2022-06-02T09:11:00+00:00","mainEntityOfPage":{"@id":"https:\/\/www.padreeustaquio.com.br\/foto-recuperada-conheca-o-navio-que-padre-eustaquio-veio-para-o-brasil\/"},"wordCount":196,"commentCount":0,"publisher":{"@id":"https:\/\/www.padreeustaquio.com.br\/#organization"},"image":{"@id":"https:\/\/www.padreeustaquio.com.br\/foto-recuperada-conheca-o-navio-que-padre-eustaquio-veio-para-o-brasil\/#primaryimage"},"thumbnailUrl":"https:\/\/www.padreeustaquio.com.br\/wp-content\/uploads\/2022\/05\/navio-de-padre-eustaquio.jpg","articleSection":["Not\u00edcias"],"inLanguage":"es","potentialAction":[{"@type":"CommentAction","name":"Comment","target":["https:\/\/www.padreeustaquio.com.br\/foto-recuperada-conheca-o-navio-que-padre-eustaquio-veio-para-o-brasil\/#respond"]}]},{"@type":"WebPage","@id":"https:\/\/www.padreeustaquio.com.br\/foto-recuperada-conheca-o-navio-que-padre-eustaquio-veio-para-o-brasil\/","url":"https:\/\/www.padreeustaquio.com.br\/foto-recuperada-conheca-o-navio-que-padre-eustaquio-veio-para-o-brasil\/","name":"Foto recuperada: conozca el barco en el que el Padre Eust\u00e1quio lleg\u00f3 a Brasil.","isPartOf":{"@id":"https:\/\/www.padreeustaquio.com.br\/#website"},"primaryImageOfPage":{"@id":"https:\/\/www.padreeustaquio.com.br\/foto-recuperada-conheca-o-navio-que-padre-eustaquio-veio-para-o-brasil\/#primaryimage"},"image":{"@id":"https:\/\/www.padreeustaquio.com.br\/foto-recuperada-conheca-o-navio-que-padre-eustaquio-veio-para-o-brasil\/#primaryimage"},"thumbnailUrl":"https:\/\/www.padreeustaquio.com.br\/wp-content\/uploads\/2022\/05\/navio-de-padre-eustaquio.jpg","datePublished":"2022-06-02T09:11:00+00:00","description":"El equipo que catalogaba las pertenencias del Beato encontr\u00f3 una fotograf\u00eda del barco en el que el Padre Eust\u00e1quio lleg\u00f3 a Brasil junto con sus compa\u00f1eros de misi\u00f3n, el Padre Gil y el Padre Mathias. El grabado muestra el barco Flandria, en el que el Beato embarc\u00f3 el 22 de abril de 1925 desde \u00c1msterdam (Pa\u00edses Bajos) con destino a tierras brasile\u00f1as.","breadcrumb":{"@id":"https:\/\/www.padreeustaquio.com.br\/foto-recuperada-conheca-o-navio-que-padre-eustaquio-veio-para-o-brasil\/#breadcrumb"},"inLanguage":"es","potentialAction":[{"@type":"ReadAction","target":["https:\/\/www.padreeustaquio.com.br\/foto-recuperada-conheca-o-navio-que-padre-eustaquio-veio-para-o-brasil\/"]}]},{"@type":"ImageObject","inLanguage":"es","@id":"https:\/\/www.padreeustaquio.com.br\/foto-recuperada-conheca-o-navio-que-padre-eustaquio-veio-para-o-brasil\/#primaryimage","url":"https:\/\/www.padreeustaquio.com.br\/wp-content\/uploads\/2022\/05\/navio-de-padre-eustaquio.jpg","contentUrl":"https:\/\/www.padreeustaquio.com.br\/wp-content\/uploads\/2022\/05\/navio-de-padre-eustaquio.jpg","width":748,"height":394},{"@type":"BreadcrumbList","@id":"https:\/\/www.padreeustaquio.com.br\/foto-recuperada-conheca-o-navio-que-padre-eustaquio-veio-para-o-brasil\/#breadcrumb","itemListElement":[{"@type":"ListItem","position":1,"name":"In\u00edcio","item":"https:\/\/www.padreeustaquio.com.br\/"},{"@type":"ListItem","position":2,"name":"Foto recuperada: conhe\u00e7a o navio que Padre Eust\u00e1quio veio para o Brasil"}]},{"@type":"WebSite","@id":"https:\/\/www.padreeustaquio.com.br\/#website","url":"https:\/\/www.padreeustaquio.com.br\/","name":"Padre Eustace","description":"Salud y Paz","publisher":{"@id":"https:\/\/www.padreeustaquio.com.br\/#organization"},"potentialAction":[{"@type":"SearchAction","target":{"@type":"EntryPoint","urlTemplate":"https:\/\/www.padreeustaquio.com.br\/?s={search_term_string}"},"query-input":{"@type":"PropertyValueSpecification","valueRequired":true,"valueName":"search_term_string"}}],"inLanguage":"es"},{"@type":"Organization","@id":"https:\/\/www.padreeustaquio.com.br\/#organization","name":"Padre Eustace","url":"https:\/\/www.padreeustaquio.com.br\/","logo":{"@type":"ImageObject","inLanguage":"es","@id":"https:\/\/www.padreeustaquio.com.br\/#\/schema\/logo\/image\/","url":"https:\/\/www.padreeustaquio.com.br\/wp-content\/uploads\/2019\/08\/marca.png","contentUrl":"https:\/\/www.padreeustaquio.com.br\/wp-content\/uploads\/2019\/08\/marca.png","width":350,"height":400,"caption":"Padre Eust\u00e1quio"},"image":{"@id":"https:\/\/www.padreeustaquio.com.br\/#\/schema\/logo\/image\/"},"sameAs":["https:\/\/www.facebook.com\/beatopadreeustaquio\/","https:\/\/x.com\/beatopeustaquio","https:\/\/www.instagram.com\/beatopadreeustaquio\/","https:\/\/www.youtube.com\/channel\/UCRhw7vfabnajwLxb1ZXMeIw"]},{"@type":"Person","@id":"https:\/\/www.padreeustaquio.com.br\/#\/schema\/person\/a2a51db1d00f1a7af0204a0f1ddb1566","name":"@sscc","image":{"@type":"ImageObject","inLanguage":"es","@id":"https:\/\/secure.gravatar.com\/avatar\/68cfafa5f44617fea54071e215026e0ff06be366c3d54a8425f04fdcb86f8c5f?s=96&d=mm&r=g","url":"https:\/\/secure.gravatar.com\/avatar\/68cfafa5f44617fea54071e215026e0ff06be366c3d54a8425f04fdcb86f8c5f?s=96&d=mm&r=g","contentUrl":"https:\/\/secure.gravatar.com\/avatar\/68cfafa5f44617fea54071e215026e0ff06be366c3d54a8425f04fdcb86f8c5f?s=96&d=mm&r=g","caption":"@sscc"},"url":"https:\/\/www.padreeustaquio.com.br\/es\/author\/sscc\/"}]}},"_links":{"self":[{"href":"https:\/\/www.padreeustaquio.com.br\/es\/wp-json\/wp\/v2\/posts\/8740","targetHints":{"allow":["GET"]}}],"collection":[{"href":"https:\/\/www.padreeustaquio.com.br\/es\/wp-json\/wp\/v2\/posts"}],"about":[{"href":"https:\/\/www.padreeustaquio.com.br\/es\/wp-json\/wp\/v2\/types\/post"}],"author":[{"embeddable":true,"href":"https:\/\/www.padreeustaquio.com.br\/es\/wp-json\/wp\/v2\/users\/2"}],"replies":[{"embeddable":true,"href":"https:\/\/www.padreeustaquio.com.br\/es\/wp-json\/wp\/v2\/comments?post=8740"}],"version-history":[{"count":0,"href":"https:\/\/www.padreeustaquio.com.br\/es\/wp-json\/wp\/v2\/posts\/8740\/revisions"}],"wp:featuredmedia":[{"embeddable":true,"href":"https:\/\/www.padreeustaquio.com.br\/es\/wp-json\/wp\/v2\/media\/8741"}],"wp:attachment":[{"href":"https:\/\/www.padreeustaquio.com.br\/es\/wp-json\/wp\/v2\/media?parent=8740"}],"wp:term":[{"taxonomy":"category","embeddable":true,"href":"https:\/\/www.padreeustaquio.com.br\/es\/wp-json\/wp\/v2\/categories?post=8740"},{"taxonomy":"post_tag","embeddable":true,"href":"https:\/\/www.padreeustaquio.com.br\/es\/wp-json\/wp\/v2\/tags?post=8740"}],"curies":[{"name":"wp","href":"https:\/\/api.w.org\/{rel}","templated":true}]}}