{"id":8737,"date":"2022-06-01T05:48:00","date_gmt":"2022-06-01T08:48:00","guid":{"rendered":"https:\/\/www.padreeustaquio.com.br\/?p=8737"},"modified":"2022-05-29T13:09:34","modified_gmt":"2022-05-29T16:09:34","slug":"junio-mes-de-los-sagrados-corazones-de-jesus-y-maria","status":"publish","type":"post","link":"https:\/\/www.padreeustaquio.com.br\/es\/junio-mes-de-los-sagrados-corazones-de-jesus-y-maria\/","title":{"rendered":"JUNIO \u2013 El mes de los Sagrados Corazones de Jes\u00fas y Mar\u00eda"},"content":{"rendered":"<p>En el mes de junio, la Iglesia celebra el Sagrado Coraz\u00f3n de Jes\u00fas, una devoci\u00f3n que ha existido desde los inicios del cristianismo, cuando la gente reflexionaba sobre el coraz\u00f3n abierto de Jes\u00fas. Celebrar el Coraz\u00f3n de Jes\u00fas se convierte en una importante ocasi\u00f3n pastoral para que toda la comunidad cristiana recupere la sensibilidad para hacer de este admirable Sacrificio y Sacramento el centro de sus vidas. Junto con ello, celebramos el Inmaculado Coraz\u00f3n de Mar\u00eda, pues ambos corazones nunca se separan, pues el Coraz\u00f3n de Jes\u00fas es la fuente de la Gracia y el de Mar\u00eda es el canal de esta Gracia.<\/p>\n\n\n\n<p>Benedicto XVI habl\u00f3 una vez sobre la importancia de esta devoci\u00f3n: <em>\u201cLa contemplaci\u00f3n del &#039;costado traspasado por la lanza&#039;, en el que resplandece la infinita voluntad salvadora de Dios, no puede, por tanto, considerarse una forma pasajera de culto o devoci\u00f3n: la adoraci\u00f3n del amor de Dios, que encontr\u00f3 su expresi\u00f3n hist\u00f3rico-devocional en el s\u00edmbolo del &#039;coraz\u00f3n traspasado&#039;, sigue siendo esencial para una relaci\u00f3n viva con Dios\u2018.<\/em><\/p>\n\n\n\n<h3 class=\"wp-block-heading\">El origen de la devoci\u00f3n al Sagrado Coraz\u00f3n de Jes\u00fas.<\/h3>\n\n\n\n<p>La devoci\u00f3n al Sagrado Coraz\u00f3n aparece en dos acontecimientos poderosos en el Evangelio:&nbsp;<strong>El gesto de San Juan<\/strong>, disc\u00edpulo amado, apoyando su cabeza sobre Jes\u00fas durante la \u00daltima Cena (cf. Jn 13,23); y&nbsp;<strong>en la cruz<\/strong>, ...donde el soldado traspas\u00f3 el costado de Jes\u00fas con una lanza (cf. Jn 19,34). En uno encontramos consuelo por el dolor de la v\u00edspera de su muerte, y en el otro, el sufrimiento causado por los pecados de la humanidad. Estos dos ejemplos del Evangelio nos ayudan a comprender la s\u00faplica de Jes\u00fas, hecha en 1675, a santa Margarita Mar\u00eda Alacoque:<\/p>\n\n\n\n<p><em>\u201c&quot;Contempla este coraz\u00f3n que tanto ha amado a la humanidad. De la mayor\u00eda no recibo m\u00e1s que ingratitud, desprecio, insultos, sacrilegio, indiferencia...&quot;&nbsp;<\/em><em>Pido que el primer viernes despu\u00e9s de la octava del Sant\u00edsimo Sacramento (Corpus Christi) sea dedicado a una fiesta especial para honrar mi Coraz\u00f3n, recibiendo la Comuni\u00f3n ese d\u00eda y haciendo la debida reparaci\u00f3n mediante un acto de expiaci\u00f3n, para reparar las indignidades que sufri\u00f3 durante el tiempo que estuvo expuesto en los altares.&nbsp;<\/em><em>Y os prometo que Mi Coraz\u00f3n se expandir\u00e1 para derramar en abundancia las influencias de Su divino Amor sobre aquellos que rindan este divino honor y busquen que se le rinda.\u201d<\/em><\/p>\n\n\n\n<p>El Papa Juan Pablo II siempre cultiv\u00f3 esta devoci\u00f3n y la alent\u00f3 en todos aquellos que quer\u00edan crecer en la amistad con Jes\u00fas.<\/p>\n\n\n\n<p><em>*con informaci\u00f3n de la Parroquia Sagrados Corazones de S\u00e3o Jos\u00e9-SC (extra\u00eddo de https:\/\/sagradoscoracoes.org.br\/site\/junho-mes-do-sagrado-coracao-de-jesus\/)<\/em><\/p>","protected":false},"excerpt":{"rendered":"<p>No m\u00eas de junho, a Igreja celebra o Sagrado Cora\u00e7\u00e3o de Jesus, uma devo\u00e7\u00e3o que existe desde os prim\u00f3rdios do Cristianismo, quando as pessoas refletiam sobre o cora\u00e7\u00e3o aberto de Jesus. Celebrar o Cora\u00e7\u00e3o de Jesus torna-se uma importante ocasi\u00e3o pastoral para que toda a comunidade crist\u00e3 novamente se sensibilize para fazer deste admir\u00e1vel Sacrif\u00edcio e Sacramento o cora\u00e7\u00e3o da pr\u00f3pria vida. Juntamente com ele, festejamos o Imaculado Cora\u00e7\u00e3o de Maria, pois os dois cora\u00e7\u00f5es nunca se separam, pois, o Cora\u00e7\u00e3o de Jesus \u00e9 a fonte da Gra\u00e7a e o de Maria o canal desta Gra\u00e7a. Bento XVI, certa vez, [&hellip;]<\/p>\n","protected":false},"author":2,"featured_media":8738,"comment_status":"open","ping_status":"closed","sticky":false,"template":"","format":"standard","meta":{"_acf_changed":false,"footnotes":""},"categories":[611],"tags":[],"class_list":["post-8737","post","type-post","status-publish","format-standard","has-post-thumbnail","hentry","category-noticias"],"acf":[],"yoast_head":"<!-- This site is optimized with the Yoast SEO plugin v27.2 - https:\/\/yoast.com\/product\/yoast-seo-wordpress\/ -->\n<title>JUNHO - O m\u00eas dos Sagrados Cora\u00e7\u00f5es de Jesus e de Maria<\/title>\n<meta name=\"description\" content=\"Celebrar o Cora\u00e7\u00e3o de Jesus torna-se uma importante ocasi\u00e3o pastoral para que toda a comunidade crist\u00e3 novamente se sensibilize para fazer deste admir\u00e1vel Sacrif\u00edcio e Sacramento o cora\u00e7\u00e3o da pr\u00f3pria vida. Juntamente com ele, festejamos o Imaculado Cora\u00e7\u00e3o de Maria, pois os dois cora\u00e7\u00f5es nunca se separam, pois, o Cora\u00e7\u00e3o de Jesus \u00e9 a fonte da Gra\u00e7a e o de Maria o canal desta Gra\u00e7a.\" \/>\n<meta name=\"robots\" content=\"index, follow, max-snippet:-1, max-image-preview:large, max-video-preview:-1\" \/>\n<link rel=\"canonical\" href=\"https:\/\/www.padreeustaquio.com.br\/es\/junio-mes-de-los-sagrados-corazones-de-jesus-y-maria\/\" \/>\n<meta property=\"og:locale\" content=\"es_ES\" \/>\n<meta property=\"og:type\" content=\"article\" \/>\n<meta property=\"og:title\" content=\"JUNHO - O m\u00eas dos Sagrados Cora\u00e7\u00f5es de Jesus e de Maria\" \/>\n<meta property=\"og:description\" content=\"Celebrar o Cora\u00e7\u00e3o de Jesus torna-se uma importante ocasi\u00e3o pastoral para que toda a comunidade crist\u00e3 novamente se sensibilize para fazer deste admir\u00e1vel Sacrif\u00edcio e Sacramento o cora\u00e7\u00e3o da pr\u00f3pria vida. Juntamente com ele, festejamos o Imaculado Cora\u00e7\u00e3o de Maria, pois os dois cora\u00e7\u00f5es nunca se separam, pois, o Cora\u00e7\u00e3o de Jesus \u00e9 a fonte da Gra\u00e7a e o de Maria o canal desta Gra\u00e7a.\" \/>\n<meta property=\"og:url\" content=\"https:\/\/www.padreeustaquio.com.br\/es\/junio-mes-de-los-sagrados-corazones-de-jesus-y-maria\/\" \/>\n<meta property=\"og:site_name\" content=\"Padre Eust\u00e1quio\" \/>\n<meta property=\"article:publisher\" content=\"https:\/\/www.facebook.com\/beatopadreeustaquio\/\" \/>\n<meta property=\"article:published_time\" content=\"2022-06-01T08:48:00+00:00\" \/>\n<meta property=\"og:image\" content=\"https:\/\/www.padreeustaquio.com.br\/wp-content\/uploads\/2022\/05\/Sagrados-Coracoes-2021.jpg\" \/>\n\t<meta property=\"og:image:width\" content=\"748\" \/>\n\t<meta property=\"og:image:height\" content=\"394\" \/>\n\t<meta property=\"og:image:type\" content=\"image\/jpeg\" \/>\n<meta name=\"author\" content=\"@sscc\" \/>\n<meta name=\"twitter:card\" content=\"summary_large_image\" \/>\n<meta name=\"twitter:creator\" content=\"@beatopeustaquio\" \/>\n<meta name=\"twitter:site\" content=\"@beatopeustaquio\" \/>\n<meta name=\"twitter:label1\" content=\"Escrito por\" \/>\n\t<meta name=\"twitter:data1\" content=\"@sscc\" \/>\n\t<meta name=\"twitter:label2\" content=\"Tiempo de lectura\" \/>\n\t<meta name=\"twitter:data2\" content=\"2 minutos\" \/>\n<script type=\"application\/ld+json\" class=\"yoast-schema-graph\">{\"@context\":\"https:\/\/schema.org\",\"@graph\":[{\"@type\":\"Article\",\"@id\":\"https:\/\/www.padreeustaquio.com.br\/junho-o-mes-dos-sagrados-coracoes-de-jesus-e-de-maria\/#article\",\"isPartOf\":{\"@id\":\"https:\/\/www.padreeustaquio.com.br\/junho-o-mes-dos-sagrados-coracoes-de-jesus-e-de-maria\/\"},\"author\":{\"name\":\"@sscc\",\"@id\":\"https:\/\/www.padreeustaquio.com.br\/#\/schema\/person\/a2a51db1d00f1a7af0204a0f1ddb1566\"},\"headline\":\"JUNHO &#8211; O m\u00eas dos Sagrados Cora\u00e7\u00f5es de Jesus e de Maria\",\"datePublished\":\"2022-06-01T08:48:00+00:00\",\"mainEntityOfPage\":{\"@id\":\"https:\/\/www.padreeustaquio.com.br\/junho-o-mes-dos-sagrados-coracoes-de-jesus-e-de-maria\/\"},\"wordCount\":490,\"commentCount\":0,\"publisher\":{\"@id\":\"https:\/\/www.padreeustaquio.com.br\/#organization\"},\"image\":{\"@id\":\"https:\/\/www.padreeustaquio.com.br\/junho-o-mes-dos-sagrados-coracoes-de-jesus-e-de-maria\/#primaryimage\"},\"thumbnailUrl\":\"https:\/\/www.padreeustaquio.com.br\/wp-content\/uploads\/2022\/05\/Sagrados-Coracoes-2021.jpg\",\"articleSection\":[\"Not\u00edcias\"],\"inLanguage\":\"es\",\"potentialAction\":[{\"@type\":\"CommentAction\",\"name\":\"Comment\",\"target\":[\"https:\/\/www.padreeustaquio.com.br\/junho-o-mes-dos-sagrados-coracoes-de-jesus-e-de-maria\/#respond\"]}]},{\"@type\":\"WebPage\",\"@id\":\"https:\/\/www.padreeustaquio.com.br\/junho-o-mes-dos-sagrados-coracoes-de-jesus-e-de-maria\/\",\"url\":\"https:\/\/www.padreeustaquio.com.br\/junho-o-mes-dos-sagrados-coracoes-de-jesus-e-de-maria\/\",\"name\":\"JUNHO - O m\u00eas dos Sagrados Cora\u00e7\u00f5es de Jesus e de Maria\",\"isPartOf\":{\"@id\":\"https:\/\/www.padreeustaquio.com.br\/#website\"},\"primaryImageOfPage\":{\"@id\":\"https:\/\/www.padreeustaquio.com.br\/junho-o-mes-dos-sagrados-coracoes-de-jesus-e-de-maria\/#primaryimage\"},\"image\":{\"@id\":\"https:\/\/www.padreeustaquio.com.br\/junho-o-mes-dos-sagrados-coracoes-de-jesus-e-de-maria\/#primaryimage\"},\"thumbnailUrl\":\"https:\/\/www.padreeustaquio.com.br\/wp-content\/uploads\/2022\/05\/Sagrados-Coracoes-2021.jpg\",\"datePublished\":\"2022-06-01T08:48:00+00:00\",\"description\":\"Celebrar o Cora\u00e7\u00e3o de Jesus torna-se uma importante ocasi\u00e3o pastoral para que toda a comunidade crist\u00e3 novamente se sensibilize para fazer deste admir\u00e1vel Sacrif\u00edcio e Sacramento o cora\u00e7\u00e3o da pr\u00f3pria vida. Juntamente com ele, festejamos o Imaculado Cora\u00e7\u00e3o de Maria, pois os dois cora\u00e7\u00f5es nunca se separam, pois, o Cora\u00e7\u00e3o de Jesus \u00e9 a fonte da Gra\u00e7a e o de Maria o canal desta Gra\u00e7a.\",\"breadcrumb\":{\"@id\":\"https:\/\/www.padreeustaquio.com.br\/junho-o-mes-dos-sagrados-coracoes-de-jesus-e-de-maria\/#breadcrumb\"},\"inLanguage\":\"es\",\"potentialAction\":[{\"@type\":\"ReadAction\",\"target\":[\"https:\/\/www.padreeustaquio.com.br\/junho-o-mes-dos-sagrados-coracoes-de-jesus-e-de-maria\/\"]}]},{\"@type\":\"ImageObject\",\"inLanguage\":\"es\",\"@id\":\"https:\/\/www.padreeustaquio.com.br\/junho-o-mes-dos-sagrados-coracoes-de-jesus-e-de-maria\/#primaryimage\",\"url\":\"https:\/\/www.padreeustaquio.com.br\/wp-content\/uploads\/2022\/05\/Sagrados-Coracoes-2021.jpg\",\"contentUrl\":\"https:\/\/www.padreeustaquio.com.br\/wp-content\/uploads\/2022\/05\/Sagrados-Coracoes-2021.jpg\",\"width\":748,\"height\":394},{\"@type\":\"BreadcrumbList\",\"@id\":\"https:\/\/www.padreeustaquio.com.br\/junho-o-mes-dos-sagrados-coracoes-de-jesus-e-de-maria\/#breadcrumb\",\"itemListElement\":[{\"@type\":\"ListItem\",\"position\":1,\"name\":\"In\u00edcio\",\"item\":\"https:\/\/www.padreeustaquio.com.br\/\"},{\"@type\":\"ListItem\",\"position\":2,\"name\":\"JUNHO &#8211; O m\u00eas dos Sagrados Cora\u00e7\u00f5es de Jesus e de Maria\"}]},{\"@type\":\"WebSite\",\"@id\":\"https:\/\/www.padreeustaquio.com.br\/#website\",\"url\":\"https:\/\/www.padreeustaquio.com.br\/\",\"name\":\"Padre Eust\u00e1quio\",\"description\":\"Sa\u00fade e Paz\",\"publisher\":{\"@id\":\"https:\/\/www.padreeustaquio.com.br\/#organization\"},\"potentialAction\":[{\"@type\":\"SearchAction\",\"target\":{\"@type\":\"EntryPoint\",\"urlTemplate\":\"https:\/\/www.padreeustaquio.com.br\/?s={search_term_string}\"},\"query-input\":{\"@type\":\"PropertyValueSpecification\",\"valueRequired\":true,\"valueName\":\"search_term_string\"}}],\"inLanguage\":\"es\"},{\"@type\":\"Organization\",\"@id\":\"https:\/\/www.padreeustaquio.com.br\/#organization\",\"name\":\"Padre Eust\u00e1quio\",\"url\":\"https:\/\/www.padreeustaquio.com.br\/\",\"logo\":{\"@type\":\"ImageObject\",\"inLanguage\":\"es\",\"@id\":\"https:\/\/www.padreeustaquio.com.br\/#\/schema\/logo\/image\/\",\"url\":\"https:\/\/www.padreeustaquio.com.br\/wp-content\/uploads\/2019\/08\/marca.png\",\"contentUrl\":\"https:\/\/www.padreeustaquio.com.br\/wp-content\/uploads\/2019\/08\/marca.png\",\"width\":350,\"height\":400,\"caption\":\"Padre Eust\u00e1quio\"},\"image\":{\"@id\":\"https:\/\/www.padreeustaquio.com.br\/#\/schema\/logo\/image\/\"},\"sameAs\":[\"https:\/\/www.facebook.com\/beatopadreeustaquio\/\",\"https:\/\/x.com\/beatopeustaquio\",\"https:\/\/www.instagram.com\/beatopadreeustaquio\/\",\"https:\/\/www.youtube.com\/channel\/UCRhw7vfabnajwLxb1ZXMeIw\"]},{\"@type\":\"Person\",\"@id\":\"https:\/\/www.padreeustaquio.com.br\/#\/schema\/person\/a2a51db1d00f1a7af0204a0f1ddb1566\",\"name\":\"@sscc\",\"image\":{\"@type\":\"ImageObject\",\"inLanguage\":\"es\",\"@id\":\"https:\/\/secure.gravatar.com\/avatar\/68cfafa5f44617fea54071e215026e0ff06be366c3d54a8425f04fdcb86f8c5f?s=96&d=mm&r=g\",\"url\":\"https:\/\/secure.gravatar.com\/avatar\/68cfafa5f44617fea54071e215026e0ff06be366c3d54a8425f04fdcb86f8c5f?s=96&d=mm&r=g\",\"contentUrl\":\"https:\/\/secure.gravatar.com\/avatar\/68cfafa5f44617fea54071e215026e0ff06be366c3d54a8425f04fdcb86f8c5f?s=96&d=mm&r=g\",\"caption\":\"@sscc\"},\"url\":\"https:\/\/www.padreeustaquio.com.br\/es\/author\/sscc\/\"}]}<\/script>\n<!-- \/ Yoast SEO plugin. -->","yoast_head_json":{"title":"JUNIO - El mes de los Sagrados Corazones de Jes\u00fas y Mar\u00eda","description":"Celebrar el Sagrado Coraz\u00f3n de Jes\u00fas se convierte en una importante ocasi\u00f3n pastoral para que toda la comunidad cristiana recupere la sensibilidad para hacer de este admirable Sacrificio y Sacramento el centro de su vida. Junto con ello, celebramos el Inmaculado Coraz\u00f3n de Mar\u00eda, pues ambos corazones nunca se separan, pues el Coraz\u00f3n de Jes\u00fas es la fuente de la Gracia y el de Mar\u00eda es el canal de la misma.","robots":{"index":"index","follow":"follow","max-snippet":"max-snippet:-1","max-image-preview":"max-image-preview:large","max-video-preview":"max-video-preview:-1"},"canonical":"https:\/\/www.padreeustaquio.com.br\/es\/junio-mes-de-los-sagrados-corazones-de-jesus-y-maria\/","og_locale":"es_ES","og_type":"article","og_title":"JUNHO - O m\u00eas dos Sagrados Cora\u00e7\u00f5es de Jesus e de Maria","og_description":"Celebrar o Cora\u00e7\u00e3o de Jesus torna-se uma importante ocasi\u00e3o pastoral para que toda a comunidade crist\u00e3 novamente se sensibilize para fazer deste admir\u00e1vel Sacrif\u00edcio e Sacramento o cora\u00e7\u00e3o da pr\u00f3pria vida. Juntamente com ele, festejamos o Imaculado Cora\u00e7\u00e3o de Maria, pois os dois cora\u00e7\u00f5es nunca se separam, pois, o Cora\u00e7\u00e3o de Jesus \u00e9 a fonte da Gra\u00e7a e o de Maria o canal desta Gra\u00e7a.","og_url":"https:\/\/www.padreeustaquio.com.br\/es\/junio-mes-de-los-sagrados-corazones-de-jesus-y-maria\/","og_site_name":"Padre Eust\u00e1quio","article_publisher":"https:\/\/www.facebook.com\/beatopadreeustaquio\/","article_published_time":"2022-06-01T08:48:00+00:00","og_image":[{"width":748,"height":394,"url":"https:\/\/www.padreeustaquio.com.br\/wp-content\/uploads\/2022\/05\/Sagrados-Coracoes-2021.jpg","type":"image\/jpeg"}],"author":"@sscc","twitter_card":"summary_large_image","twitter_creator":"@beatopeustaquio","twitter_site":"@beatopeustaquio","twitter_misc":{"Escrito por":"@sscc","Tiempo de lectura":"2 minutos"},"schema":{"@context":"https:\/\/schema.org","@graph":[{"@type":"Article","@id":"https:\/\/www.padreeustaquio.com.br\/junho-o-mes-dos-sagrados-coracoes-de-jesus-e-de-maria\/#article","isPartOf":{"@id":"https:\/\/www.padreeustaquio.com.br\/junho-o-mes-dos-sagrados-coracoes-de-jesus-e-de-maria\/"},"author":{"name":"@sscc","@id":"https:\/\/www.padreeustaquio.com.br\/#\/schema\/person\/a2a51db1d00f1a7af0204a0f1ddb1566"},"headline":"JUNHO &#8211; O m\u00eas dos Sagrados Cora\u00e7\u00f5es de Jesus e de Maria","datePublished":"2022-06-01T08:48:00+00:00","mainEntityOfPage":{"@id":"https:\/\/www.padreeustaquio.com.br\/junho-o-mes-dos-sagrados-coracoes-de-jesus-e-de-maria\/"},"wordCount":490,"commentCount":0,"publisher":{"@id":"https:\/\/www.padreeustaquio.com.br\/#organization"},"image":{"@id":"https:\/\/www.padreeustaquio.com.br\/junho-o-mes-dos-sagrados-coracoes-de-jesus-e-de-maria\/#primaryimage"},"thumbnailUrl":"https:\/\/www.padreeustaquio.com.br\/wp-content\/uploads\/2022\/05\/Sagrados-Coracoes-2021.jpg","articleSection":["Not\u00edcias"],"inLanguage":"es","potentialAction":[{"@type":"CommentAction","name":"Comment","target":["https:\/\/www.padreeustaquio.com.br\/junho-o-mes-dos-sagrados-coracoes-de-jesus-e-de-maria\/#respond"]}]},{"@type":"WebPage","@id":"https:\/\/www.padreeustaquio.com.br\/junho-o-mes-dos-sagrados-coracoes-de-jesus-e-de-maria\/","url":"https:\/\/www.padreeustaquio.com.br\/junho-o-mes-dos-sagrados-coracoes-de-jesus-e-de-maria\/","name":"JUNIO - El mes de los Sagrados Corazones de Jes\u00fas y Mar\u00eda","isPartOf":{"@id":"https:\/\/www.padreeustaquio.com.br\/#website"},"primaryImageOfPage":{"@id":"https:\/\/www.padreeustaquio.com.br\/junho-o-mes-dos-sagrados-coracoes-de-jesus-e-de-maria\/#primaryimage"},"image":{"@id":"https:\/\/www.padreeustaquio.com.br\/junho-o-mes-dos-sagrados-coracoes-de-jesus-e-de-maria\/#primaryimage"},"thumbnailUrl":"https:\/\/www.padreeustaquio.com.br\/wp-content\/uploads\/2022\/05\/Sagrados-Coracoes-2021.jpg","datePublished":"2022-06-01T08:48:00+00:00","description":"Celebrar el Sagrado Coraz\u00f3n de Jes\u00fas se convierte en una importante ocasi\u00f3n pastoral para que toda la comunidad cristiana recupere la sensibilidad para hacer de este admirable Sacrificio y Sacramento el centro de su vida. Junto con ello, celebramos el Inmaculado Coraz\u00f3n de Mar\u00eda, pues ambos corazones nunca se separan, pues el Coraz\u00f3n de Jes\u00fas es la fuente de la Gracia y el de Mar\u00eda es el canal de la misma.","breadcrumb":{"@id":"https:\/\/www.padreeustaquio.com.br\/junho-o-mes-dos-sagrados-coracoes-de-jesus-e-de-maria\/#breadcrumb"},"inLanguage":"es","potentialAction":[{"@type":"ReadAction","target":["https:\/\/www.padreeustaquio.com.br\/junho-o-mes-dos-sagrados-coracoes-de-jesus-e-de-maria\/"]}]},{"@type":"ImageObject","inLanguage":"es","@id":"https:\/\/www.padreeustaquio.com.br\/junho-o-mes-dos-sagrados-coracoes-de-jesus-e-de-maria\/#primaryimage","url":"https:\/\/www.padreeustaquio.com.br\/wp-content\/uploads\/2022\/05\/Sagrados-Coracoes-2021.jpg","contentUrl":"https:\/\/www.padreeustaquio.com.br\/wp-content\/uploads\/2022\/05\/Sagrados-Coracoes-2021.jpg","width":748,"height":394},{"@type":"BreadcrumbList","@id":"https:\/\/www.padreeustaquio.com.br\/junho-o-mes-dos-sagrados-coracoes-de-jesus-e-de-maria\/#breadcrumb","itemListElement":[{"@type":"ListItem","position":1,"name":"In\u00edcio","item":"https:\/\/www.padreeustaquio.com.br\/"},{"@type":"ListItem","position":2,"name":"JUNHO &#8211; O m\u00eas dos Sagrados Cora\u00e7\u00f5es de Jesus e de Maria"}]},{"@type":"WebSite","@id":"https:\/\/www.padreeustaquio.com.br\/#website","url":"https:\/\/www.padreeustaquio.com.br\/","name":"Padre Eustace","description":"Salud y Paz","publisher":{"@id":"https:\/\/www.padreeustaquio.com.br\/#organization"},"potentialAction":[{"@type":"SearchAction","target":{"@type":"EntryPoint","urlTemplate":"https:\/\/www.padreeustaquio.com.br\/?s={search_term_string}"},"query-input":{"@type":"PropertyValueSpecification","valueRequired":true,"valueName":"search_term_string"}}],"inLanguage":"es"},{"@type":"Organization","@id":"https:\/\/www.padreeustaquio.com.br\/#organization","name":"Padre Eustace","url":"https:\/\/www.padreeustaquio.com.br\/","logo":{"@type":"ImageObject","inLanguage":"es","@id":"https:\/\/www.padreeustaquio.com.br\/#\/schema\/logo\/image\/","url":"https:\/\/www.padreeustaquio.com.br\/wp-content\/uploads\/2019\/08\/marca.png","contentUrl":"https:\/\/www.padreeustaquio.com.br\/wp-content\/uploads\/2019\/08\/marca.png","width":350,"height":400,"caption":"Padre Eust\u00e1quio"},"image":{"@id":"https:\/\/www.padreeustaquio.com.br\/#\/schema\/logo\/image\/"},"sameAs":["https:\/\/www.facebook.com\/beatopadreeustaquio\/","https:\/\/x.com\/beatopeustaquio","https:\/\/www.instagram.com\/beatopadreeustaquio\/","https:\/\/www.youtube.com\/channel\/UCRhw7vfabnajwLxb1ZXMeIw"]},{"@type":"Person","@id":"https:\/\/www.padreeustaquio.com.br\/#\/schema\/person\/a2a51db1d00f1a7af0204a0f1ddb1566","name":"@sscc","image":{"@type":"ImageObject","inLanguage":"es","@id":"https:\/\/secure.gravatar.com\/avatar\/68cfafa5f44617fea54071e215026e0ff06be366c3d54a8425f04fdcb86f8c5f?s=96&d=mm&r=g","url":"https:\/\/secure.gravatar.com\/avatar\/68cfafa5f44617fea54071e215026e0ff06be366c3d54a8425f04fdcb86f8c5f?s=96&d=mm&r=g","contentUrl":"https:\/\/secure.gravatar.com\/avatar\/68cfafa5f44617fea54071e215026e0ff06be366c3d54a8425f04fdcb86f8c5f?s=96&d=mm&r=g","caption":"@sscc"},"url":"https:\/\/www.padreeustaquio.com.br\/es\/author\/sscc\/"}]}},"_links":{"self":[{"href":"https:\/\/www.padreeustaquio.com.br\/es\/wp-json\/wp\/v2\/posts\/8737","targetHints":{"allow":["GET"]}}],"collection":[{"href":"https:\/\/www.padreeustaquio.com.br\/es\/wp-json\/wp\/v2\/posts"}],"about":[{"href":"https:\/\/www.padreeustaquio.com.br\/es\/wp-json\/wp\/v2\/types\/post"}],"author":[{"embeddable":true,"href":"https:\/\/www.padreeustaquio.com.br\/es\/wp-json\/wp\/v2\/users\/2"}],"replies":[{"embeddable":true,"href":"https:\/\/www.padreeustaquio.com.br\/es\/wp-json\/wp\/v2\/comments?post=8737"}],"version-history":[{"count":0,"href":"https:\/\/www.padreeustaquio.com.br\/es\/wp-json\/wp\/v2\/posts\/8737\/revisions"}],"wp:featuredmedia":[{"embeddable":true,"href":"https:\/\/www.padreeustaquio.com.br\/es\/wp-json\/wp\/v2\/media\/8738"}],"wp:attachment":[{"href":"https:\/\/www.padreeustaquio.com.br\/es\/wp-json\/wp\/v2\/media?parent=8737"}],"wp:term":[{"taxonomy":"category","embeddable":true,"href":"https:\/\/www.padreeustaquio.com.br\/es\/wp-json\/wp\/v2\/categories?post=8737"},{"taxonomy":"post_tag","embeddable":true,"href":"https:\/\/www.padreeustaquio.com.br\/es\/wp-json\/wp\/v2\/tags?post=8737"}],"curies":[{"name":"wp","href":"https:\/\/api.w.org\/{rel}","templated":true}]}}