{"id":8713,"date":"2022-06-06T06:00:00","date_gmt":"2022-06-06T09:00:00","guid":{"rendered":"https:\/\/www.padreeustaquio.com.br\/?p=8713"},"modified":"2022-05-30T20:01:24","modified_gmt":"2022-05-30T23:01:24","slug":"la-antigua-tumba-del-padre-eustaquio-fue-lugar-de-devocion-durante-58-anos","status":"publish","type":"post","link":"https:\/\/www.padreeustaquio.com.br\/es\/la-antigua-tumba-del-padre-eustaquio-fue-lugar-de-devocion-durante-58-anos\/","title":{"rendered":"La antigua tumba del Padre Eustaquio fue lugar de devoci\u00f3n durante 58 a\u00f1os."},"content":{"rendered":"<p>\u00bfRecuerdan la antigua tumba del Padre Eust\u00e1quio en el Santuario de la Salud y la Paz? Estaba ubicada justo a la entrada de la iglesia, junto a la puerta principal.<\/p>\n\n\n\n<p>Los restos mortales del Padre Eust\u00e1quio fueron enterrados en el lugar en 1949. El traslado tuvo lugar casi seis a\u00f1os despu\u00e9s de la muerte del sacerdote holand\u00e9s, el 30 de agosto de 1943, cuando fue enterrado en el Cementerio de Bonfim, en Belo Horizonte, Minas Gerais.<\/p>\n\n\n\n<p>El cuerpo del Padre Eust\u00e1quio permaneci\u00f3 enterrado en el antiguo sepulcro de la iglesia hasta 2007, cuando se construy\u00f3 el Memorial en honor al Beato, donde ahora se encuentran los restos mortales del Beato.<\/p>\n\n\n\n<p>El Memorial Padre Eustaquio es hoy un lugar de devoci\u00f3n al Bendito, donde los devotos acuden a rezar y rendirle homenaje.<\/p>\n\n\n\n<p>Si vives en Belo Horizonte y a\u00fan no has visitado el Memorial, est\u00e1 ubicado junto al Santuario de la Salud y la Paz y se puede visitar todos los d\u00edas de 7h a 20h.<\/p>\n\n\n\n<p><\/p>","protected":false},"excerpt":{"rendered":"<p>Voc\u00ea se lembra do antigo t\u00famulo do Padre Eust\u00e1quio no Santu\u00e1rio da Sa\u00fade e da Paz? Ele ficava logo na entrada da igreja, ao lado das portas principais. Os restos mortais de Padre Eust\u00e1quio foram enterrados no local em 1949. O traslado foi feito quase seis anos ap\u00f3s a morte do Padre holand\u00eas, 30 de Agosto de 1943, quando ele foi enterrado no Cemit\u00e9rio do Bonfim, em Belo Horizonte-MG O corpo de Padre Eust\u00e1quio ficou sepultado no antigo t\u00famulo da igreja at\u00e9 2007, quando foi constru\u00eddo o Memorial em honra ao Beato, onde hoje se encontram os restos mortais do [&hellip;]<\/p>\n","protected":false},"author":2,"featured_media":8714,"comment_status":"open","ping_status":"closed","sticky":false,"template":"","format":"standard","meta":{"_acf_changed":false,"footnotes":""},"categories":[611],"tags":[],"class_list":["post-8713","post","type-post","status-publish","format-standard","has-post-thumbnail","hentry","category-noticias"],"acf":[],"yoast_head":"<!-- This site is optimized with the Yoast SEO plugin v27.2 - https:\/\/yoast.com\/product\/yoast-seo-wordpress\/ -->\n<title>Antigo t\u00famulo do Padre Eust\u00e1quio foi local de devo\u00e7\u00e3o por 58 anos<\/title>\n<meta name=\"description\" content=\"Voc\u00ea se lembra do antigo t\u00famulo do Padre Eust\u00e1quio no Santu\u00e1rio da Sa\u00fade e da Paz? Ele ficava logo na entrada da igreja, ao lado das portas principais.\" \/>\n<meta name=\"robots\" content=\"index, follow, max-snippet:-1, max-image-preview:large, max-video-preview:-1\" \/>\n<link rel=\"canonical\" href=\"https:\/\/www.padreeustaquio.com.br\/es\/la-antigua-tumba-del-padre-eustaquio-fue-lugar-de-devocion-durante-58-anos\/\" \/>\n<meta property=\"og:locale\" content=\"es_ES\" \/>\n<meta property=\"og:type\" content=\"article\" \/>\n<meta property=\"og:title\" content=\"Antigo t\u00famulo do Padre Eust\u00e1quio foi local de devo\u00e7\u00e3o por 58 anos\" \/>\n<meta property=\"og:description\" content=\"Voc\u00ea se lembra do antigo t\u00famulo do Padre Eust\u00e1quio no Santu\u00e1rio da Sa\u00fade e da Paz? Ele ficava logo na entrada da igreja, ao lado das portas principais.\" \/>\n<meta property=\"og:url\" content=\"https:\/\/www.padreeustaquio.com.br\/es\/la-antigua-tumba-del-padre-eustaquio-fue-lugar-de-devocion-durante-58-anos\/\" \/>\n<meta property=\"og:site_name\" content=\"Padre Eust\u00e1quio\" \/>\n<meta property=\"article:publisher\" content=\"https:\/\/www.facebook.com\/beatopadreeustaquio\/\" \/>\n<meta property=\"article:published_time\" content=\"2022-06-06T09:00:00+00:00\" \/>\n<meta property=\"og:image\" content=\"https:\/\/www.padreeustaquio.com.br\/wp-content\/uploads\/2022\/05\/tumulo-antigo.jpg\" \/>\n\t<meta property=\"og:image:width\" content=\"748\" \/>\n\t<meta property=\"og:image:height\" content=\"394\" \/>\n\t<meta property=\"og:image:type\" content=\"image\/jpeg\" \/>\n<meta name=\"author\" content=\"@sscc\" \/>\n<meta name=\"twitter:card\" content=\"summary_large_image\" \/>\n<meta name=\"twitter:creator\" content=\"@beatopeustaquio\" \/>\n<meta name=\"twitter:site\" content=\"@beatopeustaquio\" \/>\n<meta name=\"twitter:label1\" content=\"Escrito por\" \/>\n\t<meta name=\"twitter:data1\" content=\"@sscc\" \/>\n\t<meta name=\"twitter:label2\" content=\"Tiempo de lectura\" \/>\n\t<meta name=\"twitter:data2\" content=\"1 minuto\" \/>\n<script type=\"application\/ld+json\" class=\"yoast-schema-graph\">{\"@context\":\"https:\/\/schema.org\",\"@graph\":[{\"@type\":\"Article\",\"@id\":\"https:\/\/www.padreeustaquio.com.br\/antigo-tumulo-do-padre-eustaquio-foi-local-de-devocao-por-58-anos\/#article\",\"isPartOf\":{\"@id\":\"https:\/\/www.padreeustaquio.com.br\/antigo-tumulo-do-padre-eustaquio-foi-local-de-devocao-por-58-anos\/\"},\"author\":{\"name\":\"@sscc\",\"@id\":\"https:\/\/www.padreeustaquio.com.br\/#\/schema\/person\/a2a51db1d00f1a7af0204a0f1ddb1566\"},\"headline\":\"Antigo t\u00famulo do Padre Eust\u00e1quio foi local de devo\u00e7\u00e3o por 58 anos\",\"datePublished\":\"2022-06-06T09:00:00+00:00\",\"mainEntityOfPage\":{\"@id\":\"https:\/\/www.padreeustaquio.com.br\/antigo-tumulo-do-padre-eustaquio-foi-local-de-devocao-por-58-anos\/\"},\"wordCount\":183,\"commentCount\":0,\"publisher\":{\"@id\":\"https:\/\/www.padreeustaquio.com.br\/#organization\"},\"image\":{\"@id\":\"https:\/\/www.padreeustaquio.com.br\/antigo-tumulo-do-padre-eustaquio-foi-local-de-devocao-por-58-anos\/#primaryimage\"},\"thumbnailUrl\":\"https:\/\/www.padreeustaquio.com.br\/wp-content\/uploads\/2022\/05\/tumulo-antigo.jpg\",\"articleSection\":[\"Not\u00edcias\"],\"inLanguage\":\"es\",\"potentialAction\":[{\"@type\":\"CommentAction\",\"name\":\"Comment\",\"target\":[\"https:\/\/www.padreeustaquio.com.br\/antigo-tumulo-do-padre-eustaquio-foi-local-de-devocao-por-58-anos\/#respond\"]}]},{\"@type\":\"WebPage\",\"@id\":\"https:\/\/www.padreeustaquio.com.br\/antigo-tumulo-do-padre-eustaquio-foi-local-de-devocao-por-58-anos\/\",\"url\":\"https:\/\/www.padreeustaquio.com.br\/antigo-tumulo-do-padre-eustaquio-foi-local-de-devocao-por-58-anos\/\",\"name\":\"Antigo t\u00famulo do Padre Eust\u00e1quio foi local de devo\u00e7\u00e3o por 58 anos\",\"isPartOf\":{\"@id\":\"https:\/\/www.padreeustaquio.com.br\/#website\"},\"primaryImageOfPage\":{\"@id\":\"https:\/\/www.padreeustaquio.com.br\/antigo-tumulo-do-padre-eustaquio-foi-local-de-devocao-por-58-anos\/#primaryimage\"},\"image\":{\"@id\":\"https:\/\/www.padreeustaquio.com.br\/antigo-tumulo-do-padre-eustaquio-foi-local-de-devocao-por-58-anos\/#primaryimage\"},\"thumbnailUrl\":\"https:\/\/www.padreeustaquio.com.br\/wp-content\/uploads\/2022\/05\/tumulo-antigo.jpg\",\"datePublished\":\"2022-06-06T09:00:00+00:00\",\"description\":\"Voc\u00ea se lembra do antigo t\u00famulo do Padre Eust\u00e1quio no Santu\u00e1rio da Sa\u00fade e da Paz? Ele ficava logo na entrada da igreja, ao lado das portas principais.\",\"breadcrumb\":{\"@id\":\"https:\/\/www.padreeustaquio.com.br\/antigo-tumulo-do-padre-eustaquio-foi-local-de-devocao-por-58-anos\/#breadcrumb\"},\"inLanguage\":\"es\",\"potentialAction\":[{\"@type\":\"ReadAction\",\"target\":[\"https:\/\/www.padreeustaquio.com.br\/antigo-tumulo-do-padre-eustaquio-foi-local-de-devocao-por-58-anos\/\"]}]},{\"@type\":\"ImageObject\",\"inLanguage\":\"es\",\"@id\":\"https:\/\/www.padreeustaquio.com.br\/antigo-tumulo-do-padre-eustaquio-foi-local-de-devocao-por-58-anos\/#primaryimage\",\"url\":\"https:\/\/www.padreeustaquio.com.br\/wp-content\/uploads\/2022\/05\/tumulo-antigo.jpg\",\"contentUrl\":\"https:\/\/www.padreeustaquio.com.br\/wp-content\/uploads\/2022\/05\/tumulo-antigo.jpg\",\"width\":748,\"height\":394},{\"@type\":\"BreadcrumbList\",\"@id\":\"https:\/\/www.padreeustaquio.com.br\/antigo-tumulo-do-padre-eustaquio-foi-local-de-devocao-por-58-anos\/#breadcrumb\",\"itemListElement\":[{\"@type\":\"ListItem\",\"position\":1,\"name\":\"In\u00edcio\",\"item\":\"https:\/\/www.padreeustaquio.com.br\/\"},{\"@type\":\"ListItem\",\"position\":2,\"name\":\"Antigo t\u00famulo do Padre Eust\u00e1quio foi local de devo\u00e7\u00e3o por 58 anos\"}]},{\"@type\":\"WebSite\",\"@id\":\"https:\/\/www.padreeustaquio.com.br\/#website\",\"url\":\"https:\/\/www.padreeustaquio.com.br\/\",\"name\":\"Padre Eust\u00e1quio\",\"description\":\"Sa\u00fade e Paz\",\"publisher\":{\"@id\":\"https:\/\/www.padreeustaquio.com.br\/#organization\"},\"potentialAction\":[{\"@type\":\"SearchAction\",\"target\":{\"@type\":\"EntryPoint\",\"urlTemplate\":\"https:\/\/www.padreeustaquio.com.br\/?s={search_term_string}\"},\"query-input\":{\"@type\":\"PropertyValueSpecification\",\"valueRequired\":true,\"valueName\":\"search_term_string\"}}],\"inLanguage\":\"es\"},{\"@type\":\"Organization\",\"@id\":\"https:\/\/www.padreeustaquio.com.br\/#organization\",\"name\":\"Padre Eust\u00e1quio\",\"url\":\"https:\/\/www.padreeustaquio.com.br\/\",\"logo\":{\"@type\":\"ImageObject\",\"inLanguage\":\"es\",\"@id\":\"https:\/\/www.padreeustaquio.com.br\/#\/schema\/logo\/image\/\",\"url\":\"https:\/\/www.padreeustaquio.com.br\/wp-content\/uploads\/2019\/08\/marca.png\",\"contentUrl\":\"https:\/\/www.padreeustaquio.com.br\/wp-content\/uploads\/2019\/08\/marca.png\",\"width\":350,\"height\":400,\"caption\":\"Padre Eust\u00e1quio\"},\"image\":{\"@id\":\"https:\/\/www.padreeustaquio.com.br\/#\/schema\/logo\/image\/\"},\"sameAs\":[\"https:\/\/www.facebook.com\/beatopadreeustaquio\/\",\"https:\/\/x.com\/beatopeustaquio\",\"https:\/\/www.instagram.com\/beatopadreeustaquio\/\",\"https:\/\/www.youtube.com\/channel\/UCRhw7vfabnajwLxb1ZXMeIw\"]},{\"@type\":\"Person\",\"@id\":\"https:\/\/www.padreeustaquio.com.br\/#\/schema\/person\/a2a51db1d00f1a7af0204a0f1ddb1566\",\"name\":\"@sscc\",\"image\":{\"@type\":\"ImageObject\",\"inLanguage\":\"es\",\"@id\":\"https:\/\/secure.gravatar.com\/avatar\/68cfafa5f44617fea54071e215026e0ff06be366c3d54a8425f04fdcb86f8c5f?s=96&d=mm&r=g\",\"url\":\"https:\/\/secure.gravatar.com\/avatar\/68cfafa5f44617fea54071e215026e0ff06be366c3d54a8425f04fdcb86f8c5f?s=96&d=mm&r=g\",\"contentUrl\":\"https:\/\/secure.gravatar.com\/avatar\/68cfafa5f44617fea54071e215026e0ff06be366c3d54a8425f04fdcb86f8c5f?s=96&d=mm&r=g\",\"caption\":\"@sscc\"},\"url\":\"https:\/\/www.padreeustaquio.com.br\/es\/author\/sscc\/\"}]}<\/script>\n<!-- \/ Yoast SEO plugin. -->","yoast_head_json":{"title":"La antigua tumba del Padre Eustaquio fue lugar de devoci\u00f3n durante 58 a\u00f1os.","description":"\u00bfRecuerdan la antigua tumba del Padre Eust\u00e1quio en el Santuario de la Salud y la Paz? Estaba ubicada justo a la entrada de la iglesia, junto a la puerta principal.","robots":{"index":"index","follow":"follow","max-snippet":"max-snippet:-1","max-image-preview":"max-image-preview:large","max-video-preview":"max-video-preview:-1"},"canonical":"https:\/\/www.padreeustaquio.com.br\/es\/la-antigua-tumba-del-padre-eustaquio-fue-lugar-de-devocion-durante-58-anos\/","og_locale":"es_ES","og_type":"article","og_title":"Antigo t\u00famulo do Padre Eust\u00e1quio foi local de devo\u00e7\u00e3o por 58 anos","og_description":"Voc\u00ea se lembra do antigo t\u00famulo do Padre Eust\u00e1quio no Santu\u00e1rio da Sa\u00fade e da Paz? Ele ficava logo na entrada da igreja, ao lado das portas principais.","og_url":"https:\/\/www.padreeustaquio.com.br\/es\/la-antigua-tumba-del-padre-eustaquio-fue-lugar-de-devocion-durante-58-anos\/","og_site_name":"Padre Eust\u00e1quio","article_publisher":"https:\/\/www.facebook.com\/beatopadreeustaquio\/","article_published_time":"2022-06-06T09:00:00+00:00","og_image":[{"width":748,"height":394,"url":"https:\/\/www.padreeustaquio.com.br\/wp-content\/uploads\/2022\/05\/tumulo-antigo.jpg","type":"image\/jpeg"}],"author":"@sscc","twitter_card":"summary_large_image","twitter_creator":"@beatopeustaquio","twitter_site":"@beatopeustaquio","twitter_misc":{"Escrito por":"@sscc","Tiempo de lectura":"1 minuto"},"schema":{"@context":"https:\/\/schema.org","@graph":[{"@type":"Article","@id":"https:\/\/www.padreeustaquio.com.br\/antigo-tumulo-do-padre-eustaquio-foi-local-de-devocao-por-58-anos\/#article","isPartOf":{"@id":"https:\/\/www.padreeustaquio.com.br\/antigo-tumulo-do-padre-eustaquio-foi-local-de-devocao-por-58-anos\/"},"author":{"name":"@sscc","@id":"https:\/\/www.padreeustaquio.com.br\/#\/schema\/person\/a2a51db1d00f1a7af0204a0f1ddb1566"},"headline":"Antigo t\u00famulo do Padre Eust\u00e1quio foi local de devo\u00e7\u00e3o por 58 anos","datePublished":"2022-06-06T09:00:00+00:00","mainEntityOfPage":{"@id":"https:\/\/www.padreeustaquio.com.br\/antigo-tumulo-do-padre-eustaquio-foi-local-de-devocao-por-58-anos\/"},"wordCount":183,"commentCount":0,"publisher":{"@id":"https:\/\/www.padreeustaquio.com.br\/#organization"},"image":{"@id":"https:\/\/www.padreeustaquio.com.br\/antigo-tumulo-do-padre-eustaquio-foi-local-de-devocao-por-58-anos\/#primaryimage"},"thumbnailUrl":"https:\/\/www.padreeustaquio.com.br\/wp-content\/uploads\/2022\/05\/tumulo-antigo.jpg","articleSection":["Not\u00edcias"],"inLanguage":"es","potentialAction":[{"@type":"CommentAction","name":"Comment","target":["https:\/\/www.padreeustaquio.com.br\/antigo-tumulo-do-padre-eustaquio-foi-local-de-devocao-por-58-anos\/#respond"]}]},{"@type":"WebPage","@id":"https:\/\/www.padreeustaquio.com.br\/antigo-tumulo-do-padre-eustaquio-foi-local-de-devocao-por-58-anos\/","url":"https:\/\/www.padreeustaquio.com.br\/antigo-tumulo-do-padre-eustaquio-foi-local-de-devocao-por-58-anos\/","name":"La antigua tumba del Padre Eustaquio fue lugar de devoci\u00f3n durante 58 a\u00f1os.","isPartOf":{"@id":"https:\/\/www.padreeustaquio.com.br\/#website"},"primaryImageOfPage":{"@id":"https:\/\/www.padreeustaquio.com.br\/antigo-tumulo-do-padre-eustaquio-foi-local-de-devocao-por-58-anos\/#primaryimage"},"image":{"@id":"https:\/\/www.padreeustaquio.com.br\/antigo-tumulo-do-padre-eustaquio-foi-local-de-devocao-por-58-anos\/#primaryimage"},"thumbnailUrl":"https:\/\/www.padreeustaquio.com.br\/wp-content\/uploads\/2022\/05\/tumulo-antigo.jpg","datePublished":"2022-06-06T09:00:00+00:00","description":"\u00bfRecuerdan la antigua tumba del Padre Eust\u00e1quio en el Santuario de la Salud y la Paz? Estaba ubicada justo a la entrada de la iglesia, junto a la puerta principal.","breadcrumb":{"@id":"https:\/\/www.padreeustaquio.com.br\/antigo-tumulo-do-padre-eustaquio-foi-local-de-devocao-por-58-anos\/#breadcrumb"},"inLanguage":"es","potentialAction":[{"@type":"ReadAction","target":["https:\/\/www.padreeustaquio.com.br\/antigo-tumulo-do-padre-eustaquio-foi-local-de-devocao-por-58-anos\/"]}]},{"@type":"ImageObject","inLanguage":"es","@id":"https:\/\/www.padreeustaquio.com.br\/antigo-tumulo-do-padre-eustaquio-foi-local-de-devocao-por-58-anos\/#primaryimage","url":"https:\/\/www.padreeustaquio.com.br\/wp-content\/uploads\/2022\/05\/tumulo-antigo.jpg","contentUrl":"https:\/\/www.padreeustaquio.com.br\/wp-content\/uploads\/2022\/05\/tumulo-antigo.jpg","width":748,"height":394},{"@type":"BreadcrumbList","@id":"https:\/\/www.padreeustaquio.com.br\/antigo-tumulo-do-padre-eustaquio-foi-local-de-devocao-por-58-anos\/#breadcrumb","itemListElement":[{"@type":"ListItem","position":1,"name":"In\u00edcio","item":"https:\/\/www.padreeustaquio.com.br\/"},{"@type":"ListItem","position":2,"name":"Antigo t\u00famulo do Padre Eust\u00e1quio foi local de devo\u00e7\u00e3o por 58 anos"}]},{"@type":"WebSite","@id":"https:\/\/www.padreeustaquio.com.br\/#website","url":"https:\/\/www.padreeustaquio.com.br\/","name":"Padre Eustace","description":"Salud y Paz","publisher":{"@id":"https:\/\/www.padreeustaquio.com.br\/#organization"},"potentialAction":[{"@type":"SearchAction","target":{"@type":"EntryPoint","urlTemplate":"https:\/\/www.padreeustaquio.com.br\/?s={search_term_string}"},"query-input":{"@type":"PropertyValueSpecification","valueRequired":true,"valueName":"search_term_string"}}],"inLanguage":"es"},{"@type":"Organization","@id":"https:\/\/www.padreeustaquio.com.br\/#organization","name":"Padre Eustace","url":"https:\/\/www.padreeustaquio.com.br\/","logo":{"@type":"ImageObject","inLanguage":"es","@id":"https:\/\/www.padreeustaquio.com.br\/#\/schema\/logo\/image\/","url":"https:\/\/www.padreeustaquio.com.br\/wp-content\/uploads\/2019\/08\/marca.png","contentUrl":"https:\/\/www.padreeustaquio.com.br\/wp-content\/uploads\/2019\/08\/marca.png","width":350,"height":400,"caption":"Padre Eust\u00e1quio"},"image":{"@id":"https:\/\/www.padreeustaquio.com.br\/#\/schema\/logo\/image\/"},"sameAs":["https:\/\/www.facebook.com\/beatopadreeustaquio\/","https:\/\/x.com\/beatopeustaquio","https:\/\/www.instagram.com\/beatopadreeustaquio\/","https:\/\/www.youtube.com\/channel\/UCRhw7vfabnajwLxb1ZXMeIw"]},{"@type":"Person","@id":"https:\/\/www.padreeustaquio.com.br\/#\/schema\/person\/a2a51db1d00f1a7af0204a0f1ddb1566","name":"@sscc","image":{"@type":"ImageObject","inLanguage":"es","@id":"https:\/\/secure.gravatar.com\/avatar\/68cfafa5f44617fea54071e215026e0ff06be366c3d54a8425f04fdcb86f8c5f?s=96&d=mm&r=g","url":"https:\/\/secure.gravatar.com\/avatar\/68cfafa5f44617fea54071e215026e0ff06be366c3d54a8425f04fdcb86f8c5f?s=96&d=mm&r=g","contentUrl":"https:\/\/secure.gravatar.com\/avatar\/68cfafa5f44617fea54071e215026e0ff06be366c3d54a8425f04fdcb86f8c5f?s=96&d=mm&r=g","caption":"@sscc"},"url":"https:\/\/www.padreeustaquio.com.br\/es\/author\/sscc\/"}]}},"_links":{"self":[{"href":"https:\/\/www.padreeustaquio.com.br\/es\/wp-json\/wp\/v2\/posts\/8713","targetHints":{"allow":["GET"]}}],"collection":[{"href":"https:\/\/www.padreeustaquio.com.br\/es\/wp-json\/wp\/v2\/posts"}],"about":[{"href":"https:\/\/www.padreeustaquio.com.br\/es\/wp-json\/wp\/v2\/types\/post"}],"author":[{"embeddable":true,"href":"https:\/\/www.padreeustaquio.com.br\/es\/wp-json\/wp\/v2\/users\/2"}],"replies":[{"embeddable":true,"href":"https:\/\/www.padreeustaquio.com.br\/es\/wp-json\/wp\/v2\/comments?post=8713"}],"version-history":[{"count":0,"href":"https:\/\/www.padreeustaquio.com.br\/es\/wp-json\/wp\/v2\/posts\/8713\/revisions"}],"wp:featuredmedia":[{"embeddable":true,"href":"https:\/\/www.padreeustaquio.com.br\/es\/wp-json\/wp\/v2\/media\/8714"}],"wp:attachment":[{"href":"https:\/\/www.padreeustaquio.com.br\/es\/wp-json\/wp\/v2\/media?parent=8713"}],"wp:term":[{"taxonomy":"category","embeddable":true,"href":"https:\/\/www.padreeustaquio.com.br\/es\/wp-json\/wp\/v2\/categories?post=8713"},{"taxonomy":"post_tag","embeddable":true,"href":"https:\/\/www.padreeustaquio.com.br\/es\/wp-json\/wp\/v2\/tags?post=8713"}],"curies":[{"name":"wp","href":"https:\/\/api.w.org\/{rel}","templated":true}]}}