{"id":8691,"date":"2022-05-25T06:08:00","date_gmt":"2022-05-25T09:08:00","guid":{"rendered":"https:\/\/www.padreeustaquio.com.br\/?p=8691"},"modified":"2022-05-29T12:16:54","modified_gmt":"2022-05-29T15:16:54","slug":"las-mujeres-de-la-iglesia-del-padre-eustace-preparan-una-coronacion-especial-para-nuestra-senora","status":"publish","type":"post","link":"https:\/\/www.padreeustaquio.com.br\/es\/las-mujeres-de-la-iglesia-del-padre-eustace-preparan-una-coronacion-especial-para-nuestra-senora\/","title":{"rendered":"Mujeres de la Iglesia Padre Eustaquio preparan una coronaci\u00f3n especial para Nuestra Se\u00f1ora."},"content":{"rendered":"<p>Diecisiete mujeres de la comunidad parroquial del Santuario de la Salud y la Paz, Iglesia Padre Eust\u00e1quio, en Belo Horizonte, preparan una coronaci\u00f3n especial para cerrar el mes de mayo. Este domingo, grabaron el momento especial que se transmitir\u00e1 el pr\u00f3ximo fin de semana en el Canal Padre Eust\u00e1quio.<\/p>\n\n\n\n<p>El homenaje a la Madre de Dios, bajo la advocaci\u00f3n del Inmaculado Coraz\u00f3n de Mar\u00eda, se grab\u00f3 en el Centro Comunitario del Santuario. Durante la coronaci\u00f3n, las mujeres, divididas en grupos, representaron los continentes y hablaron de los diversos t\u00edtulos que recibe Nuestra Se\u00f1ora en diferentes partes del mundo. Adem\u00e1s de cantar y orar, las mujeres recitaron pasajes b\u00edblicos, recordando el papel de Mar\u00eda en el camino hacia la salvaci\u00f3n de la humanidad.<\/p>\n\n\n\n<p>Podr\u00e1s ver el resultado de esta hermosa obra en el Canal Padre Eust\u00e1quio, justo despu\u00e9s de las celebraciones de este fin de semana (d\u00edas 28 y 29). El video tambi\u00e9n estar\u00e1 disponible. <a href=\"https:\/\/www.youtube.com\/watch?v=Qn4rsN_ZLUQ\" target=\"_blank\" rel=\"noreferrer noopener\">AQU\u00cd<\/a> Para que compartas con tus amigos y familiares.<\/p>\n\n\n\n<p><\/p>","protected":false},"excerpt":{"rendered":"<p>Dezessete mulheres que participam da comunidade paroquial do Santu\u00e1rio da Sa\u00fade e da Paz, Igreja do Padre Eust\u00e1quio em Belo Horizonte est\u00e3o preparando uma coroa\u00e7\u00e3o diferente para encerrar o m\u00eas de Maio. Nesse domingo, elas gravaram o momento especial que ser\u00e1 exibido no pr\u00f3ximo final de semana no Canal Padre Eust\u00e1quio. A homenagem \u00e0 M\u00e3e de Deus, sob o t\u00edtulo de Imaculado Cora\u00e7\u00e3o de Maria, foi gravada no Centro Comunit\u00e1rio do Santu\u00e1rio. Durante a coroa\u00e7\u00e3o, as mulheres separadas em grupos, representaram os continentes e falaram dos mais diversos t\u00edtulos que Nossa Senhora recebe nos mais diferentes lugares do mundo. Al\u00e9m [&hellip;]<\/p>\n","protected":false},"author":2,"featured_media":8693,"comment_status":"open","ping_status":"closed","sticky":false,"template":"","format":"standard","meta":{"_acf_changed":false,"footnotes":""},"categories":[611],"tags":[],"class_list":["post-8691","post","type-post","status-publish","format-standard","has-post-thumbnail","hentry","category-noticias"],"acf":[],"yoast_head":"<!-- This site is optimized with the Yoast SEO plugin v27.2 - https:\/\/yoast.com\/product\/yoast-seo-wordpress\/ -->\n<title>Mulheres da Igreja do Padre Eust\u00e1quio preparam coroa\u00e7\u00e3o especial \u00e0 Nossa Senhora<\/title>\n<meta name=\"description\" content=\"Dezessete mulheres que participam da comunidade paroquial do Santu\u00e1rio da Sa\u00fade e da Paz, Igreja do Padre Eust\u00e1quio em Belo Horizonte est\u00e3o preparando uma coroa\u00e7\u00e3o diferente para encerrar o m\u00eas de Maio. Nesse domingo, elas gravaram o momento especial que ser\u00e1 exibido no pr\u00f3ximo final de semana no Canal Padre Eust\u00e1quio.\" \/>\n<meta name=\"robots\" content=\"index, follow, max-snippet:-1, max-image-preview:large, max-video-preview:-1\" \/>\n<link rel=\"canonical\" href=\"https:\/\/www.padreeustaquio.com.br\/es\/las-mujeres-de-la-iglesia-del-padre-eustace-preparan-una-coronacion-especial-para-nuestra-senora\/\" \/>\n<meta property=\"og:locale\" content=\"es_ES\" \/>\n<meta property=\"og:type\" content=\"article\" \/>\n<meta property=\"og:title\" content=\"Mulheres da Igreja do Padre Eust\u00e1quio preparam coroa\u00e7\u00e3o especial \u00e0 Nossa Senhora\" \/>\n<meta property=\"og:description\" content=\"Dezessete mulheres que participam da comunidade paroquial do Santu\u00e1rio da Sa\u00fade e da Paz, Igreja do Padre Eust\u00e1quio em Belo Horizonte est\u00e3o preparando uma coroa\u00e7\u00e3o diferente para encerrar o m\u00eas de Maio. Nesse domingo, elas gravaram o momento especial que ser\u00e1 exibido no pr\u00f3ximo final de semana no Canal Padre Eust\u00e1quio.\" \/>\n<meta property=\"og:url\" content=\"https:\/\/www.padreeustaquio.com.br\/es\/las-mujeres-de-la-iglesia-del-padre-eustace-preparan-una-coronacion-especial-para-nuestra-senora\/\" \/>\n<meta property=\"og:site_name\" content=\"Padre Eust\u00e1quio\" \/>\n<meta property=\"article:publisher\" content=\"https:\/\/www.facebook.com\/beatopadreeustaquio\/\" \/>\n<meta property=\"article:published_time\" content=\"2022-05-25T09:08:00+00:00\" \/>\n<meta property=\"article:modified_time\" content=\"2022-05-29T15:16:54+00:00\" \/>\n<meta property=\"og:image\" content=\"https:\/\/www.padreeustaquio.com.br\/wp-content\/uploads\/2022\/05\/coroacao.jpg\" \/>\n\t<meta property=\"og:image:width\" content=\"748\" \/>\n\t<meta property=\"og:image:height\" content=\"394\" \/>\n\t<meta property=\"og:image:type\" content=\"image\/jpeg\" \/>\n<meta name=\"author\" content=\"@sscc\" \/>\n<meta name=\"twitter:card\" content=\"summary_large_image\" \/>\n<meta name=\"twitter:creator\" content=\"@beatopeustaquio\" \/>\n<meta name=\"twitter:site\" content=\"@beatopeustaquio\" \/>\n<meta name=\"twitter:label1\" content=\"Escrito por\" \/>\n\t<meta name=\"twitter:data1\" content=\"@sscc\" \/>\n\t<meta name=\"twitter:label2\" content=\"Tiempo de lectura\" \/>\n\t<meta name=\"twitter:data2\" content=\"1 minuto\" \/>\n<script type=\"application\/ld+json\" class=\"yoast-schema-graph\">{\"@context\":\"https:\/\/schema.org\",\"@graph\":[{\"@type\":\"Article\",\"@id\":\"https:\/\/www.padreeustaquio.com.br\/mulheres-da-igreja-do-padre-eustaquio-preparam-coroacao-especial-a-nossa-senhora\/#article\",\"isPartOf\":{\"@id\":\"https:\/\/www.padreeustaquio.com.br\/mulheres-da-igreja-do-padre-eustaquio-preparam-coroacao-especial-a-nossa-senhora\/\"},\"author\":{\"name\":\"@sscc\",\"@id\":\"https:\/\/www.padreeustaquio.com.br\/#\/schema\/person\/a2a51db1d00f1a7af0204a0f1ddb1566\"},\"headline\":\"Mulheres da Igreja do Padre Eust\u00e1quio preparam coroa\u00e7\u00e3o especial \u00e0 Nossa Senhora\",\"datePublished\":\"2022-05-25T09:08:00+00:00\",\"dateModified\":\"2022-05-29T15:16:54+00:00\",\"mainEntityOfPage\":{\"@id\":\"https:\/\/www.padreeustaquio.com.br\/mulheres-da-igreja-do-padre-eustaquio-preparam-coroacao-especial-a-nossa-senhora\/\"},\"wordCount\":193,\"commentCount\":0,\"publisher\":{\"@id\":\"https:\/\/www.padreeustaquio.com.br\/#organization\"},\"image\":{\"@id\":\"https:\/\/www.padreeustaquio.com.br\/mulheres-da-igreja-do-padre-eustaquio-preparam-coroacao-especial-a-nossa-senhora\/#primaryimage\"},\"thumbnailUrl\":\"https:\/\/www.padreeustaquio.com.br\/wp-content\/uploads\/2022\/05\/coroacao.jpg\",\"articleSection\":[\"Not\u00edcias\"],\"inLanguage\":\"es\",\"potentialAction\":[{\"@type\":\"CommentAction\",\"name\":\"Comment\",\"target\":[\"https:\/\/www.padreeustaquio.com.br\/mulheres-da-igreja-do-padre-eustaquio-preparam-coroacao-especial-a-nossa-senhora\/#respond\"]}]},{\"@type\":\"WebPage\",\"@id\":\"https:\/\/www.padreeustaquio.com.br\/mulheres-da-igreja-do-padre-eustaquio-preparam-coroacao-especial-a-nossa-senhora\/\",\"url\":\"https:\/\/www.padreeustaquio.com.br\/mulheres-da-igreja-do-padre-eustaquio-preparam-coroacao-especial-a-nossa-senhora\/\",\"name\":\"Mulheres da Igreja do Padre Eust\u00e1quio preparam coroa\u00e7\u00e3o especial \u00e0 Nossa Senhora\",\"isPartOf\":{\"@id\":\"https:\/\/www.padreeustaquio.com.br\/#website\"},\"primaryImageOfPage\":{\"@id\":\"https:\/\/www.padreeustaquio.com.br\/mulheres-da-igreja-do-padre-eustaquio-preparam-coroacao-especial-a-nossa-senhora\/#primaryimage\"},\"image\":{\"@id\":\"https:\/\/www.padreeustaquio.com.br\/mulheres-da-igreja-do-padre-eustaquio-preparam-coroacao-especial-a-nossa-senhora\/#primaryimage\"},\"thumbnailUrl\":\"https:\/\/www.padreeustaquio.com.br\/wp-content\/uploads\/2022\/05\/coroacao.jpg\",\"datePublished\":\"2022-05-25T09:08:00+00:00\",\"dateModified\":\"2022-05-29T15:16:54+00:00\",\"description\":\"Dezessete mulheres que participam da comunidade paroquial do Santu\u00e1rio da Sa\u00fade e da Paz, Igreja do Padre Eust\u00e1quio em Belo Horizonte est\u00e3o preparando uma coroa\u00e7\u00e3o diferente para encerrar o m\u00eas de Maio. Nesse domingo, elas gravaram o momento especial que ser\u00e1 exibido no pr\u00f3ximo final de semana no Canal Padre Eust\u00e1quio.\",\"breadcrumb\":{\"@id\":\"https:\/\/www.padreeustaquio.com.br\/mulheres-da-igreja-do-padre-eustaquio-preparam-coroacao-especial-a-nossa-senhora\/#breadcrumb\"},\"inLanguage\":\"es\",\"potentialAction\":[{\"@type\":\"ReadAction\",\"target\":[\"https:\/\/www.padreeustaquio.com.br\/mulheres-da-igreja-do-padre-eustaquio-preparam-coroacao-especial-a-nossa-senhora\/\"]}]},{\"@type\":\"ImageObject\",\"inLanguage\":\"es\",\"@id\":\"https:\/\/www.padreeustaquio.com.br\/mulheres-da-igreja-do-padre-eustaquio-preparam-coroacao-especial-a-nossa-senhora\/#primaryimage\",\"url\":\"https:\/\/www.padreeustaquio.com.br\/wp-content\/uploads\/2022\/05\/coroacao.jpg\",\"contentUrl\":\"https:\/\/www.padreeustaquio.com.br\/wp-content\/uploads\/2022\/05\/coroacao.jpg\",\"width\":748,\"height\":394},{\"@type\":\"BreadcrumbList\",\"@id\":\"https:\/\/www.padreeustaquio.com.br\/mulheres-da-igreja-do-padre-eustaquio-preparam-coroacao-especial-a-nossa-senhora\/#breadcrumb\",\"itemListElement\":[{\"@type\":\"ListItem\",\"position\":1,\"name\":\"In\u00edcio\",\"item\":\"https:\/\/www.padreeustaquio.com.br\/\"},{\"@type\":\"ListItem\",\"position\":2,\"name\":\"Mulheres da Igreja do Padre Eust\u00e1quio preparam coroa\u00e7\u00e3o especial \u00e0 Nossa Senhora\"}]},{\"@type\":\"WebSite\",\"@id\":\"https:\/\/www.padreeustaquio.com.br\/#website\",\"url\":\"https:\/\/www.padreeustaquio.com.br\/\",\"name\":\"Padre Eust\u00e1quio\",\"description\":\"Sa\u00fade e Paz\",\"publisher\":{\"@id\":\"https:\/\/www.padreeustaquio.com.br\/#organization\"},\"potentialAction\":[{\"@type\":\"SearchAction\",\"target\":{\"@type\":\"EntryPoint\",\"urlTemplate\":\"https:\/\/www.padreeustaquio.com.br\/?s={search_term_string}\"},\"query-input\":{\"@type\":\"PropertyValueSpecification\",\"valueRequired\":true,\"valueName\":\"search_term_string\"}}],\"inLanguage\":\"es\"},{\"@type\":\"Organization\",\"@id\":\"https:\/\/www.padreeustaquio.com.br\/#organization\",\"name\":\"Padre Eust\u00e1quio\",\"url\":\"https:\/\/www.padreeustaquio.com.br\/\",\"logo\":{\"@type\":\"ImageObject\",\"inLanguage\":\"es\",\"@id\":\"https:\/\/www.padreeustaquio.com.br\/#\/schema\/logo\/image\/\",\"url\":\"https:\/\/www.padreeustaquio.com.br\/wp-content\/uploads\/2019\/08\/marca.png\",\"contentUrl\":\"https:\/\/www.padreeustaquio.com.br\/wp-content\/uploads\/2019\/08\/marca.png\",\"width\":350,\"height\":400,\"caption\":\"Padre Eust\u00e1quio\"},\"image\":{\"@id\":\"https:\/\/www.padreeustaquio.com.br\/#\/schema\/logo\/image\/\"},\"sameAs\":[\"https:\/\/www.facebook.com\/beatopadreeustaquio\/\",\"https:\/\/x.com\/beatopeustaquio\",\"https:\/\/www.instagram.com\/beatopadreeustaquio\/\",\"https:\/\/www.youtube.com\/channel\/UCRhw7vfabnajwLxb1ZXMeIw\"]},{\"@type\":\"Person\",\"@id\":\"https:\/\/www.padreeustaquio.com.br\/#\/schema\/person\/a2a51db1d00f1a7af0204a0f1ddb1566\",\"name\":\"@sscc\",\"image\":{\"@type\":\"ImageObject\",\"inLanguage\":\"es\",\"@id\":\"https:\/\/secure.gravatar.com\/avatar\/68cfafa5f44617fea54071e215026e0ff06be366c3d54a8425f04fdcb86f8c5f?s=96&d=mm&r=g\",\"url\":\"https:\/\/secure.gravatar.com\/avatar\/68cfafa5f44617fea54071e215026e0ff06be366c3d54a8425f04fdcb86f8c5f?s=96&d=mm&r=g\",\"contentUrl\":\"https:\/\/secure.gravatar.com\/avatar\/68cfafa5f44617fea54071e215026e0ff06be366c3d54a8425f04fdcb86f8c5f?s=96&d=mm&r=g\",\"caption\":\"@sscc\"},\"url\":\"https:\/\/www.padreeustaquio.com.br\/es\/author\/sscc\/\"}]}<\/script>\n<!-- \/ Yoast SEO plugin. -->","yoast_head_json":{"title":"Mujeres de la Iglesia Padre Eustaquio preparan una coronaci\u00f3n especial para Nuestra Se\u00f1ora.","description":"Diecisiete mujeres de la comunidad parroquial del Santuario de la Salud y la Paz, Iglesia Padre Eust\u00e1quio, en Belo Horizonte, preparan una coronaci\u00f3n especial para cerrar el mes de mayo. Este domingo, grabaron el momento especial que se transmitir\u00e1 el pr\u00f3ximo fin de semana en el Canal Padre Eust\u00e1quio.","robots":{"index":"index","follow":"follow","max-snippet":"max-snippet:-1","max-image-preview":"max-image-preview:large","max-video-preview":"max-video-preview:-1"},"canonical":"https:\/\/www.padreeustaquio.com.br\/es\/las-mujeres-de-la-iglesia-del-padre-eustace-preparan-una-coronacion-especial-para-nuestra-senora\/","og_locale":"es_ES","og_type":"article","og_title":"Mulheres da Igreja do Padre Eust\u00e1quio preparam coroa\u00e7\u00e3o especial \u00e0 Nossa Senhora","og_description":"Dezessete mulheres que participam da comunidade paroquial do Santu\u00e1rio da Sa\u00fade e da Paz, Igreja do Padre Eust\u00e1quio em Belo Horizonte est\u00e3o preparando uma coroa\u00e7\u00e3o diferente para encerrar o m\u00eas de Maio. Nesse domingo, elas gravaram o momento especial que ser\u00e1 exibido no pr\u00f3ximo final de semana no Canal Padre Eust\u00e1quio.","og_url":"https:\/\/www.padreeustaquio.com.br\/es\/las-mujeres-de-la-iglesia-del-padre-eustace-preparan-una-coronacion-especial-para-nuestra-senora\/","og_site_name":"Padre Eust\u00e1quio","article_publisher":"https:\/\/www.facebook.com\/beatopadreeustaquio\/","article_published_time":"2022-05-25T09:08:00+00:00","article_modified_time":"2022-05-29T15:16:54+00:00","og_image":[{"width":748,"height":394,"url":"https:\/\/www.padreeustaquio.com.br\/wp-content\/uploads\/2022\/05\/coroacao.jpg","type":"image\/jpeg"}],"author":"@sscc","twitter_card":"summary_large_image","twitter_creator":"@beatopeustaquio","twitter_site":"@beatopeustaquio","twitter_misc":{"Escrito por":"@sscc","Tiempo de lectura":"1 minuto"},"schema":{"@context":"https:\/\/schema.org","@graph":[{"@type":"Article","@id":"https:\/\/www.padreeustaquio.com.br\/mulheres-da-igreja-do-padre-eustaquio-preparam-coroacao-especial-a-nossa-senhora\/#article","isPartOf":{"@id":"https:\/\/www.padreeustaquio.com.br\/mulheres-da-igreja-do-padre-eustaquio-preparam-coroacao-especial-a-nossa-senhora\/"},"author":{"name":"@sscc","@id":"https:\/\/www.padreeustaquio.com.br\/#\/schema\/person\/a2a51db1d00f1a7af0204a0f1ddb1566"},"headline":"Mulheres da Igreja do Padre Eust\u00e1quio preparam coroa\u00e7\u00e3o especial \u00e0 Nossa Senhora","datePublished":"2022-05-25T09:08:00+00:00","dateModified":"2022-05-29T15:16:54+00:00","mainEntityOfPage":{"@id":"https:\/\/www.padreeustaquio.com.br\/mulheres-da-igreja-do-padre-eustaquio-preparam-coroacao-especial-a-nossa-senhora\/"},"wordCount":193,"commentCount":0,"publisher":{"@id":"https:\/\/www.padreeustaquio.com.br\/#organization"},"image":{"@id":"https:\/\/www.padreeustaquio.com.br\/mulheres-da-igreja-do-padre-eustaquio-preparam-coroacao-especial-a-nossa-senhora\/#primaryimage"},"thumbnailUrl":"https:\/\/www.padreeustaquio.com.br\/wp-content\/uploads\/2022\/05\/coroacao.jpg","articleSection":["Not\u00edcias"],"inLanguage":"es","potentialAction":[{"@type":"CommentAction","name":"Comment","target":["https:\/\/www.padreeustaquio.com.br\/mulheres-da-igreja-do-padre-eustaquio-preparam-coroacao-especial-a-nossa-senhora\/#respond"]}]},{"@type":"WebPage","@id":"https:\/\/www.padreeustaquio.com.br\/mulheres-da-igreja-do-padre-eustaquio-preparam-coroacao-especial-a-nossa-senhora\/","url":"https:\/\/www.padreeustaquio.com.br\/mulheres-da-igreja-do-padre-eustaquio-preparam-coroacao-especial-a-nossa-senhora\/","name":"Mujeres de la Iglesia Padre Eustaquio preparan una coronaci\u00f3n especial para Nuestra Se\u00f1ora.","isPartOf":{"@id":"https:\/\/www.padreeustaquio.com.br\/#website"},"primaryImageOfPage":{"@id":"https:\/\/www.padreeustaquio.com.br\/mulheres-da-igreja-do-padre-eustaquio-preparam-coroacao-especial-a-nossa-senhora\/#primaryimage"},"image":{"@id":"https:\/\/www.padreeustaquio.com.br\/mulheres-da-igreja-do-padre-eustaquio-preparam-coroacao-especial-a-nossa-senhora\/#primaryimage"},"thumbnailUrl":"https:\/\/www.padreeustaquio.com.br\/wp-content\/uploads\/2022\/05\/coroacao.jpg","datePublished":"2022-05-25T09:08:00+00:00","dateModified":"2022-05-29T15:16:54+00:00","description":"Diecisiete mujeres de la comunidad parroquial del Santuario de la Salud y la Paz, Iglesia Padre Eust\u00e1quio, en Belo Horizonte, preparan una coronaci\u00f3n especial para cerrar el mes de mayo. Este domingo, grabaron el momento especial que se transmitir\u00e1 el pr\u00f3ximo fin de semana en el Canal Padre Eust\u00e1quio.","breadcrumb":{"@id":"https:\/\/www.padreeustaquio.com.br\/mulheres-da-igreja-do-padre-eustaquio-preparam-coroacao-especial-a-nossa-senhora\/#breadcrumb"},"inLanguage":"es","potentialAction":[{"@type":"ReadAction","target":["https:\/\/www.padreeustaquio.com.br\/mulheres-da-igreja-do-padre-eustaquio-preparam-coroacao-especial-a-nossa-senhora\/"]}]},{"@type":"ImageObject","inLanguage":"es","@id":"https:\/\/www.padreeustaquio.com.br\/mulheres-da-igreja-do-padre-eustaquio-preparam-coroacao-especial-a-nossa-senhora\/#primaryimage","url":"https:\/\/www.padreeustaquio.com.br\/wp-content\/uploads\/2022\/05\/coroacao.jpg","contentUrl":"https:\/\/www.padreeustaquio.com.br\/wp-content\/uploads\/2022\/05\/coroacao.jpg","width":748,"height":394},{"@type":"BreadcrumbList","@id":"https:\/\/www.padreeustaquio.com.br\/mulheres-da-igreja-do-padre-eustaquio-preparam-coroacao-especial-a-nossa-senhora\/#breadcrumb","itemListElement":[{"@type":"ListItem","position":1,"name":"In\u00edcio","item":"https:\/\/www.padreeustaquio.com.br\/"},{"@type":"ListItem","position":2,"name":"Mulheres da Igreja do Padre Eust\u00e1quio preparam coroa\u00e7\u00e3o especial \u00e0 Nossa Senhora"}]},{"@type":"WebSite","@id":"https:\/\/www.padreeustaquio.com.br\/#website","url":"https:\/\/www.padreeustaquio.com.br\/","name":"Padre Eustace","description":"Salud y Paz","publisher":{"@id":"https:\/\/www.padreeustaquio.com.br\/#organization"},"potentialAction":[{"@type":"SearchAction","target":{"@type":"EntryPoint","urlTemplate":"https:\/\/www.padreeustaquio.com.br\/?s={search_term_string}"},"query-input":{"@type":"PropertyValueSpecification","valueRequired":true,"valueName":"search_term_string"}}],"inLanguage":"es"},{"@type":"Organization","@id":"https:\/\/www.padreeustaquio.com.br\/#organization","name":"Padre Eustace","url":"https:\/\/www.padreeustaquio.com.br\/","logo":{"@type":"ImageObject","inLanguage":"es","@id":"https:\/\/www.padreeustaquio.com.br\/#\/schema\/logo\/image\/","url":"https:\/\/www.padreeustaquio.com.br\/wp-content\/uploads\/2019\/08\/marca.png","contentUrl":"https:\/\/www.padreeustaquio.com.br\/wp-content\/uploads\/2019\/08\/marca.png","width":350,"height":400,"caption":"Padre Eust\u00e1quio"},"image":{"@id":"https:\/\/www.padreeustaquio.com.br\/#\/schema\/logo\/image\/"},"sameAs":["https:\/\/www.facebook.com\/beatopadreeustaquio\/","https:\/\/x.com\/beatopeustaquio","https:\/\/www.instagram.com\/beatopadreeustaquio\/","https:\/\/www.youtube.com\/channel\/UCRhw7vfabnajwLxb1ZXMeIw"]},{"@type":"Person","@id":"https:\/\/www.padreeustaquio.com.br\/#\/schema\/person\/a2a51db1d00f1a7af0204a0f1ddb1566","name":"@sscc","image":{"@type":"ImageObject","inLanguage":"es","@id":"https:\/\/secure.gravatar.com\/avatar\/68cfafa5f44617fea54071e215026e0ff06be366c3d54a8425f04fdcb86f8c5f?s=96&d=mm&r=g","url":"https:\/\/secure.gravatar.com\/avatar\/68cfafa5f44617fea54071e215026e0ff06be366c3d54a8425f04fdcb86f8c5f?s=96&d=mm&r=g","contentUrl":"https:\/\/secure.gravatar.com\/avatar\/68cfafa5f44617fea54071e215026e0ff06be366c3d54a8425f04fdcb86f8c5f?s=96&d=mm&r=g","caption":"@sscc"},"url":"https:\/\/www.padreeustaquio.com.br\/es\/author\/sscc\/"}]}},"_links":{"self":[{"href":"https:\/\/www.padreeustaquio.com.br\/es\/wp-json\/wp\/v2\/posts\/8691","targetHints":{"allow":["GET"]}}],"collection":[{"href":"https:\/\/www.padreeustaquio.com.br\/es\/wp-json\/wp\/v2\/posts"}],"about":[{"href":"https:\/\/www.padreeustaquio.com.br\/es\/wp-json\/wp\/v2\/types\/post"}],"author":[{"embeddable":true,"href":"https:\/\/www.padreeustaquio.com.br\/es\/wp-json\/wp\/v2\/users\/2"}],"replies":[{"embeddable":true,"href":"https:\/\/www.padreeustaquio.com.br\/es\/wp-json\/wp\/v2\/comments?post=8691"}],"version-history":[{"count":0,"href":"https:\/\/www.padreeustaquio.com.br\/es\/wp-json\/wp\/v2\/posts\/8691\/revisions"}],"wp:featuredmedia":[{"embeddable":true,"href":"https:\/\/www.padreeustaquio.com.br\/es\/wp-json\/wp\/v2\/media\/8693"}],"wp:attachment":[{"href":"https:\/\/www.padreeustaquio.com.br\/es\/wp-json\/wp\/v2\/media?parent=8691"}],"wp:term":[{"taxonomy":"category","embeddable":true,"href":"https:\/\/www.padreeustaquio.com.br\/es\/wp-json\/wp\/v2\/categories?post=8691"},{"taxonomy":"post_tag","embeddable":true,"href":"https:\/\/www.padreeustaquio.com.br\/es\/wp-json\/wp\/v2\/tags?post=8691"}],"curies":[{"name":"wp","href":"https:\/\/api.w.org\/{rel}","templated":true}]}}