{"id":8688,"date":"2022-05-24T05:57:00","date_gmt":"2022-05-24T08:57:00","guid":{"rendered":"https:\/\/www.padreeustaquio.com.br\/?p=8688"},"modified":"2022-05-20T09:08:10","modified_gmt":"2022-05-20T12:08:10","slug":"en-asociacion-con-una-empresa-de-belo-horizonte-el-santuario-recoge-ropa-de-abrigo-para-donacion","status":"publish","type":"post","link":"https:\/\/www.padreeustaquio.com.br\/es\/en-asociacion-con-una-empresa-de-belo-horizonte-el-santuario-recoge-ropa-de-abrigo-para-donacion\/","title":{"rendered":"En colaboraci\u00f3n con una empresa de Belo Horizonte, el Santuario recoge ropa de abrigo para donaci\u00f3n."},"content":{"rendered":"<p>Hasta el 1 de junio, el Santuario de Salud y Paz, Iglesia Padre Eust\u00e1quio, recolectar\u00e1 ropa de abrigo, mantas y ropa de invierno en general para donar a personas necesitadas. La iniciativa surgi\u00f3 de la empresa Penna Im\u00f3veis y cuenta con la colaboraci\u00f3n de voluntarios para la recolecci\u00f3n de materiales.<\/p>\n\n\n\n<p>La campa\u00f1a, que comenz\u00f3 el fin de semana pasado, busca recolectar ropa, abrigos y mantas en buen estado. Con el lema &quot;Tu donaci\u00f3n reconforta&quot;, la empresa y el Santuario buscan ayudar a quienes lo necesitan, especialmente ahora que la capital de Minas Gerais ha registrado las temperaturas m\u00e1s bajas de los \u00faltimos a\u00f1os. En la ma\u00f1ana del mi\u00e9rcoles 18 de mayo, Belo Horizonte registr\u00f3 la temperatura m\u00e1s baja de mayo desde el inicio del registro hist\u00f3rico en 1961. Los term\u00f3metros registraron 6,7 \u00b0C y la sensaci\u00f3n t\u00e9rmica, seg\u00fan el INMET, alcanz\u00f3 los -13,6 \u00b0C.<\/p>\n\n\n\n<p>Para hacer su donaci\u00f3n, simplemente dir\u00edjase a un punto de recolecci\u00f3n en el Santuario o en Penna Im\u00f3veis (Rua Padre Eust\u00e1quio, 2408). Para m\u00e1s informaci\u00f3n, llame o env\u00ede un mensaje de WhatsApp al (31) 99125-4311.<\/p>\n\n\n\n<p><\/p>","protected":false},"excerpt":{"rendered":"<p>At\u00e9 o pr\u00f3ximo dia 1\u00ba de junho, o Santu\u00e1rio da Sa\u00fade e da Paz, Igreja do Padre Eust\u00e1quio, estar\u00e1 arrecadando agasalhos, cobertores e roupas de frio em geral para doar \u00e0s pessoas que precisam. A iniciativa partiu da empresa Penna Im\u00f3veis e conta com a colabora\u00e7\u00e3o de volunt\u00e1rios na arrecada\u00e7\u00e3o dos materiais. Com in\u00edcio no \u00faltimo final de semana, a campanha visa angariar roupas, agasalhos e cobertores que estejam em bom estado de uso. Com o slogan &#8220;Sua doa\u00e7\u00e3o aquece um cora\u00e7\u00e3o&#8221;, a empresa e o Santu\u00e1rio querem ajudar as pessoas que precisam, principalmente, neste momento em que a capital [&hellip;]<\/p>\n","protected":false},"author":2,"featured_media":8689,"comment_status":"open","ping_status":"closed","sticky":false,"template":"","format":"standard","meta":{"_acf_changed":false,"footnotes":""},"categories":[611],"tags":[],"class_list":["post-8688","post","type-post","status-publish","format-standard","has-post-thumbnail","hentry","category-noticias"],"acf":[],"yoast_head":"<!-- This site is optimized with the Yoast SEO plugin v27.2 - https:\/\/yoast.com\/product\/yoast-seo-wordpress\/ -->\n<title>Em parceria com empresa de BH, Santu\u00e1rio arrecada agasalhos para doa\u00e7\u00e3o<\/title>\n<meta name=\"description\" content=\"At\u00e9 o pr\u00f3ximo dia 1\u00ba de junho, o Santu\u00e1rio da Sa\u00fade e da Paz, Igreja do Padre Eust\u00e1quio, estar\u00e1 arrecadando agasalhos, cobertores e roupas de frio em geral para doar \u00e0s pessoas que precisam. A iniciativa partiu da empresa Penna Im\u00f3veis e conta com a colabora\u00e7\u00e3o de volunt\u00e1rios na arrecada\u00e7\u00e3o dos materiais.\" \/>\n<meta name=\"robots\" content=\"index, follow, max-snippet:-1, max-image-preview:large, max-video-preview:-1\" \/>\n<link rel=\"canonical\" href=\"https:\/\/www.padreeustaquio.com.br\/es\/en-asociacion-con-una-empresa-de-belo-horizonte-el-santuario-recoge-ropa-de-abrigo-para-donacion\/\" \/>\n<meta property=\"og:locale\" content=\"es_ES\" \/>\n<meta property=\"og:type\" content=\"article\" \/>\n<meta property=\"og:title\" content=\"Em parceria com empresa de BH, Santu\u00e1rio arrecada agasalhos para doa\u00e7\u00e3o\" \/>\n<meta property=\"og:description\" content=\"At\u00e9 o pr\u00f3ximo dia 1\u00ba de junho, o Santu\u00e1rio da Sa\u00fade e da Paz, Igreja do Padre Eust\u00e1quio, estar\u00e1 arrecadando agasalhos, cobertores e roupas de frio em geral para doar \u00e0s pessoas que precisam. A iniciativa partiu da empresa Penna Im\u00f3veis e conta com a colabora\u00e7\u00e3o de volunt\u00e1rios na arrecada\u00e7\u00e3o dos materiais.\" \/>\n<meta property=\"og:url\" content=\"https:\/\/www.padreeustaquio.com.br\/es\/en-asociacion-con-una-empresa-de-belo-horizonte-el-santuario-recoge-ropa-de-abrigo-para-donacion\/\" \/>\n<meta property=\"og:site_name\" content=\"Padre Eust\u00e1quio\" \/>\n<meta property=\"article:publisher\" content=\"https:\/\/www.facebook.com\/beatopadreeustaquio\/\" \/>\n<meta property=\"article:published_time\" content=\"2022-05-24T08:57:00+00:00\" \/>\n<meta property=\"og:image\" content=\"https:\/\/www.padreeustaquio.com.br\/wp-content\/uploads\/2022\/05\/agasalho.jpg\" \/>\n\t<meta property=\"og:image:width\" content=\"748\" \/>\n\t<meta property=\"og:image:height\" content=\"394\" \/>\n\t<meta property=\"og:image:type\" content=\"image\/jpeg\" \/>\n<meta name=\"author\" content=\"@sscc\" \/>\n<meta name=\"twitter:card\" content=\"summary_large_image\" \/>\n<meta name=\"twitter:creator\" content=\"@beatopeustaquio\" \/>\n<meta name=\"twitter:site\" content=\"@beatopeustaquio\" \/>\n<meta name=\"twitter:label1\" content=\"Escrito por\" \/>\n\t<meta name=\"twitter:data1\" content=\"@sscc\" \/>\n\t<meta name=\"twitter:label2\" content=\"Tiempo de lectura\" \/>\n\t<meta name=\"twitter:data2\" content=\"1 minuto\" \/>\n<script type=\"application\/ld+json\" class=\"yoast-schema-graph\">{\"@context\":\"https:\/\/schema.org\",\"@graph\":[{\"@type\":\"Article\",\"@id\":\"https:\/\/www.padreeustaquio.com.br\/em-parceria-com-empresa-de-bh-santuario-arrecada-agasalhos-para-doacao\/#article\",\"isPartOf\":{\"@id\":\"https:\/\/www.padreeustaquio.com.br\/em-parceria-com-empresa-de-bh-santuario-arrecada-agasalhos-para-doacao\/\"},\"author\":{\"name\":\"@sscc\",\"@id\":\"https:\/\/www.padreeustaquio.com.br\/#\/schema\/person\/a2a51db1d00f1a7af0204a0f1ddb1566\"},\"headline\":\"Em parceria com empresa de BH, Santu\u00e1rio arrecada agasalhos para doa\u00e7\u00e3o\",\"datePublished\":\"2022-05-24T08:57:00+00:00\",\"mainEntityOfPage\":{\"@id\":\"https:\/\/www.padreeustaquio.com.br\/em-parceria-com-empresa-de-bh-santuario-arrecada-agasalhos-para-doacao\/\"},\"wordCount\":216,\"commentCount\":0,\"publisher\":{\"@id\":\"https:\/\/www.padreeustaquio.com.br\/#organization\"},\"image\":{\"@id\":\"https:\/\/www.padreeustaquio.com.br\/em-parceria-com-empresa-de-bh-santuario-arrecada-agasalhos-para-doacao\/#primaryimage\"},\"thumbnailUrl\":\"https:\/\/www.padreeustaquio.com.br\/wp-content\/uploads\/2022\/05\/agasalho.jpg\",\"articleSection\":[\"Not\u00edcias\"],\"inLanguage\":\"es\",\"potentialAction\":[{\"@type\":\"CommentAction\",\"name\":\"Comment\",\"target\":[\"https:\/\/www.padreeustaquio.com.br\/em-parceria-com-empresa-de-bh-santuario-arrecada-agasalhos-para-doacao\/#respond\"]}]},{\"@type\":\"WebPage\",\"@id\":\"https:\/\/www.padreeustaquio.com.br\/em-parceria-com-empresa-de-bh-santuario-arrecada-agasalhos-para-doacao\/\",\"url\":\"https:\/\/www.padreeustaquio.com.br\/em-parceria-com-empresa-de-bh-santuario-arrecada-agasalhos-para-doacao\/\",\"name\":\"Em parceria com empresa de BH, Santu\u00e1rio arrecada agasalhos para doa\u00e7\u00e3o\",\"isPartOf\":{\"@id\":\"https:\/\/www.padreeustaquio.com.br\/#website\"},\"primaryImageOfPage\":{\"@id\":\"https:\/\/www.padreeustaquio.com.br\/em-parceria-com-empresa-de-bh-santuario-arrecada-agasalhos-para-doacao\/#primaryimage\"},\"image\":{\"@id\":\"https:\/\/www.padreeustaquio.com.br\/em-parceria-com-empresa-de-bh-santuario-arrecada-agasalhos-para-doacao\/#primaryimage\"},\"thumbnailUrl\":\"https:\/\/www.padreeustaquio.com.br\/wp-content\/uploads\/2022\/05\/agasalho.jpg\",\"datePublished\":\"2022-05-24T08:57:00+00:00\",\"description\":\"At\u00e9 o pr\u00f3ximo dia 1\u00ba de junho, o Santu\u00e1rio da Sa\u00fade e da Paz, Igreja do Padre Eust\u00e1quio, estar\u00e1 arrecadando agasalhos, cobertores e roupas de frio em geral para doar \u00e0s pessoas que precisam. A iniciativa partiu da empresa Penna Im\u00f3veis e conta com a colabora\u00e7\u00e3o de volunt\u00e1rios na arrecada\u00e7\u00e3o dos materiais.\",\"breadcrumb\":{\"@id\":\"https:\/\/www.padreeustaquio.com.br\/em-parceria-com-empresa-de-bh-santuario-arrecada-agasalhos-para-doacao\/#breadcrumb\"},\"inLanguage\":\"es\",\"potentialAction\":[{\"@type\":\"ReadAction\",\"target\":[\"https:\/\/www.padreeustaquio.com.br\/em-parceria-com-empresa-de-bh-santuario-arrecada-agasalhos-para-doacao\/\"]}]},{\"@type\":\"ImageObject\",\"inLanguage\":\"es\",\"@id\":\"https:\/\/www.padreeustaquio.com.br\/em-parceria-com-empresa-de-bh-santuario-arrecada-agasalhos-para-doacao\/#primaryimage\",\"url\":\"https:\/\/www.padreeustaquio.com.br\/wp-content\/uploads\/2022\/05\/agasalho.jpg\",\"contentUrl\":\"https:\/\/www.padreeustaquio.com.br\/wp-content\/uploads\/2022\/05\/agasalho.jpg\",\"width\":748,\"height\":394},{\"@type\":\"BreadcrumbList\",\"@id\":\"https:\/\/www.padreeustaquio.com.br\/em-parceria-com-empresa-de-bh-santuario-arrecada-agasalhos-para-doacao\/#breadcrumb\",\"itemListElement\":[{\"@type\":\"ListItem\",\"position\":1,\"name\":\"In\u00edcio\",\"item\":\"https:\/\/www.padreeustaquio.com.br\/\"},{\"@type\":\"ListItem\",\"position\":2,\"name\":\"Em parceria com empresa de BH, Santu\u00e1rio arrecada agasalhos para doa\u00e7\u00e3o\"}]},{\"@type\":\"WebSite\",\"@id\":\"https:\/\/www.padreeustaquio.com.br\/#website\",\"url\":\"https:\/\/www.padreeustaquio.com.br\/\",\"name\":\"Padre Eust\u00e1quio\",\"description\":\"Sa\u00fade e Paz\",\"publisher\":{\"@id\":\"https:\/\/www.padreeustaquio.com.br\/#organization\"},\"potentialAction\":[{\"@type\":\"SearchAction\",\"target\":{\"@type\":\"EntryPoint\",\"urlTemplate\":\"https:\/\/www.padreeustaquio.com.br\/?s={search_term_string}\"},\"query-input\":{\"@type\":\"PropertyValueSpecification\",\"valueRequired\":true,\"valueName\":\"search_term_string\"}}],\"inLanguage\":\"es\"},{\"@type\":\"Organization\",\"@id\":\"https:\/\/www.padreeustaquio.com.br\/#organization\",\"name\":\"Padre Eust\u00e1quio\",\"url\":\"https:\/\/www.padreeustaquio.com.br\/\",\"logo\":{\"@type\":\"ImageObject\",\"inLanguage\":\"es\",\"@id\":\"https:\/\/www.padreeustaquio.com.br\/#\/schema\/logo\/image\/\",\"url\":\"https:\/\/www.padreeustaquio.com.br\/wp-content\/uploads\/2019\/08\/marca.png\",\"contentUrl\":\"https:\/\/www.padreeustaquio.com.br\/wp-content\/uploads\/2019\/08\/marca.png\",\"width\":350,\"height\":400,\"caption\":\"Padre Eust\u00e1quio\"},\"image\":{\"@id\":\"https:\/\/www.padreeustaquio.com.br\/#\/schema\/logo\/image\/\"},\"sameAs\":[\"https:\/\/www.facebook.com\/beatopadreeustaquio\/\",\"https:\/\/x.com\/beatopeustaquio\",\"https:\/\/www.instagram.com\/beatopadreeustaquio\/\",\"https:\/\/www.youtube.com\/channel\/UCRhw7vfabnajwLxb1ZXMeIw\"]},{\"@type\":\"Person\",\"@id\":\"https:\/\/www.padreeustaquio.com.br\/#\/schema\/person\/a2a51db1d00f1a7af0204a0f1ddb1566\",\"name\":\"@sscc\",\"image\":{\"@type\":\"ImageObject\",\"inLanguage\":\"es\",\"@id\":\"https:\/\/secure.gravatar.com\/avatar\/68cfafa5f44617fea54071e215026e0ff06be366c3d54a8425f04fdcb86f8c5f?s=96&d=mm&r=g\",\"url\":\"https:\/\/secure.gravatar.com\/avatar\/68cfafa5f44617fea54071e215026e0ff06be366c3d54a8425f04fdcb86f8c5f?s=96&d=mm&r=g\",\"contentUrl\":\"https:\/\/secure.gravatar.com\/avatar\/68cfafa5f44617fea54071e215026e0ff06be366c3d54a8425f04fdcb86f8c5f?s=96&d=mm&r=g\",\"caption\":\"@sscc\"},\"url\":\"https:\/\/www.padreeustaquio.com.br\/es\/author\/sscc\/\"}]}<\/script>\n<!-- \/ Yoast SEO plugin. -->","yoast_head_json":{"title":"En colaboraci\u00f3n con una empresa de Belo Horizonte, el Santuario recoge ropa de abrigo para donaci\u00f3n.","description":"Hasta el 1 de junio, el Santuario de Salud y Paz, Iglesia Padre Eust\u00e1quio, recolectar\u00e1 ropa de abrigo, mantas y ropa de invierno en general para donar a personas necesitadas. La iniciativa surgi\u00f3 de la empresa Penna Im\u00f3veis y cuenta con la colaboraci\u00f3n de voluntarios para la recolecci\u00f3n de materiales.","robots":{"index":"index","follow":"follow","max-snippet":"max-snippet:-1","max-image-preview":"max-image-preview:large","max-video-preview":"max-video-preview:-1"},"canonical":"https:\/\/www.padreeustaquio.com.br\/es\/en-asociacion-con-una-empresa-de-belo-horizonte-el-santuario-recoge-ropa-de-abrigo-para-donacion\/","og_locale":"es_ES","og_type":"article","og_title":"Em parceria com empresa de BH, Santu\u00e1rio arrecada agasalhos para doa\u00e7\u00e3o","og_description":"At\u00e9 o pr\u00f3ximo dia 1\u00ba de junho, o Santu\u00e1rio da Sa\u00fade e da Paz, Igreja do Padre Eust\u00e1quio, estar\u00e1 arrecadando agasalhos, cobertores e roupas de frio em geral para doar \u00e0s pessoas que precisam. A iniciativa partiu da empresa Penna Im\u00f3veis e conta com a colabora\u00e7\u00e3o de volunt\u00e1rios na arrecada\u00e7\u00e3o dos materiais.","og_url":"https:\/\/www.padreeustaquio.com.br\/es\/en-asociacion-con-una-empresa-de-belo-horizonte-el-santuario-recoge-ropa-de-abrigo-para-donacion\/","og_site_name":"Padre Eust\u00e1quio","article_publisher":"https:\/\/www.facebook.com\/beatopadreeustaquio\/","article_published_time":"2022-05-24T08:57:00+00:00","og_image":[{"width":748,"height":394,"url":"https:\/\/www.padreeustaquio.com.br\/wp-content\/uploads\/2022\/05\/agasalho.jpg","type":"image\/jpeg"}],"author":"@sscc","twitter_card":"summary_large_image","twitter_creator":"@beatopeustaquio","twitter_site":"@beatopeustaquio","twitter_misc":{"Escrito por":"@sscc","Tiempo de lectura":"1 minuto"},"schema":{"@context":"https:\/\/schema.org","@graph":[{"@type":"Article","@id":"https:\/\/www.padreeustaquio.com.br\/em-parceria-com-empresa-de-bh-santuario-arrecada-agasalhos-para-doacao\/#article","isPartOf":{"@id":"https:\/\/www.padreeustaquio.com.br\/em-parceria-com-empresa-de-bh-santuario-arrecada-agasalhos-para-doacao\/"},"author":{"name":"@sscc","@id":"https:\/\/www.padreeustaquio.com.br\/#\/schema\/person\/a2a51db1d00f1a7af0204a0f1ddb1566"},"headline":"Em parceria com empresa de BH, Santu\u00e1rio arrecada agasalhos para doa\u00e7\u00e3o","datePublished":"2022-05-24T08:57:00+00:00","mainEntityOfPage":{"@id":"https:\/\/www.padreeustaquio.com.br\/em-parceria-com-empresa-de-bh-santuario-arrecada-agasalhos-para-doacao\/"},"wordCount":216,"commentCount":0,"publisher":{"@id":"https:\/\/www.padreeustaquio.com.br\/#organization"},"image":{"@id":"https:\/\/www.padreeustaquio.com.br\/em-parceria-com-empresa-de-bh-santuario-arrecada-agasalhos-para-doacao\/#primaryimage"},"thumbnailUrl":"https:\/\/www.padreeustaquio.com.br\/wp-content\/uploads\/2022\/05\/agasalho.jpg","articleSection":["Not\u00edcias"],"inLanguage":"es","potentialAction":[{"@type":"CommentAction","name":"Comment","target":["https:\/\/www.padreeustaquio.com.br\/em-parceria-com-empresa-de-bh-santuario-arrecada-agasalhos-para-doacao\/#respond"]}]},{"@type":"WebPage","@id":"https:\/\/www.padreeustaquio.com.br\/em-parceria-com-empresa-de-bh-santuario-arrecada-agasalhos-para-doacao\/","url":"https:\/\/www.padreeustaquio.com.br\/em-parceria-com-empresa-de-bh-santuario-arrecada-agasalhos-para-doacao\/","name":"En colaboraci\u00f3n con una empresa de Belo Horizonte, el Santuario recoge ropa de abrigo para donaci\u00f3n.","isPartOf":{"@id":"https:\/\/www.padreeustaquio.com.br\/#website"},"primaryImageOfPage":{"@id":"https:\/\/www.padreeustaquio.com.br\/em-parceria-com-empresa-de-bh-santuario-arrecada-agasalhos-para-doacao\/#primaryimage"},"image":{"@id":"https:\/\/www.padreeustaquio.com.br\/em-parceria-com-empresa-de-bh-santuario-arrecada-agasalhos-para-doacao\/#primaryimage"},"thumbnailUrl":"https:\/\/www.padreeustaquio.com.br\/wp-content\/uploads\/2022\/05\/agasalho.jpg","datePublished":"2022-05-24T08:57:00+00:00","description":"Hasta el 1 de junio, el Santuario de Salud y Paz, Iglesia Padre Eust\u00e1quio, recolectar\u00e1 ropa de abrigo, mantas y ropa de invierno en general para donar a personas necesitadas. La iniciativa surgi\u00f3 de la empresa Penna Im\u00f3veis y cuenta con la colaboraci\u00f3n de voluntarios para la recolecci\u00f3n de materiales.","breadcrumb":{"@id":"https:\/\/www.padreeustaquio.com.br\/em-parceria-com-empresa-de-bh-santuario-arrecada-agasalhos-para-doacao\/#breadcrumb"},"inLanguage":"es","potentialAction":[{"@type":"ReadAction","target":["https:\/\/www.padreeustaquio.com.br\/em-parceria-com-empresa-de-bh-santuario-arrecada-agasalhos-para-doacao\/"]}]},{"@type":"ImageObject","inLanguage":"es","@id":"https:\/\/www.padreeustaquio.com.br\/em-parceria-com-empresa-de-bh-santuario-arrecada-agasalhos-para-doacao\/#primaryimage","url":"https:\/\/www.padreeustaquio.com.br\/wp-content\/uploads\/2022\/05\/agasalho.jpg","contentUrl":"https:\/\/www.padreeustaquio.com.br\/wp-content\/uploads\/2022\/05\/agasalho.jpg","width":748,"height":394},{"@type":"BreadcrumbList","@id":"https:\/\/www.padreeustaquio.com.br\/em-parceria-com-empresa-de-bh-santuario-arrecada-agasalhos-para-doacao\/#breadcrumb","itemListElement":[{"@type":"ListItem","position":1,"name":"In\u00edcio","item":"https:\/\/www.padreeustaquio.com.br\/"},{"@type":"ListItem","position":2,"name":"Em parceria com empresa de BH, Santu\u00e1rio arrecada agasalhos para doa\u00e7\u00e3o"}]},{"@type":"WebSite","@id":"https:\/\/www.padreeustaquio.com.br\/#website","url":"https:\/\/www.padreeustaquio.com.br\/","name":"Padre Eustace","description":"Salud y Paz","publisher":{"@id":"https:\/\/www.padreeustaquio.com.br\/#organization"},"potentialAction":[{"@type":"SearchAction","target":{"@type":"EntryPoint","urlTemplate":"https:\/\/www.padreeustaquio.com.br\/?s={search_term_string}"},"query-input":{"@type":"PropertyValueSpecification","valueRequired":true,"valueName":"search_term_string"}}],"inLanguage":"es"},{"@type":"Organization","@id":"https:\/\/www.padreeustaquio.com.br\/#organization","name":"Padre Eustace","url":"https:\/\/www.padreeustaquio.com.br\/","logo":{"@type":"ImageObject","inLanguage":"es","@id":"https:\/\/www.padreeustaquio.com.br\/#\/schema\/logo\/image\/","url":"https:\/\/www.padreeustaquio.com.br\/wp-content\/uploads\/2019\/08\/marca.png","contentUrl":"https:\/\/www.padreeustaquio.com.br\/wp-content\/uploads\/2019\/08\/marca.png","width":350,"height":400,"caption":"Padre Eust\u00e1quio"},"image":{"@id":"https:\/\/www.padreeustaquio.com.br\/#\/schema\/logo\/image\/"},"sameAs":["https:\/\/www.facebook.com\/beatopadreeustaquio\/","https:\/\/x.com\/beatopeustaquio","https:\/\/www.instagram.com\/beatopadreeustaquio\/","https:\/\/www.youtube.com\/channel\/UCRhw7vfabnajwLxb1ZXMeIw"]},{"@type":"Person","@id":"https:\/\/www.padreeustaquio.com.br\/#\/schema\/person\/a2a51db1d00f1a7af0204a0f1ddb1566","name":"@sscc","image":{"@type":"ImageObject","inLanguage":"es","@id":"https:\/\/secure.gravatar.com\/avatar\/68cfafa5f44617fea54071e215026e0ff06be366c3d54a8425f04fdcb86f8c5f?s=96&d=mm&r=g","url":"https:\/\/secure.gravatar.com\/avatar\/68cfafa5f44617fea54071e215026e0ff06be366c3d54a8425f04fdcb86f8c5f?s=96&d=mm&r=g","contentUrl":"https:\/\/secure.gravatar.com\/avatar\/68cfafa5f44617fea54071e215026e0ff06be366c3d54a8425f04fdcb86f8c5f?s=96&d=mm&r=g","caption":"@sscc"},"url":"https:\/\/www.padreeustaquio.com.br\/es\/author\/sscc\/"}]}},"_links":{"self":[{"href":"https:\/\/www.padreeustaquio.com.br\/es\/wp-json\/wp\/v2\/posts\/8688","targetHints":{"allow":["GET"]}}],"collection":[{"href":"https:\/\/www.padreeustaquio.com.br\/es\/wp-json\/wp\/v2\/posts"}],"about":[{"href":"https:\/\/www.padreeustaquio.com.br\/es\/wp-json\/wp\/v2\/types\/post"}],"author":[{"embeddable":true,"href":"https:\/\/www.padreeustaquio.com.br\/es\/wp-json\/wp\/v2\/users\/2"}],"replies":[{"embeddable":true,"href":"https:\/\/www.padreeustaquio.com.br\/es\/wp-json\/wp\/v2\/comments?post=8688"}],"version-history":[{"count":0,"href":"https:\/\/www.padreeustaquio.com.br\/es\/wp-json\/wp\/v2\/posts\/8688\/revisions"}],"wp:featuredmedia":[{"embeddable":true,"href":"https:\/\/www.padreeustaquio.com.br\/es\/wp-json\/wp\/v2\/media\/8689"}],"wp:attachment":[{"href":"https:\/\/www.padreeustaquio.com.br\/es\/wp-json\/wp\/v2\/media?parent=8688"}],"wp:term":[{"taxonomy":"category","embeddable":true,"href":"https:\/\/www.padreeustaquio.com.br\/es\/wp-json\/wp\/v2\/categories?post=8688"},{"taxonomy":"post_tag","embeddable":true,"href":"https:\/\/www.padreeustaquio.com.br\/es\/wp-json\/wp\/v2\/tags?post=8688"}],"curies":[{"name":"wp","href":"https:\/\/api.w.org\/{rel}","templated":true}]}}