{"id":8685,"date":"2022-05-23T06:39:00","date_gmt":"2022-05-23T09:39:00","guid":{"rendered":"https:\/\/www.padreeustaquio.com.br\/?p=8685"},"modified":"2022-05-22T19:45:52","modified_gmt":"2022-05-22T22:45:52","slug":"el-padre-gleison-ss-cc-fue-ordenado-sacerdote-en-bela-cruz-ceara","status":"publish","type":"post","link":"https:\/\/www.padreeustaquio.com.br\/es\/el-padre-gleison-ss-cc-fue-ordenado-sacerdote-en-bela-cruz-ceara\/","title":{"rendered":"El Padre Gleison, ss.cc., es ordenado sacerdote en Bela Cruz, Cear\u00e1."},"content":{"rendered":"<p>El hermano Francisco Gleison Oliveira, ss.cc., fue ordenado sacerdote el pasado s\u00e1bado 21 de mayo. La ceremonia de ordenaci\u00f3n fue oficiada por Dom Jos\u00e9 Luiz Gomes de Vasconcelos, obispo diocesano de Sobral-CE, en la Parroquia de Nuestra Se\u00f1ora de la Concepci\u00f3n, en Bela Cruz, Cear\u00e1.<\/p>\n\n\n\n<p>El rito de ordenaci\u00f3n se celebr\u00f3 en la ciudad natal de Gleison junto a familiares y amigos. Muchos hermanos de la Congregaci\u00f3n tambi\u00e9n estuvieron presentes en la ceremonia. Quienes no pudieron asistir siguieron la celebraci\u00f3n en el Canal Padre Eust\u00e1quio en YouTube.<a href=\"https:\/\/www.youtube.com\/watch?v=XzY2XHIupxo\" target=\"_blank\" rel=\"noreferrer noopener\">rese\u00f1a aqu\u00ed<\/a>).<\/p>\n\n\n\n<p>El padre Osv\u00e2nio Mariano, ss.cc., provincial de los Sagrados Corazones en Brasil y regi\u00f3n Paraguay, present\u00f3 al candidato al sacerdocio, que fue ordenado por Mons. Luiz con la imposici\u00f3n de manos sobre la cabeza del ordenando y la oraci\u00f3n consecratoria espec\u00edfica, que pide a Dios la efusi\u00f3n del Esp\u00edritu Santo y de sus dones apropiados al ministerio para el cual Gleison fue ordenado.<\/p>\n\n\n\n<p>Ahora conocido como Padre Gleison, el joven cearense regresa a su comunidad religiosa en Patroc\u00ednio-MG para seguir cumpliendo su misi\u00f3n.<\/p>\n\n\n\n<p><strong>Padre Francisco Gleison, ss.cc.<\/strong><\/p>\n\n\n\n<p>Francisco Gleison Oliveira naci\u00f3 en Bela Cruz (Cear\u00e1), el 22 de mayo de 1988. Hijo de Francisco Cleiton Oliveira y Maria de F\u00e1tima Morais, ingres\u00f3 en la Congregaci\u00f3n de los Sagrados Corazones en 2014. Complet\u00f3 sus estudios de Teolog\u00eda en 2016 en la Facultad Jesuita e hizo su noviciado en 2017 en Chaclacayo \u2013 Per\u00fa, profesando sus primeros votos el 27 de enero de 2018, en la capilla de Casa Anchieta en Borac\u00e9ia-SP.<\/p>\n\n\n\n<p>En 2019 fue enviado a la comunidad de Catuji, Minas Gerais, donde trabaj\u00f3 pastoralmente en la Parroquia de San Miguel Arc\u00e1ngel. Hizo su Profesi\u00f3n Perpetua el 16 de enero de 2021.<a href=\"https:\/\/www.youtube.com\/watch?v=4L52RHXsTzY\" target=\"_blank\" rel=\"noreferrer noopener\">rese\u00f1a aqu\u00ed<\/a>) en el Santuario de la Salud y la Paz de Belo Horizonte y en julio del mismo a\u00f1o fue nombrado miembro de la comunidad de Patroc\u00ednio-MG. En octubre de 2021 fue ordenado di\u00e1cono.<a href=\"https:\/\/www.youtube.com\/watch?v=KcfZ-8jn9SQ\" target=\"_blank\" rel=\"noreferrer noopener\">rese\u00f1a aqu\u00ed<\/a>) en la Iglesia de Nuestra Se\u00f1ora de F\u00e1tima, en Patroc\u00ednio, de manos de Dom Luiz Mancilha Vilela, ss.cc., arzobispo em\u00e9rito de Vit\u00f3ria-ES.<\/p>\n\n\n\n<p><\/p>","protected":false},"excerpt":{"rendered":"<p>O irm\u00e3o Francisco Gleison Oliveira, ss.cc. foi ordenado presb\u00edtero da Igreja no \u00faltimo s\u00e1bado, 21 de maio. A cerim\u00f4nia de ordena\u00e7\u00e3o foi realizada por Dom Jos\u00e9 Luiz Gomes de Vasconcelos, bispo diocesano de Sobral-CE, na Igreja Matriz de Nossa Senhora da Concei\u00e7\u00e3o, em Bela Cruz, cidade do Cear\u00e1. O rito de ordena\u00e7\u00e3o foi celebrado na terra natal de Gleison ao lado de amigos e familiares. Muitos irm\u00e3os de Congrega\u00e7\u00e3o tamb\u00e9m estiveram presentes na cerim\u00f4nia. Quem n\u00e3o pode ir, acompanhou a celebra\u00e7\u00e3o pelo Canal Padre Eust\u00e1quio no YouTube (reveja aqui). Padre Osv\u00e2nio Mariano, ss.cc., provincial dos Sagrados Cora\u00e7\u00f5es no Brasil e [&hellip;]<\/p>\n","protected":false},"author":2,"featured_media":8705,"comment_status":"open","ping_status":"closed","sticky":false,"template":"","format":"standard","meta":{"_acf_changed":false,"footnotes":""},"categories":[611],"tags":[],"class_list":["post-8685","post","type-post","status-publish","format-standard","has-post-thumbnail","hentry","category-noticias"],"acf":[],"yoast_head":"<!-- This site is optimized with the Yoast SEO plugin v27.2 - https:\/\/yoast.com\/product\/yoast-seo-wordpress\/ -->\n<title>Padre Gleison, ss.cc. \u00e9 ordenado em Bela Cruz, no Cear\u00e1<\/title>\n<meta name=\"description\" content=\"O irm\u00e3o Francisco Gleison Oliveira, ss.cc. foi ordenado presb\u00edtero da Igreja no \u00faltimo s\u00e1bado, 21 de maio. A cerim\u00f4nia de ordena\u00e7\u00e3o foi realizada por Dom Jos\u00e9 Luiz Gomes de Vasconcelos, bispo diocesano de Sobral-CE, na Igreja Matriz de Nossa Senhora da Concei\u00e7\u00e3o, em Bela Cruz, cidade do Cear\u00e1.\" \/>\n<meta name=\"robots\" content=\"index, follow, max-snippet:-1, max-image-preview:large, max-video-preview:-1\" \/>\n<link rel=\"canonical\" href=\"https:\/\/www.padreeustaquio.com.br\/es\/el-padre-gleison-ss-cc-fue-ordenado-sacerdote-en-bela-cruz-ceara\/\" \/>\n<meta property=\"og:locale\" content=\"es_ES\" \/>\n<meta property=\"og:type\" content=\"article\" \/>\n<meta property=\"og:title\" content=\"Padre Gleison, ss.cc. \u00e9 ordenado em Bela Cruz, no Cear\u00e1\" \/>\n<meta property=\"og:description\" content=\"O irm\u00e3o Francisco Gleison Oliveira, ss.cc. foi ordenado presb\u00edtero da Igreja no \u00faltimo s\u00e1bado, 21 de maio. A cerim\u00f4nia de ordena\u00e7\u00e3o foi realizada por Dom Jos\u00e9 Luiz Gomes de Vasconcelos, bispo diocesano de Sobral-CE, na Igreja Matriz de Nossa Senhora da Concei\u00e7\u00e3o, em Bela Cruz, cidade do Cear\u00e1.\" \/>\n<meta property=\"og:url\" content=\"https:\/\/www.padreeustaquio.com.br\/es\/el-padre-gleison-ss-cc-fue-ordenado-sacerdote-en-bela-cruz-ceara\/\" \/>\n<meta property=\"og:site_name\" content=\"Padre Eust\u00e1quio\" \/>\n<meta property=\"article:publisher\" content=\"https:\/\/www.facebook.com\/beatopadreeustaquio\/\" \/>\n<meta property=\"article:published_time\" content=\"2022-05-23T09:39:00+00:00\" \/>\n<meta property=\"og:image\" content=\"https:\/\/www.padreeustaquio.com.br\/wp-content\/uploads\/2022\/05\/padre-gleison.jpg\" \/>\n\t<meta property=\"og:image:width\" content=\"748\" \/>\n\t<meta property=\"og:image:height\" content=\"394\" \/>\n\t<meta property=\"og:image:type\" content=\"image\/jpeg\" \/>\n<meta name=\"author\" content=\"@sscc\" \/>\n<meta name=\"twitter:card\" content=\"summary_large_image\" \/>\n<meta name=\"twitter:creator\" content=\"@beatopeustaquio\" \/>\n<meta name=\"twitter:site\" content=\"@beatopeustaquio\" \/>\n<meta name=\"twitter:label1\" content=\"Escrito por\" \/>\n\t<meta name=\"twitter:data1\" content=\"@sscc\" \/>\n\t<meta name=\"twitter:label2\" content=\"Tiempo de lectura\" \/>\n\t<meta name=\"twitter:data2\" content=\"2 minutos\" \/>\n<script type=\"application\/ld+json\" class=\"yoast-schema-graph\">{\"@context\":\"https:\/\/schema.org\",\"@graph\":[{\"@type\":\"Article\",\"@id\":\"https:\/\/www.padreeustaquio.com.br\/padre-gleison-ss-cc-e-ordenado-em-bela-cruz-no-ceara\/#article\",\"isPartOf\":{\"@id\":\"https:\/\/www.padreeustaquio.com.br\/padre-gleison-ss-cc-e-ordenado-em-bela-cruz-no-ceara\/\"},\"author\":{\"name\":\"@sscc\",\"@id\":\"https:\/\/www.padreeustaquio.com.br\/#\/schema\/person\/a2a51db1d00f1a7af0204a0f1ddb1566\"},\"headline\":\"Padre Gleison, ss.cc. \u00e9 ordenado em Bela Cruz, no Cear\u00e1\",\"datePublished\":\"2022-05-23T09:39:00+00:00\",\"mainEntityOfPage\":{\"@id\":\"https:\/\/www.padreeustaquio.com.br\/padre-gleison-ss-cc-e-ordenado-em-bela-cruz-no-ceara\/\"},\"wordCount\":374,\"commentCount\":0,\"publisher\":{\"@id\":\"https:\/\/www.padreeustaquio.com.br\/#organization\"},\"image\":{\"@id\":\"https:\/\/www.padreeustaquio.com.br\/padre-gleison-ss-cc-e-ordenado-em-bela-cruz-no-ceara\/#primaryimage\"},\"thumbnailUrl\":\"https:\/\/www.padreeustaquio.com.br\/wp-content\/uploads\/2022\/05\/padre-gleison.jpg\",\"articleSection\":[\"Not\u00edcias\"],\"inLanguage\":\"es\",\"potentialAction\":[{\"@type\":\"CommentAction\",\"name\":\"Comment\",\"target\":[\"https:\/\/www.padreeustaquio.com.br\/padre-gleison-ss-cc-e-ordenado-em-bela-cruz-no-ceara\/#respond\"]}]},{\"@type\":\"WebPage\",\"@id\":\"https:\/\/www.padreeustaquio.com.br\/padre-gleison-ss-cc-e-ordenado-em-bela-cruz-no-ceara\/\",\"url\":\"https:\/\/www.padreeustaquio.com.br\/padre-gleison-ss-cc-e-ordenado-em-bela-cruz-no-ceara\/\",\"name\":\"Padre Gleison, ss.cc. \u00e9 ordenado em Bela Cruz, no Cear\u00e1\",\"isPartOf\":{\"@id\":\"https:\/\/www.padreeustaquio.com.br\/#website\"},\"primaryImageOfPage\":{\"@id\":\"https:\/\/www.padreeustaquio.com.br\/padre-gleison-ss-cc-e-ordenado-em-bela-cruz-no-ceara\/#primaryimage\"},\"image\":{\"@id\":\"https:\/\/www.padreeustaquio.com.br\/padre-gleison-ss-cc-e-ordenado-em-bela-cruz-no-ceara\/#primaryimage\"},\"thumbnailUrl\":\"https:\/\/www.padreeustaquio.com.br\/wp-content\/uploads\/2022\/05\/padre-gleison.jpg\",\"datePublished\":\"2022-05-23T09:39:00+00:00\",\"description\":\"O irm\u00e3o Francisco Gleison Oliveira, ss.cc. foi ordenado presb\u00edtero da Igreja no \u00faltimo s\u00e1bado, 21 de maio. A cerim\u00f4nia de ordena\u00e7\u00e3o foi realizada por Dom Jos\u00e9 Luiz Gomes de Vasconcelos, bispo diocesano de Sobral-CE, na Igreja Matriz de Nossa Senhora da Concei\u00e7\u00e3o, em Bela Cruz, cidade do Cear\u00e1.\",\"breadcrumb\":{\"@id\":\"https:\/\/www.padreeustaquio.com.br\/padre-gleison-ss-cc-e-ordenado-em-bela-cruz-no-ceara\/#breadcrumb\"},\"inLanguage\":\"es\",\"potentialAction\":[{\"@type\":\"ReadAction\",\"target\":[\"https:\/\/www.padreeustaquio.com.br\/padre-gleison-ss-cc-e-ordenado-em-bela-cruz-no-ceara\/\"]}]},{\"@type\":\"ImageObject\",\"inLanguage\":\"es\",\"@id\":\"https:\/\/www.padreeustaquio.com.br\/padre-gleison-ss-cc-e-ordenado-em-bela-cruz-no-ceara\/#primaryimage\",\"url\":\"https:\/\/www.padreeustaquio.com.br\/wp-content\/uploads\/2022\/05\/padre-gleison.jpg\",\"contentUrl\":\"https:\/\/www.padreeustaquio.com.br\/wp-content\/uploads\/2022\/05\/padre-gleison.jpg\",\"width\":748,\"height\":394},{\"@type\":\"BreadcrumbList\",\"@id\":\"https:\/\/www.padreeustaquio.com.br\/padre-gleison-ss-cc-e-ordenado-em-bela-cruz-no-ceara\/#breadcrumb\",\"itemListElement\":[{\"@type\":\"ListItem\",\"position\":1,\"name\":\"In\u00edcio\",\"item\":\"https:\/\/www.padreeustaquio.com.br\/\"},{\"@type\":\"ListItem\",\"position\":2,\"name\":\"Padre Gleison, ss.cc. \u00e9 ordenado em Bela Cruz, no Cear\u00e1\"}]},{\"@type\":\"WebSite\",\"@id\":\"https:\/\/www.padreeustaquio.com.br\/#website\",\"url\":\"https:\/\/www.padreeustaquio.com.br\/\",\"name\":\"Padre Eust\u00e1quio\",\"description\":\"Sa\u00fade e Paz\",\"publisher\":{\"@id\":\"https:\/\/www.padreeustaquio.com.br\/#organization\"},\"potentialAction\":[{\"@type\":\"SearchAction\",\"target\":{\"@type\":\"EntryPoint\",\"urlTemplate\":\"https:\/\/www.padreeustaquio.com.br\/?s={search_term_string}\"},\"query-input\":{\"@type\":\"PropertyValueSpecification\",\"valueRequired\":true,\"valueName\":\"search_term_string\"}}],\"inLanguage\":\"es\"},{\"@type\":\"Organization\",\"@id\":\"https:\/\/www.padreeustaquio.com.br\/#organization\",\"name\":\"Padre Eust\u00e1quio\",\"url\":\"https:\/\/www.padreeustaquio.com.br\/\",\"logo\":{\"@type\":\"ImageObject\",\"inLanguage\":\"es\",\"@id\":\"https:\/\/www.padreeustaquio.com.br\/#\/schema\/logo\/image\/\",\"url\":\"https:\/\/www.padreeustaquio.com.br\/wp-content\/uploads\/2019\/08\/marca.png\",\"contentUrl\":\"https:\/\/www.padreeustaquio.com.br\/wp-content\/uploads\/2019\/08\/marca.png\",\"width\":350,\"height\":400,\"caption\":\"Padre Eust\u00e1quio\"},\"image\":{\"@id\":\"https:\/\/www.padreeustaquio.com.br\/#\/schema\/logo\/image\/\"},\"sameAs\":[\"https:\/\/www.facebook.com\/beatopadreeustaquio\/\",\"https:\/\/x.com\/beatopeustaquio\",\"https:\/\/www.instagram.com\/beatopadreeustaquio\/\",\"https:\/\/www.youtube.com\/channel\/UCRhw7vfabnajwLxb1ZXMeIw\"]},{\"@type\":\"Person\",\"@id\":\"https:\/\/www.padreeustaquio.com.br\/#\/schema\/person\/a2a51db1d00f1a7af0204a0f1ddb1566\",\"name\":\"@sscc\",\"image\":{\"@type\":\"ImageObject\",\"inLanguage\":\"es\",\"@id\":\"https:\/\/secure.gravatar.com\/avatar\/68cfafa5f44617fea54071e215026e0ff06be366c3d54a8425f04fdcb86f8c5f?s=96&d=mm&r=g\",\"url\":\"https:\/\/secure.gravatar.com\/avatar\/68cfafa5f44617fea54071e215026e0ff06be366c3d54a8425f04fdcb86f8c5f?s=96&d=mm&r=g\",\"contentUrl\":\"https:\/\/secure.gravatar.com\/avatar\/68cfafa5f44617fea54071e215026e0ff06be366c3d54a8425f04fdcb86f8c5f?s=96&d=mm&r=g\",\"caption\":\"@sscc\"},\"url\":\"https:\/\/www.padreeustaquio.com.br\/es\/author\/sscc\/\"}]}<\/script>\n<!-- \/ Yoast SEO plugin. -->","yoast_head_json":{"title":"El Padre Gleison, ss.cc., es ordenado sacerdote en Bela Cruz, Cear\u00e1.","description":"El hermano Francisco Gleison Oliveira, ss.cc., fue ordenado sacerdote el pasado s\u00e1bado 21 de mayo. La ceremonia de ordenaci\u00f3n fue oficiada por Dom Jos\u00e9 Luiz Gomes de Vasconcelos, obispo diocesano de Sobral-CE, en la Parroquia de Nuestra Se\u00f1ora de la Concepci\u00f3n, en Bela Cruz, Cear\u00e1.","robots":{"index":"index","follow":"follow","max-snippet":"max-snippet:-1","max-image-preview":"max-image-preview:large","max-video-preview":"max-video-preview:-1"},"canonical":"https:\/\/www.padreeustaquio.com.br\/es\/el-padre-gleison-ss-cc-fue-ordenado-sacerdote-en-bela-cruz-ceara\/","og_locale":"es_ES","og_type":"article","og_title":"Padre Gleison, ss.cc. \u00e9 ordenado em Bela Cruz, no Cear\u00e1","og_description":"O irm\u00e3o Francisco Gleison Oliveira, ss.cc. foi ordenado presb\u00edtero da Igreja no \u00faltimo s\u00e1bado, 21 de maio. A cerim\u00f4nia de ordena\u00e7\u00e3o foi realizada por Dom Jos\u00e9 Luiz Gomes de Vasconcelos, bispo diocesano de Sobral-CE, na Igreja Matriz de Nossa Senhora da Concei\u00e7\u00e3o, em Bela Cruz, cidade do Cear\u00e1.","og_url":"https:\/\/www.padreeustaquio.com.br\/es\/el-padre-gleison-ss-cc-fue-ordenado-sacerdote-en-bela-cruz-ceara\/","og_site_name":"Padre Eust\u00e1quio","article_publisher":"https:\/\/www.facebook.com\/beatopadreeustaquio\/","article_published_time":"2022-05-23T09:39:00+00:00","og_image":[{"width":748,"height":394,"url":"https:\/\/www.padreeustaquio.com.br\/wp-content\/uploads\/2022\/05\/padre-gleison.jpg","type":"image\/jpeg"}],"author":"@sscc","twitter_card":"summary_large_image","twitter_creator":"@beatopeustaquio","twitter_site":"@beatopeustaquio","twitter_misc":{"Escrito por":"@sscc","Tiempo de lectura":"2 minutos"},"schema":{"@context":"https:\/\/schema.org","@graph":[{"@type":"Article","@id":"https:\/\/www.padreeustaquio.com.br\/padre-gleison-ss-cc-e-ordenado-em-bela-cruz-no-ceara\/#article","isPartOf":{"@id":"https:\/\/www.padreeustaquio.com.br\/padre-gleison-ss-cc-e-ordenado-em-bela-cruz-no-ceara\/"},"author":{"name":"@sscc","@id":"https:\/\/www.padreeustaquio.com.br\/#\/schema\/person\/a2a51db1d00f1a7af0204a0f1ddb1566"},"headline":"Padre Gleison, ss.cc. \u00e9 ordenado em Bela Cruz, no Cear\u00e1","datePublished":"2022-05-23T09:39:00+00:00","mainEntityOfPage":{"@id":"https:\/\/www.padreeustaquio.com.br\/padre-gleison-ss-cc-e-ordenado-em-bela-cruz-no-ceara\/"},"wordCount":374,"commentCount":0,"publisher":{"@id":"https:\/\/www.padreeustaquio.com.br\/#organization"},"image":{"@id":"https:\/\/www.padreeustaquio.com.br\/padre-gleison-ss-cc-e-ordenado-em-bela-cruz-no-ceara\/#primaryimage"},"thumbnailUrl":"https:\/\/www.padreeustaquio.com.br\/wp-content\/uploads\/2022\/05\/padre-gleison.jpg","articleSection":["Not\u00edcias"],"inLanguage":"es","potentialAction":[{"@type":"CommentAction","name":"Comment","target":["https:\/\/www.padreeustaquio.com.br\/padre-gleison-ss-cc-e-ordenado-em-bela-cruz-no-ceara\/#respond"]}]},{"@type":"WebPage","@id":"https:\/\/www.padreeustaquio.com.br\/padre-gleison-ss-cc-e-ordenado-em-bela-cruz-no-ceara\/","url":"https:\/\/www.padreeustaquio.com.br\/padre-gleison-ss-cc-e-ordenado-em-bela-cruz-no-ceara\/","name":"El Padre Gleison, ss.cc., es ordenado sacerdote en Bela Cruz, Cear\u00e1.","isPartOf":{"@id":"https:\/\/www.padreeustaquio.com.br\/#website"},"primaryImageOfPage":{"@id":"https:\/\/www.padreeustaquio.com.br\/padre-gleison-ss-cc-e-ordenado-em-bela-cruz-no-ceara\/#primaryimage"},"image":{"@id":"https:\/\/www.padreeustaquio.com.br\/padre-gleison-ss-cc-e-ordenado-em-bela-cruz-no-ceara\/#primaryimage"},"thumbnailUrl":"https:\/\/www.padreeustaquio.com.br\/wp-content\/uploads\/2022\/05\/padre-gleison.jpg","datePublished":"2022-05-23T09:39:00+00:00","description":"El hermano Francisco Gleison Oliveira, ss.cc., fue ordenado sacerdote el pasado s\u00e1bado 21 de mayo. La ceremonia de ordenaci\u00f3n fue oficiada por Dom Jos\u00e9 Luiz Gomes de Vasconcelos, obispo diocesano de Sobral-CE, en la Parroquia de Nuestra Se\u00f1ora de la Concepci\u00f3n, en Bela Cruz, Cear\u00e1.","breadcrumb":{"@id":"https:\/\/www.padreeustaquio.com.br\/padre-gleison-ss-cc-e-ordenado-em-bela-cruz-no-ceara\/#breadcrumb"},"inLanguage":"es","potentialAction":[{"@type":"ReadAction","target":["https:\/\/www.padreeustaquio.com.br\/padre-gleison-ss-cc-e-ordenado-em-bela-cruz-no-ceara\/"]}]},{"@type":"ImageObject","inLanguage":"es","@id":"https:\/\/www.padreeustaquio.com.br\/padre-gleison-ss-cc-e-ordenado-em-bela-cruz-no-ceara\/#primaryimage","url":"https:\/\/www.padreeustaquio.com.br\/wp-content\/uploads\/2022\/05\/padre-gleison.jpg","contentUrl":"https:\/\/www.padreeustaquio.com.br\/wp-content\/uploads\/2022\/05\/padre-gleison.jpg","width":748,"height":394},{"@type":"BreadcrumbList","@id":"https:\/\/www.padreeustaquio.com.br\/padre-gleison-ss-cc-e-ordenado-em-bela-cruz-no-ceara\/#breadcrumb","itemListElement":[{"@type":"ListItem","position":1,"name":"In\u00edcio","item":"https:\/\/www.padreeustaquio.com.br\/"},{"@type":"ListItem","position":2,"name":"Padre Gleison, ss.cc. \u00e9 ordenado em Bela Cruz, no Cear\u00e1"}]},{"@type":"WebSite","@id":"https:\/\/www.padreeustaquio.com.br\/#website","url":"https:\/\/www.padreeustaquio.com.br\/","name":"Padre Eustace","description":"Salud y Paz","publisher":{"@id":"https:\/\/www.padreeustaquio.com.br\/#organization"},"potentialAction":[{"@type":"SearchAction","target":{"@type":"EntryPoint","urlTemplate":"https:\/\/www.padreeustaquio.com.br\/?s={search_term_string}"},"query-input":{"@type":"PropertyValueSpecification","valueRequired":true,"valueName":"search_term_string"}}],"inLanguage":"es"},{"@type":"Organization","@id":"https:\/\/www.padreeustaquio.com.br\/#organization","name":"Padre Eustace","url":"https:\/\/www.padreeustaquio.com.br\/","logo":{"@type":"ImageObject","inLanguage":"es","@id":"https:\/\/www.padreeustaquio.com.br\/#\/schema\/logo\/image\/","url":"https:\/\/www.padreeustaquio.com.br\/wp-content\/uploads\/2019\/08\/marca.png","contentUrl":"https:\/\/www.padreeustaquio.com.br\/wp-content\/uploads\/2019\/08\/marca.png","width":350,"height":400,"caption":"Padre Eust\u00e1quio"},"image":{"@id":"https:\/\/www.padreeustaquio.com.br\/#\/schema\/logo\/image\/"},"sameAs":["https:\/\/www.facebook.com\/beatopadreeustaquio\/","https:\/\/x.com\/beatopeustaquio","https:\/\/www.instagram.com\/beatopadreeustaquio\/","https:\/\/www.youtube.com\/channel\/UCRhw7vfabnajwLxb1ZXMeIw"]},{"@type":"Person","@id":"https:\/\/www.padreeustaquio.com.br\/#\/schema\/person\/a2a51db1d00f1a7af0204a0f1ddb1566","name":"@sscc","image":{"@type":"ImageObject","inLanguage":"es","@id":"https:\/\/secure.gravatar.com\/avatar\/68cfafa5f44617fea54071e215026e0ff06be366c3d54a8425f04fdcb86f8c5f?s=96&d=mm&r=g","url":"https:\/\/secure.gravatar.com\/avatar\/68cfafa5f44617fea54071e215026e0ff06be366c3d54a8425f04fdcb86f8c5f?s=96&d=mm&r=g","contentUrl":"https:\/\/secure.gravatar.com\/avatar\/68cfafa5f44617fea54071e215026e0ff06be366c3d54a8425f04fdcb86f8c5f?s=96&d=mm&r=g","caption":"@sscc"},"url":"https:\/\/www.padreeustaquio.com.br\/es\/author\/sscc\/"}]}},"_links":{"self":[{"href":"https:\/\/www.padreeustaquio.com.br\/es\/wp-json\/wp\/v2\/posts\/8685","targetHints":{"allow":["GET"]}}],"collection":[{"href":"https:\/\/www.padreeustaquio.com.br\/es\/wp-json\/wp\/v2\/posts"}],"about":[{"href":"https:\/\/www.padreeustaquio.com.br\/es\/wp-json\/wp\/v2\/types\/post"}],"author":[{"embeddable":true,"href":"https:\/\/www.padreeustaquio.com.br\/es\/wp-json\/wp\/v2\/users\/2"}],"replies":[{"embeddable":true,"href":"https:\/\/www.padreeustaquio.com.br\/es\/wp-json\/wp\/v2\/comments?post=8685"}],"version-history":[{"count":0,"href":"https:\/\/www.padreeustaquio.com.br\/es\/wp-json\/wp\/v2\/posts\/8685\/revisions"}],"wp:featuredmedia":[{"embeddable":true,"href":"https:\/\/www.padreeustaquio.com.br\/es\/wp-json\/wp\/v2\/media\/8705"}],"wp:attachment":[{"href":"https:\/\/www.padreeustaquio.com.br\/es\/wp-json\/wp\/v2\/media?parent=8685"}],"wp:term":[{"taxonomy":"category","embeddable":true,"href":"https:\/\/www.padreeustaquio.com.br\/es\/wp-json\/wp\/v2\/categories?post=8685"},{"taxonomy":"post_tag","embeddable":true,"href":"https:\/\/www.padreeustaquio.com.br\/es\/wp-json\/wp\/v2\/tags?post=8685"}],"curies":[{"name":"wp","href":"https:\/\/api.w.org\/{rel}","templated":true}]}}