{"id":8673,"date":"2022-05-20T05:11:00","date_gmt":"2022-05-20T08:11:00","guid":{"rendered":"https:\/\/www.padreeustaquio.com.br\/?p=8673"},"modified":"2022-05-18T11:28:06","modified_gmt":"2022-05-18T14:28:06","slug":"el-padre-eustaquio-y-la-vida-misionera","status":"publish","type":"post","link":"https:\/\/www.padreeustaquio.com.br\/es\/el-padre-eustaquio-y-la-vida-misionera\/","title":{"rendered":"El Padre Eust\u00e1quio y la vida misionera"},"content":{"rendered":"<p>Cuando el Padre Eustace, entonces de 14 a\u00f1os, eligi\u00f3 la Congregaci\u00f3n de los Sagrados Corazones, opt\u00f3 por una vida misionera, sirviendo a Dios y al pr\u00f3jimo. En 1915, el joven holand\u00e9s profes\u00f3 los votos de Pobreza, Castidad y Obediencia, convirti\u00e9ndose en religioso de los Sagrados Corazones, y en 1919 recibi\u00f3 la ordenaci\u00f3n sacerdotal.<\/p>\n\n\n\n<p>Durante sus primeros a\u00f1os en la Congregaci\u00f3n, el Padre Eustace sirvi\u00f3 al pueblo de Dios en los Pa\u00edses Bajos en diversas misiones, distingui\u00e9ndose por su labor. Por su vida dedicada al servicio al pr\u00f3jimo, recibi\u00f3 una condecoraci\u00f3n del Rey de B\u00e9lgica por los servicios prestados a los refugiados belgas durante la Primera Guerra Mundial.<\/p>\n\n\n\n<p>Pero fue en 1925 cuando el Padre Eust\u00e1quio recibi\u00f3 un gran reto que marcar\u00eda su vida misionera. \u00c9l, junto con el Padre Gil van den Boogaart y el Padre Matias van Rooy, fueron los fundadores de la Congregaci\u00f3n de los Sagrados Corazones en Brasil, en la regi\u00f3n del Tri\u00e1ngulo Minero. Desde all\u00ed, el Padre Eust\u00e1quio sirvi\u00f3 en diversas ciudades brasile\u00f1as, marcando una diferencia en las comunidades y en la vida de las personas.<\/p>\n\n\n\n<p>Su labor misionera fue uno de los temas que el sacerdote holand\u00e9s trat\u00f3 con su familia en las cartas que intercambiaron. En 1936, el padre Eustace le escribi\u00f3 a su hermana, Faustina, tambi\u00e9n monja, sobre la alegr\u00eda de vivir una vida dedicada a los dem\u00e1s.<\/p>\n\n\n\n<p><em>\u201cCuando pienso en la Divina Providencia, mi coraz\u00f3n se llena. Siento, entonces, m\u00e1s que nunca, que un Padre sol\u00edcito se apiada del misionero cansado para consolarlo y fortalecerlo. Qu\u00e9 hermosa es la vida misionera, pero qu\u00e9 poco vale sin el consuelo y la ayuda divinos. Nunca me cansar\u00e9 de alabar y cantar la bondad divina.\u201d<\/em><\/p>\n\n\n\n<p><\/p>","protected":false},"excerpt":{"rendered":"<p>Ao escolher a Congrega\u00e7\u00e3o dos Sagrados Cora\u00e7\u00f5es em 1905, Padre Eust\u00e1quio, na \u00e9poca com 14 anos, optou por viver uma vida mission\u00e1ria, servindo a Deus e ao pr\u00f3ximo. Em 1915 o jovem holand\u00eas professou os votos de Pobreza, Castidade e Obedi\u00eancia, tornando-se religioso dos Sagrados Cora\u00e7\u00f5es e em 1919, recebeu a Ordena\u00e7\u00e3o Sacerdotal. Durante os primeiros anos na Congrega\u00e7\u00e3o, Padre Eust\u00e1quio serviu ao povo de Deus na Holanda em v\u00e1rias miss\u00f5es, se destacando por seu trabalho. Pela vida dedicada ao pr\u00f3ximo, ele recebeu do Rei da B\u00e9lgica uma condecora\u00e7\u00e3o pelos servi\u00e7os prestados aos refugiados belgas por causa da Primeira Guerra [&hellip;]<\/p>\n","protected":false},"author":2,"featured_media":8674,"comment_status":"open","ping_status":"closed","sticky":false,"template":"","format":"standard","meta":{"_acf_changed":false,"footnotes":""},"categories":[611],"tags":[],"class_list":["post-8673","post","type-post","status-publish","format-standard","has-post-thumbnail","hentry","category-noticias"],"acf":[],"yoast_head":"<!-- This site is optimized with the Yoast SEO plugin v27.2 - https:\/\/yoast.com\/product\/yoast-seo-wordpress\/ -->\n<title>Padre Eust\u00e1quio e a vida mission\u00e1ria - Padre Eust\u00e1quio<\/title>\n<meta name=\"description\" content=\"Ao escolher a Congrega\u00e7\u00e3o dos Sagrados Cora\u00e7\u00f5es em 1905, Padre Eust\u00e1quio, na \u00e9poca com 14 anos, optou por viver uma vida mission\u00e1ria, servindo a Deus e ao pr\u00f3ximo. Em 1915 o jovem holand\u00eas professou os votos de Pobreza, Castidade e Obedi\u00eancia, tornando-se religioso dos Sagrados Cora\u00e7\u00f5es e em 1919, recebeu a Ordena\u00e7\u00e3o Sacerdotal.\" \/>\n<meta name=\"robots\" content=\"index, follow, max-snippet:-1, max-image-preview:large, max-video-preview:-1\" \/>\n<link rel=\"canonical\" href=\"https:\/\/www.padreeustaquio.com.br\/es\/el-padre-eustaquio-y-la-vida-misionera\/\" \/>\n<meta property=\"og:locale\" content=\"es_ES\" \/>\n<meta property=\"og:type\" content=\"article\" \/>\n<meta property=\"og:title\" content=\"Padre Eust\u00e1quio e a vida mission\u00e1ria - Padre Eust\u00e1quio\" \/>\n<meta property=\"og:description\" content=\"Ao escolher a Congrega\u00e7\u00e3o dos Sagrados Cora\u00e7\u00f5es em 1905, Padre Eust\u00e1quio, na \u00e9poca com 14 anos, optou por viver uma vida mission\u00e1ria, servindo a Deus e ao pr\u00f3ximo. Em 1915 o jovem holand\u00eas professou os votos de Pobreza, Castidade e Obedi\u00eancia, tornando-se religioso dos Sagrados Cora\u00e7\u00f5es e em 1919, recebeu a Ordena\u00e7\u00e3o Sacerdotal.\" \/>\n<meta property=\"og:url\" content=\"https:\/\/www.padreeustaquio.com.br\/es\/el-padre-eustaquio-y-la-vida-misionera\/\" \/>\n<meta property=\"og:site_name\" content=\"Padre Eust\u00e1quio\" \/>\n<meta property=\"article:publisher\" content=\"https:\/\/www.facebook.com\/beatopadreeustaquio\/\" \/>\n<meta property=\"article:published_time\" content=\"2022-05-20T08:11:00+00:00\" \/>\n<meta property=\"og:image\" content=\"https:\/\/www.padreeustaquio.com.br\/wp-content\/uploads\/2022\/05\/padre-eust-missiona.jpg\" \/>\n\t<meta property=\"og:image:width\" content=\"748\" \/>\n\t<meta property=\"og:image:height\" content=\"394\" \/>\n\t<meta property=\"og:image:type\" content=\"image\/jpeg\" \/>\n<meta name=\"author\" content=\"@sscc\" \/>\n<meta name=\"twitter:card\" content=\"summary_large_image\" \/>\n<meta name=\"twitter:creator\" content=\"@beatopeustaquio\" \/>\n<meta name=\"twitter:site\" content=\"@beatopeustaquio\" \/>\n<meta name=\"twitter:label1\" content=\"Escrito por\" \/>\n\t<meta name=\"twitter:data1\" content=\"@sscc\" \/>\n\t<meta name=\"twitter:label2\" content=\"Tiempo de lectura\" \/>\n\t<meta name=\"twitter:data2\" content=\"2 minutos\" \/>\n<script type=\"application\/ld+json\" class=\"yoast-schema-graph\">{\"@context\":\"https:\/\/schema.org\",\"@graph\":[{\"@type\":\"Article\",\"@id\":\"https:\/\/www.padreeustaquio.com.br\/padre-eustaquio-e-a-vida-missionaria\/#article\",\"isPartOf\":{\"@id\":\"https:\/\/www.padreeustaquio.com.br\/padre-eustaquio-e-a-vida-missionaria\/\"},\"author\":{\"name\":\"@sscc\",\"@id\":\"https:\/\/www.padreeustaquio.com.br\/#\/schema\/person\/a2a51db1d00f1a7af0204a0f1ddb1566\"},\"headline\":\"Padre Eust\u00e1quio e a vida mission\u00e1ria\",\"datePublished\":\"2022-05-20T08:11:00+00:00\",\"mainEntityOfPage\":{\"@id\":\"https:\/\/www.padreeustaquio.com.br\/padre-eustaquio-e-a-vida-missionaria\/\"},\"wordCount\":302,\"commentCount\":0,\"publisher\":{\"@id\":\"https:\/\/www.padreeustaquio.com.br\/#organization\"},\"image\":{\"@id\":\"https:\/\/www.padreeustaquio.com.br\/padre-eustaquio-e-a-vida-missionaria\/#primaryimage\"},\"thumbnailUrl\":\"https:\/\/www.padreeustaquio.com.br\/wp-content\/uploads\/2022\/05\/padre-eust-missiona.jpg\",\"articleSection\":[\"Not\u00edcias\"],\"inLanguage\":\"es\",\"potentialAction\":[{\"@type\":\"CommentAction\",\"name\":\"Comment\",\"target\":[\"https:\/\/www.padreeustaquio.com.br\/padre-eustaquio-e-a-vida-missionaria\/#respond\"]}]},{\"@type\":\"WebPage\",\"@id\":\"https:\/\/www.padreeustaquio.com.br\/padre-eustaquio-e-a-vida-missionaria\/\",\"url\":\"https:\/\/www.padreeustaquio.com.br\/padre-eustaquio-e-a-vida-missionaria\/\",\"name\":\"Padre Eust\u00e1quio e a vida mission\u00e1ria - Padre Eust\u00e1quio\",\"isPartOf\":{\"@id\":\"https:\/\/www.padreeustaquio.com.br\/#website\"},\"primaryImageOfPage\":{\"@id\":\"https:\/\/www.padreeustaquio.com.br\/padre-eustaquio-e-a-vida-missionaria\/#primaryimage\"},\"image\":{\"@id\":\"https:\/\/www.padreeustaquio.com.br\/padre-eustaquio-e-a-vida-missionaria\/#primaryimage\"},\"thumbnailUrl\":\"https:\/\/www.padreeustaquio.com.br\/wp-content\/uploads\/2022\/05\/padre-eust-missiona.jpg\",\"datePublished\":\"2022-05-20T08:11:00+00:00\",\"description\":\"Ao escolher a Congrega\u00e7\u00e3o dos Sagrados Cora\u00e7\u00f5es em 1905, Padre Eust\u00e1quio, na \u00e9poca com 14 anos, optou por viver uma vida mission\u00e1ria, servindo a Deus e ao pr\u00f3ximo. Em 1915 o jovem holand\u00eas professou os votos de Pobreza, Castidade e Obedi\u00eancia, tornando-se religioso dos Sagrados Cora\u00e7\u00f5es e em 1919, recebeu a Ordena\u00e7\u00e3o Sacerdotal.\",\"breadcrumb\":{\"@id\":\"https:\/\/www.padreeustaquio.com.br\/padre-eustaquio-e-a-vida-missionaria\/#breadcrumb\"},\"inLanguage\":\"es\",\"potentialAction\":[{\"@type\":\"ReadAction\",\"target\":[\"https:\/\/www.padreeustaquio.com.br\/padre-eustaquio-e-a-vida-missionaria\/\"]}]},{\"@type\":\"ImageObject\",\"inLanguage\":\"es\",\"@id\":\"https:\/\/www.padreeustaquio.com.br\/padre-eustaquio-e-a-vida-missionaria\/#primaryimage\",\"url\":\"https:\/\/www.padreeustaquio.com.br\/wp-content\/uploads\/2022\/05\/padre-eust-missiona.jpg\",\"contentUrl\":\"https:\/\/www.padreeustaquio.com.br\/wp-content\/uploads\/2022\/05\/padre-eust-missiona.jpg\",\"width\":748,\"height\":394},{\"@type\":\"BreadcrumbList\",\"@id\":\"https:\/\/www.padreeustaquio.com.br\/padre-eustaquio-e-a-vida-missionaria\/#breadcrumb\",\"itemListElement\":[{\"@type\":\"ListItem\",\"position\":1,\"name\":\"In\u00edcio\",\"item\":\"https:\/\/www.padreeustaquio.com.br\/\"},{\"@type\":\"ListItem\",\"position\":2,\"name\":\"Padre Eust\u00e1quio e a vida mission\u00e1ria\"}]},{\"@type\":\"WebSite\",\"@id\":\"https:\/\/www.padreeustaquio.com.br\/#website\",\"url\":\"https:\/\/www.padreeustaquio.com.br\/\",\"name\":\"Padre Eust\u00e1quio\",\"description\":\"Sa\u00fade e Paz\",\"publisher\":{\"@id\":\"https:\/\/www.padreeustaquio.com.br\/#organization\"},\"potentialAction\":[{\"@type\":\"SearchAction\",\"target\":{\"@type\":\"EntryPoint\",\"urlTemplate\":\"https:\/\/www.padreeustaquio.com.br\/?s={search_term_string}\"},\"query-input\":{\"@type\":\"PropertyValueSpecification\",\"valueRequired\":true,\"valueName\":\"search_term_string\"}}],\"inLanguage\":\"es\"},{\"@type\":\"Organization\",\"@id\":\"https:\/\/www.padreeustaquio.com.br\/#organization\",\"name\":\"Padre Eust\u00e1quio\",\"url\":\"https:\/\/www.padreeustaquio.com.br\/\",\"logo\":{\"@type\":\"ImageObject\",\"inLanguage\":\"es\",\"@id\":\"https:\/\/www.padreeustaquio.com.br\/#\/schema\/logo\/image\/\",\"url\":\"https:\/\/www.padreeustaquio.com.br\/wp-content\/uploads\/2019\/08\/marca.png\",\"contentUrl\":\"https:\/\/www.padreeustaquio.com.br\/wp-content\/uploads\/2019\/08\/marca.png\",\"width\":350,\"height\":400,\"caption\":\"Padre Eust\u00e1quio\"},\"image\":{\"@id\":\"https:\/\/www.padreeustaquio.com.br\/#\/schema\/logo\/image\/\"},\"sameAs\":[\"https:\/\/www.facebook.com\/beatopadreeustaquio\/\",\"https:\/\/x.com\/beatopeustaquio\",\"https:\/\/www.instagram.com\/beatopadreeustaquio\/\",\"https:\/\/www.youtube.com\/channel\/UCRhw7vfabnajwLxb1ZXMeIw\"]},{\"@type\":\"Person\",\"@id\":\"https:\/\/www.padreeustaquio.com.br\/#\/schema\/person\/a2a51db1d00f1a7af0204a0f1ddb1566\",\"name\":\"@sscc\",\"image\":{\"@type\":\"ImageObject\",\"inLanguage\":\"es\",\"@id\":\"https:\/\/secure.gravatar.com\/avatar\/68cfafa5f44617fea54071e215026e0ff06be366c3d54a8425f04fdcb86f8c5f?s=96&d=mm&r=g\",\"url\":\"https:\/\/secure.gravatar.com\/avatar\/68cfafa5f44617fea54071e215026e0ff06be366c3d54a8425f04fdcb86f8c5f?s=96&d=mm&r=g\",\"contentUrl\":\"https:\/\/secure.gravatar.com\/avatar\/68cfafa5f44617fea54071e215026e0ff06be366c3d54a8425f04fdcb86f8c5f?s=96&d=mm&r=g\",\"caption\":\"@sscc\"},\"url\":\"https:\/\/www.padreeustaquio.com.br\/es\/author\/sscc\/\"}]}<\/script>\n<!-- \/ Yoast SEO plugin. -->","yoast_head_json":{"title":"El Padre Eustace y la vida misionera - Padre Eustace","description":"Cuando el Padre Eustace, entonces de 14 a\u00f1os, eligi\u00f3 la Congregaci\u00f3n de los Sagrados Corazones, opt\u00f3 por una vida misionera, sirviendo a Dios y al pr\u00f3jimo. En 1915, el joven holand\u00e9s profes\u00f3 los votos de Pobreza, Castidad y Obediencia, convirti\u00e9ndose en religioso de los Sagrados Corazones, y en 1919 recibi\u00f3 la ordenaci\u00f3n sacerdotal.","robots":{"index":"index","follow":"follow","max-snippet":"max-snippet:-1","max-image-preview":"max-image-preview:large","max-video-preview":"max-video-preview:-1"},"canonical":"https:\/\/www.padreeustaquio.com.br\/es\/el-padre-eustaquio-y-la-vida-misionera\/","og_locale":"es_ES","og_type":"article","og_title":"Padre Eust\u00e1quio e a vida mission\u00e1ria - Padre Eust\u00e1quio","og_description":"Ao escolher a Congrega\u00e7\u00e3o dos Sagrados Cora\u00e7\u00f5es em 1905, Padre Eust\u00e1quio, na \u00e9poca com 14 anos, optou por viver uma vida mission\u00e1ria, servindo a Deus e ao pr\u00f3ximo. Em 1915 o jovem holand\u00eas professou os votos de Pobreza, Castidade e Obedi\u00eancia, tornando-se religioso dos Sagrados Cora\u00e7\u00f5es e em 1919, recebeu a Ordena\u00e7\u00e3o Sacerdotal.","og_url":"https:\/\/www.padreeustaquio.com.br\/es\/el-padre-eustaquio-y-la-vida-misionera\/","og_site_name":"Padre Eust\u00e1quio","article_publisher":"https:\/\/www.facebook.com\/beatopadreeustaquio\/","article_published_time":"2022-05-20T08:11:00+00:00","og_image":[{"width":748,"height":394,"url":"https:\/\/www.padreeustaquio.com.br\/wp-content\/uploads\/2022\/05\/padre-eust-missiona.jpg","type":"image\/jpeg"}],"author":"@sscc","twitter_card":"summary_large_image","twitter_creator":"@beatopeustaquio","twitter_site":"@beatopeustaquio","twitter_misc":{"Escrito por":"@sscc","Tiempo de lectura":"2 minutos"},"schema":{"@context":"https:\/\/schema.org","@graph":[{"@type":"Article","@id":"https:\/\/www.padreeustaquio.com.br\/padre-eustaquio-e-a-vida-missionaria\/#article","isPartOf":{"@id":"https:\/\/www.padreeustaquio.com.br\/padre-eustaquio-e-a-vida-missionaria\/"},"author":{"name":"@sscc","@id":"https:\/\/www.padreeustaquio.com.br\/#\/schema\/person\/a2a51db1d00f1a7af0204a0f1ddb1566"},"headline":"Padre Eust\u00e1quio e a vida mission\u00e1ria","datePublished":"2022-05-20T08:11:00+00:00","mainEntityOfPage":{"@id":"https:\/\/www.padreeustaquio.com.br\/padre-eustaquio-e-a-vida-missionaria\/"},"wordCount":302,"commentCount":0,"publisher":{"@id":"https:\/\/www.padreeustaquio.com.br\/#organization"},"image":{"@id":"https:\/\/www.padreeustaquio.com.br\/padre-eustaquio-e-a-vida-missionaria\/#primaryimage"},"thumbnailUrl":"https:\/\/www.padreeustaquio.com.br\/wp-content\/uploads\/2022\/05\/padre-eust-missiona.jpg","articleSection":["Not\u00edcias"],"inLanguage":"es","potentialAction":[{"@type":"CommentAction","name":"Comment","target":["https:\/\/www.padreeustaquio.com.br\/padre-eustaquio-e-a-vida-missionaria\/#respond"]}]},{"@type":"WebPage","@id":"https:\/\/www.padreeustaquio.com.br\/padre-eustaquio-e-a-vida-missionaria\/","url":"https:\/\/www.padreeustaquio.com.br\/padre-eustaquio-e-a-vida-missionaria\/","name":"El Padre Eustace y la vida misionera - Padre Eustace","isPartOf":{"@id":"https:\/\/www.padreeustaquio.com.br\/#website"},"primaryImageOfPage":{"@id":"https:\/\/www.padreeustaquio.com.br\/padre-eustaquio-e-a-vida-missionaria\/#primaryimage"},"image":{"@id":"https:\/\/www.padreeustaquio.com.br\/padre-eustaquio-e-a-vida-missionaria\/#primaryimage"},"thumbnailUrl":"https:\/\/www.padreeustaquio.com.br\/wp-content\/uploads\/2022\/05\/padre-eust-missiona.jpg","datePublished":"2022-05-20T08:11:00+00:00","description":"Cuando el Padre Eustace, entonces de 14 a\u00f1os, eligi\u00f3 la Congregaci\u00f3n de los Sagrados Corazones, opt\u00f3 por una vida misionera, sirviendo a Dios y al pr\u00f3jimo. En 1915, el joven holand\u00e9s profes\u00f3 los votos de Pobreza, Castidad y Obediencia, convirti\u00e9ndose en religioso de los Sagrados Corazones, y en 1919 recibi\u00f3 la ordenaci\u00f3n sacerdotal.","breadcrumb":{"@id":"https:\/\/www.padreeustaquio.com.br\/padre-eustaquio-e-a-vida-missionaria\/#breadcrumb"},"inLanguage":"es","potentialAction":[{"@type":"ReadAction","target":["https:\/\/www.padreeustaquio.com.br\/padre-eustaquio-e-a-vida-missionaria\/"]}]},{"@type":"ImageObject","inLanguage":"es","@id":"https:\/\/www.padreeustaquio.com.br\/padre-eustaquio-e-a-vida-missionaria\/#primaryimage","url":"https:\/\/www.padreeustaquio.com.br\/wp-content\/uploads\/2022\/05\/padre-eust-missiona.jpg","contentUrl":"https:\/\/www.padreeustaquio.com.br\/wp-content\/uploads\/2022\/05\/padre-eust-missiona.jpg","width":748,"height":394},{"@type":"BreadcrumbList","@id":"https:\/\/www.padreeustaquio.com.br\/padre-eustaquio-e-a-vida-missionaria\/#breadcrumb","itemListElement":[{"@type":"ListItem","position":1,"name":"In\u00edcio","item":"https:\/\/www.padreeustaquio.com.br\/"},{"@type":"ListItem","position":2,"name":"Padre Eust\u00e1quio e a vida mission\u00e1ria"}]},{"@type":"WebSite","@id":"https:\/\/www.padreeustaquio.com.br\/#website","url":"https:\/\/www.padreeustaquio.com.br\/","name":"Padre Eustace","description":"Salud y Paz","publisher":{"@id":"https:\/\/www.padreeustaquio.com.br\/#organization"},"potentialAction":[{"@type":"SearchAction","target":{"@type":"EntryPoint","urlTemplate":"https:\/\/www.padreeustaquio.com.br\/?s={search_term_string}"},"query-input":{"@type":"PropertyValueSpecification","valueRequired":true,"valueName":"search_term_string"}}],"inLanguage":"es"},{"@type":"Organization","@id":"https:\/\/www.padreeustaquio.com.br\/#organization","name":"Padre Eustace","url":"https:\/\/www.padreeustaquio.com.br\/","logo":{"@type":"ImageObject","inLanguage":"es","@id":"https:\/\/www.padreeustaquio.com.br\/#\/schema\/logo\/image\/","url":"https:\/\/www.padreeustaquio.com.br\/wp-content\/uploads\/2019\/08\/marca.png","contentUrl":"https:\/\/www.padreeustaquio.com.br\/wp-content\/uploads\/2019\/08\/marca.png","width":350,"height":400,"caption":"Padre Eust\u00e1quio"},"image":{"@id":"https:\/\/www.padreeustaquio.com.br\/#\/schema\/logo\/image\/"},"sameAs":["https:\/\/www.facebook.com\/beatopadreeustaquio\/","https:\/\/x.com\/beatopeustaquio","https:\/\/www.instagram.com\/beatopadreeustaquio\/","https:\/\/www.youtube.com\/channel\/UCRhw7vfabnajwLxb1ZXMeIw"]},{"@type":"Person","@id":"https:\/\/www.padreeustaquio.com.br\/#\/schema\/person\/a2a51db1d00f1a7af0204a0f1ddb1566","name":"@sscc","image":{"@type":"ImageObject","inLanguage":"es","@id":"https:\/\/secure.gravatar.com\/avatar\/68cfafa5f44617fea54071e215026e0ff06be366c3d54a8425f04fdcb86f8c5f?s=96&d=mm&r=g","url":"https:\/\/secure.gravatar.com\/avatar\/68cfafa5f44617fea54071e215026e0ff06be366c3d54a8425f04fdcb86f8c5f?s=96&d=mm&r=g","contentUrl":"https:\/\/secure.gravatar.com\/avatar\/68cfafa5f44617fea54071e215026e0ff06be366c3d54a8425f04fdcb86f8c5f?s=96&d=mm&r=g","caption":"@sscc"},"url":"https:\/\/www.padreeustaquio.com.br\/es\/author\/sscc\/"}]}},"_links":{"self":[{"href":"https:\/\/www.padreeustaquio.com.br\/es\/wp-json\/wp\/v2\/posts\/8673","targetHints":{"allow":["GET"]}}],"collection":[{"href":"https:\/\/www.padreeustaquio.com.br\/es\/wp-json\/wp\/v2\/posts"}],"about":[{"href":"https:\/\/www.padreeustaquio.com.br\/es\/wp-json\/wp\/v2\/types\/post"}],"author":[{"embeddable":true,"href":"https:\/\/www.padreeustaquio.com.br\/es\/wp-json\/wp\/v2\/users\/2"}],"replies":[{"embeddable":true,"href":"https:\/\/www.padreeustaquio.com.br\/es\/wp-json\/wp\/v2\/comments?post=8673"}],"version-history":[{"count":0,"href":"https:\/\/www.padreeustaquio.com.br\/es\/wp-json\/wp\/v2\/posts\/8673\/revisions"}],"wp:featuredmedia":[{"embeddable":true,"href":"https:\/\/www.padreeustaquio.com.br\/es\/wp-json\/wp\/v2\/media\/8674"}],"wp:attachment":[{"href":"https:\/\/www.padreeustaquio.com.br\/es\/wp-json\/wp\/v2\/media?parent=8673"}],"wp:term":[{"taxonomy":"category","embeddable":true,"href":"https:\/\/www.padreeustaquio.com.br\/es\/wp-json\/wp\/v2\/categories?post=8673"},{"taxonomy":"post_tag","embeddable":true,"href":"https:\/\/www.padreeustaquio.com.br\/es\/wp-json\/wp\/v2\/tags?post=8673"}],"curies":[{"name":"wp","href":"https:\/\/api.w.org\/{rel}","templated":true}]}}