{"id":8670,"date":"2022-05-19T05:39:00","date_gmt":"2022-05-19T08:39:00","guid":{"rendered":"https:\/\/www.padreeustaquio.com.br\/?p=8670"},"modified":"2022-05-18T11:29:37","modified_gmt":"2022-05-18T14:29:37","slug":"el-diacono-gleison-oliveira-ss-cc-sera-ordenado-sacerdote-el-proximo-sabado","status":"publish","type":"post","link":"https:\/\/www.padreeustaquio.com.br\/es\/el-diacono-gleison-oliveira-ss-cc-sera-ordenado-sacerdote-el-proximo-sabado\/","title":{"rendered":"El di\u00e1cono Gleison Oliveira, ss.cc ser\u00e1 ordenado sacerdote el pr\u00f3ximo s\u00e1bado."},"content":{"rendered":"<p>La Congregaci\u00f3n de los Sagrados Corazones y la Parroquia de Nuestra Se\u00f1ora de la Concepci\u00f3n, en Bela Cruz, Cear\u00e1, celebran la ordenaci\u00f3n sacerdotal del di\u00e1cono Francisco Gleison Oliveira, ss.cc., el pr\u00f3ximo s\u00e1bado 21 de mayo. La ceremonia ser\u00e1 presidida por Dom Jos\u00e9 Luiz Gomes de Vasconcelos, obispo de la Di\u00f3cesis de Sobral-CE, a la que pertenece la parroquia local, y est\u00e1 programada para las 18:00 h en la iglesia principal de la ciudad.<\/p>\n\n\n\n<p>La Santa Misa podr\u00e1 ser acompa\u00f1ada en los canales de redes sociales de la parroquia Bela Cruz en Patroc\u00ednio-MG (donde Gleison actualmente realiza su trabajo misionero) y en el Canal Padre Eust\u00e1quio. <a href=\"https:\/\/youtu.be\/XzY2XHIupxo\" target=\"_blank\" rel=\"noreferrer noopener\">Haga clic aqu\u00ed y s\u00edganos.<\/a>. La transmisi\u00f3n ser\u00e1 realizada por el equipo de PasCom de Bela Cruz-CE y retransmitida por nuestro canal.<\/p>\n\n\n\n<p><strong>Di\u00e1cono Francisco Gleison, ss.cc.<\/strong><\/p>\n\n\n\n<p>Francisco Gleison Oliveira naci\u00f3 en Bela Cruz (Cear\u00e1), el 22 de mayo de 1988. Hijo de Francisco Cleiton Oliveira y Maria de F\u00e1tima Morais, ingres\u00f3 en la Congregaci\u00f3n de los Sagrados Corazones en 2014. Complet\u00f3 sus estudios de Teolog\u00eda en 2016 en la Facultad Jesuita e hizo su noviciado en 2017 en Chaclacayo \u2013 Per\u00fa, profesando sus primeros votos el 27 de enero de 2018, en la capilla de Casa Anchieta en Borac\u00e9ia-SP.<\/p>\n\n\n\n<p>En 2019 fue enviado a la comunidad de Catuji, Minas Gerais, donde trabaj\u00f3 pastoralmente en la Parroquia de San Miguel Arc\u00e1ngel. Hizo su Profesi\u00f3n Perpetua el 16 de enero de 2021.<a href=\"https:\/\/www.youtube.com\/watch?v=4L52RHXsTzY\" target=\"_blank\" rel=\"noreferrer noopener\">rese\u00f1a aqu\u00ed<\/a>) en el Santuario de la Salud y la Paz en Belo Horizonte y en julio del mismo a\u00f1o fue designado para la comunidad de Patroc\u00ednio-MG.<\/p>\n\n\n\n<p><\/p>","protected":false},"excerpt":{"rendered":"<p>A Congrega\u00e7\u00e3o dos Sagrados Cora\u00e7\u00f5es e a Par\u00f3quia Nossa Senhora da Concei\u00e7\u00e3o da cidade de Bela Cruz, no Cear\u00e1 est\u00e1 em festa, no pr\u00f3ximo s\u00e1bado, dia 21 de maio, o Di\u00e1cono Francisco Gleison Oliveira, ss.cc., ser\u00e1 ordenado presb\u00edtero. A cerim\u00f4nia ser\u00e1 presidida por Dom Jos\u00e9 Luiz Gomes de Vasconcelos, bispo da Diocese de Sobral-CE, na qual pertence a par\u00f3quia local, e est\u00e1 marcada para as 18h, na igreja matriz da cidade. A Santa Missa poder\u00e1 ser acompanhada pelas redes sociais da par\u00f3quia de Bela Cruz, de Patroc\u00ednio-MG (onde atualmente Gleison faz seu trabalho mission\u00e1rio) e pelo Canal Padre Eust\u00e1quio. CLIQUE [&hellip;]<\/p>\n","protected":false},"author":2,"featured_media":8671,"comment_status":"open","ping_status":"closed","sticky":false,"template":"","format":"standard","meta":{"_acf_changed":false,"footnotes":""},"categories":[611],"tags":[],"class_list":["post-8670","post","type-post","status-publish","format-standard","has-post-thumbnail","hentry","category-noticias"],"acf":[],"yoast_head":"<!-- This site is optimized with the Yoast SEO plugin v27.2 - https:\/\/yoast.com\/product\/yoast-seo-wordpress\/ -->\n<title>Di\u00e1cono Gleison Oliveira, ss.cc ser\u00e1 ordenado padre no pr\u00f3ximo s\u00e1bado<\/title>\n<meta name=\"description\" content=\"A Congrega\u00e7\u00e3o dos Sagrados Cora\u00e7\u00f5es e a Par\u00f3quia Nossa Senhora da Concei\u00e7\u00e3o da cidade de Bela Cruz, no Cear\u00e1 est\u00e1 em festa, no pr\u00f3ximo s\u00e1bado, dia 21 de maio, o Di\u00e1cono Francisco Gleison Oliveira, ss.cc., ser\u00e1 ordenado presb\u00edtero. A cerim\u00f4nia ser\u00e1 presidida por Dom Jos\u00e9 Luiz Gomes de Vasconcelos, bispo da Diocese de Sobral-CE, na qual pertence a par\u00f3quia local, e est\u00e1 marcada para as 18h, na igreja matriz da cidade.\" \/>\n<meta name=\"robots\" content=\"index, follow, max-snippet:-1, max-image-preview:large, max-video-preview:-1\" \/>\n<link rel=\"canonical\" href=\"https:\/\/www.padreeustaquio.com.br\/es\/el-diacono-gleison-oliveira-ss-cc-sera-ordenado-sacerdote-el-proximo-sabado\/\" \/>\n<meta property=\"og:locale\" content=\"es_ES\" \/>\n<meta property=\"og:type\" content=\"article\" \/>\n<meta property=\"og:title\" content=\"Di\u00e1cono Gleison Oliveira, ss.cc ser\u00e1 ordenado padre no pr\u00f3ximo s\u00e1bado\" \/>\n<meta property=\"og:description\" content=\"A Congrega\u00e7\u00e3o dos Sagrados Cora\u00e7\u00f5es e a Par\u00f3quia Nossa Senhora da Concei\u00e7\u00e3o da cidade de Bela Cruz, no Cear\u00e1 est\u00e1 em festa, no pr\u00f3ximo s\u00e1bado, dia 21 de maio, o Di\u00e1cono Francisco Gleison Oliveira, ss.cc., ser\u00e1 ordenado presb\u00edtero. A cerim\u00f4nia ser\u00e1 presidida por Dom Jos\u00e9 Luiz Gomes de Vasconcelos, bispo da Diocese de Sobral-CE, na qual pertence a par\u00f3quia local, e est\u00e1 marcada para as 18h, na igreja matriz da cidade.\" \/>\n<meta property=\"og:url\" content=\"https:\/\/www.padreeustaquio.com.br\/es\/el-diacono-gleison-oliveira-ss-cc-sera-ordenado-sacerdote-el-proximo-sabado\/\" \/>\n<meta property=\"og:site_name\" content=\"Padre Eust\u00e1quio\" \/>\n<meta property=\"article:publisher\" content=\"https:\/\/www.facebook.com\/beatopadreeustaquio\/\" \/>\n<meta property=\"article:published_time\" content=\"2022-05-19T08:39:00+00:00\" \/>\n<meta property=\"og:image\" content=\"https:\/\/www.padreeustaquio.com.br\/wp-content\/uploads\/2022\/05\/diac-gleison.jpg\" \/>\n\t<meta property=\"og:image:width\" content=\"748\" \/>\n\t<meta property=\"og:image:height\" content=\"394\" \/>\n\t<meta property=\"og:image:type\" content=\"image\/jpeg\" \/>\n<meta name=\"author\" content=\"@sscc\" \/>\n<meta name=\"twitter:card\" content=\"summary_large_image\" \/>\n<meta name=\"twitter:creator\" content=\"@beatopeustaquio\" \/>\n<meta name=\"twitter:site\" content=\"@beatopeustaquio\" \/>\n<meta name=\"twitter:label1\" content=\"Escrito por\" \/>\n\t<meta name=\"twitter:data1\" content=\"@sscc\" \/>\n\t<meta name=\"twitter:label2\" content=\"Tiempo de lectura\" \/>\n\t<meta name=\"twitter:data2\" content=\"2 minutos\" \/>\n<script type=\"application\/ld+json\" class=\"yoast-schema-graph\">{\"@context\":\"https:\/\/schema.org\",\"@graph\":[{\"@type\":\"Article\",\"@id\":\"https:\/\/www.padreeustaquio.com.br\/diacono-gleison-oliveira-ss-cc-sera-ordenado-padre-no-proximo-sabado\/#article\",\"isPartOf\":{\"@id\":\"https:\/\/www.padreeustaquio.com.br\/diacono-gleison-oliveira-ss-cc-sera-ordenado-padre-no-proximo-sabado\/\"},\"author\":{\"name\":\"@sscc\",\"@id\":\"https:\/\/www.padreeustaquio.com.br\/#\/schema\/person\/a2a51db1d00f1a7af0204a0f1ddb1566\"},\"headline\":\"Di\u00e1cono Gleison Oliveira, ss.cc ser\u00e1 ordenado padre no pr\u00f3ximo s\u00e1bado\",\"datePublished\":\"2022-05-19T08:39:00+00:00\",\"mainEntityOfPage\":{\"@id\":\"https:\/\/www.padreeustaquio.com.br\/diacono-gleison-oliveira-ss-cc-sera-ordenado-padre-no-proximo-sabado\/\"},\"wordCount\":279,\"commentCount\":0,\"publisher\":{\"@id\":\"https:\/\/www.padreeustaquio.com.br\/#organization\"},\"image\":{\"@id\":\"https:\/\/www.padreeustaquio.com.br\/diacono-gleison-oliveira-ss-cc-sera-ordenado-padre-no-proximo-sabado\/#primaryimage\"},\"thumbnailUrl\":\"https:\/\/www.padreeustaquio.com.br\/wp-content\/uploads\/2022\/05\/diac-gleison.jpg\",\"articleSection\":[\"Not\u00edcias\"],\"inLanguage\":\"es\",\"potentialAction\":[{\"@type\":\"CommentAction\",\"name\":\"Comment\",\"target\":[\"https:\/\/www.padreeustaquio.com.br\/diacono-gleison-oliveira-ss-cc-sera-ordenado-padre-no-proximo-sabado\/#respond\"]}]},{\"@type\":\"WebPage\",\"@id\":\"https:\/\/www.padreeustaquio.com.br\/diacono-gleison-oliveira-ss-cc-sera-ordenado-padre-no-proximo-sabado\/\",\"url\":\"https:\/\/www.padreeustaquio.com.br\/diacono-gleison-oliveira-ss-cc-sera-ordenado-padre-no-proximo-sabado\/\",\"name\":\"Di\u00e1cono Gleison Oliveira, ss.cc ser\u00e1 ordenado padre no pr\u00f3ximo s\u00e1bado\",\"isPartOf\":{\"@id\":\"https:\/\/www.padreeustaquio.com.br\/#website\"},\"primaryImageOfPage\":{\"@id\":\"https:\/\/www.padreeustaquio.com.br\/diacono-gleison-oliveira-ss-cc-sera-ordenado-padre-no-proximo-sabado\/#primaryimage\"},\"image\":{\"@id\":\"https:\/\/www.padreeustaquio.com.br\/diacono-gleison-oliveira-ss-cc-sera-ordenado-padre-no-proximo-sabado\/#primaryimage\"},\"thumbnailUrl\":\"https:\/\/www.padreeustaquio.com.br\/wp-content\/uploads\/2022\/05\/diac-gleison.jpg\",\"datePublished\":\"2022-05-19T08:39:00+00:00\",\"description\":\"A Congrega\u00e7\u00e3o dos Sagrados Cora\u00e7\u00f5es e a Par\u00f3quia Nossa Senhora da Concei\u00e7\u00e3o da cidade de Bela Cruz, no Cear\u00e1 est\u00e1 em festa, no pr\u00f3ximo s\u00e1bado, dia 21 de maio, o Di\u00e1cono Francisco Gleison Oliveira, ss.cc., ser\u00e1 ordenado presb\u00edtero. A cerim\u00f4nia ser\u00e1 presidida por Dom Jos\u00e9 Luiz Gomes de Vasconcelos, bispo da Diocese de Sobral-CE, na qual pertence a par\u00f3quia local, e est\u00e1 marcada para as 18h, na igreja matriz da cidade.\",\"breadcrumb\":{\"@id\":\"https:\/\/www.padreeustaquio.com.br\/diacono-gleison-oliveira-ss-cc-sera-ordenado-padre-no-proximo-sabado\/#breadcrumb\"},\"inLanguage\":\"es\",\"potentialAction\":[{\"@type\":\"ReadAction\",\"target\":[\"https:\/\/www.padreeustaquio.com.br\/diacono-gleison-oliveira-ss-cc-sera-ordenado-padre-no-proximo-sabado\/\"]}]},{\"@type\":\"ImageObject\",\"inLanguage\":\"es\",\"@id\":\"https:\/\/www.padreeustaquio.com.br\/diacono-gleison-oliveira-ss-cc-sera-ordenado-padre-no-proximo-sabado\/#primaryimage\",\"url\":\"https:\/\/www.padreeustaquio.com.br\/wp-content\/uploads\/2022\/05\/diac-gleison.jpg\",\"contentUrl\":\"https:\/\/www.padreeustaquio.com.br\/wp-content\/uploads\/2022\/05\/diac-gleison.jpg\",\"width\":748,\"height\":394},{\"@type\":\"BreadcrumbList\",\"@id\":\"https:\/\/www.padreeustaquio.com.br\/diacono-gleison-oliveira-ss-cc-sera-ordenado-padre-no-proximo-sabado\/#breadcrumb\",\"itemListElement\":[{\"@type\":\"ListItem\",\"position\":1,\"name\":\"In\u00edcio\",\"item\":\"https:\/\/www.padreeustaquio.com.br\/\"},{\"@type\":\"ListItem\",\"position\":2,\"name\":\"Di\u00e1cono Gleison Oliveira, ss.cc ser\u00e1 ordenado padre no pr\u00f3ximo s\u00e1bado\"}]},{\"@type\":\"WebSite\",\"@id\":\"https:\/\/www.padreeustaquio.com.br\/#website\",\"url\":\"https:\/\/www.padreeustaquio.com.br\/\",\"name\":\"Padre Eust\u00e1quio\",\"description\":\"Sa\u00fade e Paz\",\"publisher\":{\"@id\":\"https:\/\/www.padreeustaquio.com.br\/#organization\"},\"potentialAction\":[{\"@type\":\"SearchAction\",\"target\":{\"@type\":\"EntryPoint\",\"urlTemplate\":\"https:\/\/www.padreeustaquio.com.br\/?s={search_term_string}\"},\"query-input\":{\"@type\":\"PropertyValueSpecification\",\"valueRequired\":true,\"valueName\":\"search_term_string\"}}],\"inLanguage\":\"es\"},{\"@type\":\"Organization\",\"@id\":\"https:\/\/www.padreeustaquio.com.br\/#organization\",\"name\":\"Padre Eust\u00e1quio\",\"url\":\"https:\/\/www.padreeustaquio.com.br\/\",\"logo\":{\"@type\":\"ImageObject\",\"inLanguage\":\"es\",\"@id\":\"https:\/\/www.padreeustaquio.com.br\/#\/schema\/logo\/image\/\",\"url\":\"https:\/\/www.padreeustaquio.com.br\/wp-content\/uploads\/2019\/08\/marca.png\",\"contentUrl\":\"https:\/\/www.padreeustaquio.com.br\/wp-content\/uploads\/2019\/08\/marca.png\",\"width\":350,\"height\":400,\"caption\":\"Padre Eust\u00e1quio\"},\"image\":{\"@id\":\"https:\/\/www.padreeustaquio.com.br\/#\/schema\/logo\/image\/\"},\"sameAs\":[\"https:\/\/www.facebook.com\/beatopadreeustaquio\/\",\"https:\/\/x.com\/beatopeustaquio\",\"https:\/\/www.instagram.com\/beatopadreeustaquio\/\",\"https:\/\/www.youtube.com\/channel\/UCRhw7vfabnajwLxb1ZXMeIw\"]},{\"@type\":\"Person\",\"@id\":\"https:\/\/www.padreeustaquio.com.br\/#\/schema\/person\/a2a51db1d00f1a7af0204a0f1ddb1566\",\"name\":\"@sscc\",\"image\":{\"@type\":\"ImageObject\",\"inLanguage\":\"es\",\"@id\":\"https:\/\/secure.gravatar.com\/avatar\/68cfafa5f44617fea54071e215026e0ff06be366c3d54a8425f04fdcb86f8c5f?s=96&d=mm&r=g\",\"url\":\"https:\/\/secure.gravatar.com\/avatar\/68cfafa5f44617fea54071e215026e0ff06be366c3d54a8425f04fdcb86f8c5f?s=96&d=mm&r=g\",\"contentUrl\":\"https:\/\/secure.gravatar.com\/avatar\/68cfafa5f44617fea54071e215026e0ff06be366c3d54a8425f04fdcb86f8c5f?s=96&d=mm&r=g\",\"caption\":\"@sscc\"},\"url\":\"https:\/\/www.padreeustaquio.com.br\/es\/author\/sscc\/\"}]}<\/script>\n<!-- \/ Yoast SEO plugin. -->","yoast_head_json":{"title":"El di\u00e1cono Gleison Oliveira, ss.cc ser\u00e1 ordenado sacerdote el pr\u00f3ximo s\u00e1bado.","description":"La Congregaci\u00f3n de los Sagrados Corazones y la Parroquia de Nuestra Se\u00f1ora de la Concepci\u00f3n, en Bela Cruz, Cear\u00e1, celebran la ordenaci\u00f3n sacerdotal del di\u00e1cono Francisco Gleison Oliveira, ss.cc., el pr\u00f3ximo s\u00e1bado 21 de mayo. La ceremonia ser\u00e1 presidida por Dom Jos\u00e9 Luiz Gomes de Vasconcelos, obispo de la Di\u00f3cesis de Sobral-CE, a la que pertenece la parroquia local, y est\u00e1 programada para las 18:00 h en la iglesia principal de la ciudad.","robots":{"index":"index","follow":"follow","max-snippet":"max-snippet:-1","max-image-preview":"max-image-preview:large","max-video-preview":"max-video-preview:-1"},"canonical":"https:\/\/www.padreeustaquio.com.br\/es\/el-diacono-gleison-oliveira-ss-cc-sera-ordenado-sacerdote-el-proximo-sabado\/","og_locale":"es_ES","og_type":"article","og_title":"Di\u00e1cono Gleison Oliveira, ss.cc ser\u00e1 ordenado padre no pr\u00f3ximo s\u00e1bado","og_description":"A Congrega\u00e7\u00e3o dos Sagrados Cora\u00e7\u00f5es e a Par\u00f3quia Nossa Senhora da Concei\u00e7\u00e3o da cidade de Bela Cruz, no Cear\u00e1 est\u00e1 em festa, no pr\u00f3ximo s\u00e1bado, dia 21 de maio, o Di\u00e1cono Francisco Gleison Oliveira, ss.cc., ser\u00e1 ordenado presb\u00edtero. A cerim\u00f4nia ser\u00e1 presidida por Dom Jos\u00e9 Luiz Gomes de Vasconcelos, bispo da Diocese de Sobral-CE, na qual pertence a par\u00f3quia local, e est\u00e1 marcada para as 18h, na igreja matriz da cidade.","og_url":"https:\/\/www.padreeustaquio.com.br\/es\/el-diacono-gleison-oliveira-ss-cc-sera-ordenado-sacerdote-el-proximo-sabado\/","og_site_name":"Padre Eust\u00e1quio","article_publisher":"https:\/\/www.facebook.com\/beatopadreeustaquio\/","article_published_time":"2022-05-19T08:39:00+00:00","og_image":[{"width":748,"height":394,"url":"https:\/\/www.padreeustaquio.com.br\/wp-content\/uploads\/2022\/05\/diac-gleison.jpg","type":"image\/jpeg"}],"author":"@sscc","twitter_card":"summary_large_image","twitter_creator":"@beatopeustaquio","twitter_site":"@beatopeustaquio","twitter_misc":{"Escrito por":"@sscc","Tiempo de lectura":"2 minutos"},"schema":{"@context":"https:\/\/schema.org","@graph":[{"@type":"Article","@id":"https:\/\/www.padreeustaquio.com.br\/diacono-gleison-oliveira-ss-cc-sera-ordenado-padre-no-proximo-sabado\/#article","isPartOf":{"@id":"https:\/\/www.padreeustaquio.com.br\/diacono-gleison-oliveira-ss-cc-sera-ordenado-padre-no-proximo-sabado\/"},"author":{"name":"@sscc","@id":"https:\/\/www.padreeustaquio.com.br\/#\/schema\/person\/a2a51db1d00f1a7af0204a0f1ddb1566"},"headline":"Di\u00e1cono Gleison Oliveira, ss.cc ser\u00e1 ordenado padre no pr\u00f3ximo s\u00e1bado","datePublished":"2022-05-19T08:39:00+00:00","mainEntityOfPage":{"@id":"https:\/\/www.padreeustaquio.com.br\/diacono-gleison-oliveira-ss-cc-sera-ordenado-padre-no-proximo-sabado\/"},"wordCount":279,"commentCount":0,"publisher":{"@id":"https:\/\/www.padreeustaquio.com.br\/#organization"},"image":{"@id":"https:\/\/www.padreeustaquio.com.br\/diacono-gleison-oliveira-ss-cc-sera-ordenado-padre-no-proximo-sabado\/#primaryimage"},"thumbnailUrl":"https:\/\/www.padreeustaquio.com.br\/wp-content\/uploads\/2022\/05\/diac-gleison.jpg","articleSection":["Not\u00edcias"],"inLanguage":"es","potentialAction":[{"@type":"CommentAction","name":"Comment","target":["https:\/\/www.padreeustaquio.com.br\/diacono-gleison-oliveira-ss-cc-sera-ordenado-padre-no-proximo-sabado\/#respond"]}]},{"@type":"WebPage","@id":"https:\/\/www.padreeustaquio.com.br\/diacono-gleison-oliveira-ss-cc-sera-ordenado-padre-no-proximo-sabado\/","url":"https:\/\/www.padreeustaquio.com.br\/diacono-gleison-oliveira-ss-cc-sera-ordenado-padre-no-proximo-sabado\/","name":"El di\u00e1cono Gleison Oliveira, ss.cc ser\u00e1 ordenado sacerdote el pr\u00f3ximo s\u00e1bado.","isPartOf":{"@id":"https:\/\/www.padreeustaquio.com.br\/#website"},"primaryImageOfPage":{"@id":"https:\/\/www.padreeustaquio.com.br\/diacono-gleison-oliveira-ss-cc-sera-ordenado-padre-no-proximo-sabado\/#primaryimage"},"image":{"@id":"https:\/\/www.padreeustaquio.com.br\/diacono-gleison-oliveira-ss-cc-sera-ordenado-padre-no-proximo-sabado\/#primaryimage"},"thumbnailUrl":"https:\/\/www.padreeustaquio.com.br\/wp-content\/uploads\/2022\/05\/diac-gleison.jpg","datePublished":"2022-05-19T08:39:00+00:00","description":"La Congregaci\u00f3n de los Sagrados Corazones y la Parroquia de Nuestra Se\u00f1ora de la Concepci\u00f3n, en Bela Cruz, Cear\u00e1, celebran la ordenaci\u00f3n sacerdotal del di\u00e1cono Francisco Gleison Oliveira, ss.cc., el pr\u00f3ximo s\u00e1bado 21 de mayo. La ceremonia ser\u00e1 presidida por Dom Jos\u00e9 Luiz Gomes de Vasconcelos, obispo de la Di\u00f3cesis de Sobral-CE, a la que pertenece la parroquia local, y est\u00e1 programada para las 18:00 h en la iglesia principal de la ciudad.","breadcrumb":{"@id":"https:\/\/www.padreeustaquio.com.br\/diacono-gleison-oliveira-ss-cc-sera-ordenado-padre-no-proximo-sabado\/#breadcrumb"},"inLanguage":"es","potentialAction":[{"@type":"ReadAction","target":["https:\/\/www.padreeustaquio.com.br\/diacono-gleison-oliveira-ss-cc-sera-ordenado-padre-no-proximo-sabado\/"]}]},{"@type":"ImageObject","inLanguage":"es","@id":"https:\/\/www.padreeustaquio.com.br\/diacono-gleison-oliveira-ss-cc-sera-ordenado-padre-no-proximo-sabado\/#primaryimage","url":"https:\/\/www.padreeustaquio.com.br\/wp-content\/uploads\/2022\/05\/diac-gleison.jpg","contentUrl":"https:\/\/www.padreeustaquio.com.br\/wp-content\/uploads\/2022\/05\/diac-gleison.jpg","width":748,"height":394},{"@type":"BreadcrumbList","@id":"https:\/\/www.padreeustaquio.com.br\/diacono-gleison-oliveira-ss-cc-sera-ordenado-padre-no-proximo-sabado\/#breadcrumb","itemListElement":[{"@type":"ListItem","position":1,"name":"In\u00edcio","item":"https:\/\/www.padreeustaquio.com.br\/"},{"@type":"ListItem","position":2,"name":"Di\u00e1cono Gleison Oliveira, ss.cc ser\u00e1 ordenado padre no pr\u00f3ximo s\u00e1bado"}]},{"@type":"WebSite","@id":"https:\/\/www.padreeustaquio.com.br\/#website","url":"https:\/\/www.padreeustaquio.com.br\/","name":"Padre Eustace","description":"Salud y Paz","publisher":{"@id":"https:\/\/www.padreeustaquio.com.br\/#organization"},"potentialAction":[{"@type":"SearchAction","target":{"@type":"EntryPoint","urlTemplate":"https:\/\/www.padreeustaquio.com.br\/?s={search_term_string}"},"query-input":{"@type":"PropertyValueSpecification","valueRequired":true,"valueName":"search_term_string"}}],"inLanguage":"es"},{"@type":"Organization","@id":"https:\/\/www.padreeustaquio.com.br\/#organization","name":"Padre Eustace","url":"https:\/\/www.padreeustaquio.com.br\/","logo":{"@type":"ImageObject","inLanguage":"es","@id":"https:\/\/www.padreeustaquio.com.br\/#\/schema\/logo\/image\/","url":"https:\/\/www.padreeustaquio.com.br\/wp-content\/uploads\/2019\/08\/marca.png","contentUrl":"https:\/\/www.padreeustaquio.com.br\/wp-content\/uploads\/2019\/08\/marca.png","width":350,"height":400,"caption":"Padre Eust\u00e1quio"},"image":{"@id":"https:\/\/www.padreeustaquio.com.br\/#\/schema\/logo\/image\/"},"sameAs":["https:\/\/www.facebook.com\/beatopadreeustaquio\/","https:\/\/x.com\/beatopeustaquio","https:\/\/www.instagram.com\/beatopadreeustaquio\/","https:\/\/www.youtube.com\/channel\/UCRhw7vfabnajwLxb1ZXMeIw"]},{"@type":"Person","@id":"https:\/\/www.padreeustaquio.com.br\/#\/schema\/person\/a2a51db1d00f1a7af0204a0f1ddb1566","name":"@sscc","image":{"@type":"ImageObject","inLanguage":"es","@id":"https:\/\/secure.gravatar.com\/avatar\/68cfafa5f44617fea54071e215026e0ff06be366c3d54a8425f04fdcb86f8c5f?s=96&d=mm&r=g","url":"https:\/\/secure.gravatar.com\/avatar\/68cfafa5f44617fea54071e215026e0ff06be366c3d54a8425f04fdcb86f8c5f?s=96&d=mm&r=g","contentUrl":"https:\/\/secure.gravatar.com\/avatar\/68cfafa5f44617fea54071e215026e0ff06be366c3d54a8425f04fdcb86f8c5f?s=96&d=mm&r=g","caption":"@sscc"},"url":"https:\/\/www.padreeustaquio.com.br\/es\/author\/sscc\/"}]}},"_links":{"self":[{"href":"https:\/\/www.padreeustaquio.com.br\/es\/wp-json\/wp\/v2\/posts\/8670","targetHints":{"allow":["GET"]}}],"collection":[{"href":"https:\/\/www.padreeustaquio.com.br\/es\/wp-json\/wp\/v2\/posts"}],"about":[{"href":"https:\/\/www.padreeustaquio.com.br\/es\/wp-json\/wp\/v2\/types\/post"}],"author":[{"embeddable":true,"href":"https:\/\/www.padreeustaquio.com.br\/es\/wp-json\/wp\/v2\/users\/2"}],"replies":[{"embeddable":true,"href":"https:\/\/www.padreeustaquio.com.br\/es\/wp-json\/wp\/v2\/comments?post=8670"}],"version-history":[{"count":0,"href":"https:\/\/www.padreeustaquio.com.br\/es\/wp-json\/wp\/v2\/posts\/8670\/revisions"}],"wp:featuredmedia":[{"embeddable":true,"href":"https:\/\/www.padreeustaquio.com.br\/es\/wp-json\/wp\/v2\/media\/8671"}],"wp:attachment":[{"href":"https:\/\/www.padreeustaquio.com.br\/es\/wp-json\/wp\/v2\/media?parent=8670"}],"wp:term":[{"taxonomy":"category","embeddable":true,"href":"https:\/\/www.padreeustaquio.com.br\/es\/wp-json\/wp\/v2\/categories?post=8670"},{"taxonomy":"post_tag","embeddable":true,"href":"https:\/\/www.padreeustaquio.com.br\/es\/wp-json\/wp\/v2\/tags?post=8670"}],"curies":[{"name":"wp","href":"https:\/\/api.w.org\/{rel}","templated":true}]}}