{"id":8654,"date":"2022-05-17T10:31:29","date_gmt":"2022-05-17T13:31:29","guid":{"rendered":"https:\/\/www.padreeustaquio.com.br\/?p=8654"},"modified":"2022-05-17T10:51:32","modified_gmt":"2022-05-17T13:51:32","slug":"candidato-a-vicepresidente-participa-en-la-inauguracion-del-23-encuentro-nacional-de-personas-mayores","status":"publish","type":"post","link":"https:\/\/www.padreeustaquio.com.br\/es\/candidato-a-vicepresidente-participa-en-la-inauguracion-del-23-encuentro-nacional-de-personas-mayores\/","title":{"rendered":"Vicepostulador participa en la apertura del 23\u00ba Encuentro Nacional del Adulto Mayor."},"content":{"rendered":"<p>El 23.\u00ba Encuentro Nacional de Adultos Mayores, &quot;Dedo de Prosa&quot;, comenz\u00f3 anoche, 16 de mayo, en la ciudad de Po\u00e7os de Caldas, Minas Gerais. El evento, que se realiza dos veces al a\u00f1o, re\u00fane esta semana a casi mil adultos mayores para disfrutar de momentos de cultura, religi\u00f3n y ocio.<\/p>\n\n\n\n<p>El lunes por la noche, el presentador y creador del programa, Ju\u00e1rez Elisi\u00e1rio, inaugur\u00f3 la reuni\u00f3n en el Centro de Convenciones CENACCON de Po\u00e7os de Caldas. Durante la presentaci\u00f3n, el Padre Vin\u00edcius Maciel, ss.cc., entr\u00f3 al teatro con una imagen de Nuestra Se\u00f1ora de Aparecida. El momento de fe conmovi\u00f3 a los participantes, quienes oraron y pidieron a Dios por la reuni\u00f3n y por sus familias.<\/p>\n\n\n\n<p>El Padre Vin\u00edcius, responsable de la Causa de Canonizaci\u00f3n del Padre Eust\u00e1quio (vicepostulador), es el director espiritual del evento, estando presente durante toda la semana y celebrando la Santa Misa de clausura. El sacerdote, que tambi\u00e9n es presidente de la Acci\u00f3n Social Padre Eust\u00e1quio, mantiene un stand con material devocional, art\u00edculos religiosos relacionados con el Padre Eust\u00e1quio y otros productos que se venden, y lo recaudado se destina a obras sociales y a la Causa de Canonizaci\u00f3n.<\/p>\n\n\n\n<p>Inmediatamente despu\u00e9s de la inauguraci\u00f3n, los participantes disfrutaron de un espect\u00e1culo de \u00c2ngelo M\u00e1ximo y de la fiesta de baile tem\u00e1tica \u201cRegreso al Jovem Guarda\u201d con Henrique Jotta y Liana.<\/p>\n\n\n\n<p>La reuni\u00f3n se extender\u00e1 hasta el pr\u00f3ximo jueves, d\u00eda en que se espera que Ju\u00e1rez anuncie la sede donde se realizar\u00e1 el pr\u00f3ximo &quot;Dedo de Prosa&quot;, probablemente en noviembre de este a\u00f1o.<\/p>\n\n\n\n<p><strong>Un dedo de prosa<\/strong><\/p>\n\n\n\n<p>El &quot;Encontro Dedo de Prosa&quot; (Encuentro de una Peque\u00f1a Charla) surgi\u00f3 del &quot;Programa Dedo de Prosa&quot; de TV Horizonte y es el primer programa de televisi\u00f3n brasile\u00f1o dirigido a personas mayores. Conducido por Juarez Elisi\u00e1rio, es una excelente opci\u00f3n de entretenimiento y un espacio para debatir sobre el envejecimiento activo en la poblaci\u00f3n. <\/p>\n\n\n\n<p><\/p>","protected":false},"excerpt":{"rendered":"<p>Teve in\u00edcio, na noite de ontem dia 16 de maio, na cidade de Po\u00e7os de Caldas-MG, o 23\u00ba Encontro Nacional Dedo de Prosa da Melhor Idade. O evento, que acontece duas vezes por ano, re\u00fane esta semana quase mil idosos para momentos de cultura, religiosidade e lazer. Na noite dessa segunda-feira, o apresentador e idealizador do programa, Juarez Elisi\u00e1rio, comandou a abertura do encontro realizado no Centro de Conven\u00e7\u00f5es CENACCON em Po\u00e7os de Caldas. Durante a apresenta\u00e7\u00e3o, Padre Vin\u00edcius Maciel, ss.cc, entrou no teatro com a imagem de Nossa Senhora Aparecida. O momento de f\u00e9 emocionou os participantes que rezaram [&hellip;]<\/p>\n","protected":false},"author":2,"featured_media":8655,"comment_status":"open","ping_status":"closed","sticky":false,"template":"","format":"standard","meta":{"_acf_changed":false,"footnotes":""},"categories":[611],"tags":[],"class_list":["post-8654","post","type-post","status-publish","format-standard","has-post-thumbnail","hentry","category-noticias"],"acf":[],"yoast_head":"<!-- This site is optimized with the Yoast SEO plugin v27.2 - https:\/\/yoast.com\/product\/yoast-seo-wordpress\/ -->\n<title>Vice-postulador participa da abertura do 23\u00ba Encontro Nacional da 3\u00aa idade<\/title>\n<meta name=\"description\" content=\"Teve in\u00edcio, na noite de ontem dia 16 de maio, na cidade de Po\u00e7os de Caldas-MG, o 23\u00ba Encontro Nacional Dedo de Prosa da Melhor Idade. O evento, que acontece duas vezes por ano, re\u00fane esta semana quase mil idosos para momentos de cultura, religiosidade e lazer.\" \/>\n<meta name=\"robots\" content=\"index, follow, max-snippet:-1, max-image-preview:large, max-video-preview:-1\" \/>\n<link rel=\"canonical\" href=\"https:\/\/www.padreeustaquio.com.br\/es\/candidato-a-vicepresidente-participa-en-la-inauguracion-del-23-encuentro-nacional-de-personas-mayores\/\" \/>\n<meta property=\"og:locale\" content=\"es_ES\" \/>\n<meta property=\"og:type\" content=\"article\" \/>\n<meta property=\"og:title\" content=\"Vice-postulador participa da abertura do 23\u00ba Encontro Nacional da 3\u00aa idade\" \/>\n<meta property=\"og:description\" content=\"Teve in\u00edcio, na noite de ontem dia 16 de maio, na cidade de Po\u00e7os de Caldas-MG, o 23\u00ba Encontro Nacional Dedo de Prosa da Melhor Idade. O evento, que acontece duas vezes por ano, re\u00fane esta semana quase mil idosos para momentos de cultura, religiosidade e lazer.\" \/>\n<meta property=\"og:url\" content=\"https:\/\/www.padreeustaquio.com.br\/es\/candidato-a-vicepresidente-participa-en-la-inauguracion-del-23-encuentro-nacional-de-personas-mayores\/\" \/>\n<meta property=\"og:site_name\" content=\"Padre Eust\u00e1quio\" \/>\n<meta property=\"article:publisher\" content=\"https:\/\/www.facebook.com\/beatopadreeustaquio\/\" \/>\n<meta property=\"article:published_time\" content=\"2022-05-17T13:31:29+00:00\" \/>\n<meta property=\"article:modified_time\" content=\"2022-05-17T13:51:32+00:00\" \/>\n<meta property=\"og:image\" content=\"https:\/\/www.padreeustaquio.com.br\/wp-content\/uploads\/2022\/05\/dedo-de-prosa-e1652794529950.jpg\" \/>\n\t<meta property=\"og:image:width\" content=\"828\" \/>\n\t<meta property=\"og:image:height\" content=\"503\" \/>\n\t<meta property=\"og:image:type\" content=\"image\/jpeg\" \/>\n<meta name=\"author\" content=\"@sscc\" \/>\n<meta name=\"twitter:card\" content=\"summary_large_image\" \/>\n<meta name=\"twitter:creator\" content=\"@beatopeustaquio\" \/>\n<meta name=\"twitter:site\" content=\"@beatopeustaquio\" \/>\n<meta name=\"twitter:label1\" content=\"Escrito por\" \/>\n\t<meta name=\"twitter:data1\" content=\"@sscc\" \/>\n\t<meta name=\"twitter:label2\" content=\"Tiempo de lectura\" \/>\n\t<meta name=\"twitter:data2\" content=\"2 minutos\" \/>\n<script type=\"application\/ld+json\" class=\"yoast-schema-graph\">{\"@context\":\"https:\/\/schema.org\",\"@graph\":[{\"@type\":\"Article\",\"@id\":\"https:\/\/www.padreeustaquio.com.br\/vice-postulador-participa-da-abertura-do-23o-encontro-nacional-da-3a-idade\/#article\",\"isPartOf\":{\"@id\":\"https:\/\/www.padreeustaquio.com.br\/vice-postulador-participa-da-abertura-do-23o-encontro-nacional-da-3a-idade\/\"},\"author\":{\"name\":\"@sscc\",\"@id\":\"https:\/\/www.padreeustaquio.com.br\/#\/schema\/person\/a2a51db1d00f1a7af0204a0f1ddb1566\"},\"headline\":\"Vice-postulador participa da abertura do 23\u00ba Encontro Nacional da 3\u00aa idade\",\"datePublished\":\"2022-05-17T13:31:29+00:00\",\"dateModified\":\"2022-05-17T13:51:32+00:00\",\"mainEntityOfPage\":{\"@id\":\"https:\/\/www.padreeustaquio.com.br\/vice-postulador-participa-da-abertura-do-23o-encontro-nacional-da-3a-idade\/\"},\"wordCount\":330,\"commentCount\":0,\"publisher\":{\"@id\":\"https:\/\/www.padreeustaquio.com.br\/#organization\"},\"image\":{\"@id\":\"https:\/\/www.padreeustaquio.com.br\/vice-postulador-participa-da-abertura-do-23o-encontro-nacional-da-3a-idade\/#primaryimage\"},\"thumbnailUrl\":\"https:\/\/www.padreeustaquio.com.br\/wp-content\/uploads\/2022\/05\/dedo-de-prosa-e1652794529950.jpg\",\"articleSection\":[\"Not\u00edcias\"],\"inLanguage\":\"es\",\"potentialAction\":[{\"@type\":\"CommentAction\",\"name\":\"Comment\",\"target\":[\"https:\/\/www.padreeustaquio.com.br\/vice-postulador-participa-da-abertura-do-23o-encontro-nacional-da-3a-idade\/#respond\"]}]},{\"@type\":\"WebPage\",\"@id\":\"https:\/\/www.padreeustaquio.com.br\/vice-postulador-participa-da-abertura-do-23o-encontro-nacional-da-3a-idade\/\",\"url\":\"https:\/\/www.padreeustaquio.com.br\/vice-postulador-participa-da-abertura-do-23o-encontro-nacional-da-3a-idade\/\",\"name\":\"Vice-postulador participa da abertura do 23\u00ba Encontro Nacional da 3\u00aa idade\",\"isPartOf\":{\"@id\":\"https:\/\/www.padreeustaquio.com.br\/#website\"},\"primaryImageOfPage\":{\"@id\":\"https:\/\/www.padreeustaquio.com.br\/vice-postulador-participa-da-abertura-do-23o-encontro-nacional-da-3a-idade\/#primaryimage\"},\"image\":{\"@id\":\"https:\/\/www.padreeustaquio.com.br\/vice-postulador-participa-da-abertura-do-23o-encontro-nacional-da-3a-idade\/#primaryimage\"},\"thumbnailUrl\":\"https:\/\/www.padreeustaquio.com.br\/wp-content\/uploads\/2022\/05\/dedo-de-prosa-e1652794529950.jpg\",\"datePublished\":\"2022-05-17T13:31:29+00:00\",\"dateModified\":\"2022-05-17T13:51:32+00:00\",\"description\":\"Teve in\u00edcio, na noite de ontem dia 16 de maio, na cidade de Po\u00e7os de Caldas-MG, o 23\u00ba Encontro Nacional Dedo de Prosa da Melhor Idade. O evento, que acontece duas vezes por ano, re\u00fane esta semana quase mil idosos para momentos de cultura, religiosidade e lazer.\",\"breadcrumb\":{\"@id\":\"https:\/\/www.padreeustaquio.com.br\/vice-postulador-participa-da-abertura-do-23o-encontro-nacional-da-3a-idade\/#breadcrumb\"},\"inLanguage\":\"es\",\"potentialAction\":[{\"@type\":\"ReadAction\",\"target\":[\"https:\/\/www.padreeustaquio.com.br\/vice-postulador-participa-da-abertura-do-23o-encontro-nacional-da-3a-idade\/\"]}]},{\"@type\":\"ImageObject\",\"inLanguage\":\"es\",\"@id\":\"https:\/\/www.padreeustaquio.com.br\/vice-postulador-participa-da-abertura-do-23o-encontro-nacional-da-3a-idade\/#primaryimage\",\"url\":\"https:\/\/www.padreeustaquio.com.br\/wp-content\/uploads\/2022\/05\/dedo-de-prosa-e1652794529950.jpg\",\"contentUrl\":\"https:\/\/www.padreeustaquio.com.br\/wp-content\/uploads\/2022\/05\/dedo-de-prosa-e1652794529950.jpg\",\"width\":828,\"height\":503},{\"@type\":\"BreadcrumbList\",\"@id\":\"https:\/\/www.padreeustaquio.com.br\/vice-postulador-participa-da-abertura-do-23o-encontro-nacional-da-3a-idade\/#breadcrumb\",\"itemListElement\":[{\"@type\":\"ListItem\",\"position\":1,\"name\":\"In\u00edcio\",\"item\":\"https:\/\/www.padreeustaquio.com.br\/\"},{\"@type\":\"ListItem\",\"position\":2,\"name\":\"Vice-postulador participa da abertura do 23\u00ba Encontro Nacional da 3\u00aa idade\"}]},{\"@type\":\"WebSite\",\"@id\":\"https:\/\/www.padreeustaquio.com.br\/#website\",\"url\":\"https:\/\/www.padreeustaquio.com.br\/\",\"name\":\"Padre Eust\u00e1quio\",\"description\":\"Sa\u00fade e Paz\",\"publisher\":{\"@id\":\"https:\/\/www.padreeustaquio.com.br\/#organization\"},\"potentialAction\":[{\"@type\":\"SearchAction\",\"target\":{\"@type\":\"EntryPoint\",\"urlTemplate\":\"https:\/\/www.padreeustaquio.com.br\/?s={search_term_string}\"},\"query-input\":{\"@type\":\"PropertyValueSpecification\",\"valueRequired\":true,\"valueName\":\"search_term_string\"}}],\"inLanguage\":\"es\"},{\"@type\":\"Organization\",\"@id\":\"https:\/\/www.padreeustaquio.com.br\/#organization\",\"name\":\"Padre Eust\u00e1quio\",\"url\":\"https:\/\/www.padreeustaquio.com.br\/\",\"logo\":{\"@type\":\"ImageObject\",\"inLanguage\":\"es\",\"@id\":\"https:\/\/www.padreeustaquio.com.br\/#\/schema\/logo\/image\/\",\"url\":\"https:\/\/www.padreeustaquio.com.br\/wp-content\/uploads\/2019\/08\/marca.png\",\"contentUrl\":\"https:\/\/www.padreeustaquio.com.br\/wp-content\/uploads\/2019\/08\/marca.png\",\"width\":350,\"height\":400,\"caption\":\"Padre Eust\u00e1quio\"},\"image\":{\"@id\":\"https:\/\/www.padreeustaquio.com.br\/#\/schema\/logo\/image\/\"},\"sameAs\":[\"https:\/\/www.facebook.com\/beatopadreeustaquio\/\",\"https:\/\/x.com\/beatopeustaquio\",\"https:\/\/www.instagram.com\/beatopadreeustaquio\/\",\"https:\/\/www.youtube.com\/channel\/UCRhw7vfabnajwLxb1ZXMeIw\"]},{\"@type\":\"Person\",\"@id\":\"https:\/\/www.padreeustaquio.com.br\/#\/schema\/person\/a2a51db1d00f1a7af0204a0f1ddb1566\",\"name\":\"@sscc\",\"image\":{\"@type\":\"ImageObject\",\"inLanguage\":\"es\",\"@id\":\"https:\/\/secure.gravatar.com\/avatar\/68cfafa5f44617fea54071e215026e0ff06be366c3d54a8425f04fdcb86f8c5f?s=96&d=mm&r=g\",\"url\":\"https:\/\/secure.gravatar.com\/avatar\/68cfafa5f44617fea54071e215026e0ff06be366c3d54a8425f04fdcb86f8c5f?s=96&d=mm&r=g\",\"contentUrl\":\"https:\/\/secure.gravatar.com\/avatar\/68cfafa5f44617fea54071e215026e0ff06be366c3d54a8425f04fdcb86f8c5f?s=96&d=mm&r=g\",\"caption\":\"@sscc\"},\"url\":\"https:\/\/www.padreeustaquio.com.br\/es\/author\/sscc\/\"}]}<\/script>\n<!-- \/ Yoast SEO plugin. -->","yoast_head_json":{"title":"Vicepostulador participa en la apertura del 23\u00ba Encuentro Nacional del Adulto Mayor.","description":"El 23.\u00ba Encuentro Nacional de Adultos Mayores, &quot;Dedo de Prosa&quot;, comenz\u00f3 anoche, 16 de mayo, en la ciudad de Po\u00e7os de Caldas, Minas Gerais. El evento, que se realiza dos veces al a\u00f1o, re\u00fane esta semana a casi mil adultos mayores para disfrutar de momentos de cultura, religi\u00f3n y ocio.","robots":{"index":"index","follow":"follow","max-snippet":"max-snippet:-1","max-image-preview":"max-image-preview:large","max-video-preview":"max-video-preview:-1"},"canonical":"https:\/\/www.padreeustaquio.com.br\/es\/candidato-a-vicepresidente-participa-en-la-inauguracion-del-23-encuentro-nacional-de-personas-mayores\/","og_locale":"es_ES","og_type":"article","og_title":"Vice-postulador participa da abertura do 23\u00ba Encontro Nacional da 3\u00aa idade","og_description":"Teve in\u00edcio, na noite de ontem dia 16 de maio, na cidade de Po\u00e7os de Caldas-MG, o 23\u00ba Encontro Nacional Dedo de Prosa da Melhor Idade. O evento, que acontece duas vezes por ano, re\u00fane esta semana quase mil idosos para momentos de cultura, religiosidade e lazer.","og_url":"https:\/\/www.padreeustaquio.com.br\/es\/candidato-a-vicepresidente-participa-en-la-inauguracion-del-23-encuentro-nacional-de-personas-mayores\/","og_site_name":"Padre Eust\u00e1quio","article_publisher":"https:\/\/www.facebook.com\/beatopadreeustaquio\/","article_published_time":"2022-05-17T13:31:29+00:00","article_modified_time":"2022-05-17T13:51:32+00:00","og_image":[{"width":828,"height":503,"url":"https:\/\/www.padreeustaquio.com.br\/wp-content\/uploads\/2022\/05\/dedo-de-prosa-e1652794529950.jpg","type":"image\/jpeg"}],"author":"@sscc","twitter_card":"summary_large_image","twitter_creator":"@beatopeustaquio","twitter_site":"@beatopeustaquio","twitter_misc":{"Escrito por":"@sscc","Tiempo de lectura":"2 minutos"},"schema":{"@context":"https:\/\/schema.org","@graph":[{"@type":"Article","@id":"https:\/\/www.padreeustaquio.com.br\/vice-postulador-participa-da-abertura-do-23o-encontro-nacional-da-3a-idade\/#article","isPartOf":{"@id":"https:\/\/www.padreeustaquio.com.br\/vice-postulador-participa-da-abertura-do-23o-encontro-nacional-da-3a-idade\/"},"author":{"name":"@sscc","@id":"https:\/\/www.padreeustaquio.com.br\/#\/schema\/person\/a2a51db1d00f1a7af0204a0f1ddb1566"},"headline":"Vice-postulador participa da abertura do 23\u00ba Encontro Nacional da 3\u00aa idade","datePublished":"2022-05-17T13:31:29+00:00","dateModified":"2022-05-17T13:51:32+00:00","mainEntityOfPage":{"@id":"https:\/\/www.padreeustaquio.com.br\/vice-postulador-participa-da-abertura-do-23o-encontro-nacional-da-3a-idade\/"},"wordCount":330,"commentCount":0,"publisher":{"@id":"https:\/\/www.padreeustaquio.com.br\/#organization"},"image":{"@id":"https:\/\/www.padreeustaquio.com.br\/vice-postulador-participa-da-abertura-do-23o-encontro-nacional-da-3a-idade\/#primaryimage"},"thumbnailUrl":"https:\/\/www.padreeustaquio.com.br\/wp-content\/uploads\/2022\/05\/dedo-de-prosa-e1652794529950.jpg","articleSection":["Not\u00edcias"],"inLanguage":"es","potentialAction":[{"@type":"CommentAction","name":"Comment","target":["https:\/\/www.padreeustaquio.com.br\/vice-postulador-participa-da-abertura-do-23o-encontro-nacional-da-3a-idade\/#respond"]}]},{"@type":"WebPage","@id":"https:\/\/www.padreeustaquio.com.br\/vice-postulador-participa-da-abertura-do-23o-encontro-nacional-da-3a-idade\/","url":"https:\/\/www.padreeustaquio.com.br\/vice-postulador-participa-da-abertura-do-23o-encontro-nacional-da-3a-idade\/","name":"Vicepostulador participa en la apertura del 23\u00ba Encuentro Nacional del Adulto Mayor.","isPartOf":{"@id":"https:\/\/www.padreeustaquio.com.br\/#website"},"primaryImageOfPage":{"@id":"https:\/\/www.padreeustaquio.com.br\/vice-postulador-participa-da-abertura-do-23o-encontro-nacional-da-3a-idade\/#primaryimage"},"image":{"@id":"https:\/\/www.padreeustaquio.com.br\/vice-postulador-participa-da-abertura-do-23o-encontro-nacional-da-3a-idade\/#primaryimage"},"thumbnailUrl":"https:\/\/www.padreeustaquio.com.br\/wp-content\/uploads\/2022\/05\/dedo-de-prosa-e1652794529950.jpg","datePublished":"2022-05-17T13:31:29+00:00","dateModified":"2022-05-17T13:51:32+00:00","description":"El 23.\u00ba Encuentro Nacional de Adultos Mayores, &quot;Dedo de Prosa&quot;, comenz\u00f3 anoche, 16 de mayo, en la ciudad de Po\u00e7os de Caldas, Minas Gerais. El evento, que se realiza dos veces al a\u00f1o, re\u00fane esta semana a casi mil adultos mayores para disfrutar de momentos de cultura, religi\u00f3n y ocio.","breadcrumb":{"@id":"https:\/\/www.padreeustaquio.com.br\/vice-postulador-participa-da-abertura-do-23o-encontro-nacional-da-3a-idade\/#breadcrumb"},"inLanguage":"es","potentialAction":[{"@type":"ReadAction","target":["https:\/\/www.padreeustaquio.com.br\/vice-postulador-participa-da-abertura-do-23o-encontro-nacional-da-3a-idade\/"]}]},{"@type":"ImageObject","inLanguage":"es","@id":"https:\/\/www.padreeustaquio.com.br\/vice-postulador-participa-da-abertura-do-23o-encontro-nacional-da-3a-idade\/#primaryimage","url":"https:\/\/www.padreeustaquio.com.br\/wp-content\/uploads\/2022\/05\/dedo-de-prosa-e1652794529950.jpg","contentUrl":"https:\/\/www.padreeustaquio.com.br\/wp-content\/uploads\/2022\/05\/dedo-de-prosa-e1652794529950.jpg","width":828,"height":503},{"@type":"BreadcrumbList","@id":"https:\/\/www.padreeustaquio.com.br\/vice-postulador-participa-da-abertura-do-23o-encontro-nacional-da-3a-idade\/#breadcrumb","itemListElement":[{"@type":"ListItem","position":1,"name":"In\u00edcio","item":"https:\/\/www.padreeustaquio.com.br\/"},{"@type":"ListItem","position":2,"name":"Vice-postulador participa da abertura do 23\u00ba Encontro Nacional da 3\u00aa idade"}]},{"@type":"WebSite","@id":"https:\/\/www.padreeustaquio.com.br\/#website","url":"https:\/\/www.padreeustaquio.com.br\/","name":"Padre Eustace","description":"Salud y Paz","publisher":{"@id":"https:\/\/www.padreeustaquio.com.br\/#organization"},"potentialAction":[{"@type":"SearchAction","target":{"@type":"EntryPoint","urlTemplate":"https:\/\/www.padreeustaquio.com.br\/?s={search_term_string}"},"query-input":{"@type":"PropertyValueSpecification","valueRequired":true,"valueName":"search_term_string"}}],"inLanguage":"es"},{"@type":"Organization","@id":"https:\/\/www.padreeustaquio.com.br\/#organization","name":"Padre Eustace","url":"https:\/\/www.padreeustaquio.com.br\/","logo":{"@type":"ImageObject","inLanguage":"es","@id":"https:\/\/www.padreeustaquio.com.br\/#\/schema\/logo\/image\/","url":"https:\/\/www.padreeustaquio.com.br\/wp-content\/uploads\/2019\/08\/marca.png","contentUrl":"https:\/\/www.padreeustaquio.com.br\/wp-content\/uploads\/2019\/08\/marca.png","width":350,"height":400,"caption":"Padre Eust\u00e1quio"},"image":{"@id":"https:\/\/www.padreeustaquio.com.br\/#\/schema\/logo\/image\/"},"sameAs":["https:\/\/www.facebook.com\/beatopadreeustaquio\/","https:\/\/x.com\/beatopeustaquio","https:\/\/www.instagram.com\/beatopadreeustaquio\/","https:\/\/www.youtube.com\/channel\/UCRhw7vfabnajwLxb1ZXMeIw"]},{"@type":"Person","@id":"https:\/\/www.padreeustaquio.com.br\/#\/schema\/person\/a2a51db1d00f1a7af0204a0f1ddb1566","name":"@sscc","image":{"@type":"ImageObject","inLanguage":"es","@id":"https:\/\/secure.gravatar.com\/avatar\/68cfafa5f44617fea54071e215026e0ff06be366c3d54a8425f04fdcb86f8c5f?s=96&d=mm&r=g","url":"https:\/\/secure.gravatar.com\/avatar\/68cfafa5f44617fea54071e215026e0ff06be366c3d54a8425f04fdcb86f8c5f?s=96&d=mm&r=g","contentUrl":"https:\/\/secure.gravatar.com\/avatar\/68cfafa5f44617fea54071e215026e0ff06be366c3d54a8425f04fdcb86f8c5f?s=96&d=mm&r=g","caption":"@sscc"},"url":"https:\/\/www.padreeustaquio.com.br\/es\/author\/sscc\/"}]}},"_links":{"self":[{"href":"https:\/\/www.padreeustaquio.com.br\/es\/wp-json\/wp\/v2\/posts\/8654","targetHints":{"allow":["GET"]}}],"collection":[{"href":"https:\/\/www.padreeustaquio.com.br\/es\/wp-json\/wp\/v2\/posts"}],"about":[{"href":"https:\/\/www.padreeustaquio.com.br\/es\/wp-json\/wp\/v2\/types\/post"}],"author":[{"embeddable":true,"href":"https:\/\/www.padreeustaquio.com.br\/es\/wp-json\/wp\/v2\/users\/2"}],"replies":[{"embeddable":true,"href":"https:\/\/www.padreeustaquio.com.br\/es\/wp-json\/wp\/v2\/comments?post=8654"}],"version-history":[{"count":0,"href":"https:\/\/www.padreeustaquio.com.br\/es\/wp-json\/wp\/v2\/posts\/8654\/revisions"}],"wp:featuredmedia":[{"embeddable":true,"href":"https:\/\/www.padreeustaquio.com.br\/es\/wp-json\/wp\/v2\/media\/8655"}],"wp:attachment":[{"href":"https:\/\/www.padreeustaquio.com.br\/es\/wp-json\/wp\/v2\/media?parent=8654"}],"wp:term":[{"taxonomy":"category","embeddable":true,"href":"https:\/\/www.padreeustaquio.com.br\/es\/wp-json\/wp\/v2\/categories?post=8654"},{"taxonomy":"post_tag","embeddable":true,"href":"https:\/\/www.padreeustaquio.com.br\/es\/wp-json\/wp\/v2\/tags?post=8654"}],"curies":[{"name":"wp","href":"https:\/\/api.w.org\/{rel}","templated":true}]}}