{"id":8634,"date":"2022-05-16T06:45:00","date_gmt":"2022-05-16T09:45:00","guid":{"rendered":"https:\/\/www.padreeustaquio.com.br\/?p=8634"},"modified":"2022-05-16T06:43:57","modified_gmt":"2022-05-16T09:43:57","slug":"palabras-del-padre-eustace-el-hombre-y-su-fin","status":"publish","type":"post","link":"https:\/\/www.padreeustaquio.com.br\/es\/palabras-del-padre-eustace-el-hombre-y-su-fin\/","title":{"rendered":"Una palabra del Padre Eust\u00e1quio: El hombre y su fin"},"content":{"rendered":"<p>Fuimos creados a imagen y semejanza del Se\u00f1or, y hay una raz\u00f3n para ello. Dios quiere que seamos sus hijos fieles y amados, sirviendo al pr\u00f3jimo en busca del Reino de los Cielos.<\/p>\n\n\n\n<p>Debemos practicar a diario lo que nos ense\u00f1a la Sagrada Escritura. Y el Padre Eustace lo vivi\u00f3 a lo largo de su vida. Sirvi\u00f3 y ayud\u00f3 a su pr\u00f3jimo, y nunca dej\u00f3 de llevar la Palabra de Dios y sus ense\u00f1anzas a la gente. En uno de sus escritos, el Beato habl\u00f3 sobre esto. Lea a continuaci\u00f3n:<\/p>\n\n\n\n<p><strong>El fin del hombre<\/strong><\/p>\n\n\n\n<p><em>Se\u00f1or, hazme conocer mi fin, para que sepa lo que me falta.<\/em>.<\/p>\n\n\n\n<p><em>Pong\u00e1monos en presencia de nuestro Dios, el creador que nos llam\u00f3 a la existencia, el Dios a quien adoramos en todo lugar y en todo tiempo, para estar presente en cada instante de la existencia \u2013pasado, presente y futuro\u2013, tanto aqu\u00ed como en otro lugar, pues, m\u00e1s que el ser mortal de nuestros cuerpos, \u00c9l nos rodea y nos envuelve con su presencia soberana, como sucede con las plantas, el sol, las estrellas, la luz, en fin, con todas las criaturas de la creaci\u00f3n, todas las cuales tienen un fin limitado y marcado, el ser dependientes del ser supremo.<\/em>.<\/p>\n\n\n\n<p><em>Dicho esto, preguntamos a Dios: Se\u00f1or, \u00bfcu\u00e1l es el fin que Su Majestad y Bondad le ha asignado al hombre? Y Dios nos manda aprender a practicar las palabras de la Sagrada Escritura: El hombre fue creado para alabar a Dios Nuestro Se\u00f1or, para rendirle reverencia y obediencia, y para servirle en cuerpo y alma a fin de alcanzar, al final, la salvaci\u00f3n eterna, deberes agradecidos, que son menos obligaciones y m\u00e1s atributos de nobleza, de privilegios propios del hombre.<\/em><\/p>\n\n\n\n<p><em>Pero \u00bfqu\u00e9 es el hombre? Entre todas las criaturas visibles, solo \u00e9l es racional, dotado de esa excelente facultad de la inteligencia, para conocer y discernir mediante el libre albedr\u00edo, para elegir con plena responsabilidad y consecuencias: el bien o el mal, la verdad o el error, la justicia o la iniquidad; en una palabra, \u00bfla Iglesia Cat\u00f3lica Apost\u00f3lica Romana, la \u00fanica instituci\u00f3n divina, o los diversos errores de tantas herej\u00edas y falsas intenciones humanas difundidas por la tierra?<\/em><\/p>\n\n\n\n<p><em>As\u00ed pues, entre todas las criaturas que salieron de manos divinas, \u00fanicamente por voluntad y capacidad exclusiva del Creador, en el acto de la creaci\u00f3n, el hombre fue el m\u00e1s noble y elevado, por sus atributos o facultades, y fue indudablemente creado; es decir, \u00c9l, el Se\u00f1or, nos form\u00f3 en Ad\u00e1n y Eva, tan cierto es que no nos hicimos a nosotros mismos, a pesar de todas las contradicciones y fantas\u00edas de los divulgadores de la ciencia pulp.<\/em>.<\/p>\n\n\n\n<p><em>Ahora bien, siendo el hombre hecho por Dios, cuya infinita sabidur\u00eda no puede hacer ni crear nada sin proponer inmediatamente un fin digno \u2013 este Dios de toda sabidur\u00eda no puede dejar de querer y exigir que su criatura racional cumpla su fin definido, ni puede permanecer indiferente en este punto, pues eso repugnar\u00eda a la sabidur\u00eda eterna, que es conservadora, y que, por tanto, para la misma defensa y supervivencia de la especie \u2013 sabe intervenir y constre\u00f1ir al hombre a cumplir su fin: alabar a Dios, rendirle reverencia y servirle con hechos y no s\u00f3lo con palabras.<\/em><\/p>\n\n\n\n<p><\/p>","protected":false},"excerpt":{"rendered":"<p>Fomos criados a imagem e semelhan\u00e7a do Senhor e tem um motivo pra isso. Deus quer que sejamos filhos fi\u00e9is e amados Dele, servindo o pr\u00f3ximo em busca de alcan\u00e7armos o Reino do C\u00e9u. Devemos praticar o que a Sagrada Escritura nos ensina diariamente. E Padre Eust\u00e1quio viveu isso em todos os momentos de sua vida. Ele serviu e ajudou o pr\u00f3ximo, e nunca deixou de levar a Palavra de Deus e os ensinamentos dela para o povo. Em um dos escritos do Bem-aventurado, ele falou sobre isso. Leia a seguir: O fim do homem Fazei-me, Senhor, conhecer o meu [&hellip;]<\/p>\n","protected":false},"author":2,"featured_media":8637,"comment_status":"open","ping_status":"closed","sticky":false,"template":"","format":"standard","meta":{"_acf_changed":false,"footnotes":""},"categories":[611,1],"tags":[],"class_list":["post-8634","post","type-post","status-publish","format-standard","has-post-thumbnail","hentry","category-noticias","category-sem-categoria"],"acf":[],"yoast_head":"<!-- This site is optimized with the Yoast SEO plugin v27.2 - https:\/\/yoast.com\/product\/yoast-seo-wordpress\/ -->\n<title>Palavra do Padre Eust\u00e1quio: O homem e seu fim<\/title>\n<meta name=\"description\" content=\"Devemos praticar o que a Sagrada Escritura nos ensina diariamente. E Padre Eust\u00e1quio viveu isso em todos os momentos de sua vida. Ele serviu e ajudou o pr\u00f3ximo, e nunca deixou de levar a Palavra de Deus e os ensinamentos dela para o povo. Em um dos escritos do Bem-aventurado, ele falou sobre isso.\" \/>\n<meta name=\"robots\" content=\"index, follow, max-snippet:-1, max-image-preview:large, max-video-preview:-1\" \/>\n<link rel=\"canonical\" href=\"https:\/\/www.padreeustaquio.com.br\/es\/palabras-del-padre-eustace-el-hombre-y-su-fin\/\" \/>\n<meta property=\"og:locale\" content=\"es_ES\" \/>\n<meta property=\"og:type\" content=\"article\" \/>\n<meta property=\"og:title\" content=\"Palavra do Padre Eust\u00e1quio: O homem e seu fim\" \/>\n<meta property=\"og:description\" content=\"Devemos praticar o que a Sagrada Escritura nos ensina diariamente. E Padre Eust\u00e1quio viveu isso em todos os momentos de sua vida. Ele serviu e ajudou o pr\u00f3ximo, e nunca deixou de levar a Palavra de Deus e os ensinamentos dela para o povo. Em um dos escritos do Bem-aventurado, ele falou sobre isso.\" \/>\n<meta property=\"og:url\" content=\"https:\/\/www.padreeustaquio.com.br\/es\/palabras-del-padre-eustace-el-hombre-y-su-fin\/\" \/>\n<meta property=\"og:site_name\" content=\"Padre Eust\u00e1quio\" \/>\n<meta property=\"article:publisher\" content=\"https:\/\/www.facebook.com\/beatopadreeustaquio\/\" \/>\n<meta property=\"article:published_time\" content=\"2022-05-16T09:45:00+00:00\" \/>\n<meta property=\"og:image\" content=\"https:\/\/www.padreeustaquio.com.br\/wp-content\/uploads\/2022\/05\/o-homem-e-seu-fim.jpg\" \/>\n\t<meta property=\"og:image:width\" content=\"748\" \/>\n\t<meta property=\"og:image:height\" content=\"394\" \/>\n\t<meta property=\"og:image:type\" content=\"image\/jpeg\" \/>\n<meta name=\"author\" content=\"@sscc\" \/>\n<meta name=\"twitter:card\" content=\"summary_large_image\" \/>\n<meta name=\"twitter:creator\" content=\"@beatopeustaquio\" \/>\n<meta name=\"twitter:site\" content=\"@beatopeustaquio\" \/>\n<meta name=\"twitter:label1\" content=\"Escrito por\" \/>\n\t<meta name=\"twitter:data1\" content=\"@sscc\" \/>\n\t<meta name=\"twitter:label2\" content=\"Tiempo de lectura\" \/>\n\t<meta name=\"twitter:data2\" content=\"3 minutos\" \/>\n<script type=\"application\/ld+json\" class=\"yoast-schema-graph\">{\"@context\":\"https:\/\/schema.org\",\"@graph\":[{\"@type\":\"Article\",\"@id\":\"https:\/\/www.padreeustaquio.com.br\/palavra-do-padre-eustaquio-o-homem-e-seu-fim\/#article\",\"isPartOf\":{\"@id\":\"https:\/\/www.padreeustaquio.com.br\/palavra-do-padre-eustaquio-o-homem-e-seu-fim\/\"},\"author\":{\"name\":\"@sscc\",\"@id\":\"https:\/\/www.padreeustaquio.com.br\/#\/schema\/person\/a2a51db1d00f1a7af0204a0f1ddb1566\"},\"headline\":\"Palavra do Padre Eust\u00e1quio: O homem e seu fim\",\"datePublished\":\"2022-05-16T09:45:00+00:00\",\"mainEntityOfPage\":{\"@id\":\"https:\/\/www.padreeustaquio.com.br\/palavra-do-padre-eustaquio-o-homem-e-seu-fim\/\"},\"wordCount\":572,\"commentCount\":0,\"publisher\":{\"@id\":\"https:\/\/www.padreeustaquio.com.br\/#organization\"},\"image\":{\"@id\":\"https:\/\/www.padreeustaquio.com.br\/palavra-do-padre-eustaquio-o-homem-e-seu-fim\/#primaryimage\"},\"thumbnailUrl\":\"https:\/\/www.padreeustaquio.com.br\/wp-content\/uploads\/2022\/05\/o-homem-e-seu-fim.jpg\",\"articleSection\":[\"Not\u00edcias\",\"Sem categoria\"],\"inLanguage\":\"es\",\"potentialAction\":[{\"@type\":\"CommentAction\",\"name\":\"Comment\",\"target\":[\"https:\/\/www.padreeustaquio.com.br\/palavra-do-padre-eustaquio-o-homem-e-seu-fim\/#respond\"]}]},{\"@type\":\"WebPage\",\"@id\":\"https:\/\/www.padreeustaquio.com.br\/palavra-do-padre-eustaquio-o-homem-e-seu-fim\/\",\"url\":\"https:\/\/www.padreeustaquio.com.br\/palavra-do-padre-eustaquio-o-homem-e-seu-fim\/\",\"name\":\"Palavra do Padre Eust\u00e1quio: O homem e seu fim\",\"isPartOf\":{\"@id\":\"https:\/\/www.padreeustaquio.com.br\/#website\"},\"primaryImageOfPage\":{\"@id\":\"https:\/\/www.padreeustaquio.com.br\/palavra-do-padre-eustaquio-o-homem-e-seu-fim\/#primaryimage\"},\"image\":{\"@id\":\"https:\/\/www.padreeustaquio.com.br\/palavra-do-padre-eustaquio-o-homem-e-seu-fim\/#primaryimage\"},\"thumbnailUrl\":\"https:\/\/www.padreeustaquio.com.br\/wp-content\/uploads\/2022\/05\/o-homem-e-seu-fim.jpg\",\"datePublished\":\"2022-05-16T09:45:00+00:00\",\"description\":\"Devemos praticar o que a Sagrada Escritura nos ensina diariamente. E Padre Eust\u00e1quio viveu isso em todos os momentos de sua vida. Ele serviu e ajudou o pr\u00f3ximo, e nunca deixou de levar a Palavra de Deus e os ensinamentos dela para o povo. Em um dos escritos do Bem-aventurado, ele falou sobre isso.\",\"breadcrumb\":{\"@id\":\"https:\/\/www.padreeustaquio.com.br\/palavra-do-padre-eustaquio-o-homem-e-seu-fim\/#breadcrumb\"},\"inLanguage\":\"es\",\"potentialAction\":[{\"@type\":\"ReadAction\",\"target\":[\"https:\/\/www.padreeustaquio.com.br\/palavra-do-padre-eustaquio-o-homem-e-seu-fim\/\"]}]},{\"@type\":\"ImageObject\",\"inLanguage\":\"es\",\"@id\":\"https:\/\/www.padreeustaquio.com.br\/palavra-do-padre-eustaquio-o-homem-e-seu-fim\/#primaryimage\",\"url\":\"https:\/\/www.padreeustaquio.com.br\/wp-content\/uploads\/2022\/05\/o-homem-e-seu-fim.jpg\",\"contentUrl\":\"https:\/\/www.padreeustaquio.com.br\/wp-content\/uploads\/2022\/05\/o-homem-e-seu-fim.jpg\",\"width\":748,\"height\":394},{\"@type\":\"BreadcrumbList\",\"@id\":\"https:\/\/www.padreeustaquio.com.br\/palavra-do-padre-eustaquio-o-homem-e-seu-fim\/#breadcrumb\",\"itemListElement\":[{\"@type\":\"ListItem\",\"position\":1,\"name\":\"In\u00edcio\",\"item\":\"https:\/\/www.padreeustaquio.com.br\/\"},{\"@type\":\"ListItem\",\"position\":2,\"name\":\"Palavra do Padre Eust\u00e1quio: O homem e seu fim\"}]},{\"@type\":\"WebSite\",\"@id\":\"https:\/\/www.padreeustaquio.com.br\/#website\",\"url\":\"https:\/\/www.padreeustaquio.com.br\/\",\"name\":\"Padre Eust\u00e1quio\",\"description\":\"Sa\u00fade e Paz\",\"publisher\":{\"@id\":\"https:\/\/www.padreeustaquio.com.br\/#organization\"},\"potentialAction\":[{\"@type\":\"SearchAction\",\"target\":{\"@type\":\"EntryPoint\",\"urlTemplate\":\"https:\/\/www.padreeustaquio.com.br\/?s={search_term_string}\"},\"query-input\":{\"@type\":\"PropertyValueSpecification\",\"valueRequired\":true,\"valueName\":\"search_term_string\"}}],\"inLanguage\":\"es\"},{\"@type\":\"Organization\",\"@id\":\"https:\/\/www.padreeustaquio.com.br\/#organization\",\"name\":\"Padre Eust\u00e1quio\",\"url\":\"https:\/\/www.padreeustaquio.com.br\/\",\"logo\":{\"@type\":\"ImageObject\",\"inLanguage\":\"es\",\"@id\":\"https:\/\/www.padreeustaquio.com.br\/#\/schema\/logo\/image\/\",\"url\":\"https:\/\/www.padreeustaquio.com.br\/wp-content\/uploads\/2019\/08\/marca.png\",\"contentUrl\":\"https:\/\/www.padreeustaquio.com.br\/wp-content\/uploads\/2019\/08\/marca.png\",\"width\":350,\"height\":400,\"caption\":\"Padre Eust\u00e1quio\"},\"image\":{\"@id\":\"https:\/\/www.padreeustaquio.com.br\/#\/schema\/logo\/image\/\"},\"sameAs\":[\"https:\/\/www.facebook.com\/beatopadreeustaquio\/\",\"https:\/\/x.com\/beatopeustaquio\",\"https:\/\/www.instagram.com\/beatopadreeustaquio\/\",\"https:\/\/www.youtube.com\/channel\/UCRhw7vfabnajwLxb1ZXMeIw\"]},{\"@type\":\"Person\",\"@id\":\"https:\/\/www.padreeustaquio.com.br\/#\/schema\/person\/a2a51db1d00f1a7af0204a0f1ddb1566\",\"name\":\"@sscc\",\"image\":{\"@type\":\"ImageObject\",\"inLanguage\":\"es\",\"@id\":\"https:\/\/secure.gravatar.com\/avatar\/68cfafa5f44617fea54071e215026e0ff06be366c3d54a8425f04fdcb86f8c5f?s=96&d=mm&r=g\",\"url\":\"https:\/\/secure.gravatar.com\/avatar\/68cfafa5f44617fea54071e215026e0ff06be366c3d54a8425f04fdcb86f8c5f?s=96&d=mm&r=g\",\"contentUrl\":\"https:\/\/secure.gravatar.com\/avatar\/68cfafa5f44617fea54071e215026e0ff06be366c3d54a8425f04fdcb86f8c5f?s=96&d=mm&r=g\",\"caption\":\"@sscc\"},\"url\":\"https:\/\/www.padreeustaquio.com.br\/es\/author\/sscc\/\"}]}<\/script>\n<!-- \/ Yoast SEO plugin. -->","yoast_head_json":{"title":"Una palabra del Padre Eust\u00e1quio: El hombre y su fin","description":"Debemos practicar a diario lo que nos ense\u00f1a la Sagrada Escritura. Y el Padre Eustaquio lo vivi\u00f3 a lo largo de su vida. Sirvi\u00f3 y ayud\u00f3 a su pr\u00f3jimo, y nunca dej\u00f3 de llevar la Palabra de Dios y sus ense\u00f1anzas a la gente. En uno de sus escritos, el Beato habl\u00f3 de esto.","robots":{"index":"index","follow":"follow","max-snippet":"max-snippet:-1","max-image-preview":"max-image-preview:large","max-video-preview":"max-video-preview:-1"},"canonical":"https:\/\/www.padreeustaquio.com.br\/es\/palabras-del-padre-eustace-el-hombre-y-su-fin\/","og_locale":"es_ES","og_type":"article","og_title":"Palavra do Padre Eust\u00e1quio: O homem e seu fim","og_description":"Devemos praticar o que a Sagrada Escritura nos ensina diariamente. E Padre Eust\u00e1quio viveu isso em todos os momentos de sua vida. Ele serviu e ajudou o pr\u00f3ximo, e nunca deixou de levar a Palavra de Deus e os ensinamentos dela para o povo. Em um dos escritos do Bem-aventurado, ele falou sobre isso.","og_url":"https:\/\/www.padreeustaquio.com.br\/es\/palabras-del-padre-eustace-el-hombre-y-su-fin\/","og_site_name":"Padre Eust\u00e1quio","article_publisher":"https:\/\/www.facebook.com\/beatopadreeustaquio\/","article_published_time":"2022-05-16T09:45:00+00:00","og_image":[{"width":748,"height":394,"url":"https:\/\/www.padreeustaquio.com.br\/wp-content\/uploads\/2022\/05\/o-homem-e-seu-fim.jpg","type":"image\/jpeg"}],"author":"@sscc","twitter_card":"summary_large_image","twitter_creator":"@beatopeustaquio","twitter_site":"@beatopeustaquio","twitter_misc":{"Escrito por":"@sscc","Tiempo de lectura":"3 minutos"},"schema":{"@context":"https:\/\/schema.org","@graph":[{"@type":"Article","@id":"https:\/\/www.padreeustaquio.com.br\/palavra-do-padre-eustaquio-o-homem-e-seu-fim\/#article","isPartOf":{"@id":"https:\/\/www.padreeustaquio.com.br\/palavra-do-padre-eustaquio-o-homem-e-seu-fim\/"},"author":{"name":"@sscc","@id":"https:\/\/www.padreeustaquio.com.br\/#\/schema\/person\/a2a51db1d00f1a7af0204a0f1ddb1566"},"headline":"Palavra do Padre Eust\u00e1quio: O homem e seu fim","datePublished":"2022-05-16T09:45:00+00:00","mainEntityOfPage":{"@id":"https:\/\/www.padreeustaquio.com.br\/palavra-do-padre-eustaquio-o-homem-e-seu-fim\/"},"wordCount":572,"commentCount":0,"publisher":{"@id":"https:\/\/www.padreeustaquio.com.br\/#organization"},"image":{"@id":"https:\/\/www.padreeustaquio.com.br\/palavra-do-padre-eustaquio-o-homem-e-seu-fim\/#primaryimage"},"thumbnailUrl":"https:\/\/www.padreeustaquio.com.br\/wp-content\/uploads\/2022\/05\/o-homem-e-seu-fim.jpg","articleSection":["Not\u00edcias","Sem categoria"],"inLanguage":"es","potentialAction":[{"@type":"CommentAction","name":"Comment","target":["https:\/\/www.padreeustaquio.com.br\/palavra-do-padre-eustaquio-o-homem-e-seu-fim\/#respond"]}]},{"@type":"WebPage","@id":"https:\/\/www.padreeustaquio.com.br\/palavra-do-padre-eustaquio-o-homem-e-seu-fim\/","url":"https:\/\/www.padreeustaquio.com.br\/palavra-do-padre-eustaquio-o-homem-e-seu-fim\/","name":"Una palabra del Padre Eust\u00e1quio: El hombre y su fin","isPartOf":{"@id":"https:\/\/www.padreeustaquio.com.br\/#website"},"primaryImageOfPage":{"@id":"https:\/\/www.padreeustaquio.com.br\/palavra-do-padre-eustaquio-o-homem-e-seu-fim\/#primaryimage"},"image":{"@id":"https:\/\/www.padreeustaquio.com.br\/palavra-do-padre-eustaquio-o-homem-e-seu-fim\/#primaryimage"},"thumbnailUrl":"https:\/\/www.padreeustaquio.com.br\/wp-content\/uploads\/2022\/05\/o-homem-e-seu-fim.jpg","datePublished":"2022-05-16T09:45:00+00:00","description":"Debemos practicar a diario lo que nos ense\u00f1a la Sagrada Escritura. Y el Padre Eustaquio lo vivi\u00f3 a lo largo de su vida. Sirvi\u00f3 y ayud\u00f3 a su pr\u00f3jimo, y nunca dej\u00f3 de llevar la Palabra de Dios y sus ense\u00f1anzas a la gente. En uno de sus escritos, el Beato habl\u00f3 de esto.","breadcrumb":{"@id":"https:\/\/www.padreeustaquio.com.br\/palavra-do-padre-eustaquio-o-homem-e-seu-fim\/#breadcrumb"},"inLanguage":"es","potentialAction":[{"@type":"ReadAction","target":["https:\/\/www.padreeustaquio.com.br\/palavra-do-padre-eustaquio-o-homem-e-seu-fim\/"]}]},{"@type":"ImageObject","inLanguage":"es","@id":"https:\/\/www.padreeustaquio.com.br\/palavra-do-padre-eustaquio-o-homem-e-seu-fim\/#primaryimage","url":"https:\/\/www.padreeustaquio.com.br\/wp-content\/uploads\/2022\/05\/o-homem-e-seu-fim.jpg","contentUrl":"https:\/\/www.padreeustaquio.com.br\/wp-content\/uploads\/2022\/05\/o-homem-e-seu-fim.jpg","width":748,"height":394},{"@type":"BreadcrumbList","@id":"https:\/\/www.padreeustaquio.com.br\/palavra-do-padre-eustaquio-o-homem-e-seu-fim\/#breadcrumb","itemListElement":[{"@type":"ListItem","position":1,"name":"In\u00edcio","item":"https:\/\/www.padreeustaquio.com.br\/"},{"@type":"ListItem","position":2,"name":"Palavra do Padre Eust\u00e1quio: O homem e seu fim"}]},{"@type":"WebSite","@id":"https:\/\/www.padreeustaquio.com.br\/#website","url":"https:\/\/www.padreeustaquio.com.br\/","name":"Padre Eustace","description":"Salud y Paz","publisher":{"@id":"https:\/\/www.padreeustaquio.com.br\/#organization"},"potentialAction":[{"@type":"SearchAction","target":{"@type":"EntryPoint","urlTemplate":"https:\/\/www.padreeustaquio.com.br\/?s={search_term_string}"},"query-input":{"@type":"PropertyValueSpecification","valueRequired":true,"valueName":"search_term_string"}}],"inLanguage":"es"},{"@type":"Organization","@id":"https:\/\/www.padreeustaquio.com.br\/#organization","name":"Padre Eustace","url":"https:\/\/www.padreeustaquio.com.br\/","logo":{"@type":"ImageObject","inLanguage":"es","@id":"https:\/\/www.padreeustaquio.com.br\/#\/schema\/logo\/image\/","url":"https:\/\/www.padreeustaquio.com.br\/wp-content\/uploads\/2019\/08\/marca.png","contentUrl":"https:\/\/www.padreeustaquio.com.br\/wp-content\/uploads\/2019\/08\/marca.png","width":350,"height":400,"caption":"Padre Eust\u00e1quio"},"image":{"@id":"https:\/\/www.padreeustaquio.com.br\/#\/schema\/logo\/image\/"},"sameAs":["https:\/\/www.facebook.com\/beatopadreeustaquio\/","https:\/\/x.com\/beatopeustaquio","https:\/\/www.instagram.com\/beatopadreeustaquio\/","https:\/\/www.youtube.com\/channel\/UCRhw7vfabnajwLxb1ZXMeIw"]},{"@type":"Person","@id":"https:\/\/www.padreeustaquio.com.br\/#\/schema\/person\/a2a51db1d00f1a7af0204a0f1ddb1566","name":"@sscc","image":{"@type":"ImageObject","inLanguage":"es","@id":"https:\/\/secure.gravatar.com\/avatar\/68cfafa5f44617fea54071e215026e0ff06be366c3d54a8425f04fdcb86f8c5f?s=96&d=mm&r=g","url":"https:\/\/secure.gravatar.com\/avatar\/68cfafa5f44617fea54071e215026e0ff06be366c3d54a8425f04fdcb86f8c5f?s=96&d=mm&r=g","contentUrl":"https:\/\/secure.gravatar.com\/avatar\/68cfafa5f44617fea54071e215026e0ff06be366c3d54a8425f04fdcb86f8c5f?s=96&d=mm&r=g","caption":"@sscc"},"url":"https:\/\/www.padreeustaquio.com.br\/es\/author\/sscc\/"}]}},"_links":{"self":[{"href":"https:\/\/www.padreeustaquio.com.br\/es\/wp-json\/wp\/v2\/posts\/8634","targetHints":{"allow":["GET"]}}],"collection":[{"href":"https:\/\/www.padreeustaquio.com.br\/es\/wp-json\/wp\/v2\/posts"}],"about":[{"href":"https:\/\/www.padreeustaquio.com.br\/es\/wp-json\/wp\/v2\/types\/post"}],"author":[{"embeddable":true,"href":"https:\/\/www.padreeustaquio.com.br\/es\/wp-json\/wp\/v2\/users\/2"}],"replies":[{"embeddable":true,"href":"https:\/\/www.padreeustaquio.com.br\/es\/wp-json\/wp\/v2\/comments?post=8634"}],"version-history":[{"count":0,"href":"https:\/\/www.padreeustaquio.com.br\/es\/wp-json\/wp\/v2\/posts\/8634\/revisions"}],"wp:featuredmedia":[{"embeddable":true,"href":"https:\/\/www.padreeustaquio.com.br\/es\/wp-json\/wp\/v2\/media\/8637"}],"wp:attachment":[{"href":"https:\/\/www.padreeustaquio.com.br\/es\/wp-json\/wp\/v2\/media?parent=8634"}],"wp:term":[{"taxonomy":"category","embeddable":true,"href":"https:\/\/www.padreeustaquio.com.br\/es\/wp-json\/wp\/v2\/categories?post=8634"},{"taxonomy":"post_tag","embeddable":true,"href":"https:\/\/www.padreeustaquio.com.br\/es\/wp-json\/wp\/v2\/tags?post=8634"}],"curies":[{"name":"wp","href":"https:\/\/api.w.org\/{rel}","templated":true}]}}